{"id":14679,"date":"2021-01-27T15:52:08","date_gmt":"2021-01-27T15:52:08","guid":{"rendered":"http:\/\/www.reciplasa.es\/?p=14679\/"},"modified":"2021-01-28T09:43:04","modified_gmt":"2021-01-28T09:43:04","slug":"onda-y-reciplasa-abren-dialogo-para-solucionar-la-compra-del-terreno-municipal-que-alberga-el-vertedero-colmatado","status":"publish","type":"post","link":"https:\/\/www.reciplasa.es\/va\/onda-y-reciplasa-abren-dialogo-para-solucionar-la-compra-del-terreno-municipal-que-alberga-el-vertedero-colmatado\/","title":{"rendered":"Onda i Reciplasa obrin di\u00e0leg per a solucionar la compra del terreny municipal que alberga l&#8217;abocador reblit"},"content":{"rendered":"<h6><em><span style=\"font-weight: 400;\"> Ignasi Garcia s&#8217;ha reunit amb l&#8217;alcaldessa i manifesta la seua satisfacci\u00f3 pels avan\u00e7os obtinguts que \u201chan encarat el cam\u00ed per a una soluci\u00f3 en un breu espai de temps\u201d <\/span><\/em><\/h6>\n<p class=\"p1\">L&#8217;alcaldessa d&#8217;Onda, Carmina Ballester, i el president de Reciplasa, Ignaci Garcia, han mantingut aquest mat\u00ed una reuni\u00f3 a l&#8217;Ajuntament de la localitat ondera per a tractar de solucionar el problema amb els terrenys municipals, contigus a la planta de reciclatge, que porten reblits de fem des de 2014 i que l&#8217;empresa p\u00fablica encara no ha adquirit per\u00f2 s&#8217;encarrega del manteniment. Garcia explica que \u201cestem molt satisfets amb aquest primer contacte que s&#8217;ha dut a terme despr\u00e9s de quatre intents i que pensem que pot servir per a encarar el cam\u00ed a una soluci\u00f3 en un breu espai de temps\u201d.<\/p>\n<p class=\"p1\">En la reuni\u00f3 tamb\u00e9 han participat els vicepresidents de Reciplasa, Salvador Aguilella i Merche Gal\u00ed, a m\u00e9s del director t\u00e8cnic, Fernando Albarr\u00e1n i Ballester i Garcia han fet un pas avant per a acostar postures i arribar a un acord de compravenda, ja que entre les comeses de Reciplasa es troba no sols el tractament dels residus a la seua arribada a la planta si no la cust\u00f2dia d&#8217;aquests durant el temps posterior a aquest tractament perqu\u00e8 no afecten el medi ambient\u201d explica el president de Reciplasa que afig que \u201cla nostra intenci\u00f3 sempre ha sigut adquirir aquests terrenys i fer-ho per un preu just per a la localitat d&#8217;Onda i per a l&#8217;empresa p\u00fablica\u201d.<\/p>\n<p>Finalment, Ignasi Garcia ha valorat tamb\u00e9 de manera positiva que l&#8217;alcaldessa d&#8217;Onda veja amb bons ulls les millores que es duran a terme en la planta de tractament de residus que hi ha en la localitat en la qual es \u201cinvertiran al voltant de 40 milions d&#8217;euros per a adaptar-la als est\u00e0ndards europeus de sostenibilitat i acostar-la al model de tractament m\u00e9s modern i efica\u00e7, que evitar\u00e0 que arribe tants residus rebutjats a l&#8217;abocador i reduir\u00e0 els costos econ\u00f2mics i ecol\u00f2gics del tractament de fem de la zona centre de la prov\u00edncia de Castell\u00f3\u201d.<\/p>\n","protected":false},"excerpt":{"rendered":"<p>Ignasi Garcia s&#8217;ha reunit amb l&#8217;alcaldessa i manifesta la seua satisfacci\u00f3 pels avan\u00e7os obtinguts que \u201chan encarat el cam\u00ed per a una soluci\u00f3 en un breu espai de temps\u201d L&#8217;alcaldessa d&#8217;Onda, Carmina Ballester, i el president de Reciplasa, Ignaci Garcia, han mantingut aquest mat\u00ed una reuni\u00f3 a l&#8217;Ajuntament de la localitat ondera per a tractarDale que hay m\u00e1s &#8230;<\/p>\n","protected":false},"author":3,"featured_media":14680,"comment_status":"closed","ping_status":"closed","sticky":false,"template":"","format":"standard","meta":{"footnotes":""},"categories":[87],"tags":[],"class_list":["post-14679","post","type-post","status-publish","format-standard","has-post-thumbnail","hentry","category-noticies-corporatives"],"yoast_head":"<!-- This site is optimized with the Yoast SEO plugin v27.4 - https:\/\/yoast.com\/product\/yoast-seo-wordpress\/ -->\n<title>Onda i Reciplasa obrin di\u00e0leg per a solucionar la compra del terreny municipal que alberga l&#039;abocador reblit - RECIPLASA<\/title>\n<meta name=\"description\" content=\"Garcia explica que \u201cestem molt satisfets amb aquest primer contacte que s&#039;ha dut a terme despr\u00e9s de quatre intents i que pensem que pot servir per a encarar el cam\u00ed a una soluci\u00f3 en un breu espai de temps\u201d.\" \/>\n<meta name=\"robots\" content=\"index, follow, max-snippet:-1, max-image-preview:large, max-video-preview:-1\" \/>\n<link rel=\"canonical\" href=\"https:\/\/www.reciplasa.es\/onda-y-reciplasa-abren-dialogo-para-solucionar-la-compra-del-terreno-municipal-que-alberga-el-vertedero-colmatado\/\" \/>\n<meta property=\"og:locale\" content=\"en_US\" \/>\n<meta property=\"og:type\" content=\"article\" \/>\n<meta property=\"og:title\" content=\"Onda i Reciplasa obrin di\u00e0leg per a solucionar la compra del terreny municipal que alberga l&#039;abocador reblit - RECIPLASA\" \/>\n<meta property=\"og:description\" content=\"Garcia explica que \u201cestem molt satisfets amb aquest primer contacte que s&#039;ha dut a terme despr\u00e9s de quatre intents i que pensem que pot servir per a encarar el cam\u00ed a una soluci\u00f3 en un breu espai de temps\u201d.\" \/>\n<meta property=\"og:url\" content=\"https:\/\/www.reciplasa.es\/onda-y-reciplasa-abren-dialogo-para-solucionar-la-compra-del-terreno-municipal-que-alberga-el-vertedero-colmatado\/\" \/>\n<meta property=\"og:site_name\" content=\"RECIPLASA\" \/>\n<meta property=\"article:published_time\" content=\"2021-01-27T15:52:08+00:00\" \/>\n<meta property=\"article:modified_time\" content=\"2021-01-28T09:43:04+00:00\" \/>\n<meta property=\"og:image\" content=\"https:\/\/www.reciplasa.es\/wp-content\/uploads\/2021\/01\/Reunioe\u030c-alcaldessa-dOnda-scaled.jpg\" \/>\n\t<meta property=\"og:image:width\" content=\"2560\" \/>\n\t<meta property=\"og:image:height\" content=\"1711\" \/>\n\t<meta property=\"og:image:type\" content=\"image\/jpeg\" \/>\n<meta name=\"author\" content=\"Cristina Marco\" \/>\n<meta name=\"twitter:card\" content=\"summary_large_image\" \/>\n<meta name=\"twitter:label1\" content=\"Written by\" \/>\n\t<meta name=\"twitter:data1\" content=\"Cristina Marco\" \/>\n\t<meta name=\"twitter:label2\" content=\"Est. reading time\" \/>\n\t<meta name=\"twitter:data2\" content=\"2 minutes\" \/>\n<script type=\"application\/ld+json\" class=\"yoast-schema-graph\">{\"@context\":\"https:\\\/\\\/schema.org\",\"@graph\":[{\"@type\":\"Article\",\"@id\":\"https:\\\/\\\/www.reciplasa.es\\\/onda-y-reciplasa-abren-dialogo-para-solucionar-la-compra-del-terreno-municipal-que-alberga-el-vertedero-colmatado\\\/#article\",\"isPartOf\":{\"@id\":\"https:\\\/\\\/www.reciplasa.es\\\/onda-y-reciplasa-abren-dialogo-para-solucionar-la-compra-del-terreno-municipal-que-alberga-el-vertedero-colmatado\\\/\"},\"author\":{\"name\":\"Cristina Marco\",\"@id\":\"https:\\\/\\\/www.reciplasa.es\\\/#\\\/schema\\\/person\\\/608ffc094e3c56d49e6c6ec8f1ea0e82\"},\"headline\":\"Onda i Reciplasa obrin di\u00e0leg per a solucionar la compra del terreny municipal que alberga l&#8217;abocador reblit\",\"datePublished\":\"2021-01-27T15:52:08+00:00\",\"dateModified\":\"2021-01-28T09:43:04+00:00\",\"mainEntityOfPage\":{\"@id\":\"https:\\\/\\\/www.reciplasa.es\\\/onda-y-reciplasa-abren-dialogo-para-solucionar-la-compra-del-terreno-municipal-que-alberga-el-vertedero-colmatado\\\/\"},\"wordCount\":382,\"image\":{\"@id\":\"https:\\\/\\\/www.reciplasa.es\\\/onda-y-reciplasa-abren-dialogo-para-solucionar-la-compra-del-terreno-municipal-que-alberga-el-vertedero-colmatado\\\/#primaryimage\"},\"thumbnailUrl\":\"https:\\\/\\\/www.reciplasa.es\\\/wp-content\\\/uploads\\\/2021\\\/01\\\/Reunioe\u030c-alcaldessa-dOnda-scaled.jpg\",\"articleSection\":[\"Not\u00edcies corporatives\"],\"inLanguage\":\"va-VA\"},{\"@type\":\"WebPage\",\"@id\":\"https:\\\/\\\/www.reciplasa.es\\\/onda-y-reciplasa-abren-dialogo-para-solucionar-la-compra-del-terreno-municipal-que-alberga-el-vertedero-colmatado\\\/\",\"url\":\"https:\\\/\\\/www.reciplasa.es\\\/onda-y-reciplasa-abren-dialogo-para-solucionar-la-compra-del-terreno-municipal-que-alberga-el-vertedero-colmatado\\\/\",\"name\":\"Onda i Reciplasa obrin di\u00e0leg per a solucionar la compra del terreny municipal que alberga l'abocador reblit - RECIPLASA\",\"isPartOf\":{\"@id\":\"https:\\\/\\\/www.reciplasa.es\\\/#website\"},\"primaryImageOfPage\":{\"@id\":\"https:\\\/\\\/www.reciplasa.es\\\/onda-y-reciplasa-abren-dialogo-para-solucionar-la-compra-del-terreno-municipal-que-alberga-el-vertedero-colmatado\\\/#primaryimage\"},\"image\":{\"@id\":\"https:\\\/\\\/www.reciplasa.es\\\/onda-y-reciplasa-abren-dialogo-para-solucionar-la-compra-del-terreno-municipal-que-alberga-el-vertedero-colmatado\\\/#primaryimage\"},\"thumbnailUrl\":\"https:\\\/\\\/www.reciplasa.es\\\/wp-content\\\/uploads\\\/2021\\\/01\\\/Reunioe\u030c-alcaldessa-dOnda-scaled.jpg\",\"datePublished\":\"2021-01-27T15:52:08+00:00\",\"dateModified\":\"2021-01-28T09:43:04+00:00\",\"author\":{\"@id\":\"https:\\\/\\\/www.reciplasa.es\\\/#\\\/schema\\\/person\\\/608ffc094e3c56d49e6c6ec8f1ea0e82\"},\"description\":\"Garcia explica que \u201cestem molt satisfets amb aquest primer contacte que s'ha dut a terme despr\u00e9s de quatre intents i que pensem que pot servir per a encarar el cam\u00ed a una soluci\u00f3 en un breu espai de temps\u201d.\",\"breadcrumb\":{\"@id\":\"https:\\\/\\\/www.reciplasa.es\\\/onda-y-reciplasa-abren-dialogo-para-solucionar-la-compra-del-terreno-municipal-que-alberga-el-vertedero-colmatado\\\/#breadcrumb\"},\"inLanguage\":\"va-VA\",\"potentialAction\":[{\"@type\":\"ReadAction\",\"target\":[\"https:\\\/\\\/www.reciplasa.es\\\/onda-y-reciplasa-abren-dialogo-para-solucionar-la-compra-del-terreno-municipal-que-alberga-el-vertedero-colmatado\\\/\"]}]},{\"@type\":\"ImageObject\",\"inLanguage\":\"va-VA\",\"@id\":\"https:\\\/\\\/www.reciplasa.es\\\/onda-y-reciplasa-abren-dialogo-para-solucionar-la-compra-del-terreno-municipal-que-alberga-el-vertedero-colmatado\\\/#primaryimage\",\"url\":\"https:\\\/\\\/www.reciplasa.es\\\/wp-content\\\/uploads\\\/2021\\\/01\\\/Reunioe\u030c-alcaldessa-dOnda-scaled.jpg\",\"contentUrl\":\"https:\\\/\\\/www.reciplasa.es\\\/wp-content\\\/uploads\\\/2021\\\/01\\\/Reunioe\u030c-alcaldessa-dOnda-scaled.jpg\",\"width\":2560,\"height\":1711,\"caption\":\"reunion de reciplasa y onda terrenys municipals\"},{\"@type\":\"BreadcrumbList\",\"@id\":\"https:\\\/\\\/www.reciplasa.es\\\/onda-y-reciplasa-abren-dialogo-para-solucionar-la-compra-del-terreno-municipal-que-alberga-el-vertedero-colmatado\\\/#breadcrumb\",\"itemListElement\":[{\"@type\":\"ListItem\",\"position\":1,\"name\":\"Portada\",\"item\":\"https:\\\/\\\/www.reciplasa.es\\\/va\\\/\"},{\"@type\":\"ListItem\",\"position\":2,\"name\":\"Onda i Reciplasa obrin di\u00e0leg per a solucionar la compra del terreny municipal que alberga l&#8217;abocador reblit\"}]},{\"@type\":\"WebSite\",\"@id\":\"https:\\\/\\\/www.reciplasa.es\\\/#website\",\"url\":\"https:\\\/\\\/www.reciplasa.es\\\/\",\"name\":\"RECIPLASA\",\"description\":\"Reciclats de Residus La Plana SA\",\"potentialAction\":[{\"@type\":\"SearchAction\",\"target\":{\"@type\":\"EntryPoint\",\"urlTemplate\":\"https:\\\/\\\/www.reciplasa.es\\\/?s={search_term_string}\"},\"query-input\":{\"@type\":\"PropertyValueSpecification\",\"valueRequired\":true,\"valueName\":\"search_term_string\"}}],\"inLanguage\":\"va-VA\"},{\"@type\":\"Person\",\"@id\":\"https:\\\/\\\/www.reciplasa.es\\\/#\\\/schema\\\/person\\\/608ffc094e3c56d49e6c6ec8f1ea0e82\",\"name\":\"Cristina Marco\",\"image\":{\"@type\":\"ImageObject\",\"inLanguage\":\"va-VA\",\"@id\":\"https:\\\/\\\/secure.gravatar.com\\\/avatar\\\/6da7e00dc41d26d3c4245f3b2d70d687293df0dfc18f03719354383f7be4f34b?s=96&d=mm&r=g\",\"url\":\"https:\\\/\\\/secure.gravatar.com\\\/avatar\\\/6da7e00dc41d26d3c4245f3b2d70d687293df0dfc18f03719354383f7be4f34b?s=96&d=mm&r=g\",\"contentUrl\":\"https:\\\/\\\/secure.gravatar.com\\\/avatar\\\/6da7e00dc41d26d3c4245f3b2d70d687293df0dfc18f03719354383f7be4f34b?s=96&d=mm&r=g\",\"caption\":\"Cristina Marco\"},\"url\":\"https:\\\/\\\/www.reciplasa.es\\\/va\\\/author\\\/cristina\\\/\"}]}<\/script>\n<!-- \/ Yoast SEO plugin. -->","yoast_head_json":{"title":"Onda i Reciplasa obrin di\u00e0leg per a solucionar la compra del terreny municipal que alberga l'abocador reblit - RECIPLASA","description":"Garcia explica que \u201cestem molt satisfets amb aquest primer contacte que s'ha dut a terme despr\u00e9s de quatre intents i que pensem que pot servir per a encarar el cam\u00ed a una soluci\u00f3 en un breu espai de temps\u201d.","robots":{"index":"index","follow":"follow","max-snippet":"max-snippet:-1","max-image-preview":"max-image-preview:large","max-video-preview":"max-video-preview:-1"},"canonical":"https:\/\/www.reciplasa.es\/onda-y-reciplasa-abren-dialogo-para-solucionar-la-compra-del-terreno-municipal-que-alberga-el-vertedero-colmatado\/","og_locale":"en_US","og_type":"article","og_title":"Onda i Reciplasa obrin di\u00e0leg per a solucionar la compra del terreny municipal que alberga l'abocador reblit - RECIPLASA","og_description":"Garcia explica que \u201cestem molt satisfets amb aquest primer contacte que s'ha dut a terme despr\u00e9s de quatre intents i que pensem que pot servir per a encarar el cam\u00ed a una soluci\u00f3 en un breu espai de temps\u201d.","og_url":"https:\/\/www.reciplasa.es\/onda-y-reciplasa-abren-dialogo-para-solucionar-la-compra-del-terreno-municipal-que-alberga-el-vertedero-colmatado\/","og_site_name":"RECIPLASA","article_published_time":"2021-01-27T15:52:08+00:00","article_modified_time":"2021-01-28T09:43:04+00:00","og_image":[{"width":2560,"height":1711,"url":"https:\/\/www.reciplasa.es\/wp-content\/uploads\/2021\/01\/Reunioe\u030c-alcaldessa-dOnda-scaled.jpg","type":"image\/jpeg"}],"author":"Cristina Marco","twitter_card":"summary_large_image","twitter_misc":{"Written by":"Cristina Marco","Est. reading time":"2 minutes"},"schema":{"@context":"https:\/\/schema.org","@graph":[{"@type":"Article","@id":"https:\/\/www.reciplasa.es\/onda-y-reciplasa-abren-dialogo-para-solucionar-la-compra-del-terreno-municipal-que-alberga-el-vertedero-colmatado\/#article","isPartOf":{"@id":"https:\/\/www.reciplasa.es\/onda-y-reciplasa-abren-dialogo-para-solucionar-la-compra-del-terreno-municipal-que-alberga-el-vertedero-colmatado\/"},"author":{"name":"Cristina Marco","@id":"https:\/\/www.reciplasa.es\/#\/schema\/person\/608ffc094e3c56d49e6c6ec8f1ea0e82"},"headline":"Onda i Reciplasa obrin di\u00e0leg per a solucionar la compra del terreny municipal que alberga l&#8217;abocador reblit","datePublished":"2021-01-27T15:52:08+00:00","dateModified":"2021-01-28T09:43:04+00:00","mainEntityOfPage":{"@id":"https:\/\/www.reciplasa.es\/onda-y-reciplasa-abren-dialogo-para-solucionar-la-compra-del-terreno-municipal-que-alberga-el-vertedero-colmatado\/"},"wordCount":382,"image":{"@id":"https:\/\/www.reciplasa.es\/onda-y-reciplasa-abren-dialogo-para-solucionar-la-compra-del-terreno-municipal-que-alberga-el-vertedero-colmatado\/#primaryimage"},"thumbnailUrl":"https:\/\/www.reciplasa.es\/wp-content\/uploads\/2021\/01\/Reunioe\u030c-alcaldessa-dOnda-scaled.jpg","articleSection":["Not\u00edcies corporatives"],"inLanguage":"va-VA"},{"@type":"WebPage","@id":"https:\/\/www.reciplasa.es\/onda-y-reciplasa-abren-dialogo-para-solucionar-la-compra-del-terreno-municipal-que-alberga-el-vertedero-colmatado\/","url":"https:\/\/www.reciplasa.es\/onda-y-reciplasa-abren-dialogo-para-solucionar-la-compra-del-terreno-municipal-que-alberga-el-vertedero-colmatado\/","name":"Onda i Reciplasa obrin di\u00e0leg per a solucionar la compra del terreny municipal que alberga l'abocador reblit - RECIPLASA","isPartOf":{"@id":"https:\/\/www.reciplasa.es\/#website"},"primaryImageOfPage":{"@id":"https:\/\/www.reciplasa.es\/onda-y-reciplasa-abren-dialogo-para-solucionar-la-compra-del-terreno-municipal-que-alberga-el-vertedero-colmatado\/#primaryimage"},"image":{"@id":"https:\/\/www.reciplasa.es\/onda-y-reciplasa-abren-dialogo-para-solucionar-la-compra-del-terreno-municipal-que-alberga-el-vertedero-colmatado\/#primaryimage"},"thumbnailUrl":"https:\/\/www.reciplasa.es\/wp-content\/uploads\/2021\/01\/Reunioe\u030c-alcaldessa-dOnda-scaled.jpg","datePublished":"2021-01-27T15:52:08+00:00","dateModified":"2021-01-28T09:43:04+00:00","author":{"@id":"https:\/\/www.reciplasa.es\/#\/schema\/person\/608ffc094e3c56d49e6c6ec8f1ea0e82"},"description":"Garcia explica que \u201cestem molt satisfets amb aquest primer contacte que s'ha dut a terme despr\u00e9s de quatre intents i que pensem que pot servir per a encarar el cam\u00ed a una soluci\u00f3 en un breu espai de temps\u201d.","breadcrumb":{"@id":"https:\/\/www.reciplasa.es\/onda-y-reciplasa-abren-dialogo-para-solucionar-la-compra-del-terreno-municipal-que-alberga-el-vertedero-colmatado\/#breadcrumb"},"inLanguage":"va-VA","potentialAction":[{"@type":"ReadAction","target":["https:\/\/www.reciplasa.es\/onda-y-reciplasa-abren-dialogo-para-solucionar-la-compra-del-terreno-municipal-que-alberga-el-vertedero-colmatado\/"]}]},{"@type":"ImageObject","inLanguage":"va-VA","@id":"https:\/\/www.reciplasa.es\/onda-y-reciplasa-abren-dialogo-para-solucionar-la-compra-del-terreno-municipal-que-alberga-el-vertedero-colmatado\/#primaryimage","url":"https:\/\/www.reciplasa.es\/wp-content\/uploads\/2021\/01\/Reunioe\u030c-alcaldessa-dOnda-scaled.jpg","contentUrl":"https:\/\/www.reciplasa.es\/wp-content\/uploads\/2021\/01\/Reunioe\u030c-alcaldessa-dOnda-scaled.jpg","width":2560,"height":1711,"caption":"reunion de reciplasa y onda terrenys municipals"},{"@type":"BreadcrumbList","@id":"https:\/\/www.reciplasa.es\/onda-y-reciplasa-abren-dialogo-para-solucionar-la-compra-del-terreno-municipal-que-alberga-el-vertedero-colmatado\/#breadcrumb","itemListElement":[{"@type":"ListItem","position":1,"name":"Portada","item":"https:\/\/www.reciplasa.es\/va\/"},{"@type":"ListItem","position":2,"name":"Onda i Reciplasa obrin di\u00e0leg per a solucionar la compra del terreny municipal que alberga l&#8217;abocador reblit"}]},{"@type":"WebSite","@id":"https:\/\/www.reciplasa.es\/#website","url":"https:\/\/www.reciplasa.es\/","name":"RECIPLASA","description":"Reciclats de Residus La Plana SA","potentialAction":[{"@type":"SearchAction","target":{"@type":"EntryPoint","urlTemplate":"https:\/\/www.reciplasa.es\/?s={search_term_string}"},"query-input":{"@type":"PropertyValueSpecification","valueRequired":true,"valueName":"search_term_string"}}],"inLanguage":"va-VA"},{"@type":"Person","@id":"https:\/\/www.reciplasa.es\/#\/schema\/person\/608ffc094e3c56d49e6c6ec8f1ea0e82","name":"Cristina Marco","image":{"@type":"ImageObject","inLanguage":"va-VA","@id":"https:\/\/secure.gravatar.com\/avatar\/6da7e00dc41d26d3c4245f3b2d70d687293df0dfc18f03719354383f7be4f34b?s=96&d=mm&r=g","url":"https:\/\/secure.gravatar.com\/avatar\/6da7e00dc41d26d3c4245f3b2d70d687293df0dfc18f03719354383f7be4f34b?s=96&d=mm&r=g","contentUrl":"https:\/\/secure.gravatar.com\/avatar\/6da7e00dc41d26d3c4245f3b2d70d687293df0dfc18f03719354383f7be4f34b?s=96&d=mm&r=g","caption":"Cristina Marco"},"url":"https:\/\/www.reciplasa.es\/va\/author\/cristina\/"}]}},"_links":{"self":[{"href":"https:\/\/www.reciplasa.es\/va\/wp-json\/wp\/v2\/posts\/14679","targetHints":{"allow":["GET"]}}],"collection":[{"href":"https:\/\/www.reciplasa.es\/va\/wp-json\/wp\/v2\/posts"}],"about":[{"href":"https:\/\/www.reciplasa.es\/va\/wp-json\/wp\/v2\/types\/post"}],"author":[{"embeddable":true,"href":"https:\/\/www.reciplasa.es\/va\/wp-json\/wp\/v2\/users\/3"}],"replies":[{"embeddable":true,"href":"https:\/\/www.reciplasa.es\/va\/wp-json\/wp\/v2\/comments?post=14679"}],"version-history":[{"count":4,"href":"https:\/\/www.reciplasa.es\/va\/wp-json\/wp\/v2\/posts\/14679\/revisions"}],"predecessor-version":[{"id":14686,"href":"https:\/\/www.reciplasa.es\/va\/wp-json\/wp\/v2\/posts\/14679\/revisions\/14686"}],"wp:featuredmedia":[{"embeddable":true,"href":"https:\/\/www.reciplasa.es\/va\/wp-json\/wp\/v2\/media\/14680"}],"wp:attachment":[{"href":"https:\/\/www.reciplasa.es\/va\/wp-json\/wp\/v2\/media?parent=14679"}],"wp:term":[{"taxonomy":"category","embeddable":true,"href":"https:\/\/www.reciplasa.es\/va\/wp-json\/wp\/v2\/categories?post=14679"},{"taxonomy":"post_tag","embeddable":true,"href":"https:\/\/www.reciplasa.es\/va\/wp-json\/wp\/v2\/tags?post=14679"}],"curies":[{"name":"wp","href":"https:\/\/api.w.org\/{rel}","templated":true}]}}