{"id":14691,"date":"2021-02-02T14:24:37","date_gmt":"2021-02-02T14:24:37","guid":{"rendered":"http:\/\/www.reciplasa.es\/?p=14691\/"},"modified":"2021-02-02T14:24:37","modified_gmt":"2021-02-02T14:24:37","slug":"la-catedra-reciplasa-premia-els-estudiants-de-luji-juan-molero-i-karen-valls-pels-seus-treballs-de-final-de-grau-i-de-master","status":"publish","type":"post","link":"https:\/\/www.reciplasa.es\/va\/la-catedra-reciplasa-premia-els-estudiants-de-luji-juan-molero-i-karen-valls-pels-seus-treballs-de-final-de-grau-i-de-master\/","title":{"rendered":"La C\u00e0tedra Reciplasa premia els estudiants de l\u2019UJI Juan Molero i Karen Valls pels seus treballs de final de grau i de m\u00e0ster"},"content":{"rendered":"<p>La C\u00e0tedra Reciplasa ha entregat els premis al millor treball final de grau i de m\u00e0ster a dos estudiants de la Universitat Jaume I. L&#8217;acte, celebrat de manera virtual, ha comptat amb l&#8217;assist\u00e8ncia del catedr\u00e0tic F\u00e9lix Hern\u00e1ndez, director de la C\u00e0tedra, i Jes\u00fas Lancis, vicerector d&#8217;Investigaci\u00f3 i Transfer\u00e8ncia en representaci\u00f3 de la Universitat Jaume I, i Ignasi Garcia, president de Reciplasa, Salvador Aguilella, vicepresident, i Fernando Albarr\u00e1n, director t\u00e8cnic, en representaci\u00f3 de l&#8217;empresa.<\/p>\n<p>Durant l&#8217;acte, s&#8217;ha destacat el gran paper com a motor de la generaci\u00f3 de coneixement que t\u00e9 la Universitat Jaume I a la prov\u00edncia, aix\u00ed com la formaci\u00f3 que rep l&#8217;estudiantat. En la present edici\u00f3, emmarcada dins de la convocat\u00f2ria conjunta duta a terme per l&#8217;Escola Superior de Tecnologia i Ci\u00e8ncies Experimentals de l&#8217;UJI, el premi va comptar amb m\u00e9s de 20 treballs presentats de gran qualitat.<\/p>\n<p>Entre aquests, s&#8217;ha premiat el treball final de grau de Juan Molero Egea, en el qual proposa reduir la petjada de carboni de l&#8217;agricultura alhora que autoproveeix un centre de salut de calefacci\u00f3 per a l&#8217;hivern. Mitjan\u00e7ant la preparaci\u00f3 de p\u00e8l\u00b7lets amb les restes de poda provinents de camps de cultiu, assegura que es podria subministrar calefacci\u00f3 al centre de salut d&#8217;Onda, localitat natal de l&#8217;autor.<\/p>\n<p>Tamb\u00e9 ha rebut el premi el treball final de m\u00e0ster de Karen Valls Val, en el qual dissenya una metodologia i eines per a calcular i comunicar la petjada de carboni de les universitats espanyoles considerant els abastos 1+2+3, verificar la reducci\u00f3 d&#8217;aquesta, aconseguida despr\u00e9s de la implementaci\u00f3 de les diferents millores dutes a terme, i analitzar la viabilitat d&#8217;utilitzar projectes d&#8217;absorci\u00f3 de di\u00f2xid de carboni per a la compensaci\u00f3 de les emissions.<\/p>\n","protected":false},"excerpt":{"rendered":"<p>La C\u00e0tedra Reciplasa ha entregat els premis al millor treball final de grau i de m\u00e0ster a dos estudiants de la Universitat Jaume I. L&#8217;acte, celebrat de manera virtual, ha comptat amb l&#8217;assist\u00e8ncia del catedr\u00e0tic F\u00e9lix Hern\u00e1ndez, director de la C\u00e0tedra, i Jes\u00fas Lancis, vicerector d&#8217;Investigaci\u00f3 i Transfer\u00e8ncia en representaci\u00f3 de la Universitat Jaume I,Dale que hay m\u00e1s &#8230;<\/p>\n","protected":false},"author":3,"featured_media":14689,"comment_status":"closed","ping_status":"closed","sticky":false,"template":"","format":"standard","meta":{"footnotes":""},"categories":[88],"tags":[],"class_list":["post-14691","post","type-post","status-publish","format-standard","has-post-thumbnail","hentry","category-catedra-reciplasa-uji"],"yoast_head":"<!-- This site is optimized with the Yoast SEO plugin v27.4 - https:\/\/yoast.com\/product\/yoast-seo-wordpress\/ -->\n<title>La C\u00e0tedra Reciplasa premia els estudiants de l\u2019UJI Juan Molero i Karen Valls pels seus treballs de final de grau i de m\u00e0ster - RECIPLASA<\/title>\n<meta name=\"robots\" content=\"index, follow, max-snippet:-1, max-image-preview:large, max-video-preview:-1\" \/>\n<link rel=\"canonical\" href=\"https:\/\/www.reciplasa.es\/la-catedra-reciplasa-premia-a-los-estudiantes-de-la-uji-juan-molero-y-karen-valls-por-sus-trabajos-de-final-de-grado-y-de-master\/\" \/>\n<meta property=\"og:locale\" content=\"en_US\" \/>\n<meta property=\"og:type\" content=\"article\" \/>\n<meta property=\"og:title\" content=\"La C\u00e0tedra Reciplasa premia els estudiants de l\u2019UJI Juan Molero i Karen Valls pels seus treballs de final de grau i de m\u00e0ster - RECIPLASA\" \/>\n<meta property=\"og:description\" content=\"La C\u00e0tedra Reciplasa ha entregat els premis al millor treball final de grau i de m\u00e0ster a dos estudiants de la Universitat Jaume I. L&#8217;acte, celebrat de manera virtual, ha comptat amb l&#8217;assist\u00e8ncia del catedr\u00e0tic F\u00e9lix Hern\u00e1ndez, director de la C\u00e0tedra, i Jes\u00fas Lancis, vicerector d&#8217;Investigaci\u00f3 i Transfer\u00e8ncia en representaci\u00f3 de la Universitat Jaume I,Dale que hay m\u00e1s ...\" \/>\n<meta property=\"og:url\" content=\"https:\/\/www.reciplasa.es\/la-catedra-reciplasa-premia-a-los-estudiantes-de-la-uji-juan-molero-y-karen-valls-por-sus-trabajos-de-final-de-grado-y-de-master\/\" \/>\n<meta property=\"og:site_name\" content=\"RECIPLASA\" \/>\n<meta property=\"article:published_time\" content=\"2021-02-02T14:24:37+00:00\" \/>\n<meta property=\"og:image\" content=\"https:\/\/www.reciplasa.es\/wp-content\/uploads\/2021\/02\/Captura-de-pantalla-2021-01-26-a-las-13.23.07-1024x584.png\" \/>\n\t<meta property=\"og:image:width\" content=\"1024\" \/>\n\t<meta property=\"og:image:height\" content=\"584\" \/>\n\t<meta property=\"og:image:type\" content=\"image\/png\" \/>\n<meta name=\"author\" content=\"Cristina Marco\" \/>\n<meta name=\"twitter:card\" content=\"summary_large_image\" \/>\n<meta name=\"twitter:label1\" content=\"Written by\" \/>\n\t<meta name=\"twitter:data1\" content=\"Cristina Marco\" \/>\n\t<meta name=\"twitter:label2\" content=\"Est. reading time\" \/>\n\t<meta name=\"twitter:data2\" content=\"1 minute\" \/>\n<script type=\"application\/ld+json\" class=\"yoast-schema-graph\">{\"@context\":\"https:\\\/\\\/schema.org\",\"@graph\":[{\"@type\":\"Article\",\"@id\":\"https:\\\/\\\/www.reciplasa.es\\\/la-catedra-reciplasa-premia-a-los-estudiantes-de-la-uji-juan-molero-y-karen-valls-por-sus-trabajos-de-final-de-grado-y-de-master\\\/#article\",\"isPartOf\":{\"@id\":\"https:\\\/\\\/www.reciplasa.es\\\/la-catedra-reciplasa-premia-a-los-estudiantes-de-la-uji-juan-molero-y-karen-valls-por-sus-trabajos-de-final-de-grado-y-de-master\\\/\"},\"author\":{\"name\":\"Cristina Marco\",\"@id\":\"https:\\\/\\\/www.reciplasa.es\\\/#\\\/schema\\\/person\\\/608ffc094e3c56d49e6c6ec8f1ea0e82\"},\"headline\":\"La C\u00e0tedra Reciplasa premia els estudiants de l\u2019UJI Juan Molero i Karen Valls pels seus treballs de final de grau i de m\u00e0ster\",\"datePublished\":\"2021-02-02T14:24:37+00:00\",\"mainEntityOfPage\":{\"@id\":\"https:\\\/\\\/www.reciplasa.es\\\/la-catedra-reciplasa-premia-a-los-estudiantes-de-la-uji-juan-molero-y-karen-valls-por-sus-trabajos-de-final-de-grado-y-de-master\\\/\"},\"wordCount\":341,\"image\":{\"@id\":\"https:\\\/\\\/www.reciplasa.es\\\/la-catedra-reciplasa-premia-a-los-estudiantes-de-la-uji-juan-molero-y-karen-valls-por-sus-trabajos-de-final-de-grado-y-de-master\\\/#primaryimage\"},\"thumbnailUrl\":\"https:\\\/\\\/www.reciplasa.es\\\/wp-content\\\/uploads\\\/2021\\\/02\\\/Captura-de-pantalla-2021-01-26-a-las-13.23.07.png\",\"articleSection\":[\"C\u00e0tedra Reciplasa-UJI\"],\"inLanguage\":\"va-VA\"},{\"@type\":\"WebPage\",\"@id\":\"https:\\\/\\\/www.reciplasa.es\\\/la-catedra-reciplasa-premia-a-los-estudiantes-de-la-uji-juan-molero-y-karen-valls-por-sus-trabajos-de-final-de-grado-y-de-master\\\/\",\"url\":\"https:\\\/\\\/www.reciplasa.es\\\/la-catedra-reciplasa-premia-a-los-estudiantes-de-la-uji-juan-molero-y-karen-valls-por-sus-trabajos-de-final-de-grado-y-de-master\\\/\",\"name\":\"La C\u00e0tedra Reciplasa premia els estudiants de l\u2019UJI Juan Molero i Karen Valls pels seus treballs de final de grau i de m\u00e0ster - RECIPLASA\",\"isPartOf\":{\"@id\":\"https:\\\/\\\/www.reciplasa.es\\\/#website\"},\"primaryImageOfPage\":{\"@id\":\"https:\\\/\\\/www.reciplasa.es\\\/la-catedra-reciplasa-premia-a-los-estudiantes-de-la-uji-juan-molero-y-karen-valls-por-sus-trabajos-de-final-de-grado-y-de-master\\\/#primaryimage\"},\"image\":{\"@id\":\"https:\\\/\\\/www.reciplasa.es\\\/la-catedra-reciplasa-premia-a-los-estudiantes-de-la-uji-juan-molero-y-karen-valls-por-sus-trabajos-de-final-de-grado-y-de-master\\\/#primaryimage\"},\"thumbnailUrl\":\"https:\\\/\\\/www.reciplasa.es\\\/wp-content\\\/uploads\\\/2021\\\/02\\\/Captura-de-pantalla-2021-01-26-a-las-13.23.07.png\",\"datePublished\":\"2021-02-02T14:24:37+00:00\",\"author\":{\"@id\":\"https:\\\/\\\/www.reciplasa.es\\\/#\\\/schema\\\/person\\\/608ffc094e3c56d49e6c6ec8f1ea0e82\"},\"breadcrumb\":{\"@id\":\"https:\\\/\\\/www.reciplasa.es\\\/la-catedra-reciplasa-premia-a-los-estudiantes-de-la-uji-juan-molero-y-karen-valls-por-sus-trabajos-de-final-de-grado-y-de-master\\\/#breadcrumb\"},\"inLanguage\":\"va-VA\",\"potentialAction\":[{\"@type\":\"ReadAction\",\"target\":[\"https:\\\/\\\/www.reciplasa.es\\\/la-catedra-reciplasa-premia-a-los-estudiantes-de-la-uji-juan-molero-y-karen-valls-por-sus-trabajos-de-final-de-grado-y-de-master\\\/\"]}]},{\"@type\":\"ImageObject\",\"inLanguage\":\"va-VA\",\"@id\":\"https:\\\/\\\/www.reciplasa.es\\\/la-catedra-reciplasa-premia-a-los-estudiantes-de-la-uji-juan-molero-y-karen-valls-por-sus-trabajos-de-final-de-grado-y-de-master\\\/#primaryimage\",\"url\":\"https:\\\/\\\/www.reciplasa.es\\\/wp-content\\\/uploads\\\/2021\\\/02\\\/Captura-de-pantalla-2021-01-26-a-las-13.23.07.png\",\"contentUrl\":\"https:\\\/\\\/www.reciplasa.es\\\/wp-content\\\/uploads\\\/2021\\\/02\\\/Captura-de-pantalla-2021-01-26-a-las-13.23.07.png\",\"width\":2866,\"height\":1634,\"caption\":\"entrega de premios al mejor tfm y tfg\"},{\"@type\":\"BreadcrumbList\",\"@id\":\"https:\\\/\\\/www.reciplasa.es\\\/la-catedra-reciplasa-premia-a-los-estudiantes-de-la-uji-juan-molero-y-karen-valls-por-sus-trabajos-de-final-de-grado-y-de-master\\\/#breadcrumb\",\"itemListElement\":[{\"@type\":\"ListItem\",\"position\":1,\"name\":\"Portada\",\"item\":\"https:\\\/\\\/www.reciplasa.es\\\/va\\\/\"},{\"@type\":\"ListItem\",\"position\":2,\"name\":\"La C\u00e0tedra Reciplasa premia els estudiants de l\u2019UJI Juan Molero i Karen Valls pels seus treballs de final de grau i de m\u00e0ster\"}]},{\"@type\":\"WebSite\",\"@id\":\"https:\\\/\\\/www.reciplasa.es\\\/#website\",\"url\":\"https:\\\/\\\/www.reciplasa.es\\\/\",\"name\":\"RECIPLASA\",\"description\":\"Reciclats de Residus La Plana SA\",\"potentialAction\":[{\"@type\":\"SearchAction\",\"target\":{\"@type\":\"EntryPoint\",\"urlTemplate\":\"https:\\\/\\\/www.reciplasa.es\\\/?s={search_term_string}\"},\"query-input\":{\"@type\":\"PropertyValueSpecification\",\"valueRequired\":true,\"valueName\":\"search_term_string\"}}],\"inLanguage\":\"va-VA\"},{\"@type\":\"Person\",\"@id\":\"https:\\\/\\\/www.reciplasa.es\\\/#\\\/schema\\\/person\\\/608ffc094e3c56d49e6c6ec8f1ea0e82\",\"name\":\"Cristina Marco\",\"image\":{\"@type\":\"ImageObject\",\"inLanguage\":\"va-VA\",\"@id\":\"https:\\\/\\\/secure.gravatar.com\\\/avatar\\\/6da7e00dc41d26d3c4245f3b2d70d687293df0dfc18f03719354383f7be4f34b?s=96&d=mm&r=g\",\"url\":\"https:\\\/\\\/secure.gravatar.com\\\/avatar\\\/6da7e00dc41d26d3c4245f3b2d70d687293df0dfc18f03719354383f7be4f34b?s=96&d=mm&r=g\",\"contentUrl\":\"https:\\\/\\\/secure.gravatar.com\\\/avatar\\\/6da7e00dc41d26d3c4245f3b2d70d687293df0dfc18f03719354383f7be4f34b?s=96&d=mm&r=g\",\"caption\":\"Cristina Marco\"},\"url\":\"https:\\\/\\\/www.reciplasa.es\\\/va\\\/author\\\/cristina\\\/\"}]}<\/script>\n<!-- \/ Yoast SEO plugin. -->","yoast_head_json":{"title":"La C\u00e0tedra Reciplasa premia els estudiants de l\u2019UJI Juan Molero i Karen Valls pels seus treballs de final de grau i de m\u00e0ster - RECIPLASA","robots":{"index":"index","follow":"follow","max-snippet":"max-snippet:-1","max-image-preview":"max-image-preview:large","max-video-preview":"max-video-preview:-1"},"canonical":"https:\/\/www.reciplasa.es\/la-catedra-reciplasa-premia-a-los-estudiantes-de-la-uji-juan-molero-y-karen-valls-por-sus-trabajos-de-final-de-grado-y-de-master\/","og_locale":"en_US","og_type":"article","og_title":"La C\u00e0tedra Reciplasa premia els estudiants de l\u2019UJI Juan Molero i Karen Valls pels seus treballs de final de grau i de m\u00e0ster - RECIPLASA","og_description":"La C\u00e0tedra Reciplasa ha entregat els premis al millor treball final de grau i de m\u00e0ster a dos estudiants de la Universitat Jaume I. L&#8217;acte, celebrat de manera virtual, ha comptat amb l&#8217;assist\u00e8ncia del catedr\u00e0tic F\u00e9lix Hern\u00e1ndez, director de la C\u00e0tedra, i Jes\u00fas Lancis, vicerector d&#8217;Investigaci\u00f3 i Transfer\u00e8ncia en representaci\u00f3 de la Universitat Jaume I,Dale que hay m\u00e1s ...","og_url":"https:\/\/www.reciplasa.es\/la-catedra-reciplasa-premia-a-los-estudiantes-de-la-uji-juan-molero-y-karen-valls-por-sus-trabajos-de-final-de-grado-y-de-master\/","og_site_name":"RECIPLASA","article_published_time":"2021-02-02T14:24:37+00:00","og_image":[{"width":1024,"height":584,"url":"https:\/\/www.reciplasa.es\/wp-content\/uploads\/2021\/02\/Captura-de-pantalla-2021-01-26-a-las-13.23.07-1024x584.png","type":"image\/png"}],"author":"Cristina Marco","twitter_card":"summary_large_image","twitter_misc":{"Written by":"Cristina Marco","Est. reading time":"1 minute"},"schema":{"@context":"https:\/\/schema.org","@graph":[{"@type":"Article","@id":"https:\/\/www.reciplasa.es\/la-catedra-reciplasa-premia-a-los-estudiantes-de-la-uji-juan-molero-y-karen-valls-por-sus-trabajos-de-final-de-grado-y-de-master\/#article","isPartOf":{"@id":"https:\/\/www.reciplasa.es\/la-catedra-reciplasa-premia-a-los-estudiantes-de-la-uji-juan-molero-y-karen-valls-por-sus-trabajos-de-final-de-grado-y-de-master\/"},"author":{"name":"Cristina Marco","@id":"https:\/\/www.reciplasa.es\/#\/schema\/person\/608ffc094e3c56d49e6c6ec8f1ea0e82"},"headline":"La C\u00e0tedra Reciplasa premia els estudiants de l\u2019UJI Juan Molero i Karen Valls pels seus treballs de final de grau i de m\u00e0ster","datePublished":"2021-02-02T14:24:37+00:00","mainEntityOfPage":{"@id":"https:\/\/www.reciplasa.es\/la-catedra-reciplasa-premia-a-los-estudiantes-de-la-uji-juan-molero-y-karen-valls-por-sus-trabajos-de-final-de-grado-y-de-master\/"},"wordCount":341,"image":{"@id":"https:\/\/www.reciplasa.es\/la-catedra-reciplasa-premia-a-los-estudiantes-de-la-uji-juan-molero-y-karen-valls-por-sus-trabajos-de-final-de-grado-y-de-master\/#primaryimage"},"thumbnailUrl":"https:\/\/www.reciplasa.es\/wp-content\/uploads\/2021\/02\/Captura-de-pantalla-2021-01-26-a-las-13.23.07.png","articleSection":["C\u00e0tedra Reciplasa-UJI"],"inLanguage":"va-VA"},{"@type":"WebPage","@id":"https:\/\/www.reciplasa.es\/la-catedra-reciplasa-premia-a-los-estudiantes-de-la-uji-juan-molero-y-karen-valls-por-sus-trabajos-de-final-de-grado-y-de-master\/","url":"https:\/\/www.reciplasa.es\/la-catedra-reciplasa-premia-a-los-estudiantes-de-la-uji-juan-molero-y-karen-valls-por-sus-trabajos-de-final-de-grado-y-de-master\/","name":"La C\u00e0tedra Reciplasa premia els estudiants de l\u2019UJI Juan Molero i Karen Valls pels seus treballs de final de grau i de m\u00e0ster - RECIPLASA","isPartOf":{"@id":"https:\/\/www.reciplasa.es\/#website"},"primaryImageOfPage":{"@id":"https:\/\/www.reciplasa.es\/la-catedra-reciplasa-premia-a-los-estudiantes-de-la-uji-juan-molero-y-karen-valls-por-sus-trabajos-de-final-de-grado-y-de-master\/#primaryimage"},"image":{"@id":"https:\/\/www.reciplasa.es\/la-catedra-reciplasa-premia-a-los-estudiantes-de-la-uji-juan-molero-y-karen-valls-por-sus-trabajos-de-final-de-grado-y-de-master\/#primaryimage"},"thumbnailUrl":"https:\/\/www.reciplasa.es\/wp-content\/uploads\/2021\/02\/Captura-de-pantalla-2021-01-26-a-las-13.23.07.png","datePublished":"2021-02-02T14:24:37+00:00","author":{"@id":"https:\/\/www.reciplasa.es\/#\/schema\/person\/608ffc094e3c56d49e6c6ec8f1ea0e82"},"breadcrumb":{"@id":"https:\/\/www.reciplasa.es\/la-catedra-reciplasa-premia-a-los-estudiantes-de-la-uji-juan-molero-y-karen-valls-por-sus-trabajos-de-final-de-grado-y-de-master\/#breadcrumb"},"inLanguage":"va-VA","potentialAction":[{"@type":"ReadAction","target":["https:\/\/www.reciplasa.es\/la-catedra-reciplasa-premia-a-los-estudiantes-de-la-uji-juan-molero-y-karen-valls-por-sus-trabajos-de-final-de-grado-y-de-master\/"]}]},{"@type":"ImageObject","inLanguage":"va-VA","@id":"https:\/\/www.reciplasa.es\/la-catedra-reciplasa-premia-a-los-estudiantes-de-la-uji-juan-molero-y-karen-valls-por-sus-trabajos-de-final-de-grado-y-de-master\/#primaryimage","url":"https:\/\/www.reciplasa.es\/wp-content\/uploads\/2021\/02\/Captura-de-pantalla-2021-01-26-a-las-13.23.07.png","contentUrl":"https:\/\/www.reciplasa.es\/wp-content\/uploads\/2021\/02\/Captura-de-pantalla-2021-01-26-a-las-13.23.07.png","width":2866,"height":1634,"caption":"entrega de premios al mejor tfm y tfg"},{"@type":"BreadcrumbList","@id":"https:\/\/www.reciplasa.es\/la-catedra-reciplasa-premia-a-los-estudiantes-de-la-uji-juan-molero-y-karen-valls-por-sus-trabajos-de-final-de-grado-y-de-master\/#breadcrumb","itemListElement":[{"@type":"ListItem","position":1,"name":"Portada","item":"https:\/\/www.reciplasa.es\/va\/"},{"@type":"ListItem","position":2,"name":"La C\u00e0tedra Reciplasa premia els estudiants de l\u2019UJI Juan Molero i Karen Valls pels seus treballs de final de grau i de m\u00e0ster"}]},{"@type":"WebSite","@id":"https:\/\/www.reciplasa.es\/#website","url":"https:\/\/www.reciplasa.es\/","name":"RECIPLASA","description":"Reciclats de Residus La Plana SA","potentialAction":[{"@type":"SearchAction","target":{"@type":"EntryPoint","urlTemplate":"https:\/\/www.reciplasa.es\/?s={search_term_string}"},"query-input":{"@type":"PropertyValueSpecification","valueRequired":true,"valueName":"search_term_string"}}],"inLanguage":"va-VA"},{"@type":"Person","@id":"https:\/\/www.reciplasa.es\/#\/schema\/person\/608ffc094e3c56d49e6c6ec8f1ea0e82","name":"Cristina Marco","image":{"@type":"ImageObject","inLanguage":"va-VA","@id":"https:\/\/secure.gravatar.com\/avatar\/6da7e00dc41d26d3c4245f3b2d70d687293df0dfc18f03719354383f7be4f34b?s=96&d=mm&r=g","url":"https:\/\/secure.gravatar.com\/avatar\/6da7e00dc41d26d3c4245f3b2d70d687293df0dfc18f03719354383f7be4f34b?s=96&d=mm&r=g","contentUrl":"https:\/\/secure.gravatar.com\/avatar\/6da7e00dc41d26d3c4245f3b2d70d687293df0dfc18f03719354383f7be4f34b?s=96&d=mm&r=g","caption":"Cristina Marco"},"url":"https:\/\/www.reciplasa.es\/va\/author\/cristina\/"}]}},"_links":{"self":[{"href":"https:\/\/www.reciplasa.es\/va\/wp-json\/wp\/v2\/posts\/14691","targetHints":{"allow":["GET"]}}],"collection":[{"href":"https:\/\/www.reciplasa.es\/va\/wp-json\/wp\/v2\/posts"}],"about":[{"href":"https:\/\/www.reciplasa.es\/va\/wp-json\/wp\/v2\/types\/post"}],"author":[{"embeddable":true,"href":"https:\/\/www.reciplasa.es\/va\/wp-json\/wp\/v2\/users\/3"}],"replies":[{"embeddable":true,"href":"https:\/\/www.reciplasa.es\/va\/wp-json\/wp\/v2\/comments?post=14691"}],"version-history":[{"count":1,"href":"https:\/\/www.reciplasa.es\/va\/wp-json\/wp\/v2\/posts\/14691\/revisions"}],"predecessor-version":[{"id":14692,"href":"https:\/\/www.reciplasa.es\/va\/wp-json\/wp\/v2\/posts\/14691\/revisions\/14692"}],"wp:featuredmedia":[{"embeddable":true,"href":"https:\/\/www.reciplasa.es\/va\/wp-json\/wp\/v2\/media\/14689"}],"wp:attachment":[{"href":"https:\/\/www.reciplasa.es\/va\/wp-json\/wp\/v2\/media?parent=14691"}],"wp:term":[{"taxonomy":"category","embeddable":true,"href":"https:\/\/www.reciplasa.es\/va\/wp-json\/wp\/v2\/categories?post=14691"},{"taxonomy":"post_tag","embeddable":true,"href":"https:\/\/www.reciplasa.es\/va\/wp-json\/wp\/v2\/tags?post=14691"}],"curies":[{"name":"wp","href":"https:\/\/api.w.org\/{rel}","templated":true}]}}