{"id":14702,"date":"2021-02-26T12:01:36","date_gmt":"2021-02-26T12:01:36","guid":{"rendered":"https:\/\/www.reciplasa.es\/?p=14702\/"},"modified":"2021-02-26T12:01:36","modified_gmt":"2021-02-26T12:01:36","slug":"la-catedra-reciplasa-de-luji-i-la-xarxa-de-centres-per-a-la-sostenibilitat-de-castello-uneixen-esforcos-per-a-la-formacio-ambiental-del-professorat","status":"publish","type":"post","link":"https:\/\/www.reciplasa.es\/va\/la-catedra-reciplasa-de-luji-i-la-xarxa-de-centres-per-a-la-sostenibilitat-de-castello-uneixen-esforcos-per-a-la-formacio-ambiental-del-professorat\/","title":{"rendered":"La C\u00e0tedra Reciplasa de l\u2019UJI i la Xarxa de Centres per a la Sostenibilitat de Castell\u00f3 uneixen esfor\u00e7os per a la formaci\u00f3 ambiental del professorat"},"content":{"rendered":"<p>La C\u00e0tedra Reciplasa de Gesti\u00f3 de Residus Urbans de la Universitat Jaume I inclou entre els seus objectius la divulgaci\u00f3 i formaci\u00f3 de la ciutadania per a la correcta gesti\u00f3 dels residus urbans. Dins de les nombroses activitats que realitza al llarg de l\u2019any, la formaci\u00f3 ciutadana, especialment la dels m\u00e9s menuts i joves, \u00e9s un dels seus m\u00e0xims exponents. Per aix\u00f2, des de la C\u00e0tedra Reciplasa de l\u2019UJI s\u2019aposta per dotar de recursos i formaci\u00f3 al professorat perqu\u00e8 puga transmetre al seu alumnat una educaci\u00f3 en valors ambientals i sostenibles.<\/p>\n<p>Aix\u00ed, la C\u00e0tedra Reciplasa de l\u2019UJI renova enguany la col\u00b7laboraci\u00f3 amb la Xarxa de Centres per a la Sostenibilitat\u00a0de Castell\u00f3 per a l\u2019organitzaci\u00f3 de diverses pon\u00e8ncies que mostren diferents experi\u00e8ncies i projectes d\u2019innovaci\u00f3 educativa, aix\u00ed com estrat\u00e8gies per a poder treballar a l\u2019aula diferents valors per a una correcta gesti\u00f3 dels residus i la sostenibilitat del planeta.<\/p>\n<p>La Xarxa de Centres per a la Sostenibilitat de Castell\u00f3 \u00e9s un conjunt de centres educatius d\u2019\u00e0mbit no universitari que tenen un nexe d\u2019uni\u00f3 en la seua aposta pel treball dels ODS (Objectius de Desenvolupament Sostenible). A m\u00e9s, aquests centres formen part de la Xarxa de la Comunitat Valenciana, aix\u00ed com de la Xarxa Estatal de Xarxes (EsenRED). Actualment s\u00f3n m\u00e9s de 70 centres educatius de la prov\u00edncia de Castell\u00f3 els que participen en la Xarxa.<\/p>\n<p>Els coordinadors\/res ambientals dels centres educatius estan organitzats en tres seminaris de formaci\u00f3 i participaci\u00f3, ubicats a Vinar\u00f2s, Nules i Castell\u00f3, que es reuneixen mensualment, actualment en format en l\u00ednia. En aquestes reunions de zona complementen la seua formaci\u00f3 i\u00a0intercanvien informacions, experi\u00e8ncies, projectes, recursos, etc. De la dinamitzaci\u00f3 d\u2019aquests seminaris s\u2019encarrega el Seminari d\u2019Educaci\u00f3 Ambiental de Castell\u00f3.<\/p>\n<p>Amb aquesta col\u00b7laboraci\u00f3, la C\u00e0tedra Reciplasa de Gesti\u00f3 de Residus Urbans de l\u2019UJI aposta de nou per unir esfor\u00e7os per a lluitar per una reducci\u00f3 i adequada gesti\u00f3 dels nostres residus urbans, mitjan\u00e7ant l\u2019educaci\u00f3 de les futures generacions.<\/p>\n","protected":false},"excerpt":{"rendered":"<p>La C\u00e0tedra Reciplasa de Gesti\u00f3 de Residus Urbans de la Universitat Jaume I inclou entre els seus objectius la divulgaci\u00f3 i formaci\u00f3 de la ciutadania per a la correcta gesti\u00f3 dels residus urbans. Dins de les nombroses activitats que realitza al llarg de l\u2019any, la formaci\u00f3 ciutadana, especialment la dels m\u00e9s menuts i joves, \u00e9sDale que hay m\u00e1s &#8230;<\/p>\n","protected":false},"author":3,"featured_media":14700,"comment_status":"closed","ping_status":"closed","sticky":false,"template":"","format":"standard","meta":{"footnotes":""},"categories":[88],"tags":[],"class_list":["post-14702","post","type-post","status-publish","format-standard","has-post-thumbnail","hentry","category-catedra-reciplasa-uji"],"yoast_head":"<!-- This site is optimized with the Yoast SEO plugin v27.4 - https:\/\/yoast.com\/product\/yoast-seo-wordpress\/ -->\n<title>La C\u00e0tedra Reciplasa de l\u2019UJI i la Xarxa de Centres per a la Sostenibilitat de Castell\u00f3 uneixen esfor\u00e7os per a la formaci\u00f3 ambiental del professorat - RECIPLASA<\/title>\n<meta name=\"robots\" content=\"index, follow, max-snippet:-1, max-image-preview:large, max-video-preview:-1\" \/>\n<link rel=\"canonical\" href=\"https:\/\/www.reciplasa.es\/la-catedra-reciplasa-de-la-uji-y-la-red-de-centros-para-la-sostenibilidad-de-castello-aunan-esfuerzos-para-la-formacion-ambiental-del-profesorado\/\" \/>\n<meta property=\"og:locale\" content=\"en_US\" \/>\n<meta property=\"og:type\" content=\"article\" \/>\n<meta property=\"og:title\" content=\"La C\u00e0tedra Reciplasa de l\u2019UJI i la Xarxa de Centres per a la Sostenibilitat de Castell\u00f3 uneixen esfor\u00e7os per a la formaci\u00f3 ambiental del professorat - RECIPLASA\" \/>\n<meta property=\"og:description\" content=\"La C\u00e0tedra Reciplasa de Gesti\u00f3 de Residus Urbans de la Universitat Jaume I inclou entre els seus objectius la divulgaci\u00f3 i formaci\u00f3 de la ciutadania per a la correcta gesti\u00f3 dels residus urbans. Dins de les nombroses activitats que realitza al llarg de l\u2019any, la formaci\u00f3 ciutadana, especialment la dels m\u00e9s menuts i joves, \u00e9sDale que hay m\u00e1s ...\" \/>\n<meta property=\"og:url\" content=\"https:\/\/www.reciplasa.es\/la-catedra-reciplasa-de-la-uji-y-la-red-de-centros-para-la-sostenibilidad-de-castello-aunan-esfuerzos-para-la-formacion-ambiental-del-profesorado\/\" \/>\n<meta property=\"og:site_name\" content=\"RECIPLASA\" \/>\n<meta property=\"article:published_time\" content=\"2021-02-26T12:01:36+00:00\" \/>\n<meta property=\"og:image\" content=\"https:\/\/www.reciplasa.es\/wp-content\/uploads\/2021\/02\/Grup-Castello_.jpg\" \/>\n\t<meta property=\"og:image:width\" content=\"1585\" \/>\n\t<meta property=\"og:image:height\" content=\"782\" \/>\n\t<meta property=\"og:image:type\" content=\"image\/jpeg\" \/>\n<meta name=\"author\" content=\"Cristina Marco\" \/>\n<meta name=\"twitter:card\" content=\"summary_large_image\" \/>\n<meta name=\"twitter:label1\" content=\"Written by\" \/>\n\t<meta name=\"twitter:data1\" content=\"Cristina Marco\" \/>\n\t<meta name=\"twitter:label2\" content=\"Est. reading time\" \/>\n\t<meta name=\"twitter:data2\" content=\"2 minutes\" \/>\n<script type=\"application\/ld+json\" class=\"yoast-schema-graph\">{\"@context\":\"https:\\\/\\\/schema.org\",\"@graph\":[{\"@type\":\"Article\",\"@id\":\"https:\\\/\\\/www.reciplasa.es\\\/la-catedra-reciplasa-de-la-uji-y-la-red-de-centros-para-la-sostenibilidad-de-castello-aunan-esfuerzos-para-la-formacion-ambiental-del-profesorado\\\/#article\",\"isPartOf\":{\"@id\":\"https:\\\/\\\/www.reciplasa.es\\\/la-catedra-reciplasa-de-la-uji-y-la-red-de-centros-para-la-sostenibilidad-de-castello-aunan-esfuerzos-para-la-formacion-ambiental-del-profesorado\\\/\"},\"author\":{\"name\":\"Cristina Marco\",\"@id\":\"https:\\\/\\\/www.reciplasa.es\\\/#\\\/schema\\\/person\\\/608ffc094e3c56d49e6c6ec8f1ea0e82\"},\"headline\":\"La C\u00e0tedra Reciplasa de l\u2019UJI i la Xarxa de Centres per a la Sostenibilitat de Castell\u00f3 uneixen esfor\u00e7os per a la formaci\u00f3 ambiental del professorat\",\"datePublished\":\"2021-02-26T12:01:36+00:00\",\"mainEntityOfPage\":{\"@id\":\"https:\\\/\\\/www.reciplasa.es\\\/la-catedra-reciplasa-de-la-uji-y-la-red-de-centros-para-la-sostenibilidad-de-castello-aunan-esfuerzos-para-la-formacion-ambiental-del-profesorado\\\/\"},\"wordCount\":383,\"image\":{\"@id\":\"https:\\\/\\\/www.reciplasa.es\\\/la-catedra-reciplasa-de-la-uji-y-la-red-de-centros-para-la-sostenibilidad-de-castello-aunan-esfuerzos-para-la-formacion-ambiental-del-profesorado\\\/#primaryimage\"},\"thumbnailUrl\":\"https:\\\/\\\/www.reciplasa.es\\\/wp-content\\\/uploads\\\/2021\\\/02\\\/Grup-Castello_.jpg\",\"articleSection\":[\"C\u00e0tedra Reciplasa-UJI\"],\"inLanguage\":\"va-VA\"},{\"@type\":\"WebPage\",\"@id\":\"https:\\\/\\\/www.reciplasa.es\\\/la-catedra-reciplasa-de-la-uji-y-la-red-de-centros-para-la-sostenibilidad-de-castello-aunan-esfuerzos-para-la-formacion-ambiental-del-profesorado\\\/\",\"url\":\"https:\\\/\\\/www.reciplasa.es\\\/la-catedra-reciplasa-de-la-uji-y-la-red-de-centros-para-la-sostenibilidad-de-castello-aunan-esfuerzos-para-la-formacion-ambiental-del-profesorado\\\/\",\"name\":\"La C\u00e0tedra Reciplasa de l\u2019UJI i la Xarxa de Centres per a la Sostenibilitat de Castell\u00f3 uneixen esfor\u00e7os per a la formaci\u00f3 ambiental del professorat - RECIPLASA\",\"isPartOf\":{\"@id\":\"https:\\\/\\\/www.reciplasa.es\\\/#website\"},\"primaryImageOfPage\":{\"@id\":\"https:\\\/\\\/www.reciplasa.es\\\/la-catedra-reciplasa-de-la-uji-y-la-red-de-centros-para-la-sostenibilidad-de-castello-aunan-esfuerzos-para-la-formacion-ambiental-del-profesorado\\\/#primaryimage\"},\"image\":{\"@id\":\"https:\\\/\\\/www.reciplasa.es\\\/la-catedra-reciplasa-de-la-uji-y-la-red-de-centros-para-la-sostenibilidad-de-castello-aunan-esfuerzos-para-la-formacion-ambiental-del-profesorado\\\/#primaryimage\"},\"thumbnailUrl\":\"https:\\\/\\\/www.reciplasa.es\\\/wp-content\\\/uploads\\\/2021\\\/02\\\/Grup-Castello_.jpg\",\"datePublished\":\"2021-02-26T12:01:36+00:00\",\"author\":{\"@id\":\"https:\\\/\\\/www.reciplasa.es\\\/#\\\/schema\\\/person\\\/608ffc094e3c56d49e6c6ec8f1ea0e82\"},\"breadcrumb\":{\"@id\":\"https:\\\/\\\/www.reciplasa.es\\\/la-catedra-reciplasa-de-la-uji-y-la-red-de-centros-para-la-sostenibilidad-de-castello-aunan-esfuerzos-para-la-formacion-ambiental-del-profesorado\\\/#breadcrumb\"},\"inLanguage\":\"va-VA\",\"potentialAction\":[{\"@type\":\"ReadAction\",\"target\":[\"https:\\\/\\\/www.reciplasa.es\\\/la-catedra-reciplasa-de-la-uji-y-la-red-de-centros-para-la-sostenibilidad-de-castello-aunan-esfuerzos-para-la-formacion-ambiental-del-profesorado\\\/\"]}]},{\"@type\":\"ImageObject\",\"inLanguage\":\"va-VA\",\"@id\":\"https:\\\/\\\/www.reciplasa.es\\\/la-catedra-reciplasa-de-la-uji-y-la-red-de-centros-para-la-sostenibilidad-de-castello-aunan-esfuerzos-para-la-formacion-ambiental-del-profesorado\\\/#primaryimage\",\"url\":\"https:\\\/\\\/www.reciplasa.es\\\/wp-content\\\/uploads\\\/2021\\\/02\\\/Grup-Castello_.jpg\",\"contentUrl\":\"https:\\\/\\\/www.reciplasa.es\\\/wp-content\\\/uploads\\\/2021\\\/02\\\/Grup-Castello_.jpg\",\"width\":1585,\"height\":782},{\"@type\":\"BreadcrumbList\",\"@id\":\"https:\\\/\\\/www.reciplasa.es\\\/la-catedra-reciplasa-de-la-uji-y-la-red-de-centros-para-la-sostenibilidad-de-castello-aunan-esfuerzos-para-la-formacion-ambiental-del-profesorado\\\/#breadcrumb\",\"itemListElement\":[{\"@type\":\"ListItem\",\"position\":1,\"name\":\"Portada\",\"item\":\"https:\\\/\\\/www.reciplasa.es\\\/va\\\/\"},{\"@type\":\"ListItem\",\"position\":2,\"name\":\"La C\u00e0tedra Reciplasa de l\u2019UJI i la Xarxa de Centres per a la Sostenibilitat de Castell\u00f3 uneixen esfor\u00e7os per a la formaci\u00f3 ambiental del professorat\"}]},{\"@type\":\"WebSite\",\"@id\":\"https:\\\/\\\/www.reciplasa.es\\\/#website\",\"url\":\"https:\\\/\\\/www.reciplasa.es\\\/\",\"name\":\"RECIPLASA\",\"description\":\"Reciclats de Residus La Plana SA\",\"potentialAction\":[{\"@type\":\"SearchAction\",\"target\":{\"@type\":\"EntryPoint\",\"urlTemplate\":\"https:\\\/\\\/www.reciplasa.es\\\/?s={search_term_string}\"},\"query-input\":{\"@type\":\"PropertyValueSpecification\",\"valueRequired\":true,\"valueName\":\"search_term_string\"}}],\"inLanguage\":\"va-VA\"},{\"@type\":\"Person\",\"@id\":\"https:\\\/\\\/www.reciplasa.es\\\/#\\\/schema\\\/person\\\/608ffc094e3c56d49e6c6ec8f1ea0e82\",\"name\":\"Cristina Marco\",\"image\":{\"@type\":\"ImageObject\",\"inLanguage\":\"va-VA\",\"@id\":\"https:\\\/\\\/secure.gravatar.com\\\/avatar\\\/6da7e00dc41d26d3c4245f3b2d70d687293df0dfc18f03719354383f7be4f34b?s=96&d=mm&r=g\",\"url\":\"https:\\\/\\\/secure.gravatar.com\\\/avatar\\\/6da7e00dc41d26d3c4245f3b2d70d687293df0dfc18f03719354383f7be4f34b?s=96&d=mm&r=g\",\"contentUrl\":\"https:\\\/\\\/secure.gravatar.com\\\/avatar\\\/6da7e00dc41d26d3c4245f3b2d70d687293df0dfc18f03719354383f7be4f34b?s=96&d=mm&r=g\",\"caption\":\"Cristina Marco\"},\"url\":\"https:\\\/\\\/www.reciplasa.es\\\/va\\\/author\\\/cristina\\\/\"}]}<\/script>\n<!-- \/ Yoast SEO plugin. -->","yoast_head_json":{"title":"La C\u00e0tedra Reciplasa de l\u2019UJI i la Xarxa de Centres per a la Sostenibilitat de Castell\u00f3 uneixen esfor\u00e7os per a la formaci\u00f3 ambiental del professorat - RECIPLASA","robots":{"index":"index","follow":"follow","max-snippet":"max-snippet:-1","max-image-preview":"max-image-preview:large","max-video-preview":"max-video-preview:-1"},"canonical":"https:\/\/www.reciplasa.es\/la-catedra-reciplasa-de-la-uji-y-la-red-de-centros-para-la-sostenibilidad-de-castello-aunan-esfuerzos-para-la-formacion-ambiental-del-profesorado\/","og_locale":"en_US","og_type":"article","og_title":"La C\u00e0tedra Reciplasa de l\u2019UJI i la Xarxa de Centres per a la Sostenibilitat de Castell\u00f3 uneixen esfor\u00e7os per a la formaci\u00f3 ambiental del professorat - RECIPLASA","og_description":"La C\u00e0tedra Reciplasa de Gesti\u00f3 de Residus Urbans de la Universitat Jaume I inclou entre els seus objectius la divulgaci\u00f3 i formaci\u00f3 de la ciutadania per a la correcta gesti\u00f3 dels residus urbans. Dins de les nombroses activitats que realitza al llarg de l\u2019any, la formaci\u00f3 ciutadana, especialment la dels m\u00e9s menuts i joves, \u00e9sDale que hay m\u00e1s ...","og_url":"https:\/\/www.reciplasa.es\/la-catedra-reciplasa-de-la-uji-y-la-red-de-centros-para-la-sostenibilidad-de-castello-aunan-esfuerzos-para-la-formacion-ambiental-del-profesorado\/","og_site_name":"RECIPLASA","article_published_time":"2021-02-26T12:01:36+00:00","og_image":[{"width":1585,"height":782,"url":"https:\/\/www.reciplasa.es\/wp-content\/uploads\/2021\/02\/Grup-Castello_.jpg","type":"image\/jpeg"}],"author":"Cristina Marco","twitter_card":"summary_large_image","twitter_misc":{"Written by":"Cristina Marco","Est. reading time":"2 minutes"},"schema":{"@context":"https:\/\/schema.org","@graph":[{"@type":"Article","@id":"https:\/\/www.reciplasa.es\/la-catedra-reciplasa-de-la-uji-y-la-red-de-centros-para-la-sostenibilidad-de-castello-aunan-esfuerzos-para-la-formacion-ambiental-del-profesorado\/#article","isPartOf":{"@id":"https:\/\/www.reciplasa.es\/la-catedra-reciplasa-de-la-uji-y-la-red-de-centros-para-la-sostenibilidad-de-castello-aunan-esfuerzos-para-la-formacion-ambiental-del-profesorado\/"},"author":{"name":"Cristina Marco","@id":"https:\/\/www.reciplasa.es\/#\/schema\/person\/608ffc094e3c56d49e6c6ec8f1ea0e82"},"headline":"La C\u00e0tedra Reciplasa de l\u2019UJI i la Xarxa de Centres per a la Sostenibilitat de Castell\u00f3 uneixen esfor\u00e7os per a la formaci\u00f3 ambiental del professorat","datePublished":"2021-02-26T12:01:36+00:00","mainEntityOfPage":{"@id":"https:\/\/www.reciplasa.es\/la-catedra-reciplasa-de-la-uji-y-la-red-de-centros-para-la-sostenibilidad-de-castello-aunan-esfuerzos-para-la-formacion-ambiental-del-profesorado\/"},"wordCount":383,"image":{"@id":"https:\/\/www.reciplasa.es\/la-catedra-reciplasa-de-la-uji-y-la-red-de-centros-para-la-sostenibilidad-de-castello-aunan-esfuerzos-para-la-formacion-ambiental-del-profesorado\/#primaryimage"},"thumbnailUrl":"https:\/\/www.reciplasa.es\/wp-content\/uploads\/2021\/02\/Grup-Castello_.jpg","articleSection":["C\u00e0tedra Reciplasa-UJI"],"inLanguage":"va-VA"},{"@type":"WebPage","@id":"https:\/\/www.reciplasa.es\/la-catedra-reciplasa-de-la-uji-y-la-red-de-centros-para-la-sostenibilidad-de-castello-aunan-esfuerzos-para-la-formacion-ambiental-del-profesorado\/","url":"https:\/\/www.reciplasa.es\/la-catedra-reciplasa-de-la-uji-y-la-red-de-centros-para-la-sostenibilidad-de-castello-aunan-esfuerzos-para-la-formacion-ambiental-del-profesorado\/","name":"La C\u00e0tedra Reciplasa de l\u2019UJI i la Xarxa de Centres per a la Sostenibilitat de Castell\u00f3 uneixen esfor\u00e7os per a la formaci\u00f3 ambiental del professorat - RECIPLASA","isPartOf":{"@id":"https:\/\/www.reciplasa.es\/#website"},"primaryImageOfPage":{"@id":"https:\/\/www.reciplasa.es\/la-catedra-reciplasa-de-la-uji-y-la-red-de-centros-para-la-sostenibilidad-de-castello-aunan-esfuerzos-para-la-formacion-ambiental-del-profesorado\/#primaryimage"},"image":{"@id":"https:\/\/www.reciplasa.es\/la-catedra-reciplasa-de-la-uji-y-la-red-de-centros-para-la-sostenibilidad-de-castello-aunan-esfuerzos-para-la-formacion-ambiental-del-profesorado\/#primaryimage"},"thumbnailUrl":"https:\/\/www.reciplasa.es\/wp-content\/uploads\/2021\/02\/Grup-Castello_.jpg","datePublished":"2021-02-26T12:01:36+00:00","author":{"@id":"https:\/\/www.reciplasa.es\/#\/schema\/person\/608ffc094e3c56d49e6c6ec8f1ea0e82"},"breadcrumb":{"@id":"https:\/\/www.reciplasa.es\/la-catedra-reciplasa-de-la-uji-y-la-red-de-centros-para-la-sostenibilidad-de-castello-aunan-esfuerzos-para-la-formacion-ambiental-del-profesorado\/#breadcrumb"},"inLanguage":"va-VA","potentialAction":[{"@type":"ReadAction","target":["https:\/\/www.reciplasa.es\/la-catedra-reciplasa-de-la-uji-y-la-red-de-centros-para-la-sostenibilidad-de-castello-aunan-esfuerzos-para-la-formacion-ambiental-del-profesorado\/"]}]},{"@type":"ImageObject","inLanguage":"va-VA","@id":"https:\/\/www.reciplasa.es\/la-catedra-reciplasa-de-la-uji-y-la-red-de-centros-para-la-sostenibilidad-de-castello-aunan-esfuerzos-para-la-formacion-ambiental-del-profesorado\/#primaryimage","url":"https:\/\/www.reciplasa.es\/wp-content\/uploads\/2021\/02\/Grup-Castello_.jpg","contentUrl":"https:\/\/www.reciplasa.es\/wp-content\/uploads\/2021\/02\/Grup-Castello_.jpg","width":1585,"height":782},{"@type":"BreadcrumbList","@id":"https:\/\/www.reciplasa.es\/la-catedra-reciplasa-de-la-uji-y-la-red-de-centros-para-la-sostenibilidad-de-castello-aunan-esfuerzos-para-la-formacion-ambiental-del-profesorado\/#breadcrumb","itemListElement":[{"@type":"ListItem","position":1,"name":"Portada","item":"https:\/\/www.reciplasa.es\/va\/"},{"@type":"ListItem","position":2,"name":"La C\u00e0tedra Reciplasa de l\u2019UJI i la Xarxa de Centres per a la Sostenibilitat de Castell\u00f3 uneixen esfor\u00e7os per a la formaci\u00f3 ambiental del professorat"}]},{"@type":"WebSite","@id":"https:\/\/www.reciplasa.es\/#website","url":"https:\/\/www.reciplasa.es\/","name":"RECIPLASA","description":"Reciclats de Residus La Plana SA","potentialAction":[{"@type":"SearchAction","target":{"@type":"EntryPoint","urlTemplate":"https:\/\/www.reciplasa.es\/?s={search_term_string}"},"query-input":{"@type":"PropertyValueSpecification","valueRequired":true,"valueName":"search_term_string"}}],"inLanguage":"va-VA"},{"@type":"Person","@id":"https:\/\/www.reciplasa.es\/#\/schema\/person\/608ffc094e3c56d49e6c6ec8f1ea0e82","name":"Cristina Marco","image":{"@type":"ImageObject","inLanguage":"va-VA","@id":"https:\/\/secure.gravatar.com\/avatar\/6da7e00dc41d26d3c4245f3b2d70d687293df0dfc18f03719354383f7be4f34b?s=96&d=mm&r=g","url":"https:\/\/secure.gravatar.com\/avatar\/6da7e00dc41d26d3c4245f3b2d70d687293df0dfc18f03719354383f7be4f34b?s=96&d=mm&r=g","contentUrl":"https:\/\/secure.gravatar.com\/avatar\/6da7e00dc41d26d3c4245f3b2d70d687293df0dfc18f03719354383f7be4f34b?s=96&d=mm&r=g","caption":"Cristina Marco"},"url":"https:\/\/www.reciplasa.es\/va\/author\/cristina\/"}]}},"_links":{"self":[{"href":"https:\/\/www.reciplasa.es\/va\/wp-json\/wp\/v2\/posts\/14702","targetHints":{"allow":["GET"]}}],"collection":[{"href":"https:\/\/www.reciplasa.es\/va\/wp-json\/wp\/v2\/posts"}],"about":[{"href":"https:\/\/www.reciplasa.es\/va\/wp-json\/wp\/v2\/types\/post"}],"author":[{"embeddable":true,"href":"https:\/\/www.reciplasa.es\/va\/wp-json\/wp\/v2\/users\/3"}],"replies":[{"embeddable":true,"href":"https:\/\/www.reciplasa.es\/va\/wp-json\/wp\/v2\/comments?post=14702"}],"version-history":[{"count":1,"href":"https:\/\/www.reciplasa.es\/va\/wp-json\/wp\/v2\/posts\/14702\/revisions"}],"predecessor-version":[{"id":14703,"href":"https:\/\/www.reciplasa.es\/va\/wp-json\/wp\/v2\/posts\/14702\/revisions\/14703"}],"wp:featuredmedia":[{"embeddable":true,"href":"https:\/\/www.reciplasa.es\/va\/wp-json\/wp\/v2\/media\/14700"}],"wp:attachment":[{"href":"https:\/\/www.reciplasa.es\/va\/wp-json\/wp\/v2\/media?parent=14702"}],"wp:term":[{"taxonomy":"category","embeddable":true,"href":"https:\/\/www.reciplasa.es\/va\/wp-json\/wp\/v2\/categories?post=14702"},{"taxonomy":"post_tag","embeddable":true,"href":"https:\/\/www.reciplasa.es\/va\/wp-json\/wp\/v2\/tags?post=14702"}],"curies":[{"name":"wp","href":"https:\/\/api.w.org\/{rel}","templated":true}]}}