{"id":14705,"date":"2021-03-10T09:42:13","date_gmt":"2021-03-10T09:42:13","guid":{"rendered":"https:\/\/www.reciplasa.es\/?p=14705\/"},"modified":"2021-03-10T10:03:49","modified_gmt":"2021-03-10T10:03:49","slug":"reciplasa-trata-un-3-menos-de-residuos-durante-el-2020","status":"publish","type":"post","link":"https:\/\/www.reciplasa.es\/va\/reciplasa-trata-un-3-menos-de-residuos-durante-el-2020\/","title":{"rendered":"Reciplasa tracta un 3% menys de residus durant el 2020"},"content":{"rendered":"<h6><em><span style=\"font-weight: 400;\"> La xifra significa que cada habitant de la zona centre de la prov\u00edncia de Castell\u00f3 ha generat 1,12 kilograms de fem al dia <\/span><\/em><\/h6>\n<p class=\"p1\">L&#8217;empresa p\u00fablica per a la gesti\u00f3 dels residus en la zona centre de la prov\u00edncia de Castell\u00f3, Reciplasa, ha va tractar durant l\u2019any 2020 156.060 tones de residus s\u00f2lids urbans significant una reducci\u00f3 del 3% respecte a l\u2019any 2019 on van ser 160.991 tones. El president de Reciplasa, Ignasi Garcia, explica que \u201c2020 ha sigut un any de canvi, tamb\u00e9 per als residus. En els 47 municipis que formen el Consorci C2 i als que dona servei Reciplasa hem aconseguit reduir-los fins a xifres que no s&#8217;aconseguien des del 2016. Per\u00f2, no hem d&#8217;aturar-nos ac\u00ed ni confiar-nos. Hem de continuar amb esta tend\u00e8ncia de descens i de consci\u00e8ncia de respecte al planeta perqu\u00e8 ens queda molt de cam\u00ed per fer i esta reducci\u00f3 que observem no \u00e9s suficient, cal ser m\u00e9s ambiciosos i seguir treballant per millorar les dades\u201d.<span class=\"Apple-converted-space\">\u00a0<\/span><\/p>\n<p class=\"p1\">La xifra acumulada significa que cadascun dels prop de 373.000 habitants d\u2019estos municipis de la zona central de la prov\u00edncia ha generat 1,12 kilograms de mitja al dia de residus s\u00f2lids urbans, que s\u00f3n els que se tracten en la planta de Reciplasa, als que s\u2019hauria de sumar les distintes fraccions que se separen en origen com el paper, envasos o vidre. A\u00e7\u00f2 suposa que cada dia, esta mateixa gent ha produ\u00eft 419 tones que han de ser tractades a les instal\u00b7lacions de l\u2019empresa p\u00fablica, quan en 2019 van ser 441.<span class=\"Apple-converted-space\">\u00a0<\/span><\/p>\n<p class=\"p1\">El president de Reciplasa conclou dient que \u201cvolem recordar que el primer pas sempre ser\u00e0 reduir, el millor residu \u00e9s aquell que no es produeix, despr\u00e9s reutilitzar i reciclar en origen. L&#8217;\u00faltim any ens ha demostrat que \u00e9s possible generar menys fem, malgrat que haja segut un any complicat per les circumst\u00e0ncies. Hem de seguir conscients que tot i les dificultats que ha generat la pand\u00e8mia del coronavirus, som capa\u00e7os d\u2019abaixar el ritme de consum i per tant, la creaci\u00f3 de residus, per\u00f2 que no \u00e9s suficient i hem de seguir treballant perqu\u00e8 arribe menys rebuig a l\u2019abocador\u201d.<\/p>\n","protected":false},"excerpt":{"rendered":"<p>La xifra significa que cada habitant de la zona centre de la prov\u00edncia de Castell\u00f3 ha generat 1,12 kilograms de fem al dia L&#8217;empresa p\u00fablica per a la gesti\u00f3 dels residus en la zona centre de la prov\u00edncia de Castell\u00f3, Reciplasa, ha va tractar durant l\u2019any 2020 156.060 tones de residus s\u00f2lids urbans significant unaDale que hay m\u00e1s &#8230;<\/p>\n","protected":false},"author":3,"featured_media":14708,"comment_status":"closed","ping_status":"closed","sticky":false,"template":"","format":"standard","meta":{"footnotes":""},"categories":[87],"tags":[],"class_list":["post-14705","post","type-post","status-publish","format-standard","has-post-thumbnail","hentry","category-noticies-corporatives"],"yoast_head":"<!-- This site is optimized with the Yoast SEO plugin v27.4 - https:\/\/yoast.com\/product\/yoast-seo-wordpress\/ -->\n<title>Reciplasa tracta un 3% menys de residus durant el 2020 - RECIPLASA<\/title>\n<meta name=\"robots\" content=\"index, follow, max-snippet:-1, max-image-preview:large, max-video-preview:-1\" \/>\n<link rel=\"canonical\" href=\"https:\/\/www.reciplasa.es\/reciplasa-trata-un-3-menos-de-residuos-durante-el-2020\/\" \/>\n<meta property=\"og:locale\" content=\"en_US\" \/>\n<meta property=\"og:type\" content=\"article\" \/>\n<meta property=\"og:title\" content=\"Reciplasa tracta un 3% menys de residus durant el 2020 - RECIPLASA\" \/>\n<meta property=\"og:description\" content=\"La xifra significa que cada habitant de la zona centre de la prov\u00edncia de Castell\u00f3 ha generat 1,12 kilograms de fem al dia L&#8217;empresa p\u00fablica per a la gesti\u00f3 dels residus en la zona centre de la prov\u00edncia de Castell\u00f3, Reciplasa, ha va tractar durant l\u2019any 2020 156.060 tones de residus s\u00f2lids urbans significant unaDale que hay m\u00e1s ...\" \/>\n<meta property=\"og:url\" content=\"https:\/\/www.reciplasa.es\/reciplasa-trata-un-3-menos-de-residuos-durante-el-2020\/\" \/>\n<meta property=\"og:site_name\" content=\"RECIPLASA\" \/>\n<meta property=\"article:published_time\" content=\"2021-03-10T09:42:13+00:00\" \/>\n<meta property=\"article:modified_time\" content=\"2021-03-10T10:03:49+00:00\" \/>\n<meta property=\"og:image\" content=\"https:\/\/www.reciplasa.es\/wp-content\/uploads\/2021\/03\/Dades-Reciplasa-2020-web.jpg\" \/>\n\t<meta property=\"og:image:width\" content=\"1700\" \/>\n\t<meta property=\"og:image:height\" content=\"987\" \/>\n\t<meta property=\"og:image:type\" content=\"image\/jpeg\" \/>\n<meta name=\"author\" content=\"Cristina Marco\" \/>\n<meta name=\"twitter:card\" content=\"summary_large_image\" \/>\n<meta name=\"twitter:label1\" content=\"Written by\" \/>\n\t<meta name=\"twitter:data1\" content=\"Cristina Marco\" \/>\n\t<meta name=\"twitter:label2\" content=\"Est. reading time\" \/>\n\t<meta name=\"twitter:data2\" content=\"2 minutes\" \/>\n<script type=\"application\/ld+json\" class=\"yoast-schema-graph\">{\"@context\":\"https:\\\/\\\/schema.org\",\"@graph\":[{\"@type\":\"Article\",\"@id\":\"https:\\\/\\\/www.reciplasa.es\\\/reciplasa-trata-un-3-menos-de-residuos-durante-el-2020\\\/#article\",\"isPartOf\":{\"@id\":\"https:\\\/\\\/www.reciplasa.es\\\/reciplasa-trata-un-3-menos-de-residuos-durante-el-2020\\\/\"},\"author\":{\"name\":\"Cristina Marco\",\"@id\":\"https:\\\/\\\/www.reciplasa.es\\\/#\\\/schema\\\/person\\\/608ffc094e3c56d49e6c6ec8f1ea0e82\"},\"headline\":\"Reciplasa tracta un 3% menys de residus durant el 2020\",\"datePublished\":\"2021-03-10T09:42:13+00:00\",\"dateModified\":\"2021-03-10T10:03:49+00:00\",\"mainEntityOfPage\":{\"@id\":\"https:\\\/\\\/www.reciplasa.es\\\/reciplasa-trata-un-3-menos-de-residuos-durante-el-2020\\\/\"},\"wordCount\":373,\"image\":{\"@id\":\"https:\\\/\\\/www.reciplasa.es\\\/reciplasa-trata-un-3-menos-de-residuos-durante-el-2020\\\/#primaryimage\"},\"thumbnailUrl\":\"https:\\\/\\\/www.reciplasa.es\\\/wp-content\\\/uploads\\\/2021\\\/03\\\/Dades-Reciplasa-2020-web.jpg\",\"articleSection\":[\"Not\u00edcies corporatives\"],\"inLanguage\":\"va-VA\"},{\"@type\":\"WebPage\",\"@id\":\"https:\\\/\\\/www.reciplasa.es\\\/reciplasa-trata-un-3-menos-de-residuos-durante-el-2020\\\/\",\"url\":\"https:\\\/\\\/www.reciplasa.es\\\/reciplasa-trata-un-3-menos-de-residuos-durante-el-2020\\\/\",\"name\":\"Reciplasa tracta un 3% menys de residus durant el 2020 - RECIPLASA\",\"isPartOf\":{\"@id\":\"https:\\\/\\\/www.reciplasa.es\\\/#website\"},\"primaryImageOfPage\":{\"@id\":\"https:\\\/\\\/www.reciplasa.es\\\/reciplasa-trata-un-3-menos-de-residuos-durante-el-2020\\\/#primaryimage\"},\"image\":{\"@id\":\"https:\\\/\\\/www.reciplasa.es\\\/reciplasa-trata-un-3-menos-de-residuos-durante-el-2020\\\/#primaryimage\"},\"thumbnailUrl\":\"https:\\\/\\\/www.reciplasa.es\\\/wp-content\\\/uploads\\\/2021\\\/03\\\/Dades-Reciplasa-2020-web.jpg\",\"datePublished\":\"2021-03-10T09:42:13+00:00\",\"dateModified\":\"2021-03-10T10:03:49+00:00\",\"author\":{\"@id\":\"https:\\\/\\\/www.reciplasa.es\\\/#\\\/schema\\\/person\\\/608ffc094e3c56d49e6c6ec8f1ea0e82\"},\"breadcrumb\":{\"@id\":\"https:\\\/\\\/www.reciplasa.es\\\/reciplasa-trata-un-3-menos-de-residuos-durante-el-2020\\\/#breadcrumb\"},\"inLanguage\":\"va-VA\",\"potentialAction\":[{\"@type\":\"ReadAction\",\"target\":[\"https:\\\/\\\/www.reciplasa.es\\\/reciplasa-trata-un-3-menos-de-residuos-durante-el-2020\\\/\"]}]},{\"@type\":\"ImageObject\",\"inLanguage\":\"va-VA\",\"@id\":\"https:\\\/\\\/www.reciplasa.es\\\/reciplasa-trata-un-3-menos-de-residuos-durante-el-2020\\\/#primaryimage\",\"url\":\"https:\\\/\\\/www.reciplasa.es\\\/wp-content\\\/uploads\\\/2021\\\/03\\\/Dades-Reciplasa-2020-web.jpg\",\"contentUrl\":\"https:\\\/\\\/www.reciplasa.es\\\/wp-content\\\/uploads\\\/2021\\\/03\\\/Dades-Reciplasa-2020-web.jpg\",\"width\":1700,\"height\":987},{\"@type\":\"BreadcrumbList\",\"@id\":\"https:\\\/\\\/www.reciplasa.es\\\/reciplasa-trata-un-3-menos-de-residuos-durante-el-2020\\\/#breadcrumb\",\"itemListElement\":[{\"@type\":\"ListItem\",\"position\":1,\"name\":\"Portada\",\"item\":\"https:\\\/\\\/www.reciplasa.es\\\/va\\\/\"},{\"@type\":\"ListItem\",\"position\":2,\"name\":\"Reciplasa tracta un 3% menys de residus durant el 2020\"}]},{\"@type\":\"WebSite\",\"@id\":\"https:\\\/\\\/www.reciplasa.es\\\/#website\",\"url\":\"https:\\\/\\\/www.reciplasa.es\\\/\",\"name\":\"RECIPLASA\",\"description\":\"Reciclats de Residus La Plana SA\",\"potentialAction\":[{\"@type\":\"SearchAction\",\"target\":{\"@type\":\"EntryPoint\",\"urlTemplate\":\"https:\\\/\\\/www.reciplasa.es\\\/?s={search_term_string}\"},\"query-input\":{\"@type\":\"PropertyValueSpecification\",\"valueRequired\":true,\"valueName\":\"search_term_string\"}}],\"inLanguage\":\"va-VA\"},{\"@type\":\"Person\",\"@id\":\"https:\\\/\\\/www.reciplasa.es\\\/#\\\/schema\\\/person\\\/608ffc094e3c56d49e6c6ec8f1ea0e82\",\"name\":\"Cristina Marco\",\"image\":{\"@type\":\"ImageObject\",\"inLanguage\":\"va-VA\",\"@id\":\"https:\\\/\\\/secure.gravatar.com\\\/avatar\\\/6da7e00dc41d26d3c4245f3b2d70d687293df0dfc18f03719354383f7be4f34b?s=96&d=mm&r=g\",\"url\":\"https:\\\/\\\/secure.gravatar.com\\\/avatar\\\/6da7e00dc41d26d3c4245f3b2d70d687293df0dfc18f03719354383f7be4f34b?s=96&d=mm&r=g\",\"contentUrl\":\"https:\\\/\\\/secure.gravatar.com\\\/avatar\\\/6da7e00dc41d26d3c4245f3b2d70d687293df0dfc18f03719354383f7be4f34b?s=96&d=mm&r=g\",\"caption\":\"Cristina Marco\"},\"url\":\"https:\\\/\\\/www.reciplasa.es\\\/va\\\/author\\\/cristina\\\/\"}]}<\/script>\n<!-- \/ Yoast SEO plugin. -->","yoast_head_json":{"title":"Reciplasa tracta un 3% menys de residus durant el 2020 - RECIPLASA","robots":{"index":"index","follow":"follow","max-snippet":"max-snippet:-1","max-image-preview":"max-image-preview:large","max-video-preview":"max-video-preview:-1"},"canonical":"https:\/\/www.reciplasa.es\/reciplasa-trata-un-3-menos-de-residuos-durante-el-2020\/","og_locale":"en_US","og_type":"article","og_title":"Reciplasa tracta un 3% menys de residus durant el 2020 - RECIPLASA","og_description":"La xifra significa que cada habitant de la zona centre de la prov\u00edncia de Castell\u00f3 ha generat 1,12 kilograms de fem al dia L&#8217;empresa p\u00fablica per a la gesti\u00f3 dels residus en la zona centre de la prov\u00edncia de Castell\u00f3, Reciplasa, ha va tractar durant l\u2019any 2020 156.060 tones de residus s\u00f2lids urbans significant unaDale que hay m\u00e1s ...","og_url":"https:\/\/www.reciplasa.es\/reciplasa-trata-un-3-menos-de-residuos-durante-el-2020\/","og_site_name":"RECIPLASA","article_published_time":"2021-03-10T09:42:13+00:00","article_modified_time":"2021-03-10T10:03:49+00:00","og_image":[{"width":1700,"height":987,"url":"https:\/\/www.reciplasa.es\/wp-content\/uploads\/2021\/03\/Dades-Reciplasa-2020-web.jpg","type":"image\/jpeg"}],"author":"Cristina Marco","twitter_card":"summary_large_image","twitter_misc":{"Written by":"Cristina Marco","Est. reading time":"2 minutes"},"schema":{"@context":"https:\/\/schema.org","@graph":[{"@type":"Article","@id":"https:\/\/www.reciplasa.es\/reciplasa-trata-un-3-menos-de-residuos-durante-el-2020\/#article","isPartOf":{"@id":"https:\/\/www.reciplasa.es\/reciplasa-trata-un-3-menos-de-residuos-durante-el-2020\/"},"author":{"name":"Cristina Marco","@id":"https:\/\/www.reciplasa.es\/#\/schema\/person\/608ffc094e3c56d49e6c6ec8f1ea0e82"},"headline":"Reciplasa tracta un 3% menys de residus durant el 2020","datePublished":"2021-03-10T09:42:13+00:00","dateModified":"2021-03-10T10:03:49+00:00","mainEntityOfPage":{"@id":"https:\/\/www.reciplasa.es\/reciplasa-trata-un-3-menos-de-residuos-durante-el-2020\/"},"wordCount":373,"image":{"@id":"https:\/\/www.reciplasa.es\/reciplasa-trata-un-3-menos-de-residuos-durante-el-2020\/#primaryimage"},"thumbnailUrl":"https:\/\/www.reciplasa.es\/wp-content\/uploads\/2021\/03\/Dades-Reciplasa-2020-web.jpg","articleSection":["Not\u00edcies corporatives"],"inLanguage":"va-VA"},{"@type":"WebPage","@id":"https:\/\/www.reciplasa.es\/reciplasa-trata-un-3-menos-de-residuos-durante-el-2020\/","url":"https:\/\/www.reciplasa.es\/reciplasa-trata-un-3-menos-de-residuos-durante-el-2020\/","name":"Reciplasa tracta un 3% menys de residus durant el 2020 - RECIPLASA","isPartOf":{"@id":"https:\/\/www.reciplasa.es\/#website"},"primaryImageOfPage":{"@id":"https:\/\/www.reciplasa.es\/reciplasa-trata-un-3-menos-de-residuos-durante-el-2020\/#primaryimage"},"image":{"@id":"https:\/\/www.reciplasa.es\/reciplasa-trata-un-3-menos-de-residuos-durante-el-2020\/#primaryimage"},"thumbnailUrl":"https:\/\/www.reciplasa.es\/wp-content\/uploads\/2021\/03\/Dades-Reciplasa-2020-web.jpg","datePublished":"2021-03-10T09:42:13+00:00","dateModified":"2021-03-10T10:03:49+00:00","author":{"@id":"https:\/\/www.reciplasa.es\/#\/schema\/person\/608ffc094e3c56d49e6c6ec8f1ea0e82"},"breadcrumb":{"@id":"https:\/\/www.reciplasa.es\/reciplasa-trata-un-3-menos-de-residuos-durante-el-2020\/#breadcrumb"},"inLanguage":"va-VA","potentialAction":[{"@type":"ReadAction","target":["https:\/\/www.reciplasa.es\/reciplasa-trata-un-3-menos-de-residuos-durante-el-2020\/"]}]},{"@type":"ImageObject","inLanguage":"va-VA","@id":"https:\/\/www.reciplasa.es\/reciplasa-trata-un-3-menos-de-residuos-durante-el-2020\/#primaryimage","url":"https:\/\/www.reciplasa.es\/wp-content\/uploads\/2021\/03\/Dades-Reciplasa-2020-web.jpg","contentUrl":"https:\/\/www.reciplasa.es\/wp-content\/uploads\/2021\/03\/Dades-Reciplasa-2020-web.jpg","width":1700,"height":987},{"@type":"BreadcrumbList","@id":"https:\/\/www.reciplasa.es\/reciplasa-trata-un-3-menos-de-residuos-durante-el-2020\/#breadcrumb","itemListElement":[{"@type":"ListItem","position":1,"name":"Portada","item":"https:\/\/www.reciplasa.es\/va\/"},{"@type":"ListItem","position":2,"name":"Reciplasa tracta un 3% menys de residus durant el 2020"}]},{"@type":"WebSite","@id":"https:\/\/www.reciplasa.es\/#website","url":"https:\/\/www.reciplasa.es\/","name":"RECIPLASA","description":"Reciclats de Residus La Plana SA","potentialAction":[{"@type":"SearchAction","target":{"@type":"EntryPoint","urlTemplate":"https:\/\/www.reciplasa.es\/?s={search_term_string}"},"query-input":{"@type":"PropertyValueSpecification","valueRequired":true,"valueName":"search_term_string"}}],"inLanguage":"va-VA"},{"@type":"Person","@id":"https:\/\/www.reciplasa.es\/#\/schema\/person\/608ffc094e3c56d49e6c6ec8f1ea0e82","name":"Cristina Marco","image":{"@type":"ImageObject","inLanguage":"va-VA","@id":"https:\/\/secure.gravatar.com\/avatar\/6da7e00dc41d26d3c4245f3b2d70d687293df0dfc18f03719354383f7be4f34b?s=96&d=mm&r=g","url":"https:\/\/secure.gravatar.com\/avatar\/6da7e00dc41d26d3c4245f3b2d70d687293df0dfc18f03719354383f7be4f34b?s=96&d=mm&r=g","contentUrl":"https:\/\/secure.gravatar.com\/avatar\/6da7e00dc41d26d3c4245f3b2d70d687293df0dfc18f03719354383f7be4f34b?s=96&d=mm&r=g","caption":"Cristina Marco"},"url":"https:\/\/www.reciplasa.es\/va\/author\/cristina\/"}]}},"_links":{"self":[{"href":"https:\/\/www.reciplasa.es\/va\/wp-json\/wp\/v2\/posts\/14705","targetHints":{"allow":["GET"]}}],"collection":[{"href":"https:\/\/www.reciplasa.es\/va\/wp-json\/wp\/v2\/posts"}],"about":[{"href":"https:\/\/www.reciplasa.es\/va\/wp-json\/wp\/v2\/types\/post"}],"author":[{"embeddable":true,"href":"https:\/\/www.reciplasa.es\/va\/wp-json\/wp\/v2\/users\/3"}],"replies":[{"embeddable":true,"href":"https:\/\/www.reciplasa.es\/va\/wp-json\/wp\/v2\/comments?post=14705"}],"version-history":[{"count":4,"href":"https:\/\/www.reciplasa.es\/va\/wp-json\/wp\/v2\/posts\/14705\/revisions"}],"predecessor-version":[{"id":14711,"href":"https:\/\/www.reciplasa.es\/va\/wp-json\/wp\/v2\/posts\/14705\/revisions\/14711"}],"wp:featuredmedia":[{"embeddable":true,"href":"https:\/\/www.reciplasa.es\/va\/wp-json\/wp\/v2\/media\/14708"}],"wp:attachment":[{"href":"https:\/\/www.reciplasa.es\/va\/wp-json\/wp\/v2\/media?parent=14705"}],"wp:term":[{"taxonomy":"category","embeddable":true,"href":"https:\/\/www.reciplasa.es\/va\/wp-json\/wp\/v2\/categories?post=14705"},{"taxonomy":"post_tag","embeddable":true,"href":"https:\/\/www.reciplasa.es\/va\/wp-json\/wp\/v2\/tags?post=14705"}],"curies":[{"name":"wp","href":"https:\/\/api.w.org\/{rel}","templated":true}]}}