{"id":14727,"date":"2021-03-16T08:43:36","date_gmt":"2021-03-16T08:43:36","guid":{"rendered":"https:\/\/www.reciplasa.es\/?p=14727\/"},"modified":"2023-07-25T14:59:40","modified_gmt":"2023-07-25T14:59:40","slug":"la-catedra-reciplasa-de-luji-i-el-seminari-deducacio-ambiental-convoquen-la-quarta-edicio-del-concurs-que-fem-amb-fem","status":"publish","type":"post","link":"https:\/\/www.reciplasa.es\/va\/la-catedra-reciplasa-de-luji-i-el-seminari-deducacio-ambiental-convoquen-la-quarta-edicio-del-concurs-que-fem-amb-fem\/","title":{"rendered":"La C\u00e0tedra Reciplasa de l\u2019UJI i el Seminari d\u2019Educaci\u00f3 Ambiental convoquen la quarta edici\u00f3 del concurs \u00abQu\u00e8 fem amb fem?\u00bb"},"content":{"rendered":"<p>La C\u00e0tedra Reciplasa de Gesti\u00f3 de\u00a0Residus Urbans de la Universitat Jaume I i el Seminari d\u2019Educaci\u00f3 Ambiental de Castell\u00f3 han convocat la quarta edici\u00f3 del concurs <a href=\"https:\/\/www.reciplasa.es\/va\/quefemambelfem\/\">\u00abQu\u00e8 fem amb el fem?\u00bb<\/a>, una ferma aposta per l\u2019educaci\u00f3 ambiental de la ciutadania del futur com una de les vies per a assolir una major sostenibilitat ambiental. La iniciativa dirigida a la comunitat educativa des d\u2019infantil fins a secund\u00e0ria busca involucrar els joves en la consci\u00e8ncia social al voltant de la gesti\u00f3 dels residus que es generen, aix\u00ed com motivar-los a buscar solucions a aquesta problem\u00e0tica.<\/p>\n<p><a href=\"https:\/\/www.reciplasa.es\/va\/quefemambelfem\/\"><em>Qu\u00e8 fem amb el fem?<\/em><\/a>\u00a0\u00e9s un concurs en qu\u00e8 es pot participar amb maquetes, v\u00eddeos o relats que pret\u00e9n desenvolupar la creativitat i l\u2019expressi\u00f3 de coneixements cient\u00edfics, matem\u00e0tics i tecnol\u00f2gics, mitjan\u00e7ant diferents llenguatges art\u00edstics per tal de fomentar una ciutadania cr\u00edticament activa i responsable per a avan\u00e7ar cap a un model de societat m\u00e9s sostenible. La inscripci\u00f3 en el concurs estar\u00e0 oberta fins al 20 abril de 2021.<\/p>\n<p>Est\u00e0 adre\u00e7at a tots els nivells educatius (infantil, prim\u00e0ria, secund\u00e0ria i educaci\u00f3 especial), als quals es\u00a0convida a reflexionar per a prendre consci\u00e8ncia sobre la import\u00e0ncia que t\u00e9 la gesti\u00f3 dels residus s\u00f2lids urbans en la nostra societat. Alguns dels temes proposats s\u00f3n l\u2019economia circular, la recollida selectiva, l\u2019impacte dels residus, la tecnologia de residus o la seua valoritzaci\u00f3 com a recurs, i aspectes al voltant de les \u00ab4R\u00bb: reduir, reciclar, reutilitzar i recuperar.<\/p>\n<p>La inscripci\u00f3 es realitza mitjan\u00e7ant formulari en l\u00ednia en aquest enlla\u00e7:\u00a0<a href=\"https:\/\/forms.gle\/CPV1TXtK9zqgcLn38\">https:\/\/forms.gle\/CPV1TXtK9zqgcLn38<\/a>. Els treballs, que poden presentar-se en valenci\u00e0, castell\u00e0 o angl\u00e8s, cal enviar-los juntament amb el\u00a0formulari d\u2019inscripci\u00f3 que hi ha en\u00a0la p\u00e0gina de la c\u00e0tedra, al correu electr\u00f2nic\u00a0<a href=\"mailto:catedrareciplasa@uji.es\">catedrareciplasa@uji.es<\/a>\u00a0fins al 12 de maig de 2021. Els premis es donaran a con\u00e8ixer a principis de juny, coincidint amb el Dia Mundial del Medi Ambient.<\/p>\n","protected":false},"excerpt":{"rendered":"<p>La C\u00e0tedra Reciplasa de Gesti\u00f3 de\u00a0Residus Urbans de la Universitat Jaume I i el Seminari d\u2019Educaci\u00f3 Ambiental de Castell\u00f3 han convocat la quarta edici\u00f3 del concurs \u00abQu\u00e8 fem amb el fem?\u00bb, una ferma aposta per l\u2019educaci\u00f3 ambiental de la ciutadania del futur com una de les vies per a assolir una major sostenibilitat ambiental. LaDale que hay m\u00e1s &#8230;<\/p>\n","protected":false},"author":3,"featured_media":14723,"comment_status":"closed","ping_status":"closed","sticky":false,"template":"","format":"standard","meta":{"footnotes":""},"categories":[88],"tags":[],"class_list":["post-14727","post","type-post","status-publish","format-standard","has-post-thumbnail","hentry","category-catedra-reciplasa-uji"],"yoast_head":"<!-- This site is optimized with the Yoast SEO plugin v27.4 - https:\/\/yoast.com\/product\/yoast-seo-wordpress\/ -->\n<title>La C\u00e0tedra Reciplasa de l\u2019UJI i el Seminari d\u2019Educaci\u00f3 Ambiental convoquen la quarta edici\u00f3 del concurs \u00abQu\u00e8 fem amb fem?\u00bb - RECIPLASA<\/title>\n<meta name=\"description\" content=\"La iniciativa dirigida des d\u2019infantil fins a secund\u00e0ria busca involucrar els joves en la consci\u00e8ncia al voltant de la gesti\u00f3 dels residus que es generen, aix\u00ed com motivar-los a buscar solucions a aquesta problem\u00e0tica.\" \/>\n<meta name=\"robots\" content=\"index, follow, max-snippet:-1, max-image-preview:large, max-video-preview:-1\" \/>\n<link rel=\"canonical\" href=\"https:\/\/www.reciplasa.es\/la-catedra-reciplasa-de-la-uji-y-el-seminario-de-educacion-ambiental-convocan-la-cuarta-edicion-del-concurso-que-fem-amb-el-fem\/\" \/>\n<meta property=\"og:locale\" content=\"en_US\" \/>\n<meta property=\"og:type\" content=\"article\" \/>\n<meta property=\"og:title\" content=\"La C\u00e0tedra Reciplasa de l\u2019UJI i el Seminari d\u2019Educaci\u00f3 Ambiental convoquen la quarta edici\u00f3 del concurs \u00abQu\u00e8 fem amb fem?\u00bb - RECIPLASA\" \/>\n<meta property=\"og:description\" content=\"La iniciativa dirigida des d\u2019infantil fins a secund\u00e0ria busca involucrar els joves en la consci\u00e8ncia al voltant de la gesti\u00f3 dels residus que es generen, aix\u00ed com motivar-los a buscar solucions a aquesta problem\u00e0tica.\" \/>\n<meta property=\"og:url\" content=\"https:\/\/www.reciplasa.es\/la-catedra-reciplasa-de-la-uji-y-el-seminario-de-educacion-ambiental-convocan-la-cuarta-edicion-del-concurso-que-fem-amb-el-fem\/\" \/>\n<meta property=\"og:site_name\" content=\"RECIPLASA\" \/>\n<meta property=\"article:published_time\" content=\"2021-03-16T08:43:36+00:00\" \/>\n<meta property=\"article:modified_time\" content=\"2023-07-25T14:59:40+00:00\" \/>\n<meta property=\"og:image\" content=\"https:\/\/www.reciplasa.es\/wp-content\/uploads\/2021\/03\/PremisReciplasa2020-10-scaled.jpg\" \/>\n\t<meta property=\"og:image:width\" content=\"2560\" \/>\n\t<meta property=\"og:image:height\" content=\"1707\" \/>\n\t<meta property=\"og:image:type\" content=\"image\/jpeg\" \/>\n<meta name=\"author\" content=\"Cristina Marco\" \/>\n<meta name=\"twitter:card\" content=\"summary_large_image\" \/>\n<meta name=\"twitter:label1\" content=\"Written by\" \/>\n\t<meta name=\"twitter:data1\" content=\"Cristina Marco\" \/>\n\t<meta name=\"twitter:label2\" content=\"Est. reading time\" \/>\n\t<meta name=\"twitter:data2\" content=\"2 minutes\" \/>\n<script type=\"application\/ld+json\" class=\"yoast-schema-graph\">{\"@context\":\"https:\\\/\\\/schema.org\",\"@graph\":[{\"@type\":\"Article\",\"@id\":\"https:\\\/\\\/www.reciplasa.es\\\/la-catedra-reciplasa-de-la-uji-y-el-seminario-de-educacion-ambiental-convocan-la-cuarta-edicion-del-concurso-que-fem-amb-el-fem\\\/#article\",\"isPartOf\":{\"@id\":\"https:\\\/\\\/www.reciplasa.es\\\/la-catedra-reciplasa-de-la-uji-y-el-seminario-de-educacion-ambiental-convocan-la-cuarta-edicion-del-concurso-que-fem-amb-el-fem\\\/\"},\"author\":{\"name\":\"Cristina Marco\",\"@id\":\"https:\\\/\\\/www.reciplasa.es\\\/#\\\/schema\\\/person\\\/608ffc094e3c56d49e6c6ec8f1ea0e82\"},\"headline\":\"La C\u00e0tedra Reciplasa de l\u2019UJI i el Seminari d\u2019Educaci\u00f3 Ambiental convoquen la quarta edici\u00f3 del concurs \u00abQu\u00e8 fem amb fem?\u00bb\",\"datePublished\":\"2021-03-16T08:43:36+00:00\",\"dateModified\":\"2023-07-25T14:59:40+00:00\",\"mainEntityOfPage\":{\"@id\":\"https:\\\/\\\/www.reciplasa.es\\\/la-catedra-reciplasa-de-la-uji-y-el-seminario-de-educacion-ambiental-convocan-la-cuarta-edicion-del-concurso-que-fem-amb-el-fem\\\/\"},\"wordCount\":365,\"image\":{\"@id\":\"https:\\\/\\\/www.reciplasa.es\\\/la-catedra-reciplasa-de-la-uji-y-el-seminario-de-educacion-ambiental-convocan-la-cuarta-edicion-del-concurso-que-fem-amb-el-fem\\\/#primaryimage\"},\"thumbnailUrl\":\"https:\\\/\\\/www.reciplasa.es\\\/wp-content\\\/uploads\\\/2021\\\/03\\\/PremisReciplasa2020-10-scaled.jpg\",\"articleSection\":[\"C\u00e0tedra Reciplasa-UJI\"],\"inLanguage\":\"va-VA\"},{\"@type\":\"WebPage\",\"@id\":\"https:\\\/\\\/www.reciplasa.es\\\/la-catedra-reciplasa-de-la-uji-y-el-seminario-de-educacion-ambiental-convocan-la-cuarta-edicion-del-concurso-que-fem-amb-el-fem\\\/\",\"url\":\"https:\\\/\\\/www.reciplasa.es\\\/la-catedra-reciplasa-de-la-uji-y-el-seminario-de-educacion-ambiental-convocan-la-cuarta-edicion-del-concurso-que-fem-amb-el-fem\\\/\",\"name\":\"La C\u00e0tedra Reciplasa de l\u2019UJI i el Seminari d\u2019Educaci\u00f3 Ambiental convoquen la quarta edici\u00f3 del concurs \u00abQu\u00e8 fem amb fem?\u00bb - RECIPLASA\",\"isPartOf\":{\"@id\":\"https:\\\/\\\/www.reciplasa.es\\\/#website\"},\"primaryImageOfPage\":{\"@id\":\"https:\\\/\\\/www.reciplasa.es\\\/la-catedra-reciplasa-de-la-uji-y-el-seminario-de-educacion-ambiental-convocan-la-cuarta-edicion-del-concurso-que-fem-amb-el-fem\\\/#primaryimage\"},\"image\":{\"@id\":\"https:\\\/\\\/www.reciplasa.es\\\/la-catedra-reciplasa-de-la-uji-y-el-seminario-de-educacion-ambiental-convocan-la-cuarta-edicion-del-concurso-que-fem-amb-el-fem\\\/#primaryimage\"},\"thumbnailUrl\":\"https:\\\/\\\/www.reciplasa.es\\\/wp-content\\\/uploads\\\/2021\\\/03\\\/PremisReciplasa2020-10-scaled.jpg\",\"datePublished\":\"2021-03-16T08:43:36+00:00\",\"dateModified\":\"2023-07-25T14:59:40+00:00\",\"author\":{\"@id\":\"https:\\\/\\\/www.reciplasa.es\\\/#\\\/schema\\\/person\\\/608ffc094e3c56d49e6c6ec8f1ea0e82\"},\"description\":\"La iniciativa dirigida des d\u2019infantil fins a secund\u00e0ria busca involucrar els joves en la consci\u00e8ncia al voltant de la gesti\u00f3 dels residus que es generen, aix\u00ed com motivar-los a buscar solucions a aquesta problem\u00e0tica.\",\"breadcrumb\":{\"@id\":\"https:\\\/\\\/www.reciplasa.es\\\/la-catedra-reciplasa-de-la-uji-y-el-seminario-de-educacion-ambiental-convocan-la-cuarta-edicion-del-concurso-que-fem-amb-el-fem\\\/#breadcrumb\"},\"inLanguage\":\"va-VA\",\"potentialAction\":[{\"@type\":\"ReadAction\",\"target\":[\"https:\\\/\\\/www.reciplasa.es\\\/la-catedra-reciplasa-de-la-uji-y-el-seminario-de-educacion-ambiental-convocan-la-cuarta-edicion-del-concurso-que-fem-amb-el-fem\\\/\"]}]},{\"@type\":\"ImageObject\",\"inLanguage\":\"va-VA\",\"@id\":\"https:\\\/\\\/www.reciplasa.es\\\/la-catedra-reciplasa-de-la-uji-y-el-seminario-de-educacion-ambiental-convocan-la-cuarta-edicion-del-concurso-que-fem-amb-el-fem\\\/#primaryimage\",\"url\":\"https:\\\/\\\/www.reciplasa.es\\\/wp-content\\\/uploads\\\/2021\\\/03\\\/PremisReciplasa2020-10-scaled.jpg\",\"contentUrl\":\"https:\\\/\\\/www.reciplasa.es\\\/wp-content\\\/uploads\\\/2021\\\/03\\\/PremisReciplasa2020-10-scaled.jpg\",\"width\":2560,\"height\":1707,\"caption\":\"entrega premios Qu\u00e8 fem amb el fem?\"},{\"@type\":\"BreadcrumbList\",\"@id\":\"https:\\\/\\\/www.reciplasa.es\\\/la-catedra-reciplasa-de-la-uji-y-el-seminario-de-educacion-ambiental-convocan-la-cuarta-edicion-del-concurso-que-fem-amb-el-fem\\\/#breadcrumb\",\"itemListElement\":[{\"@type\":\"ListItem\",\"position\":1,\"name\":\"Portada\",\"item\":\"https:\\\/\\\/www.reciplasa.es\\\/va\\\/\"},{\"@type\":\"ListItem\",\"position\":2,\"name\":\"La C\u00e0tedra Reciplasa de l\u2019UJI i el Seminari d\u2019Educaci\u00f3 Ambiental convoquen la quarta edici\u00f3 del concurs \u00abQu\u00e8 fem amb fem?\u00bb\"}]},{\"@type\":\"WebSite\",\"@id\":\"https:\\\/\\\/www.reciplasa.es\\\/#website\",\"url\":\"https:\\\/\\\/www.reciplasa.es\\\/\",\"name\":\"RECIPLASA\",\"description\":\"Reciclats de Residus La Plana SA\",\"potentialAction\":[{\"@type\":\"SearchAction\",\"target\":{\"@type\":\"EntryPoint\",\"urlTemplate\":\"https:\\\/\\\/www.reciplasa.es\\\/?s={search_term_string}\"},\"query-input\":{\"@type\":\"PropertyValueSpecification\",\"valueRequired\":true,\"valueName\":\"search_term_string\"}}],\"inLanguage\":\"va-VA\"},{\"@type\":\"Person\",\"@id\":\"https:\\\/\\\/www.reciplasa.es\\\/#\\\/schema\\\/person\\\/608ffc094e3c56d49e6c6ec8f1ea0e82\",\"name\":\"Cristina Marco\",\"image\":{\"@type\":\"ImageObject\",\"inLanguage\":\"va-VA\",\"@id\":\"https:\\\/\\\/secure.gravatar.com\\\/avatar\\\/6da7e00dc41d26d3c4245f3b2d70d687293df0dfc18f03719354383f7be4f34b?s=96&d=mm&r=g\",\"url\":\"https:\\\/\\\/secure.gravatar.com\\\/avatar\\\/6da7e00dc41d26d3c4245f3b2d70d687293df0dfc18f03719354383f7be4f34b?s=96&d=mm&r=g\",\"contentUrl\":\"https:\\\/\\\/secure.gravatar.com\\\/avatar\\\/6da7e00dc41d26d3c4245f3b2d70d687293df0dfc18f03719354383f7be4f34b?s=96&d=mm&r=g\",\"caption\":\"Cristina Marco\"},\"url\":\"https:\\\/\\\/www.reciplasa.es\\\/va\\\/author\\\/cristina\\\/\"}]}<\/script>\n<!-- \/ Yoast SEO plugin. -->","yoast_head_json":{"title":"La C\u00e0tedra Reciplasa de l\u2019UJI i el Seminari d\u2019Educaci\u00f3 Ambiental convoquen la quarta edici\u00f3 del concurs \u00abQu\u00e8 fem amb fem?\u00bb - RECIPLASA","description":"La iniciativa dirigida des d\u2019infantil fins a secund\u00e0ria busca involucrar els joves en la consci\u00e8ncia al voltant de la gesti\u00f3 dels residus que es generen, aix\u00ed com motivar-los a buscar solucions a aquesta problem\u00e0tica.","robots":{"index":"index","follow":"follow","max-snippet":"max-snippet:-1","max-image-preview":"max-image-preview:large","max-video-preview":"max-video-preview:-1"},"canonical":"https:\/\/www.reciplasa.es\/la-catedra-reciplasa-de-la-uji-y-el-seminario-de-educacion-ambiental-convocan-la-cuarta-edicion-del-concurso-que-fem-amb-el-fem\/","og_locale":"en_US","og_type":"article","og_title":"La C\u00e0tedra Reciplasa de l\u2019UJI i el Seminari d\u2019Educaci\u00f3 Ambiental convoquen la quarta edici\u00f3 del concurs \u00abQu\u00e8 fem amb fem?\u00bb - RECIPLASA","og_description":"La iniciativa dirigida des d\u2019infantil fins a secund\u00e0ria busca involucrar els joves en la consci\u00e8ncia al voltant de la gesti\u00f3 dels residus que es generen, aix\u00ed com motivar-los a buscar solucions a aquesta problem\u00e0tica.","og_url":"https:\/\/www.reciplasa.es\/la-catedra-reciplasa-de-la-uji-y-el-seminario-de-educacion-ambiental-convocan-la-cuarta-edicion-del-concurso-que-fem-amb-el-fem\/","og_site_name":"RECIPLASA","article_published_time":"2021-03-16T08:43:36+00:00","article_modified_time":"2023-07-25T14:59:40+00:00","og_image":[{"width":2560,"height":1707,"url":"https:\/\/www.reciplasa.es\/wp-content\/uploads\/2021\/03\/PremisReciplasa2020-10-scaled.jpg","type":"image\/jpeg"}],"author":"Cristina Marco","twitter_card":"summary_large_image","twitter_misc":{"Written by":"Cristina Marco","Est. reading time":"2 minutes"},"schema":{"@context":"https:\/\/schema.org","@graph":[{"@type":"Article","@id":"https:\/\/www.reciplasa.es\/la-catedra-reciplasa-de-la-uji-y-el-seminario-de-educacion-ambiental-convocan-la-cuarta-edicion-del-concurso-que-fem-amb-el-fem\/#article","isPartOf":{"@id":"https:\/\/www.reciplasa.es\/la-catedra-reciplasa-de-la-uji-y-el-seminario-de-educacion-ambiental-convocan-la-cuarta-edicion-del-concurso-que-fem-amb-el-fem\/"},"author":{"name":"Cristina Marco","@id":"https:\/\/www.reciplasa.es\/#\/schema\/person\/608ffc094e3c56d49e6c6ec8f1ea0e82"},"headline":"La C\u00e0tedra Reciplasa de l\u2019UJI i el Seminari d\u2019Educaci\u00f3 Ambiental convoquen la quarta edici\u00f3 del concurs \u00abQu\u00e8 fem amb fem?\u00bb","datePublished":"2021-03-16T08:43:36+00:00","dateModified":"2023-07-25T14:59:40+00:00","mainEntityOfPage":{"@id":"https:\/\/www.reciplasa.es\/la-catedra-reciplasa-de-la-uji-y-el-seminario-de-educacion-ambiental-convocan-la-cuarta-edicion-del-concurso-que-fem-amb-el-fem\/"},"wordCount":365,"image":{"@id":"https:\/\/www.reciplasa.es\/la-catedra-reciplasa-de-la-uji-y-el-seminario-de-educacion-ambiental-convocan-la-cuarta-edicion-del-concurso-que-fem-amb-el-fem\/#primaryimage"},"thumbnailUrl":"https:\/\/www.reciplasa.es\/wp-content\/uploads\/2021\/03\/PremisReciplasa2020-10-scaled.jpg","articleSection":["C\u00e0tedra Reciplasa-UJI"],"inLanguage":"va-VA"},{"@type":"WebPage","@id":"https:\/\/www.reciplasa.es\/la-catedra-reciplasa-de-la-uji-y-el-seminario-de-educacion-ambiental-convocan-la-cuarta-edicion-del-concurso-que-fem-amb-el-fem\/","url":"https:\/\/www.reciplasa.es\/la-catedra-reciplasa-de-la-uji-y-el-seminario-de-educacion-ambiental-convocan-la-cuarta-edicion-del-concurso-que-fem-amb-el-fem\/","name":"La C\u00e0tedra Reciplasa de l\u2019UJI i el Seminari d\u2019Educaci\u00f3 Ambiental convoquen la quarta edici\u00f3 del concurs \u00abQu\u00e8 fem amb fem?\u00bb - RECIPLASA","isPartOf":{"@id":"https:\/\/www.reciplasa.es\/#website"},"primaryImageOfPage":{"@id":"https:\/\/www.reciplasa.es\/la-catedra-reciplasa-de-la-uji-y-el-seminario-de-educacion-ambiental-convocan-la-cuarta-edicion-del-concurso-que-fem-amb-el-fem\/#primaryimage"},"image":{"@id":"https:\/\/www.reciplasa.es\/la-catedra-reciplasa-de-la-uji-y-el-seminario-de-educacion-ambiental-convocan-la-cuarta-edicion-del-concurso-que-fem-amb-el-fem\/#primaryimage"},"thumbnailUrl":"https:\/\/www.reciplasa.es\/wp-content\/uploads\/2021\/03\/PremisReciplasa2020-10-scaled.jpg","datePublished":"2021-03-16T08:43:36+00:00","dateModified":"2023-07-25T14:59:40+00:00","author":{"@id":"https:\/\/www.reciplasa.es\/#\/schema\/person\/608ffc094e3c56d49e6c6ec8f1ea0e82"},"description":"La iniciativa dirigida des d\u2019infantil fins a secund\u00e0ria busca involucrar els joves en la consci\u00e8ncia al voltant de la gesti\u00f3 dels residus que es generen, aix\u00ed com motivar-los a buscar solucions a aquesta problem\u00e0tica.","breadcrumb":{"@id":"https:\/\/www.reciplasa.es\/la-catedra-reciplasa-de-la-uji-y-el-seminario-de-educacion-ambiental-convocan-la-cuarta-edicion-del-concurso-que-fem-amb-el-fem\/#breadcrumb"},"inLanguage":"va-VA","potentialAction":[{"@type":"ReadAction","target":["https:\/\/www.reciplasa.es\/la-catedra-reciplasa-de-la-uji-y-el-seminario-de-educacion-ambiental-convocan-la-cuarta-edicion-del-concurso-que-fem-amb-el-fem\/"]}]},{"@type":"ImageObject","inLanguage":"va-VA","@id":"https:\/\/www.reciplasa.es\/la-catedra-reciplasa-de-la-uji-y-el-seminario-de-educacion-ambiental-convocan-la-cuarta-edicion-del-concurso-que-fem-amb-el-fem\/#primaryimage","url":"https:\/\/www.reciplasa.es\/wp-content\/uploads\/2021\/03\/PremisReciplasa2020-10-scaled.jpg","contentUrl":"https:\/\/www.reciplasa.es\/wp-content\/uploads\/2021\/03\/PremisReciplasa2020-10-scaled.jpg","width":2560,"height":1707,"caption":"entrega premios Qu\u00e8 fem amb el fem?"},{"@type":"BreadcrumbList","@id":"https:\/\/www.reciplasa.es\/la-catedra-reciplasa-de-la-uji-y-el-seminario-de-educacion-ambiental-convocan-la-cuarta-edicion-del-concurso-que-fem-amb-el-fem\/#breadcrumb","itemListElement":[{"@type":"ListItem","position":1,"name":"Portada","item":"https:\/\/www.reciplasa.es\/va\/"},{"@type":"ListItem","position":2,"name":"La C\u00e0tedra Reciplasa de l\u2019UJI i el Seminari d\u2019Educaci\u00f3 Ambiental convoquen la quarta edici\u00f3 del concurs \u00abQu\u00e8 fem amb fem?\u00bb"}]},{"@type":"WebSite","@id":"https:\/\/www.reciplasa.es\/#website","url":"https:\/\/www.reciplasa.es\/","name":"RECIPLASA","description":"Reciclats de Residus La Plana SA","potentialAction":[{"@type":"SearchAction","target":{"@type":"EntryPoint","urlTemplate":"https:\/\/www.reciplasa.es\/?s={search_term_string}"},"query-input":{"@type":"PropertyValueSpecification","valueRequired":true,"valueName":"search_term_string"}}],"inLanguage":"va-VA"},{"@type":"Person","@id":"https:\/\/www.reciplasa.es\/#\/schema\/person\/608ffc094e3c56d49e6c6ec8f1ea0e82","name":"Cristina Marco","image":{"@type":"ImageObject","inLanguage":"va-VA","@id":"https:\/\/secure.gravatar.com\/avatar\/6da7e00dc41d26d3c4245f3b2d70d687293df0dfc18f03719354383f7be4f34b?s=96&d=mm&r=g","url":"https:\/\/secure.gravatar.com\/avatar\/6da7e00dc41d26d3c4245f3b2d70d687293df0dfc18f03719354383f7be4f34b?s=96&d=mm&r=g","contentUrl":"https:\/\/secure.gravatar.com\/avatar\/6da7e00dc41d26d3c4245f3b2d70d687293df0dfc18f03719354383f7be4f34b?s=96&d=mm&r=g","caption":"Cristina Marco"},"url":"https:\/\/www.reciplasa.es\/va\/author\/cristina\/"}]}},"_links":{"self":[{"href":"https:\/\/www.reciplasa.es\/va\/wp-json\/wp\/v2\/posts\/14727","targetHints":{"allow":["GET"]}}],"collection":[{"href":"https:\/\/www.reciplasa.es\/va\/wp-json\/wp\/v2\/posts"}],"about":[{"href":"https:\/\/www.reciplasa.es\/va\/wp-json\/wp\/v2\/types\/post"}],"author":[{"embeddable":true,"href":"https:\/\/www.reciplasa.es\/va\/wp-json\/wp\/v2\/users\/3"}],"replies":[{"embeddable":true,"href":"https:\/\/www.reciplasa.es\/va\/wp-json\/wp\/v2\/comments?post=14727"}],"version-history":[{"count":1,"href":"https:\/\/www.reciplasa.es\/va\/wp-json\/wp\/v2\/posts\/14727\/revisions"}],"predecessor-version":[{"id":14728,"href":"https:\/\/www.reciplasa.es\/va\/wp-json\/wp\/v2\/posts\/14727\/revisions\/14728"}],"wp:featuredmedia":[{"embeddable":true,"href":"https:\/\/www.reciplasa.es\/va\/wp-json\/wp\/v2\/media\/14723"}],"wp:attachment":[{"href":"https:\/\/www.reciplasa.es\/va\/wp-json\/wp\/v2\/media?parent=14727"}],"wp:term":[{"taxonomy":"category","embeddable":true,"href":"https:\/\/www.reciplasa.es\/va\/wp-json\/wp\/v2\/categories?post=14727"},{"taxonomy":"post_tag","embeddable":true,"href":"https:\/\/www.reciplasa.es\/va\/wp-json\/wp\/v2\/tags?post=14727"}],"curies":[{"name":"wp","href":"https:\/\/api.w.org\/{rel}","templated":true}]}}