{"id":14791,"date":"2021-04-07T14:44:26","date_gmt":"2021-04-07T14:44:26","guid":{"rendered":"https:\/\/www.reciplasa.es\/?p=14791\/"},"modified":"2021-04-07T14:46:44","modified_gmt":"2021-04-07T14:46:44","slug":"educadores-ambientales-del-consorcio-c2-visitan-la-planta-de-reciplasa-para-conocer-la-gestion-de-los-residuos-de-la-zona","status":"publish","type":"post","link":"https:\/\/www.reciplasa.es\/va\/educadores-ambientales-del-consorcio-c2-visitan-la-planta-de-reciplasa-para-conocer-la-gestion-de-los-residuos-de-la-zona\/","title":{"rendered":"Educadors ambientals del Consorci C2 visiten la planta de Reciplasa per a con\u00e9ixer la gesti\u00f3 dels residus de la zona"},"content":{"rendered":"<h6><em><span style=\"font-weight: 400;\"> L&#8217;objectiu \u00e9s informar als educadors els qui explicaran a la ciutadania com es tracta els seus residus i resoldran els seus dubtes<\/span><\/em><\/h6>\n<p class=\"p1\">Els educadors ambientals del Consorci C2 han visitat la planta de tractament de Reciplasa per a con\u00e9ixer com es gestionen els residus de la zona centre de la prov\u00edncia de Castell\u00f3. El president de Reciplasa, Ignasi Garcia, explica que \u201cl&#8217;objectiu \u00e9s que coneguen de primera m\u00e0 tot el procediment de tractament dels residus i el puguen explicar a la ciutadania i als comer\u00e7os, aix\u00ed com resoldre tots els dubtes que sol generar a la gent la separaci\u00f3 en origen i el tractament posterior\u201d.<\/p>\n<p class=\"p1\">Aquest servei d&#8217;Educaci\u00f3 Ambiental es d\u00f3na a les poblacions de menys de 5.000 habitants de la prov\u00edncia, amb el qual s&#8217;informa a peu de carrer. En aquesta visita han conegut totes les instal\u00b7lacions i el seu funcionament. Garcia destaca que \u201c\u00e9s necessari que caminem cap a una economia circular, i per a aix\u00f2, \u00e9s necessari que la poblaci\u00f3 conega i estiga informada sobre tot el proc\u00e9s, des que tiren la bossa de fem i qu\u00e8 passa despr\u00e9s de depositar-la en els contenidors\u201d.<\/p>\n<p><img loading=\"lazy\" decoding=\"async\" class=\"aligncenter wp-image-14792 size-large\" src=\"https:\/\/www.reciplasa.es\/wp-content\/uploads\/2021\/04\/Educadors-ambientals-visiten-la-planta-Reciplasa-2-1024x683.jpg\" alt=\"\" width=\"800\" height=\"534\" srcset=\"https:\/\/www.reciplasa.es\/wp-content\/uploads\/2021\/04\/Educadors-ambientals-visiten-la-planta-Reciplasa-2-1024x683.jpg 1024w, https:\/\/www.reciplasa.es\/wp-content\/uploads\/2021\/04\/Educadors-ambientals-visiten-la-planta-Reciplasa-2-300x200.jpg 300w, https:\/\/www.reciplasa.es\/wp-content\/uploads\/2021\/04\/Educadors-ambientals-visiten-la-planta-Reciplasa-2-768x512.jpg 768w, https:\/\/www.reciplasa.es\/wp-content\/uploads\/2021\/04\/Educadors-ambientals-visiten-la-planta-Reciplasa-2-1536x1024.jpg 1536w, https:\/\/www.reciplasa.es\/wp-content\/uploads\/2021\/04\/Educadors-ambientals-visiten-la-planta-Reciplasa-2.jpg 2048w\" sizes=\"auto, (max-width: 800px) 100vw, 800px\" \/><\/p>\n<p class=\"p1\">\u201cEl primer objectiu sempre \u00e9s reduir els nostres residus i per a aix\u00f2 hem de posar tots de la nostra part, tot gest compta, i per aix\u00f2, des de Reciplasa volem acostar tota aquesta informaci\u00f3 a la poblaci\u00f3 i coneguen el nostre treball\u201d i afig que \u201caquesta transici\u00f3 cap a una economia m\u00e9s verda passa per com gestionem dia a dia els nostres residus, recordant reduir, reutilitzar i reciclar\u201d.<\/p>\n","protected":false},"excerpt":{"rendered":"<p>L&#8217;objectiu \u00e9s informar als educadors els qui explicaran a la ciutadania com es tracta els seus residus i resoldran els seus dubtes Els educadors ambientals del Consorci C2 han visitat la planta de tractament de Reciplasa per a con\u00e9ixer com es gestionen els residus de la zona centre de la prov\u00edncia de Castell\u00f3. El presidentDale que hay m\u00e1s &#8230;<\/p>\n","protected":false},"author":3,"featured_media":14793,"comment_status":"closed","ping_status":"closed","sticky":false,"template":"","format":"standard","meta":{"footnotes":""},"categories":[87],"tags":[],"class_list":["post-14791","post","type-post","status-publish","format-standard","has-post-thumbnail","hentry","category-noticies-corporatives"],"yoast_head":"<!-- This site is optimized with the Yoast SEO plugin v27.4 - https:\/\/yoast.com\/product\/yoast-seo-wordpress\/ -->\n<title>Educadors ambientals del Consorci C2 visiten la planta de Reciplasa per a con\u00e9ixer la gesti\u00f3 dels residus de la zona - RECIPLASA<\/title>\n<meta name=\"robots\" content=\"index, follow, max-snippet:-1, max-image-preview:large, max-video-preview:-1\" \/>\n<link rel=\"canonical\" href=\"https:\/\/www.reciplasa.es\/educadores-ambientales-del-consorcio-c2-visitan-la-planta-de-reciplasa-para-conocer-la-gestion-de-los-residuos-de-la-zona\/\" \/>\n<meta property=\"og:locale\" content=\"en_US\" \/>\n<meta property=\"og:type\" content=\"article\" \/>\n<meta property=\"og:title\" content=\"Educadors ambientals del Consorci C2 visiten la planta de Reciplasa per a con\u00e9ixer la gesti\u00f3 dels residus de la zona - RECIPLASA\" \/>\n<meta property=\"og:description\" content=\"L&#8217;objectiu \u00e9s informar als educadors els qui explicaran a la ciutadania com es tracta els seus residus i resoldran els seus dubtes Els educadors ambientals del Consorci C2 han visitat la planta de tractament de Reciplasa per a con\u00e9ixer com es gestionen els residus de la zona centre de la prov\u00edncia de Castell\u00f3. El presidentDale que hay m\u00e1s ...\" \/>\n<meta property=\"og:url\" content=\"https:\/\/www.reciplasa.es\/educadores-ambientales-del-consorcio-c2-visitan-la-planta-de-reciplasa-para-conocer-la-gestion-de-los-residuos-de-la-zona\/\" \/>\n<meta property=\"og:site_name\" content=\"RECIPLASA\" \/>\n<meta property=\"article:published_time\" content=\"2021-04-07T14:44:26+00:00\" \/>\n<meta property=\"article:modified_time\" content=\"2021-04-07T14:46:44+00:00\" \/>\n<meta property=\"og:image\" content=\"https:\/\/www.reciplasa.es\/wp-content\/uploads\/2021\/04\/Educadors-ambientals-visiten-la-planta-Reciplasa.jpg\" \/>\n\t<meta property=\"og:image:width\" content=\"2048\" \/>\n\t<meta property=\"og:image:height\" content=\"1365\" \/>\n\t<meta property=\"og:image:type\" content=\"image\/jpeg\" \/>\n<meta name=\"author\" content=\"Cristina Marco\" \/>\n<meta name=\"twitter:card\" content=\"summary_large_image\" \/>\n<meta name=\"twitter:label1\" content=\"Written by\" \/>\n\t<meta name=\"twitter:data1\" content=\"Cristina Marco\" \/>\n\t<meta name=\"twitter:label2\" content=\"Est. reading time\" \/>\n\t<meta name=\"twitter:data2\" content=\"2 minutes\" \/>\n<script type=\"application\/ld+json\" class=\"yoast-schema-graph\">{\"@context\":\"https:\\\/\\\/schema.org\",\"@graph\":[{\"@type\":\"Article\",\"@id\":\"https:\\\/\\\/www.reciplasa.es\\\/educadores-ambientales-del-consorcio-c2-visitan-la-planta-de-reciplasa-para-conocer-la-gestion-de-los-residuos-de-la-zona\\\/#article\",\"isPartOf\":{\"@id\":\"https:\\\/\\\/www.reciplasa.es\\\/educadores-ambientales-del-consorcio-c2-visitan-la-planta-de-reciplasa-para-conocer-la-gestion-de-los-residuos-de-la-zona\\\/\"},\"author\":{\"name\":\"Cristina Marco\",\"@id\":\"https:\\\/\\\/www.reciplasa.es\\\/#\\\/schema\\\/person\\\/608ffc094e3c56d49e6c6ec8f1ea0e82\"},\"headline\":\"Educadors ambientals del Consorci C2 visiten la planta de Reciplasa per a con\u00e9ixer la gesti\u00f3 dels residus de la zona\",\"datePublished\":\"2021-04-07T14:44:26+00:00\",\"dateModified\":\"2021-04-07T14:46:44+00:00\",\"mainEntityOfPage\":{\"@id\":\"https:\\\/\\\/www.reciplasa.es\\\/educadores-ambientales-del-consorcio-c2-visitan-la-planta-de-reciplasa-para-conocer-la-gestion-de-los-residuos-de-la-zona\\\/\"},\"wordCount\":289,\"image\":{\"@id\":\"https:\\\/\\\/www.reciplasa.es\\\/educadores-ambientales-del-consorcio-c2-visitan-la-planta-de-reciplasa-para-conocer-la-gestion-de-los-residuos-de-la-zona\\\/#primaryimage\"},\"thumbnailUrl\":\"https:\\\/\\\/www.reciplasa.es\\\/wp-content\\\/uploads\\\/2021\\\/04\\\/Educadors-ambientals-visiten-la-planta-Reciplasa.jpg\",\"articleSection\":[\"Not\u00edcies corporatives\"],\"inLanguage\":\"va-VA\"},{\"@type\":\"WebPage\",\"@id\":\"https:\\\/\\\/www.reciplasa.es\\\/educadores-ambientales-del-consorcio-c2-visitan-la-planta-de-reciplasa-para-conocer-la-gestion-de-los-residuos-de-la-zona\\\/\",\"url\":\"https:\\\/\\\/www.reciplasa.es\\\/educadores-ambientales-del-consorcio-c2-visitan-la-planta-de-reciplasa-para-conocer-la-gestion-de-los-residuos-de-la-zona\\\/\",\"name\":\"Educadors ambientals del Consorci C2 visiten la planta de Reciplasa per a con\u00e9ixer la gesti\u00f3 dels residus de la zona - RECIPLASA\",\"isPartOf\":{\"@id\":\"https:\\\/\\\/www.reciplasa.es\\\/#website\"},\"primaryImageOfPage\":{\"@id\":\"https:\\\/\\\/www.reciplasa.es\\\/educadores-ambientales-del-consorcio-c2-visitan-la-planta-de-reciplasa-para-conocer-la-gestion-de-los-residuos-de-la-zona\\\/#primaryimage\"},\"image\":{\"@id\":\"https:\\\/\\\/www.reciplasa.es\\\/educadores-ambientales-del-consorcio-c2-visitan-la-planta-de-reciplasa-para-conocer-la-gestion-de-los-residuos-de-la-zona\\\/#primaryimage\"},\"thumbnailUrl\":\"https:\\\/\\\/www.reciplasa.es\\\/wp-content\\\/uploads\\\/2021\\\/04\\\/Educadors-ambientals-visiten-la-planta-Reciplasa.jpg\",\"datePublished\":\"2021-04-07T14:44:26+00:00\",\"dateModified\":\"2021-04-07T14:46:44+00:00\",\"author\":{\"@id\":\"https:\\\/\\\/www.reciplasa.es\\\/#\\\/schema\\\/person\\\/608ffc094e3c56d49e6c6ec8f1ea0e82\"},\"breadcrumb\":{\"@id\":\"https:\\\/\\\/www.reciplasa.es\\\/educadores-ambientales-del-consorcio-c2-visitan-la-planta-de-reciplasa-para-conocer-la-gestion-de-los-residuos-de-la-zona\\\/#breadcrumb\"},\"inLanguage\":\"va-VA\",\"potentialAction\":[{\"@type\":\"ReadAction\",\"target\":[\"https:\\\/\\\/www.reciplasa.es\\\/educadores-ambientales-del-consorcio-c2-visitan-la-planta-de-reciplasa-para-conocer-la-gestion-de-los-residuos-de-la-zona\\\/\"]}]},{\"@type\":\"ImageObject\",\"inLanguage\":\"va-VA\",\"@id\":\"https:\\\/\\\/www.reciplasa.es\\\/educadores-ambientales-del-consorcio-c2-visitan-la-planta-de-reciplasa-para-conocer-la-gestion-de-los-residuos-de-la-zona\\\/#primaryimage\",\"url\":\"https:\\\/\\\/www.reciplasa.es\\\/wp-content\\\/uploads\\\/2021\\\/04\\\/Educadors-ambientals-visiten-la-planta-Reciplasa.jpg\",\"contentUrl\":\"https:\\\/\\\/www.reciplasa.es\\\/wp-content\\\/uploads\\\/2021\\\/04\\\/Educadors-ambientals-visiten-la-planta-Reciplasa.jpg\",\"width\":2048,\"height\":1365},{\"@type\":\"BreadcrumbList\",\"@id\":\"https:\\\/\\\/www.reciplasa.es\\\/educadores-ambientales-del-consorcio-c2-visitan-la-planta-de-reciplasa-para-conocer-la-gestion-de-los-residuos-de-la-zona\\\/#breadcrumb\",\"itemListElement\":[{\"@type\":\"ListItem\",\"position\":1,\"name\":\"Portada\",\"item\":\"https:\\\/\\\/www.reciplasa.es\\\/va\\\/\"},{\"@type\":\"ListItem\",\"position\":2,\"name\":\"Educadors ambientals del Consorci C2 visiten la planta de Reciplasa per a con\u00e9ixer la gesti\u00f3 dels residus de la zona\"}]},{\"@type\":\"WebSite\",\"@id\":\"https:\\\/\\\/www.reciplasa.es\\\/#website\",\"url\":\"https:\\\/\\\/www.reciplasa.es\\\/\",\"name\":\"RECIPLASA\",\"description\":\"Reciclats de Residus La Plana SA\",\"potentialAction\":[{\"@type\":\"SearchAction\",\"target\":{\"@type\":\"EntryPoint\",\"urlTemplate\":\"https:\\\/\\\/www.reciplasa.es\\\/?s={search_term_string}\"},\"query-input\":{\"@type\":\"PropertyValueSpecification\",\"valueRequired\":true,\"valueName\":\"search_term_string\"}}],\"inLanguage\":\"va-VA\"},{\"@type\":\"Person\",\"@id\":\"https:\\\/\\\/www.reciplasa.es\\\/#\\\/schema\\\/person\\\/608ffc094e3c56d49e6c6ec8f1ea0e82\",\"name\":\"Cristina Marco\",\"image\":{\"@type\":\"ImageObject\",\"inLanguage\":\"va-VA\",\"@id\":\"https:\\\/\\\/secure.gravatar.com\\\/avatar\\\/6da7e00dc41d26d3c4245f3b2d70d687293df0dfc18f03719354383f7be4f34b?s=96&d=mm&r=g\",\"url\":\"https:\\\/\\\/secure.gravatar.com\\\/avatar\\\/6da7e00dc41d26d3c4245f3b2d70d687293df0dfc18f03719354383f7be4f34b?s=96&d=mm&r=g\",\"contentUrl\":\"https:\\\/\\\/secure.gravatar.com\\\/avatar\\\/6da7e00dc41d26d3c4245f3b2d70d687293df0dfc18f03719354383f7be4f34b?s=96&d=mm&r=g\",\"caption\":\"Cristina Marco\"},\"url\":\"https:\\\/\\\/www.reciplasa.es\\\/va\\\/author\\\/cristina\\\/\"}]}<\/script>\n<!-- \/ Yoast SEO plugin. -->","yoast_head_json":{"title":"Educadors ambientals del Consorci C2 visiten la planta de Reciplasa per a con\u00e9ixer la gesti\u00f3 dels residus de la zona - RECIPLASA","robots":{"index":"index","follow":"follow","max-snippet":"max-snippet:-1","max-image-preview":"max-image-preview:large","max-video-preview":"max-video-preview:-1"},"canonical":"https:\/\/www.reciplasa.es\/educadores-ambientales-del-consorcio-c2-visitan-la-planta-de-reciplasa-para-conocer-la-gestion-de-los-residuos-de-la-zona\/","og_locale":"en_US","og_type":"article","og_title":"Educadors ambientals del Consorci C2 visiten la planta de Reciplasa per a con\u00e9ixer la gesti\u00f3 dels residus de la zona - RECIPLASA","og_description":"L&#8217;objectiu \u00e9s informar als educadors els qui explicaran a la ciutadania com es tracta els seus residus i resoldran els seus dubtes Els educadors ambientals del Consorci C2 han visitat la planta de tractament de Reciplasa per a con\u00e9ixer com es gestionen els residus de la zona centre de la prov\u00edncia de Castell\u00f3. El presidentDale que hay m\u00e1s ...","og_url":"https:\/\/www.reciplasa.es\/educadores-ambientales-del-consorcio-c2-visitan-la-planta-de-reciplasa-para-conocer-la-gestion-de-los-residuos-de-la-zona\/","og_site_name":"RECIPLASA","article_published_time":"2021-04-07T14:44:26+00:00","article_modified_time":"2021-04-07T14:46:44+00:00","og_image":[{"width":2048,"height":1365,"url":"https:\/\/www.reciplasa.es\/wp-content\/uploads\/2021\/04\/Educadors-ambientals-visiten-la-planta-Reciplasa.jpg","type":"image\/jpeg"}],"author":"Cristina Marco","twitter_card":"summary_large_image","twitter_misc":{"Written by":"Cristina Marco","Est. reading time":"2 minutes"},"schema":{"@context":"https:\/\/schema.org","@graph":[{"@type":"Article","@id":"https:\/\/www.reciplasa.es\/educadores-ambientales-del-consorcio-c2-visitan-la-planta-de-reciplasa-para-conocer-la-gestion-de-los-residuos-de-la-zona\/#article","isPartOf":{"@id":"https:\/\/www.reciplasa.es\/educadores-ambientales-del-consorcio-c2-visitan-la-planta-de-reciplasa-para-conocer-la-gestion-de-los-residuos-de-la-zona\/"},"author":{"name":"Cristina Marco","@id":"https:\/\/www.reciplasa.es\/#\/schema\/person\/608ffc094e3c56d49e6c6ec8f1ea0e82"},"headline":"Educadors ambientals del Consorci C2 visiten la planta de Reciplasa per a con\u00e9ixer la gesti\u00f3 dels residus de la zona","datePublished":"2021-04-07T14:44:26+00:00","dateModified":"2021-04-07T14:46:44+00:00","mainEntityOfPage":{"@id":"https:\/\/www.reciplasa.es\/educadores-ambientales-del-consorcio-c2-visitan-la-planta-de-reciplasa-para-conocer-la-gestion-de-los-residuos-de-la-zona\/"},"wordCount":289,"image":{"@id":"https:\/\/www.reciplasa.es\/educadores-ambientales-del-consorcio-c2-visitan-la-planta-de-reciplasa-para-conocer-la-gestion-de-los-residuos-de-la-zona\/#primaryimage"},"thumbnailUrl":"https:\/\/www.reciplasa.es\/wp-content\/uploads\/2021\/04\/Educadors-ambientals-visiten-la-planta-Reciplasa.jpg","articleSection":["Not\u00edcies corporatives"],"inLanguage":"va-VA"},{"@type":"WebPage","@id":"https:\/\/www.reciplasa.es\/educadores-ambientales-del-consorcio-c2-visitan-la-planta-de-reciplasa-para-conocer-la-gestion-de-los-residuos-de-la-zona\/","url":"https:\/\/www.reciplasa.es\/educadores-ambientales-del-consorcio-c2-visitan-la-planta-de-reciplasa-para-conocer-la-gestion-de-los-residuos-de-la-zona\/","name":"Educadors ambientals del Consorci C2 visiten la planta de Reciplasa per a con\u00e9ixer la gesti\u00f3 dels residus de la zona - RECIPLASA","isPartOf":{"@id":"https:\/\/www.reciplasa.es\/#website"},"primaryImageOfPage":{"@id":"https:\/\/www.reciplasa.es\/educadores-ambientales-del-consorcio-c2-visitan-la-planta-de-reciplasa-para-conocer-la-gestion-de-los-residuos-de-la-zona\/#primaryimage"},"image":{"@id":"https:\/\/www.reciplasa.es\/educadores-ambientales-del-consorcio-c2-visitan-la-planta-de-reciplasa-para-conocer-la-gestion-de-los-residuos-de-la-zona\/#primaryimage"},"thumbnailUrl":"https:\/\/www.reciplasa.es\/wp-content\/uploads\/2021\/04\/Educadors-ambientals-visiten-la-planta-Reciplasa.jpg","datePublished":"2021-04-07T14:44:26+00:00","dateModified":"2021-04-07T14:46:44+00:00","author":{"@id":"https:\/\/www.reciplasa.es\/#\/schema\/person\/608ffc094e3c56d49e6c6ec8f1ea0e82"},"breadcrumb":{"@id":"https:\/\/www.reciplasa.es\/educadores-ambientales-del-consorcio-c2-visitan-la-planta-de-reciplasa-para-conocer-la-gestion-de-los-residuos-de-la-zona\/#breadcrumb"},"inLanguage":"va-VA","potentialAction":[{"@type":"ReadAction","target":["https:\/\/www.reciplasa.es\/educadores-ambientales-del-consorcio-c2-visitan-la-planta-de-reciplasa-para-conocer-la-gestion-de-los-residuos-de-la-zona\/"]}]},{"@type":"ImageObject","inLanguage":"va-VA","@id":"https:\/\/www.reciplasa.es\/educadores-ambientales-del-consorcio-c2-visitan-la-planta-de-reciplasa-para-conocer-la-gestion-de-los-residuos-de-la-zona\/#primaryimage","url":"https:\/\/www.reciplasa.es\/wp-content\/uploads\/2021\/04\/Educadors-ambientals-visiten-la-planta-Reciplasa.jpg","contentUrl":"https:\/\/www.reciplasa.es\/wp-content\/uploads\/2021\/04\/Educadors-ambientals-visiten-la-planta-Reciplasa.jpg","width":2048,"height":1365},{"@type":"BreadcrumbList","@id":"https:\/\/www.reciplasa.es\/educadores-ambientales-del-consorcio-c2-visitan-la-planta-de-reciplasa-para-conocer-la-gestion-de-los-residuos-de-la-zona\/#breadcrumb","itemListElement":[{"@type":"ListItem","position":1,"name":"Portada","item":"https:\/\/www.reciplasa.es\/va\/"},{"@type":"ListItem","position":2,"name":"Educadors ambientals del Consorci C2 visiten la planta de Reciplasa per a con\u00e9ixer la gesti\u00f3 dels residus de la zona"}]},{"@type":"WebSite","@id":"https:\/\/www.reciplasa.es\/#website","url":"https:\/\/www.reciplasa.es\/","name":"RECIPLASA","description":"Reciclats de Residus La Plana SA","potentialAction":[{"@type":"SearchAction","target":{"@type":"EntryPoint","urlTemplate":"https:\/\/www.reciplasa.es\/?s={search_term_string}"},"query-input":{"@type":"PropertyValueSpecification","valueRequired":true,"valueName":"search_term_string"}}],"inLanguage":"va-VA"},{"@type":"Person","@id":"https:\/\/www.reciplasa.es\/#\/schema\/person\/608ffc094e3c56d49e6c6ec8f1ea0e82","name":"Cristina Marco","image":{"@type":"ImageObject","inLanguage":"va-VA","@id":"https:\/\/secure.gravatar.com\/avatar\/6da7e00dc41d26d3c4245f3b2d70d687293df0dfc18f03719354383f7be4f34b?s=96&d=mm&r=g","url":"https:\/\/secure.gravatar.com\/avatar\/6da7e00dc41d26d3c4245f3b2d70d687293df0dfc18f03719354383f7be4f34b?s=96&d=mm&r=g","contentUrl":"https:\/\/secure.gravatar.com\/avatar\/6da7e00dc41d26d3c4245f3b2d70d687293df0dfc18f03719354383f7be4f34b?s=96&d=mm&r=g","caption":"Cristina Marco"},"url":"https:\/\/www.reciplasa.es\/va\/author\/cristina\/"}]}},"_links":{"self":[{"href":"https:\/\/www.reciplasa.es\/va\/wp-json\/wp\/v2\/posts\/14791","targetHints":{"allow":["GET"]}}],"collection":[{"href":"https:\/\/www.reciplasa.es\/va\/wp-json\/wp\/v2\/posts"}],"about":[{"href":"https:\/\/www.reciplasa.es\/va\/wp-json\/wp\/v2\/types\/post"}],"author":[{"embeddable":true,"href":"https:\/\/www.reciplasa.es\/va\/wp-json\/wp\/v2\/users\/3"}],"replies":[{"embeddable":true,"href":"https:\/\/www.reciplasa.es\/va\/wp-json\/wp\/v2\/comments?post=14791"}],"version-history":[{"count":4,"href":"https:\/\/www.reciplasa.es\/va\/wp-json\/wp\/v2\/posts\/14791\/revisions"}],"predecessor-version":[{"id":14797,"href":"https:\/\/www.reciplasa.es\/va\/wp-json\/wp\/v2\/posts\/14791\/revisions\/14797"}],"wp:featuredmedia":[{"embeddable":true,"href":"https:\/\/www.reciplasa.es\/va\/wp-json\/wp\/v2\/media\/14793"}],"wp:attachment":[{"href":"https:\/\/www.reciplasa.es\/va\/wp-json\/wp\/v2\/media?parent=14791"}],"wp:term":[{"taxonomy":"category","embeddable":true,"href":"https:\/\/www.reciplasa.es\/va\/wp-json\/wp\/v2\/categories?post=14791"},{"taxonomy":"post_tag","embeddable":true,"href":"https:\/\/www.reciplasa.es\/va\/wp-json\/wp\/v2\/tags?post=14791"}],"curies":[{"name":"wp","href":"https:\/\/api.w.org\/{rel}","templated":true}]}}