{"id":14823,"date":"2021-05-06T13:06:04","date_gmt":"2021-05-06T13:06:04","guid":{"rendered":"https:\/\/www.reciplasa.es\/?p=14823\/"},"modified":"2021-05-06T13:06:04","modified_gmt":"2021-05-06T13:06:04","slug":"reciplasa-instal%c2%b7la-dos-separadors-balistics-per-a-reduir-els-residus-que-arriben-a-labocador","status":"publish","type":"post","link":"https:\/\/www.reciplasa.es\/va\/reciplasa-instal%c2%b7la-dos-separadors-balistics-per-a-reduir-els-residus-que-arriben-a-labocador\/","title":{"rendered":"Reciplasa instal\u00b7la dos separadors bal\u00edstics per a reduir els residus que arriben a l\u2019abocador"},"content":{"rendered":"<h6><em><span style=\"font-weight: 400;\"> La inversi\u00f3 de m\u00e9s d&#8217;1.340.000 euros millora la separaci\u00f3 d&#8217;elements de pl\u00e0stic, alumini i cart\u00f3<\/span><\/em><\/h6>\n<p class=\"p2\">Reciplasa, l&#8217;empresa p\u00fablica de tractament i gesti\u00f3 de residus de la zona centre de Castell\u00f3, ha instal\u00b7lat dos separadors bal\u00edstics en la planta d&#8217;Onda. \u201cLa nova maquin\u00e0ria permet reduir els rebutjos de pl\u00e0stic, alumini i cart\u00f3 enviats a abocador, amb els conseg\u00fcents beneficis ambientals i econ\u00f2mics\u201d, explica el seu president, Ignasi Garcia. L&#8217;adquisici\u00f3 s&#8217;emmarca dins de la inversi\u00f3 de m\u00e9s de 40 milions aprovada en 2017 que l&#8217;empresa va realitzar per a \u201cadaptar-se a les normatives m\u00e9s exigents de la Uni\u00f3 Europea\u201d, afig Garcia.<\/p>\n<p class=\"p2\">Els separadors bal\u00edstics classifiquen els materials en funci\u00f3 de la grand\u00e0ria, la forma i la densitat per a facilitar la seua posterior selecci\u00f3. Dels residus que passen pels separadors s&#8217;obtenen tres corrents diferents, explica Garcia: la fracci\u00f3 de fins, la de materials rodants, constitu\u00efda principalment per botelles, llandes i Cart\u00f3 per a Begudes i Aliments (CBA), i el corrent de planars, formada en la seua majoria per llen\u00e7ols de pl\u00e0stic film, P\/C i altres materials de 2D.<\/p>\n<p><img loading=\"lazy\" decoding=\"async\" class=\"aligncenter wp-image-14819 size-large\" src=\"https:\/\/www.reciplasa.es\/wp-content\/uploads\/2021\/05\/Planta-Reciplasa-1024x684.jpg\" alt=\"\" width=\"800\" height=\"534\" srcset=\"https:\/\/www.reciplasa.es\/wp-content\/uploads\/2021\/05\/Planta-Reciplasa-1024x684.jpg 1024w, https:\/\/www.reciplasa.es\/wp-content\/uploads\/2021\/05\/Planta-Reciplasa-300x200.jpg 300w, https:\/\/www.reciplasa.es\/wp-content\/uploads\/2021\/05\/Planta-Reciplasa-768x513.jpg 768w, https:\/\/www.reciplasa.es\/wp-content\/uploads\/2021\/05\/Planta-Reciplasa-1536x1025.jpg 1536w, https:\/\/www.reciplasa.es\/wp-content\/uploads\/2021\/05\/Planta-Reciplasa-2048x1367.jpg 2048w\" sizes=\"auto, (max-width: 800px) 100vw, 800px\" \/><\/p>\n<p class=\"p2\">Fins ara, la planta comptava amb dues l\u00ednies de selecci\u00f3 de residus, amb aquesta incorporaci\u00f3 es divideix en dos cadascun dels fluxos. \u201cAix\u00f2 permet reduir la quantitat i els tipus de residus que passen per les taules de triatge manual, la qual cosa repercutir\u00e0 en una millor recuperaci\u00f3. A m\u00e9s, amb la finalitat d&#8217;optimitzar la recuperaci\u00f3 de subproductes, es passa de quatre a sis operaris per l\u00ednia. Tamb\u00e9 s&#8217;han incorporat nous separadors magn\u00e8tics per a la recuperaci\u00f3 de metalls\u201d, afirma Ignasi Garcia.<\/p>\n<p class=\"p2\">Els subproductes que milloraran la seua recuperaci\u00f3 seran els envasos f\u00e8rrics, PET, PEAD i CBA, els envasos de cart\u00f3 i altres tipologies de residus com, per exemple, pl\u00e0stics mesclats, alguns tipus d&#8217;envasos d&#8217;alumini, pl\u00e0stics de gran galga i altres. Les dades que maneja Reciplasa apunten a un increment de recuperaci\u00f3 de subproductes estimat en 2340 tones que es recuperaran per a la seua posterior reutilitzaci\u00f3 en lloc de rebutjar-se en l&#8217;abocador, amb els conseg\u00fcents beneficis ambientals i econ\u00f2mics, recalca el president de l&#8217;empresa p\u00fablica.<\/p>\n","protected":false},"excerpt":{"rendered":"<p>La inversi\u00f3 de m\u00e9s d&#8217;1.340.000 euros millora la separaci\u00f3 d&#8217;elements de pl\u00e0stic, alumini i cart\u00f3 Reciplasa, l&#8217;empresa p\u00fablica de tractament i gesti\u00f3 de residus de la zona centre de Castell\u00f3, ha instal\u00b7lat dos separadors bal\u00edstics en la planta d&#8217;Onda. \u201cLa nova maquin\u00e0ria permet reduir els rebutjos de pl\u00e0stic, alumini i cart\u00f3 enviats a abocador, ambDale que hay m\u00e1s &#8230;<\/p>\n","protected":false},"author":3,"featured_media":14821,"comment_status":"closed","ping_status":"closed","sticky":false,"template":"","format":"standard","meta":{"footnotes":""},"categories":[87],"tags":[],"class_list":["post-14823","post","type-post","status-publish","format-standard","has-post-thumbnail","hentry","category-noticies-corporatives"],"yoast_head":"<!-- This site is optimized with the Yoast SEO plugin v27.4 - https:\/\/yoast.com\/product\/yoast-seo-wordpress\/ -->\n<title>Reciplasa instal\u00b7la dos separadors bal\u00edstics per a reduir els residus que arriben a l\u2019abocador - RECIPLASA<\/title>\n<meta name=\"robots\" content=\"index, follow, max-snippet:-1, max-image-preview:large, max-video-preview:-1\" \/>\n<link rel=\"canonical\" href=\"https:\/\/www.reciplasa.es\/va\/reciplasa-instal\u00b7la-dos-separadors-balistics-per-a-reduir-els-residus-que-arriben-a-labocador\/\" \/>\n<meta property=\"og:locale\" content=\"en_US\" \/>\n<meta property=\"og:type\" content=\"article\" \/>\n<meta property=\"og:title\" content=\"Reciplasa instal\u00b7la dos separadors bal\u00edstics per a reduir els residus que arriben a l\u2019abocador - RECIPLASA\" \/>\n<meta property=\"og:description\" content=\"La inversi\u00f3 de m\u00e9s d&#8217;1.340.000 euros millora la separaci\u00f3 d&#8217;elements de pl\u00e0stic, alumini i cart\u00f3 Reciplasa, l&#8217;empresa p\u00fablica de tractament i gesti\u00f3 de residus de la zona centre de Castell\u00f3, ha instal\u00b7lat dos separadors bal\u00edstics en la planta d&#8217;Onda. \u201cLa nova maquin\u00e0ria permet reduir els rebutjos de pl\u00e0stic, alumini i cart\u00f3 enviats a abocador, ambDale que hay m\u00e1s ...\" \/>\n<meta property=\"og:url\" content=\"https:\/\/www.reciplasa.es\/va\/reciplasa-instal\u00b7la-dos-separadors-balistics-per-a-reduir-els-residus-que-arriben-a-labocador\/\" \/>\n<meta property=\"og:site_name\" content=\"RECIPLASA\" \/>\n<meta property=\"article:published_time\" content=\"2021-05-06T13:06:04+00:00\" \/>\n<meta property=\"og:image\" content=\"https:\/\/www.reciplasa.es\/wp-content\/uploads\/2021\/05\/Reciplasa-reportaje.jpg\" \/>\n\t<meta property=\"og:image:width\" content=\"2048\" \/>\n\t<meta property=\"og:image:height\" content=\"1365\" \/>\n\t<meta property=\"og:image:type\" content=\"image\/jpeg\" \/>\n<meta name=\"author\" content=\"Cristina Marco\" \/>\n<meta name=\"twitter:card\" content=\"summary_large_image\" \/>\n<meta name=\"twitter:label1\" content=\"Written by\" \/>\n\t<meta name=\"twitter:data1\" content=\"Cristina Marco\" \/>\n\t<meta name=\"twitter:label2\" content=\"Est. reading time\" \/>\n\t<meta name=\"twitter:data2\" content=\"2 minutes\" \/>\n<script type=\"application\/ld+json\" class=\"yoast-schema-graph\">{\"@context\":\"https:\\\/\\\/schema.org\",\"@graph\":[{\"@type\":\"Article\",\"@id\":\"https:\\\/\\\/www.reciplasa.es\\\/va\\\/reciplasa-instal%c2%b7la-dos-separadors-balistics-per-a-reduir-els-residus-que-arriben-a-labocador\\\/#article\",\"isPartOf\":{\"@id\":\"https:\\\/\\\/www.reciplasa.es\\\/va\\\/reciplasa-instal%c2%b7la-dos-separadors-balistics-per-a-reduir-els-residus-que-arriben-a-labocador\\\/\"},\"author\":{\"name\":\"Cristina Marco\",\"@id\":\"https:\\\/\\\/www.reciplasa.es\\\/#\\\/schema\\\/person\\\/608ffc094e3c56d49e6c6ec8f1ea0e82\"},\"headline\":\"Reciplasa instal\u00b7la dos separadors bal\u00edstics per a reduir els residus que arriben a l\u2019abocador\",\"datePublished\":\"2021-05-06T13:06:04+00:00\",\"mainEntityOfPage\":{\"@id\":\"https:\\\/\\\/www.reciplasa.es\\\/va\\\/reciplasa-instal%c2%b7la-dos-separadors-balistics-per-a-reduir-els-residus-que-arriben-a-labocador\\\/\"},\"wordCount\":396,\"image\":{\"@id\":\"https:\\\/\\\/www.reciplasa.es\\\/va\\\/reciplasa-instal%c2%b7la-dos-separadors-balistics-per-a-reduir-els-residus-que-arriben-a-labocador\\\/#primaryimage\"},\"thumbnailUrl\":\"https:\\\/\\\/www.reciplasa.es\\\/wp-content\\\/uploads\\\/2021\\\/05\\\/Reciplasa-reportaje.jpg\",\"articleSection\":[\"Not\u00edcies corporatives\"],\"inLanguage\":\"va-VA\"},{\"@type\":\"WebPage\",\"@id\":\"https:\\\/\\\/www.reciplasa.es\\\/va\\\/reciplasa-instal%c2%b7la-dos-separadors-balistics-per-a-reduir-els-residus-que-arriben-a-labocador\\\/\",\"url\":\"https:\\\/\\\/www.reciplasa.es\\\/va\\\/reciplasa-instal%c2%b7la-dos-separadors-balistics-per-a-reduir-els-residus-que-arriben-a-labocador\\\/\",\"name\":\"Reciplasa instal\u00b7la dos separadors bal\u00edstics per a reduir els residus que arriben a l\u2019abocador - RECIPLASA\",\"isPartOf\":{\"@id\":\"https:\\\/\\\/www.reciplasa.es\\\/#website\"},\"primaryImageOfPage\":{\"@id\":\"https:\\\/\\\/www.reciplasa.es\\\/va\\\/reciplasa-instal%c2%b7la-dos-separadors-balistics-per-a-reduir-els-residus-que-arriben-a-labocador\\\/#primaryimage\"},\"image\":{\"@id\":\"https:\\\/\\\/www.reciplasa.es\\\/va\\\/reciplasa-instal%c2%b7la-dos-separadors-balistics-per-a-reduir-els-residus-que-arriben-a-labocador\\\/#primaryimage\"},\"thumbnailUrl\":\"https:\\\/\\\/www.reciplasa.es\\\/wp-content\\\/uploads\\\/2021\\\/05\\\/Reciplasa-reportaje.jpg\",\"datePublished\":\"2021-05-06T13:06:04+00:00\",\"author\":{\"@id\":\"https:\\\/\\\/www.reciplasa.es\\\/#\\\/schema\\\/person\\\/608ffc094e3c56d49e6c6ec8f1ea0e82\"},\"breadcrumb\":{\"@id\":\"https:\\\/\\\/www.reciplasa.es\\\/va\\\/reciplasa-instal%c2%b7la-dos-separadors-balistics-per-a-reduir-els-residus-que-arriben-a-labocador\\\/#breadcrumb\"},\"inLanguage\":\"va-VA\",\"potentialAction\":[{\"@type\":\"ReadAction\",\"target\":[\"https:\\\/\\\/www.reciplasa.es\\\/va\\\/reciplasa-instal%c2%b7la-dos-separadors-balistics-per-a-reduir-els-residus-que-arriben-a-labocador\\\/\"]}]},{\"@type\":\"ImageObject\",\"inLanguage\":\"va-VA\",\"@id\":\"https:\\\/\\\/www.reciplasa.es\\\/va\\\/reciplasa-instal%c2%b7la-dos-separadors-balistics-per-a-reduir-els-residus-que-arriben-a-labocador\\\/#primaryimage\",\"url\":\"https:\\\/\\\/www.reciplasa.es\\\/wp-content\\\/uploads\\\/2021\\\/05\\\/Reciplasa-reportaje.jpg\",\"contentUrl\":\"https:\\\/\\\/www.reciplasa.es\\\/wp-content\\\/uploads\\\/2021\\\/05\\\/Reciplasa-reportaje.jpg\",\"width\":2048,\"height\":1365,\"caption\":\"Planta Reciplasa en Onda\"},{\"@type\":\"BreadcrumbList\",\"@id\":\"https:\\\/\\\/www.reciplasa.es\\\/va\\\/reciplasa-instal%c2%b7la-dos-separadors-balistics-per-a-reduir-els-residus-que-arriben-a-labocador\\\/#breadcrumb\",\"itemListElement\":[{\"@type\":\"ListItem\",\"position\":1,\"name\":\"Portada\",\"item\":\"https:\\\/\\\/www.reciplasa.es\\\/va\\\/\"},{\"@type\":\"ListItem\",\"position\":2,\"name\":\"Reciplasa instal\u00b7la dos separadors bal\u00edstics per a reduir els residus que arriben a l\u2019abocador\"}]},{\"@type\":\"WebSite\",\"@id\":\"https:\\\/\\\/www.reciplasa.es\\\/#website\",\"url\":\"https:\\\/\\\/www.reciplasa.es\\\/\",\"name\":\"RECIPLASA\",\"description\":\"Reciclats de Residus La Plana SA\",\"potentialAction\":[{\"@type\":\"SearchAction\",\"target\":{\"@type\":\"EntryPoint\",\"urlTemplate\":\"https:\\\/\\\/www.reciplasa.es\\\/?s={search_term_string}\"},\"query-input\":{\"@type\":\"PropertyValueSpecification\",\"valueRequired\":true,\"valueName\":\"search_term_string\"}}],\"inLanguage\":\"va-VA\"},{\"@type\":\"Person\",\"@id\":\"https:\\\/\\\/www.reciplasa.es\\\/#\\\/schema\\\/person\\\/608ffc094e3c56d49e6c6ec8f1ea0e82\",\"name\":\"Cristina Marco\",\"image\":{\"@type\":\"ImageObject\",\"inLanguage\":\"va-VA\",\"@id\":\"https:\\\/\\\/secure.gravatar.com\\\/avatar\\\/6da7e00dc41d26d3c4245f3b2d70d687293df0dfc18f03719354383f7be4f34b?s=96&d=mm&r=g\",\"url\":\"https:\\\/\\\/secure.gravatar.com\\\/avatar\\\/6da7e00dc41d26d3c4245f3b2d70d687293df0dfc18f03719354383f7be4f34b?s=96&d=mm&r=g\",\"contentUrl\":\"https:\\\/\\\/secure.gravatar.com\\\/avatar\\\/6da7e00dc41d26d3c4245f3b2d70d687293df0dfc18f03719354383f7be4f34b?s=96&d=mm&r=g\",\"caption\":\"Cristina Marco\"},\"url\":\"https:\\\/\\\/www.reciplasa.es\\\/va\\\/author\\\/cristina\\\/\"}]}<\/script>\n<!-- \/ Yoast SEO plugin. -->","yoast_head_json":{"title":"Reciplasa instal\u00b7la dos separadors bal\u00edstics per a reduir els residus que arriben a l\u2019abocador - RECIPLASA","robots":{"index":"index","follow":"follow","max-snippet":"max-snippet:-1","max-image-preview":"max-image-preview:large","max-video-preview":"max-video-preview:-1"},"canonical":"https:\/\/www.reciplasa.es\/va\/reciplasa-instal\u00b7la-dos-separadors-balistics-per-a-reduir-els-residus-que-arriben-a-labocador\/","og_locale":"en_US","og_type":"article","og_title":"Reciplasa instal\u00b7la dos separadors bal\u00edstics per a reduir els residus que arriben a l\u2019abocador - RECIPLASA","og_description":"La inversi\u00f3 de m\u00e9s d&#8217;1.340.000 euros millora la separaci\u00f3 d&#8217;elements de pl\u00e0stic, alumini i cart\u00f3 Reciplasa, l&#8217;empresa p\u00fablica de tractament i gesti\u00f3 de residus de la zona centre de Castell\u00f3, ha instal\u00b7lat dos separadors bal\u00edstics en la planta d&#8217;Onda. \u201cLa nova maquin\u00e0ria permet reduir els rebutjos de pl\u00e0stic, alumini i cart\u00f3 enviats a abocador, ambDale que hay m\u00e1s ...","og_url":"https:\/\/www.reciplasa.es\/va\/reciplasa-instal\u00b7la-dos-separadors-balistics-per-a-reduir-els-residus-que-arriben-a-labocador\/","og_site_name":"RECIPLASA","article_published_time":"2021-05-06T13:06:04+00:00","og_image":[{"width":2048,"height":1365,"url":"https:\/\/www.reciplasa.es\/wp-content\/uploads\/2021\/05\/Reciplasa-reportaje.jpg","type":"image\/jpeg"}],"author":"Cristina Marco","twitter_card":"summary_large_image","twitter_misc":{"Written by":"Cristina Marco","Est. reading time":"2 minutes"},"schema":{"@context":"https:\/\/schema.org","@graph":[{"@type":"Article","@id":"https:\/\/www.reciplasa.es\/va\/reciplasa-instal%c2%b7la-dos-separadors-balistics-per-a-reduir-els-residus-que-arriben-a-labocador\/#article","isPartOf":{"@id":"https:\/\/www.reciplasa.es\/va\/reciplasa-instal%c2%b7la-dos-separadors-balistics-per-a-reduir-els-residus-que-arriben-a-labocador\/"},"author":{"name":"Cristina Marco","@id":"https:\/\/www.reciplasa.es\/#\/schema\/person\/608ffc094e3c56d49e6c6ec8f1ea0e82"},"headline":"Reciplasa instal\u00b7la dos separadors bal\u00edstics per a reduir els residus que arriben a l\u2019abocador","datePublished":"2021-05-06T13:06:04+00:00","mainEntityOfPage":{"@id":"https:\/\/www.reciplasa.es\/va\/reciplasa-instal%c2%b7la-dos-separadors-balistics-per-a-reduir-els-residus-que-arriben-a-labocador\/"},"wordCount":396,"image":{"@id":"https:\/\/www.reciplasa.es\/va\/reciplasa-instal%c2%b7la-dos-separadors-balistics-per-a-reduir-els-residus-que-arriben-a-labocador\/#primaryimage"},"thumbnailUrl":"https:\/\/www.reciplasa.es\/wp-content\/uploads\/2021\/05\/Reciplasa-reportaje.jpg","articleSection":["Not\u00edcies corporatives"],"inLanguage":"va-VA"},{"@type":"WebPage","@id":"https:\/\/www.reciplasa.es\/va\/reciplasa-instal%c2%b7la-dos-separadors-balistics-per-a-reduir-els-residus-que-arriben-a-labocador\/","url":"https:\/\/www.reciplasa.es\/va\/reciplasa-instal%c2%b7la-dos-separadors-balistics-per-a-reduir-els-residus-que-arriben-a-labocador\/","name":"Reciplasa instal\u00b7la dos separadors bal\u00edstics per a reduir els residus que arriben a l\u2019abocador - RECIPLASA","isPartOf":{"@id":"https:\/\/www.reciplasa.es\/#website"},"primaryImageOfPage":{"@id":"https:\/\/www.reciplasa.es\/va\/reciplasa-instal%c2%b7la-dos-separadors-balistics-per-a-reduir-els-residus-que-arriben-a-labocador\/#primaryimage"},"image":{"@id":"https:\/\/www.reciplasa.es\/va\/reciplasa-instal%c2%b7la-dos-separadors-balistics-per-a-reduir-els-residus-que-arriben-a-labocador\/#primaryimage"},"thumbnailUrl":"https:\/\/www.reciplasa.es\/wp-content\/uploads\/2021\/05\/Reciplasa-reportaje.jpg","datePublished":"2021-05-06T13:06:04+00:00","author":{"@id":"https:\/\/www.reciplasa.es\/#\/schema\/person\/608ffc094e3c56d49e6c6ec8f1ea0e82"},"breadcrumb":{"@id":"https:\/\/www.reciplasa.es\/va\/reciplasa-instal%c2%b7la-dos-separadors-balistics-per-a-reduir-els-residus-que-arriben-a-labocador\/#breadcrumb"},"inLanguage":"va-VA","potentialAction":[{"@type":"ReadAction","target":["https:\/\/www.reciplasa.es\/va\/reciplasa-instal%c2%b7la-dos-separadors-balistics-per-a-reduir-els-residus-que-arriben-a-labocador\/"]}]},{"@type":"ImageObject","inLanguage":"va-VA","@id":"https:\/\/www.reciplasa.es\/va\/reciplasa-instal%c2%b7la-dos-separadors-balistics-per-a-reduir-els-residus-que-arriben-a-labocador\/#primaryimage","url":"https:\/\/www.reciplasa.es\/wp-content\/uploads\/2021\/05\/Reciplasa-reportaje.jpg","contentUrl":"https:\/\/www.reciplasa.es\/wp-content\/uploads\/2021\/05\/Reciplasa-reportaje.jpg","width":2048,"height":1365,"caption":"Planta Reciplasa en Onda"},{"@type":"BreadcrumbList","@id":"https:\/\/www.reciplasa.es\/va\/reciplasa-instal%c2%b7la-dos-separadors-balistics-per-a-reduir-els-residus-que-arriben-a-labocador\/#breadcrumb","itemListElement":[{"@type":"ListItem","position":1,"name":"Portada","item":"https:\/\/www.reciplasa.es\/va\/"},{"@type":"ListItem","position":2,"name":"Reciplasa instal\u00b7la dos separadors bal\u00edstics per a reduir els residus que arriben a l\u2019abocador"}]},{"@type":"WebSite","@id":"https:\/\/www.reciplasa.es\/#website","url":"https:\/\/www.reciplasa.es\/","name":"RECIPLASA","description":"Reciclats de Residus La Plana SA","potentialAction":[{"@type":"SearchAction","target":{"@type":"EntryPoint","urlTemplate":"https:\/\/www.reciplasa.es\/?s={search_term_string}"},"query-input":{"@type":"PropertyValueSpecification","valueRequired":true,"valueName":"search_term_string"}}],"inLanguage":"va-VA"},{"@type":"Person","@id":"https:\/\/www.reciplasa.es\/#\/schema\/person\/608ffc094e3c56d49e6c6ec8f1ea0e82","name":"Cristina Marco","image":{"@type":"ImageObject","inLanguage":"va-VA","@id":"https:\/\/secure.gravatar.com\/avatar\/6da7e00dc41d26d3c4245f3b2d70d687293df0dfc18f03719354383f7be4f34b?s=96&d=mm&r=g","url":"https:\/\/secure.gravatar.com\/avatar\/6da7e00dc41d26d3c4245f3b2d70d687293df0dfc18f03719354383f7be4f34b?s=96&d=mm&r=g","contentUrl":"https:\/\/secure.gravatar.com\/avatar\/6da7e00dc41d26d3c4245f3b2d70d687293df0dfc18f03719354383f7be4f34b?s=96&d=mm&r=g","caption":"Cristina Marco"},"url":"https:\/\/www.reciplasa.es\/va\/author\/cristina\/"}]}},"_links":{"self":[{"href":"https:\/\/www.reciplasa.es\/va\/wp-json\/wp\/v2\/posts\/14823","targetHints":{"allow":["GET"]}}],"collection":[{"href":"https:\/\/www.reciplasa.es\/va\/wp-json\/wp\/v2\/posts"}],"about":[{"href":"https:\/\/www.reciplasa.es\/va\/wp-json\/wp\/v2\/types\/post"}],"author":[{"embeddable":true,"href":"https:\/\/www.reciplasa.es\/va\/wp-json\/wp\/v2\/users\/3"}],"replies":[{"embeddable":true,"href":"https:\/\/www.reciplasa.es\/va\/wp-json\/wp\/v2\/comments?post=14823"}],"version-history":[{"count":1,"href":"https:\/\/www.reciplasa.es\/va\/wp-json\/wp\/v2\/posts\/14823\/revisions"}],"predecessor-version":[{"id":14825,"href":"https:\/\/www.reciplasa.es\/va\/wp-json\/wp\/v2\/posts\/14823\/revisions\/14825"}],"wp:featuredmedia":[{"embeddable":true,"href":"https:\/\/www.reciplasa.es\/va\/wp-json\/wp\/v2\/media\/14821"}],"wp:attachment":[{"href":"https:\/\/www.reciplasa.es\/va\/wp-json\/wp\/v2\/media?parent=14823"}],"wp:term":[{"taxonomy":"category","embeddable":true,"href":"https:\/\/www.reciplasa.es\/va\/wp-json\/wp\/v2\/categories?post=14823"},{"taxonomy":"post_tag","embeddable":true,"href":"https:\/\/www.reciplasa.es\/va\/wp-json\/wp\/v2\/tags?post=14823"}],"curies":[{"name":"wp","href":"https:\/\/api.w.org\/{rel}","templated":true}]}}