{"id":14834,"date":"2021-05-12T13:54:30","date_gmt":"2021-05-12T13:54:30","guid":{"rendered":"https:\/\/www.reciplasa.es\/?p=14834\/"},"modified":"2021-05-12T13:54:30","modified_gmt":"2021-05-12T13:54:30","slug":"la-catedra-reciplasa-de-luji-dona-suport-a-la-formacio-ambiental-del-professorat-de-la-xarxa-de-centres-per-a-la-sostenibilitat-de-castello","status":"publish","type":"post","link":"https:\/\/www.reciplasa.es\/va\/la-catedra-reciplasa-de-luji-dona-suport-a-la-formacio-ambiental-del-professorat-de-la-xarxa-de-centres-per-a-la-sostenibilitat-de-castello\/","title":{"rendered":"La C\u00e0tedra Reciplasa de l&#8217;UJI dona suport a la formaci\u00f3 ambiental del professorat de la Xarxa de Centres per a la Sostenibilitat de Castell\u00f3"},"content":{"rendered":"<p style=\"font-weight: 400;\">La C\u00e0tedra Reciplasa de Gesti\u00f3 de Residus Urbans de la Universitat Jaume I t\u00e9 entre els seus objectius la divulgaci\u00f3 i formaci\u00f3 de la ciutadania per a la correcta gesti\u00f3 dels residus urbans. Dins de les moltes activitats que realitza anualment sobre aquest tema, la formaci\u00f3 de la ciutadania t\u00e9 el seu m\u00e0xim exponent en els xiquets i xiquetes i els joves. \u00c9s per aix\u00f2 que des de la C\u00e0tedra Reciplasa de l&#8217;UJI s&#8217;aposta per dotar de recursos i formar el professorat perqu\u00e8 puga transmetre als seus alumnes una educaci\u00f3 en valors ambientals i de sostenibilitat.<\/p>\n<p style=\"font-weight: 400;\">Al llarg d&#8217;aquest 2021, la C\u00e0tedra Reciplasa de l&#8217;UJI ha col\u00b7laborat amb la Xarxa de Centres per a la Sostenibilitat de Castell\u00f3 mitjan\u00e7ant l&#8217;organitzaci\u00f3 de diferents pon\u00e8ncies per a la formaci\u00f3 ambiental del professorat a trav\u00e9s de les jornades mensuals d&#8217;intercanvis d&#8217;experi\u00e8ncies que organitza la Xarxa entre els seus m\u00e9s de 70 centres educatius membres.<\/p>\n<p style=\"font-weight: 400;\">En aquestes jornades virtuals, Montse Simarro, llicenciada en Ci\u00e8ncies Biol\u00f2giques i m\u00e0ster en Educaci\u00f3 Ambiental i Restauraci\u00f3 Forestal del Bosc Mediterrani, va centrar la seua pon\u00e8ncia en la necessitat de recuperar el contacte amb la natura i com l&#8217;anomenat \u00abtrastorn per d\u00e8ficit de natura\u00bb s&#8217;ha vist extremadament potenciat aquests \u00faltims mesos a causa de l&#8217;extraordin\u00e0ria situaci\u00f3 sanit\u00e0ria. Segons Simarro, \u00abreconnectar amb la natura \u00e9s reconnectar amb u\u00a0mateix\u00bb i aquest \u00e9s un aspecte en el qual els educadors han de posar la seua obstinaci\u00f3 perqu\u00e8 l&#8217;alumnat, a trav\u00e9s de l&#8217;educaci\u00f3 ambiental, entenga qu\u00e8 necessita la natura de nosaltres i qu\u00e8 necessitem nosaltres d&#8217;ella.<\/p>\n<p style=\"font-weight: 400;\">D&#8217;altra banda, Julio Majadas, llicenciat en Ci\u00e8ncies Biol\u00f2giques i Educador Ambiental i membre del Consell Assessor d&#8217;Educaci\u00f3 Ambiental d&#8217;Extremadura, va realitzar una pon\u00e8ncia sobre les ecoauditories escolars en la qual va destacar que l&#8217;objectiu d&#8217;aquestes no \u00e9s ambiental sin\u00f3 educatiu, i si s&#8217;aconsegueix, millorar\u00e0 indefectiblement la sostenibilitat del centre. Mitjan\u00e7ant el diagn\u00f2stic dels problemes i el desenvolupament d&#8217;accions de millora en el centre educatiu, els alumnes poden prendre&#8217;n consci\u00e8ncia per a augmentar el seu comprom\u00eds ambiental.<\/p>\n<p style=\"font-weight: 400;\">En la sessi\u00f3 d&#8217;aquest mes de maig, Pamela Collado, mestra del CRA Celumbres, va presentar el projecte \u00abMuntanyes d\u2019il\u00b7lusions\u00bb, una iniciativa solid\u00e0ria contra el despoblament rural a la comarca dels Ports. Aquest projecte engloba diversos reptes esportius que posen en valor els espais naturals. D&#8217;altra banda, Miquel Garau Ginard va compartir les seues experi\u00e8ncies com a fundador del moviment global nmcs (No m\u00e9s burilles en el s\u00f2l global) i promotor de la campanya.<\/p>\n<p style=\"font-weight: 400;\">Amb aquesta col\u00b7laboraci\u00f3, la C\u00e0tedra Reciplasa de l&#8217;UJI continua apostant per conjuminar esfor\u00e7os per a lluitar per una reducci\u00f3 i adequada gesti\u00f3 sostenible dels residus urbans, mitjan\u00e7ant l&#8217;educaci\u00f3 de les generacions futures.<\/p>\n","protected":false},"excerpt":{"rendered":"<p>La C\u00e0tedra Reciplasa de Gesti\u00f3 de Residus Urbans de la Universitat Jaume I t\u00e9 entre els seus objectius la divulgaci\u00f3 i formaci\u00f3 de la ciutadania per a la correcta gesti\u00f3 dels residus urbans. Dins de les moltes activitats que realitza anualment sobre aquest tema, la formaci\u00f3 de la ciutadania t\u00e9 el seu m\u00e0xim exponent enDale que hay m\u00e1s &#8230;<\/p>\n","protected":false},"author":3,"featured_media":14700,"comment_status":"closed","ping_status":"closed","sticky":false,"template":"","format":"standard","meta":{"footnotes":""},"categories":[88],"tags":[],"class_list":["post-14834","post","type-post","status-publish","format-standard","has-post-thumbnail","hentry","category-catedra-reciplasa-uji"],"yoast_head":"<!-- This site is optimized with the Yoast SEO plugin v27.4 - https:\/\/yoast.com\/product\/yoast-seo-wordpress\/ -->\n<title>La C\u00e0tedra Reciplasa de l&#039;UJI dona suport a la formaci\u00f3 ambiental del professorat de la Xarxa de Centres per a la Sostenibilitat de Castell\u00f3 - RECIPLASA<\/title>\n<meta name=\"robots\" content=\"index, follow, max-snippet:-1, max-image-preview:large, max-video-preview:-1\" \/>\n<link rel=\"canonical\" href=\"https:\/\/www.reciplasa.es\/la-catedra-reciplasa-de-la-uji-apoya-la-formacion-ambiental-del-profesorado-de-la-red-de-centros-para-la-sostenibilidad-de-castello\/\" \/>\n<meta property=\"og:locale\" content=\"en_US\" \/>\n<meta property=\"og:type\" content=\"article\" \/>\n<meta property=\"og:title\" content=\"La C\u00e0tedra Reciplasa de l&#039;UJI dona suport a la formaci\u00f3 ambiental del professorat de la Xarxa de Centres per a la Sostenibilitat de Castell\u00f3 - RECIPLASA\" \/>\n<meta property=\"og:description\" content=\"La C\u00e0tedra Reciplasa de Gesti\u00f3 de Residus Urbans de la Universitat Jaume I t\u00e9 entre els seus objectius la divulgaci\u00f3 i formaci\u00f3 de la ciutadania per a la correcta gesti\u00f3 dels residus urbans. Dins de les moltes activitats que realitza anualment sobre aquest tema, la formaci\u00f3 de la ciutadania t\u00e9 el seu m\u00e0xim exponent enDale que hay m\u00e1s ...\" \/>\n<meta property=\"og:url\" content=\"https:\/\/www.reciplasa.es\/la-catedra-reciplasa-de-la-uji-apoya-la-formacion-ambiental-del-profesorado-de-la-red-de-centros-para-la-sostenibilidad-de-castello\/\" \/>\n<meta property=\"og:site_name\" content=\"RECIPLASA\" \/>\n<meta property=\"article:published_time\" content=\"2021-05-12T13:54:30+00:00\" \/>\n<meta property=\"og:image\" content=\"https:\/\/www.reciplasa.es\/wp-content\/uploads\/2021\/02\/Grup-Castello_.jpg\" \/>\n\t<meta property=\"og:image:width\" content=\"1585\" \/>\n\t<meta property=\"og:image:height\" content=\"782\" \/>\n\t<meta property=\"og:image:type\" content=\"image\/jpeg\" \/>\n<meta name=\"author\" content=\"Cristina Marco\" \/>\n<meta name=\"twitter:card\" content=\"summary_large_image\" \/>\n<meta name=\"twitter:label1\" content=\"Written by\" \/>\n\t<meta name=\"twitter:data1\" content=\"Cristina Marco\" \/>\n\t<meta name=\"twitter:label2\" content=\"Est. reading time\" \/>\n\t<meta name=\"twitter:data2\" content=\"2 minutes\" \/>\n<script type=\"application\/ld+json\" class=\"yoast-schema-graph\">{\"@context\":\"https:\\\/\\\/schema.org\",\"@graph\":[{\"@type\":\"Article\",\"@id\":\"https:\\\/\\\/www.reciplasa.es\\\/la-catedra-reciplasa-de-la-uji-apoya-la-formacion-ambiental-del-profesorado-de-la-red-de-centros-para-la-sostenibilidad-de-castello\\\/#article\",\"isPartOf\":{\"@id\":\"https:\\\/\\\/www.reciplasa.es\\\/la-catedra-reciplasa-de-la-uji-apoya-la-formacion-ambiental-del-profesorado-de-la-red-de-centros-para-la-sostenibilidad-de-castello\\\/\"},\"author\":{\"name\":\"Cristina Marco\",\"@id\":\"https:\\\/\\\/www.reciplasa.es\\\/#\\\/schema\\\/person\\\/608ffc094e3c56d49e6c6ec8f1ea0e82\"},\"headline\":\"La C\u00e0tedra Reciplasa de l&#8217;UJI dona suport a la formaci\u00f3 ambiental del professorat de la Xarxa de Centres per a la Sostenibilitat de Castell\u00f3\",\"datePublished\":\"2021-05-12T13:54:30+00:00\",\"mainEntityOfPage\":{\"@id\":\"https:\\\/\\\/www.reciplasa.es\\\/la-catedra-reciplasa-de-la-uji-apoya-la-formacion-ambiental-del-profesorado-de-la-red-de-centros-para-la-sostenibilidad-de-castello\\\/\"},\"wordCount\":519,\"image\":{\"@id\":\"https:\\\/\\\/www.reciplasa.es\\\/la-catedra-reciplasa-de-la-uji-apoya-la-formacion-ambiental-del-profesorado-de-la-red-de-centros-para-la-sostenibilidad-de-castello\\\/#primaryimage\"},\"thumbnailUrl\":\"https:\\\/\\\/www.reciplasa.es\\\/wp-content\\\/uploads\\\/2021\\\/02\\\/Grup-Castello_.jpg\",\"articleSection\":[\"C\u00e0tedra Reciplasa-UJI\"],\"inLanguage\":\"va-VA\"},{\"@type\":\"WebPage\",\"@id\":\"https:\\\/\\\/www.reciplasa.es\\\/la-catedra-reciplasa-de-la-uji-apoya-la-formacion-ambiental-del-profesorado-de-la-red-de-centros-para-la-sostenibilidad-de-castello\\\/\",\"url\":\"https:\\\/\\\/www.reciplasa.es\\\/la-catedra-reciplasa-de-la-uji-apoya-la-formacion-ambiental-del-profesorado-de-la-red-de-centros-para-la-sostenibilidad-de-castello\\\/\",\"name\":\"La C\u00e0tedra Reciplasa de l'UJI dona suport a la formaci\u00f3 ambiental del professorat de la Xarxa de Centres per a la Sostenibilitat de Castell\u00f3 - RECIPLASA\",\"isPartOf\":{\"@id\":\"https:\\\/\\\/www.reciplasa.es\\\/#website\"},\"primaryImageOfPage\":{\"@id\":\"https:\\\/\\\/www.reciplasa.es\\\/la-catedra-reciplasa-de-la-uji-apoya-la-formacion-ambiental-del-profesorado-de-la-red-de-centros-para-la-sostenibilidad-de-castello\\\/#primaryimage\"},\"image\":{\"@id\":\"https:\\\/\\\/www.reciplasa.es\\\/la-catedra-reciplasa-de-la-uji-apoya-la-formacion-ambiental-del-profesorado-de-la-red-de-centros-para-la-sostenibilidad-de-castello\\\/#primaryimage\"},\"thumbnailUrl\":\"https:\\\/\\\/www.reciplasa.es\\\/wp-content\\\/uploads\\\/2021\\\/02\\\/Grup-Castello_.jpg\",\"datePublished\":\"2021-05-12T13:54:30+00:00\",\"author\":{\"@id\":\"https:\\\/\\\/www.reciplasa.es\\\/#\\\/schema\\\/person\\\/608ffc094e3c56d49e6c6ec8f1ea0e82\"},\"breadcrumb\":{\"@id\":\"https:\\\/\\\/www.reciplasa.es\\\/la-catedra-reciplasa-de-la-uji-apoya-la-formacion-ambiental-del-profesorado-de-la-red-de-centros-para-la-sostenibilidad-de-castello\\\/#breadcrumb\"},\"inLanguage\":\"va-VA\",\"potentialAction\":[{\"@type\":\"ReadAction\",\"target\":[\"https:\\\/\\\/www.reciplasa.es\\\/la-catedra-reciplasa-de-la-uji-apoya-la-formacion-ambiental-del-profesorado-de-la-red-de-centros-para-la-sostenibilidad-de-castello\\\/\"]}]},{\"@type\":\"ImageObject\",\"inLanguage\":\"va-VA\",\"@id\":\"https:\\\/\\\/www.reciplasa.es\\\/la-catedra-reciplasa-de-la-uji-apoya-la-formacion-ambiental-del-profesorado-de-la-red-de-centros-para-la-sostenibilidad-de-castello\\\/#primaryimage\",\"url\":\"https:\\\/\\\/www.reciplasa.es\\\/wp-content\\\/uploads\\\/2021\\\/02\\\/Grup-Castello_.jpg\",\"contentUrl\":\"https:\\\/\\\/www.reciplasa.es\\\/wp-content\\\/uploads\\\/2021\\\/02\\\/Grup-Castello_.jpg\",\"width\":1585,\"height\":782},{\"@type\":\"BreadcrumbList\",\"@id\":\"https:\\\/\\\/www.reciplasa.es\\\/la-catedra-reciplasa-de-la-uji-apoya-la-formacion-ambiental-del-profesorado-de-la-red-de-centros-para-la-sostenibilidad-de-castello\\\/#breadcrumb\",\"itemListElement\":[{\"@type\":\"ListItem\",\"position\":1,\"name\":\"Portada\",\"item\":\"https:\\\/\\\/www.reciplasa.es\\\/va\\\/\"},{\"@type\":\"ListItem\",\"position\":2,\"name\":\"La C\u00e0tedra Reciplasa de l&#8217;UJI dona suport a la formaci\u00f3 ambiental del professorat de la Xarxa de Centres per a la Sostenibilitat de Castell\u00f3\"}]},{\"@type\":\"WebSite\",\"@id\":\"https:\\\/\\\/www.reciplasa.es\\\/#website\",\"url\":\"https:\\\/\\\/www.reciplasa.es\\\/\",\"name\":\"RECIPLASA\",\"description\":\"Reciclats de Residus La Plana SA\",\"potentialAction\":[{\"@type\":\"SearchAction\",\"target\":{\"@type\":\"EntryPoint\",\"urlTemplate\":\"https:\\\/\\\/www.reciplasa.es\\\/?s={search_term_string}\"},\"query-input\":{\"@type\":\"PropertyValueSpecification\",\"valueRequired\":true,\"valueName\":\"search_term_string\"}}],\"inLanguage\":\"va-VA\"},{\"@type\":\"Person\",\"@id\":\"https:\\\/\\\/www.reciplasa.es\\\/#\\\/schema\\\/person\\\/608ffc094e3c56d49e6c6ec8f1ea0e82\",\"name\":\"Cristina Marco\",\"image\":{\"@type\":\"ImageObject\",\"inLanguage\":\"va-VA\",\"@id\":\"https:\\\/\\\/secure.gravatar.com\\\/avatar\\\/6da7e00dc41d26d3c4245f3b2d70d687293df0dfc18f03719354383f7be4f34b?s=96&d=mm&r=g\",\"url\":\"https:\\\/\\\/secure.gravatar.com\\\/avatar\\\/6da7e00dc41d26d3c4245f3b2d70d687293df0dfc18f03719354383f7be4f34b?s=96&d=mm&r=g\",\"contentUrl\":\"https:\\\/\\\/secure.gravatar.com\\\/avatar\\\/6da7e00dc41d26d3c4245f3b2d70d687293df0dfc18f03719354383f7be4f34b?s=96&d=mm&r=g\",\"caption\":\"Cristina Marco\"},\"url\":\"https:\\\/\\\/www.reciplasa.es\\\/va\\\/author\\\/cristina\\\/\"}]}<\/script>\n<!-- \/ Yoast SEO plugin. -->","yoast_head_json":{"title":"La C\u00e0tedra Reciplasa de l'UJI dona suport a la formaci\u00f3 ambiental del professorat de la Xarxa de Centres per a la Sostenibilitat de Castell\u00f3 - RECIPLASA","robots":{"index":"index","follow":"follow","max-snippet":"max-snippet:-1","max-image-preview":"max-image-preview:large","max-video-preview":"max-video-preview:-1"},"canonical":"https:\/\/www.reciplasa.es\/la-catedra-reciplasa-de-la-uji-apoya-la-formacion-ambiental-del-profesorado-de-la-red-de-centros-para-la-sostenibilidad-de-castello\/","og_locale":"en_US","og_type":"article","og_title":"La C\u00e0tedra Reciplasa de l'UJI dona suport a la formaci\u00f3 ambiental del professorat de la Xarxa de Centres per a la Sostenibilitat de Castell\u00f3 - RECIPLASA","og_description":"La C\u00e0tedra Reciplasa de Gesti\u00f3 de Residus Urbans de la Universitat Jaume I t\u00e9 entre els seus objectius la divulgaci\u00f3 i formaci\u00f3 de la ciutadania per a la correcta gesti\u00f3 dels residus urbans. Dins de les moltes activitats que realitza anualment sobre aquest tema, la formaci\u00f3 de la ciutadania t\u00e9 el seu m\u00e0xim exponent enDale que hay m\u00e1s ...","og_url":"https:\/\/www.reciplasa.es\/la-catedra-reciplasa-de-la-uji-apoya-la-formacion-ambiental-del-profesorado-de-la-red-de-centros-para-la-sostenibilidad-de-castello\/","og_site_name":"RECIPLASA","article_published_time":"2021-05-12T13:54:30+00:00","og_image":[{"width":1585,"height":782,"url":"https:\/\/www.reciplasa.es\/wp-content\/uploads\/2021\/02\/Grup-Castello_.jpg","type":"image\/jpeg"}],"author":"Cristina Marco","twitter_card":"summary_large_image","twitter_misc":{"Written by":"Cristina Marco","Est. reading time":"2 minutes"},"schema":{"@context":"https:\/\/schema.org","@graph":[{"@type":"Article","@id":"https:\/\/www.reciplasa.es\/la-catedra-reciplasa-de-la-uji-apoya-la-formacion-ambiental-del-profesorado-de-la-red-de-centros-para-la-sostenibilidad-de-castello\/#article","isPartOf":{"@id":"https:\/\/www.reciplasa.es\/la-catedra-reciplasa-de-la-uji-apoya-la-formacion-ambiental-del-profesorado-de-la-red-de-centros-para-la-sostenibilidad-de-castello\/"},"author":{"name":"Cristina Marco","@id":"https:\/\/www.reciplasa.es\/#\/schema\/person\/608ffc094e3c56d49e6c6ec8f1ea0e82"},"headline":"La C\u00e0tedra Reciplasa de l&#8217;UJI dona suport a la formaci\u00f3 ambiental del professorat de la Xarxa de Centres per a la Sostenibilitat de Castell\u00f3","datePublished":"2021-05-12T13:54:30+00:00","mainEntityOfPage":{"@id":"https:\/\/www.reciplasa.es\/la-catedra-reciplasa-de-la-uji-apoya-la-formacion-ambiental-del-profesorado-de-la-red-de-centros-para-la-sostenibilidad-de-castello\/"},"wordCount":519,"image":{"@id":"https:\/\/www.reciplasa.es\/la-catedra-reciplasa-de-la-uji-apoya-la-formacion-ambiental-del-profesorado-de-la-red-de-centros-para-la-sostenibilidad-de-castello\/#primaryimage"},"thumbnailUrl":"https:\/\/www.reciplasa.es\/wp-content\/uploads\/2021\/02\/Grup-Castello_.jpg","articleSection":["C\u00e0tedra Reciplasa-UJI"],"inLanguage":"va-VA"},{"@type":"WebPage","@id":"https:\/\/www.reciplasa.es\/la-catedra-reciplasa-de-la-uji-apoya-la-formacion-ambiental-del-profesorado-de-la-red-de-centros-para-la-sostenibilidad-de-castello\/","url":"https:\/\/www.reciplasa.es\/la-catedra-reciplasa-de-la-uji-apoya-la-formacion-ambiental-del-profesorado-de-la-red-de-centros-para-la-sostenibilidad-de-castello\/","name":"La C\u00e0tedra Reciplasa de l'UJI dona suport a la formaci\u00f3 ambiental del professorat de la Xarxa de Centres per a la Sostenibilitat de Castell\u00f3 - RECIPLASA","isPartOf":{"@id":"https:\/\/www.reciplasa.es\/#website"},"primaryImageOfPage":{"@id":"https:\/\/www.reciplasa.es\/la-catedra-reciplasa-de-la-uji-apoya-la-formacion-ambiental-del-profesorado-de-la-red-de-centros-para-la-sostenibilidad-de-castello\/#primaryimage"},"image":{"@id":"https:\/\/www.reciplasa.es\/la-catedra-reciplasa-de-la-uji-apoya-la-formacion-ambiental-del-profesorado-de-la-red-de-centros-para-la-sostenibilidad-de-castello\/#primaryimage"},"thumbnailUrl":"https:\/\/www.reciplasa.es\/wp-content\/uploads\/2021\/02\/Grup-Castello_.jpg","datePublished":"2021-05-12T13:54:30+00:00","author":{"@id":"https:\/\/www.reciplasa.es\/#\/schema\/person\/608ffc094e3c56d49e6c6ec8f1ea0e82"},"breadcrumb":{"@id":"https:\/\/www.reciplasa.es\/la-catedra-reciplasa-de-la-uji-apoya-la-formacion-ambiental-del-profesorado-de-la-red-de-centros-para-la-sostenibilidad-de-castello\/#breadcrumb"},"inLanguage":"va-VA","potentialAction":[{"@type":"ReadAction","target":["https:\/\/www.reciplasa.es\/la-catedra-reciplasa-de-la-uji-apoya-la-formacion-ambiental-del-profesorado-de-la-red-de-centros-para-la-sostenibilidad-de-castello\/"]}]},{"@type":"ImageObject","inLanguage":"va-VA","@id":"https:\/\/www.reciplasa.es\/la-catedra-reciplasa-de-la-uji-apoya-la-formacion-ambiental-del-profesorado-de-la-red-de-centros-para-la-sostenibilidad-de-castello\/#primaryimage","url":"https:\/\/www.reciplasa.es\/wp-content\/uploads\/2021\/02\/Grup-Castello_.jpg","contentUrl":"https:\/\/www.reciplasa.es\/wp-content\/uploads\/2021\/02\/Grup-Castello_.jpg","width":1585,"height":782},{"@type":"BreadcrumbList","@id":"https:\/\/www.reciplasa.es\/la-catedra-reciplasa-de-la-uji-apoya-la-formacion-ambiental-del-profesorado-de-la-red-de-centros-para-la-sostenibilidad-de-castello\/#breadcrumb","itemListElement":[{"@type":"ListItem","position":1,"name":"Portada","item":"https:\/\/www.reciplasa.es\/va\/"},{"@type":"ListItem","position":2,"name":"La C\u00e0tedra Reciplasa de l&#8217;UJI dona suport a la formaci\u00f3 ambiental del professorat de la Xarxa de Centres per a la Sostenibilitat de Castell\u00f3"}]},{"@type":"WebSite","@id":"https:\/\/www.reciplasa.es\/#website","url":"https:\/\/www.reciplasa.es\/","name":"RECIPLASA","description":"Reciclats de Residus La Plana SA","potentialAction":[{"@type":"SearchAction","target":{"@type":"EntryPoint","urlTemplate":"https:\/\/www.reciplasa.es\/?s={search_term_string}"},"query-input":{"@type":"PropertyValueSpecification","valueRequired":true,"valueName":"search_term_string"}}],"inLanguage":"va-VA"},{"@type":"Person","@id":"https:\/\/www.reciplasa.es\/#\/schema\/person\/608ffc094e3c56d49e6c6ec8f1ea0e82","name":"Cristina Marco","image":{"@type":"ImageObject","inLanguage":"va-VA","@id":"https:\/\/secure.gravatar.com\/avatar\/6da7e00dc41d26d3c4245f3b2d70d687293df0dfc18f03719354383f7be4f34b?s=96&d=mm&r=g","url":"https:\/\/secure.gravatar.com\/avatar\/6da7e00dc41d26d3c4245f3b2d70d687293df0dfc18f03719354383f7be4f34b?s=96&d=mm&r=g","contentUrl":"https:\/\/secure.gravatar.com\/avatar\/6da7e00dc41d26d3c4245f3b2d70d687293df0dfc18f03719354383f7be4f34b?s=96&d=mm&r=g","caption":"Cristina Marco"},"url":"https:\/\/www.reciplasa.es\/va\/author\/cristina\/"}]}},"_links":{"self":[{"href":"https:\/\/www.reciplasa.es\/va\/wp-json\/wp\/v2\/posts\/14834","targetHints":{"allow":["GET"]}}],"collection":[{"href":"https:\/\/www.reciplasa.es\/va\/wp-json\/wp\/v2\/posts"}],"about":[{"href":"https:\/\/www.reciplasa.es\/va\/wp-json\/wp\/v2\/types\/post"}],"author":[{"embeddable":true,"href":"https:\/\/www.reciplasa.es\/va\/wp-json\/wp\/v2\/users\/3"}],"replies":[{"embeddable":true,"href":"https:\/\/www.reciplasa.es\/va\/wp-json\/wp\/v2\/comments?post=14834"}],"version-history":[{"count":2,"href":"https:\/\/www.reciplasa.es\/va\/wp-json\/wp\/v2\/posts\/14834\/revisions"}],"predecessor-version":[{"id":14836,"href":"https:\/\/www.reciplasa.es\/va\/wp-json\/wp\/v2\/posts\/14834\/revisions\/14836"}],"wp:featuredmedia":[{"embeddable":true,"href":"https:\/\/www.reciplasa.es\/va\/wp-json\/wp\/v2\/media\/14700"}],"wp:attachment":[{"href":"https:\/\/www.reciplasa.es\/va\/wp-json\/wp\/v2\/media?parent=14834"}],"wp:term":[{"taxonomy":"category","embeddable":true,"href":"https:\/\/www.reciplasa.es\/va\/wp-json\/wp\/v2\/categories?post=14834"},{"taxonomy":"post_tag","embeddable":true,"href":"https:\/\/www.reciplasa.es\/va\/wp-json\/wp\/v2\/tags?post=14834"}],"curies":[{"name":"wp","href":"https:\/\/api.w.org\/{rel}","templated":true}]}}