{"id":14910,"date":"2021-06-01T14:47:21","date_gmt":"2021-06-01T14:47:21","guid":{"rendered":"https:\/\/www.reciplasa.es\/?p=14910\/"},"modified":"2021-06-01T14:47:21","modified_gmt":"2021-06-01T14:47:21","slug":"quatre-centres-de-castello-i-borriana-guanyen-el-concurs-que-fem-amb-el-fem-de-la-catedra-reciplasa-de-luji","status":"publish","type":"post","link":"https:\/\/www.reciplasa.es\/va\/quatre-centres-de-castello-i-borriana-guanyen-el-concurs-que-fem-amb-el-fem-de-la-catedra-reciplasa-de-luji\/","title":{"rendered":"Quatre centres de Castell\u00f3 i Borriana guanyen el concurs \u00abQu\u00e8 fem amb el fem?\u00bb de la C\u00e0tedra Reciplasa de l\u2019UJI"},"content":{"rendered":"<p>El jurat del concurs <a href=\"https:\/\/www.reciplasa.es\/quefemambelfem\/\">\u00abQu\u00e8 fem amb el fem?\u00bb<\/a> de la C\u00e0tedra Reciplasa de Gesti\u00f3 de Residus Urbans de la Universitat Jaume I de Castell\u00f3 ha donat a con\u00e8ixer els premiats de la quarta edici\u00f3 dels guardons, que han estat tres centres de Castell\u00f3 i un de Borriana en les categories d\u2019educaci\u00f3 especial, infantil, prim\u00e0ria i secund\u00e0ria. La cerim\u00f2nia de lliurament de premis es realitzar\u00e0 dijous 17 de juny de 2021 a les 18 hores a l\u2019UJI.<\/p>\n<p>Els guardonats han estat el projecte \u00abReciclamos para jugar\u00bb del Centre d\u2019Educaci\u00f3 Especial Penyeta Roja de Castell\u00f3 coordinat per la professora Marta Mart\u00ednez Mart\u00ednez en la categoria d\u2019Educaci\u00f3 Especial; el projecte \u00abEstem a temps\u00bb del CEIP Bisbe Climent de Castell\u00f3 de la Plana, coordinat per la professora Mar\u00eda Jes\u00fas Salinas Garc\u00eda en la secci\u00f3 d\u2019Educaci\u00f3 Infantil.<\/p>\n<p>Tamb\u00e9 han resultat premiats el projecte \u00abLes Not\u00edcies de 5\u00e9\u00bb del CEIP Pintor Castell de Castell\u00f3 de la Plana coordinat per Juana Mar\u00eda Manzano en la categoria d\u2019Educaci\u00f3 Prim\u00e0ria; i el projecte \u00abEl fem, el desfem!\u00bb de l\u2019IES Jaume I de Borriana coordinat per la professora Mar Gar\u00ed Palau en la categoria d\u2019Educaci\u00f3 Secund\u00e0ria.<\/p>\n<p>A m\u00e9s a m\u00e9s, s\u2019ha decidit atorgar una menci\u00f3 especial al millor exemple pr\u00e0ctic d\u2019\u00fas de residus urbans en horts escolars al projecte \u00abTransformem el fem\u00bb de l\u2019IES Serra d\u2019Irta d\u2019Alcal\u00e0 de Xivert coordinat per la professora Elena Raim\u00ednguez Valero.<\/p>\n<p>La Comissi\u00f3 Avaluadora ha estat formada per F\u00e9lix Hern\u00e1ndez, catedr\u00e0tic de Qu\u00edmica Anal\u00edtica i director de la C\u00e0tedra; Fernando Albarr\u00e1n, director t\u00e8cnic de Reciplasa, i Luc\u00eda Prado i Francisco Rambla, del Seminari d\u2019Educaci\u00f3 Ambiental de Castell\u00f3. Els integrants de la comissi\u00f3 han destacat l\u2019alta qualitat de tots els projectes presentats, que ha posat complicada la seua tasca d\u2019elecci\u00f3, i han felicitat a tots els participants per \u00abl\u2019entrega, la passi\u00f3 i la il\u00b7lusi\u00f3 dipositada en els projectes realitzats\u00bb, i lamenten no poder premiar a tothom.<\/p>\n<p>El concurs, organitzat per la C\u00e0tedra amb la col\u00b7laboraci\u00f3 del Seminari d\u2019Educaci\u00f3 Ambiental, t\u00e9 com a principal objectiu formentar una major conscienciaci\u00f3 sobre la gesti\u00f3 responsable dels residus urbans en els centres d\u2019ensenyament. Est\u00e0 dirigit a tots els nivells educatius: infantil, prim\u00e0ria, secund\u00e0ria i educaci\u00f3 especial, l&#8217;alumnat hi pot participar amb maquetes, v\u00eddeos, o relats, perqu\u00e8 desenvolupe la creativitat i l&#8217;expressi\u00f3 de coneixements cient\u00edfics, matem\u00e0tics i tecnol\u00f2gics mitjan\u00e7ant diferents llenguatges art\u00edstics.<\/p>\n","protected":false},"excerpt":{"rendered":"<p>El jurat del concurs \u00abQu\u00e8 fem amb el fem?\u00bb de la C\u00e0tedra Reciplasa de Gesti\u00f3 de Residus Urbans de la Universitat Jaume I de Castell\u00f3 ha donat a con\u00e8ixer els premiats de la quarta edici\u00f3 dels guardons, que han estat tres centres de Castell\u00f3 i un de Borriana en les categories d\u2019educaci\u00f3 especial, infantil, prim\u00e0riaDale que hay m\u00e1s &#8230;<\/p>\n","protected":false},"author":3,"featured_media":14911,"comment_status":"closed","ping_status":"closed","sticky":false,"template":"","format":"standard","meta":{"footnotes":""},"categories":[88],"tags":[],"class_list":["post-14910","post","type-post","status-publish","format-standard","has-post-thumbnail","hentry","category-catedra-reciplasa-uji"],"yoast_head":"<!-- This site is optimized with the Yoast SEO plugin v27.4 - https:\/\/yoast.com\/product\/yoast-seo-wordpress\/ -->\n<title>Quatre centres de Castell\u00f3 i Borriana guanyen el concurs \u00abQu\u00e8 fem amb el fem?\u00bb de la C\u00e0tedra Reciplasa de l\u2019UJI - RECIPLASA<\/title>\n<meta name=\"robots\" content=\"index, follow, max-snippet:-1, max-image-preview:large, max-video-preview:-1\" \/>\n<link rel=\"canonical\" href=\"https:\/\/www.reciplasa.es\/cuatro-centros-de-castello-y-burriana-ganan-el-concurso-que-fem-amb-el-fem-de-la-catedra-reciplasa-de-la-uji\/\" \/>\n<meta property=\"og:locale\" content=\"en_US\" \/>\n<meta property=\"og:type\" content=\"article\" \/>\n<meta property=\"og:title\" content=\"Quatre centres de Castell\u00f3 i Borriana guanyen el concurs \u00abQu\u00e8 fem amb el fem?\u00bb de la C\u00e0tedra Reciplasa de l\u2019UJI - RECIPLASA\" \/>\n<meta property=\"og:description\" content=\"El jurat del concurs \u00abQu\u00e8 fem amb el fem?\u00bb de la C\u00e0tedra Reciplasa de Gesti\u00f3 de Residus Urbans de la Universitat Jaume I de Castell\u00f3 ha donat a con\u00e8ixer els premiats de la quarta edici\u00f3 dels guardons, que han estat tres centres de Castell\u00f3 i un de Borriana en les categories d\u2019educaci\u00f3 especial, infantil, prim\u00e0riaDale que hay m\u00e1s ...\" \/>\n<meta property=\"og:url\" content=\"https:\/\/www.reciplasa.es\/cuatro-centros-de-castello-y-burriana-ganan-el-concurso-que-fem-amb-el-fem-de-la-catedra-reciplasa-de-la-uji\/\" \/>\n<meta property=\"og:site_name\" content=\"RECIPLASA\" \/>\n<meta property=\"article:published_time\" content=\"2021-06-01T14:47:21+00:00\" \/>\n<meta property=\"og:image\" content=\"https:\/\/www.reciplasa.es\/wp-content\/uploads\/2021\/06\/Jurat-Reciplasa-scaled.jpg\" \/>\n\t<meta property=\"og:image:width\" content=\"2560\" \/>\n\t<meta property=\"og:image:height\" content=\"1920\" \/>\n\t<meta property=\"og:image:type\" content=\"image\/jpeg\" \/>\n<meta name=\"author\" content=\"Cristina Marco\" \/>\n<meta name=\"twitter:card\" content=\"summary_large_image\" \/>\n<meta name=\"twitter:label1\" content=\"Written by\" \/>\n\t<meta name=\"twitter:data1\" content=\"Cristina Marco\" \/>\n\t<meta name=\"twitter:label2\" content=\"Est. reading time\" \/>\n\t<meta name=\"twitter:data2\" content=\"2 minutes\" \/>\n<script type=\"application\/ld+json\" class=\"yoast-schema-graph\">{\"@context\":\"https:\\\/\\\/schema.org\",\"@graph\":[{\"@type\":\"Article\",\"@id\":\"https:\\\/\\\/www.reciplasa.es\\\/cuatro-centros-de-castello-y-burriana-ganan-el-concurso-que-fem-amb-el-fem-de-la-catedra-reciplasa-de-la-uji\\\/#article\",\"isPartOf\":{\"@id\":\"https:\\\/\\\/www.reciplasa.es\\\/cuatro-centros-de-castello-y-burriana-ganan-el-concurso-que-fem-amb-el-fem-de-la-catedra-reciplasa-de-la-uji\\\/\"},\"author\":{\"name\":\"Cristina Marco\",\"@id\":\"https:\\\/\\\/www.reciplasa.es\\\/#\\\/schema\\\/person\\\/608ffc094e3c56d49e6c6ec8f1ea0e82\"},\"headline\":\"Quatre centres de Castell\u00f3 i Borriana guanyen el concurs \u00abQu\u00e8 fem amb el fem?\u00bb de la C\u00e0tedra Reciplasa de l\u2019UJI\",\"datePublished\":\"2021-06-01T14:47:21+00:00\",\"mainEntityOfPage\":{\"@id\":\"https:\\\/\\\/www.reciplasa.es\\\/cuatro-centros-de-castello-y-burriana-ganan-el-concurso-que-fem-amb-el-fem-de-la-catedra-reciplasa-de-la-uji\\\/\"},\"wordCount\":459,\"image\":{\"@id\":\"https:\\\/\\\/www.reciplasa.es\\\/cuatro-centros-de-castello-y-burriana-ganan-el-concurso-que-fem-amb-el-fem-de-la-catedra-reciplasa-de-la-uji\\\/#primaryimage\"},\"thumbnailUrl\":\"https:\\\/\\\/www.reciplasa.es\\\/wp-content\\\/uploads\\\/2021\\\/06\\\/Jurat-Reciplasa-scaled.jpg\",\"articleSection\":[\"C\u00e0tedra Reciplasa-UJI\"],\"inLanguage\":\"va-VA\"},{\"@type\":\"WebPage\",\"@id\":\"https:\\\/\\\/www.reciplasa.es\\\/cuatro-centros-de-castello-y-burriana-ganan-el-concurso-que-fem-amb-el-fem-de-la-catedra-reciplasa-de-la-uji\\\/\",\"url\":\"https:\\\/\\\/www.reciplasa.es\\\/cuatro-centros-de-castello-y-burriana-ganan-el-concurso-que-fem-amb-el-fem-de-la-catedra-reciplasa-de-la-uji\\\/\",\"name\":\"Quatre centres de Castell\u00f3 i Borriana guanyen el concurs \u00abQu\u00e8 fem amb el fem?\u00bb de la C\u00e0tedra Reciplasa de l\u2019UJI - RECIPLASA\",\"isPartOf\":{\"@id\":\"https:\\\/\\\/www.reciplasa.es\\\/#website\"},\"primaryImageOfPage\":{\"@id\":\"https:\\\/\\\/www.reciplasa.es\\\/cuatro-centros-de-castello-y-burriana-ganan-el-concurso-que-fem-amb-el-fem-de-la-catedra-reciplasa-de-la-uji\\\/#primaryimage\"},\"image\":{\"@id\":\"https:\\\/\\\/www.reciplasa.es\\\/cuatro-centros-de-castello-y-burriana-ganan-el-concurso-que-fem-amb-el-fem-de-la-catedra-reciplasa-de-la-uji\\\/#primaryimage\"},\"thumbnailUrl\":\"https:\\\/\\\/www.reciplasa.es\\\/wp-content\\\/uploads\\\/2021\\\/06\\\/Jurat-Reciplasa-scaled.jpg\",\"datePublished\":\"2021-06-01T14:47:21+00:00\",\"author\":{\"@id\":\"https:\\\/\\\/www.reciplasa.es\\\/#\\\/schema\\\/person\\\/608ffc094e3c56d49e6c6ec8f1ea0e82\"},\"breadcrumb\":{\"@id\":\"https:\\\/\\\/www.reciplasa.es\\\/cuatro-centros-de-castello-y-burriana-ganan-el-concurso-que-fem-amb-el-fem-de-la-catedra-reciplasa-de-la-uji\\\/#breadcrumb\"},\"inLanguage\":\"va-VA\",\"potentialAction\":[{\"@type\":\"ReadAction\",\"target\":[\"https:\\\/\\\/www.reciplasa.es\\\/cuatro-centros-de-castello-y-burriana-ganan-el-concurso-que-fem-amb-el-fem-de-la-catedra-reciplasa-de-la-uji\\\/\"]}]},{\"@type\":\"ImageObject\",\"inLanguage\":\"va-VA\",\"@id\":\"https:\\\/\\\/www.reciplasa.es\\\/cuatro-centros-de-castello-y-burriana-ganan-el-concurso-que-fem-amb-el-fem-de-la-catedra-reciplasa-de-la-uji\\\/#primaryimage\",\"url\":\"https:\\\/\\\/www.reciplasa.es\\\/wp-content\\\/uploads\\\/2021\\\/06\\\/Jurat-Reciplasa-scaled.jpg\",\"contentUrl\":\"https:\\\/\\\/www.reciplasa.es\\\/wp-content\\\/uploads\\\/2021\\\/06\\\/Jurat-Reciplasa-scaled.jpg\",\"width\":2560,\"height\":1920},{\"@type\":\"BreadcrumbList\",\"@id\":\"https:\\\/\\\/www.reciplasa.es\\\/cuatro-centros-de-castello-y-burriana-ganan-el-concurso-que-fem-amb-el-fem-de-la-catedra-reciplasa-de-la-uji\\\/#breadcrumb\",\"itemListElement\":[{\"@type\":\"ListItem\",\"position\":1,\"name\":\"Portada\",\"item\":\"https:\\\/\\\/www.reciplasa.es\\\/va\\\/\"},{\"@type\":\"ListItem\",\"position\":2,\"name\":\"Quatre centres de Castell\u00f3 i Borriana guanyen el concurs \u00abQu\u00e8 fem amb el fem?\u00bb de la C\u00e0tedra Reciplasa de l\u2019UJI\"}]},{\"@type\":\"WebSite\",\"@id\":\"https:\\\/\\\/www.reciplasa.es\\\/#website\",\"url\":\"https:\\\/\\\/www.reciplasa.es\\\/\",\"name\":\"RECIPLASA\",\"description\":\"Reciclats de Residus La Plana SA\",\"potentialAction\":[{\"@type\":\"SearchAction\",\"target\":{\"@type\":\"EntryPoint\",\"urlTemplate\":\"https:\\\/\\\/www.reciplasa.es\\\/?s={search_term_string}\"},\"query-input\":{\"@type\":\"PropertyValueSpecification\",\"valueRequired\":true,\"valueName\":\"search_term_string\"}}],\"inLanguage\":\"va-VA\"},{\"@type\":\"Person\",\"@id\":\"https:\\\/\\\/www.reciplasa.es\\\/#\\\/schema\\\/person\\\/608ffc094e3c56d49e6c6ec8f1ea0e82\",\"name\":\"Cristina Marco\",\"image\":{\"@type\":\"ImageObject\",\"inLanguage\":\"va-VA\",\"@id\":\"https:\\\/\\\/secure.gravatar.com\\\/avatar\\\/6da7e00dc41d26d3c4245f3b2d70d687293df0dfc18f03719354383f7be4f34b?s=96&d=mm&r=g\",\"url\":\"https:\\\/\\\/secure.gravatar.com\\\/avatar\\\/6da7e00dc41d26d3c4245f3b2d70d687293df0dfc18f03719354383f7be4f34b?s=96&d=mm&r=g\",\"contentUrl\":\"https:\\\/\\\/secure.gravatar.com\\\/avatar\\\/6da7e00dc41d26d3c4245f3b2d70d687293df0dfc18f03719354383f7be4f34b?s=96&d=mm&r=g\",\"caption\":\"Cristina Marco\"},\"url\":\"https:\\\/\\\/www.reciplasa.es\\\/va\\\/author\\\/cristina\\\/\"}]}<\/script>\n<!-- \/ Yoast SEO plugin. -->","yoast_head_json":{"title":"Quatre centres de Castell\u00f3 i Borriana guanyen el concurs \u00abQu\u00e8 fem amb el fem?\u00bb de la C\u00e0tedra Reciplasa de l\u2019UJI - RECIPLASA","robots":{"index":"index","follow":"follow","max-snippet":"max-snippet:-1","max-image-preview":"max-image-preview:large","max-video-preview":"max-video-preview:-1"},"canonical":"https:\/\/www.reciplasa.es\/cuatro-centros-de-castello-y-burriana-ganan-el-concurso-que-fem-amb-el-fem-de-la-catedra-reciplasa-de-la-uji\/","og_locale":"en_US","og_type":"article","og_title":"Quatre centres de Castell\u00f3 i Borriana guanyen el concurs \u00abQu\u00e8 fem amb el fem?\u00bb de la C\u00e0tedra Reciplasa de l\u2019UJI - RECIPLASA","og_description":"El jurat del concurs \u00abQu\u00e8 fem amb el fem?\u00bb de la C\u00e0tedra Reciplasa de Gesti\u00f3 de Residus Urbans de la Universitat Jaume I de Castell\u00f3 ha donat a con\u00e8ixer els premiats de la quarta edici\u00f3 dels guardons, que han estat tres centres de Castell\u00f3 i un de Borriana en les categories d\u2019educaci\u00f3 especial, infantil, prim\u00e0riaDale que hay m\u00e1s ...","og_url":"https:\/\/www.reciplasa.es\/cuatro-centros-de-castello-y-burriana-ganan-el-concurso-que-fem-amb-el-fem-de-la-catedra-reciplasa-de-la-uji\/","og_site_name":"RECIPLASA","article_published_time":"2021-06-01T14:47:21+00:00","og_image":[{"width":2560,"height":1920,"url":"https:\/\/www.reciplasa.es\/wp-content\/uploads\/2021\/06\/Jurat-Reciplasa-scaled.jpg","type":"image\/jpeg"}],"author":"Cristina Marco","twitter_card":"summary_large_image","twitter_misc":{"Written by":"Cristina Marco","Est. reading time":"2 minutes"},"schema":{"@context":"https:\/\/schema.org","@graph":[{"@type":"Article","@id":"https:\/\/www.reciplasa.es\/cuatro-centros-de-castello-y-burriana-ganan-el-concurso-que-fem-amb-el-fem-de-la-catedra-reciplasa-de-la-uji\/#article","isPartOf":{"@id":"https:\/\/www.reciplasa.es\/cuatro-centros-de-castello-y-burriana-ganan-el-concurso-que-fem-amb-el-fem-de-la-catedra-reciplasa-de-la-uji\/"},"author":{"name":"Cristina Marco","@id":"https:\/\/www.reciplasa.es\/#\/schema\/person\/608ffc094e3c56d49e6c6ec8f1ea0e82"},"headline":"Quatre centres de Castell\u00f3 i Borriana guanyen el concurs \u00abQu\u00e8 fem amb el fem?\u00bb de la C\u00e0tedra Reciplasa de l\u2019UJI","datePublished":"2021-06-01T14:47:21+00:00","mainEntityOfPage":{"@id":"https:\/\/www.reciplasa.es\/cuatro-centros-de-castello-y-burriana-ganan-el-concurso-que-fem-amb-el-fem-de-la-catedra-reciplasa-de-la-uji\/"},"wordCount":459,"image":{"@id":"https:\/\/www.reciplasa.es\/cuatro-centros-de-castello-y-burriana-ganan-el-concurso-que-fem-amb-el-fem-de-la-catedra-reciplasa-de-la-uji\/#primaryimage"},"thumbnailUrl":"https:\/\/www.reciplasa.es\/wp-content\/uploads\/2021\/06\/Jurat-Reciplasa-scaled.jpg","articleSection":["C\u00e0tedra Reciplasa-UJI"],"inLanguage":"va-VA"},{"@type":"WebPage","@id":"https:\/\/www.reciplasa.es\/cuatro-centros-de-castello-y-burriana-ganan-el-concurso-que-fem-amb-el-fem-de-la-catedra-reciplasa-de-la-uji\/","url":"https:\/\/www.reciplasa.es\/cuatro-centros-de-castello-y-burriana-ganan-el-concurso-que-fem-amb-el-fem-de-la-catedra-reciplasa-de-la-uji\/","name":"Quatre centres de Castell\u00f3 i Borriana guanyen el concurs \u00abQu\u00e8 fem amb el fem?\u00bb de la C\u00e0tedra Reciplasa de l\u2019UJI - RECIPLASA","isPartOf":{"@id":"https:\/\/www.reciplasa.es\/#website"},"primaryImageOfPage":{"@id":"https:\/\/www.reciplasa.es\/cuatro-centros-de-castello-y-burriana-ganan-el-concurso-que-fem-amb-el-fem-de-la-catedra-reciplasa-de-la-uji\/#primaryimage"},"image":{"@id":"https:\/\/www.reciplasa.es\/cuatro-centros-de-castello-y-burriana-ganan-el-concurso-que-fem-amb-el-fem-de-la-catedra-reciplasa-de-la-uji\/#primaryimage"},"thumbnailUrl":"https:\/\/www.reciplasa.es\/wp-content\/uploads\/2021\/06\/Jurat-Reciplasa-scaled.jpg","datePublished":"2021-06-01T14:47:21+00:00","author":{"@id":"https:\/\/www.reciplasa.es\/#\/schema\/person\/608ffc094e3c56d49e6c6ec8f1ea0e82"},"breadcrumb":{"@id":"https:\/\/www.reciplasa.es\/cuatro-centros-de-castello-y-burriana-ganan-el-concurso-que-fem-amb-el-fem-de-la-catedra-reciplasa-de-la-uji\/#breadcrumb"},"inLanguage":"va-VA","potentialAction":[{"@type":"ReadAction","target":["https:\/\/www.reciplasa.es\/cuatro-centros-de-castello-y-burriana-ganan-el-concurso-que-fem-amb-el-fem-de-la-catedra-reciplasa-de-la-uji\/"]}]},{"@type":"ImageObject","inLanguage":"va-VA","@id":"https:\/\/www.reciplasa.es\/cuatro-centros-de-castello-y-burriana-ganan-el-concurso-que-fem-amb-el-fem-de-la-catedra-reciplasa-de-la-uji\/#primaryimage","url":"https:\/\/www.reciplasa.es\/wp-content\/uploads\/2021\/06\/Jurat-Reciplasa-scaled.jpg","contentUrl":"https:\/\/www.reciplasa.es\/wp-content\/uploads\/2021\/06\/Jurat-Reciplasa-scaled.jpg","width":2560,"height":1920},{"@type":"BreadcrumbList","@id":"https:\/\/www.reciplasa.es\/cuatro-centros-de-castello-y-burriana-ganan-el-concurso-que-fem-amb-el-fem-de-la-catedra-reciplasa-de-la-uji\/#breadcrumb","itemListElement":[{"@type":"ListItem","position":1,"name":"Portada","item":"https:\/\/www.reciplasa.es\/va\/"},{"@type":"ListItem","position":2,"name":"Quatre centres de Castell\u00f3 i Borriana guanyen el concurs \u00abQu\u00e8 fem amb el fem?\u00bb de la C\u00e0tedra Reciplasa de l\u2019UJI"}]},{"@type":"WebSite","@id":"https:\/\/www.reciplasa.es\/#website","url":"https:\/\/www.reciplasa.es\/","name":"RECIPLASA","description":"Reciclats de Residus La Plana SA","potentialAction":[{"@type":"SearchAction","target":{"@type":"EntryPoint","urlTemplate":"https:\/\/www.reciplasa.es\/?s={search_term_string}"},"query-input":{"@type":"PropertyValueSpecification","valueRequired":true,"valueName":"search_term_string"}}],"inLanguage":"va-VA"},{"@type":"Person","@id":"https:\/\/www.reciplasa.es\/#\/schema\/person\/608ffc094e3c56d49e6c6ec8f1ea0e82","name":"Cristina Marco","image":{"@type":"ImageObject","inLanguage":"va-VA","@id":"https:\/\/secure.gravatar.com\/avatar\/6da7e00dc41d26d3c4245f3b2d70d687293df0dfc18f03719354383f7be4f34b?s=96&d=mm&r=g","url":"https:\/\/secure.gravatar.com\/avatar\/6da7e00dc41d26d3c4245f3b2d70d687293df0dfc18f03719354383f7be4f34b?s=96&d=mm&r=g","contentUrl":"https:\/\/secure.gravatar.com\/avatar\/6da7e00dc41d26d3c4245f3b2d70d687293df0dfc18f03719354383f7be4f34b?s=96&d=mm&r=g","caption":"Cristina Marco"},"url":"https:\/\/www.reciplasa.es\/va\/author\/cristina\/"}]}},"_links":{"self":[{"href":"https:\/\/www.reciplasa.es\/va\/wp-json\/wp\/v2\/posts\/14910","targetHints":{"allow":["GET"]}}],"collection":[{"href":"https:\/\/www.reciplasa.es\/va\/wp-json\/wp\/v2\/posts"}],"about":[{"href":"https:\/\/www.reciplasa.es\/va\/wp-json\/wp\/v2\/types\/post"}],"author":[{"embeddable":true,"href":"https:\/\/www.reciplasa.es\/va\/wp-json\/wp\/v2\/users\/3"}],"replies":[{"embeddable":true,"href":"https:\/\/www.reciplasa.es\/va\/wp-json\/wp\/v2\/comments?post=14910"}],"version-history":[{"count":1,"href":"https:\/\/www.reciplasa.es\/va\/wp-json\/wp\/v2\/posts\/14910\/revisions"}],"predecessor-version":[{"id":14912,"href":"https:\/\/www.reciplasa.es\/va\/wp-json\/wp\/v2\/posts\/14910\/revisions\/14912"}],"wp:featuredmedia":[{"embeddable":true,"href":"https:\/\/www.reciplasa.es\/va\/wp-json\/wp\/v2\/media\/14911"}],"wp:attachment":[{"href":"https:\/\/www.reciplasa.es\/va\/wp-json\/wp\/v2\/media?parent=14910"}],"wp:term":[{"taxonomy":"category","embeddable":true,"href":"https:\/\/www.reciplasa.es\/va\/wp-json\/wp\/v2\/categories?post=14910"},{"taxonomy":"post_tag","embeddable":true,"href":"https:\/\/www.reciplasa.es\/va\/wp-json\/wp\/v2\/tags?post=14910"}],"curies":[{"name":"wp","href":"https:\/\/api.w.org\/{rel}","templated":true}]}}