{"id":14965,"date":"2021-06-18T07:39:18","date_gmt":"2021-06-18T07:39:18","guid":{"rendered":"https:\/\/www.reciplasa.es\/?p=14965\/"},"modified":"2021-06-18T07:41:10","modified_gmt":"2021-06-18T07:41:10","slug":"la-catedra-reciplasa-de-gestio-de-residus-urbans-de-luji-lliura-els-premis-que-fem-amb-el-fem-2021","status":"publish","type":"post","link":"https:\/\/www.reciplasa.es\/va\/la-catedra-reciplasa-de-gestio-de-residus-urbans-de-luji-lliura-els-premis-que-fem-amb-el-fem-2021\/","title":{"rendered":"La C\u00e0tedra Reciplasa de Gesti\u00f3 de Residus Urbans de l&#8217;UJI lliura els premis \u00abQu\u00e8 fem amb el fem?\u00bb 2021"},"content":{"rendered":"<h6><em><span style=\"font-weight: 400;\">La C\u00e0tedra Reciplasa i el Seminari d&#8217;Educaci\u00f3 Ambiental de Castell\u00f3 reconeixen el treball de cinc centres educatius de la prov\u00edncia en l&#8217;educaci\u00f3 i conscienciaci\u00f3 sobre la correcta gesti\u00f3 dels residus urbans<\/span><\/em><\/h6>\n<p>La C\u00e0tedra UJI-Reciplasa\u00a0de Gesti\u00f3 de Residus S\u00f2lids Urbans en col\u00b7laboraci\u00f3 amb el Seminari d&#8217;Educaci\u00f3 Ambiental de Castell\u00f3 han lliurat un any m\u00e9s els guardons del concurs escolar <a href=\"https:\/\/www.reciplasa.es\/va\/quefemambelfem\/\">\u00abQu\u00e8\u00a0fem\u00a0amb\u00a0el\u00a0fem?\u00bb<\/a>, que premia els millors projectes d&#8217;educaci\u00f3 mediambiental des de l&#8217;educaci\u00f3 infantil fins a l&#8217;educaci\u00f3 especial passant per prim\u00e0ria i secund\u00e0ria.<\/p>\n<p>L\u2019acte ha comptat amb la participaci\u00f3 del vicerector d\u2019Investigaci\u00f3 i Transfer\u00e8ncia, Jes\u00fas Lancis;\u00a0el catedr\u00e0tic F\u00e9lix Hern\u00e1ndez, director de la C\u00e0tedra; Ignasi Garc\u00eda, president de Reciplasa;\u00a0M.\u00a0Josep Safont, alcaldessa de Borriana;\u00a0Francesc Mezquita, regidor d\u2019Educaci\u00f3 de l\u2019Ajuntament de Castell\u00f3, i Fernando Albarr\u00e1n, director t\u00e8cnic de Reciplasa.<\/p>\n<p><img loading=\"lazy\" decoding=\"async\" class=\"aligncenter size-large wp-image-14959\" src=\"https:\/\/www.reciplasa.es\/wp-content\/uploads\/2021\/06\/Que_fem_amb_el_fem_21DLL007-1024x683.jpeg\" alt=\"\" width=\"800\" height=\"534\" srcset=\"https:\/\/www.reciplasa.es\/wp-content\/uploads\/2021\/06\/Que_fem_amb_el_fem_21DLL007-1024x683.jpeg 1024w, https:\/\/www.reciplasa.es\/wp-content\/uploads\/2021\/06\/Que_fem_amb_el_fem_21DLL007-300x200.jpeg 300w, https:\/\/www.reciplasa.es\/wp-content\/uploads\/2021\/06\/Que_fem_amb_el_fem_21DLL007-768x512.jpeg 768w, https:\/\/www.reciplasa.es\/wp-content\/uploads\/2021\/06\/Que_fem_amb_el_fem_21DLL007-1536x1025.jpeg 1536w, https:\/\/www.reciplasa.es\/wp-content\/uploads\/2021\/06\/Que_fem_amb_el_fem_21DLL007-2048x1366.jpeg 2048w\" sizes=\"auto, (max-width: 800px) 100vw, 800px\" \/><\/p>\n<p>En aquesta edici\u00f3 s\u2019han premiat quatre projectes\u00a0i s\u2019ha atorgat un esment especial. Els guardonats han sigut el projecte \u00abReciclamos para jugar y aprender\u00bb del<strong> Centre d\u2019Educaci\u00f3 Especial Penyeta Roja de Castell\u00f3<\/strong> coordinat per la professora Marta Mart\u00ednez Mart\u00ednez en la categoria d\u2019Educaci\u00f3 Especial; i el projecte \u00abEstem a temps\u00bb del grup de 4 anys del <strong>CEIP Bisbe Climent de Castell\u00f3 de la Plana<\/strong>, coordinat per la professora Mar\u00eda Jes\u00fas Salinas Garc\u00eda amb l\u2019estudiant en pr\u00e0ctiques Paula Agramunt Llorens en la secci\u00f3 d\u2019Educaci\u00f3 Infantil.<\/p>\n<p>Tamb\u00e9 han resultat premiats el projecte \u00abLes Not\u00edcies de 5\u00e9\u00bb\u00a0del grup de cinqu\u00e8 del <strong>CEIP Pintor Castell de Castell\u00f3 de la Plana<\/strong> coordinat per Lorena Ruiz Catal\u00e1n amb l\u2019estudiant\u00a0en pr\u00e0ctiques Alba Badenes Sanchis en la categoria d\u2019Educaci\u00f3 Prim\u00e0ria; i el projecte \u00abEl fem, el desfem!\u00bb del grup de teatre de l\u2019<strong>IES Jaume I de Borriana<\/strong> coordinat per la professora Mar Gar\u00ed Palau en la categoria d\u2019Educaci\u00f3 Secund\u00e0ria.<\/p>\n<p>A m\u00e9s a m\u00e9s, s\u2019ha decidit atorgar una menci\u00f3 especial al millor exemple pr\u00e0ctic d\u2019\u00fas de residus urbans en horts escolars al projecte \u00abTransformem el fem\u00bb de l\u2019<strong>IES Serra d\u2019Irta d\u2019Alcal\u00e0\u00a0de Xivert<\/strong> coordinat per la professora Elena Raim\u00ednguez Valero.<\/p>\n<div id=\"attachment_14955\" style=\"width: 810px\" class=\"wp-caption aligncenter\"><img loading=\"lazy\" decoding=\"async\" aria-describedby=\"caption-attachment-14955\" class=\"wp-image-14955 size-large\" src=\"https:\/\/www.reciplasa.es\/wp-content\/uploads\/2021\/06\/Que_fem_amb_el_fem_21DLL049-1024x683.jpeg\" alt=\"Guanyadors eduaci\u00f3 infantil: CEIP Bisbe Climent de Castell\u00f3 de la Plana amb \u00abEstem a temps\u00bb\" width=\"800\" height=\"534\" srcset=\"https:\/\/www.reciplasa.es\/wp-content\/uploads\/2021\/06\/Que_fem_amb_el_fem_21DLL049-1024x683.jpeg 1024w, https:\/\/www.reciplasa.es\/wp-content\/uploads\/2021\/06\/Que_fem_amb_el_fem_21DLL049-300x200.jpeg 300w, https:\/\/www.reciplasa.es\/wp-content\/uploads\/2021\/06\/Que_fem_amb_el_fem_21DLL049-768x512.jpeg 768w, https:\/\/www.reciplasa.es\/wp-content\/uploads\/2021\/06\/Que_fem_amb_el_fem_21DLL049-1536x1025.jpeg 1536w, https:\/\/www.reciplasa.es\/wp-content\/uploads\/2021\/06\/Que_fem_amb_el_fem_21DLL049-2048x1366.jpeg 2048w\" sizes=\"auto, (max-width: 800px) 100vw, 800px\" \/><p id=\"caption-attachment-14955\" class=\"wp-caption-text\">Guanyadors eduaci\u00f3 infantil: CEIP Bisbe Climent de Castell\u00f3 de la Plana amb \u00abEstem a temps\u00bb<\/p><\/div>\n<div id=\"attachment_14956\" style=\"width: 810px\" class=\"wp-caption aligncenter\"><img loading=\"lazy\" decoding=\"async\" aria-describedby=\"caption-attachment-14956\" class=\"wp-image-14956 size-large\" src=\"https:\/\/www.reciplasa.es\/wp-content\/uploads\/2021\/06\/Que_fem_amb_el_fem_21DLL055-1024x683.jpeg\" alt=\"Guanyadors educaci\u00f3 prim\u00e0ria: CEIP Pintor Castell de Castell\u00f3 de la Plana amb \u00abLes not\u00edcies de 5\u00e8\u00bb\" width=\"800\" height=\"534\" srcset=\"https:\/\/www.reciplasa.es\/wp-content\/uploads\/2021\/06\/Que_fem_amb_el_fem_21DLL055-1024x683.jpeg 1024w, https:\/\/www.reciplasa.es\/wp-content\/uploads\/2021\/06\/Que_fem_amb_el_fem_21DLL055-300x200.jpeg 300w, https:\/\/www.reciplasa.es\/wp-content\/uploads\/2021\/06\/Que_fem_amb_el_fem_21DLL055-768x512.jpeg 768w, https:\/\/www.reciplasa.es\/wp-content\/uploads\/2021\/06\/Que_fem_amb_el_fem_21DLL055-1536x1025.jpeg 1536w, https:\/\/www.reciplasa.es\/wp-content\/uploads\/2021\/06\/Que_fem_amb_el_fem_21DLL055-2048x1366.jpeg 2048w\" sizes=\"auto, (max-width: 800px) 100vw, 800px\" \/><p id=\"caption-attachment-14956\" class=\"wp-caption-text\">Guanyadors educaci\u00f3 prim\u00e0ria: CEIP Pintor Castell de Castell\u00f3 de la Plana amb \u00abLes not\u00edcies de 5\u00e8\u00bb<\/p><\/div>\n<div id=\"attachment_14957\" style=\"width: 810px\" class=\"wp-caption aligncenter\"><img loading=\"lazy\" decoding=\"async\" aria-describedby=\"caption-attachment-14957\" class=\"wp-image-14957 size-large\" src=\"https:\/\/www.reciplasa.es\/wp-content\/uploads\/2021\/06\/Que_fem_amb_el_fem_21DLL060-1024x683.jpeg\" alt=\"Guanyadors secund\u00e0ria: IES Jaume I amb \u00abEl fem, el desfem!\u00bb\" width=\"800\" height=\"534\" srcset=\"https:\/\/www.reciplasa.es\/wp-content\/uploads\/2021\/06\/Que_fem_amb_el_fem_21DLL060-1024x683.jpeg 1024w, https:\/\/www.reciplasa.es\/wp-content\/uploads\/2021\/06\/Que_fem_amb_el_fem_21DLL060-300x200.jpeg 300w, https:\/\/www.reciplasa.es\/wp-content\/uploads\/2021\/06\/Que_fem_amb_el_fem_21DLL060-768x512.jpeg 768w, https:\/\/www.reciplasa.es\/wp-content\/uploads\/2021\/06\/Que_fem_amb_el_fem_21DLL060-1536x1025.jpeg 1536w, https:\/\/www.reciplasa.es\/wp-content\/uploads\/2021\/06\/Que_fem_amb_el_fem_21DLL060-2048x1366.jpeg 2048w\" sizes=\"auto, (max-width: 800px) 100vw, 800px\" \/><p id=\"caption-attachment-14957\" class=\"wp-caption-text\">Guanyadors secund\u00e0ria: IES Jaume I amb \u00abEl fem, el desfem!\u00bb<\/p><\/div>\n<div id=\"attachment_14958\" style=\"width: 810px\" class=\"wp-caption aligncenter\"><img loading=\"lazy\" decoding=\"async\" aria-describedby=\"caption-attachment-14958\" class=\"wp-image-14958 size-large\" src=\"https:\/\/www.reciplasa.es\/wp-content\/uploads\/2021\/06\/Que_fem_amb_el_fem_21DLL067-1024x683.jpeg\" alt=\"Guanyadors educaci\u00f3 especial: Centre d'Educaci\u00f3 Especial Penyeta Roja de Castell\u00f3 amb \u00abReciclamos para jugar y aprender\u00bb\" width=\"800\" height=\"534\" srcset=\"https:\/\/www.reciplasa.es\/wp-content\/uploads\/2021\/06\/Que_fem_amb_el_fem_21DLL067-1024x683.jpeg 1024w, https:\/\/www.reciplasa.es\/wp-content\/uploads\/2021\/06\/Que_fem_amb_el_fem_21DLL067-300x200.jpeg 300w, https:\/\/www.reciplasa.es\/wp-content\/uploads\/2021\/06\/Que_fem_amb_el_fem_21DLL067-768x512.jpeg 768w, https:\/\/www.reciplasa.es\/wp-content\/uploads\/2021\/06\/Que_fem_amb_el_fem_21DLL067-1536x1025.jpeg 1536w, https:\/\/www.reciplasa.es\/wp-content\/uploads\/2021\/06\/Que_fem_amb_el_fem_21DLL067-2048x1366.jpeg 2048w\" sizes=\"auto, (max-width: 800px) 100vw, 800px\" \/><p id=\"caption-attachment-14958\" class=\"wp-caption-text\">Guanyadors educaci\u00f3 especial: Centre d&#8217;Educaci\u00f3 Especial Penyeta Roja de Castell\u00f3 amb \u00abReciclamos para jugar y aprender\u00bb<\/p><\/div>\n<div id=\"attachment_14954\" style=\"width: 810px\" class=\"wp-caption aligncenter\"><img loading=\"lazy\" decoding=\"async\" aria-describedby=\"caption-attachment-14954\" class=\"wp-image-14954 size-large\" src=\"https:\/\/www.reciplasa.es\/wp-content\/uploads\/2021\/06\/Que_fem_amb_el_fem_21DLL045-1024x683.jpeg\" alt=\"\" width=\"800\" height=\"534\" srcset=\"https:\/\/www.reciplasa.es\/wp-content\/uploads\/2021\/06\/Que_fem_amb_el_fem_21DLL045-1024x683.jpeg 1024w, https:\/\/www.reciplasa.es\/wp-content\/uploads\/2021\/06\/Que_fem_amb_el_fem_21DLL045-300x200.jpeg 300w, https:\/\/www.reciplasa.es\/wp-content\/uploads\/2021\/06\/Que_fem_amb_el_fem_21DLL045-768x512.jpeg 768w, https:\/\/www.reciplasa.es\/wp-content\/uploads\/2021\/06\/Que_fem_amb_el_fem_21DLL045-1536x1025.jpeg 1536w, https:\/\/www.reciplasa.es\/wp-content\/uploads\/2021\/06\/Que_fem_amb_el_fem_21DLL045-2048x1366.jpeg 2048w\" sizes=\"auto, (max-width: 800px) 100vw, 800px\" \/><p id=\"caption-attachment-14954\" class=\"wp-caption-text\">Menci\u00f3n especial: IES Serra d&#8217;Irta de Alcal\u00e0 de Xivert\u00a0con \u00abTransformem el fem\u00bb<\/p><\/div>\n","protected":false},"excerpt":{"rendered":"<p>La C\u00e0tedra Reciplasa i el Seminari d&#8217;Educaci\u00f3 Ambiental de Castell\u00f3 reconeixen el treball de cinc centres educatius de la prov\u00edncia en l&#8217;educaci\u00f3 i conscienciaci\u00f3 sobre la correcta gesti\u00f3 dels residus urbans La C\u00e0tedra UJI-Reciplasa\u00a0de Gesti\u00f3 de Residus S\u00f2lids Urbans en col\u00b7laboraci\u00f3 amb el Seminari d&#8217;Educaci\u00f3 Ambiental de Castell\u00f3 han lliurat un any m\u00e9s els guardonsDale que hay m\u00e1s &#8230;<\/p>\n","protected":false},"author":3,"featured_media":14953,"comment_status":"closed","ping_status":"closed","sticky":false,"template":"","format":"standard","meta":{"footnotes":""},"categories":[88],"tags":[],"class_list":["post-14965","post","type-post","status-publish","format-standard","has-post-thumbnail","hentry","category-catedra-reciplasa-uji"],"yoast_head":"<!-- This site is optimized with the Yoast SEO plugin v27.4 - https:\/\/yoast.com\/product\/yoast-seo-wordpress\/ -->\n<title>La C\u00e0tedra Reciplasa de Gesti\u00f3 de Residus Urbans de l&#039;UJI lliura els premis \u00abQu\u00e8 fem amb el fem?\u00bb 2021 - RECIPLASA<\/title>\n<meta name=\"robots\" content=\"index, follow, max-snippet:-1, max-image-preview:large, max-video-preview:-1\" \/>\n<link rel=\"canonical\" href=\"https:\/\/www.reciplasa.es\/va\/la-catedra-reciplasa-de-gestio-de-residus-urbans-de-luji-lliura-els-premis-que-fem-amb-el-fem-2021\/\" \/>\n<meta property=\"og:locale\" content=\"en_US\" \/>\n<meta property=\"og:type\" content=\"article\" \/>\n<meta property=\"og:title\" content=\"La C\u00e0tedra Reciplasa de Gesti\u00f3 de Residus Urbans de l&#039;UJI lliura els premis \u00abQu\u00e8 fem amb el fem?\u00bb 2021 - RECIPLASA\" \/>\n<meta property=\"og:description\" content=\"La C\u00e0tedra Reciplasa i el Seminari d&#8217;Educaci\u00f3 Ambiental de Castell\u00f3 reconeixen el treball de cinc centres educatius de la prov\u00edncia en l&#8217;educaci\u00f3 i conscienciaci\u00f3 sobre la correcta gesti\u00f3 dels residus urbans La C\u00e0tedra UJI-Reciplasa\u00a0de Gesti\u00f3 de Residus S\u00f2lids Urbans en col\u00b7laboraci\u00f3 amb el Seminari d&#8217;Educaci\u00f3 Ambiental de Castell\u00f3 han lliurat un any m\u00e9s els guardonsDale que hay m\u00e1s ...\" \/>\n<meta property=\"og:url\" content=\"https:\/\/www.reciplasa.es\/va\/la-catedra-reciplasa-de-gestio-de-residus-urbans-de-luji-lliura-els-premis-que-fem-amb-el-fem-2021\/\" \/>\n<meta property=\"og:site_name\" content=\"RECIPLASA\" \/>\n<meta property=\"article:published_time\" content=\"2021-06-18T07:39:18+00:00\" \/>\n<meta property=\"article:modified_time\" content=\"2021-06-18T07:41:10+00:00\" \/>\n<meta property=\"og:image\" content=\"https:\/\/www.reciplasa.es\/wp-content\/uploads\/2021\/06\/Que_fem_amb_el_fem_21DLL107-scaled.jpeg\" \/>\n\t<meta property=\"og:image:width\" content=\"2560\" \/>\n\t<meta property=\"og:image:height\" content=\"1708\" \/>\n\t<meta property=\"og:image:type\" content=\"image\/jpeg\" \/>\n<meta name=\"author\" content=\"Cristina Marco\" \/>\n<meta name=\"twitter:card\" content=\"summary_large_image\" \/>\n<meta name=\"twitter:label1\" content=\"Written by\" \/>\n\t<meta name=\"twitter:data1\" content=\"Cristina Marco\" \/>\n\t<meta name=\"twitter:label2\" content=\"Est. reading time\" \/>\n\t<meta name=\"twitter:data2\" content=\"4 minutes\" \/>\n<script type=\"application\/ld+json\" class=\"yoast-schema-graph\">{\"@context\":\"https:\\\/\\\/schema.org\",\"@graph\":[{\"@type\":\"Article\",\"@id\":\"https:\\\/\\\/www.reciplasa.es\\\/va\\\/la-catedra-reciplasa-de-gestio-de-residus-urbans-de-luji-lliura-els-premis-que-fem-amb-el-fem-2021\\\/#article\",\"isPartOf\":{\"@id\":\"https:\\\/\\\/www.reciplasa.es\\\/va\\\/la-catedra-reciplasa-de-gestio-de-residus-urbans-de-luji-lliura-els-premis-que-fem-amb-el-fem-2021\\\/\"},\"author\":{\"name\":\"Cristina Marco\",\"@id\":\"https:\\\/\\\/www.reciplasa.es\\\/#\\\/schema\\\/person\\\/608ffc094e3c56d49e6c6ec8f1ea0e82\"},\"headline\":\"La C\u00e0tedra Reciplasa de Gesti\u00f3 de Residus Urbans de l&#8217;UJI lliura els premis \u00abQu\u00e8 fem amb el fem?\u00bb 2021\",\"datePublished\":\"2021-06-18T07:39:18+00:00\",\"dateModified\":\"2021-06-18T07:41:10+00:00\",\"mainEntityOfPage\":{\"@id\":\"https:\\\/\\\/www.reciplasa.es\\\/va\\\/la-catedra-reciplasa-de-gestio-de-residus-urbans-de-luji-lliura-els-premis-que-fem-amb-el-fem-2021\\\/\"},\"wordCount\":509,\"image\":{\"@id\":\"https:\\\/\\\/www.reciplasa.es\\\/va\\\/la-catedra-reciplasa-de-gestio-de-residus-urbans-de-luji-lliura-els-premis-que-fem-amb-el-fem-2021\\\/#primaryimage\"},\"thumbnailUrl\":\"https:\\\/\\\/www.reciplasa.es\\\/wp-content\\\/uploads\\\/2021\\\/06\\\/Que_fem_amb_el_fem_21DLL107-scaled.jpeg\",\"articleSection\":[\"C\u00e0tedra Reciplasa-UJI\"],\"inLanguage\":\"va-VA\"},{\"@type\":\"WebPage\",\"@id\":\"https:\\\/\\\/www.reciplasa.es\\\/va\\\/la-catedra-reciplasa-de-gestio-de-residus-urbans-de-luji-lliura-els-premis-que-fem-amb-el-fem-2021\\\/\",\"url\":\"https:\\\/\\\/www.reciplasa.es\\\/va\\\/la-catedra-reciplasa-de-gestio-de-residus-urbans-de-luji-lliura-els-premis-que-fem-amb-el-fem-2021\\\/\",\"name\":\"La C\u00e0tedra Reciplasa de Gesti\u00f3 de Residus Urbans de l'UJI lliura els premis \u00abQu\u00e8 fem amb el fem?\u00bb 2021 - RECIPLASA\",\"isPartOf\":{\"@id\":\"https:\\\/\\\/www.reciplasa.es\\\/#website\"},\"primaryImageOfPage\":{\"@id\":\"https:\\\/\\\/www.reciplasa.es\\\/va\\\/la-catedra-reciplasa-de-gestio-de-residus-urbans-de-luji-lliura-els-premis-que-fem-amb-el-fem-2021\\\/#primaryimage\"},\"image\":{\"@id\":\"https:\\\/\\\/www.reciplasa.es\\\/va\\\/la-catedra-reciplasa-de-gestio-de-residus-urbans-de-luji-lliura-els-premis-que-fem-amb-el-fem-2021\\\/#primaryimage\"},\"thumbnailUrl\":\"https:\\\/\\\/www.reciplasa.es\\\/wp-content\\\/uploads\\\/2021\\\/06\\\/Que_fem_amb_el_fem_21DLL107-scaled.jpeg\",\"datePublished\":\"2021-06-18T07:39:18+00:00\",\"dateModified\":\"2021-06-18T07:41:10+00:00\",\"author\":{\"@id\":\"https:\\\/\\\/www.reciplasa.es\\\/#\\\/schema\\\/person\\\/608ffc094e3c56d49e6c6ec8f1ea0e82\"},\"breadcrumb\":{\"@id\":\"https:\\\/\\\/www.reciplasa.es\\\/va\\\/la-catedra-reciplasa-de-gestio-de-residus-urbans-de-luji-lliura-els-premis-que-fem-amb-el-fem-2021\\\/#breadcrumb\"},\"inLanguage\":\"va-VA\",\"potentialAction\":[{\"@type\":\"ReadAction\",\"target\":[\"https:\\\/\\\/www.reciplasa.es\\\/va\\\/la-catedra-reciplasa-de-gestio-de-residus-urbans-de-luji-lliura-els-premis-que-fem-amb-el-fem-2021\\\/\"]}]},{\"@type\":\"ImageObject\",\"inLanguage\":\"va-VA\",\"@id\":\"https:\\\/\\\/www.reciplasa.es\\\/va\\\/la-catedra-reciplasa-de-gestio-de-residus-urbans-de-luji-lliura-els-premis-que-fem-amb-el-fem-2021\\\/#primaryimage\",\"url\":\"https:\\\/\\\/www.reciplasa.es\\\/wp-content\\\/uploads\\\/2021\\\/06\\\/Que_fem_amb_el_fem_21DLL107-scaled.jpeg\",\"contentUrl\":\"https:\\\/\\\/www.reciplasa.es\\\/wp-content\\\/uploads\\\/2021\\\/06\\\/Que_fem_amb_el_fem_21DLL107-scaled.jpeg\",\"width\":2560,\"height\":1708,\"caption\":\"Guanyadors que fem amb el fem?\"},{\"@type\":\"BreadcrumbList\",\"@id\":\"https:\\\/\\\/www.reciplasa.es\\\/va\\\/la-catedra-reciplasa-de-gestio-de-residus-urbans-de-luji-lliura-els-premis-que-fem-amb-el-fem-2021\\\/#breadcrumb\",\"itemListElement\":[{\"@type\":\"ListItem\",\"position\":1,\"name\":\"Portada\",\"item\":\"https:\\\/\\\/www.reciplasa.es\\\/va\\\/\"},{\"@type\":\"ListItem\",\"position\":2,\"name\":\"La C\u00e0tedra Reciplasa de Gesti\u00f3 de Residus Urbans de l&#8217;UJI lliura els premis \u00abQu\u00e8 fem amb el fem?\u00bb 2021\"}]},{\"@type\":\"WebSite\",\"@id\":\"https:\\\/\\\/www.reciplasa.es\\\/#website\",\"url\":\"https:\\\/\\\/www.reciplasa.es\\\/\",\"name\":\"RECIPLASA\",\"description\":\"Reciclats de Residus La Plana SA\",\"potentialAction\":[{\"@type\":\"SearchAction\",\"target\":{\"@type\":\"EntryPoint\",\"urlTemplate\":\"https:\\\/\\\/www.reciplasa.es\\\/?s={search_term_string}\"},\"query-input\":{\"@type\":\"PropertyValueSpecification\",\"valueRequired\":true,\"valueName\":\"search_term_string\"}}],\"inLanguage\":\"va-VA\"},{\"@type\":\"Person\",\"@id\":\"https:\\\/\\\/www.reciplasa.es\\\/#\\\/schema\\\/person\\\/608ffc094e3c56d49e6c6ec8f1ea0e82\",\"name\":\"Cristina Marco\",\"image\":{\"@type\":\"ImageObject\",\"inLanguage\":\"va-VA\",\"@id\":\"https:\\\/\\\/secure.gravatar.com\\\/avatar\\\/6da7e00dc41d26d3c4245f3b2d70d687293df0dfc18f03719354383f7be4f34b?s=96&d=mm&r=g\",\"url\":\"https:\\\/\\\/secure.gravatar.com\\\/avatar\\\/6da7e00dc41d26d3c4245f3b2d70d687293df0dfc18f03719354383f7be4f34b?s=96&d=mm&r=g\",\"contentUrl\":\"https:\\\/\\\/secure.gravatar.com\\\/avatar\\\/6da7e00dc41d26d3c4245f3b2d70d687293df0dfc18f03719354383f7be4f34b?s=96&d=mm&r=g\",\"caption\":\"Cristina Marco\"},\"url\":\"https:\\\/\\\/www.reciplasa.es\\\/va\\\/author\\\/cristina\\\/\"}]}<\/script>\n<!-- \/ Yoast SEO plugin. -->","yoast_head_json":{"title":"La C\u00e0tedra Reciplasa de Gesti\u00f3 de Residus Urbans de l'UJI lliura els premis \u00abQu\u00e8 fem amb el fem?\u00bb 2021 - RECIPLASA","robots":{"index":"index","follow":"follow","max-snippet":"max-snippet:-1","max-image-preview":"max-image-preview:large","max-video-preview":"max-video-preview:-1"},"canonical":"https:\/\/www.reciplasa.es\/va\/la-catedra-reciplasa-de-gestio-de-residus-urbans-de-luji-lliura-els-premis-que-fem-amb-el-fem-2021\/","og_locale":"en_US","og_type":"article","og_title":"La C\u00e0tedra Reciplasa de Gesti\u00f3 de Residus Urbans de l'UJI lliura els premis \u00abQu\u00e8 fem amb el fem?\u00bb 2021 - RECIPLASA","og_description":"La C\u00e0tedra Reciplasa i el Seminari d&#8217;Educaci\u00f3 Ambiental de Castell\u00f3 reconeixen el treball de cinc centres educatius de la prov\u00edncia en l&#8217;educaci\u00f3 i conscienciaci\u00f3 sobre la correcta gesti\u00f3 dels residus urbans La C\u00e0tedra UJI-Reciplasa\u00a0de Gesti\u00f3 de Residus S\u00f2lids Urbans en col\u00b7laboraci\u00f3 amb el Seminari d&#8217;Educaci\u00f3 Ambiental de Castell\u00f3 han lliurat un any m\u00e9s els guardonsDale que hay m\u00e1s ...","og_url":"https:\/\/www.reciplasa.es\/va\/la-catedra-reciplasa-de-gestio-de-residus-urbans-de-luji-lliura-els-premis-que-fem-amb-el-fem-2021\/","og_site_name":"RECIPLASA","article_published_time":"2021-06-18T07:39:18+00:00","article_modified_time":"2021-06-18T07:41:10+00:00","og_image":[{"width":2560,"height":1708,"url":"https:\/\/www.reciplasa.es\/wp-content\/uploads\/2021\/06\/Que_fem_amb_el_fem_21DLL107-scaled.jpeg","type":"image\/jpeg"}],"author":"Cristina Marco","twitter_card":"summary_large_image","twitter_misc":{"Written by":"Cristina Marco","Est. reading time":"4 minutes"},"schema":{"@context":"https:\/\/schema.org","@graph":[{"@type":"Article","@id":"https:\/\/www.reciplasa.es\/va\/la-catedra-reciplasa-de-gestio-de-residus-urbans-de-luji-lliura-els-premis-que-fem-amb-el-fem-2021\/#article","isPartOf":{"@id":"https:\/\/www.reciplasa.es\/va\/la-catedra-reciplasa-de-gestio-de-residus-urbans-de-luji-lliura-els-premis-que-fem-amb-el-fem-2021\/"},"author":{"name":"Cristina Marco","@id":"https:\/\/www.reciplasa.es\/#\/schema\/person\/608ffc094e3c56d49e6c6ec8f1ea0e82"},"headline":"La C\u00e0tedra Reciplasa de Gesti\u00f3 de Residus Urbans de l&#8217;UJI lliura els premis \u00abQu\u00e8 fem amb el fem?\u00bb 2021","datePublished":"2021-06-18T07:39:18+00:00","dateModified":"2021-06-18T07:41:10+00:00","mainEntityOfPage":{"@id":"https:\/\/www.reciplasa.es\/va\/la-catedra-reciplasa-de-gestio-de-residus-urbans-de-luji-lliura-els-premis-que-fem-amb-el-fem-2021\/"},"wordCount":509,"image":{"@id":"https:\/\/www.reciplasa.es\/va\/la-catedra-reciplasa-de-gestio-de-residus-urbans-de-luji-lliura-els-premis-que-fem-amb-el-fem-2021\/#primaryimage"},"thumbnailUrl":"https:\/\/www.reciplasa.es\/wp-content\/uploads\/2021\/06\/Que_fem_amb_el_fem_21DLL107-scaled.jpeg","articleSection":["C\u00e0tedra Reciplasa-UJI"],"inLanguage":"va-VA"},{"@type":"WebPage","@id":"https:\/\/www.reciplasa.es\/va\/la-catedra-reciplasa-de-gestio-de-residus-urbans-de-luji-lliura-els-premis-que-fem-amb-el-fem-2021\/","url":"https:\/\/www.reciplasa.es\/va\/la-catedra-reciplasa-de-gestio-de-residus-urbans-de-luji-lliura-els-premis-que-fem-amb-el-fem-2021\/","name":"La C\u00e0tedra Reciplasa de Gesti\u00f3 de Residus Urbans de l'UJI lliura els premis \u00abQu\u00e8 fem amb el fem?\u00bb 2021 - RECIPLASA","isPartOf":{"@id":"https:\/\/www.reciplasa.es\/#website"},"primaryImageOfPage":{"@id":"https:\/\/www.reciplasa.es\/va\/la-catedra-reciplasa-de-gestio-de-residus-urbans-de-luji-lliura-els-premis-que-fem-amb-el-fem-2021\/#primaryimage"},"image":{"@id":"https:\/\/www.reciplasa.es\/va\/la-catedra-reciplasa-de-gestio-de-residus-urbans-de-luji-lliura-els-premis-que-fem-amb-el-fem-2021\/#primaryimage"},"thumbnailUrl":"https:\/\/www.reciplasa.es\/wp-content\/uploads\/2021\/06\/Que_fem_amb_el_fem_21DLL107-scaled.jpeg","datePublished":"2021-06-18T07:39:18+00:00","dateModified":"2021-06-18T07:41:10+00:00","author":{"@id":"https:\/\/www.reciplasa.es\/#\/schema\/person\/608ffc094e3c56d49e6c6ec8f1ea0e82"},"breadcrumb":{"@id":"https:\/\/www.reciplasa.es\/va\/la-catedra-reciplasa-de-gestio-de-residus-urbans-de-luji-lliura-els-premis-que-fem-amb-el-fem-2021\/#breadcrumb"},"inLanguage":"va-VA","potentialAction":[{"@type":"ReadAction","target":["https:\/\/www.reciplasa.es\/va\/la-catedra-reciplasa-de-gestio-de-residus-urbans-de-luji-lliura-els-premis-que-fem-amb-el-fem-2021\/"]}]},{"@type":"ImageObject","inLanguage":"va-VA","@id":"https:\/\/www.reciplasa.es\/va\/la-catedra-reciplasa-de-gestio-de-residus-urbans-de-luji-lliura-els-premis-que-fem-amb-el-fem-2021\/#primaryimage","url":"https:\/\/www.reciplasa.es\/wp-content\/uploads\/2021\/06\/Que_fem_amb_el_fem_21DLL107-scaled.jpeg","contentUrl":"https:\/\/www.reciplasa.es\/wp-content\/uploads\/2021\/06\/Que_fem_amb_el_fem_21DLL107-scaled.jpeg","width":2560,"height":1708,"caption":"Guanyadors que fem amb el fem?"},{"@type":"BreadcrumbList","@id":"https:\/\/www.reciplasa.es\/va\/la-catedra-reciplasa-de-gestio-de-residus-urbans-de-luji-lliura-els-premis-que-fem-amb-el-fem-2021\/#breadcrumb","itemListElement":[{"@type":"ListItem","position":1,"name":"Portada","item":"https:\/\/www.reciplasa.es\/va\/"},{"@type":"ListItem","position":2,"name":"La C\u00e0tedra Reciplasa de Gesti\u00f3 de Residus Urbans de l&#8217;UJI lliura els premis \u00abQu\u00e8 fem amb el fem?\u00bb 2021"}]},{"@type":"WebSite","@id":"https:\/\/www.reciplasa.es\/#website","url":"https:\/\/www.reciplasa.es\/","name":"RECIPLASA","description":"Reciclats de Residus La Plana SA","potentialAction":[{"@type":"SearchAction","target":{"@type":"EntryPoint","urlTemplate":"https:\/\/www.reciplasa.es\/?s={search_term_string}"},"query-input":{"@type":"PropertyValueSpecification","valueRequired":true,"valueName":"search_term_string"}}],"inLanguage":"va-VA"},{"@type":"Person","@id":"https:\/\/www.reciplasa.es\/#\/schema\/person\/608ffc094e3c56d49e6c6ec8f1ea0e82","name":"Cristina Marco","image":{"@type":"ImageObject","inLanguage":"va-VA","@id":"https:\/\/secure.gravatar.com\/avatar\/6da7e00dc41d26d3c4245f3b2d70d687293df0dfc18f03719354383f7be4f34b?s=96&d=mm&r=g","url":"https:\/\/secure.gravatar.com\/avatar\/6da7e00dc41d26d3c4245f3b2d70d687293df0dfc18f03719354383f7be4f34b?s=96&d=mm&r=g","contentUrl":"https:\/\/secure.gravatar.com\/avatar\/6da7e00dc41d26d3c4245f3b2d70d687293df0dfc18f03719354383f7be4f34b?s=96&d=mm&r=g","caption":"Cristina Marco"},"url":"https:\/\/www.reciplasa.es\/va\/author\/cristina\/"}]}},"_links":{"self":[{"href":"https:\/\/www.reciplasa.es\/va\/wp-json\/wp\/v2\/posts\/14965","targetHints":{"allow":["GET"]}}],"collection":[{"href":"https:\/\/www.reciplasa.es\/va\/wp-json\/wp\/v2\/posts"}],"about":[{"href":"https:\/\/www.reciplasa.es\/va\/wp-json\/wp\/v2\/types\/post"}],"author":[{"embeddable":true,"href":"https:\/\/www.reciplasa.es\/va\/wp-json\/wp\/v2\/users\/3"}],"replies":[{"embeddable":true,"href":"https:\/\/www.reciplasa.es\/va\/wp-json\/wp\/v2\/comments?post=14965"}],"version-history":[{"count":2,"href":"https:\/\/www.reciplasa.es\/va\/wp-json\/wp\/v2\/posts\/14965\/revisions"}],"predecessor-version":[{"id":14967,"href":"https:\/\/www.reciplasa.es\/va\/wp-json\/wp\/v2\/posts\/14965\/revisions\/14967"}],"wp:featuredmedia":[{"embeddable":true,"href":"https:\/\/www.reciplasa.es\/va\/wp-json\/wp\/v2\/media\/14953"}],"wp:attachment":[{"href":"https:\/\/www.reciplasa.es\/va\/wp-json\/wp\/v2\/media?parent=14965"}],"wp:term":[{"taxonomy":"category","embeddable":true,"href":"https:\/\/www.reciplasa.es\/va\/wp-json\/wp\/v2\/categories?post=14965"},{"taxonomy":"post_tag","embeddable":true,"href":"https:\/\/www.reciplasa.es\/va\/wp-json\/wp\/v2\/tags?post=14965"}],"curies":[{"name":"wp","href":"https:\/\/api.w.org\/{rel}","templated":true}]}}