{"id":14971,"date":"2021-07-01T10:50:29","date_gmt":"2021-07-01T10:50:29","guid":{"rendered":"https:\/\/www.reciplasa.es\/?p=14971\/"},"modified":"2021-07-02T11:12:16","modified_gmt":"2021-07-02T11:12:16","slug":"reciplasa-aprova-lactualitzacio-del-projecte-de-gestio-que-obre-la-porta-a-noves-inversions-a-la-planta","status":"publish","type":"post","link":"https:\/\/www.reciplasa.es\/va\/reciplasa-aprova-lactualitzacio-del-projecte-de-gestio-que-obre-la-porta-a-noves-inversions-a-la-planta\/","title":{"rendered":"Reciplasa aprova l\u2019actualitzaci\u00f3 del Projecte de Gesti\u00f3 que obre la porta a noves inversions a la planta"},"content":{"rendered":"<h5><em><span style=\"font-weight: 400;\"> Els consellers de l\u2019empresa p\u00fablica donen el vist i plau a l\u2019adequaci\u00f3 al nou Pla Integral de Residus i una vegada fet el tr\u00e0mit se licitar\u00e0 prop de 18 milions d\u2019euros<br \/>\n<\/span><\/em><\/h5>\n<p class=\"p1\">Els consellers de l<span class=\"s1\">\u2019<\/span>empresa p\u00fablica per a la gesti\u00f3 dels residus en la zona centre de la prov\u00edncia de Castell\u00f3, Reciplasa, han aprovat l<span class=\"s1\">\u2019<\/span>actualitzaci\u00f3 del Projecte de Gesti\u00f3 de l<span class=\"s1\">\u2019<\/span>entitat per tal d<span class=\"s1\">\u2019<\/span>adequar-lo al nou Pla Integral de Residus. El president de Reciplasa, Ignasi Garcia, explica que <span class=\"s1\">\u201c<\/span>amb este pas, una vegada s<span class=\"s1\">\u2019<\/span>haja rem\u00e9s al consorci i la seua acceptaci\u00f3 all\u00e0, obrim la porta a noves licitacions per a la modernitzaci\u00f3 de la planta de tractament d<span class=\"s1\">\u2019<\/span>Onda. A\u00e7\u00f2 significa un pas m\u00e9s en l<span class=\"s1\">\u2019<\/span>avan\u00e7 de la millora de les instal\u00b7lacions de l<span class=\"s1\">\u2019<\/span>empresa p\u00fablica i la seua adaptaci\u00f3 als est\u00e0ndards europeus m\u00e9s exigents i la reducci\u00f3 del rebuig que arriba a l<span class=\"s1\">\u2019<\/span>abocador\u201d.<\/p>\n<p class=\"p1\">Una vegada la taula t\u00e8cnica del Consorci done el vist i plau a esta actualitzaci\u00f3 del Projecte de Gesti\u00f3, l<span class=\"s1\">\u2019<\/span>empresa p\u00fablica Reciplasa ja t\u00e9 preparades els plecs de licitaci\u00f3 per a les obres dels T\u00fanels de Fracci\u00f3 Org\u00e0nica Recollida Selectivament per prop dels 7.5 milions d<span class=\"s1\">\u2019<\/span>euros i l<span class=\"s1\">\u2019<\/span>ampliaci\u00f3 de la planta de valoritzaci\u00f3, i la compra i instal\u00b7laci\u00f3 del nou equipament per a Combustible S\u00f2lid Recuperat per prop dels 10 milions d<span class=\"s1\">\u2019<\/span>euros.<\/p>\n<p class=\"p1\">Garcia, una vegada finalitzat el consell d<span class=\"s1\">\u2019<\/span>administraci\u00f3 que s<span class=\"s1\">\u2019<\/span>ha celebrat a l<span class=\"s1\">\u2019<\/span>Ajuntament d<span class=\"s1\">\u2019<\/span>Almassora, ha explicat que <span class=\"s1\">\u201c<\/span>seguim amb pas ferm cap a la millora del tractament dels residus en la zona centre de la prov\u00edncia de Castell\u00f3. Estem donant els passos corresponents de la forma m\u00e9s r\u00e0pida que les administracions permeten per tal de garantir la seguretat administrativa i jur\u00eddica. Per\u00f2, en poc de temps esperem vore com les primeres inversions arriben a la planta d<span class=\"s1\">\u2019<\/span>Onda i podem incrementar la recuperaci\u00f3, no obstant, hem de seguir amb la feina de conscienciaci\u00f3 per tal de que entre totes i tots, empreses, administracions i ciutadania, redu\u00efm els residus que arriben fins a estes instal\u00b7lacions i aix\u00ed tamb\u00e9 minorem els que arriben a l<span class=\"s1\">\u2019<\/span>abocador\u201d.<\/p>\n","protected":false},"excerpt":{"rendered":"<p>Els consellers de l\u2019empresa p\u00fablica donen el vist i plau a l\u2019adequaci\u00f3 al nou Pla Integral de Residus i una vegada fet el tr\u00e0mit se licitar\u00e0 prop de 18 milions d\u2019euros Els consellers de l\u2019empresa p\u00fablica per a la gesti\u00f3 dels residus en la zona centre de la prov\u00edncia de Castell\u00f3, Reciplasa, han aprovat l\u2019actualitzaci\u00f3Dale que hay m\u00e1s &#8230;<\/p>\n","protected":false},"author":3,"featured_media":14969,"comment_status":"closed","ping_status":"closed","sticky":false,"template":"","format":"standard","meta":{"footnotes":""},"categories":[87],"tags":[],"class_list":["post-14971","post","type-post","status-publish","format-standard","has-post-thumbnail","hentry","category-noticies-corporatives"],"yoast_head":"<!-- This site is optimized with the Yoast SEO plugin v27.4 - https:\/\/yoast.com\/product\/yoast-seo-wordpress\/ -->\n<title>Reciplasa aprova l\u2019actualitzaci\u00f3 del Projecte de Gesti\u00f3 que obre la porta a noves inversions a la planta - RECIPLASA<\/title>\n<meta name=\"robots\" content=\"index, follow, max-snippet:-1, max-image-preview:large, max-video-preview:-1\" \/>\n<link rel=\"canonical\" href=\"https:\/\/www.reciplasa.es\/va\/reciplasa-aprova-lactualitzacio-del-projecte-de-gestio-que-obre-la-porta-a-noves-inversions-a-la-planta\/\" \/>\n<meta property=\"og:locale\" content=\"en_US\" \/>\n<meta property=\"og:type\" content=\"article\" \/>\n<meta property=\"og:title\" content=\"Reciplasa aprova l\u2019actualitzaci\u00f3 del Projecte de Gesti\u00f3 que obre la porta a noves inversions a la planta - RECIPLASA\" \/>\n<meta property=\"og:description\" content=\"Els consellers de l\u2019empresa p\u00fablica donen el vist i plau a l\u2019adequaci\u00f3 al nou Pla Integral de Residus i una vegada fet el tr\u00e0mit se licitar\u00e0 prop de 18 milions d\u2019euros Els consellers de l\u2019empresa p\u00fablica per a la gesti\u00f3 dels residus en la zona centre de la prov\u00edncia de Castell\u00f3, Reciplasa, han aprovat l\u2019actualitzaci\u00f3Dale que hay m\u00e1s ...\" \/>\n<meta property=\"og:url\" content=\"https:\/\/www.reciplasa.es\/va\/reciplasa-aprova-lactualitzacio-del-projecte-de-gestio-que-obre-la-porta-a-noves-inversions-a-la-planta\/\" \/>\n<meta property=\"og:site_name\" content=\"RECIPLASA\" \/>\n<meta property=\"article:published_time\" content=\"2021-07-01T10:50:29+00:00\" \/>\n<meta property=\"article:modified_time\" content=\"2021-07-02T11:12:16+00:00\" \/>\n<meta property=\"og:image\" content=\"https:\/\/www.reciplasa.es\/wp-content\/uploads\/2021\/07\/Consell-Administracio\u0301-30-06-2021-scaled.jpg\" \/>\n\t<meta property=\"og:image:width\" content=\"2560\" \/>\n\t<meta property=\"og:image:height\" content=\"1706\" \/>\n\t<meta property=\"og:image:type\" content=\"image\/jpeg\" \/>\n<meta name=\"author\" content=\"Cristina Marco\" \/>\n<meta name=\"twitter:card\" content=\"summary_large_image\" \/>\n<meta name=\"twitter:label1\" content=\"Written by\" \/>\n\t<meta name=\"twitter:data1\" content=\"Cristina Marco\" \/>\n\t<meta name=\"twitter:label2\" content=\"Est. reading time\" \/>\n\t<meta name=\"twitter:data2\" content=\"2 minutes\" \/>\n<script type=\"application\/ld+json\" class=\"yoast-schema-graph\">{\"@context\":\"https:\\\/\\\/schema.org\",\"@graph\":[{\"@type\":\"Article\",\"@id\":\"https:\\\/\\\/www.reciplasa.es\\\/va\\\/reciplasa-aprova-lactualitzacio-del-projecte-de-gestio-que-obre-la-porta-a-noves-inversions-a-la-planta\\\/#article\",\"isPartOf\":{\"@id\":\"https:\\\/\\\/www.reciplasa.es\\\/va\\\/reciplasa-aprova-lactualitzacio-del-projecte-de-gestio-que-obre-la-porta-a-noves-inversions-a-la-planta\\\/\"},\"author\":{\"name\":\"Cristina Marco\",\"@id\":\"https:\\\/\\\/www.reciplasa.es\\\/#\\\/schema\\\/person\\\/608ffc094e3c56d49e6c6ec8f1ea0e82\"},\"headline\":\"Reciplasa aprova l\u2019actualitzaci\u00f3 del Projecte de Gesti\u00f3 que obre la porta a noves inversions a la planta\",\"datePublished\":\"2021-07-01T10:50:29+00:00\",\"dateModified\":\"2021-07-02T11:12:16+00:00\",\"mainEntityOfPage\":{\"@id\":\"https:\\\/\\\/www.reciplasa.es\\\/va\\\/reciplasa-aprova-lactualitzacio-del-projecte-de-gestio-que-obre-la-porta-a-noves-inversions-a-la-planta\\\/\"},\"wordCount\":394,\"image\":{\"@id\":\"https:\\\/\\\/www.reciplasa.es\\\/va\\\/reciplasa-aprova-lactualitzacio-del-projecte-de-gestio-que-obre-la-porta-a-noves-inversions-a-la-planta\\\/#primaryimage\"},\"thumbnailUrl\":\"https:\\\/\\\/www.reciplasa.es\\\/wp-content\\\/uploads\\\/2021\\\/07\\\/Consell-Administracio\u0301-30-06-2021-scaled.jpg\",\"articleSection\":[\"Not\u00edcies corporatives\"],\"inLanguage\":\"va-VA\"},{\"@type\":\"WebPage\",\"@id\":\"https:\\\/\\\/www.reciplasa.es\\\/va\\\/reciplasa-aprova-lactualitzacio-del-projecte-de-gestio-que-obre-la-porta-a-noves-inversions-a-la-planta\\\/\",\"url\":\"https:\\\/\\\/www.reciplasa.es\\\/va\\\/reciplasa-aprova-lactualitzacio-del-projecte-de-gestio-que-obre-la-porta-a-noves-inversions-a-la-planta\\\/\",\"name\":\"Reciplasa aprova l\u2019actualitzaci\u00f3 del Projecte de Gesti\u00f3 que obre la porta a noves inversions a la planta - RECIPLASA\",\"isPartOf\":{\"@id\":\"https:\\\/\\\/www.reciplasa.es\\\/#website\"},\"primaryImageOfPage\":{\"@id\":\"https:\\\/\\\/www.reciplasa.es\\\/va\\\/reciplasa-aprova-lactualitzacio-del-projecte-de-gestio-que-obre-la-porta-a-noves-inversions-a-la-planta\\\/#primaryimage\"},\"image\":{\"@id\":\"https:\\\/\\\/www.reciplasa.es\\\/va\\\/reciplasa-aprova-lactualitzacio-del-projecte-de-gestio-que-obre-la-porta-a-noves-inversions-a-la-planta\\\/#primaryimage\"},\"thumbnailUrl\":\"https:\\\/\\\/www.reciplasa.es\\\/wp-content\\\/uploads\\\/2021\\\/07\\\/Consell-Administracio\u0301-30-06-2021-scaled.jpg\",\"datePublished\":\"2021-07-01T10:50:29+00:00\",\"dateModified\":\"2021-07-02T11:12:16+00:00\",\"author\":{\"@id\":\"https:\\\/\\\/www.reciplasa.es\\\/#\\\/schema\\\/person\\\/608ffc094e3c56d49e6c6ec8f1ea0e82\"},\"breadcrumb\":{\"@id\":\"https:\\\/\\\/www.reciplasa.es\\\/va\\\/reciplasa-aprova-lactualitzacio-del-projecte-de-gestio-que-obre-la-porta-a-noves-inversions-a-la-planta\\\/#breadcrumb\"},\"inLanguage\":\"va-VA\",\"potentialAction\":[{\"@type\":\"ReadAction\",\"target\":[\"https:\\\/\\\/www.reciplasa.es\\\/va\\\/reciplasa-aprova-lactualitzacio-del-projecte-de-gestio-que-obre-la-porta-a-noves-inversions-a-la-planta\\\/\"]}]},{\"@type\":\"ImageObject\",\"inLanguage\":\"va-VA\",\"@id\":\"https:\\\/\\\/www.reciplasa.es\\\/va\\\/reciplasa-aprova-lactualitzacio-del-projecte-de-gestio-que-obre-la-porta-a-noves-inversions-a-la-planta\\\/#primaryimage\",\"url\":\"https:\\\/\\\/www.reciplasa.es\\\/wp-content\\\/uploads\\\/2021\\\/07\\\/Consell-Administracio\u0301-30-06-2021-scaled.jpg\",\"contentUrl\":\"https:\\\/\\\/www.reciplasa.es\\\/wp-content\\\/uploads\\\/2021\\\/07\\\/Consell-Administracio\u0301-30-06-2021-scaled.jpg\",\"width\":2560,\"height\":1706,\"caption\":\"Consell Administracio\u0301 30-06-2021\"},{\"@type\":\"BreadcrumbList\",\"@id\":\"https:\\\/\\\/www.reciplasa.es\\\/va\\\/reciplasa-aprova-lactualitzacio-del-projecte-de-gestio-que-obre-la-porta-a-noves-inversions-a-la-planta\\\/#breadcrumb\",\"itemListElement\":[{\"@type\":\"ListItem\",\"position\":1,\"name\":\"Portada\",\"item\":\"https:\\\/\\\/www.reciplasa.es\\\/va\\\/\"},{\"@type\":\"ListItem\",\"position\":2,\"name\":\"Reciplasa aprova l\u2019actualitzaci\u00f3 del Projecte de Gesti\u00f3 que obre la porta a noves inversions a la planta\"}]},{\"@type\":\"WebSite\",\"@id\":\"https:\\\/\\\/www.reciplasa.es\\\/#website\",\"url\":\"https:\\\/\\\/www.reciplasa.es\\\/\",\"name\":\"RECIPLASA\",\"description\":\"Reciclats de Residus La Plana SA\",\"potentialAction\":[{\"@type\":\"SearchAction\",\"target\":{\"@type\":\"EntryPoint\",\"urlTemplate\":\"https:\\\/\\\/www.reciplasa.es\\\/?s={search_term_string}\"},\"query-input\":{\"@type\":\"PropertyValueSpecification\",\"valueRequired\":true,\"valueName\":\"search_term_string\"}}],\"inLanguage\":\"va-VA\"},{\"@type\":\"Person\",\"@id\":\"https:\\\/\\\/www.reciplasa.es\\\/#\\\/schema\\\/person\\\/608ffc094e3c56d49e6c6ec8f1ea0e82\",\"name\":\"Cristina Marco\",\"image\":{\"@type\":\"ImageObject\",\"inLanguage\":\"va-VA\",\"@id\":\"https:\\\/\\\/secure.gravatar.com\\\/avatar\\\/6da7e00dc41d26d3c4245f3b2d70d687293df0dfc18f03719354383f7be4f34b?s=96&d=mm&r=g\",\"url\":\"https:\\\/\\\/secure.gravatar.com\\\/avatar\\\/6da7e00dc41d26d3c4245f3b2d70d687293df0dfc18f03719354383f7be4f34b?s=96&d=mm&r=g\",\"contentUrl\":\"https:\\\/\\\/secure.gravatar.com\\\/avatar\\\/6da7e00dc41d26d3c4245f3b2d70d687293df0dfc18f03719354383f7be4f34b?s=96&d=mm&r=g\",\"caption\":\"Cristina Marco\"},\"url\":\"https:\\\/\\\/www.reciplasa.es\\\/va\\\/author\\\/cristina\\\/\"}]}<\/script>\n<!-- \/ Yoast SEO plugin. -->","yoast_head_json":{"title":"Reciplasa aprova l\u2019actualitzaci\u00f3 del Projecte de Gesti\u00f3 que obre la porta a noves inversions a la planta - RECIPLASA","robots":{"index":"index","follow":"follow","max-snippet":"max-snippet:-1","max-image-preview":"max-image-preview:large","max-video-preview":"max-video-preview:-1"},"canonical":"https:\/\/www.reciplasa.es\/va\/reciplasa-aprova-lactualitzacio-del-projecte-de-gestio-que-obre-la-porta-a-noves-inversions-a-la-planta\/","og_locale":"en_US","og_type":"article","og_title":"Reciplasa aprova l\u2019actualitzaci\u00f3 del Projecte de Gesti\u00f3 que obre la porta a noves inversions a la planta - RECIPLASA","og_description":"Els consellers de l\u2019empresa p\u00fablica donen el vist i plau a l\u2019adequaci\u00f3 al nou Pla Integral de Residus i una vegada fet el tr\u00e0mit se licitar\u00e0 prop de 18 milions d\u2019euros Els consellers de l\u2019empresa p\u00fablica per a la gesti\u00f3 dels residus en la zona centre de la prov\u00edncia de Castell\u00f3, Reciplasa, han aprovat l\u2019actualitzaci\u00f3Dale que hay m\u00e1s ...","og_url":"https:\/\/www.reciplasa.es\/va\/reciplasa-aprova-lactualitzacio-del-projecte-de-gestio-que-obre-la-porta-a-noves-inversions-a-la-planta\/","og_site_name":"RECIPLASA","article_published_time":"2021-07-01T10:50:29+00:00","article_modified_time":"2021-07-02T11:12:16+00:00","og_image":[{"width":2560,"height":1706,"url":"https:\/\/www.reciplasa.es\/wp-content\/uploads\/2021\/07\/Consell-Administracio\u0301-30-06-2021-scaled.jpg","type":"image\/jpeg"}],"author":"Cristina Marco","twitter_card":"summary_large_image","twitter_misc":{"Written by":"Cristina Marco","Est. reading time":"2 minutes"},"schema":{"@context":"https:\/\/schema.org","@graph":[{"@type":"Article","@id":"https:\/\/www.reciplasa.es\/va\/reciplasa-aprova-lactualitzacio-del-projecte-de-gestio-que-obre-la-porta-a-noves-inversions-a-la-planta\/#article","isPartOf":{"@id":"https:\/\/www.reciplasa.es\/va\/reciplasa-aprova-lactualitzacio-del-projecte-de-gestio-que-obre-la-porta-a-noves-inversions-a-la-planta\/"},"author":{"name":"Cristina Marco","@id":"https:\/\/www.reciplasa.es\/#\/schema\/person\/608ffc094e3c56d49e6c6ec8f1ea0e82"},"headline":"Reciplasa aprova l\u2019actualitzaci\u00f3 del Projecte de Gesti\u00f3 que obre la porta a noves inversions a la planta","datePublished":"2021-07-01T10:50:29+00:00","dateModified":"2021-07-02T11:12:16+00:00","mainEntityOfPage":{"@id":"https:\/\/www.reciplasa.es\/va\/reciplasa-aprova-lactualitzacio-del-projecte-de-gestio-que-obre-la-porta-a-noves-inversions-a-la-planta\/"},"wordCount":394,"image":{"@id":"https:\/\/www.reciplasa.es\/va\/reciplasa-aprova-lactualitzacio-del-projecte-de-gestio-que-obre-la-porta-a-noves-inversions-a-la-planta\/#primaryimage"},"thumbnailUrl":"https:\/\/www.reciplasa.es\/wp-content\/uploads\/2021\/07\/Consell-Administracio\u0301-30-06-2021-scaled.jpg","articleSection":["Not\u00edcies corporatives"],"inLanguage":"va-VA"},{"@type":"WebPage","@id":"https:\/\/www.reciplasa.es\/va\/reciplasa-aprova-lactualitzacio-del-projecte-de-gestio-que-obre-la-porta-a-noves-inversions-a-la-planta\/","url":"https:\/\/www.reciplasa.es\/va\/reciplasa-aprova-lactualitzacio-del-projecte-de-gestio-que-obre-la-porta-a-noves-inversions-a-la-planta\/","name":"Reciplasa aprova l\u2019actualitzaci\u00f3 del Projecte de Gesti\u00f3 que obre la porta a noves inversions a la planta - RECIPLASA","isPartOf":{"@id":"https:\/\/www.reciplasa.es\/#website"},"primaryImageOfPage":{"@id":"https:\/\/www.reciplasa.es\/va\/reciplasa-aprova-lactualitzacio-del-projecte-de-gestio-que-obre-la-porta-a-noves-inversions-a-la-planta\/#primaryimage"},"image":{"@id":"https:\/\/www.reciplasa.es\/va\/reciplasa-aprova-lactualitzacio-del-projecte-de-gestio-que-obre-la-porta-a-noves-inversions-a-la-planta\/#primaryimage"},"thumbnailUrl":"https:\/\/www.reciplasa.es\/wp-content\/uploads\/2021\/07\/Consell-Administracio\u0301-30-06-2021-scaled.jpg","datePublished":"2021-07-01T10:50:29+00:00","dateModified":"2021-07-02T11:12:16+00:00","author":{"@id":"https:\/\/www.reciplasa.es\/#\/schema\/person\/608ffc094e3c56d49e6c6ec8f1ea0e82"},"breadcrumb":{"@id":"https:\/\/www.reciplasa.es\/va\/reciplasa-aprova-lactualitzacio-del-projecte-de-gestio-que-obre-la-porta-a-noves-inversions-a-la-planta\/#breadcrumb"},"inLanguage":"va-VA","potentialAction":[{"@type":"ReadAction","target":["https:\/\/www.reciplasa.es\/va\/reciplasa-aprova-lactualitzacio-del-projecte-de-gestio-que-obre-la-porta-a-noves-inversions-a-la-planta\/"]}]},{"@type":"ImageObject","inLanguage":"va-VA","@id":"https:\/\/www.reciplasa.es\/va\/reciplasa-aprova-lactualitzacio-del-projecte-de-gestio-que-obre-la-porta-a-noves-inversions-a-la-planta\/#primaryimage","url":"https:\/\/www.reciplasa.es\/wp-content\/uploads\/2021\/07\/Consell-Administracio\u0301-30-06-2021-scaled.jpg","contentUrl":"https:\/\/www.reciplasa.es\/wp-content\/uploads\/2021\/07\/Consell-Administracio\u0301-30-06-2021-scaled.jpg","width":2560,"height":1706,"caption":"Consell Administracio\u0301 30-06-2021"},{"@type":"BreadcrumbList","@id":"https:\/\/www.reciplasa.es\/va\/reciplasa-aprova-lactualitzacio-del-projecte-de-gestio-que-obre-la-porta-a-noves-inversions-a-la-planta\/#breadcrumb","itemListElement":[{"@type":"ListItem","position":1,"name":"Portada","item":"https:\/\/www.reciplasa.es\/va\/"},{"@type":"ListItem","position":2,"name":"Reciplasa aprova l\u2019actualitzaci\u00f3 del Projecte de Gesti\u00f3 que obre la porta a noves inversions a la planta"}]},{"@type":"WebSite","@id":"https:\/\/www.reciplasa.es\/#website","url":"https:\/\/www.reciplasa.es\/","name":"RECIPLASA","description":"Reciclats de Residus La Plana SA","potentialAction":[{"@type":"SearchAction","target":{"@type":"EntryPoint","urlTemplate":"https:\/\/www.reciplasa.es\/?s={search_term_string}"},"query-input":{"@type":"PropertyValueSpecification","valueRequired":true,"valueName":"search_term_string"}}],"inLanguage":"va-VA"},{"@type":"Person","@id":"https:\/\/www.reciplasa.es\/#\/schema\/person\/608ffc094e3c56d49e6c6ec8f1ea0e82","name":"Cristina Marco","image":{"@type":"ImageObject","inLanguage":"va-VA","@id":"https:\/\/secure.gravatar.com\/avatar\/6da7e00dc41d26d3c4245f3b2d70d687293df0dfc18f03719354383f7be4f34b?s=96&d=mm&r=g","url":"https:\/\/secure.gravatar.com\/avatar\/6da7e00dc41d26d3c4245f3b2d70d687293df0dfc18f03719354383f7be4f34b?s=96&d=mm&r=g","contentUrl":"https:\/\/secure.gravatar.com\/avatar\/6da7e00dc41d26d3c4245f3b2d70d687293df0dfc18f03719354383f7be4f34b?s=96&d=mm&r=g","caption":"Cristina Marco"},"url":"https:\/\/www.reciplasa.es\/va\/author\/cristina\/"}]}},"_links":{"self":[{"href":"https:\/\/www.reciplasa.es\/va\/wp-json\/wp\/v2\/posts\/14971","targetHints":{"allow":["GET"]}}],"collection":[{"href":"https:\/\/www.reciplasa.es\/va\/wp-json\/wp\/v2\/posts"}],"about":[{"href":"https:\/\/www.reciplasa.es\/va\/wp-json\/wp\/v2\/types\/post"}],"author":[{"embeddable":true,"href":"https:\/\/www.reciplasa.es\/va\/wp-json\/wp\/v2\/users\/3"}],"replies":[{"embeddable":true,"href":"https:\/\/www.reciplasa.es\/va\/wp-json\/wp\/v2\/comments?post=14971"}],"version-history":[{"count":2,"href":"https:\/\/www.reciplasa.es\/va\/wp-json\/wp\/v2\/posts\/14971\/revisions"}],"predecessor-version":[{"id":14974,"href":"https:\/\/www.reciplasa.es\/va\/wp-json\/wp\/v2\/posts\/14971\/revisions\/14974"}],"wp:featuredmedia":[{"embeddable":true,"href":"https:\/\/www.reciplasa.es\/va\/wp-json\/wp\/v2\/media\/14969"}],"wp:attachment":[{"href":"https:\/\/www.reciplasa.es\/va\/wp-json\/wp\/v2\/media?parent=14971"}],"wp:term":[{"taxonomy":"category","embeddable":true,"href":"https:\/\/www.reciplasa.es\/va\/wp-json\/wp\/v2\/categories?post=14971"},{"taxonomy":"post_tag","embeddable":true,"href":"https:\/\/www.reciplasa.es\/va\/wp-json\/wp\/v2\/tags?post=14971"}],"curies":[{"name":"wp","href":"https:\/\/api.w.org\/{rel}","templated":true}]}}