{"id":14981,"date":"2021-07-22T09:15:33","date_gmt":"2021-07-22T09:15:33","guid":{"rendered":"https:\/\/www.reciplasa.es\/?p=14981\/"},"modified":"2021-07-22T09:15:33","modified_gmt":"2021-07-22T09:15:33","slug":"reciplasa-avanca-en-la-licitacio-dels-nous-tunels-de-fermentacio-als-que-sinvertiran-9-milions-deuros","status":"publish","type":"post","link":"https:\/\/www.reciplasa.es\/va\/reciplasa-avanca-en-la-licitacio-dels-nous-tunels-de-fermentacio-als-que-sinvertiran-9-milions-deuros\/","title":{"rendered":"Reciplasa avan\u00e7a en la licitaci\u00f3 dels nous t\u00fanels de fermentaci\u00f3 als que s\u2019invertiran 9 milions d\u2019euros"},"content":{"rendered":"<h5><em><span style=\"font-weight: 400;\"> Els consellers han rebut informes t\u00e8cnics sobre este concurs p\u00fablic i sobre l<span class=\"s1\">\u2019<\/span><i>estudi de olfactimetria per a poder aprovar les bases en el proper consell d&#8217;administraci\u00f3<\/i><\/span><\/em><\/h5>\n<p class=\"p1\">Els consellers de l<span class=\"s1\">\u2019<\/span>empresa p\u00fablica per a la gesti\u00f3 de residus de la zona centre de la prov\u00edncia de Castell\u00f3, Reciplasa, han rebut informaci\u00f3 per al seu estudi al voltant de la licitaci\u00f3 de les obres per a la construcci\u00f3 dels nous t\u00fanels de FORS (Fracci\u00f3 Org\u00e0nica de Recollida Separada) i que en la pr\u00f2xima reuni\u00f3 de l<span class=\"s1\">\u2019<\/span>organ directiu se puga aprovar el concurs p\u00fablic. A m\u00e9s, tamb\u00e9 han obtingut els informes t\u00e8cnics per a la licitaci\u00f3 de l<span class=\"s1\">\u2019<\/span>estudi d<span class=\"s1\">\u2019<\/span>olfactimetria. Estos concursos p\u00fablics suposaran la inversi\u00f3 de 9 milions d<span class=\"s1\">\u2019<\/span>euros.<span class=\"Apple-converted-space\">\u00a0<\/span><\/p>\n<p class=\"p1\">Ignasi Garcia, president de Reciplasa, una vegada finalitzat el consell d<span class=\"s1\">\u2019<\/span>administraci\u00f3 que s<span class=\"s1\">\u2019<\/span>ha celebrat a Onda, ha explicat que <span class=\"s1\">\u201c<\/span>seguim amb pas ferm cap a la millora del tractament dels residus en la zona centre de la prov\u00edncia de Castell\u00f3. Estem seguint els processos de l<span class=\"s1\">\u2019<\/span>administraci\u00f3 de la forma m\u00e9s \u00e0gil possible, per tal de garantir la seguretat administrativa i jur\u00eddica. No obstant, anem a seguir amb la feina de conscienciaci\u00f3 per tal de que entre totes i tots, empreses, administracions i ciutadania, redu\u00efm els residus que arriben fins a estes instal\u00b7lacions i aix\u00ed tamb\u00e9 minorem els que arriben a l<span class=\"s1\">\u2019<\/span>abocador\u201d.<\/p>\n<p><img loading=\"lazy\" decoding=\"async\" class=\"aligncenter size-large wp-image-14979\" src=\"https:\/\/www.reciplasa.es\/wp-content\/uploads\/2021\/07\/Consell-administracio\u0301-21-07-2021_2-1024x683.jpg\" alt=\"\" width=\"800\" height=\"534\" srcset=\"https:\/\/www.reciplasa.es\/wp-content\/uploads\/2021\/07\/Consell-administracio\u0301-21-07-2021_2-1024x683.jpg 1024w, https:\/\/www.reciplasa.es\/wp-content\/uploads\/2021\/07\/Consell-administracio\u0301-21-07-2021_2-300x200.jpg 300w, https:\/\/www.reciplasa.es\/wp-content\/uploads\/2021\/07\/Consell-administracio\u0301-21-07-2021_2-768x512.jpg 768w, https:\/\/www.reciplasa.es\/wp-content\/uploads\/2021\/07\/Consell-administracio\u0301-21-07-2021_2-1536x1024.jpg 1536w, https:\/\/www.reciplasa.es\/wp-content\/uploads\/2021\/07\/Consell-administracio\u0301-21-07-2021_2-2048x1365.jpg 2048w\" sizes=\"auto, (max-width: 800px) 100vw, 800px\" \/><\/p>\n<p class=\"p1\">A m\u00e9s, a la reuni\u00f3 directiva, s<span class=\"s1\">\u2019<\/span>ha fet un canvi en la persona que representar\u00e0 a l<span class=\"s1\">\u2019<\/span>Ajuntament d<span class=\"s1\">\u2019<\/span>Onda que passa a ser Carmina Ballester, l<span class=\"s1\">\u2019<\/span>alcaldessa, qui substitueix al regidor Salvador Aguilella. Garcia, dona la benvinguda a Ballester i explica que <span class=\"s1\">\u201c<\/span>tenim una s\u00e8rie de reptes per davant que anem a afrontar totes les administracions juntes. Onda \u00e9s una ciutat molt important en la gesti\u00f3 de Reciplasa, ja que tenim la nostra principal instal\u00b7laci\u00f3, la planta de tractament de residus, situada en el seu terme municipal\u201d.<\/p>\n<p class=\"p1\">Garcia comenta que <span class=\"s1\">\u201c<\/span>estem en un moment de molta activitat en l<span class=\"s1\">\u2019<\/span>empresa p\u00fablica, ja que afrontem unes inversions de m\u00e9s de 40 milions d<span class=\"s1\">\u2019<\/span>euros i que seran vitals per a la millora i actualitzaci\u00f3 de la planta d<span class=\"s1\">\u2019<\/span>Onda, adaptant-la als est\u00e0ndards europeus m\u00e9s exigents. Per aix\u00f2, valorem positivament la incorporaci\u00f3 de Carmina Ballester al consell d<span class=\"s1\">\u2019<\/span>administraci\u00f3 i tamb\u00e9 volem agrair a Salvador Aguilella la seua implicaci\u00f3 en els \u00faltims dos anys que ha format part d<span class=\"s1\">\u2019<\/span>este \u00f2rgan de direcci\u00f3\u201d.<\/p>\n","protected":false},"excerpt":{"rendered":"<p>Els consellers han rebut informes t\u00e8cnics sobre este concurs p\u00fablic i sobre l\u2019estudi de olfactimetria per a poder aprovar les bases en el proper consell d&#8217;administraci\u00f3 Els consellers de l\u2019empresa p\u00fablica per a la gesti\u00f3 de residus de la zona centre de la prov\u00edncia de Castell\u00f3, Reciplasa, han rebut informaci\u00f3 per al seu estudi alDale que hay m\u00e1s &#8230;<\/p>\n","protected":false},"author":3,"featured_media":14978,"comment_status":"closed","ping_status":"closed","sticky":false,"template":"","format":"standard","meta":{"footnotes":""},"categories":[87],"tags":[],"class_list":["post-14981","post","type-post","status-publish","format-standard","has-post-thumbnail","hentry","category-noticies-corporatives"],"yoast_head":"<!-- This site is optimized with the Yoast SEO plugin v27.4 - https:\/\/yoast.com\/product\/yoast-seo-wordpress\/ -->\n<title>Reciplasa avan\u00e7a en la licitaci\u00f3 dels nous t\u00fanels de fermentaci\u00f3 als que s\u2019invertiran 9 milions d\u2019euros - RECIPLASA<\/title>\n<meta name=\"robots\" content=\"index, follow, max-snippet:-1, max-image-preview:large, max-video-preview:-1\" \/>\n<link rel=\"canonical\" href=\"https:\/\/www.reciplasa.es\/reciplasa-avanza-en-la-licitacion-de-los-nuevos-tuneles-de-fermentacion-a-los-que-se-invertiran-9-millones-de-euros\/\" \/>\n<meta property=\"og:locale\" content=\"en_US\" \/>\n<meta property=\"og:type\" content=\"article\" \/>\n<meta property=\"og:title\" content=\"Reciplasa avan\u00e7a en la licitaci\u00f3 dels nous t\u00fanels de fermentaci\u00f3 als que s\u2019invertiran 9 milions d\u2019euros - RECIPLASA\" \/>\n<meta property=\"og:description\" content=\"Els consellers han rebut informes t\u00e8cnics sobre este concurs p\u00fablic i sobre l\u2019estudi de olfactimetria per a poder aprovar les bases en el proper consell d&#8217;administraci\u00f3 Els consellers de l\u2019empresa p\u00fablica per a la gesti\u00f3 de residus de la zona centre de la prov\u00edncia de Castell\u00f3, Reciplasa, han rebut informaci\u00f3 per al seu estudi alDale que hay m\u00e1s ...\" \/>\n<meta property=\"og:url\" content=\"https:\/\/www.reciplasa.es\/reciplasa-avanza-en-la-licitacion-de-los-nuevos-tuneles-de-fermentacion-a-los-que-se-invertiran-9-millones-de-euros\/\" \/>\n<meta property=\"og:site_name\" content=\"RECIPLASA\" \/>\n<meta property=\"article:published_time\" content=\"2021-07-22T09:15:33+00:00\" \/>\n<meta property=\"og:image\" content=\"https:\/\/www.reciplasa.es\/wp-content\/uploads\/2021\/07\/Consell-administracio\u0301-21-07-2021-scaled.jpg\" \/>\n\t<meta property=\"og:image:width\" content=\"2560\" \/>\n\t<meta property=\"og:image:height\" content=\"1706\" \/>\n\t<meta property=\"og:image:type\" content=\"image\/jpeg\" \/>\n<meta name=\"author\" content=\"Cristina Marco\" \/>\n<meta name=\"twitter:card\" content=\"summary_large_image\" \/>\n<meta name=\"twitter:label1\" content=\"Written by\" \/>\n\t<meta name=\"twitter:data1\" content=\"Cristina Marco\" \/>\n\t<meta name=\"twitter:label2\" content=\"Est. reading time\" \/>\n\t<meta name=\"twitter:data2\" content=\"2 minutes\" \/>\n<script type=\"application\/ld+json\" class=\"yoast-schema-graph\">{\"@context\":\"https:\\\/\\\/schema.org\",\"@graph\":[{\"@type\":\"Article\",\"@id\":\"https:\\\/\\\/www.reciplasa.es\\\/reciplasa-avanza-en-la-licitacion-de-los-nuevos-tuneles-de-fermentacion-a-los-que-se-invertiran-9-millones-de-euros\\\/#article\",\"isPartOf\":{\"@id\":\"https:\\\/\\\/www.reciplasa.es\\\/reciplasa-avanza-en-la-licitacion-de-los-nuevos-tuneles-de-fermentacion-a-los-que-se-invertiran-9-millones-de-euros\\\/\"},\"author\":{\"name\":\"Cristina Marco\",\"@id\":\"https:\\\/\\\/www.reciplasa.es\\\/#\\\/schema\\\/person\\\/608ffc094e3c56d49e6c6ec8f1ea0e82\"},\"headline\":\"Reciplasa avan\u00e7a en la licitaci\u00f3 dels nous t\u00fanels de fermentaci\u00f3 als que s\u2019invertiran 9 milions d\u2019euros\",\"datePublished\":\"2021-07-22T09:15:33+00:00\",\"mainEntityOfPage\":{\"@id\":\"https:\\\/\\\/www.reciplasa.es\\\/reciplasa-avanza-en-la-licitacion-de-los-nuevos-tuneles-de-fermentacion-a-los-que-se-invertiran-9-millones-de-euros\\\/\"},\"wordCount\":441,\"image\":{\"@id\":\"https:\\\/\\\/www.reciplasa.es\\\/reciplasa-avanza-en-la-licitacion-de-los-nuevos-tuneles-de-fermentacion-a-los-que-se-invertiran-9-millones-de-euros\\\/#primaryimage\"},\"thumbnailUrl\":\"https:\\\/\\\/www.reciplasa.es\\\/wp-content\\\/uploads\\\/2021\\\/07\\\/Consell-administracio\u0301-21-07-2021-scaled.jpg\",\"articleSection\":[\"Not\u00edcies corporatives\"],\"inLanguage\":\"va-VA\"},{\"@type\":\"WebPage\",\"@id\":\"https:\\\/\\\/www.reciplasa.es\\\/reciplasa-avanza-en-la-licitacion-de-los-nuevos-tuneles-de-fermentacion-a-los-que-se-invertiran-9-millones-de-euros\\\/\",\"url\":\"https:\\\/\\\/www.reciplasa.es\\\/reciplasa-avanza-en-la-licitacion-de-los-nuevos-tuneles-de-fermentacion-a-los-que-se-invertiran-9-millones-de-euros\\\/\",\"name\":\"Reciplasa avan\u00e7a en la licitaci\u00f3 dels nous t\u00fanels de fermentaci\u00f3 als que s\u2019invertiran 9 milions d\u2019euros - RECIPLASA\",\"isPartOf\":{\"@id\":\"https:\\\/\\\/www.reciplasa.es\\\/#website\"},\"primaryImageOfPage\":{\"@id\":\"https:\\\/\\\/www.reciplasa.es\\\/reciplasa-avanza-en-la-licitacion-de-los-nuevos-tuneles-de-fermentacion-a-los-que-se-invertiran-9-millones-de-euros\\\/#primaryimage\"},\"image\":{\"@id\":\"https:\\\/\\\/www.reciplasa.es\\\/reciplasa-avanza-en-la-licitacion-de-los-nuevos-tuneles-de-fermentacion-a-los-que-se-invertiran-9-millones-de-euros\\\/#primaryimage\"},\"thumbnailUrl\":\"https:\\\/\\\/www.reciplasa.es\\\/wp-content\\\/uploads\\\/2021\\\/07\\\/Consell-administracio\u0301-21-07-2021-scaled.jpg\",\"datePublished\":\"2021-07-22T09:15:33+00:00\",\"author\":{\"@id\":\"https:\\\/\\\/www.reciplasa.es\\\/#\\\/schema\\\/person\\\/608ffc094e3c56d49e6c6ec8f1ea0e82\"},\"breadcrumb\":{\"@id\":\"https:\\\/\\\/www.reciplasa.es\\\/reciplasa-avanza-en-la-licitacion-de-los-nuevos-tuneles-de-fermentacion-a-los-que-se-invertiran-9-millones-de-euros\\\/#breadcrumb\"},\"inLanguage\":\"va-VA\",\"potentialAction\":[{\"@type\":\"ReadAction\",\"target\":[\"https:\\\/\\\/www.reciplasa.es\\\/reciplasa-avanza-en-la-licitacion-de-los-nuevos-tuneles-de-fermentacion-a-los-que-se-invertiran-9-millones-de-euros\\\/\"]}]},{\"@type\":\"ImageObject\",\"inLanguage\":\"va-VA\",\"@id\":\"https:\\\/\\\/www.reciplasa.es\\\/reciplasa-avanza-en-la-licitacion-de-los-nuevos-tuneles-de-fermentacion-a-los-que-se-invertiran-9-millones-de-euros\\\/#primaryimage\",\"url\":\"https:\\\/\\\/www.reciplasa.es\\\/wp-content\\\/uploads\\\/2021\\\/07\\\/Consell-administracio\u0301-21-07-2021-scaled.jpg\",\"contentUrl\":\"https:\\\/\\\/www.reciplasa.es\\\/wp-content\\\/uploads\\\/2021\\\/07\\\/Consell-administracio\u0301-21-07-2021-scaled.jpg\",\"width\":2560,\"height\":1706},{\"@type\":\"BreadcrumbList\",\"@id\":\"https:\\\/\\\/www.reciplasa.es\\\/reciplasa-avanza-en-la-licitacion-de-los-nuevos-tuneles-de-fermentacion-a-los-que-se-invertiran-9-millones-de-euros\\\/#breadcrumb\",\"itemListElement\":[{\"@type\":\"ListItem\",\"position\":1,\"name\":\"Portada\",\"item\":\"https:\\\/\\\/www.reciplasa.es\\\/va\\\/\"},{\"@type\":\"ListItem\",\"position\":2,\"name\":\"Reciplasa avan\u00e7a en la licitaci\u00f3 dels nous t\u00fanels de fermentaci\u00f3 als que s\u2019invertiran 9 milions d\u2019euros\"}]},{\"@type\":\"WebSite\",\"@id\":\"https:\\\/\\\/www.reciplasa.es\\\/#website\",\"url\":\"https:\\\/\\\/www.reciplasa.es\\\/\",\"name\":\"RECIPLASA\",\"description\":\"Reciclats de Residus La Plana SA\",\"potentialAction\":[{\"@type\":\"SearchAction\",\"target\":{\"@type\":\"EntryPoint\",\"urlTemplate\":\"https:\\\/\\\/www.reciplasa.es\\\/?s={search_term_string}\"},\"query-input\":{\"@type\":\"PropertyValueSpecification\",\"valueRequired\":true,\"valueName\":\"search_term_string\"}}],\"inLanguage\":\"va-VA\"},{\"@type\":\"Person\",\"@id\":\"https:\\\/\\\/www.reciplasa.es\\\/#\\\/schema\\\/person\\\/608ffc094e3c56d49e6c6ec8f1ea0e82\",\"name\":\"Cristina Marco\",\"image\":{\"@type\":\"ImageObject\",\"inLanguage\":\"va-VA\",\"@id\":\"https:\\\/\\\/secure.gravatar.com\\\/avatar\\\/6da7e00dc41d26d3c4245f3b2d70d687293df0dfc18f03719354383f7be4f34b?s=96&d=mm&r=g\",\"url\":\"https:\\\/\\\/secure.gravatar.com\\\/avatar\\\/6da7e00dc41d26d3c4245f3b2d70d687293df0dfc18f03719354383f7be4f34b?s=96&d=mm&r=g\",\"contentUrl\":\"https:\\\/\\\/secure.gravatar.com\\\/avatar\\\/6da7e00dc41d26d3c4245f3b2d70d687293df0dfc18f03719354383f7be4f34b?s=96&d=mm&r=g\",\"caption\":\"Cristina Marco\"},\"url\":\"https:\\\/\\\/www.reciplasa.es\\\/va\\\/author\\\/cristina\\\/\"}]}<\/script>\n<!-- \/ Yoast SEO plugin. -->","yoast_head_json":{"title":"Reciplasa avan\u00e7a en la licitaci\u00f3 dels nous t\u00fanels de fermentaci\u00f3 als que s\u2019invertiran 9 milions d\u2019euros - RECIPLASA","robots":{"index":"index","follow":"follow","max-snippet":"max-snippet:-1","max-image-preview":"max-image-preview:large","max-video-preview":"max-video-preview:-1"},"canonical":"https:\/\/www.reciplasa.es\/reciplasa-avanza-en-la-licitacion-de-los-nuevos-tuneles-de-fermentacion-a-los-que-se-invertiran-9-millones-de-euros\/","og_locale":"en_US","og_type":"article","og_title":"Reciplasa avan\u00e7a en la licitaci\u00f3 dels nous t\u00fanels de fermentaci\u00f3 als que s\u2019invertiran 9 milions d\u2019euros - RECIPLASA","og_description":"Els consellers han rebut informes t\u00e8cnics sobre este concurs p\u00fablic i sobre l\u2019estudi de olfactimetria per a poder aprovar les bases en el proper consell d&#8217;administraci\u00f3 Els consellers de l\u2019empresa p\u00fablica per a la gesti\u00f3 de residus de la zona centre de la prov\u00edncia de Castell\u00f3, Reciplasa, han rebut informaci\u00f3 per al seu estudi alDale que hay m\u00e1s ...","og_url":"https:\/\/www.reciplasa.es\/reciplasa-avanza-en-la-licitacion-de-los-nuevos-tuneles-de-fermentacion-a-los-que-se-invertiran-9-millones-de-euros\/","og_site_name":"RECIPLASA","article_published_time":"2021-07-22T09:15:33+00:00","og_image":[{"width":2560,"height":1706,"url":"https:\/\/www.reciplasa.es\/wp-content\/uploads\/2021\/07\/Consell-administracio\u0301-21-07-2021-scaled.jpg","type":"image\/jpeg"}],"author":"Cristina Marco","twitter_card":"summary_large_image","twitter_misc":{"Written by":"Cristina Marco","Est. reading time":"2 minutes"},"schema":{"@context":"https:\/\/schema.org","@graph":[{"@type":"Article","@id":"https:\/\/www.reciplasa.es\/reciplasa-avanza-en-la-licitacion-de-los-nuevos-tuneles-de-fermentacion-a-los-que-se-invertiran-9-millones-de-euros\/#article","isPartOf":{"@id":"https:\/\/www.reciplasa.es\/reciplasa-avanza-en-la-licitacion-de-los-nuevos-tuneles-de-fermentacion-a-los-que-se-invertiran-9-millones-de-euros\/"},"author":{"name":"Cristina Marco","@id":"https:\/\/www.reciplasa.es\/#\/schema\/person\/608ffc094e3c56d49e6c6ec8f1ea0e82"},"headline":"Reciplasa avan\u00e7a en la licitaci\u00f3 dels nous t\u00fanels de fermentaci\u00f3 als que s\u2019invertiran 9 milions d\u2019euros","datePublished":"2021-07-22T09:15:33+00:00","mainEntityOfPage":{"@id":"https:\/\/www.reciplasa.es\/reciplasa-avanza-en-la-licitacion-de-los-nuevos-tuneles-de-fermentacion-a-los-que-se-invertiran-9-millones-de-euros\/"},"wordCount":441,"image":{"@id":"https:\/\/www.reciplasa.es\/reciplasa-avanza-en-la-licitacion-de-los-nuevos-tuneles-de-fermentacion-a-los-que-se-invertiran-9-millones-de-euros\/#primaryimage"},"thumbnailUrl":"https:\/\/www.reciplasa.es\/wp-content\/uploads\/2021\/07\/Consell-administracio\u0301-21-07-2021-scaled.jpg","articleSection":["Not\u00edcies corporatives"],"inLanguage":"va-VA"},{"@type":"WebPage","@id":"https:\/\/www.reciplasa.es\/reciplasa-avanza-en-la-licitacion-de-los-nuevos-tuneles-de-fermentacion-a-los-que-se-invertiran-9-millones-de-euros\/","url":"https:\/\/www.reciplasa.es\/reciplasa-avanza-en-la-licitacion-de-los-nuevos-tuneles-de-fermentacion-a-los-que-se-invertiran-9-millones-de-euros\/","name":"Reciplasa avan\u00e7a en la licitaci\u00f3 dels nous t\u00fanels de fermentaci\u00f3 als que s\u2019invertiran 9 milions d\u2019euros - RECIPLASA","isPartOf":{"@id":"https:\/\/www.reciplasa.es\/#website"},"primaryImageOfPage":{"@id":"https:\/\/www.reciplasa.es\/reciplasa-avanza-en-la-licitacion-de-los-nuevos-tuneles-de-fermentacion-a-los-que-se-invertiran-9-millones-de-euros\/#primaryimage"},"image":{"@id":"https:\/\/www.reciplasa.es\/reciplasa-avanza-en-la-licitacion-de-los-nuevos-tuneles-de-fermentacion-a-los-que-se-invertiran-9-millones-de-euros\/#primaryimage"},"thumbnailUrl":"https:\/\/www.reciplasa.es\/wp-content\/uploads\/2021\/07\/Consell-administracio\u0301-21-07-2021-scaled.jpg","datePublished":"2021-07-22T09:15:33+00:00","author":{"@id":"https:\/\/www.reciplasa.es\/#\/schema\/person\/608ffc094e3c56d49e6c6ec8f1ea0e82"},"breadcrumb":{"@id":"https:\/\/www.reciplasa.es\/reciplasa-avanza-en-la-licitacion-de-los-nuevos-tuneles-de-fermentacion-a-los-que-se-invertiran-9-millones-de-euros\/#breadcrumb"},"inLanguage":"va-VA","potentialAction":[{"@type":"ReadAction","target":["https:\/\/www.reciplasa.es\/reciplasa-avanza-en-la-licitacion-de-los-nuevos-tuneles-de-fermentacion-a-los-que-se-invertiran-9-millones-de-euros\/"]}]},{"@type":"ImageObject","inLanguage":"va-VA","@id":"https:\/\/www.reciplasa.es\/reciplasa-avanza-en-la-licitacion-de-los-nuevos-tuneles-de-fermentacion-a-los-que-se-invertiran-9-millones-de-euros\/#primaryimage","url":"https:\/\/www.reciplasa.es\/wp-content\/uploads\/2021\/07\/Consell-administracio\u0301-21-07-2021-scaled.jpg","contentUrl":"https:\/\/www.reciplasa.es\/wp-content\/uploads\/2021\/07\/Consell-administracio\u0301-21-07-2021-scaled.jpg","width":2560,"height":1706},{"@type":"BreadcrumbList","@id":"https:\/\/www.reciplasa.es\/reciplasa-avanza-en-la-licitacion-de-los-nuevos-tuneles-de-fermentacion-a-los-que-se-invertiran-9-millones-de-euros\/#breadcrumb","itemListElement":[{"@type":"ListItem","position":1,"name":"Portada","item":"https:\/\/www.reciplasa.es\/va\/"},{"@type":"ListItem","position":2,"name":"Reciplasa avan\u00e7a en la licitaci\u00f3 dels nous t\u00fanels de fermentaci\u00f3 als que s\u2019invertiran 9 milions d\u2019euros"}]},{"@type":"WebSite","@id":"https:\/\/www.reciplasa.es\/#website","url":"https:\/\/www.reciplasa.es\/","name":"RECIPLASA","description":"Reciclats de Residus La Plana SA","potentialAction":[{"@type":"SearchAction","target":{"@type":"EntryPoint","urlTemplate":"https:\/\/www.reciplasa.es\/?s={search_term_string}"},"query-input":{"@type":"PropertyValueSpecification","valueRequired":true,"valueName":"search_term_string"}}],"inLanguage":"va-VA"},{"@type":"Person","@id":"https:\/\/www.reciplasa.es\/#\/schema\/person\/608ffc094e3c56d49e6c6ec8f1ea0e82","name":"Cristina Marco","image":{"@type":"ImageObject","inLanguage":"va-VA","@id":"https:\/\/secure.gravatar.com\/avatar\/6da7e00dc41d26d3c4245f3b2d70d687293df0dfc18f03719354383f7be4f34b?s=96&d=mm&r=g","url":"https:\/\/secure.gravatar.com\/avatar\/6da7e00dc41d26d3c4245f3b2d70d687293df0dfc18f03719354383f7be4f34b?s=96&d=mm&r=g","contentUrl":"https:\/\/secure.gravatar.com\/avatar\/6da7e00dc41d26d3c4245f3b2d70d687293df0dfc18f03719354383f7be4f34b?s=96&d=mm&r=g","caption":"Cristina Marco"},"url":"https:\/\/www.reciplasa.es\/va\/author\/cristina\/"}]}},"_links":{"self":[{"href":"https:\/\/www.reciplasa.es\/va\/wp-json\/wp\/v2\/posts\/14981","targetHints":{"allow":["GET"]}}],"collection":[{"href":"https:\/\/www.reciplasa.es\/va\/wp-json\/wp\/v2\/posts"}],"about":[{"href":"https:\/\/www.reciplasa.es\/va\/wp-json\/wp\/v2\/types\/post"}],"author":[{"embeddable":true,"href":"https:\/\/www.reciplasa.es\/va\/wp-json\/wp\/v2\/users\/3"}],"replies":[{"embeddable":true,"href":"https:\/\/www.reciplasa.es\/va\/wp-json\/wp\/v2\/comments?post=14981"}],"version-history":[{"count":1,"href":"https:\/\/www.reciplasa.es\/va\/wp-json\/wp\/v2\/posts\/14981\/revisions"}],"predecessor-version":[{"id":14982,"href":"https:\/\/www.reciplasa.es\/va\/wp-json\/wp\/v2\/posts\/14981\/revisions\/14982"}],"wp:featuredmedia":[{"embeddable":true,"href":"https:\/\/www.reciplasa.es\/va\/wp-json\/wp\/v2\/media\/14978"}],"wp:attachment":[{"href":"https:\/\/www.reciplasa.es\/va\/wp-json\/wp\/v2\/media?parent=14981"}],"wp:term":[{"taxonomy":"category","embeddable":true,"href":"https:\/\/www.reciplasa.es\/va\/wp-json\/wp\/v2\/categories?post=14981"},{"taxonomy":"post_tag","embeddable":true,"href":"https:\/\/www.reciplasa.es\/va\/wp-json\/wp\/v2\/tags?post=14981"}],"curies":[{"name":"wp","href":"https:\/\/api.w.org\/{rel}","templated":true}]}}