{"id":15027,"date":"2021-10-06T14:55:40","date_gmt":"2021-10-06T14:55:40","guid":{"rendered":"https:\/\/www.reciplasa.es\/?p=15027\/"},"modified":"2021-10-06T14:55:40","modified_gmt":"2021-10-06T14:55:40","slug":"reciplasa-renova-la-seua-col%c2%b7laboracio-amb-luji-per-a-la-catedra-reciplasa-uji-de-gestio-de-residus","status":"publish","type":"post","link":"https:\/\/www.reciplasa.es\/va\/reciplasa-renova-la-seua-col%c2%b7laboracio-amb-luji-per-a-la-catedra-reciplasa-uji-de-gestio-de-residus\/","title":{"rendered":"Reciplasa renova la seua col\u00b7laboraci\u00f3 amb l\u2019UJI per a la C\u00e0tedra Reciplasa-UJI de gesti\u00f3 de residus"},"content":{"rendered":"<h5><em><span style=\"font-weight: 400;\"> L\u2019empresa p\u00fablica t\u00e9 un expositor a l\u2019Ecofira on est\u00e0 explicant la feina que s\u2019est\u00e0 fent i les inversions per a millorar la planta <\/span><\/em><\/h5>\n<p class=\"p1\">Els consellers de l<span class=\"s1\">\u2019<\/span>empresa p\u00fablica per a la gesti\u00f3 dels residus en la zona centre de la prov\u00edncia de Castell\u00f3, Reciplasa, han celebrat un consell d<span class=\"s1\">\u2019<\/span>administraci\u00f3 de forma telem\u00e0tica que ha acordat la renovaci\u00f3 de la col\u00b7laboraci\u00f3 amb la Universitat Jaume I per a la C\u00e0tedra Reciplasa-UJI de gesti\u00f3 de residus urbans. Ignasi Garcia, president de Reciplasa, explica que <span class=\"s1\">\u201c<\/span>es una manera d\u2019incloure a la universitat en una mat\u00e8ria tan rellevant com la que ens ocupa. Volem tindre tot el coneixement al servei del Medi Ambient i per aix\u00f2 seguim treballant en esta C\u00e0tedra que tamb\u00e9 est\u00e0 fent una bona feina en la difusi\u00f3 i en la conscienciaci\u00f3\u201d.<\/p>\n<p class=\"p1\">Tant el president, com la vicepresidenta de Reciplasa, Merche Gal\u00ed, han assistit a la reuni\u00f3 telem\u00e0tica des de l<span class=\"s1\">\u2019<\/span>Ecofira que s<span class=\"s1\">\u2019<\/span>est\u00e0 celebrant estos dies a Val\u00e8ncia i on l<span class=\"s1\">\u2019<\/span>empresa p\u00fablica de gesti\u00f3 de residus de la zona centre de la prov\u00edncia de Castell\u00f3 t\u00e9 un expositor. A este estand, Reciplasa est\u00e0 explicant la gesti\u00f3 que porta a terme i les noves inversions de m\u00e9s de 40 milions d<span class=\"s1\">\u2019<\/span>euros que ja han comen\u00e7at a executar-se, que van a servir per a modernitzar la planta i per a adaptar-la als est\u00e0ndards m\u00e9s exigents en quant a recuperaci\u00f3 de residus.<\/p>\n<p><img loading=\"lazy\" decoding=\"async\" class=\"aligncenter size-large wp-image-15023\" src=\"https:\/\/www.reciplasa.es\/wp-content\/uploads\/2021\/10\/Consell-Administracio\u0301-6-10-21-1024x532.png\" alt=\"\" width=\"800\" height=\"416\" srcset=\"https:\/\/www.reciplasa.es\/wp-content\/uploads\/2021\/10\/Consell-Administracio\u0301-6-10-21-1024x532.png 1024w, https:\/\/www.reciplasa.es\/wp-content\/uploads\/2021\/10\/Consell-Administracio\u0301-6-10-21-300x156.png 300w, https:\/\/www.reciplasa.es\/wp-content\/uploads\/2021\/10\/Consell-Administracio\u0301-6-10-21-768x399.png 768w, https:\/\/www.reciplasa.es\/wp-content\/uploads\/2021\/10\/Consell-Administracio\u0301-6-10-21-1536x798.png 1536w, https:\/\/www.reciplasa.es\/wp-content\/uploads\/2021\/10\/Consell-Administracio\u0301-6-10-21-2048x1064.png 2048w\" sizes=\"auto, (max-width: 800px) 100vw, 800px\" \/><\/p>\n","protected":false},"excerpt":{"rendered":"<p>L\u2019empresa p\u00fablica t\u00e9 un expositor a l\u2019Ecofira on est\u00e0 explicant la feina que s\u2019est\u00e0 fent i les inversions per a millorar la planta Els consellers de l\u2019empresa p\u00fablica per a la gesti\u00f3 dels residus en la zona centre de la prov\u00edncia de Castell\u00f3, Reciplasa, han celebrat un consell d\u2019administraci\u00f3 de forma telem\u00e0tica que ha acordatDale que hay m\u00e1s &#8230;<\/p>\n","protected":false},"author":3,"featured_media":15022,"comment_status":"closed","ping_status":"closed","sticky":false,"template":"","format":"standard","meta":{"footnotes":""},"categories":[88],"tags":[],"class_list":["post-15027","post","type-post","status-publish","format-standard","has-post-thumbnail","hentry","category-catedra-reciplasa-uji"],"yoast_head":"<!-- This site is optimized with the Yoast SEO plugin v27.4 - https:\/\/yoast.com\/product\/yoast-seo-wordpress\/ -->\n<title>Reciplasa renova la seua col\u00b7laboraci\u00f3 amb l\u2019UJI per a la C\u00e0tedra Reciplasa-UJI de gesti\u00f3 de residus - RECIPLASA<\/title>\n<meta name=\"robots\" content=\"index, follow, max-snippet:-1, max-image-preview:large, max-video-preview:-1\" \/>\n<link rel=\"canonical\" href=\"https:\/\/www.reciplasa.es\/reciplasa-renueva-su-colaboracion-con-la-uji-para-la-catedra-reciplasa-uji-de-gestion-de-residuos\/\" \/>\n<meta property=\"og:locale\" content=\"en_US\" \/>\n<meta property=\"og:type\" content=\"article\" \/>\n<meta property=\"og:title\" content=\"Reciplasa renova la seua col\u00b7laboraci\u00f3 amb l\u2019UJI per a la C\u00e0tedra Reciplasa-UJI de gesti\u00f3 de residus - RECIPLASA\" \/>\n<meta property=\"og:description\" content=\"L\u2019empresa p\u00fablica t\u00e9 un expositor a l\u2019Ecofira on est\u00e0 explicant la feina que s\u2019est\u00e0 fent i les inversions per a millorar la planta Els consellers de l\u2019empresa p\u00fablica per a la gesti\u00f3 dels residus en la zona centre de la prov\u00edncia de Castell\u00f3, Reciplasa, han celebrat un consell d\u2019administraci\u00f3 de forma telem\u00e0tica que ha acordatDale que hay m\u00e1s ...\" \/>\n<meta property=\"og:url\" content=\"https:\/\/www.reciplasa.es\/reciplasa-renueva-su-colaboracion-con-la-uji-para-la-catedra-reciplasa-uji-de-gestion-de-residuos\/\" \/>\n<meta property=\"og:site_name\" content=\"RECIPLASA\" \/>\n<meta property=\"article:published_time\" content=\"2021-10-06T14:55:40+00:00\" \/>\n<meta property=\"og:image\" content=\"https:\/\/www.reciplasa.es\/wp-content\/uploads\/2021\/10\/Consell-Administracio\u0301-Ecofira-2021-scaled.jpg\" \/>\n\t<meta property=\"og:image:width\" content=\"2560\" \/>\n\t<meta property=\"og:image:height\" content=\"1696\" \/>\n\t<meta property=\"og:image:type\" content=\"image\/jpeg\" \/>\n<meta name=\"author\" content=\"Cristina Marco\" \/>\n<meta name=\"twitter:card\" content=\"summary_large_image\" \/>\n<meta name=\"twitter:label1\" content=\"Written by\" \/>\n\t<meta name=\"twitter:data1\" content=\"Cristina Marco\" \/>\n\t<meta name=\"twitter:label2\" content=\"Est. reading time\" \/>\n\t<meta name=\"twitter:data2\" content=\"2 minutes\" \/>\n<script type=\"application\/ld+json\" class=\"yoast-schema-graph\">{\"@context\":\"https:\\\/\\\/schema.org\",\"@graph\":[{\"@type\":\"Article\",\"@id\":\"https:\\\/\\\/www.reciplasa.es\\\/reciplasa-renueva-su-colaboracion-con-la-uji-para-la-catedra-reciplasa-uji-de-gestion-de-residuos\\\/#article\",\"isPartOf\":{\"@id\":\"https:\\\/\\\/www.reciplasa.es\\\/reciplasa-renueva-su-colaboracion-con-la-uji-para-la-catedra-reciplasa-uji-de-gestion-de-residuos\\\/\"},\"author\":{\"name\":\"Cristina Marco\",\"@id\":\"https:\\\/\\\/www.reciplasa.es\\\/#\\\/schema\\\/person\\\/608ffc094e3c56d49e6c6ec8f1ea0e82\"},\"headline\":\"Reciplasa renova la seua col\u00b7laboraci\u00f3 amb l\u2019UJI per a la C\u00e0tedra Reciplasa-UJI de gesti\u00f3 de residus\",\"datePublished\":\"2021-10-06T14:55:40+00:00\",\"mainEntityOfPage\":{\"@id\":\"https:\\\/\\\/www.reciplasa.es\\\/reciplasa-renueva-su-colaboracion-con-la-uji-para-la-catedra-reciplasa-uji-de-gestion-de-residuos\\\/\"},\"wordCount\":272,\"image\":{\"@id\":\"https:\\\/\\\/www.reciplasa.es\\\/reciplasa-renueva-su-colaboracion-con-la-uji-para-la-catedra-reciplasa-uji-de-gestion-de-residuos\\\/#primaryimage\"},\"thumbnailUrl\":\"https:\\\/\\\/www.reciplasa.es\\\/wp-content\\\/uploads\\\/2021\\\/10\\\/Consell-Administracio\u0301-Ecofira-2021-scaled.jpg\",\"articleSection\":[\"C\u00e0tedra Reciplasa-UJI\"],\"inLanguage\":\"va-VA\"},{\"@type\":\"WebPage\",\"@id\":\"https:\\\/\\\/www.reciplasa.es\\\/reciplasa-renueva-su-colaboracion-con-la-uji-para-la-catedra-reciplasa-uji-de-gestion-de-residuos\\\/\",\"url\":\"https:\\\/\\\/www.reciplasa.es\\\/reciplasa-renueva-su-colaboracion-con-la-uji-para-la-catedra-reciplasa-uji-de-gestion-de-residuos\\\/\",\"name\":\"Reciplasa renova la seua col\u00b7laboraci\u00f3 amb l\u2019UJI per a la C\u00e0tedra Reciplasa-UJI de gesti\u00f3 de residus - RECIPLASA\",\"isPartOf\":{\"@id\":\"https:\\\/\\\/www.reciplasa.es\\\/#website\"},\"primaryImageOfPage\":{\"@id\":\"https:\\\/\\\/www.reciplasa.es\\\/reciplasa-renueva-su-colaboracion-con-la-uji-para-la-catedra-reciplasa-uji-de-gestion-de-residuos\\\/#primaryimage\"},\"image\":{\"@id\":\"https:\\\/\\\/www.reciplasa.es\\\/reciplasa-renueva-su-colaboracion-con-la-uji-para-la-catedra-reciplasa-uji-de-gestion-de-residuos\\\/#primaryimage\"},\"thumbnailUrl\":\"https:\\\/\\\/www.reciplasa.es\\\/wp-content\\\/uploads\\\/2021\\\/10\\\/Consell-Administracio\u0301-Ecofira-2021-scaled.jpg\",\"datePublished\":\"2021-10-06T14:55:40+00:00\",\"author\":{\"@id\":\"https:\\\/\\\/www.reciplasa.es\\\/#\\\/schema\\\/person\\\/608ffc094e3c56d49e6c6ec8f1ea0e82\"},\"breadcrumb\":{\"@id\":\"https:\\\/\\\/www.reciplasa.es\\\/reciplasa-renueva-su-colaboracion-con-la-uji-para-la-catedra-reciplasa-uji-de-gestion-de-residuos\\\/#breadcrumb\"},\"inLanguage\":\"va-VA\",\"potentialAction\":[{\"@type\":\"ReadAction\",\"target\":[\"https:\\\/\\\/www.reciplasa.es\\\/reciplasa-renueva-su-colaboracion-con-la-uji-para-la-catedra-reciplasa-uji-de-gestion-de-residuos\\\/\"]}]},{\"@type\":\"ImageObject\",\"inLanguage\":\"va-VA\",\"@id\":\"https:\\\/\\\/www.reciplasa.es\\\/reciplasa-renueva-su-colaboracion-con-la-uji-para-la-catedra-reciplasa-uji-de-gestion-de-residuos\\\/#primaryimage\",\"url\":\"https:\\\/\\\/www.reciplasa.es\\\/wp-content\\\/uploads\\\/2021\\\/10\\\/Consell-Administracio\u0301-Ecofira-2021-scaled.jpg\",\"contentUrl\":\"https:\\\/\\\/www.reciplasa.es\\\/wp-content\\\/uploads\\\/2021\\\/10\\\/Consell-Administracio\u0301-Ecofira-2021-scaled.jpg\",\"width\":2560,\"height\":1696,\"caption\":\"Ignasi Garcia i Merche Gal\u00ed en la Ecofira\"},{\"@type\":\"BreadcrumbList\",\"@id\":\"https:\\\/\\\/www.reciplasa.es\\\/reciplasa-renueva-su-colaboracion-con-la-uji-para-la-catedra-reciplasa-uji-de-gestion-de-residuos\\\/#breadcrumb\",\"itemListElement\":[{\"@type\":\"ListItem\",\"position\":1,\"name\":\"Portada\",\"item\":\"https:\\\/\\\/www.reciplasa.es\\\/va\\\/\"},{\"@type\":\"ListItem\",\"position\":2,\"name\":\"Reciplasa renova la seua col\u00b7laboraci\u00f3 amb l\u2019UJI per a la C\u00e0tedra Reciplasa-UJI de gesti\u00f3 de residus\"}]},{\"@type\":\"WebSite\",\"@id\":\"https:\\\/\\\/www.reciplasa.es\\\/#website\",\"url\":\"https:\\\/\\\/www.reciplasa.es\\\/\",\"name\":\"RECIPLASA\",\"description\":\"Reciclats de Residus La Plana SA\",\"potentialAction\":[{\"@type\":\"SearchAction\",\"target\":{\"@type\":\"EntryPoint\",\"urlTemplate\":\"https:\\\/\\\/www.reciplasa.es\\\/?s={search_term_string}\"},\"query-input\":{\"@type\":\"PropertyValueSpecification\",\"valueRequired\":true,\"valueName\":\"search_term_string\"}}],\"inLanguage\":\"va-VA\"},{\"@type\":\"Person\",\"@id\":\"https:\\\/\\\/www.reciplasa.es\\\/#\\\/schema\\\/person\\\/608ffc094e3c56d49e6c6ec8f1ea0e82\",\"name\":\"Cristina Marco\",\"image\":{\"@type\":\"ImageObject\",\"inLanguage\":\"va-VA\",\"@id\":\"https:\\\/\\\/secure.gravatar.com\\\/avatar\\\/6da7e00dc41d26d3c4245f3b2d70d687293df0dfc18f03719354383f7be4f34b?s=96&d=mm&r=g\",\"url\":\"https:\\\/\\\/secure.gravatar.com\\\/avatar\\\/6da7e00dc41d26d3c4245f3b2d70d687293df0dfc18f03719354383f7be4f34b?s=96&d=mm&r=g\",\"contentUrl\":\"https:\\\/\\\/secure.gravatar.com\\\/avatar\\\/6da7e00dc41d26d3c4245f3b2d70d687293df0dfc18f03719354383f7be4f34b?s=96&d=mm&r=g\",\"caption\":\"Cristina Marco\"},\"url\":\"https:\\\/\\\/www.reciplasa.es\\\/va\\\/author\\\/cristina\\\/\"}]}<\/script>\n<!-- \/ Yoast SEO plugin. -->","yoast_head_json":{"title":"Reciplasa renova la seua col\u00b7laboraci\u00f3 amb l\u2019UJI per a la C\u00e0tedra Reciplasa-UJI de gesti\u00f3 de residus - RECIPLASA","robots":{"index":"index","follow":"follow","max-snippet":"max-snippet:-1","max-image-preview":"max-image-preview:large","max-video-preview":"max-video-preview:-1"},"canonical":"https:\/\/www.reciplasa.es\/reciplasa-renueva-su-colaboracion-con-la-uji-para-la-catedra-reciplasa-uji-de-gestion-de-residuos\/","og_locale":"en_US","og_type":"article","og_title":"Reciplasa renova la seua col\u00b7laboraci\u00f3 amb l\u2019UJI per a la C\u00e0tedra Reciplasa-UJI de gesti\u00f3 de residus - RECIPLASA","og_description":"L\u2019empresa p\u00fablica t\u00e9 un expositor a l\u2019Ecofira on est\u00e0 explicant la feina que s\u2019est\u00e0 fent i les inversions per a millorar la planta Els consellers de l\u2019empresa p\u00fablica per a la gesti\u00f3 dels residus en la zona centre de la prov\u00edncia de Castell\u00f3, Reciplasa, han celebrat un consell d\u2019administraci\u00f3 de forma telem\u00e0tica que ha acordatDale que hay m\u00e1s ...","og_url":"https:\/\/www.reciplasa.es\/reciplasa-renueva-su-colaboracion-con-la-uji-para-la-catedra-reciplasa-uji-de-gestion-de-residuos\/","og_site_name":"RECIPLASA","article_published_time":"2021-10-06T14:55:40+00:00","og_image":[{"width":2560,"height":1696,"url":"https:\/\/www.reciplasa.es\/wp-content\/uploads\/2021\/10\/Consell-Administracio\u0301-Ecofira-2021-scaled.jpg","type":"image\/jpeg"}],"author":"Cristina Marco","twitter_card":"summary_large_image","twitter_misc":{"Written by":"Cristina Marco","Est. reading time":"2 minutes"},"schema":{"@context":"https:\/\/schema.org","@graph":[{"@type":"Article","@id":"https:\/\/www.reciplasa.es\/reciplasa-renueva-su-colaboracion-con-la-uji-para-la-catedra-reciplasa-uji-de-gestion-de-residuos\/#article","isPartOf":{"@id":"https:\/\/www.reciplasa.es\/reciplasa-renueva-su-colaboracion-con-la-uji-para-la-catedra-reciplasa-uji-de-gestion-de-residuos\/"},"author":{"name":"Cristina Marco","@id":"https:\/\/www.reciplasa.es\/#\/schema\/person\/608ffc094e3c56d49e6c6ec8f1ea0e82"},"headline":"Reciplasa renova la seua col\u00b7laboraci\u00f3 amb l\u2019UJI per a la C\u00e0tedra Reciplasa-UJI de gesti\u00f3 de residus","datePublished":"2021-10-06T14:55:40+00:00","mainEntityOfPage":{"@id":"https:\/\/www.reciplasa.es\/reciplasa-renueva-su-colaboracion-con-la-uji-para-la-catedra-reciplasa-uji-de-gestion-de-residuos\/"},"wordCount":272,"image":{"@id":"https:\/\/www.reciplasa.es\/reciplasa-renueva-su-colaboracion-con-la-uji-para-la-catedra-reciplasa-uji-de-gestion-de-residuos\/#primaryimage"},"thumbnailUrl":"https:\/\/www.reciplasa.es\/wp-content\/uploads\/2021\/10\/Consell-Administracio\u0301-Ecofira-2021-scaled.jpg","articleSection":["C\u00e0tedra Reciplasa-UJI"],"inLanguage":"va-VA"},{"@type":"WebPage","@id":"https:\/\/www.reciplasa.es\/reciplasa-renueva-su-colaboracion-con-la-uji-para-la-catedra-reciplasa-uji-de-gestion-de-residuos\/","url":"https:\/\/www.reciplasa.es\/reciplasa-renueva-su-colaboracion-con-la-uji-para-la-catedra-reciplasa-uji-de-gestion-de-residuos\/","name":"Reciplasa renova la seua col\u00b7laboraci\u00f3 amb l\u2019UJI per a la C\u00e0tedra Reciplasa-UJI de gesti\u00f3 de residus - RECIPLASA","isPartOf":{"@id":"https:\/\/www.reciplasa.es\/#website"},"primaryImageOfPage":{"@id":"https:\/\/www.reciplasa.es\/reciplasa-renueva-su-colaboracion-con-la-uji-para-la-catedra-reciplasa-uji-de-gestion-de-residuos\/#primaryimage"},"image":{"@id":"https:\/\/www.reciplasa.es\/reciplasa-renueva-su-colaboracion-con-la-uji-para-la-catedra-reciplasa-uji-de-gestion-de-residuos\/#primaryimage"},"thumbnailUrl":"https:\/\/www.reciplasa.es\/wp-content\/uploads\/2021\/10\/Consell-Administracio\u0301-Ecofira-2021-scaled.jpg","datePublished":"2021-10-06T14:55:40+00:00","author":{"@id":"https:\/\/www.reciplasa.es\/#\/schema\/person\/608ffc094e3c56d49e6c6ec8f1ea0e82"},"breadcrumb":{"@id":"https:\/\/www.reciplasa.es\/reciplasa-renueva-su-colaboracion-con-la-uji-para-la-catedra-reciplasa-uji-de-gestion-de-residuos\/#breadcrumb"},"inLanguage":"va-VA","potentialAction":[{"@type":"ReadAction","target":["https:\/\/www.reciplasa.es\/reciplasa-renueva-su-colaboracion-con-la-uji-para-la-catedra-reciplasa-uji-de-gestion-de-residuos\/"]}]},{"@type":"ImageObject","inLanguage":"va-VA","@id":"https:\/\/www.reciplasa.es\/reciplasa-renueva-su-colaboracion-con-la-uji-para-la-catedra-reciplasa-uji-de-gestion-de-residuos\/#primaryimage","url":"https:\/\/www.reciplasa.es\/wp-content\/uploads\/2021\/10\/Consell-Administracio\u0301-Ecofira-2021-scaled.jpg","contentUrl":"https:\/\/www.reciplasa.es\/wp-content\/uploads\/2021\/10\/Consell-Administracio\u0301-Ecofira-2021-scaled.jpg","width":2560,"height":1696,"caption":"Ignasi Garcia i Merche Gal\u00ed en la Ecofira"},{"@type":"BreadcrumbList","@id":"https:\/\/www.reciplasa.es\/reciplasa-renueva-su-colaboracion-con-la-uji-para-la-catedra-reciplasa-uji-de-gestion-de-residuos\/#breadcrumb","itemListElement":[{"@type":"ListItem","position":1,"name":"Portada","item":"https:\/\/www.reciplasa.es\/va\/"},{"@type":"ListItem","position":2,"name":"Reciplasa renova la seua col\u00b7laboraci\u00f3 amb l\u2019UJI per a la C\u00e0tedra Reciplasa-UJI de gesti\u00f3 de residus"}]},{"@type":"WebSite","@id":"https:\/\/www.reciplasa.es\/#website","url":"https:\/\/www.reciplasa.es\/","name":"RECIPLASA","description":"Reciclats de Residus La Plana SA","potentialAction":[{"@type":"SearchAction","target":{"@type":"EntryPoint","urlTemplate":"https:\/\/www.reciplasa.es\/?s={search_term_string}"},"query-input":{"@type":"PropertyValueSpecification","valueRequired":true,"valueName":"search_term_string"}}],"inLanguage":"va-VA"},{"@type":"Person","@id":"https:\/\/www.reciplasa.es\/#\/schema\/person\/608ffc094e3c56d49e6c6ec8f1ea0e82","name":"Cristina Marco","image":{"@type":"ImageObject","inLanguage":"va-VA","@id":"https:\/\/secure.gravatar.com\/avatar\/6da7e00dc41d26d3c4245f3b2d70d687293df0dfc18f03719354383f7be4f34b?s=96&d=mm&r=g","url":"https:\/\/secure.gravatar.com\/avatar\/6da7e00dc41d26d3c4245f3b2d70d687293df0dfc18f03719354383f7be4f34b?s=96&d=mm&r=g","contentUrl":"https:\/\/secure.gravatar.com\/avatar\/6da7e00dc41d26d3c4245f3b2d70d687293df0dfc18f03719354383f7be4f34b?s=96&d=mm&r=g","caption":"Cristina Marco"},"url":"https:\/\/www.reciplasa.es\/va\/author\/cristina\/"}]}},"_links":{"self":[{"href":"https:\/\/www.reciplasa.es\/va\/wp-json\/wp\/v2\/posts\/15027","targetHints":{"allow":["GET"]}}],"collection":[{"href":"https:\/\/www.reciplasa.es\/va\/wp-json\/wp\/v2\/posts"}],"about":[{"href":"https:\/\/www.reciplasa.es\/va\/wp-json\/wp\/v2\/types\/post"}],"author":[{"embeddable":true,"href":"https:\/\/www.reciplasa.es\/va\/wp-json\/wp\/v2\/users\/3"}],"replies":[{"embeddable":true,"href":"https:\/\/www.reciplasa.es\/va\/wp-json\/wp\/v2\/comments?post=15027"}],"version-history":[{"count":1,"href":"https:\/\/www.reciplasa.es\/va\/wp-json\/wp\/v2\/posts\/15027\/revisions"}],"predecessor-version":[{"id":15028,"href":"https:\/\/www.reciplasa.es\/va\/wp-json\/wp\/v2\/posts\/15027\/revisions\/15028"}],"wp:featuredmedia":[{"embeddable":true,"href":"https:\/\/www.reciplasa.es\/va\/wp-json\/wp\/v2\/media\/15022"}],"wp:attachment":[{"href":"https:\/\/www.reciplasa.es\/va\/wp-json\/wp\/v2\/media?parent=15027"}],"wp:term":[{"taxonomy":"category","embeddable":true,"href":"https:\/\/www.reciplasa.es\/va\/wp-json\/wp\/v2\/categories?post=15027"},{"taxonomy":"post_tag","embeddable":true,"href":"https:\/\/www.reciplasa.es\/va\/wp-json\/wp\/v2\/tags?post=15027"}],"curies":[{"name":"wp","href":"https:\/\/api.w.org\/{rel}","templated":true}]}}