{"id":15058,"date":"2021-12-16T14:59:18","date_gmt":"2021-12-16T14:59:18","guid":{"rendered":"https:\/\/www.reciplasa.es\/?p=15058\/"},"modified":"2021-12-16T14:59:18","modified_gmt":"2021-12-16T14:59:18","slug":"reciplasa-i-onda-aconsegueixen-un-acord-perque-lempresa-publica-adquirisca-el-solar-municipal-de-labocador","status":"publish","type":"post","link":"https:\/\/www.reciplasa.es\/va\/reciplasa-i-onda-aconsegueixen-un-acord-perque-lempresa-publica-adquirisca-el-solar-municipal-de-labocador\/","title":{"rendered":"Reciplasa i Onda aconsegueixen un acord perqu\u00e8 l&#8217;empresa p\u00fablica adquirisca el solar municipal de l&#8217;abocador"},"content":{"rendered":"<h5><em><span style=\"font-weight: 400;\">Totes dos administracions han iniciat un proc\u00e9s perqu\u00e8 un taxador extern fixe el preu que s&#8217;haur\u00e0 d&#8217;abonar per part de la companyia<\/span><\/em><\/h5>\n<p class=\"p1\">El consell d&#8217;administraci\u00f3 de Reciplasa celebrat al Palau de Betx\u00ed ha aprovat l&#8217;acord que es va aconseguir per l&#8217;empresa p\u00fablica i l&#8217;Ajuntament d&#8217;Onda per a l&#8217;adquisici\u00f3 del solar de titularitat municipal que alberga una part de l&#8217;abocador clausurat en la localitat. El president de Reciplasa i l&#8217;alcaldessa d&#8217;Onda han acordat iniciar un proc\u00e9s perqu\u00e8 un taxador extern i independent fixe la quantitat que haur\u00e0 d&#8217;abonar la companyia que s&#8217;encarrega del tractament dels residus de la zona centre de la prov\u00edncia de Castell\u00f3 i que s&#8217;ha d&#8217;encarregar del manteniment de l&#8217;abocador que es va clausurar en el seu moment.<\/p>\n<p class=\"p1\">Ignasi Garcia, president de Reciplasa, explica que \u201ctotes dues parts tenim l&#8217;inter\u00e9s que aquesta situaci\u00f3 que \u00e9s an\u00f2mala se solucione com m\u00e9s prompte millor i que es beneficie a les dues administracions, ja que Reciplasa ha de ser qui gestione aquests terrenys i \u00e9s el seu deure adquirir-los\u201d i afig que \u201chem dialogat i l&#8217;\u00fanic punt controvertit era el preu que s&#8217;havia fixat per cadascuna de les parts, aix\u00ed que hem trobat una soluci\u00f3 basada en el di\u00e0leg i s&#8217;encarregar\u00e0 al Jurat Provincial d&#8217;Expropiaci\u00f3 de Castell\u00f3 una taxaci\u00f3, si aquesta instituci\u00f3 no pot fer-la, l&#8217;acord aconseguit contempla altres solucions com la cerca d&#8217;un taxador consensuat entre les parts\u201d.<\/p>\n<p class=\"p1\">Per part seua, la vicepresidenta de Reciplasa i alcaldessa d&#8217;Onda, Carmina Ballester, ha assenyalat que \u201cel problema dels terrenys reblits de fem no es podia demorar m\u00e9s, ja que correspon a Reciplasa fer-se c\u00e0rrec d&#8217;aquest solar i adquirir-lo per un preu just per als ondenses. Agra\u00efm la predisposici\u00f3 del president del consell d&#8217;administraci\u00f3 per la bona voluntat de solucionar ja aquest tema\u201d.<\/p>\n","protected":false},"excerpt":{"rendered":"<p>Totes dos administracions han iniciat un proc\u00e9s perqu\u00e8 un taxador extern fixe el preu que s&#8217;haur\u00e0 d&#8217;abonar per part de la companyia El consell d&#8217;administraci\u00f3 de Reciplasa celebrat al Palau de Betx\u00ed ha aprovat l&#8217;acord que es va aconseguir per l&#8217;empresa p\u00fablica i l&#8217;Ajuntament d&#8217;Onda per a l&#8217;adquisici\u00f3 del solar de titularitat municipal que albergaDale que hay m\u00e1s &#8230;<\/p>\n","protected":false},"author":3,"featured_media":15056,"comment_status":"closed","ping_status":"closed","sticky":false,"template":"","format":"standard","meta":{"footnotes":""},"categories":[87],"tags":[],"class_list":["post-15058","post","type-post","status-publish","format-standard","has-post-thumbnail","hentry","category-noticies-corporatives"],"yoast_head":"<!-- This site is optimized with the Yoast SEO plugin v27.4 - https:\/\/yoast.com\/product\/yoast-seo-wordpress\/ -->\n<title>Reciplasa i Onda aconsegueixen un acord perqu\u00e8 l&#039;empresa p\u00fablica adquirisca el solar municipal de l&#039;abocador - RECIPLASA<\/title>\n<meta name=\"robots\" content=\"index, follow, max-snippet:-1, max-image-preview:large, max-video-preview:-1\" \/>\n<link rel=\"canonical\" href=\"https:\/\/www.reciplasa.es\/reciplasa-y-onda-alcanzan-un-acuerdo-para-que-la-empresa-publica-adquiera-el-solar-municipal-del-vertedero\/\" \/>\n<meta property=\"og:locale\" content=\"en_US\" \/>\n<meta property=\"og:type\" content=\"article\" \/>\n<meta property=\"og:title\" content=\"Reciplasa i Onda aconsegueixen un acord perqu\u00e8 l&#039;empresa p\u00fablica adquirisca el solar municipal de l&#039;abocador - RECIPLASA\" \/>\n<meta property=\"og:description\" content=\"Totes dos administracions han iniciat un proc\u00e9s perqu\u00e8 un taxador extern fixe el preu que s&#8217;haur\u00e0 d&#8217;abonar per part de la companyia El consell d&#8217;administraci\u00f3 de Reciplasa celebrat al Palau de Betx\u00ed ha aprovat l&#8217;acord que es va aconseguir per l&#8217;empresa p\u00fablica i l&#8217;Ajuntament d&#8217;Onda per a l&#8217;adquisici\u00f3 del solar de titularitat municipal que albergaDale que hay m\u00e1s ...\" \/>\n<meta property=\"og:url\" content=\"https:\/\/www.reciplasa.es\/reciplasa-y-onda-alcanzan-un-acuerdo-para-que-la-empresa-publica-adquiera-el-solar-municipal-del-vertedero\/\" \/>\n<meta property=\"og:site_name\" content=\"RECIPLASA\" \/>\n<meta property=\"article:published_time\" content=\"2021-12-16T14:59:18+00:00\" \/>\n<meta property=\"og:image\" content=\"https:\/\/www.reciplasa.es\/wp-content\/uploads\/2021\/12\/Consell-administracio\u0301-scaled.jpg\" \/>\n\t<meta property=\"og:image:width\" content=\"2560\" \/>\n\t<meta property=\"og:image:height\" content=\"1707\" \/>\n\t<meta property=\"og:image:type\" content=\"image\/jpeg\" \/>\n<meta name=\"author\" content=\"Cristina Marco\" \/>\n<meta name=\"twitter:card\" content=\"summary_large_image\" \/>\n<meta name=\"twitter:label1\" content=\"Written by\" \/>\n\t<meta name=\"twitter:data1\" content=\"Cristina Marco\" \/>\n\t<meta name=\"twitter:label2\" content=\"Est. reading time\" \/>\n\t<meta name=\"twitter:data2\" content=\"2 minutes\" \/>\n<script type=\"application\/ld+json\" class=\"yoast-schema-graph\">{\"@context\":\"https:\\\/\\\/schema.org\",\"@graph\":[{\"@type\":\"Article\",\"@id\":\"https:\\\/\\\/www.reciplasa.es\\\/reciplasa-y-onda-alcanzan-un-acuerdo-para-que-la-empresa-publica-adquiera-el-solar-municipal-del-vertedero\\\/#article\",\"isPartOf\":{\"@id\":\"https:\\\/\\\/www.reciplasa.es\\\/reciplasa-y-onda-alcanzan-un-acuerdo-para-que-la-empresa-publica-adquiera-el-solar-municipal-del-vertedero\\\/\"},\"author\":{\"name\":\"Cristina Marco\",\"@id\":\"https:\\\/\\\/www.reciplasa.es\\\/#\\\/schema\\\/person\\\/608ffc094e3c56d49e6c6ec8f1ea0e82\"},\"headline\":\"Reciplasa i Onda aconsegueixen un acord perqu\u00e8 l&#8217;empresa p\u00fablica adquirisca el solar municipal de l&#8217;abocador\",\"datePublished\":\"2021-12-16T14:59:18+00:00\",\"mainEntityOfPage\":{\"@id\":\"https:\\\/\\\/www.reciplasa.es\\\/reciplasa-y-onda-alcanzan-un-acuerdo-para-que-la-empresa-publica-adquiera-el-solar-municipal-del-vertedero\\\/\"},\"wordCount\":345,\"image\":{\"@id\":\"https:\\\/\\\/www.reciplasa.es\\\/reciplasa-y-onda-alcanzan-un-acuerdo-para-que-la-empresa-publica-adquiera-el-solar-municipal-del-vertedero\\\/#primaryimage\"},\"thumbnailUrl\":\"https:\\\/\\\/www.reciplasa.es\\\/wp-content\\\/uploads\\\/2021\\\/12\\\/Consell-administracio\u0301-scaled.jpg\",\"articleSection\":[\"Not\u00edcies corporatives\"],\"inLanguage\":\"va-VA\"},{\"@type\":\"WebPage\",\"@id\":\"https:\\\/\\\/www.reciplasa.es\\\/reciplasa-y-onda-alcanzan-un-acuerdo-para-que-la-empresa-publica-adquiera-el-solar-municipal-del-vertedero\\\/\",\"url\":\"https:\\\/\\\/www.reciplasa.es\\\/reciplasa-y-onda-alcanzan-un-acuerdo-para-que-la-empresa-publica-adquiera-el-solar-municipal-del-vertedero\\\/\",\"name\":\"Reciplasa i Onda aconsegueixen un acord perqu\u00e8 l'empresa p\u00fablica adquirisca el solar municipal de l'abocador - RECIPLASA\",\"isPartOf\":{\"@id\":\"https:\\\/\\\/www.reciplasa.es\\\/#website\"},\"primaryImageOfPage\":{\"@id\":\"https:\\\/\\\/www.reciplasa.es\\\/reciplasa-y-onda-alcanzan-un-acuerdo-para-que-la-empresa-publica-adquiera-el-solar-municipal-del-vertedero\\\/#primaryimage\"},\"image\":{\"@id\":\"https:\\\/\\\/www.reciplasa.es\\\/reciplasa-y-onda-alcanzan-un-acuerdo-para-que-la-empresa-publica-adquiera-el-solar-municipal-del-vertedero\\\/#primaryimage\"},\"thumbnailUrl\":\"https:\\\/\\\/www.reciplasa.es\\\/wp-content\\\/uploads\\\/2021\\\/12\\\/Consell-administracio\u0301-scaled.jpg\",\"datePublished\":\"2021-12-16T14:59:18+00:00\",\"author\":{\"@id\":\"https:\\\/\\\/www.reciplasa.es\\\/#\\\/schema\\\/person\\\/608ffc094e3c56d49e6c6ec8f1ea0e82\"},\"breadcrumb\":{\"@id\":\"https:\\\/\\\/www.reciplasa.es\\\/reciplasa-y-onda-alcanzan-un-acuerdo-para-que-la-empresa-publica-adquiera-el-solar-municipal-del-vertedero\\\/#breadcrumb\"},\"inLanguage\":\"va-VA\",\"potentialAction\":[{\"@type\":\"ReadAction\",\"target\":[\"https:\\\/\\\/www.reciplasa.es\\\/reciplasa-y-onda-alcanzan-un-acuerdo-para-que-la-empresa-publica-adquiera-el-solar-municipal-del-vertedero\\\/\"]}]},{\"@type\":\"ImageObject\",\"inLanguage\":\"va-VA\",\"@id\":\"https:\\\/\\\/www.reciplasa.es\\\/reciplasa-y-onda-alcanzan-un-acuerdo-para-que-la-empresa-publica-adquiera-el-solar-municipal-del-vertedero\\\/#primaryimage\",\"url\":\"https:\\\/\\\/www.reciplasa.es\\\/wp-content\\\/uploads\\\/2021\\\/12\\\/Consell-administracio\u0301-scaled.jpg\",\"contentUrl\":\"https:\\\/\\\/www.reciplasa.es\\\/wp-content\\\/uploads\\\/2021\\\/12\\\/Consell-administracio\u0301-scaled.jpg\",\"width\":2560,\"height\":1707,\"caption\":\"Consell d'acord entre Reciplasa i Onda\"},{\"@type\":\"BreadcrumbList\",\"@id\":\"https:\\\/\\\/www.reciplasa.es\\\/reciplasa-y-onda-alcanzan-un-acuerdo-para-que-la-empresa-publica-adquiera-el-solar-municipal-del-vertedero\\\/#breadcrumb\",\"itemListElement\":[{\"@type\":\"ListItem\",\"position\":1,\"name\":\"Portada\",\"item\":\"https:\\\/\\\/www.reciplasa.es\\\/va\\\/\"},{\"@type\":\"ListItem\",\"position\":2,\"name\":\"Reciplasa i Onda aconsegueixen un acord perqu\u00e8 l&#8217;empresa p\u00fablica adquirisca el solar municipal de l&#8217;abocador\"}]},{\"@type\":\"WebSite\",\"@id\":\"https:\\\/\\\/www.reciplasa.es\\\/#website\",\"url\":\"https:\\\/\\\/www.reciplasa.es\\\/\",\"name\":\"RECIPLASA\",\"description\":\"Reciclats de Residus La Plana SA\",\"potentialAction\":[{\"@type\":\"SearchAction\",\"target\":{\"@type\":\"EntryPoint\",\"urlTemplate\":\"https:\\\/\\\/www.reciplasa.es\\\/?s={search_term_string}\"},\"query-input\":{\"@type\":\"PropertyValueSpecification\",\"valueRequired\":true,\"valueName\":\"search_term_string\"}}],\"inLanguage\":\"va-VA\"},{\"@type\":\"Person\",\"@id\":\"https:\\\/\\\/www.reciplasa.es\\\/#\\\/schema\\\/person\\\/608ffc094e3c56d49e6c6ec8f1ea0e82\",\"name\":\"Cristina Marco\",\"image\":{\"@type\":\"ImageObject\",\"inLanguage\":\"va-VA\",\"@id\":\"https:\\\/\\\/secure.gravatar.com\\\/avatar\\\/6da7e00dc41d26d3c4245f3b2d70d687293df0dfc18f03719354383f7be4f34b?s=96&d=mm&r=g\",\"url\":\"https:\\\/\\\/secure.gravatar.com\\\/avatar\\\/6da7e00dc41d26d3c4245f3b2d70d687293df0dfc18f03719354383f7be4f34b?s=96&d=mm&r=g\",\"contentUrl\":\"https:\\\/\\\/secure.gravatar.com\\\/avatar\\\/6da7e00dc41d26d3c4245f3b2d70d687293df0dfc18f03719354383f7be4f34b?s=96&d=mm&r=g\",\"caption\":\"Cristina Marco\"},\"url\":\"https:\\\/\\\/www.reciplasa.es\\\/va\\\/author\\\/cristina\\\/\"}]}<\/script>\n<!-- \/ Yoast SEO plugin. -->","yoast_head_json":{"title":"Reciplasa i Onda aconsegueixen un acord perqu\u00e8 l'empresa p\u00fablica adquirisca el solar municipal de l'abocador - RECIPLASA","robots":{"index":"index","follow":"follow","max-snippet":"max-snippet:-1","max-image-preview":"max-image-preview:large","max-video-preview":"max-video-preview:-1"},"canonical":"https:\/\/www.reciplasa.es\/reciplasa-y-onda-alcanzan-un-acuerdo-para-que-la-empresa-publica-adquiera-el-solar-municipal-del-vertedero\/","og_locale":"en_US","og_type":"article","og_title":"Reciplasa i Onda aconsegueixen un acord perqu\u00e8 l'empresa p\u00fablica adquirisca el solar municipal de l'abocador - RECIPLASA","og_description":"Totes dos administracions han iniciat un proc\u00e9s perqu\u00e8 un taxador extern fixe el preu que s&#8217;haur\u00e0 d&#8217;abonar per part de la companyia El consell d&#8217;administraci\u00f3 de Reciplasa celebrat al Palau de Betx\u00ed ha aprovat l&#8217;acord que es va aconseguir per l&#8217;empresa p\u00fablica i l&#8217;Ajuntament d&#8217;Onda per a l&#8217;adquisici\u00f3 del solar de titularitat municipal que albergaDale que hay m\u00e1s ...","og_url":"https:\/\/www.reciplasa.es\/reciplasa-y-onda-alcanzan-un-acuerdo-para-que-la-empresa-publica-adquiera-el-solar-municipal-del-vertedero\/","og_site_name":"RECIPLASA","article_published_time":"2021-12-16T14:59:18+00:00","og_image":[{"width":2560,"height":1707,"url":"https:\/\/www.reciplasa.es\/wp-content\/uploads\/2021\/12\/Consell-administracio\u0301-scaled.jpg","type":"image\/jpeg"}],"author":"Cristina Marco","twitter_card":"summary_large_image","twitter_misc":{"Written by":"Cristina Marco","Est. reading time":"2 minutes"},"schema":{"@context":"https:\/\/schema.org","@graph":[{"@type":"Article","@id":"https:\/\/www.reciplasa.es\/reciplasa-y-onda-alcanzan-un-acuerdo-para-que-la-empresa-publica-adquiera-el-solar-municipal-del-vertedero\/#article","isPartOf":{"@id":"https:\/\/www.reciplasa.es\/reciplasa-y-onda-alcanzan-un-acuerdo-para-que-la-empresa-publica-adquiera-el-solar-municipal-del-vertedero\/"},"author":{"name":"Cristina Marco","@id":"https:\/\/www.reciplasa.es\/#\/schema\/person\/608ffc094e3c56d49e6c6ec8f1ea0e82"},"headline":"Reciplasa i Onda aconsegueixen un acord perqu\u00e8 l&#8217;empresa p\u00fablica adquirisca el solar municipal de l&#8217;abocador","datePublished":"2021-12-16T14:59:18+00:00","mainEntityOfPage":{"@id":"https:\/\/www.reciplasa.es\/reciplasa-y-onda-alcanzan-un-acuerdo-para-que-la-empresa-publica-adquiera-el-solar-municipal-del-vertedero\/"},"wordCount":345,"image":{"@id":"https:\/\/www.reciplasa.es\/reciplasa-y-onda-alcanzan-un-acuerdo-para-que-la-empresa-publica-adquiera-el-solar-municipal-del-vertedero\/#primaryimage"},"thumbnailUrl":"https:\/\/www.reciplasa.es\/wp-content\/uploads\/2021\/12\/Consell-administracio\u0301-scaled.jpg","articleSection":["Not\u00edcies corporatives"],"inLanguage":"va-VA"},{"@type":"WebPage","@id":"https:\/\/www.reciplasa.es\/reciplasa-y-onda-alcanzan-un-acuerdo-para-que-la-empresa-publica-adquiera-el-solar-municipal-del-vertedero\/","url":"https:\/\/www.reciplasa.es\/reciplasa-y-onda-alcanzan-un-acuerdo-para-que-la-empresa-publica-adquiera-el-solar-municipal-del-vertedero\/","name":"Reciplasa i Onda aconsegueixen un acord perqu\u00e8 l'empresa p\u00fablica adquirisca el solar municipal de l'abocador - RECIPLASA","isPartOf":{"@id":"https:\/\/www.reciplasa.es\/#website"},"primaryImageOfPage":{"@id":"https:\/\/www.reciplasa.es\/reciplasa-y-onda-alcanzan-un-acuerdo-para-que-la-empresa-publica-adquiera-el-solar-municipal-del-vertedero\/#primaryimage"},"image":{"@id":"https:\/\/www.reciplasa.es\/reciplasa-y-onda-alcanzan-un-acuerdo-para-que-la-empresa-publica-adquiera-el-solar-municipal-del-vertedero\/#primaryimage"},"thumbnailUrl":"https:\/\/www.reciplasa.es\/wp-content\/uploads\/2021\/12\/Consell-administracio\u0301-scaled.jpg","datePublished":"2021-12-16T14:59:18+00:00","author":{"@id":"https:\/\/www.reciplasa.es\/#\/schema\/person\/608ffc094e3c56d49e6c6ec8f1ea0e82"},"breadcrumb":{"@id":"https:\/\/www.reciplasa.es\/reciplasa-y-onda-alcanzan-un-acuerdo-para-que-la-empresa-publica-adquiera-el-solar-municipal-del-vertedero\/#breadcrumb"},"inLanguage":"va-VA","potentialAction":[{"@type":"ReadAction","target":["https:\/\/www.reciplasa.es\/reciplasa-y-onda-alcanzan-un-acuerdo-para-que-la-empresa-publica-adquiera-el-solar-municipal-del-vertedero\/"]}]},{"@type":"ImageObject","inLanguage":"va-VA","@id":"https:\/\/www.reciplasa.es\/reciplasa-y-onda-alcanzan-un-acuerdo-para-que-la-empresa-publica-adquiera-el-solar-municipal-del-vertedero\/#primaryimage","url":"https:\/\/www.reciplasa.es\/wp-content\/uploads\/2021\/12\/Consell-administracio\u0301-scaled.jpg","contentUrl":"https:\/\/www.reciplasa.es\/wp-content\/uploads\/2021\/12\/Consell-administracio\u0301-scaled.jpg","width":2560,"height":1707,"caption":"Consell d'acord entre Reciplasa i Onda"},{"@type":"BreadcrumbList","@id":"https:\/\/www.reciplasa.es\/reciplasa-y-onda-alcanzan-un-acuerdo-para-que-la-empresa-publica-adquiera-el-solar-municipal-del-vertedero\/#breadcrumb","itemListElement":[{"@type":"ListItem","position":1,"name":"Portada","item":"https:\/\/www.reciplasa.es\/va\/"},{"@type":"ListItem","position":2,"name":"Reciplasa i Onda aconsegueixen un acord perqu\u00e8 l&#8217;empresa p\u00fablica adquirisca el solar municipal de l&#8217;abocador"}]},{"@type":"WebSite","@id":"https:\/\/www.reciplasa.es\/#website","url":"https:\/\/www.reciplasa.es\/","name":"RECIPLASA","description":"Reciclats de Residus La Plana SA","potentialAction":[{"@type":"SearchAction","target":{"@type":"EntryPoint","urlTemplate":"https:\/\/www.reciplasa.es\/?s={search_term_string}"},"query-input":{"@type":"PropertyValueSpecification","valueRequired":true,"valueName":"search_term_string"}}],"inLanguage":"va-VA"},{"@type":"Person","@id":"https:\/\/www.reciplasa.es\/#\/schema\/person\/608ffc094e3c56d49e6c6ec8f1ea0e82","name":"Cristina Marco","image":{"@type":"ImageObject","inLanguage":"va-VA","@id":"https:\/\/secure.gravatar.com\/avatar\/6da7e00dc41d26d3c4245f3b2d70d687293df0dfc18f03719354383f7be4f34b?s=96&d=mm&r=g","url":"https:\/\/secure.gravatar.com\/avatar\/6da7e00dc41d26d3c4245f3b2d70d687293df0dfc18f03719354383f7be4f34b?s=96&d=mm&r=g","contentUrl":"https:\/\/secure.gravatar.com\/avatar\/6da7e00dc41d26d3c4245f3b2d70d687293df0dfc18f03719354383f7be4f34b?s=96&d=mm&r=g","caption":"Cristina Marco"},"url":"https:\/\/www.reciplasa.es\/va\/author\/cristina\/"}]}},"_links":{"self":[{"href":"https:\/\/www.reciplasa.es\/va\/wp-json\/wp\/v2\/posts\/15058","targetHints":{"allow":["GET"]}}],"collection":[{"href":"https:\/\/www.reciplasa.es\/va\/wp-json\/wp\/v2\/posts"}],"about":[{"href":"https:\/\/www.reciplasa.es\/va\/wp-json\/wp\/v2\/types\/post"}],"author":[{"embeddable":true,"href":"https:\/\/www.reciplasa.es\/va\/wp-json\/wp\/v2\/users\/3"}],"replies":[{"embeddable":true,"href":"https:\/\/www.reciplasa.es\/va\/wp-json\/wp\/v2\/comments?post=15058"}],"version-history":[{"count":1,"href":"https:\/\/www.reciplasa.es\/va\/wp-json\/wp\/v2\/posts\/15058\/revisions"}],"predecessor-version":[{"id":15059,"href":"https:\/\/www.reciplasa.es\/va\/wp-json\/wp\/v2\/posts\/15058\/revisions\/15059"}],"wp:featuredmedia":[{"embeddable":true,"href":"https:\/\/www.reciplasa.es\/va\/wp-json\/wp\/v2\/media\/15056"}],"wp:attachment":[{"href":"https:\/\/www.reciplasa.es\/va\/wp-json\/wp\/v2\/media?parent=15058"}],"wp:term":[{"taxonomy":"category","embeddable":true,"href":"https:\/\/www.reciplasa.es\/va\/wp-json\/wp\/v2\/categories?post=15058"},{"taxonomy":"post_tag","embeddable":true,"href":"https:\/\/www.reciplasa.es\/va\/wp-json\/wp\/v2\/tags?post=15058"}],"curies":[{"name":"wp","href":"https:\/\/api.w.org\/{rel}","templated":true}]}}