{"id":15077,"date":"2022-01-10T12:21:54","date_gmt":"2022-01-10T12:21:54","guid":{"rendered":"https:\/\/www.reciplasa.es\/?p=15077\/"},"modified":"2022-01-10T12:26:14","modified_gmt":"2022-01-10T12:26:14","slug":"el-ecoparque-movil-celebra-el-sorteo-de-la-bicicleta-electrica-el-14-de-enero","status":"publish","type":"post","link":"https:\/\/www.reciplasa.es\/va\/el-ecoparque-movil-celebra-el-sorteo-de-la-bicicleta-electrica-el-14-de-enero\/","title":{"rendered":"L&#8217;ecoparc m\u00f2bil celebra el sorteig de la bicicleta el\u00e8ctrica el 14 de gener"},"content":{"rendered":"<p>L&#8217;ecoparc m\u00f2bil celebrar\u00e0 el sorteig de la bicicleta el\u00e8ctrica <em>Rockrider ebike ST 500 V2 27,5<\/em> el divendres 14 de gener a l&#8217;Ajuntament de Castell\u00f3. Reciplasa emetr\u00e0 en directe per les seues xarxes socials la realitzaci\u00f3 del sorteig. Tamb\u00e9 anunciar\u00e0 el n\u00famero del guanyador per a tots els usuaris que no puguen seguir el directe.<\/p>\n<p>Els participants s\u00f3n totes les persones que hagen usat l&#8217;ecoparc m\u00f2bil entre juliol i desembre de 2021. A totes elles, se&#8217;ls entregava un paper amb un n\u00famero que hauran de presentar per a reclamar el seu premi, en el cas de tindre la xifra afortunada.<\/p>\n<p>La bicicleta de muntanya i el\u00e8ctrica est\u00e0 valorada en 1.300 euros. Compta amb motor de 42 Nm a 250 W i una autonomia de 2.30 h de mitjana en BTT esportiva gr\u00e0cies als seus 420 Wh.<\/p>\n","protected":false},"excerpt":{"rendered":"<p>L&#8217;ecoparc m\u00f2bil celebrar\u00e0 el sorteig de la bicicleta el\u00e8ctrica Rockrider ebike ST 500 V2 27,5 el divendres 14 de gener a l&#8217;Ajuntament de Castell\u00f3. Reciplasa emetr\u00e0 en directe per les seues xarxes socials la realitzaci\u00f3 del sorteig. Tamb\u00e9 anunciar\u00e0 el n\u00famero del guanyador per a tots els usuaris que no puguen seguir el directe. ElsDale que hay m\u00e1s &#8230;<\/p>\n","protected":false},"author":3,"featured_media":15082,"comment_status":"closed","ping_status":"closed","sticky":false,"template":"","format":"standard","meta":{"footnotes":""},"categories":[3],"tags":[],"class_list":["post-15077","post","type-post","status-publish","format-standard","has-post-thumbnail","hentry","category-noticias-corporativas"],"yoast_head":"<!-- This site is optimized with the Yoast SEO plugin v27.4 - https:\/\/yoast.com\/product\/yoast-seo-wordpress\/ -->\n<title>L&#039;ecoparc m\u00f2bil celebra el sorteig de la bicicleta el\u00e8ctrica el 14 de gener - RECIPLASA<\/title>\n<meta name=\"robots\" content=\"index, follow, max-snippet:-1, max-image-preview:large, max-video-preview:-1\" \/>\n<link rel=\"canonical\" href=\"https:\/\/www.reciplasa.es\/el-ecoparque-movil-celebra-el-sorteo-de-la-bicicleta-electrica-el-14-de-enero\/\" \/>\n<meta property=\"og:locale\" content=\"en_US\" \/>\n<meta property=\"og:type\" content=\"article\" \/>\n<meta property=\"og:title\" content=\"L&#039;ecoparc m\u00f2bil celebra el sorteig de la bicicleta el\u00e8ctrica el 14 de gener - RECIPLASA\" \/>\n<meta property=\"og:description\" content=\"L&#8217;ecoparc m\u00f2bil celebrar\u00e0 el sorteig de la bicicleta el\u00e8ctrica Rockrider ebike ST 500 V2 27,5 el divendres 14 de gener a l&#8217;Ajuntament de Castell\u00f3. Reciplasa emetr\u00e0 en directe per les seues xarxes socials la realitzaci\u00f3 del sorteig. Tamb\u00e9 anunciar\u00e0 el n\u00famero del guanyador per a tots els usuaris que no puguen seguir el directe. ElsDale que hay m\u00e1s ...\" \/>\n<meta property=\"og:url\" content=\"https:\/\/www.reciplasa.es\/el-ecoparque-movil-celebra-el-sorteo-de-la-bicicleta-electrica-el-14-de-enero\/\" \/>\n<meta property=\"og:site_name\" content=\"RECIPLASA\" \/>\n<meta property=\"article:published_time\" content=\"2022-01-10T12:21:54+00:00\" \/>\n<meta property=\"article:modified_time\" content=\"2022-01-10T12:26:14+00:00\" \/>\n<meta property=\"og:image\" content=\"https:\/\/www.reciplasa.es\/wp-content\/uploads\/2022\/01\/Sorteig-bici-Reciplasa.png\" \/>\n\t<meta property=\"og:image:width\" content=\"2789\" \/>\n\t<meta property=\"og:image:height\" content=\"1714\" \/>\n\t<meta property=\"og:image:type\" content=\"image\/png\" \/>\n<meta name=\"author\" content=\"Cristina Marco\" \/>\n<meta name=\"twitter:card\" content=\"summary_large_image\" \/>\n<meta name=\"twitter:label1\" content=\"Written by\" \/>\n\t<meta name=\"twitter:data1\" content=\"Cristina Marco\" \/>\n\t<meta name=\"twitter:label2\" content=\"Est. reading time\" \/>\n\t<meta name=\"twitter:data2\" content=\"1 minute\" \/>\n<script type=\"application\/ld+json\" class=\"yoast-schema-graph\">{\"@context\":\"https:\\\/\\\/schema.org\",\"@graph\":[{\"@type\":\"Article\",\"@id\":\"https:\\\/\\\/www.reciplasa.es\\\/el-ecoparque-movil-celebra-el-sorteo-de-la-bicicleta-electrica-el-14-de-enero\\\/#article\",\"isPartOf\":{\"@id\":\"https:\\\/\\\/www.reciplasa.es\\\/el-ecoparque-movil-celebra-el-sorteo-de-la-bicicleta-electrica-el-14-de-enero\\\/\"},\"author\":{\"name\":\"Cristina Marco\",\"@id\":\"https:\\\/\\\/www.reciplasa.es\\\/#\\\/schema\\\/person\\\/608ffc094e3c56d49e6c6ec8f1ea0e82\"},\"headline\":\"L&#8217;ecoparc m\u00f2bil celebra el sorteig de la bicicleta el\u00e8ctrica el 14 de gener\",\"datePublished\":\"2022-01-10T12:21:54+00:00\",\"dateModified\":\"2022-01-10T12:26:14+00:00\",\"mainEntityOfPage\":{\"@id\":\"https:\\\/\\\/www.reciplasa.es\\\/el-ecoparque-movil-celebra-el-sorteo-de-la-bicicleta-electrica-el-14-de-enero\\\/\"},\"wordCount\":153,\"image\":{\"@id\":\"https:\\\/\\\/www.reciplasa.es\\\/el-ecoparque-movil-celebra-el-sorteo-de-la-bicicleta-electrica-el-14-de-enero\\\/#primaryimage\"},\"thumbnailUrl\":\"https:\\\/\\\/www.reciplasa.es\\\/wp-content\\\/uploads\\\/2022\\\/01\\\/Sorteig-bici-Reciplasa.png\",\"articleSection\":[\"Noticias corporativas\"],\"inLanguage\":\"va-VA\"},{\"@type\":\"WebPage\",\"@id\":\"https:\\\/\\\/www.reciplasa.es\\\/el-ecoparque-movil-celebra-el-sorteo-de-la-bicicleta-electrica-el-14-de-enero\\\/\",\"url\":\"https:\\\/\\\/www.reciplasa.es\\\/el-ecoparque-movil-celebra-el-sorteo-de-la-bicicleta-electrica-el-14-de-enero\\\/\",\"name\":\"L'ecoparc m\u00f2bil celebra el sorteig de la bicicleta el\u00e8ctrica el 14 de gener - RECIPLASA\",\"isPartOf\":{\"@id\":\"https:\\\/\\\/www.reciplasa.es\\\/#website\"},\"primaryImageOfPage\":{\"@id\":\"https:\\\/\\\/www.reciplasa.es\\\/el-ecoparque-movil-celebra-el-sorteo-de-la-bicicleta-electrica-el-14-de-enero\\\/#primaryimage\"},\"image\":{\"@id\":\"https:\\\/\\\/www.reciplasa.es\\\/el-ecoparque-movil-celebra-el-sorteo-de-la-bicicleta-electrica-el-14-de-enero\\\/#primaryimage\"},\"thumbnailUrl\":\"https:\\\/\\\/www.reciplasa.es\\\/wp-content\\\/uploads\\\/2022\\\/01\\\/Sorteig-bici-Reciplasa.png\",\"datePublished\":\"2022-01-10T12:21:54+00:00\",\"dateModified\":\"2022-01-10T12:26:14+00:00\",\"author\":{\"@id\":\"https:\\\/\\\/www.reciplasa.es\\\/#\\\/schema\\\/person\\\/608ffc094e3c56d49e6c6ec8f1ea0e82\"},\"breadcrumb\":{\"@id\":\"https:\\\/\\\/www.reciplasa.es\\\/el-ecoparque-movil-celebra-el-sorteo-de-la-bicicleta-electrica-el-14-de-enero\\\/#breadcrumb\"},\"inLanguage\":\"va-VA\",\"potentialAction\":[{\"@type\":\"ReadAction\",\"target\":[\"https:\\\/\\\/www.reciplasa.es\\\/el-ecoparque-movil-celebra-el-sorteo-de-la-bicicleta-electrica-el-14-de-enero\\\/\"]}]},{\"@type\":\"ImageObject\",\"inLanguage\":\"va-VA\",\"@id\":\"https:\\\/\\\/www.reciplasa.es\\\/el-ecoparque-movil-celebra-el-sorteo-de-la-bicicleta-electrica-el-14-de-enero\\\/#primaryimage\",\"url\":\"https:\\\/\\\/www.reciplasa.es\\\/wp-content\\\/uploads\\\/2022\\\/01\\\/Sorteig-bici-Reciplasa.png\",\"contentUrl\":\"https:\\\/\\\/www.reciplasa.es\\\/wp-content\\\/uploads\\\/2022\\\/01\\\/Sorteig-bici-Reciplasa.png\",\"width\":2789,\"height\":1714},{\"@type\":\"BreadcrumbList\",\"@id\":\"https:\\\/\\\/www.reciplasa.es\\\/el-ecoparque-movil-celebra-el-sorteo-de-la-bicicleta-electrica-el-14-de-enero\\\/#breadcrumb\",\"itemListElement\":[{\"@type\":\"ListItem\",\"position\":1,\"name\":\"Portada\",\"item\":\"https:\\\/\\\/www.reciplasa.es\\\/va\\\/\"},{\"@type\":\"ListItem\",\"position\":2,\"name\":\"L&#8217;ecoparc m\u00f2bil celebra el sorteig de la bicicleta el\u00e8ctrica el 14 de gener\"}]},{\"@type\":\"WebSite\",\"@id\":\"https:\\\/\\\/www.reciplasa.es\\\/#website\",\"url\":\"https:\\\/\\\/www.reciplasa.es\\\/\",\"name\":\"RECIPLASA\",\"description\":\"Reciclats de Residus La Plana SA\",\"potentialAction\":[{\"@type\":\"SearchAction\",\"target\":{\"@type\":\"EntryPoint\",\"urlTemplate\":\"https:\\\/\\\/www.reciplasa.es\\\/?s={search_term_string}\"},\"query-input\":{\"@type\":\"PropertyValueSpecification\",\"valueRequired\":true,\"valueName\":\"search_term_string\"}}],\"inLanguage\":\"va-VA\"},{\"@type\":\"Person\",\"@id\":\"https:\\\/\\\/www.reciplasa.es\\\/#\\\/schema\\\/person\\\/608ffc094e3c56d49e6c6ec8f1ea0e82\",\"name\":\"Cristina Marco\",\"image\":{\"@type\":\"ImageObject\",\"inLanguage\":\"va-VA\",\"@id\":\"https:\\\/\\\/secure.gravatar.com\\\/avatar\\\/6da7e00dc41d26d3c4245f3b2d70d687293df0dfc18f03719354383f7be4f34b?s=96&d=mm&r=g\",\"url\":\"https:\\\/\\\/secure.gravatar.com\\\/avatar\\\/6da7e00dc41d26d3c4245f3b2d70d687293df0dfc18f03719354383f7be4f34b?s=96&d=mm&r=g\",\"contentUrl\":\"https:\\\/\\\/secure.gravatar.com\\\/avatar\\\/6da7e00dc41d26d3c4245f3b2d70d687293df0dfc18f03719354383f7be4f34b?s=96&d=mm&r=g\",\"caption\":\"Cristina Marco\"},\"url\":\"https:\\\/\\\/www.reciplasa.es\\\/va\\\/author\\\/cristina\\\/\"}]}<\/script>\n<!-- \/ Yoast SEO plugin. -->","yoast_head_json":{"title":"L'ecoparc m\u00f2bil celebra el sorteig de la bicicleta el\u00e8ctrica el 14 de gener - RECIPLASA","robots":{"index":"index","follow":"follow","max-snippet":"max-snippet:-1","max-image-preview":"max-image-preview:large","max-video-preview":"max-video-preview:-1"},"canonical":"https:\/\/www.reciplasa.es\/el-ecoparque-movil-celebra-el-sorteo-de-la-bicicleta-electrica-el-14-de-enero\/","og_locale":"en_US","og_type":"article","og_title":"L'ecoparc m\u00f2bil celebra el sorteig de la bicicleta el\u00e8ctrica el 14 de gener - RECIPLASA","og_description":"L&#8217;ecoparc m\u00f2bil celebrar\u00e0 el sorteig de la bicicleta el\u00e8ctrica Rockrider ebike ST 500 V2 27,5 el divendres 14 de gener a l&#8217;Ajuntament de Castell\u00f3. Reciplasa emetr\u00e0 en directe per les seues xarxes socials la realitzaci\u00f3 del sorteig. Tamb\u00e9 anunciar\u00e0 el n\u00famero del guanyador per a tots els usuaris que no puguen seguir el directe. ElsDale que hay m\u00e1s ...","og_url":"https:\/\/www.reciplasa.es\/el-ecoparque-movil-celebra-el-sorteo-de-la-bicicleta-electrica-el-14-de-enero\/","og_site_name":"RECIPLASA","article_published_time":"2022-01-10T12:21:54+00:00","article_modified_time":"2022-01-10T12:26:14+00:00","og_image":[{"width":2789,"height":1714,"url":"https:\/\/www.reciplasa.es\/wp-content\/uploads\/2022\/01\/Sorteig-bici-Reciplasa.png","type":"image\/png"}],"author":"Cristina Marco","twitter_card":"summary_large_image","twitter_misc":{"Written by":"Cristina Marco","Est. reading time":"1 minute"},"schema":{"@context":"https:\/\/schema.org","@graph":[{"@type":"Article","@id":"https:\/\/www.reciplasa.es\/el-ecoparque-movil-celebra-el-sorteo-de-la-bicicleta-electrica-el-14-de-enero\/#article","isPartOf":{"@id":"https:\/\/www.reciplasa.es\/el-ecoparque-movil-celebra-el-sorteo-de-la-bicicleta-electrica-el-14-de-enero\/"},"author":{"name":"Cristina Marco","@id":"https:\/\/www.reciplasa.es\/#\/schema\/person\/608ffc094e3c56d49e6c6ec8f1ea0e82"},"headline":"L&#8217;ecoparc m\u00f2bil celebra el sorteig de la bicicleta el\u00e8ctrica el 14 de gener","datePublished":"2022-01-10T12:21:54+00:00","dateModified":"2022-01-10T12:26:14+00:00","mainEntityOfPage":{"@id":"https:\/\/www.reciplasa.es\/el-ecoparque-movil-celebra-el-sorteo-de-la-bicicleta-electrica-el-14-de-enero\/"},"wordCount":153,"image":{"@id":"https:\/\/www.reciplasa.es\/el-ecoparque-movil-celebra-el-sorteo-de-la-bicicleta-electrica-el-14-de-enero\/#primaryimage"},"thumbnailUrl":"https:\/\/www.reciplasa.es\/wp-content\/uploads\/2022\/01\/Sorteig-bici-Reciplasa.png","articleSection":["Noticias corporativas"],"inLanguage":"va-VA"},{"@type":"WebPage","@id":"https:\/\/www.reciplasa.es\/el-ecoparque-movil-celebra-el-sorteo-de-la-bicicleta-electrica-el-14-de-enero\/","url":"https:\/\/www.reciplasa.es\/el-ecoparque-movil-celebra-el-sorteo-de-la-bicicleta-electrica-el-14-de-enero\/","name":"L'ecoparc m\u00f2bil celebra el sorteig de la bicicleta el\u00e8ctrica el 14 de gener - RECIPLASA","isPartOf":{"@id":"https:\/\/www.reciplasa.es\/#website"},"primaryImageOfPage":{"@id":"https:\/\/www.reciplasa.es\/el-ecoparque-movil-celebra-el-sorteo-de-la-bicicleta-electrica-el-14-de-enero\/#primaryimage"},"image":{"@id":"https:\/\/www.reciplasa.es\/el-ecoparque-movil-celebra-el-sorteo-de-la-bicicleta-electrica-el-14-de-enero\/#primaryimage"},"thumbnailUrl":"https:\/\/www.reciplasa.es\/wp-content\/uploads\/2022\/01\/Sorteig-bici-Reciplasa.png","datePublished":"2022-01-10T12:21:54+00:00","dateModified":"2022-01-10T12:26:14+00:00","author":{"@id":"https:\/\/www.reciplasa.es\/#\/schema\/person\/608ffc094e3c56d49e6c6ec8f1ea0e82"},"breadcrumb":{"@id":"https:\/\/www.reciplasa.es\/el-ecoparque-movil-celebra-el-sorteo-de-la-bicicleta-electrica-el-14-de-enero\/#breadcrumb"},"inLanguage":"va-VA","potentialAction":[{"@type":"ReadAction","target":["https:\/\/www.reciplasa.es\/el-ecoparque-movil-celebra-el-sorteo-de-la-bicicleta-electrica-el-14-de-enero\/"]}]},{"@type":"ImageObject","inLanguage":"va-VA","@id":"https:\/\/www.reciplasa.es\/el-ecoparque-movil-celebra-el-sorteo-de-la-bicicleta-electrica-el-14-de-enero\/#primaryimage","url":"https:\/\/www.reciplasa.es\/wp-content\/uploads\/2022\/01\/Sorteig-bici-Reciplasa.png","contentUrl":"https:\/\/www.reciplasa.es\/wp-content\/uploads\/2022\/01\/Sorteig-bici-Reciplasa.png","width":2789,"height":1714},{"@type":"BreadcrumbList","@id":"https:\/\/www.reciplasa.es\/el-ecoparque-movil-celebra-el-sorteo-de-la-bicicleta-electrica-el-14-de-enero\/#breadcrumb","itemListElement":[{"@type":"ListItem","position":1,"name":"Portada","item":"https:\/\/www.reciplasa.es\/va\/"},{"@type":"ListItem","position":2,"name":"L&#8217;ecoparc m\u00f2bil celebra el sorteig de la bicicleta el\u00e8ctrica el 14 de gener"}]},{"@type":"WebSite","@id":"https:\/\/www.reciplasa.es\/#website","url":"https:\/\/www.reciplasa.es\/","name":"RECIPLASA","description":"Reciclats de Residus La Plana SA","potentialAction":[{"@type":"SearchAction","target":{"@type":"EntryPoint","urlTemplate":"https:\/\/www.reciplasa.es\/?s={search_term_string}"},"query-input":{"@type":"PropertyValueSpecification","valueRequired":true,"valueName":"search_term_string"}}],"inLanguage":"va-VA"},{"@type":"Person","@id":"https:\/\/www.reciplasa.es\/#\/schema\/person\/608ffc094e3c56d49e6c6ec8f1ea0e82","name":"Cristina Marco","image":{"@type":"ImageObject","inLanguage":"va-VA","@id":"https:\/\/secure.gravatar.com\/avatar\/6da7e00dc41d26d3c4245f3b2d70d687293df0dfc18f03719354383f7be4f34b?s=96&d=mm&r=g","url":"https:\/\/secure.gravatar.com\/avatar\/6da7e00dc41d26d3c4245f3b2d70d687293df0dfc18f03719354383f7be4f34b?s=96&d=mm&r=g","contentUrl":"https:\/\/secure.gravatar.com\/avatar\/6da7e00dc41d26d3c4245f3b2d70d687293df0dfc18f03719354383f7be4f34b?s=96&d=mm&r=g","caption":"Cristina Marco"},"url":"https:\/\/www.reciplasa.es\/va\/author\/cristina\/"}]}},"_links":{"self":[{"href":"https:\/\/www.reciplasa.es\/va\/wp-json\/wp\/v2\/posts\/15077","targetHints":{"allow":["GET"]}}],"collection":[{"href":"https:\/\/www.reciplasa.es\/va\/wp-json\/wp\/v2\/posts"}],"about":[{"href":"https:\/\/www.reciplasa.es\/va\/wp-json\/wp\/v2\/types\/post"}],"author":[{"embeddable":true,"href":"https:\/\/www.reciplasa.es\/va\/wp-json\/wp\/v2\/users\/3"}],"replies":[{"embeddable":true,"href":"https:\/\/www.reciplasa.es\/va\/wp-json\/wp\/v2\/comments?post=15077"}],"version-history":[{"count":6,"href":"https:\/\/www.reciplasa.es\/va\/wp-json\/wp\/v2\/posts\/15077\/revisions"}],"predecessor-version":[{"id":15086,"href":"https:\/\/www.reciplasa.es\/va\/wp-json\/wp\/v2\/posts\/15077\/revisions\/15086"}],"wp:featuredmedia":[{"embeddable":true,"href":"https:\/\/www.reciplasa.es\/va\/wp-json\/wp\/v2\/media\/15082"}],"wp:attachment":[{"href":"https:\/\/www.reciplasa.es\/va\/wp-json\/wp\/v2\/media?parent=15077"}],"wp:term":[{"taxonomy":"category","embeddable":true,"href":"https:\/\/www.reciplasa.es\/va\/wp-json\/wp\/v2\/categories?post=15077"},{"taxonomy":"post_tag","embeddable":true,"href":"https:\/\/www.reciplasa.es\/va\/wp-json\/wp\/v2\/tags?post=15077"}],"curies":[{"name":"wp","href":"https:\/\/api.w.org\/{rel}","templated":true}]}}