{"id":15180,"date":"2022-02-16T10:17:51","date_gmt":"2022-02-16T10:17:51","guid":{"rendered":"https:\/\/www.reciplasa.es\/?p=15180\/"},"modified":"2022-02-16T10:18:21","modified_gmt":"2022-02-16T10:18:21","slug":"lecoparc-mobil-de-reciplasa-aconseguix-reciclar-17-982-kg-de-residus-en-els-seus-primers-sis-mesos","status":"publish","type":"post","link":"https:\/\/www.reciplasa.es\/va\/lecoparc-mobil-de-reciplasa-aconseguix-reciclar-17-982-kg-de-residus-en-els-seus-primers-sis-mesos\/","title":{"rendered":"L\u2019ecoparc m\u00f2bil de Reciplasa aconseguix reciclar 17.982 kg de residus en els seus primers sis mesos"},"content":{"rendered":"<h5><em><span style=\"font-weight: 400;\"> L\u2019ecoparc visita 45 municipis de la zona centre de la prov\u00edncia de Castell\u00f3 on els principals residus arreplegats han sigut aparells el\u00e8ctrics i electr\u00f2nics <\/span><\/em><\/h5>\n<p class=\"p1\">L\u2019ecoparc m\u00f2bil de Reciplasa aconseguix reciclar 17.982 kg de residus en els seus primers sis mesos en funcionament. Els objectes que m\u00e9s s\u2019han arreplegat s\u00f3n aparells el\u00e8ctrics i electr\u00f2nics, monitors, ferralla i metalls. El president de Reciplasa, Ignasi Garcia, explica que el motiu de la posada en marxa d\u2019este servei \u00e9s \u201cassegurar que la poblaci\u00f3 de xicotets municipis tamb\u00e9 puguen desfer-se adequadament dels seus aparells sense que hagen de traslladar-se a altres municipis amb ecoparc fixe. Per aix\u00f2, l\u2019ecoparc visita 45 municipis de la zona centre de la prov\u00edncia de Castell\u00f3\u201d.<\/p>\n<p><img loading=\"lazy\" decoding=\"async\" class=\"aligncenter size-large wp-image-15178\" src=\"https:\/\/www.reciplasa.es\/wp-content\/uploads\/2022\/02\/Dades-ecoparc-2-1024x1024.png\" alt=\"\" width=\"800\" height=\"800\" srcset=\"https:\/\/www.reciplasa.es\/wp-content\/uploads\/2022\/02\/Dades-ecoparc-2-1024x1024.png 1024w, https:\/\/www.reciplasa.es\/wp-content\/uploads\/2022\/02\/Dades-ecoparc-2-300x300.png 300w, https:\/\/www.reciplasa.es\/wp-content\/uploads\/2022\/02\/Dades-ecoparc-2-150x150.png 150w, https:\/\/www.reciplasa.es\/wp-content\/uploads\/2022\/02\/Dades-ecoparc-2-768x768.png 768w, https:\/\/www.reciplasa.es\/wp-content\/uploads\/2022\/02\/Dades-ecoparc-2-95x95.png 95w, https:\/\/www.reciplasa.es\/wp-content\/uploads\/2022\/02\/Dades-ecoparc-2-275x275.png 275w, https:\/\/www.reciplasa.es\/wp-content\/uploads\/2022\/02\/Dades-ecoparc-2.png 1080w\" sizes=\"auto, (max-width: 800px) 100vw, 800px\" \/><\/p>\n<p class=\"p1\">ls municipis que m\u00e9s residus han aportat s\u00f3n Betx\u00ed amb 2.625 kg, Atzeneta del Maestrat 1.632 i Benic\u00e0ssim amb 1.394 kg. Als que han assistit m\u00e9s persones s\u00f3n Betx\u00ed, Benic\u00e0ssim i Borriana amb 518, 257 i 119 respectivament. Per\u00f2, atenint a la r\u00e0tio d\u2019assistents en funci\u00f3 de la seua poblaci\u00f3 total, les localitats que han aportat m\u00e9s a l&#8217;ecoparc s\u00f3n Toga, Espadilla i Torrechiva.<\/p>\n<p class=\"p1\">Garcia es mostra content amb \u201cla resposta per part de la ciutadania. A\u00e7\u00f2 demostra que era un servei que necessitaven i incentiva la separaci\u00f3 en origen. Vol\u00edem facilitar este proc\u00e9s a les persones\u201d i espera que \u201ccontinue el bon funcionament i continue creixent el seu \u00fas en els pr\u00f2xims mesos\u201d.<\/p>\n<p><img loading=\"lazy\" decoding=\"async\" class=\"aligncenter size-large wp-image-15177\" src=\"https:\/\/www.reciplasa.es\/wp-content\/uploads\/2022\/02\/ecoparc-mobil-presentacion_13-1024x678.jpg\" alt=\"\" width=\"800\" height=\"530\" srcset=\"https:\/\/www.reciplasa.es\/wp-content\/uploads\/2022\/02\/ecoparc-mobil-presentacion_13-1024x678.jpg 1024w, https:\/\/www.reciplasa.es\/wp-content\/uploads\/2022\/02\/ecoparc-mobil-presentacion_13-300x199.jpg 300w, https:\/\/www.reciplasa.es\/wp-content\/uploads\/2022\/02\/ecoparc-mobil-presentacion_13-768x509.jpg 768w, https:\/\/www.reciplasa.es\/wp-content\/uploads\/2022\/02\/ecoparc-mobil-presentacion_13-1536x1017.jpg 1536w, https:\/\/www.reciplasa.es\/wp-content\/uploads\/2022\/02\/ecoparc-mobil-presentacion_13-2048x1356.jpg 2048w\" sizes=\"auto, (max-width: 800px) 100vw, 800px\" \/><\/p>\n<p class=\"p1\">L\u2019ecoparc recull piles esgotades, oli brut, bateries, llums, pintura, t\u00f2ners d\u2019impressora, aparells electr\u00f2nics i la resta de residus que no van als contenidors habituals. Els usuaris poden consultar<a href=\"https:\/\/www.reciplasa.es\/wp-content\/uploads\/2013\/12\/Calendario-ecomovil-Reciplasa.pdf\"> l\u2019horari en la p\u00e0gina web de Reciplasa<\/a>.<\/p>\n","protected":false},"excerpt":{"rendered":"<p>L\u2019ecoparc visita 45 municipis de la zona centre de la prov\u00edncia de Castell\u00f3 on els principals residus arreplegats han sigut aparells el\u00e8ctrics i electr\u00f2nics L\u2019ecoparc m\u00f2bil de Reciplasa aconseguix reciclar 17.982 kg de residus en els seus primers sis mesos en funcionament. Els objectes que m\u00e9s s\u2019han arreplegat s\u00f3n aparells el\u00e8ctrics i electr\u00f2nics, monitors, ferrallaDale que hay m\u00e1s &#8230;<\/p>\n","protected":false},"author":3,"featured_media":15176,"comment_status":"closed","ping_status":"closed","sticky":false,"template":"","format":"standard","meta":{"footnotes":""},"categories":[87],"tags":[],"class_list":["post-15180","post","type-post","status-publish","format-standard","has-post-thumbnail","hentry","category-noticies-corporatives"],"yoast_head":"<!-- This site is optimized with the Yoast SEO plugin v27.4 - https:\/\/yoast.com\/product\/yoast-seo-wordpress\/ -->\n<title>L\u2019ecoparc m\u00f2bil de Reciplasa aconseguix reciclar 17.982 kg de residus en els seus primers sis mesos - RECIPLASA<\/title>\n<meta name=\"robots\" content=\"index, follow, max-snippet:-1, max-image-preview:large, max-video-preview:-1\" \/>\n<link rel=\"canonical\" href=\"https:\/\/www.reciplasa.es\/el-ecoparque-movil-de-reciplasa-consigue-reciclar-17-982-kg-de-residuos-en-sus-primeros-seis-meses\/\" \/>\n<meta property=\"og:locale\" content=\"en_US\" \/>\n<meta property=\"og:type\" content=\"article\" \/>\n<meta property=\"og:title\" content=\"L\u2019ecoparc m\u00f2bil de Reciplasa aconseguix reciclar 17.982 kg de residus en els seus primers sis mesos - RECIPLASA\" \/>\n<meta property=\"og:description\" content=\"L\u2019ecoparc visita 45 municipis de la zona centre de la prov\u00edncia de Castell\u00f3 on els principals residus arreplegats han sigut aparells el\u00e8ctrics i electr\u00f2nics L\u2019ecoparc m\u00f2bil de Reciplasa aconseguix reciclar 17.982 kg de residus en els seus primers sis mesos en funcionament. Els objectes que m\u00e9s s\u2019han arreplegat s\u00f3n aparells el\u00e8ctrics i electr\u00f2nics, monitors, ferrallaDale que hay m\u00e1s ...\" \/>\n<meta property=\"og:url\" content=\"https:\/\/www.reciplasa.es\/el-ecoparque-movil-de-reciplasa-consigue-reciclar-17-982-kg-de-residuos-en-sus-primeros-seis-meses\/\" \/>\n<meta property=\"og:site_name\" content=\"RECIPLASA\" \/>\n<meta property=\"article:published_time\" content=\"2022-02-16T10:17:51+00:00\" \/>\n<meta property=\"article:modified_time\" content=\"2022-02-16T10:18:21+00:00\" \/>\n<meta property=\"og:image\" content=\"https:\/\/www.reciplasa.es\/wp-content\/uploads\/2022\/02\/Ecoparc-mo\u0300bil-scaled.jpg\" \/>\n\t<meta property=\"og:image:width\" content=\"2560\" \/>\n\t<meta property=\"og:image:height\" content=\"1696\" \/>\n\t<meta property=\"og:image:type\" content=\"image\/jpeg\" \/>\n<meta name=\"author\" content=\"Cristina Marco\" \/>\n<meta name=\"twitter:card\" content=\"summary_large_image\" \/>\n<meta name=\"twitter:label1\" content=\"Written by\" \/>\n\t<meta name=\"twitter:data1\" content=\"Cristina Marco\" \/>\n\t<meta name=\"twitter:label2\" content=\"Est. reading time\" \/>\n\t<meta name=\"twitter:data2\" content=\"2 minutes\" \/>\n<script type=\"application\/ld+json\" class=\"yoast-schema-graph\">{\"@context\":\"https:\\\/\\\/schema.org\",\"@graph\":[{\"@type\":\"Article\",\"@id\":\"https:\\\/\\\/www.reciplasa.es\\\/el-ecoparque-movil-de-reciplasa-consigue-reciclar-17-982-kg-de-residuos-en-sus-primeros-seis-meses\\\/#article\",\"isPartOf\":{\"@id\":\"https:\\\/\\\/www.reciplasa.es\\\/el-ecoparque-movil-de-reciplasa-consigue-reciclar-17-982-kg-de-residuos-en-sus-primeros-seis-meses\\\/\"},\"author\":{\"name\":\"Cristina Marco\",\"@id\":\"https:\\\/\\\/www.reciplasa.es\\\/#\\\/schema\\\/person\\\/608ffc094e3c56d49e6c6ec8f1ea0e82\"},\"headline\":\"L\u2019ecoparc m\u00f2bil de Reciplasa aconseguix reciclar 17.982 kg de residus en els seus primers sis mesos\",\"datePublished\":\"2022-02-16T10:17:51+00:00\",\"dateModified\":\"2022-02-16T10:18:21+00:00\",\"mainEntityOfPage\":{\"@id\":\"https:\\\/\\\/www.reciplasa.es\\\/el-ecoparque-movil-de-reciplasa-consigue-reciclar-17-982-kg-de-residuos-en-sus-primeros-seis-meses\\\/\"},\"wordCount\":306,\"image\":{\"@id\":\"https:\\\/\\\/www.reciplasa.es\\\/el-ecoparque-movil-de-reciplasa-consigue-reciclar-17-982-kg-de-residuos-en-sus-primeros-seis-meses\\\/#primaryimage\"},\"thumbnailUrl\":\"https:\\\/\\\/www.reciplasa.es\\\/wp-content\\\/uploads\\\/2022\\\/02\\\/Ecoparc-mo\u0300bil-scaled.jpg\",\"articleSection\":[\"Not\u00edcies corporatives\"],\"inLanguage\":\"va-VA\"},{\"@type\":\"WebPage\",\"@id\":\"https:\\\/\\\/www.reciplasa.es\\\/el-ecoparque-movil-de-reciplasa-consigue-reciclar-17-982-kg-de-residuos-en-sus-primeros-seis-meses\\\/\",\"url\":\"https:\\\/\\\/www.reciplasa.es\\\/el-ecoparque-movil-de-reciplasa-consigue-reciclar-17-982-kg-de-residuos-en-sus-primeros-seis-meses\\\/\",\"name\":\"L\u2019ecoparc m\u00f2bil de Reciplasa aconseguix reciclar 17.982 kg de residus en els seus primers sis mesos - RECIPLASA\",\"isPartOf\":{\"@id\":\"https:\\\/\\\/www.reciplasa.es\\\/#website\"},\"primaryImageOfPage\":{\"@id\":\"https:\\\/\\\/www.reciplasa.es\\\/el-ecoparque-movil-de-reciplasa-consigue-reciclar-17-982-kg-de-residuos-en-sus-primeros-seis-meses\\\/#primaryimage\"},\"image\":{\"@id\":\"https:\\\/\\\/www.reciplasa.es\\\/el-ecoparque-movil-de-reciplasa-consigue-reciclar-17-982-kg-de-residuos-en-sus-primeros-seis-meses\\\/#primaryimage\"},\"thumbnailUrl\":\"https:\\\/\\\/www.reciplasa.es\\\/wp-content\\\/uploads\\\/2022\\\/02\\\/Ecoparc-mo\u0300bil-scaled.jpg\",\"datePublished\":\"2022-02-16T10:17:51+00:00\",\"dateModified\":\"2022-02-16T10:18:21+00:00\",\"author\":{\"@id\":\"https:\\\/\\\/www.reciplasa.es\\\/#\\\/schema\\\/person\\\/608ffc094e3c56d49e6c6ec8f1ea0e82\"},\"breadcrumb\":{\"@id\":\"https:\\\/\\\/www.reciplasa.es\\\/el-ecoparque-movil-de-reciplasa-consigue-reciclar-17-982-kg-de-residuos-en-sus-primeros-seis-meses\\\/#breadcrumb\"},\"inLanguage\":\"va-VA\",\"potentialAction\":[{\"@type\":\"ReadAction\",\"target\":[\"https:\\\/\\\/www.reciplasa.es\\\/el-ecoparque-movil-de-reciplasa-consigue-reciclar-17-982-kg-de-residuos-en-sus-primeros-seis-meses\\\/\"]}]},{\"@type\":\"ImageObject\",\"inLanguage\":\"va-VA\",\"@id\":\"https:\\\/\\\/www.reciplasa.es\\\/el-ecoparque-movil-de-reciplasa-consigue-reciclar-17-982-kg-de-residuos-en-sus-primeros-seis-meses\\\/#primaryimage\",\"url\":\"https:\\\/\\\/www.reciplasa.es\\\/wp-content\\\/uploads\\\/2022\\\/02\\\/Ecoparc-mo\u0300bil-scaled.jpg\",\"contentUrl\":\"https:\\\/\\\/www.reciplasa.es\\\/wp-content\\\/uploads\\\/2022\\\/02\\\/Ecoparc-mo\u0300bil-scaled.jpg\",\"width\":2560,\"height\":1696},{\"@type\":\"BreadcrumbList\",\"@id\":\"https:\\\/\\\/www.reciplasa.es\\\/el-ecoparque-movil-de-reciplasa-consigue-reciclar-17-982-kg-de-residuos-en-sus-primeros-seis-meses\\\/#breadcrumb\",\"itemListElement\":[{\"@type\":\"ListItem\",\"position\":1,\"name\":\"Portada\",\"item\":\"https:\\\/\\\/www.reciplasa.es\\\/va\\\/\"},{\"@type\":\"ListItem\",\"position\":2,\"name\":\"L\u2019ecoparc m\u00f2bil de Reciplasa aconseguix reciclar 17.982 kg de residus en els seus primers sis mesos\"}]},{\"@type\":\"WebSite\",\"@id\":\"https:\\\/\\\/www.reciplasa.es\\\/#website\",\"url\":\"https:\\\/\\\/www.reciplasa.es\\\/\",\"name\":\"RECIPLASA\",\"description\":\"Reciclats de Residus La Plana SA\",\"potentialAction\":[{\"@type\":\"SearchAction\",\"target\":{\"@type\":\"EntryPoint\",\"urlTemplate\":\"https:\\\/\\\/www.reciplasa.es\\\/?s={search_term_string}\"},\"query-input\":{\"@type\":\"PropertyValueSpecification\",\"valueRequired\":true,\"valueName\":\"search_term_string\"}}],\"inLanguage\":\"va-VA\"},{\"@type\":\"Person\",\"@id\":\"https:\\\/\\\/www.reciplasa.es\\\/#\\\/schema\\\/person\\\/608ffc094e3c56d49e6c6ec8f1ea0e82\",\"name\":\"Cristina Marco\",\"image\":{\"@type\":\"ImageObject\",\"inLanguage\":\"va-VA\",\"@id\":\"https:\\\/\\\/secure.gravatar.com\\\/avatar\\\/6da7e00dc41d26d3c4245f3b2d70d687293df0dfc18f03719354383f7be4f34b?s=96&d=mm&r=g\",\"url\":\"https:\\\/\\\/secure.gravatar.com\\\/avatar\\\/6da7e00dc41d26d3c4245f3b2d70d687293df0dfc18f03719354383f7be4f34b?s=96&d=mm&r=g\",\"contentUrl\":\"https:\\\/\\\/secure.gravatar.com\\\/avatar\\\/6da7e00dc41d26d3c4245f3b2d70d687293df0dfc18f03719354383f7be4f34b?s=96&d=mm&r=g\",\"caption\":\"Cristina Marco\"},\"url\":\"https:\\\/\\\/www.reciplasa.es\\\/va\\\/author\\\/cristina\\\/\"}]}<\/script>\n<!-- \/ Yoast SEO plugin. -->","yoast_head_json":{"title":"L\u2019ecoparc m\u00f2bil de Reciplasa aconseguix reciclar 17.982 kg de residus en els seus primers sis mesos - RECIPLASA","robots":{"index":"index","follow":"follow","max-snippet":"max-snippet:-1","max-image-preview":"max-image-preview:large","max-video-preview":"max-video-preview:-1"},"canonical":"https:\/\/www.reciplasa.es\/el-ecoparque-movil-de-reciplasa-consigue-reciclar-17-982-kg-de-residuos-en-sus-primeros-seis-meses\/","og_locale":"en_US","og_type":"article","og_title":"L\u2019ecoparc m\u00f2bil de Reciplasa aconseguix reciclar 17.982 kg de residus en els seus primers sis mesos - RECIPLASA","og_description":"L\u2019ecoparc visita 45 municipis de la zona centre de la prov\u00edncia de Castell\u00f3 on els principals residus arreplegats han sigut aparells el\u00e8ctrics i electr\u00f2nics L\u2019ecoparc m\u00f2bil de Reciplasa aconseguix reciclar 17.982 kg de residus en els seus primers sis mesos en funcionament. Els objectes que m\u00e9s s\u2019han arreplegat s\u00f3n aparells el\u00e8ctrics i electr\u00f2nics, monitors, ferrallaDale que hay m\u00e1s ...","og_url":"https:\/\/www.reciplasa.es\/el-ecoparque-movil-de-reciplasa-consigue-reciclar-17-982-kg-de-residuos-en-sus-primeros-seis-meses\/","og_site_name":"RECIPLASA","article_published_time":"2022-02-16T10:17:51+00:00","article_modified_time":"2022-02-16T10:18:21+00:00","og_image":[{"width":2560,"height":1696,"url":"https:\/\/www.reciplasa.es\/wp-content\/uploads\/2022\/02\/Ecoparc-mo\u0300bil-scaled.jpg","type":"image\/jpeg"}],"author":"Cristina Marco","twitter_card":"summary_large_image","twitter_misc":{"Written by":"Cristina Marco","Est. reading time":"2 minutes"},"schema":{"@context":"https:\/\/schema.org","@graph":[{"@type":"Article","@id":"https:\/\/www.reciplasa.es\/el-ecoparque-movil-de-reciplasa-consigue-reciclar-17-982-kg-de-residuos-en-sus-primeros-seis-meses\/#article","isPartOf":{"@id":"https:\/\/www.reciplasa.es\/el-ecoparque-movil-de-reciplasa-consigue-reciclar-17-982-kg-de-residuos-en-sus-primeros-seis-meses\/"},"author":{"name":"Cristina Marco","@id":"https:\/\/www.reciplasa.es\/#\/schema\/person\/608ffc094e3c56d49e6c6ec8f1ea0e82"},"headline":"L\u2019ecoparc m\u00f2bil de Reciplasa aconseguix reciclar 17.982 kg de residus en els seus primers sis mesos","datePublished":"2022-02-16T10:17:51+00:00","dateModified":"2022-02-16T10:18:21+00:00","mainEntityOfPage":{"@id":"https:\/\/www.reciplasa.es\/el-ecoparque-movil-de-reciplasa-consigue-reciclar-17-982-kg-de-residuos-en-sus-primeros-seis-meses\/"},"wordCount":306,"image":{"@id":"https:\/\/www.reciplasa.es\/el-ecoparque-movil-de-reciplasa-consigue-reciclar-17-982-kg-de-residuos-en-sus-primeros-seis-meses\/#primaryimage"},"thumbnailUrl":"https:\/\/www.reciplasa.es\/wp-content\/uploads\/2022\/02\/Ecoparc-mo\u0300bil-scaled.jpg","articleSection":["Not\u00edcies corporatives"],"inLanguage":"va-VA"},{"@type":"WebPage","@id":"https:\/\/www.reciplasa.es\/el-ecoparque-movil-de-reciplasa-consigue-reciclar-17-982-kg-de-residuos-en-sus-primeros-seis-meses\/","url":"https:\/\/www.reciplasa.es\/el-ecoparque-movil-de-reciplasa-consigue-reciclar-17-982-kg-de-residuos-en-sus-primeros-seis-meses\/","name":"L\u2019ecoparc m\u00f2bil de Reciplasa aconseguix reciclar 17.982 kg de residus en els seus primers sis mesos - RECIPLASA","isPartOf":{"@id":"https:\/\/www.reciplasa.es\/#website"},"primaryImageOfPage":{"@id":"https:\/\/www.reciplasa.es\/el-ecoparque-movil-de-reciplasa-consigue-reciclar-17-982-kg-de-residuos-en-sus-primeros-seis-meses\/#primaryimage"},"image":{"@id":"https:\/\/www.reciplasa.es\/el-ecoparque-movil-de-reciplasa-consigue-reciclar-17-982-kg-de-residuos-en-sus-primeros-seis-meses\/#primaryimage"},"thumbnailUrl":"https:\/\/www.reciplasa.es\/wp-content\/uploads\/2022\/02\/Ecoparc-mo\u0300bil-scaled.jpg","datePublished":"2022-02-16T10:17:51+00:00","dateModified":"2022-02-16T10:18:21+00:00","author":{"@id":"https:\/\/www.reciplasa.es\/#\/schema\/person\/608ffc094e3c56d49e6c6ec8f1ea0e82"},"breadcrumb":{"@id":"https:\/\/www.reciplasa.es\/el-ecoparque-movil-de-reciplasa-consigue-reciclar-17-982-kg-de-residuos-en-sus-primeros-seis-meses\/#breadcrumb"},"inLanguage":"va-VA","potentialAction":[{"@type":"ReadAction","target":["https:\/\/www.reciplasa.es\/el-ecoparque-movil-de-reciplasa-consigue-reciclar-17-982-kg-de-residuos-en-sus-primeros-seis-meses\/"]}]},{"@type":"ImageObject","inLanguage":"va-VA","@id":"https:\/\/www.reciplasa.es\/el-ecoparque-movil-de-reciplasa-consigue-reciclar-17-982-kg-de-residuos-en-sus-primeros-seis-meses\/#primaryimage","url":"https:\/\/www.reciplasa.es\/wp-content\/uploads\/2022\/02\/Ecoparc-mo\u0300bil-scaled.jpg","contentUrl":"https:\/\/www.reciplasa.es\/wp-content\/uploads\/2022\/02\/Ecoparc-mo\u0300bil-scaled.jpg","width":2560,"height":1696},{"@type":"BreadcrumbList","@id":"https:\/\/www.reciplasa.es\/el-ecoparque-movil-de-reciplasa-consigue-reciclar-17-982-kg-de-residuos-en-sus-primeros-seis-meses\/#breadcrumb","itemListElement":[{"@type":"ListItem","position":1,"name":"Portada","item":"https:\/\/www.reciplasa.es\/va\/"},{"@type":"ListItem","position":2,"name":"L\u2019ecoparc m\u00f2bil de Reciplasa aconseguix reciclar 17.982 kg de residus en els seus primers sis mesos"}]},{"@type":"WebSite","@id":"https:\/\/www.reciplasa.es\/#website","url":"https:\/\/www.reciplasa.es\/","name":"RECIPLASA","description":"Reciclats de Residus La Plana SA","potentialAction":[{"@type":"SearchAction","target":{"@type":"EntryPoint","urlTemplate":"https:\/\/www.reciplasa.es\/?s={search_term_string}"},"query-input":{"@type":"PropertyValueSpecification","valueRequired":true,"valueName":"search_term_string"}}],"inLanguage":"va-VA"},{"@type":"Person","@id":"https:\/\/www.reciplasa.es\/#\/schema\/person\/608ffc094e3c56d49e6c6ec8f1ea0e82","name":"Cristina Marco","image":{"@type":"ImageObject","inLanguage":"va-VA","@id":"https:\/\/secure.gravatar.com\/avatar\/6da7e00dc41d26d3c4245f3b2d70d687293df0dfc18f03719354383f7be4f34b?s=96&d=mm&r=g","url":"https:\/\/secure.gravatar.com\/avatar\/6da7e00dc41d26d3c4245f3b2d70d687293df0dfc18f03719354383f7be4f34b?s=96&d=mm&r=g","contentUrl":"https:\/\/secure.gravatar.com\/avatar\/6da7e00dc41d26d3c4245f3b2d70d687293df0dfc18f03719354383f7be4f34b?s=96&d=mm&r=g","caption":"Cristina Marco"},"url":"https:\/\/www.reciplasa.es\/va\/author\/cristina\/"}]}},"_links":{"self":[{"href":"https:\/\/www.reciplasa.es\/va\/wp-json\/wp\/v2\/posts\/15180","targetHints":{"allow":["GET"]}}],"collection":[{"href":"https:\/\/www.reciplasa.es\/va\/wp-json\/wp\/v2\/posts"}],"about":[{"href":"https:\/\/www.reciplasa.es\/va\/wp-json\/wp\/v2\/types\/post"}],"author":[{"embeddable":true,"href":"https:\/\/www.reciplasa.es\/va\/wp-json\/wp\/v2\/users\/3"}],"replies":[{"embeddable":true,"href":"https:\/\/www.reciplasa.es\/va\/wp-json\/wp\/v2\/comments?post=15180"}],"version-history":[{"count":1,"href":"https:\/\/www.reciplasa.es\/va\/wp-json\/wp\/v2\/posts\/15180\/revisions"}],"predecessor-version":[{"id":15181,"href":"https:\/\/www.reciplasa.es\/va\/wp-json\/wp\/v2\/posts\/15180\/revisions\/15181"}],"wp:featuredmedia":[{"embeddable":true,"href":"https:\/\/www.reciplasa.es\/va\/wp-json\/wp\/v2\/media\/15176"}],"wp:attachment":[{"href":"https:\/\/www.reciplasa.es\/va\/wp-json\/wp\/v2\/media?parent=15180"}],"wp:term":[{"taxonomy":"category","embeddable":true,"href":"https:\/\/www.reciplasa.es\/va\/wp-json\/wp\/v2\/categories?post=15180"},{"taxonomy":"post_tag","embeddable":true,"href":"https:\/\/www.reciplasa.es\/va\/wp-json\/wp\/v2\/tags?post=15180"}],"curies":[{"name":"wp","href":"https:\/\/api.w.org\/{rel}","templated":true}]}}