{"id":15291,"date":"2022-05-13T14:57:40","date_gmt":"2022-05-13T14:57:40","guid":{"rendered":"https:\/\/www.reciplasa.es\/?p=15291\/"},"modified":"2023-07-25T14:59:44","modified_gmt":"2023-07-25T14:59:44","slug":"la-catedra-reciplasa-i-la-catedra-ube-uneixen-esforcos-per-organitzar-una-jornada-divulgativa-sobre-els-plastics","status":"publish","type":"post","link":"https:\/\/www.reciplasa.es\/va\/la-catedra-reciplasa-i-la-catedra-ube-uneixen-esforcos-per-organitzar-una-jornada-divulgativa-sobre-els-plastics\/","title":{"rendered":"La C\u00e0tedra Reciplasa i la C\u00e0tedra UBE uneixen esfor\u00e7os per organitzar una jornada divulgativa sobre els pl\u00e0stics."},"content":{"rendered":"<p class=\"p1\">El dia 24 de maig de 2022 es celebrar\u00e0 en el Sal\u00f3 d&#8217;actes de la Facultat de Ci\u00e8ncies de la Salut de la Universitat Jaume I la jornada titulada <b>\u201cAvanzando hacia una gesti\u00f3n sostenible de los materiales pl\u00e1sticos y de sus residuos\u201d<\/b> organitzada conjuntament per la C\u00e0tedra RECIPLASA de Gesti\u00f3 de Residus Urbans i per la C\u00e0tedra d&#8217;UBE de Pl\u00e0stics Sostenibles.<\/p>\n<p class=\"p1\">La Jornada ser\u00e0 gratu\u00efta i estar\u00e0 oberta al p\u00fablic general. S&#8217;abordar\u00e0 la problem\u00e0tica dels pl\u00e0stics en la societat actual, i hi participaran cinc ponents que representen diversos sectors involucrats (fabricant, reciclat, investigaci\u00f3, ecologista). Amb aquesta jornada es pret\u00e9n crear un espai per a la divulgaci\u00f3 del coneixement i pel debat, des d&#8217;un \u00e0mbit multidisciplinari i amb perspectives de futur. Consulta el <a href=\"https:\/\/www.reciplasa.es\/wp-content\/uploads\/2022\/05\/JORNADA-PLASTICOS-24-mayo-2022-vfinal.pdf\">programa de les jornades.<\/a><\/p>\n<p class=\"p1\">Per a m\u00e9s informaci\u00f3, es poden visitar els seg\u00fcents portals web:<\/p>\n<p class=\"p2\"><span class=\"s1\"><a href=\"http:\/\/catedrareciplasa.uji.es\/es\/home-alternativa\/\">http:\/\/catedrareciplasa.uji.es\/<\/a><\/span><\/p>\n<p class=\"p2\"><span class=\"s1\"><a href=\"http:\/\/www.catedraplasticossostenibles.uji.es\">www.catedraplasticossostenibles.uji.es<\/a><\/span><\/p>\n<p>&nbsp;<\/p>\n","protected":false},"excerpt":{"rendered":"<p>El dia 24 de maig de 2022 es celebrar\u00e0 en el Sal\u00f3 d&#8217;actes de la Facultat de Ci\u00e8ncies de la Salut de la Universitat Jaume I la jornada titulada \u201cAvanzando hacia una gesti\u00f3n sostenible de los materiales pl\u00e1sticos y de sus residuos\u201d organitzada conjuntament per la C\u00e0tedra RECIPLASA de Gesti\u00f3 de Residus Urbans i perDale que hay m\u00e1s &#8230;<\/p>\n","protected":false},"author":3,"featured_media":15289,"comment_status":"closed","ping_status":"closed","sticky":false,"template":"","format":"standard","meta":{"footnotes":""},"categories":[88],"tags":[],"class_list":["post-15291","post","type-post","status-publish","format-standard","has-post-thumbnail","hentry","category-catedra-reciplasa-uji"],"yoast_head":"<!-- This site is optimized with the Yoast SEO plugin v27.4 - https:\/\/yoast.com\/product\/yoast-seo-wordpress\/ -->\n<title>La C\u00e0tedra Reciplasa i la C\u00e0tedra UBE uneixen esfor\u00e7os per organitzar una jornada divulgativa sobre els pl\u00e0stics. - RECIPLASA<\/title>\n<meta name=\"robots\" content=\"index, follow, max-snippet:-1, max-image-preview:large, max-video-preview:-1\" \/>\n<link rel=\"canonical\" href=\"https:\/\/www.reciplasa.es\/la-catedra-reciplasa-y-la-catedra-ube-unen-esfuerzos-para-organizar-una-jornada-divulgativa-sobre-los-plasticos\/\" \/>\n<meta property=\"og:locale\" content=\"en_US\" \/>\n<meta property=\"og:type\" content=\"article\" \/>\n<meta property=\"og:title\" content=\"La C\u00e0tedra Reciplasa i la C\u00e0tedra UBE uneixen esfor\u00e7os per organitzar una jornada divulgativa sobre els pl\u00e0stics. - RECIPLASA\" \/>\n<meta property=\"og:description\" content=\"El dia 24 de maig de 2022 es celebrar\u00e0 en el Sal\u00f3 d&#8217;actes de la Facultat de Ci\u00e8ncies de la Salut de la Universitat Jaume I la jornada titulada \u201cAvanzando hacia una gesti\u00f3n sostenible de los materiales pl\u00e1sticos y de sus residuos\u201d organitzada conjuntament per la C\u00e0tedra RECIPLASA de Gesti\u00f3 de Residus Urbans i perDale que hay m\u00e1s ...\" \/>\n<meta property=\"og:url\" content=\"https:\/\/www.reciplasa.es\/la-catedra-reciplasa-y-la-catedra-ube-unen-esfuerzos-para-organizar-una-jornada-divulgativa-sobre-los-plasticos\/\" \/>\n<meta property=\"og:site_name\" content=\"RECIPLASA\" \/>\n<meta property=\"article:published_time\" content=\"2022-05-13T14:57:40+00:00\" \/>\n<meta property=\"article:modified_time\" content=\"2023-07-25T14:59:44+00:00\" \/>\n<meta property=\"og:image\" content=\"https:\/\/www.reciplasa.es\/wp-content\/uploads\/2022\/05\/JORNADA-PLASTICOS-24-mayo-2022-vfinal-scaled.jpg\" \/>\n\t<meta property=\"og:image:width\" content=\"2560\" \/>\n\t<meta property=\"og:image:height\" content=\"1707\" \/>\n\t<meta property=\"og:image:type\" content=\"image\/jpeg\" \/>\n<meta name=\"author\" content=\"Cristina Marco\" \/>\n<meta name=\"twitter:card\" content=\"summary_large_image\" \/>\n<meta name=\"twitter:label1\" content=\"Written by\" \/>\n\t<meta name=\"twitter:data1\" content=\"Cristina Marco\" \/>\n\t<meta name=\"twitter:label2\" content=\"Est. reading time\" \/>\n\t<meta name=\"twitter:data2\" content=\"1 minute\" \/>\n<script type=\"application\/ld+json\" class=\"yoast-schema-graph\">{\"@context\":\"https:\\\/\\\/schema.org\",\"@graph\":[{\"@type\":\"Article\",\"@id\":\"https:\\\/\\\/www.reciplasa.es\\\/la-catedra-reciplasa-y-la-catedra-ube-unen-esfuerzos-para-organizar-una-jornada-divulgativa-sobre-los-plasticos\\\/#article\",\"isPartOf\":{\"@id\":\"https:\\\/\\\/www.reciplasa.es\\\/la-catedra-reciplasa-y-la-catedra-ube-unen-esfuerzos-para-organizar-una-jornada-divulgativa-sobre-los-plasticos\\\/\"},\"author\":{\"name\":\"Cristina Marco\",\"@id\":\"https:\\\/\\\/www.reciplasa.es\\\/#\\\/schema\\\/person\\\/608ffc094e3c56d49e6c6ec8f1ea0e82\"},\"headline\":\"La C\u00e0tedra Reciplasa i la C\u00e0tedra UBE uneixen esfor\u00e7os per organitzar una jornada divulgativa sobre els pl\u00e0stics.\",\"datePublished\":\"2022-05-13T14:57:40+00:00\",\"dateModified\":\"2023-07-25T14:59:44+00:00\",\"mainEntityOfPage\":{\"@id\":\"https:\\\/\\\/www.reciplasa.es\\\/la-catedra-reciplasa-y-la-catedra-ube-unen-esfuerzos-para-organizar-una-jornada-divulgativa-sobre-los-plasticos\\\/\"},\"wordCount\":182,\"image\":{\"@id\":\"https:\\\/\\\/www.reciplasa.es\\\/la-catedra-reciplasa-y-la-catedra-ube-unen-esfuerzos-para-organizar-una-jornada-divulgativa-sobre-los-plasticos\\\/#primaryimage\"},\"thumbnailUrl\":\"https:\\\/\\\/www.reciplasa.es\\\/wp-content\\\/uploads\\\/2022\\\/05\\\/JORNADA-PLASTICOS-24-mayo-2022-vfinal-scaled.jpg\",\"articleSection\":[\"C\u00e0tedra Reciplasa-UJI\"],\"inLanguage\":\"va-VA\"},{\"@type\":\"WebPage\",\"@id\":\"https:\\\/\\\/www.reciplasa.es\\\/la-catedra-reciplasa-y-la-catedra-ube-unen-esfuerzos-para-organizar-una-jornada-divulgativa-sobre-los-plasticos\\\/\",\"url\":\"https:\\\/\\\/www.reciplasa.es\\\/la-catedra-reciplasa-y-la-catedra-ube-unen-esfuerzos-para-organizar-una-jornada-divulgativa-sobre-los-plasticos\\\/\",\"name\":\"La C\u00e0tedra Reciplasa i la C\u00e0tedra UBE uneixen esfor\u00e7os per organitzar una jornada divulgativa sobre els pl\u00e0stics. - RECIPLASA\",\"isPartOf\":{\"@id\":\"https:\\\/\\\/www.reciplasa.es\\\/#website\"},\"primaryImageOfPage\":{\"@id\":\"https:\\\/\\\/www.reciplasa.es\\\/la-catedra-reciplasa-y-la-catedra-ube-unen-esfuerzos-para-organizar-una-jornada-divulgativa-sobre-los-plasticos\\\/#primaryimage\"},\"image\":{\"@id\":\"https:\\\/\\\/www.reciplasa.es\\\/la-catedra-reciplasa-y-la-catedra-ube-unen-esfuerzos-para-organizar-una-jornada-divulgativa-sobre-los-plasticos\\\/#primaryimage\"},\"thumbnailUrl\":\"https:\\\/\\\/www.reciplasa.es\\\/wp-content\\\/uploads\\\/2022\\\/05\\\/JORNADA-PLASTICOS-24-mayo-2022-vfinal-scaled.jpg\",\"datePublished\":\"2022-05-13T14:57:40+00:00\",\"dateModified\":\"2023-07-25T14:59:44+00:00\",\"author\":{\"@id\":\"https:\\\/\\\/www.reciplasa.es\\\/#\\\/schema\\\/person\\\/608ffc094e3c56d49e6c6ec8f1ea0e82\"},\"breadcrumb\":{\"@id\":\"https:\\\/\\\/www.reciplasa.es\\\/la-catedra-reciplasa-y-la-catedra-ube-unen-esfuerzos-para-organizar-una-jornada-divulgativa-sobre-los-plasticos\\\/#breadcrumb\"},\"inLanguage\":\"va-VA\",\"potentialAction\":[{\"@type\":\"ReadAction\",\"target\":[\"https:\\\/\\\/www.reciplasa.es\\\/la-catedra-reciplasa-y-la-catedra-ube-unen-esfuerzos-para-organizar-una-jornada-divulgativa-sobre-los-plasticos\\\/\"]}]},{\"@type\":\"ImageObject\",\"inLanguage\":\"va-VA\",\"@id\":\"https:\\\/\\\/www.reciplasa.es\\\/la-catedra-reciplasa-y-la-catedra-ube-unen-esfuerzos-para-organizar-una-jornada-divulgativa-sobre-los-plasticos\\\/#primaryimage\",\"url\":\"https:\\\/\\\/www.reciplasa.es\\\/wp-content\\\/uploads\\\/2022\\\/05\\\/JORNADA-PLASTICOS-24-mayo-2022-vfinal-scaled.jpg\",\"contentUrl\":\"https:\\\/\\\/www.reciplasa.es\\\/wp-content\\\/uploads\\\/2022\\\/05\\\/JORNADA-PLASTICOS-24-mayo-2022-vfinal-scaled.jpg\",\"width\":2560,\"height\":1707},{\"@type\":\"BreadcrumbList\",\"@id\":\"https:\\\/\\\/www.reciplasa.es\\\/la-catedra-reciplasa-y-la-catedra-ube-unen-esfuerzos-para-organizar-una-jornada-divulgativa-sobre-los-plasticos\\\/#breadcrumb\",\"itemListElement\":[{\"@type\":\"ListItem\",\"position\":1,\"name\":\"Portada\",\"item\":\"https:\\\/\\\/www.reciplasa.es\\\/va\\\/\"},{\"@type\":\"ListItem\",\"position\":2,\"name\":\"La C\u00e0tedra Reciplasa i la C\u00e0tedra UBE uneixen esfor\u00e7os per organitzar una jornada divulgativa sobre els pl\u00e0stics.\"}]},{\"@type\":\"WebSite\",\"@id\":\"https:\\\/\\\/www.reciplasa.es\\\/#website\",\"url\":\"https:\\\/\\\/www.reciplasa.es\\\/\",\"name\":\"RECIPLASA\",\"description\":\"Reciclats de Residus La Plana SA\",\"potentialAction\":[{\"@type\":\"SearchAction\",\"target\":{\"@type\":\"EntryPoint\",\"urlTemplate\":\"https:\\\/\\\/www.reciplasa.es\\\/?s={search_term_string}\"},\"query-input\":{\"@type\":\"PropertyValueSpecification\",\"valueRequired\":true,\"valueName\":\"search_term_string\"}}],\"inLanguage\":\"va-VA\"},{\"@type\":\"Person\",\"@id\":\"https:\\\/\\\/www.reciplasa.es\\\/#\\\/schema\\\/person\\\/608ffc094e3c56d49e6c6ec8f1ea0e82\",\"name\":\"Cristina Marco\",\"image\":{\"@type\":\"ImageObject\",\"inLanguage\":\"va-VA\",\"@id\":\"https:\\\/\\\/secure.gravatar.com\\\/avatar\\\/6da7e00dc41d26d3c4245f3b2d70d687293df0dfc18f03719354383f7be4f34b?s=96&d=mm&r=g\",\"url\":\"https:\\\/\\\/secure.gravatar.com\\\/avatar\\\/6da7e00dc41d26d3c4245f3b2d70d687293df0dfc18f03719354383f7be4f34b?s=96&d=mm&r=g\",\"contentUrl\":\"https:\\\/\\\/secure.gravatar.com\\\/avatar\\\/6da7e00dc41d26d3c4245f3b2d70d687293df0dfc18f03719354383f7be4f34b?s=96&d=mm&r=g\",\"caption\":\"Cristina Marco\"},\"url\":\"https:\\\/\\\/www.reciplasa.es\\\/va\\\/author\\\/cristina\\\/\"}]}<\/script>\n<!-- \/ Yoast SEO plugin. -->","yoast_head_json":{"title":"La C\u00e0tedra Reciplasa i la C\u00e0tedra UBE uneixen esfor\u00e7os per organitzar una jornada divulgativa sobre els pl\u00e0stics. - RECIPLASA","robots":{"index":"index","follow":"follow","max-snippet":"max-snippet:-1","max-image-preview":"max-image-preview:large","max-video-preview":"max-video-preview:-1"},"canonical":"https:\/\/www.reciplasa.es\/la-catedra-reciplasa-y-la-catedra-ube-unen-esfuerzos-para-organizar-una-jornada-divulgativa-sobre-los-plasticos\/","og_locale":"en_US","og_type":"article","og_title":"La C\u00e0tedra Reciplasa i la C\u00e0tedra UBE uneixen esfor\u00e7os per organitzar una jornada divulgativa sobre els pl\u00e0stics. - RECIPLASA","og_description":"El dia 24 de maig de 2022 es celebrar\u00e0 en el Sal\u00f3 d&#8217;actes de la Facultat de Ci\u00e8ncies de la Salut de la Universitat Jaume I la jornada titulada \u201cAvanzando hacia una gesti\u00f3n sostenible de los materiales pl\u00e1sticos y de sus residuos\u201d organitzada conjuntament per la C\u00e0tedra RECIPLASA de Gesti\u00f3 de Residus Urbans i perDale que hay m\u00e1s ...","og_url":"https:\/\/www.reciplasa.es\/la-catedra-reciplasa-y-la-catedra-ube-unen-esfuerzos-para-organizar-una-jornada-divulgativa-sobre-los-plasticos\/","og_site_name":"RECIPLASA","article_published_time":"2022-05-13T14:57:40+00:00","article_modified_time":"2023-07-25T14:59:44+00:00","og_image":[{"width":2560,"height":1707,"url":"https:\/\/www.reciplasa.es\/wp-content\/uploads\/2022\/05\/JORNADA-PLASTICOS-24-mayo-2022-vfinal-scaled.jpg","type":"image\/jpeg"}],"author":"Cristina Marco","twitter_card":"summary_large_image","twitter_misc":{"Written by":"Cristina Marco","Est. reading time":"1 minute"},"schema":{"@context":"https:\/\/schema.org","@graph":[{"@type":"Article","@id":"https:\/\/www.reciplasa.es\/la-catedra-reciplasa-y-la-catedra-ube-unen-esfuerzos-para-organizar-una-jornada-divulgativa-sobre-los-plasticos\/#article","isPartOf":{"@id":"https:\/\/www.reciplasa.es\/la-catedra-reciplasa-y-la-catedra-ube-unen-esfuerzos-para-organizar-una-jornada-divulgativa-sobre-los-plasticos\/"},"author":{"name":"Cristina Marco","@id":"https:\/\/www.reciplasa.es\/#\/schema\/person\/608ffc094e3c56d49e6c6ec8f1ea0e82"},"headline":"La C\u00e0tedra Reciplasa i la C\u00e0tedra UBE uneixen esfor\u00e7os per organitzar una jornada divulgativa sobre els pl\u00e0stics.","datePublished":"2022-05-13T14:57:40+00:00","dateModified":"2023-07-25T14:59:44+00:00","mainEntityOfPage":{"@id":"https:\/\/www.reciplasa.es\/la-catedra-reciplasa-y-la-catedra-ube-unen-esfuerzos-para-organizar-una-jornada-divulgativa-sobre-los-plasticos\/"},"wordCount":182,"image":{"@id":"https:\/\/www.reciplasa.es\/la-catedra-reciplasa-y-la-catedra-ube-unen-esfuerzos-para-organizar-una-jornada-divulgativa-sobre-los-plasticos\/#primaryimage"},"thumbnailUrl":"https:\/\/www.reciplasa.es\/wp-content\/uploads\/2022\/05\/JORNADA-PLASTICOS-24-mayo-2022-vfinal-scaled.jpg","articleSection":["C\u00e0tedra Reciplasa-UJI"],"inLanguage":"va-VA"},{"@type":"WebPage","@id":"https:\/\/www.reciplasa.es\/la-catedra-reciplasa-y-la-catedra-ube-unen-esfuerzos-para-organizar-una-jornada-divulgativa-sobre-los-plasticos\/","url":"https:\/\/www.reciplasa.es\/la-catedra-reciplasa-y-la-catedra-ube-unen-esfuerzos-para-organizar-una-jornada-divulgativa-sobre-los-plasticos\/","name":"La C\u00e0tedra Reciplasa i la C\u00e0tedra UBE uneixen esfor\u00e7os per organitzar una jornada divulgativa sobre els pl\u00e0stics. - RECIPLASA","isPartOf":{"@id":"https:\/\/www.reciplasa.es\/#website"},"primaryImageOfPage":{"@id":"https:\/\/www.reciplasa.es\/la-catedra-reciplasa-y-la-catedra-ube-unen-esfuerzos-para-organizar-una-jornada-divulgativa-sobre-los-plasticos\/#primaryimage"},"image":{"@id":"https:\/\/www.reciplasa.es\/la-catedra-reciplasa-y-la-catedra-ube-unen-esfuerzos-para-organizar-una-jornada-divulgativa-sobre-los-plasticos\/#primaryimage"},"thumbnailUrl":"https:\/\/www.reciplasa.es\/wp-content\/uploads\/2022\/05\/JORNADA-PLASTICOS-24-mayo-2022-vfinal-scaled.jpg","datePublished":"2022-05-13T14:57:40+00:00","dateModified":"2023-07-25T14:59:44+00:00","author":{"@id":"https:\/\/www.reciplasa.es\/#\/schema\/person\/608ffc094e3c56d49e6c6ec8f1ea0e82"},"breadcrumb":{"@id":"https:\/\/www.reciplasa.es\/la-catedra-reciplasa-y-la-catedra-ube-unen-esfuerzos-para-organizar-una-jornada-divulgativa-sobre-los-plasticos\/#breadcrumb"},"inLanguage":"va-VA","potentialAction":[{"@type":"ReadAction","target":["https:\/\/www.reciplasa.es\/la-catedra-reciplasa-y-la-catedra-ube-unen-esfuerzos-para-organizar-una-jornada-divulgativa-sobre-los-plasticos\/"]}]},{"@type":"ImageObject","inLanguage":"va-VA","@id":"https:\/\/www.reciplasa.es\/la-catedra-reciplasa-y-la-catedra-ube-unen-esfuerzos-para-organizar-una-jornada-divulgativa-sobre-los-plasticos\/#primaryimage","url":"https:\/\/www.reciplasa.es\/wp-content\/uploads\/2022\/05\/JORNADA-PLASTICOS-24-mayo-2022-vfinal-scaled.jpg","contentUrl":"https:\/\/www.reciplasa.es\/wp-content\/uploads\/2022\/05\/JORNADA-PLASTICOS-24-mayo-2022-vfinal-scaled.jpg","width":2560,"height":1707},{"@type":"BreadcrumbList","@id":"https:\/\/www.reciplasa.es\/la-catedra-reciplasa-y-la-catedra-ube-unen-esfuerzos-para-organizar-una-jornada-divulgativa-sobre-los-plasticos\/#breadcrumb","itemListElement":[{"@type":"ListItem","position":1,"name":"Portada","item":"https:\/\/www.reciplasa.es\/va\/"},{"@type":"ListItem","position":2,"name":"La C\u00e0tedra Reciplasa i la C\u00e0tedra UBE uneixen esfor\u00e7os per organitzar una jornada divulgativa sobre els pl\u00e0stics."}]},{"@type":"WebSite","@id":"https:\/\/www.reciplasa.es\/#website","url":"https:\/\/www.reciplasa.es\/","name":"RECIPLASA","description":"Reciclats de Residus La Plana SA","potentialAction":[{"@type":"SearchAction","target":{"@type":"EntryPoint","urlTemplate":"https:\/\/www.reciplasa.es\/?s={search_term_string}"},"query-input":{"@type":"PropertyValueSpecification","valueRequired":true,"valueName":"search_term_string"}}],"inLanguage":"va-VA"},{"@type":"Person","@id":"https:\/\/www.reciplasa.es\/#\/schema\/person\/608ffc094e3c56d49e6c6ec8f1ea0e82","name":"Cristina Marco","image":{"@type":"ImageObject","inLanguage":"va-VA","@id":"https:\/\/secure.gravatar.com\/avatar\/6da7e00dc41d26d3c4245f3b2d70d687293df0dfc18f03719354383f7be4f34b?s=96&d=mm&r=g","url":"https:\/\/secure.gravatar.com\/avatar\/6da7e00dc41d26d3c4245f3b2d70d687293df0dfc18f03719354383f7be4f34b?s=96&d=mm&r=g","contentUrl":"https:\/\/secure.gravatar.com\/avatar\/6da7e00dc41d26d3c4245f3b2d70d687293df0dfc18f03719354383f7be4f34b?s=96&d=mm&r=g","caption":"Cristina Marco"},"url":"https:\/\/www.reciplasa.es\/va\/author\/cristina\/"}]}},"_links":{"self":[{"href":"https:\/\/www.reciplasa.es\/va\/wp-json\/wp\/v2\/posts\/15291","targetHints":{"allow":["GET"]}}],"collection":[{"href":"https:\/\/www.reciplasa.es\/va\/wp-json\/wp\/v2\/posts"}],"about":[{"href":"https:\/\/www.reciplasa.es\/va\/wp-json\/wp\/v2\/types\/post"}],"author":[{"embeddable":true,"href":"https:\/\/www.reciplasa.es\/va\/wp-json\/wp\/v2\/users\/3"}],"replies":[{"embeddable":true,"href":"https:\/\/www.reciplasa.es\/va\/wp-json\/wp\/v2\/comments?post=15291"}],"version-history":[{"count":3,"href":"https:\/\/www.reciplasa.es\/va\/wp-json\/wp\/v2\/posts\/15291\/revisions"}],"predecessor-version":[{"id":15295,"href":"https:\/\/www.reciplasa.es\/va\/wp-json\/wp\/v2\/posts\/15291\/revisions\/15295"}],"wp:featuredmedia":[{"embeddable":true,"href":"https:\/\/www.reciplasa.es\/va\/wp-json\/wp\/v2\/media\/15289"}],"wp:attachment":[{"href":"https:\/\/www.reciplasa.es\/va\/wp-json\/wp\/v2\/media?parent=15291"}],"wp:term":[{"taxonomy":"category","embeddable":true,"href":"https:\/\/www.reciplasa.es\/va\/wp-json\/wp\/v2\/categories?post=15291"},{"taxonomy":"post_tag","embeddable":true,"href":"https:\/\/www.reciplasa.es\/va\/wp-json\/wp\/v2\/tags?post=15291"}],"curies":[{"name":"wp","href":"https:\/\/api.w.org\/{rel}","templated":true}]}}