{"id":15316,"date":"2022-05-30T10:45:36","date_gmt":"2022-05-30T10:45:36","guid":{"rendered":"https:\/\/www.reciplasa.es\/?p=15316\/"},"modified":"2023-07-25T14:59:36","modified_gmt":"2023-07-25T14:59:36","slug":"especialistes-del-sector-del-plastic-destaquen-la-necessitat-dinvestigar-i-repensar-els-usos-daquest-material-per-a-la-millora-de-la-societat","status":"publish","type":"post","link":"https:\/\/www.reciplasa.es\/va\/especialistes-del-sector-del-plastic-destaquen-la-necessitat-dinvestigar-i-repensar-els-usos-daquest-material-per-a-la-millora-de-la-societat\/","title":{"rendered":"Especialistes del sector del pl\u00e0stic destaquen la necessitat d\u2019investigar i repensar els usos d\u2019aquest material per a la millora de la societat"},"content":{"rendered":"<h5><em><span style=\"font-weight: 400;\"> La C\u00e0tedra Reciplasa de Residus Urbans i la C\u00e0tedra UBE de Pl\u00e0stics Sostenibles de l\u2019UJI han organitzat la jornada sobre residus pl\u00e0stics<\/span><\/em><\/h5>\n<p>La jornada \u00abAvan\u00e7ant cap a una gesti\u00f3 sostenible dels materials pl\u00e0stics i dels seus residus\u00bb, organitzada conjuntament per la C\u00e0tedra Reciplasa de Gesti\u00f3 de Residus Urbans i la C\u00e0tedra UBE de Pl\u00e0stics Sostenibles de la Universitat Jaume I, ha comptat amb la participaci\u00f3 d\u2019especialistes del sector del pl\u00e0stic, els quals han destacat la necessitat d\u2019investigar i repensar els usos del pl\u00e0stic per a la millora de la societat.<\/p>\n<p>En la sessi\u00f3, que ha estat inaugurada pel vicerector de Recerca, Jes\u00fas Lancis; el president de Reciplasa, Ignasi Garc\u00eda, i el director de Recursos Humans, HSE, assegurament de qualitat i tutela de producte d\u2019UBE, Santiago Bret\u00f3n, s\u2019han obert noves l\u00ednies de reflexi\u00f3 en l\u2019\u00e0mbit de la gesti\u00f3 sostenible dels residus.<\/p>\n<p><img loading=\"lazy\" decoding=\"async\" class=\"aligncenter size-large wp-image-15311\" src=\"https:\/\/www.reciplasa.es\/wp-content\/uploads\/2022\/05\/IMG_20220524_115835-1024x766.jpg\" alt=\"\" width=\"800\" height=\"598\" srcset=\"https:\/\/www.reciplasa.es\/wp-content\/uploads\/2022\/05\/IMG_20220524_115835-1024x766.jpg 1024w, https:\/\/www.reciplasa.es\/wp-content\/uploads\/2022\/05\/IMG_20220524_115835-300x224.jpg 300w, https:\/\/www.reciplasa.es\/wp-content\/uploads\/2022\/05\/IMG_20220524_115835-768x575.jpg 768w, https:\/\/www.reciplasa.es\/wp-content\/uploads\/2022\/05\/IMG_20220524_115835-1536x1149.jpg 1536w, https:\/\/www.reciplasa.es\/wp-content\/uploads\/2022\/05\/IMG_20220524_115835-2048x1532.jpg 2048w\" sizes=\"auto, (max-width: 800px) 100vw, 800px\" \/><\/p>\n<p>La primera pon\u00e8ncia ha estat impartida per Gemma Arroyo d&#8217;Ecoembes, en la qual ha abordat l\u2019ecodisseny dels envasos pl\u00e0stics i l\u2019ecomodulaci\u00f3. A continuaci\u00f3, Teresa Mart\u00ednez de SINTAC ha parlat sobre els pl\u00e0stics i l&#8217;economia circular i ha remarcat la import\u00e0ncia d\u2019avan\u00e7ar cap a la gesti\u00f3 sostenible d\u2019aquests materials. Aix\u00ed mateix, ha fet refer\u00e8ncia a conceptes com ara la circularitat, la sostenibilitat, la responsabilitat social i\u00a0 la import\u00e0ncia des de l&#8217;ecodisseny fins a la fi de la vida \u00fatil dels productes, \u00e9s a dir, inversi\u00f3 i estalvi de recursos.<\/p>\n<p>La tercera pon\u00e8ncia ha sigut a c\u00e0rrec del director d&#8217;R+D d\u2019UBE i codirector de la C\u00e0tedra UBE de Pl\u00e0stics Sostenibles Ra\u00fcl Sangr\u00f3s, en la qual ha destacat la import\u00e0ncia de la reducci\u00f3 de l&#8217;impacte mediambiental de l\u2019activitat humana. Seguidament, Mar\u00eda Vicente Garc\u00eda de Considera\u00a0ha analitzat la nova normativa dels materials pl\u00e0stics, fent palesa la import\u00e0ncia de l\u2019aspecte regulatori en el control i l\u2019impacte que els materials pl\u00e0stics suposen per al medi ambient.<\/p>\n<p>Luis Cabedo, catedr\u00e0tic de l&#8217;UJI i director de la C\u00e0tedra UBE, ha impartit l&#8217;\u00faltima xarrada sobre els biopl\u00e0stics, en la qual ha remarcat la complexitat i les transformacions que caldria aplicar per a la reducci\u00f3 dels residus pl\u00e0stics.<\/p>\n<p><img loading=\"lazy\" decoding=\"async\" class=\"aligncenter size-large wp-image-15312\" src=\"https:\/\/www.reciplasa.es\/wp-content\/uploads\/2022\/05\/IMG_20220524_125628-1-1024x766.jpg\" alt=\"\" width=\"800\" height=\"598\" srcset=\"https:\/\/www.reciplasa.es\/wp-content\/uploads\/2022\/05\/IMG_20220524_125628-1-1024x766.jpg 1024w, https:\/\/www.reciplasa.es\/wp-content\/uploads\/2022\/05\/IMG_20220524_125628-1-300x224.jpg 300w, https:\/\/www.reciplasa.es\/wp-content\/uploads\/2022\/05\/IMG_20220524_125628-1-768x575.jpg 768w, https:\/\/www.reciplasa.es\/wp-content\/uploads\/2022\/05\/IMG_20220524_125628-1-1536x1149.jpg 1536w, https:\/\/www.reciplasa.es\/wp-content\/uploads\/2022\/05\/IMG_20220524_125628-1-2048x1532.jpg 2048w\" sizes=\"auto, (max-width: 800px) 100vw, 800px\" \/><\/p>\n<p>A continuaci\u00f3, s\u2019ha celebrat una taula redona, moderada per la periodista ambiental Mar\u00eda Josep Pic\u00f3 i formada pels cinc ponents i el director general de Qualitat i Educaci\u00f3 Ambiental de la Generalitat Valenciana, Joan Piquer, que ha obert el cam\u00ed a noves reflexions sobre la necessitat d\u2019aquest tipus de debats i la import\u00e0ncia de la col\u00b7laboraci\u00f3 entre els diferents agents i tota la societat.<\/p>\n<p>Aix\u00ed, s\u2019ha abordat la problem\u00e0tica dels pl\u00e0stics i la necessitat de fomentar-ne un \u00fas sostenible i una gesti\u00f3 adequada a trav\u00e9s de la divulgaci\u00f3 cient\u00edfica i d&#8217;una major conscienciaci\u00f3 de fabricants, ciutadania i administraci\u00f3, perqu\u00e8 no sols afecten la salut, la qualitat de vida i el medi ambient present, sin\u00f3 tamb\u00e9 les generacions futures.<\/p>\n<p>L&#8217;acte de cloenda ha sigut a c\u00e0rrec de la consellera d&#8217;Agricultura, Desenvolupament Rural, Emerg\u00e8ncia Clim\u00e0tica i Transici\u00f3 Ecol\u00f2gica, Mireia Moll\u00e0 Herrero.<\/p>\n","protected":false},"excerpt":{"rendered":"<p>La C\u00e0tedra Reciplasa de Residus Urbans i la C\u00e0tedra UBE de Pl\u00e0stics Sostenibles de l\u2019UJI han organitzat la jornada sobre residus pl\u00e0stics La jornada \u00abAvan\u00e7ant cap a una gesti\u00f3 sostenible dels materials pl\u00e0stics i dels seus residus\u00bb, organitzada conjuntament per la C\u00e0tedra Reciplasa de Gesti\u00f3 de Residus Urbans i la C\u00e0tedra UBE de Pl\u00e0stics SosteniblesDale que hay m\u00e1s &#8230;<\/p>\n","protected":false},"author":3,"featured_media":15313,"comment_status":"closed","ping_status":"closed","sticky":false,"template":"","format":"standard","meta":{"footnotes":""},"categories":[88],"tags":[],"class_list":["post-15316","post","type-post","status-publish","format-standard","has-post-thumbnail","hentry","category-catedra-reciplasa-uji"],"yoast_head":"<!-- This site is optimized with the Yoast SEO plugin v27.4 - https:\/\/yoast.com\/product\/yoast-seo-wordpress\/ -->\n<title>Especialistes del sector del pl\u00e0stic destaquen la necessitat d\u2019investigar i repensar els usos d\u2019aquest material per a la millora de la societat - RECIPLASA<\/title>\n<meta name=\"robots\" content=\"index, follow, max-snippet:-1, max-image-preview:large, max-video-preview:-1\" \/>\n<link rel=\"canonical\" href=\"https:\/\/www.reciplasa.es\/especialistas-del-sector-del-plastico-destacan-la-necesidad-de-investigar-y-repensar-los-usos-de-este-material-para-la-mejora-de-la-sociedad\/\" \/>\n<meta property=\"og:locale\" content=\"en_US\" \/>\n<meta property=\"og:type\" content=\"article\" \/>\n<meta property=\"og:title\" content=\"Especialistes del sector del pl\u00e0stic destaquen la necessitat d\u2019investigar i repensar els usos d\u2019aquest material per a la millora de la societat - RECIPLASA\" \/>\n<meta property=\"og:description\" content=\"La C\u00e0tedra Reciplasa de Residus Urbans i la C\u00e0tedra UBE de Pl\u00e0stics Sostenibles de l\u2019UJI han organitzat la jornada sobre residus pl\u00e0stics La jornada \u00abAvan\u00e7ant cap a una gesti\u00f3 sostenible dels materials pl\u00e0stics i dels seus residus\u00bb, organitzada conjuntament per la C\u00e0tedra Reciplasa de Gesti\u00f3 de Residus Urbans i la C\u00e0tedra UBE de Pl\u00e0stics SosteniblesDale que hay m\u00e1s ...\" \/>\n<meta property=\"og:url\" content=\"https:\/\/www.reciplasa.es\/especialistas-del-sector-del-plastico-destacan-la-necesidad-de-investigar-y-repensar-los-usos-de-este-material-para-la-mejora-de-la-sociedad\/\" \/>\n<meta property=\"og:site_name\" content=\"RECIPLASA\" \/>\n<meta property=\"article:published_time\" content=\"2022-05-30T10:45:36+00:00\" \/>\n<meta property=\"article:modified_time\" content=\"2023-07-25T14:59:36+00:00\" \/>\n<meta property=\"og:image\" content=\"https:\/\/www.reciplasa.es\/wp-content\/uploads\/2022\/05\/IMG_20220524_125700-1-scaled.jpg\" \/>\n\t<meta property=\"og:image:width\" content=\"2560\" \/>\n\t<meta property=\"og:image:height\" content=\"1916\" \/>\n\t<meta property=\"og:image:type\" content=\"image\/jpeg\" \/>\n<meta name=\"author\" content=\"Cristina Marco\" \/>\n<meta name=\"twitter:card\" content=\"summary_large_image\" \/>\n<meta name=\"twitter:label1\" content=\"Written by\" \/>\n\t<meta name=\"twitter:data1\" content=\"Cristina Marco\" \/>\n\t<meta name=\"twitter:label2\" content=\"Est. reading time\" \/>\n\t<meta name=\"twitter:data2\" content=\"3 minutes\" \/>\n<script type=\"application\/ld+json\" class=\"yoast-schema-graph\">{\"@context\":\"https:\\\/\\\/schema.org\",\"@graph\":[{\"@type\":\"Article\",\"@id\":\"https:\\\/\\\/www.reciplasa.es\\\/especialistas-del-sector-del-plastico-destacan-la-necesidad-de-investigar-y-repensar-los-usos-de-este-material-para-la-mejora-de-la-sociedad\\\/#article\",\"isPartOf\":{\"@id\":\"https:\\\/\\\/www.reciplasa.es\\\/especialistas-del-sector-del-plastico-destacan-la-necesidad-de-investigar-y-repensar-los-usos-de-este-material-para-la-mejora-de-la-sociedad\\\/\"},\"author\":{\"name\":\"Cristina Marco\",\"@id\":\"https:\\\/\\\/www.reciplasa.es\\\/#\\\/schema\\\/person\\\/608ffc094e3c56d49e6c6ec8f1ea0e82\"},\"headline\":\"Especialistes del sector del pl\u00e0stic destaquen la necessitat d\u2019investigar i repensar els usos d\u2019aquest material per a la millora de la societat\",\"datePublished\":\"2022-05-30T10:45:36+00:00\",\"dateModified\":\"2023-07-25T14:59:36+00:00\",\"mainEntityOfPage\":{\"@id\":\"https:\\\/\\\/www.reciplasa.es\\\/especialistas-del-sector-del-plastico-destacan-la-necesidad-de-investigar-y-repensar-los-usos-de-este-material-para-la-mejora-de-la-sociedad\\\/\"},\"wordCount\":581,\"image\":{\"@id\":\"https:\\\/\\\/www.reciplasa.es\\\/especialistas-del-sector-del-plastico-destacan-la-necesidad-de-investigar-y-repensar-los-usos-de-este-material-para-la-mejora-de-la-sociedad\\\/#primaryimage\"},\"thumbnailUrl\":\"https:\\\/\\\/www.reciplasa.es\\\/wp-content\\\/uploads\\\/2022\\\/05\\\/IMG_20220524_125700-1-scaled.jpg\",\"articleSection\":[\"C\u00e0tedra Reciplasa-UJI\"],\"inLanguage\":\"va-VA\"},{\"@type\":\"WebPage\",\"@id\":\"https:\\\/\\\/www.reciplasa.es\\\/especialistas-del-sector-del-plastico-destacan-la-necesidad-de-investigar-y-repensar-los-usos-de-este-material-para-la-mejora-de-la-sociedad\\\/\",\"url\":\"https:\\\/\\\/www.reciplasa.es\\\/especialistas-del-sector-del-plastico-destacan-la-necesidad-de-investigar-y-repensar-los-usos-de-este-material-para-la-mejora-de-la-sociedad\\\/\",\"name\":\"Especialistes del sector del pl\u00e0stic destaquen la necessitat d\u2019investigar i repensar els usos d\u2019aquest material per a la millora de la societat - RECIPLASA\",\"isPartOf\":{\"@id\":\"https:\\\/\\\/www.reciplasa.es\\\/#website\"},\"primaryImageOfPage\":{\"@id\":\"https:\\\/\\\/www.reciplasa.es\\\/especialistas-del-sector-del-plastico-destacan-la-necesidad-de-investigar-y-repensar-los-usos-de-este-material-para-la-mejora-de-la-sociedad\\\/#primaryimage\"},\"image\":{\"@id\":\"https:\\\/\\\/www.reciplasa.es\\\/especialistas-del-sector-del-plastico-destacan-la-necesidad-de-investigar-y-repensar-los-usos-de-este-material-para-la-mejora-de-la-sociedad\\\/#primaryimage\"},\"thumbnailUrl\":\"https:\\\/\\\/www.reciplasa.es\\\/wp-content\\\/uploads\\\/2022\\\/05\\\/IMG_20220524_125700-1-scaled.jpg\",\"datePublished\":\"2022-05-30T10:45:36+00:00\",\"dateModified\":\"2023-07-25T14:59:36+00:00\",\"author\":{\"@id\":\"https:\\\/\\\/www.reciplasa.es\\\/#\\\/schema\\\/person\\\/608ffc094e3c56d49e6c6ec8f1ea0e82\"},\"breadcrumb\":{\"@id\":\"https:\\\/\\\/www.reciplasa.es\\\/especialistas-del-sector-del-plastico-destacan-la-necesidad-de-investigar-y-repensar-los-usos-de-este-material-para-la-mejora-de-la-sociedad\\\/#breadcrumb\"},\"inLanguage\":\"va-VA\",\"potentialAction\":[{\"@type\":\"ReadAction\",\"target\":[\"https:\\\/\\\/www.reciplasa.es\\\/especialistas-del-sector-del-plastico-destacan-la-necesidad-de-investigar-y-repensar-los-usos-de-este-material-para-la-mejora-de-la-sociedad\\\/\"]}]},{\"@type\":\"ImageObject\",\"inLanguage\":\"va-VA\",\"@id\":\"https:\\\/\\\/www.reciplasa.es\\\/especialistas-del-sector-del-plastico-destacan-la-necesidad-de-investigar-y-repensar-los-usos-de-este-material-para-la-mejora-de-la-sociedad\\\/#primaryimage\",\"url\":\"https:\\\/\\\/www.reciplasa.es\\\/wp-content\\\/uploads\\\/2022\\\/05\\\/IMG_20220524_125700-1-scaled.jpg\",\"contentUrl\":\"https:\\\/\\\/www.reciplasa.es\\\/wp-content\\\/uploads\\\/2022\\\/05\\\/IMG_20220524_125700-1-scaled.jpg\",\"width\":2560,\"height\":1916},{\"@type\":\"BreadcrumbList\",\"@id\":\"https:\\\/\\\/www.reciplasa.es\\\/especialistas-del-sector-del-plastico-destacan-la-necesidad-de-investigar-y-repensar-los-usos-de-este-material-para-la-mejora-de-la-sociedad\\\/#breadcrumb\",\"itemListElement\":[{\"@type\":\"ListItem\",\"position\":1,\"name\":\"Portada\",\"item\":\"https:\\\/\\\/www.reciplasa.es\\\/va\\\/\"},{\"@type\":\"ListItem\",\"position\":2,\"name\":\"Especialistes del sector del pl\u00e0stic destaquen la necessitat d\u2019investigar i repensar els usos d\u2019aquest material per a la millora de la societat\"}]},{\"@type\":\"WebSite\",\"@id\":\"https:\\\/\\\/www.reciplasa.es\\\/#website\",\"url\":\"https:\\\/\\\/www.reciplasa.es\\\/\",\"name\":\"RECIPLASA\",\"description\":\"Reciclats de Residus La Plana SA\",\"potentialAction\":[{\"@type\":\"SearchAction\",\"target\":{\"@type\":\"EntryPoint\",\"urlTemplate\":\"https:\\\/\\\/www.reciplasa.es\\\/?s={search_term_string}\"},\"query-input\":{\"@type\":\"PropertyValueSpecification\",\"valueRequired\":true,\"valueName\":\"search_term_string\"}}],\"inLanguage\":\"va-VA\"},{\"@type\":\"Person\",\"@id\":\"https:\\\/\\\/www.reciplasa.es\\\/#\\\/schema\\\/person\\\/608ffc094e3c56d49e6c6ec8f1ea0e82\",\"name\":\"Cristina Marco\",\"image\":{\"@type\":\"ImageObject\",\"inLanguage\":\"va-VA\",\"@id\":\"https:\\\/\\\/secure.gravatar.com\\\/avatar\\\/6da7e00dc41d26d3c4245f3b2d70d687293df0dfc18f03719354383f7be4f34b?s=96&d=mm&r=g\",\"url\":\"https:\\\/\\\/secure.gravatar.com\\\/avatar\\\/6da7e00dc41d26d3c4245f3b2d70d687293df0dfc18f03719354383f7be4f34b?s=96&d=mm&r=g\",\"contentUrl\":\"https:\\\/\\\/secure.gravatar.com\\\/avatar\\\/6da7e00dc41d26d3c4245f3b2d70d687293df0dfc18f03719354383f7be4f34b?s=96&d=mm&r=g\",\"caption\":\"Cristina Marco\"},\"url\":\"https:\\\/\\\/www.reciplasa.es\\\/va\\\/author\\\/cristina\\\/\"}]}<\/script>\n<!-- \/ Yoast SEO plugin. -->","yoast_head_json":{"title":"Especialistes del sector del pl\u00e0stic destaquen la necessitat d\u2019investigar i repensar els usos d\u2019aquest material per a la millora de la societat - RECIPLASA","robots":{"index":"index","follow":"follow","max-snippet":"max-snippet:-1","max-image-preview":"max-image-preview:large","max-video-preview":"max-video-preview:-1"},"canonical":"https:\/\/www.reciplasa.es\/especialistas-del-sector-del-plastico-destacan-la-necesidad-de-investigar-y-repensar-los-usos-de-este-material-para-la-mejora-de-la-sociedad\/","og_locale":"en_US","og_type":"article","og_title":"Especialistes del sector del pl\u00e0stic destaquen la necessitat d\u2019investigar i repensar els usos d\u2019aquest material per a la millora de la societat - RECIPLASA","og_description":"La C\u00e0tedra Reciplasa de Residus Urbans i la C\u00e0tedra UBE de Pl\u00e0stics Sostenibles de l\u2019UJI han organitzat la jornada sobre residus pl\u00e0stics La jornada \u00abAvan\u00e7ant cap a una gesti\u00f3 sostenible dels materials pl\u00e0stics i dels seus residus\u00bb, organitzada conjuntament per la C\u00e0tedra Reciplasa de Gesti\u00f3 de Residus Urbans i la C\u00e0tedra UBE de Pl\u00e0stics SosteniblesDale que hay m\u00e1s ...","og_url":"https:\/\/www.reciplasa.es\/especialistas-del-sector-del-plastico-destacan-la-necesidad-de-investigar-y-repensar-los-usos-de-este-material-para-la-mejora-de-la-sociedad\/","og_site_name":"RECIPLASA","article_published_time":"2022-05-30T10:45:36+00:00","article_modified_time":"2023-07-25T14:59:36+00:00","og_image":[{"width":2560,"height":1916,"url":"https:\/\/www.reciplasa.es\/wp-content\/uploads\/2022\/05\/IMG_20220524_125700-1-scaled.jpg","type":"image\/jpeg"}],"author":"Cristina Marco","twitter_card":"summary_large_image","twitter_misc":{"Written by":"Cristina Marco","Est. reading time":"3 minutes"},"schema":{"@context":"https:\/\/schema.org","@graph":[{"@type":"Article","@id":"https:\/\/www.reciplasa.es\/especialistas-del-sector-del-plastico-destacan-la-necesidad-de-investigar-y-repensar-los-usos-de-este-material-para-la-mejora-de-la-sociedad\/#article","isPartOf":{"@id":"https:\/\/www.reciplasa.es\/especialistas-del-sector-del-plastico-destacan-la-necesidad-de-investigar-y-repensar-los-usos-de-este-material-para-la-mejora-de-la-sociedad\/"},"author":{"name":"Cristina Marco","@id":"https:\/\/www.reciplasa.es\/#\/schema\/person\/608ffc094e3c56d49e6c6ec8f1ea0e82"},"headline":"Especialistes del sector del pl\u00e0stic destaquen la necessitat d\u2019investigar i repensar els usos d\u2019aquest material per a la millora de la societat","datePublished":"2022-05-30T10:45:36+00:00","dateModified":"2023-07-25T14:59:36+00:00","mainEntityOfPage":{"@id":"https:\/\/www.reciplasa.es\/especialistas-del-sector-del-plastico-destacan-la-necesidad-de-investigar-y-repensar-los-usos-de-este-material-para-la-mejora-de-la-sociedad\/"},"wordCount":581,"image":{"@id":"https:\/\/www.reciplasa.es\/especialistas-del-sector-del-plastico-destacan-la-necesidad-de-investigar-y-repensar-los-usos-de-este-material-para-la-mejora-de-la-sociedad\/#primaryimage"},"thumbnailUrl":"https:\/\/www.reciplasa.es\/wp-content\/uploads\/2022\/05\/IMG_20220524_125700-1-scaled.jpg","articleSection":["C\u00e0tedra Reciplasa-UJI"],"inLanguage":"va-VA"},{"@type":"WebPage","@id":"https:\/\/www.reciplasa.es\/especialistas-del-sector-del-plastico-destacan-la-necesidad-de-investigar-y-repensar-los-usos-de-este-material-para-la-mejora-de-la-sociedad\/","url":"https:\/\/www.reciplasa.es\/especialistas-del-sector-del-plastico-destacan-la-necesidad-de-investigar-y-repensar-los-usos-de-este-material-para-la-mejora-de-la-sociedad\/","name":"Especialistes del sector del pl\u00e0stic destaquen la necessitat d\u2019investigar i repensar els usos d\u2019aquest material per a la millora de la societat - RECIPLASA","isPartOf":{"@id":"https:\/\/www.reciplasa.es\/#website"},"primaryImageOfPage":{"@id":"https:\/\/www.reciplasa.es\/especialistas-del-sector-del-plastico-destacan-la-necesidad-de-investigar-y-repensar-los-usos-de-este-material-para-la-mejora-de-la-sociedad\/#primaryimage"},"image":{"@id":"https:\/\/www.reciplasa.es\/especialistas-del-sector-del-plastico-destacan-la-necesidad-de-investigar-y-repensar-los-usos-de-este-material-para-la-mejora-de-la-sociedad\/#primaryimage"},"thumbnailUrl":"https:\/\/www.reciplasa.es\/wp-content\/uploads\/2022\/05\/IMG_20220524_125700-1-scaled.jpg","datePublished":"2022-05-30T10:45:36+00:00","dateModified":"2023-07-25T14:59:36+00:00","author":{"@id":"https:\/\/www.reciplasa.es\/#\/schema\/person\/608ffc094e3c56d49e6c6ec8f1ea0e82"},"breadcrumb":{"@id":"https:\/\/www.reciplasa.es\/especialistas-del-sector-del-plastico-destacan-la-necesidad-de-investigar-y-repensar-los-usos-de-este-material-para-la-mejora-de-la-sociedad\/#breadcrumb"},"inLanguage":"va-VA","potentialAction":[{"@type":"ReadAction","target":["https:\/\/www.reciplasa.es\/especialistas-del-sector-del-plastico-destacan-la-necesidad-de-investigar-y-repensar-los-usos-de-este-material-para-la-mejora-de-la-sociedad\/"]}]},{"@type":"ImageObject","inLanguage":"va-VA","@id":"https:\/\/www.reciplasa.es\/especialistas-del-sector-del-plastico-destacan-la-necesidad-de-investigar-y-repensar-los-usos-de-este-material-para-la-mejora-de-la-sociedad\/#primaryimage","url":"https:\/\/www.reciplasa.es\/wp-content\/uploads\/2022\/05\/IMG_20220524_125700-1-scaled.jpg","contentUrl":"https:\/\/www.reciplasa.es\/wp-content\/uploads\/2022\/05\/IMG_20220524_125700-1-scaled.jpg","width":2560,"height":1916},{"@type":"BreadcrumbList","@id":"https:\/\/www.reciplasa.es\/especialistas-del-sector-del-plastico-destacan-la-necesidad-de-investigar-y-repensar-los-usos-de-este-material-para-la-mejora-de-la-sociedad\/#breadcrumb","itemListElement":[{"@type":"ListItem","position":1,"name":"Portada","item":"https:\/\/www.reciplasa.es\/va\/"},{"@type":"ListItem","position":2,"name":"Especialistes del sector del pl\u00e0stic destaquen la necessitat d\u2019investigar i repensar els usos d\u2019aquest material per a la millora de la societat"}]},{"@type":"WebSite","@id":"https:\/\/www.reciplasa.es\/#website","url":"https:\/\/www.reciplasa.es\/","name":"RECIPLASA","description":"Reciclats de Residus La Plana SA","potentialAction":[{"@type":"SearchAction","target":{"@type":"EntryPoint","urlTemplate":"https:\/\/www.reciplasa.es\/?s={search_term_string}"},"query-input":{"@type":"PropertyValueSpecification","valueRequired":true,"valueName":"search_term_string"}}],"inLanguage":"va-VA"},{"@type":"Person","@id":"https:\/\/www.reciplasa.es\/#\/schema\/person\/608ffc094e3c56d49e6c6ec8f1ea0e82","name":"Cristina Marco","image":{"@type":"ImageObject","inLanguage":"va-VA","@id":"https:\/\/secure.gravatar.com\/avatar\/6da7e00dc41d26d3c4245f3b2d70d687293df0dfc18f03719354383f7be4f34b?s=96&d=mm&r=g","url":"https:\/\/secure.gravatar.com\/avatar\/6da7e00dc41d26d3c4245f3b2d70d687293df0dfc18f03719354383f7be4f34b?s=96&d=mm&r=g","contentUrl":"https:\/\/secure.gravatar.com\/avatar\/6da7e00dc41d26d3c4245f3b2d70d687293df0dfc18f03719354383f7be4f34b?s=96&d=mm&r=g","caption":"Cristina Marco"},"url":"https:\/\/www.reciplasa.es\/va\/author\/cristina\/"}]}},"_links":{"self":[{"href":"https:\/\/www.reciplasa.es\/va\/wp-json\/wp\/v2\/posts\/15316","targetHints":{"allow":["GET"]}}],"collection":[{"href":"https:\/\/www.reciplasa.es\/va\/wp-json\/wp\/v2\/posts"}],"about":[{"href":"https:\/\/www.reciplasa.es\/va\/wp-json\/wp\/v2\/types\/post"}],"author":[{"embeddable":true,"href":"https:\/\/www.reciplasa.es\/va\/wp-json\/wp\/v2\/users\/3"}],"replies":[{"embeddable":true,"href":"https:\/\/www.reciplasa.es\/va\/wp-json\/wp\/v2\/comments?post=15316"}],"version-history":[{"count":1,"href":"https:\/\/www.reciplasa.es\/va\/wp-json\/wp\/v2\/posts\/15316\/revisions"}],"predecessor-version":[{"id":15317,"href":"https:\/\/www.reciplasa.es\/va\/wp-json\/wp\/v2\/posts\/15316\/revisions\/15317"}],"wp:featuredmedia":[{"embeddable":true,"href":"https:\/\/www.reciplasa.es\/va\/wp-json\/wp\/v2\/media\/15313"}],"wp:attachment":[{"href":"https:\/\/www.reciplasa.es\/va\/wp-json\/wp\/v2\/media?parent=15316"}],"wp:term":[{"taxonomy":"category","embeddable":true,"href":"https:\/\/www.reciplasa.es\/va\/wp-json\/wp\/v2\/categories?post=15316"},{"taxonomy":"post_tag","embeddable":true,"href":"https:\/\/www.reciplasa.es\/va\/wp-json\/wp\/v2\/tags?post=15316"}],"curies":[{"name":"wp","href":"https:\/\/api.w.org\/{rel}","templated":true}]}}