{"id":15325,"date":"2022-06-07T07:15:02","date_gmt":"2022-06-07T07:15:02","guid":{"rendered":"https:\/\/www.reciplasa.es\/?p=15325\/"},"modified":"2022-06-07T07:18:14","modified_gmt":"2022-06-07T07:18:14","slug":"la-universitat-jaume-i-acull-la-vii-trobada-dintercanvi-dexperiencies-en-educacio-ambiental","status":"publish","type":"post","link":"https:\/\/www.reciplasa.es\/va\/la-universitat-jaume-i-acull-la-vii-trobada-dintercanvi-dexperiencies-en-educacio-ambiental\/","title":{"rendered":"La Universitat Jaume I acull la VII Trobada d\u2019Intercanvi d\u2019Experi\u00e8ncies en Educaci\u00f3 Ambiental"},"content":{"rendered":"<p>La Universitat Jaume I ha acollit la VII Trobada d\u2019Intercanvi d\u2019Experi\u00e8ncies en Educaci\u00f3 Ambiental organitzada pel Seminari d\u2019Educaci\u00f3 Ambiental de Castell\u00f3 amb la col\u00b7laboraci\u00f3 de la Direcci\u00f3 Territorial, la C\u00e0tedra Reciplasa-UJI de Gesti\u00f3 de Residus Urbans i la Fundaci\u00f3 Global Nature.<\/p>\n<p><img loading=\"lazy\" decoding=\"async\" class=\"aligncenter size-large wp-image-15323\" src=\"https:\/\/www.reciplasa.es\/wp-content\/uploads\/2022\/06\/VII-Encuentro-de-Intercambio-de-Experiencias-en-Educacio\u0301n-Ambiental-1024x768.jpeg\" alt=\"\" width=\"800\" height=\"600\" srcset=\"https:\/\/www.reciplasa.es\/wp-content\/uploads\/2022\/06\/VII-Encuentro-de-Intercambio-de-Experiencias-en-Educacio\u0301n-Ambiental-1024x768.jpeg 1024w, https:\/\/www.reciplasa.es\/wp-content\/uploads\/2022\/06\/VII-Encuentro-de-Intercambio-de-Experiencias-en-Educacio\u0301n-Ambiental-300x225.jpeg 300w, https:\/\/www.reciplasa.es\/wp-content\/uploads\/2022\/06\/VII-Encuentro-de-Intercambio-de-Experiencias-en-Educacio\u0301n-Ambiental-768x576.jpeg 768w, https:\/\/www.reciplasa.es\/wp-content\/uploads\/2022\/06\/VII-Encuentro-de-Intercambio-de-Experiencias-en-Educacio\u0301n-Ambiental-1536x1152.jpeg 1536w, https:\/\/www.reciplasa.es\/wp-content\/uploads\/2022\/06\/VII-Encuentro-de-Intercambio-de-Experiencias-en-Educacio\u0301n-Ambiental-2048x1536.jpeg 2048w\" sizes=\"auto, (max-width: 800px) 100vw, 800px\" \/><\/p>\n<p class=\"has-black-color has-text-color\">L\u2019objectiu de la trobada \u00e9s promoure la participaci\u00f3, fomentar la reflexi\u00f3 i el comprom\u00eds de la comunitat educativa a tots aquells temes que incideixen en la millora ambiental dels centres educatius i de la societat en general. Per aix\u00f2, alumnat de diferents centres de la prov\u00edncia, membres de la\u00a0<strong>Xarxa de Centres per la Sostenibilitat de Castell\u00f3<\/strong>, va compartir els projectes i activitats dutes a terme durant el present curs escolar, amb tem\u00e0tiques relacionades amb el treball de diferents Objectius de Desenvolupament Sostenible de l\u2019Agenda 2030<\/p>\n<p class=\"has-black-color has-text-color\">En aquesta ocasi\u00f3, la pon\u00e8ncia inaugural, \u00abCanviem la nostra relaci\u00f3 amb la natura\u00bb, va ser a c\u00e0rrec d\u2019<strong>Olivia Mandle<\/strong>, jove activista mediambiental, guerrera pel clima que actualment lidera la campanya en\u00a0Change.org\u00a0<strong>#noesPaisparaDelfines<\/strong>\u00a0per la lluita del tancament dels delfinaris a Espanya. Reconeguda per l\u2019institut Jane Goodall com a\u00a0<em>Hero\u00efna\u00a0<\/em>en el seu programa educatiu \u00abRa\u00edces y brotes\u00bb \u00a0i premiada a escala\u00a0Internacional per la seua traject\u00f2ria,\u00a0<strong>Olivia Mandle<\/strong>\u00a0\u00e9s tamb\u00e9\u00a0Ambaixadora del Pacte Europeu pel Clima en la Comissi\u00f3 Europea i Ambaixadora de \u00abLa Espa\u00f1a Azul\u00bb amb l\u2019explorador Nacho Dean.<\/p>\n","protected":false},"excerpt":{"rendered":"<p>La Universitat Jaume I ha acollit la VII Trobada d\u2019Intercanvi d\u2019Experi\u00e8ncies en Educaci\u00f3 Ambiental organitzada pel Seminari d\u2019Educaci\u00f3 Ambiental de Castell\u00f3 amb la col\u00b7laboraci\u00f3 de la Direcci\u00f3 Territorial, la C\u00e0tedra Reciplasa-UJI de Gesti\u00f3 de Residus Urbans i la Fundaci\u00f3 Global Nature. L\u2019objectiu de la trobada \u00e9s promoure la participaci\u00f3, fomentar la reflexi\u00f3 i el comprom\u00edsDale que hay m\u00e1s &#8230;<\/p>\n","protected":false},"author":3,"featured_media":15322,"comment_status":"closed","ping_status":"closed","sticky":false,"template":"","format":"standard","meta":{"footnotes":""},"categories":[88],"tags":[],"class_list":["post-15325","post","type-post","status-publish","format-standard","has-post-thumbnail","hentry","category-catedra-reciplasa-uji"],"yoast_head":"<!-- This site is optimized with the Yoast SEO plugin v27.4 - https:\/\/yoast.com\/product\/yoast-seo-wordpress\/ -->\n<title>La Universitat Jaume I acull la VII Trobada d\u2019Intercanvi d\u2019Experi\u00e8ncies en Educaci\u00f3 Ambiental - RECIPLASA<\/title>\n<meta name=\"robots\" content=\"index, follow, max-snippet:-1, max-image-preview:large, max-video-preview:-1\" \/>\n<link rel=\"canonical\" href=\"https:\/\/www.reciplasa.es\/la-universitat-jaume-i-acull-la-vii-trobada-dintercanvi-dexperiencies-en-educacio-ambiental\/\" \/>\n<meta property=\"og:locale\" content=\"en_US\" \/>\n<meta property=\"og:type\" content=\"article\" \/>\n<meta property=\"og:title\" content=\"La Universitat Jaume I acull la VII Trobada d\u2019Intercanvi d\u2019Experi\u00e8ncies en Educaci\u00f3 Ambiental - RECIPLASA\" \/>\n<meta property=\"og:description\" content=\"La Universitat Jaume I ha acollit la VII Trobada d\u2019Intercanvi d\u2019Experi\u00e8ncies en Educaci\u00f3 Ambiental organitzada pel Seminari d\u2019Educaci\u00f3 Ambiental de Castell\u00f3 amb la col\u00b7laboraci\u00f3 de la Direcci\u00f3 Territorial, la C\u00e0tedra Reciplasa-UJI de Gesti\u00f3 de Residus Urbans i la Fundaci\u00f3 Global Nature. L\u2019objectiu de la trobada \u00e9s promoure la participaci\u00f3, fomentar la reflexi\u00f3 i el comprom\u00edsDale que hay m\u00e1s ...\" \/>\n<meta property=\"og:url\" content=\"https:\/\/www.reciplasa.es\/la-universitat-jaume-i-acull-la-vii-trobada-dintercanvi-dexperiencies-en-educacio-ambiental\/\" \/>\n<meta property=\"og:site_name\" content=\"RECIPLASA\" \/>\n<meta property=\"article:published_time\" content=\"2022-06-07T07:15:02+00:00\" \/>\n<meta property=\"article:modified_time\" content=\"2022-06-07T07:18:14+00:00\" \/>\n<meta property=\"og:image\" content=\"https:\/\/www.reciplasa.es\/wp-content\/uploads\/2022\/06\/20220531_094805-scaled.jpg\" \/>\n\t<meta property=\"og:image:width\" content=\"2560\" \/>\n\t<meta property=\"og:image:height\" content=\"1440\" \/>\n\t<meta property=\"og:image:type\" content=\"image\/jpeg\" \/>\n<meta name=\"author\" content=\"Cristina Marco\" \/>\n<meta name=\"twitter:card\" content=\"summary_large_image\" \/>\n<meta name=\"twitter:label1\" content=\"Written by\" \/>\n\t<meta name=\"twitter:data1\" content=\"Cristina Marco\" \/>\n\t<meta name=\"twitter:label2\" content=\"Est. reading time\" \/>\n\t<meta name=\"twitter:data2\" content=\"2 minutes\" \/>\n<script type=\"application\/ld+json\" class=\"yoast-schema-graph\">{\"@context\":\"https:\\\/\\\/schema.org\",\"@graph\":[{\"@type\":\"Article\",\"@id\":\"https:\\\/\\\/www.reciplasa.es\\\/la-universitat-jaume-i-acull-la-vii-trobada-dintercanvi-dexperiencies-en-educacio-ambiental\\\/#article\",\"isPartOf\":{\"@id\":\"https:\\\/\\\/www.reciplasa.es\\\/la-universitat-jaume-i-acull-la-vii-trobada-dintercanvi-dexperiencies-en-educacio-ambiental\\\/\"},\"author\":{\"name\":\"Cristina Marco\",\"@id\":\"https:\\\/\\\/www.reciplasa.es\\\/#\\\/schema\\\/person\\\/608ffc094e3c56d49e6c6ec8f1ea0e82\"},\"headline\":\"La Universitat Jaume I acull la VII Trobada d\u2019Intercanvi d\u2019Experi\u00e8ncies en Educaci\u00f3 Ambiental\",\"datePublished\":\"2022-06-07T07:15:02+00:00\",\"dateModified\":\"2022-06-07T07:18:14+00:00\",\"mainEntityOfPage\":{\"@id\":\"https:\\\/\\\/www.reciplasa.es\\\/la-universitat-jaume-i-acull-la-vii-trobada-dintercanvi-dexperiencies-en-educacio-ambiental\\\/\"},\"wordCount\":254,\"image\":{\"@id\":\"https:\\\/\\\/www.reciplasa.es\\\/la-universitat-jaume-i-acull-la-vii-trobada-dintercanvi-dexperiencies-en-educacio-ambiental\\\/#primaryimage\"},\"thumbnailUrl\":\"https:\\\/\\\/www.reciplasa.es\\\/wp-content\\\/uploads\\\/2022\\\/06\\\/20220531_094805-scaled.jpg\",\"articleSection\":[\"C\u00e0tedra Reciplasa-UJI\"],\"inLanguage\":\"va-VA\"},{\"@type\":\"WebPage\",\"@id\":\"https:\\\/\\\/www.reciplasa.es\\\/la-universitat-jaume-i-acull-la-vii-trobada-dintercanvi-dexperiencies-en-educacio-ambiental\\\/\",\"url\":\"https:\\\/\\\/www.reciplasa.es\\\/la-universitat-jaume-i-acull-la-vii-trobada-dintercanvi-dexperiencies-en-educacio-ambiental\\\/\",\"name\":\"La Universitat Jaume I acull la VII Trobada d\u2019Intercanvi d\u2019Experi\u00e8ncies en Educaci\u00f3 Ambiental - RECIPLASA\",\"isPartOf\":{\"@id\":\"https:\\\/\\\/www.reciplasa.es\\\/#website\"},\"primaryImageOfPage\":{\"@id\":\"https:\\\/\\\/www.reciplasa.es\\\/la-universitat-jaume-i-acull-la-vii-trobada-dintercanvi-dexperiencies-en-educacio-ambiental\\\/#primaryimage\"},\"image\":{\"@id\":\"https:\\\/\\\/www.reciplasa.es\\\/la-universitat-jaume-i-acull-la-vii-trobada-dintercanvi-dexperiencies-en-educacio-ambiental\\\/#primaryimage\"},\"thumbnailUrl\":\"https:\\\/\\\/www.reciplasa.es\\\/wp-content\\\/uploads\\\/2022\\\/06\\\/20220531_094805-scaled.jpg\",\"datePublished\":\"2022-06-07T07:15:02+00:00\",\"dateModified\":\"2022-06-07T07:18:14+00:00\",\"author\":{\"@id\":\"https:\\\/\\\/www.reciplasa.es\\\/#\\\/schema\\\/person\\\/608ffc094e3c56d49e6c6ec8f1ea0e82\"},\"breadcrumb\":{\"@id\":\"https:\\\/\\\/www.reciplasa.es\\\/la-universitat-jaume-i-acull-la-vii-trobada-dintercanvi-dexperiencies-en-educacio-ambiental\\\/#breadcrumb\"},\"inLanguage\":\"va-VA\",\"potentialAction\":[{\"@type\":\"ReadAction\",\"target\":[\"https:\\\/\\\/www.reciplasa.es\\\/la-universitat-jaume-i-acull-la-vii-trobada-dintercanvi-dexperiencies-en-educacio-ambiental\\\/\"]}]},{\"@type\":\"ImageObject\",\"inLanguage\":\"va-VA\",\"@id\":\"https:\\\/\\\/www.reciplasa.es\\\/la-universitat-jaume-i-acull-la-vii-trobada-dintercanvi-dexperiencies-en-educacio-ambiental\\\/#primaryimage\",\"url\":\"https:\\\/\\\/www.reciplasa.es\\\/wp-content\\\/uploads\\\/2022\\\/06\\\/20220531_094805-scaled.jpg\",\"contentUrl\":\"https:\\\/\\\/www.reciplasa.es\\\/wp-content\\\/uploads\\\/2022\\\/06\\\/20220531_094805-scaled.jpg\",\"width\":2560,\"height\":1440},{\"@type\":\"BreadcrumbList\",\"@id\":\"https:\\\/\\\/www.reciplasa.es\\\/la-universitat-jaume-i-acull-la-vii-trobada-dintercanvi-dexperiencies-en-educacio-ambiental\\\/#breadcrumb\",\"itemListElement\":[{\"@type\":\"ListItem\",\"position\":1,\"name\":\"Portada\",\"item\":\"https:\\\/\\\/www.reciplasa.es\\\/va\\\/\"},{\"@type\":\"ListItem\",\"position\":2,\"name\":\"La Universitat Jaume I acull la VII Trobada d\u2019Intercanvi d\u2019Experi\u00e8ncies en Educaci\u00f3 Ambiental\"}]},{\"@type\":\"WebSite\",\"@id\":\"https:\\\/\\\/www.reciplasa.es\\\/#website\",\"url\":\"https:\\\/\\\/www.reciplasa.es\\\/\",\"name\":\"RECIPLASA\",\"description\":\"Reciclats de Residus La Plana SA\",\"potentialAction\":[{\"@type\":\"SearchAction\",\"target\":{\"@type\":\"EntryPoint\",\"urlTemplate\":\"https:\\\/\\\/www.reciplasa.es\\\/?s={search_term_string}\"},\"query-input\":{\"@type\":\"PropertyValueSpecification\",\"valueRequired\":true,\"valueName\":\"search_term_string\"}}],\"inLanguage\":\"va-VA\"},{\"@type\":\"Person\",\"@id\":\"https:\\\/\\\/www.reciplasa.es\\\/#\\\/schema\\\/person\\\/608ffc094e3c56d49e6c6ec8f1ea0e82\",\"name\":\"Cristina Marco\",\"image\":{\"@type\":\"ImageObject\",\"inLanguage\":\"va-VA\",\"@id\":\"https:\\\/\\\/secure.gravatar.com\\\/avatar\\\/6da7e00dc41d26d3c4245f3b2d70d687293df0dfc18f03719354383f7be4f34b?s=96&d=mm&r=g\",\"url\":\"https:\\\/\\\/secure.gravatar.com\\\/avatar\\\/6da7e00dc41d26d3c4245f3b2d70d687293df0dfc18f03719354383f7be4f34b?s=96&d=mm&r=g\",\"contentUrl\":\"https:\\\/\\\/secure.gravatar.com\\\/avatar\\\/6da7e00dc41d26d3c4245f3b2d70d687293df0dfc18f03719354383f7be4f34b?s=96&d=mm&r=g\",\"caption\":\"Cristina Marco\"},\"url\":\"https:\\\/\\\/www.reciplasa.es\\\/va\\\/author\\\/cristina\\\/\"}]}<\/script>\n<!-- \/ Yoast SEO plugin. -->","yoast_head_json":{"title":"La Universitat Jaume I acull la VII Trobada d\u2019Intercanvi d\u2019Experi\u00e8ncies en Educaci\u00f3 Ambiental - RECIPLASA","robots":{"index":"index","follow":"follow","max-snippet":"max-snippet:-1","max-image-preview":"max-image-preview:large","max-video-preview":"max-video-preview:-1"},"canonical":"https:\/\/www.reciplasa.es\/la-universitat-jaume-i-acull-la-vii-trobada-dintercanvi-dexperiencies-en-educacio-ambiental\/","og_locale":"en_US","og_type":"article","og_title":"La Universitat Jaume I acull la VII Trobada d\u2019Intercanvi d\u2019Experi\u00e8ncies en Educaci\u00f3 Ambiental - RECIPLASA","og_description":"La Universitat Jaume I ha acollit la VII Trobada d\u2019Intercanvi d\u2019Experi\u00e8ncies en Educaci\u00f3 Ambiental organitzada pel Seminari d\u2019Educaci\u00f3 Ambiental de Castell\u00f3 amb la col\u00b7laboraci\u00f3 de la Direcci\u00f3 Territorial, la C\u00e0tedra Reciplasa-UJI de Gesti\u00f3 de Residus Urbans i la Fundaci\u00f3 Global Nature. L\u2019objectiu de la trobada \u00e9s promoure la participaci\u00f3, fomentar la reflexi\u00f3 i el comprom\u00edsDale que hay m\u00e1s ...","og_url":"https:\/\/www.reciplasa.es\/la-universitat-jaume-i-acull-la-vii-trobada-dintercanvi-dexperiencies-en-educacio-ambiental\/","og_site_name":"RECIPLASA","article_published_time":"2022-06-07T07:15:02+00:00","article_modified_time":"2022-06-07T07:18:14+00:00","og_image":[{"width":2560,"height":1440,"url":"https:\/\/www.reciplasa.es\/wp-content\/uploads\/2022\/06\/20220531_094805-scaled.jpg","type":"image\/jpeg"}],"author":"Cristina Marco","twitter_card":"summary_large_image","twitter_misc":{"Written by":"Cristina Marco","Est. reading time":"2 minutes"},"schema":{"@context":"https:\/\/schema.org","@graph":[{"@type":"Article","@id":"https:\/\/www.reciplasa.es\/la-universitat-jaume-i-acull-la-vii-trobada-dintercanvi-dexperiencies-en-educacio-ambiental\/#article","isPartOf":{"@id":"https:\/\/www.reciplasa.es\/la-universitat-jaume-i-acull-la-vii-trobada-dintercanvi-dexperiencies-en-educacio-ambiental\/"},"author":{"name":"Cristina Marco","@id":"https:\/\/www.reciplasa.es\/#\/schema\/person\/608ffc094e3c56d49e6c6ec8f1ea0e82"},"headline":"La Universitat Jaume I acull la VII Trobada d\u2019Intercanvi d\u2019Experi\u00e8ncies en Educaci\u00f3 Ambiental","datePublished":"2022-06-07T07:15:02+00:00","dateModified":"2022-06-07T07:18:14+00:00","mainEntityOfPage":{"@id":"https:\/\/www.reciplasa.es\/la-universitat-jaume-i-acull-la-vii-trobada-dintercanvi-dexperiencies-en-educacio-ambiental\/"},"wordCount":254,"image":{"@id":"https:\/\/www.reciplasa.es\/la-universitat-jaume-i-acull-la-vii-trobada-dintercanvi-dexperiencies-en-educacio-ambiental\/#primaryimage"},"thumbnailUrl":"https:\/\/www.reciplasa.es\/wp-content\/uploads\/2022\/06\/20220531_094805-scaled.jpg","articleSection":["C\u00e0tedra Reciplasa-UJI"],"inLanguage":"va-VA"},{"@type":"WebPage","@id":"https:\/\/www.reciplasa.es\/la-universitat-jaume-i-acull-la-vii-trobada-dintercanvi-dexperiencies-en-educacio-ambiental\/","url":"https:\/\/www.reciplasa.es\/la-universitat-jaume-i-acull-la-vii-trobada-dintercanvi-dexperiencies-en-educacio-ambiental\/","name":"La Universitat Jaume I acull la VII Trobada d\u2019Intercanvi d\u2019Experi\u00e8ncies en Educaci\u00f3 Ambiental - RECIPLASA","isPartOf":{"@id":"https:\/\/www.reciplasa.es\/#website"},"primaryImageOfPage":{"@id":"https:\/\/www.reciplasa.es\/la-universitat-jaume-i-acull-la-vii-trobada-dintercanvi-dexperiencies-en-educacio-ambiental\/#primaryimage"},"image":{"@id":"https:\/\/www.reciplasa.es\/la-universitat-jaume-i-acull-la-vii-trobada-dintercanvi-dexperiencies-en-educacio-ambiental\/#primaryimage"},"thumbnailUrl":"https:\/\/www.reciplasa.es\/wp-content\/uploads\/2022\/06\/20220531_094805-scaled.jpg","datePublished":"2022-06-07T07:15:02+00:00","dateModified":"2022-06-07T07:18:14+00:00","author":{"@id":"https:\/\/www.reciplasa.es\/#\/schema\/person\/608ffc094e3c56d49e6c6ec8f1ea0e82"},"breadcrumb":{"@id":"https:\/\/www.reciplasa.es\/la-universitat-jaume-i-acull-la-vii-trobada-dintercanvi-dexperiencies-en-educacio-ambiental\/#breadcrumb"},"inLanguage":"va-VA","potentialAction":[{"@type":"ReadAction","target":["https:\/\/www.reciplasa.es\/la-universitat-jaume-i-acull-la-vii-trobada-dintercanvi-dexperiencies-en-educacio-ambiental\/"]}]},{"@type":"ImageObject","inLanguage":"va-VA","@id":"https:\/\/www.reciplasa.es\/la-universitat-jaume-i-acull-la-vii-trobada-dintercanvi-dexperiencies-en-educacio-ambiental\/#primaryimage","url":"https:\/\/www.reciplasa.es\/wp-content\/uploads\/2022\/06\/20220531_094805-scaled.jpg","contentUrl":"https:\/\/www.reciplasa.es\/wp-content\/uploads\/2022\/06\/20220531_094805-scaled.jpg","width":2560,"height":1440},{"@type":"BreadcrumbList","@id":"https:\/\/www.reciplasa.es\/la-universitat-jaume-i-acull-la-vii-trobada-dintercanvi-dexperiencies-en-educacio-ambiental\/#breadcrumb","itemListElement":[{"@type":"ListItem","position":1,"name":"Portada","item":"https:\/\/www.reciplasa.es\/va\/"},{"@type":"ListItem","position":2,"name":"La Universitat Jaume I acull la VII Trobada d\u2019Intercanvi d\u2019Experi\u00e8ncies en Educaci\u00f3 Ambiental"}]},{"@type":"WebSite","@id":"https:\/\/www.reciplasa.es\/#website","url":"https:\/\/www.reciplasa.es\/","name":"RECIPLASA","description":"Reciclats de Residus La Plana SA","potentialAction":[{"@type":"SearchAction","target":{"@type":"EntryPoint","urlTemplate":"https:\/\/www.reciplasa.es\/?s={search_term_string}"},"query-input":{"@type":"PropertyValueSpecification","valueRequired":true,"valueName":"search_term_string"}}],"inLanguage":"va-VA"},{"@type":"Person","@id":"https:\/\/www.reciplasa.es\/#\/schema\/person\/608ffc094e3c56d49e6c6ec8f1ea0e82","name":"Cristina Marco","image":{"@type":"ImageObject","inLanguage":"va-VA","@id":"https:\/\/secure.gravatar.com\/avatar\/6da7e00dc41d26d3c4245f3b2d70d687293df0dfc18f03719354383f7be4f34b?s=96&d=mm&r=g","url":"https:\/\/secure.gravatar.com\/avatar\/6da7e00dc41d26d3c4245f3b2d70d687293df0dfc18f03719354383f7be4f34b?s=96&d=mm&r=g","contentUrl":"https:\/\/secure.gravatar.com\/avatar\/6da7e00dc41d26d3c4245f3b2d70d687293df0dfc18f03719354383f7be4f34b?s=96&d=mm&r=g","caption":"Cristina Marco"},"url":"https:\/\/www.reciplasa.es\/va\/author\/cristina\/"}]}},"_links":{"self":[{"href":"https:\/\/www.reciplasa.es\/va\/wp-json\/wp\/v2\/posts\/15325","targetHints":{"allow":["GET"]}}],"collection":[{"href":"https:\/\/www.reciplasa.es\/va\/wp-json\/wp\/v2\/posts"}],"about":[{"href":"https:\/\/www.reciplasa.es\/va\/wp-json\/wp\/v2\/types\/post"}],"author":[{"embeddable":true,"href":"https:\/\/www.reciplasa.es\/va\/wp-json\/wp\/v2\/users\/3"}],"replies":[{"embeddable":true,"href":"https:\/\/www.reciplasa.es\/va\/wp-json\/wp\/v2\/comments?post=15325"}],"version-history":[{"count":2,"href":"https:\/\/www.reciplasa.es\/va\/wp-json\/wp\/v2\/posts\/15325\/revisions"}],"predecessor-version":[{"id":15328,"href":"https:\/\/www.reciplasa.es\/va\/wp-json\/wp\/v2\/posts\/15325\/revisions\/15328"}],"wp:featuredmedia":[{"embeddable":true,"href":"https:\/\/www.reciplasa.es\/va\/wp-json\/wp\/v2\/media\/15322"}],"wp:attachment":[{"href":"https:\/\/www.reciplasa.es\/va\/wp-json\/wp\/v2\/media?parent=15325"}],"wp:term":[{"taxonomy":"category","embeddable":true,"href":"https:\/\/www.reciplasa.es\/va\/wp-json\/wp\/v2\/categories?post=15325"},{"taxonomy":"post_tag","embeddable":true,"href":"https:\/\/www.reciplasa.es\/va\/wp-json\/wp\/v2\/tags?post=15325"}],"curies":[{"name":"wp","href":"https:\/\/api.w.org\/{rel}","templated":true}]}}