{"id":15336,"date":"2022-06-08T10:10:39","date_gmt":"2022-06-08T10:10:39","guid":{"rendered":"https:\/\/www.reciplasa.es\/?p=15336\/"},"modified":"2022-06-08T11:51:06","modified_gmt":"2022-06-08T11:51:06","slug":"la-catedra-reciplasa-de-gestio-de-residus-urbans-de-luji-lliura-els-premis-que-fem-amb-el-fem-2022","status":"publish","type":"post","link":"https:\/\/www.reciplasa.es\/va\/la-catedra-reciplasa-de-gestio-de-residus-urbans-de-luji-lliura-els-premis-que-fem-amb-el-fem-2022\/","title":{"rendered":"La C\u00e0tedra Reciplasa de Gesti\u00f3 de Residus Urbans de l&#8217;UJI lliura els premis \u00abQu\u00e8 fem amb el fem?\u00bb 2022"},"content":{"rendered":"<p>La C\u00e0tedra Reciplasa\u00a0de Gesti\u00f3 de Residus S\u00f2lids Urbans de la Universitat Jaume I de Castell\u00f3, en col\u00b7laboraci\u00f3 amb el Seminari d&#8217;Educaci\u00f3 Ambiental de Castell\u00f3, ha lliurat un any m\u00e9s els guardons del concurs escolar \u00abQu\u00e8 fem amb el fem?\u00bb,\u00a0que premia els millors projectes d&#8217;educaci\u00f3 mediambiental des d&#8217;educaci\u00f3 infantil fins a educaci\u00f3 especial passant per prim\u00e0ria i secund\u00e0ria.<\/p>\n<p>L&#8217;acte ha comptat amb la participaci\u00f3 del vicerector d&#8217;Investigaci\u00f3, Jes\u00fas Lancis;\u00a0el director de la C\u00e0tedra, F\u00e9lix Hern\u00e1ndez; el president de Reciplasa, Ignasi Garc\u00eda;\u00a0l&#8217;alcaldessa de Vilafranca, Silvia Colom;\u00a0el regidor d&#8217;Educaci\u00f3 de l&#8217;Ajuntament de Castell\u00f3 de la Plana, Francesc Mezquita, i el director t\u00e8cnic de Reciplasa, Fernando Albarr\u00e1n.<\/p>\n<p><img loading=\"lazy\" decoding=\"async\" class=\"aligncenter size-large wp-image-15343\" src=\"https:\/\/www.reciplasa.es\/wp-content\/uploads\/2022\/06\/37A7369-1024x683.jpeg\" alt=\"\" width=\"800\" height=\"534\" srcset=\"https:\/\/www.reciplasa.es\/wp-content\/uploads\/2022\/06\/37A7369-1024x683.jpeg 1024w, https:\/\/www.reciplasa.es\/wp-content\/uploads\/2022\/06\/37A7369-300x200.jpeg 300w, https:\/\/www.reciplasa.es\/wp-content\/uploads\/2022\/06\/37A7369-768x512.jpeg 768w, https:\/\/www.reciplasa.es\/wp-content\/uploads\/2022\/06\/37A7369-1536x1025.jpeg 1536w, https:\/\/www.reciplasa.es\/wp-content\/uploads\/2022\/06\/37A7369-2048x1366.jpeg 2048w\" sizes=\"auto, (max-width: 800px) 100vw, 800px\" \/><\/p>\n<p>En aquesta edici\u00f3 s&#8217;han premiat quatre projectes. Els guardonats han sigut\u00a0<a href=\"https:\/\/youtu.be\/ElWnA4XSRfQ\">Junts per un m\u00f3n sostenible<\/a>\u00a0del <strong>Centre d&#8217;Educaci\u00f3 Especial el Cau de Castell\u00f3<\/strong>, coordinat per la professora Elisa G\u00f3mez Albi\u00f1ana i l&#8217;educadora Mar\u00eda\u00a0Teresa Catal\u00e1n Pe\u00f1a en la categoria d&#8217;Educaci\u00f3 Especial, amb la participaci\u00f3 de cinc alumnes, i\u00a0el projecte\u00a0<a href=\"https:\/\/youtu.be\/6_A4g9CfhBY\">Patrulla Reciclatge<\/a>\u00a0del <strong>CEIP Don Blasco de Alag\u00f3n\u00a0de Vilafranca<\/strong>, coordinat per la professora Alicia Monfort Marqu\u00e9s en la secci\u00f3 d&#8217;Educaci\u00f3 Infantil que ha comptat amb la participaci\u00f3 de 16 xiquets i xiquetes.<\/p>\n<p><img loading=\"lazy\" decoding=\"async\" class=\"aligncenter size-large wp-image-15344\" src=\"https:\/\/www.reciplasa.es\/wp-content\/uploads\/2022\/06\/37A7382-1024x683.jpeg\" alt=\"\" width=\"800\" height=\"534\" srcset=\"https:\/\/www.reciplasa.es\/wp-content\/uploads\/2022\/06\/37A7382-1024x683.jpeg 1024w, https:\/\/www.reciplasa.es\/wp-content\/uploads\/2022\/06\/37A7382-300x200.jpeg 300w, https:\/\/www.reciplasa.es\/wp-content\/uploads\/2022\/06\/37A7382-768x512.jpeg 768w, https:\/\/www.reciplasa.es\/wp-content\/uploads\/2022\/06\/37A7382-1536x1025.jpeg 1536w, https:\/\/www.reciplasa.es\/wp-content\/uploads\/2022\/06\/37A7382-2048x1366.jpeg 2048w\" sizes=\"auto, (max-width: 800px) 100vw, 800px\" \/><\/p>\n<p>En la categoria d&#8217;Educaci\u00f3 Prim\u00e0ria el projecte guardonat ha sigut\u00a0<a href=\"https:\/\/youtu.be\/hTQmpx6FU6k\">A l&#8217;escola amb saquet<\/a>\u00a0del <strong>Centre Ramiro Izquierdo de Castell\u00f3<\/strong>, coordinat per la professora Lid\u00f3n Blanch Pascual i en el qual han participat una vintena d&#8217;alumnes; i en la categoria d&#8217;Educaci\u00f3 Secund\u00e0ria el projecte\u00a0<a href=\"https:\/\/youtu.be\/A4ZV7DarNTE\">El teu granet d&#8217;arena compta<\/a>\u00a0de l&#8217;<strong>IES Porcar de Castell\u00f3<\/strong> coordinat per la professora Marta Maci\u00e1n Sancha, amb la participaci\u00f3 de 16 joves.<\/p>\n<div id=\"attachment_15348\" style=\"width: 810px\" class=\"wp-caption aligncenter\"><img loading=\"lazy\" decoding=\"async\" aria-describedby=\"caption-attachment-15348\" class=\"wp-image-15348 size-large\" src=\"https:\/\/www.reciplasa.es\/wp-content\/uploads\/2022\/06\/IMG_6941-1024x768.jpeg\" alt=\"\" width=\"800\" height=\"600\" srcset=\"https:\/\/www.reciplasa.es\/wp-content\/uploads\/2022\/06\/IMG_6941-1024x768.jpeg 1024w, https:\/\/www.reciplasa.es\/wp-content\/uploads\/2022\/06\/IMG_6941-300x225.jpeg 300w, https:\/\/www.reciplasa.es\/wp-content\/uploads\/2022\/06\/IMG_6941-768x576.jpeg 768w, https:\/\/www.reciplasa.es\/wp-content\/uploads\/2022\/06\/IMG_6941-1536x1152.jpeg 1536w, https:\/\/www.reciplasa.es\/wp-content\/uploads\/2022\/06\/IMG_6941-2048x1536.jpeg 2048w\" sizes=\"auto, (max-width: 800px) 100vw, 800px\" \/><p id=\"caption-attachment-15348\" class=\"wp-caption-text\">Guanyadors educaci\u00f3 especial &#8216;Qu\u00e8 fem amb el fem?&#8217; &#8211; Cau de Castell\u00f3<\/p><\/div>\n<div id=\"attachment_15349\" style=\"width: 810px\" class=\"wp-caption aligncenter\"><img loading=\"lazy\" decoding=\"async\" aria-describedby=\"caption-attachment-15349\" class=\"wp-image-15349 size-large\" src=\"https:\/\/www.reciplasa.es\/wp-content\/uploads\/2022\/06\/IMG_6946-1024x576.jpeg\" alt=\"\" width=\"800\" height=\"450\" srcset=\"https:\/\/www.reciplasa.es\/wp-content\/uploads\/2022\/06\/IMG_6946-1024x576.jpeg 1024w, https:\/\/www.reciplasa.es\/wp-content\/uploads\/2022\/06\/IMG_6946-300x169.jpeg 300w, https:\/\/www.reciplasa.es\/wp-content\/uploads\/2022\/06\/IMG_6946-768x432.jpeg 768w, https:\/\/www.reciplasa.es\/wp-content\/uploads\/2022\/06\/IMG_6946-1536x864.jpeg 1536w, https:\/\/www.reciplasa.es\/wp-content\/uploads\/2022\/06\/IMG_6946-2048x1152.jpeg 2048w\" sizes=\"auto, (max-width: 800px) 100vw, 800px\" \/><p id=\"caption-attachment-15349\" class=\"wp-caption-text\">Guanyadors infantil &#8216;Qu\u00e8 fem amb el fem?&#8217; &#8211; CEIP Don Blasco de Alag\u00f3n de Vilafranca<\/p><\/div>\n<div id=\"attachment_15350\" style=\"width: 810px\" class=\"wp-caption aligncenter\"><img loading=\"lazy\" decoding=\"async\" aria-describedby=\"caption-attachment-15350\" class=\"wp-image-15350 size-large\" src=\"https:\/\/www.reciplasa.es\/wp-content\/uploads\/2022\/06\/IMG_6955-1024x768.jpeg\" alt=\"\" width=\"800\" height=\"600\" srcset=\"https:\/\/www.reciplasa.es\/wp-content\/uploads\/2022\/06\/IMG_6955-1024x768.jpeg 1024w, https:\/\/www.reciplasa.es\/wp-content\/uploads\/2022\/06\/IMG_6955-300x225.jpeg 300w, https:\/\/www.reciplasa.es\/wp-content\/uploads\/2022\/06\/IMG_6955-768x576.jpeg 768w, https:\/\/www.reciplasa.es\/wp-content\/uploads\/2022\/06\/IMG_6955-1536x1152.jpeg 1536w, https:\/\/www.reciplasa.es\/wp-content\/uploads\/2022\/06\/IMG_6955-2048x1536.jpeg 2048w\" sizes=\"auto, (max-width: 800px) 100vw, 800px\" \/><p id=\"caption-attachment-15350\" class=\"wp-caption-text\">Guanyadors prim\u00e0ria &#8216;Qu\u00e8 fem amb el fem?&#8217; &#8211; Centro Ramiro Izquierdo de Castell\u00f3<\/p><\/div>\n<div id=\"attachment_15351\" style=\"width: 810px\" class=\"wp-caption aligncenter\"><img loading=\"lazy\" decoding=\"async\" aria-describedby=\"caption-attachment-15351\" class=\"wp-image-15351 size-large\" src=\"https:\/\/www.reciplasa.es\/wp-content\/uploads\/2022\/06\/IMG_6968-1024x768.jpeg\" alt=\"\" width=\"800\" height=\"600\" srcset=\"https:\/\/www.reciplasa.es\/wp-content\/uploads\/2022\/06\/IMG_6968-1024x768.jpeg 1024w, https:\/\/www.reciplasa.es\/wp-content\/uploads\/2022\/06\/IMG_6968-300x225.jpeg 300w, https:\/\/www.reciplasa.es\/wp-content\/uploads\/2022\/06\/IMG_6968-768x576.jpeg 768w, https:\/\/www.reciplasa.es\/wp-content\/uploads\/2022\/06\/IMG_6968-1536x1152.jpeg 1536w, https:\/\/www.reciplasa.es\/wp-content\/uploads\/2022\/06\/IMG_6968-2048x1536.jpeg 2048w\" sizes=\"auto, (max-width: 800px) 100vw, 800px\" \/><p id=\"caption-attachment-15351\" class=\"wp-caption-text\">Guanyadors secundaria &#8216;Qu\u00e8 fem amb el fem?&#8217; &#8211; IES Porcar de Castell\u00f3<\/p><\/div>\n","protected":false},"excerpt":{"rendered":"<p>La C\u00e0tedra Reciplasa\u00a0de Gesti\u00f3 de Residus S\u00f2lids Urbans de la Universitat Jaume I de Castell\u00f3, en col\u00b7laboraci\u00f3 amb el Seminari d&#8217;Educaci\u00f3 Ambiental de Castell\u00f3, ha lliurat un any m\u00e9s els guardons del concurs escolar \u00abQu\u00e8 fem amb el fem?\u00bb,\u00a0que premia els millors projectes d&#8217;educaci\u00f3 mediambiental des d&#8217;educaci\u00f3 infantil fins a educaci\u00f3 especial passant per prim\u00e0riaDale que hay m\u00e1s &#8230;<\/p>\n","protected":false},"author":3,"featured_media":15341,"comment_status":"closed","ping_status":"closed","sticky":false,"template":"","format":"standard","meta":{"footnotes":""},"categories":[88],"tags":[],"class_list":["post-15336","post","type-post","status-publish","format-standard","has-post-thumbnail","hentry","category-catedra-reciplasa-uji"],"yoast_head":"<!-- This site is optimized with the Yoast SEO plugin v27.4 - https:\/\/yoast.com\/product\/yoast-seo-wordpress\/ -->\n<title>La C\u00e0tedra Reciplasa de Gesti\u00f3 de Residus Urbans de l&#039;UJI lliura els premis \u00abQu\u00e8 fem amb el fem?\u00bb 2022 - RECIPLASA<\/title>\n<meta name=\"robots\" content=\"index, follow, max-snippet:-1, max-image-preview:large, max-video-preview:-1\" \/>\n<link rel=\"canonical\" href=\"https:\/\/www.reciplasa.es\/la-catedra-reciplasa-de-gestion-de-residuos-urbanos-de-la-uji-entrega-los-premios-que-fem-amb-el-fem-2022\/\" \/>\n<meta property=\"og:locale\" content=\"en_US\" \/>\n<meta property=\"og:type\" content=\"article\" \/>\n<meta property=\"og:title\" content=\"La C\u00e0tedra Reciplasa de Gesti\u00f3 de Residus Urbans de l&#039;UJI lliura els premis \u00abQu\u00e8 fem amb el fem?\u00bb 2022 - RECIPLASA\" \/>\n<meta property=\"og:description\" content=\"La C\u00e0tedra Reciplasa\u00a0de Gesti\u00f3 de Residus S\u00f2lids Urbans de la Universitat Jaume I de Castell\u00f3, en col\u00b7laboraci\u00f3 amb el Seminari d&#8217;Educaci\u00f3 Ambiental de Castell\u00f3, ha lliurat un any m\u00e9s els guardons del concurs escolar \u00abQu\u00e8 fem amb el fem?\u00bb,\u00a0que premia els millors projectes d&#8217;educaci\u00f3 mediambiental des d&#8217;educaci\u00f3 infantil fins a educaci\u00f3 especial passant per prim\u00e0riaDale que hay m\u00e1s ...\" \/>\n<meta property=\"og:url\" content=\"https:\/\/www.reciplasa.es\/la-catedra-reciplasa-de-gestion-de-residuos-urbanos-de-la-uji-entrega-los-premios-que-fem-amb-el-fem-2022\/\" \/>\n<meta property=\"og:site_name\" content=\"RECIPLASA\" \/>\n<meta property=\"article:published_time\" content=\"2022-06-08T10:10:39+00:00\" \/>\n<meta property=\"article:modified_time\" content=\"2022-06-08T11:51:06+00:00\" \/>\n<meta property=\"og:image\" content=\"https:\/\/www.reciplasa.es\/wp-content\/uploads\/2022\/06\/37a7475.jpeg\" \/>\n\t<meta property=\"og:image:width\" content=\"1200\" \/>\n\t<meta property=\"og:image:height\" content=\"800\" \/>\n\t<meta property=\"og:image:type\" content=\"image\/jpeg\" \/>\n<meta name=\"author\" content=\"Cristina Marco\" \/>\n<meta name=\"twitter:card\" content=\"summary_large_image\" \/>\n<meta name=\"twitter:label1\" content=\"Written by\" \/>\n\t<meta name=\"twitter:data1\" content=\"Cristina Marco\" \/>\n\t<meta name=\"twitter:label2\" content=\"Est. reading time\" \/>\n\t<meta name=\"twitter:data2\" content=\"3 minutes\" \/>\n<script type=\"application\/ld+json\" class=\"yoast-schema-graph\">{\"@context\":\"https:\\\/\\\/schema.org\",\"@graph\":[{\"@type\":\"Article\",\"@id\":\"https:\\\/\\\/www.reciplasa.es\\\/la-catedra-reciplasa-de-gestion-de-residuos-urbanos-de-la-uji-entrega-los-premios-que-fem-amb-el-fem-2022\\\/#article\",\"isPartOf\":{\"@id\":\"https:\\\/\\\/www.reciplasa.es\\\/la-catedra-reciplasa-de-gestion-de-residuos-urbanos-de-la-uji-entrega-los-premios-que-fem-amb-el-fem-2022\\\/\"},\"author\":{\"name\":\"Cristina Marco\",\"@id\":\"https:\\\/\\\/www.reciplasa.es\\\/#\\\/schema\\\/person\\\/608ffc094e3c56d49e6c6ec8f1ea0e82\"},\"headline\":\"La C\u00e0tedra Reciplasa de Gesti\u00f3 de Residus Urbans de l&#8217;UJI lliura els premis \u00abQu\u00e8 fem amb el fem?\u00bb 2022\",\"datePublished\":\"2022-06-08T10:10:39+00:00\",\"dateModified\":\"2022-06-08T11:51:06+00:00\",\"mainEntityOfPage\":{\"@id\":\"https:\\\/\\\/www.reciplasa.es\\\/la-catedra-reciplasa-de-gestion-de-residuos-urbanos-de-la-uji-entrega-los-premios-que-fem-amb-el-fem-2022\\\/\"},\"wordCount\":403,\"image\":{\"@id\":\"https:\\\/\\\/www.reciplasa.es\\\/la-catedra-reciplasa-de-gestion-de-residuos-urbanos-de-la-uji-entrega-los-premios-que-fem-amb-el-fem-2022\\\/#primaryimage\"},\"thumbnailUrl\":\"https:\\\/\\\/www.reciplasa.es\\\/wp-content\\\/uploads\\\/2022\\\/06\\\/37a7475.jpeg\",\"articleSection\":[\"C\u00e0tedra Reciplasa-UJI\"],\"inLanguage\":\"va-VA\"},{\"@type\":\"WebPage\",\"@id\":\"https:\\\/\\\/www.reciplasa.es\\\/la-catedra-reciplasa-de-gestion-de-residuos-urbanos-de-la-uji-entrega-los-premios-que-fem-amb-el-fem-2022\\\/\",\"url\":\"https:\\\/\\\/www.reciplasa.es\\\/la-catedra-reciplasa-de-gestion-de-residuos-urbanos-de-la-uji-entrega-los-premios-que-fem-amb-el-fem-2022\\\/\",\"name\":\"La C\u00e0tedra Reciplasa de Gesti\u00f3 de Residus Urbans de l'UJI lliura els premis \u00abQu\u00e8 fem amb el fem?\u00bb 2022 - RECIPLASA\",\"isPartOf\":{\"@id\":\"https:\\\/\\\/www.reciplasa.es\\\/#website\"},\"primaryImageOfPage\":{\"@id\":\"https:\\\/\\\/www.reciplasa.es\\\/la-catedra-reciplasa-de-gestion-de-residuos-urbanos-de-la-uji-entrega-los-premios-que-fem-amb-el-fem-2022\\\/#primaryimage\"},\"image\":{\"@id\":\"https:\\\/\\\/www.reciplasa.es\\\/la-catedra-reciplasa-de-gestion-de-residuos-urbanos-de-la-uji-entrega-los-premios-que-fem-amb-el-fem-2022\\\/#primaryimage\"},\"thumbnailUrl\":\"https:\\\/\\\/www.reciplasa.es\\\/wp-content\\\/uploads\\\/2022\\\/06\\\/37a7475.jpeg\",\"datePublished\":\"2022-06-08T10:10:39+00:00\",\"dateModified\":\"2022-06-08T11:51:06+00:00\",\"author\":{\"@id\":\"https:\\\/\\\/www.reciplasa.es\\\/#\\\/schema\\\/person\\\/608ffc094e3c56d49e6c6ec8f1ea0e82\"},\"breadcrumb\":{\"@id\":\"https:\\\/\\\/www.reciplasa.es\\\/la-catedra-reciplasa-de-gestion-de-residuos-urbanos-de-la-uji-entrega-los-premios-que-fem-amb-el-fem-2022\\\/#breadcrumb\"},\"inLanguage\":\"va-VA\",\"potentialAction\":[{\"@type\":\"ReadAction\",\"target\":[\"https:\\\/\\\/www.reciplasa.es\\\/la-catedra-reciplasa-de-gestion-de-residuos-urbanos-de-la-uji-entrega-los-premios-que-fem-amb-el-fem-2022\\\/\"]}]},{\"@type\":\"ImageObject\",\"inLanguage\":\"va-VA\",\"@id\":\"https:\\\/\\\/www.reciplasa.es\\\/la-catedra-reciplasa-de-gestion-de-residuos-urbanos-de-la-uji-entrega-los-premios-que-fem-amb-el-fem-2022\\\/#primaryimage\",\"url\":\"https:\\\/\\\/www.reciplasa.es\\\/wp-content\\\/uploads\\\/2022\\\/06\\\/37a7475.jpeg\",\"contentUrl\":\"https:\\\/\\\/www.reciplasa.es\\\/wp-content\\\/uploads\\\/2022\\\/06\\\/37a7475.jpeg\",\"width\":1200,\"height\":800},{\"@type\":\"BreadcrumbList\",\"@id\":\"https:\\\/\\\/www.reciplasa.es\\\/la-catedra-reciplasa-de-gestion-de-residuos-urbanos-de-la-uji-entrega-los-premios-que-fem-amb-el-fem-2022\\\/#breadcrumb\",\"itemListElement\":[{\"@type\":\"ListItem\",\"position\":1,\"name\":\"Portada\",\"item\":\"https:\\\/\\\/www.reciplasa.es\\\/va\\\/\"},{\"@type\":\"ListItem\",\"position\":2,\"name\":\"La C\u00e0tedra Reciplasa de Gesti\u00f3 de Residus Urbans de l&#8217;UJI lliura els premis \u00abQu\u00e8 fem amb el fem?\u00bb 2022\"}]},{\"@type\":\"WebSite\",\"@id\":\"https:\\\/\\\/www.reciplasa.es\\\/#website\",\"url\":\"https:\\\/\\\/www.reciplasa.es\\\/\",\"name\":\"RECIPLASA\",\"description\":\"Reciclats de Residus La Plana SA\",\"potentialAction\":[{\"@type\":\"SearchAction\",\"target\":{\"@type\":\"EntryPoint\",\"urlTemplate\":\"https:\\\/\\\/www.reciplasa.es\\\/?s={search_term_string}\"},\"query-input\":{\"@type\":\"PropertyValueSpecification\",\"valueRequired\":true,\"valueName\":\"search_term_string\"}}],\"inLanguage\":\"va-VA\"},{\"@type\":\"Person\",\"@id\":\"https:\\\/\\\/www.reciplasa.es\\\/#\\\/schema\\\/person\\\/608ffc094e3c56d49e6c6ec8f1ea0e82\",\"name\":\"Cristina Marco\",\"image\":{\"@type\":\"ImageObject\",\"inLanguage\":\"va-VA\",\"@id\":\"https:\\\/\\\/secure.gravatar.com\\\/avatar\\\/6da7e00dc41d26d3c4245f3b2d70d687293df0dfc18f03719354383f7be4f34b?s=96&d=mm&r=g\",\"url\":\"https:\\\/\\\/secure.gravatar.com\\\/avatar\\\/6da7e00dc41d26d3c4245f3b2d70d687293df0dfc18f03719354383f7be4f34b?s=96&d=mm&r=g\",\"contentUrl\":\"https:\\\/\\\/secure.gravatar.com\\\/avatar\\\/6da7e00dc41d26d3c4245f3b2d70d687293df0dfc18f03719354383f7be4f34b?s=96&d=mm&r=g\",\"caption\":\"Cristina Marco\"},\"url\":\"https:\\\/\\\/www.reciplasa.es\\\/va\\\/author\\\/cristina\\\/\"}]}<\/script>\n<!-- \/ Yoast SEO plugin. -->","yoast_head_json":{"title":"La C\u00e0tedra Reciplasa de Gesti\u00f3 de Residus Urbans de l'UJI lliura els premis \u00abQu\u00e8 fem amb el fem?\u00bb 2022 - RECIPLASA","robots":{"index":"index","follow":"follow","max-snippet":"max-snippet:-1","max-image-preview":"max-image-preview:large","max-video-preview":"max-video-preview:-1"},"canonical":"https:\/\/www.reciplasa.es\/la-catedra-reciplasa-de-gestion-de-residuos-urbanos-de-la-uji-entrega-los-premios-que-fem-amb-el-fem-2022\/","og_locale":"en_US","og_type":"article","og_title":"La C\u00e0tedra Reciplasa de Gesti\u00f3 de Residus Urbans de l'UJI lliura els premis \u00abQu\u00e8 fem amb el fem?\u00bb 2022 - RECIPLASA","og_description":"La C\u00e0tedra Reciplasa\u00a0de Gesti\u00f3 de Residus S\u00f2lids Urbans de la Universitat Jaume I de Castell\u00f3, en col\u00b7laboraci\u00f3 amb el Seminari d&#8217;Educaci\u00f3 Ambiental de Castell\u00f3, ha lliurat un any m\u00e9s els guardons del concurs escolar \u00abQu\u00e8 fem amb el fem?\u00bb,\u00a0que premia els millors projectes d&#8217;educaci\u00f3 mediambiental des d&#8217;educaci\u00f3 infantil fins a educaci\u00f3 especial passant per prim\u00e0riaDale que hay m\u00e1s ...","og_url":"https:\/\/www.reciplasa.es\/la-catedra-reciplasa-de-gestion-de-residuos-urbanos-de-la-uji-entrega-los-premios-que-fem-amb-el-fem-2022\/","og_site_name":"RECIPLASA","article_published_time":"2022-06-08T10:10:39+00:00","article_modified_time":"2022-06-08T11:51:06+00:00","og_image":[{"width":1200,"height":800,"url":"https:\/\/www.reciplasa.es\/wp-content\/uploads\/2022\/06\/37a7475.jpeg","type":"image\/jpeg"}],"author":"Cristina Marco","twitter_card":"summary_large_image","twitter_misc":{"Written by":"Cristina Marco","Est. reading time":"3 minutes"},"schema":{"@context":"https:\/\/schema.org","@graph":[{"@type":"Article","@id":"https:\/\/www.reciplasa.es\/la-catedra-reciplasa-de-gestion-de-residuos-urbanos-de-la-uji-entrega-los-premios-que-fem-amb-el-fem-2022\/#article","isPartOf":{"@id":"https:\/\/www.reciplasa.es\/la-catedra-reciplasa-de-gestion-de-residuos-urbanos-de-la-uji-entrega-los-premios-que-fem-amb-el-fem-2022\/"},"author":{"name":"Cristina Marco","@id":"https:\/\/www.reciplasa.es\/#\/schema\/person\/608ffc094e3c56d49e6c6ec8f1ea0e82"},"headline":"La C\u00e0tedra Reciplasa de Gesti\u00f3 de Residus Urbans de l&#8217;UJI lliura els premis \u00abQu\u00e8 fem amb el fem?\u00bb 2022","datePublished":"2022-06-08T10:10:39+00:00","dateModified":"2022-06-08T11:51:06+00:00","mainEntityOfPage":{"@id":"https:\/\/www.reciplasa.es\/la-catedra-reciplasa-de-gestion-de-residuos-urbanos-de-la-uji-entrega-los-premios-que-fem-amb-el-fem-2022\/"},"wordCount":403,"image":{"@id":"https:\/\/www.reciplasa.es\/la-catedra-reciplasa-de-gestion-de-residuos-urbanos-de-la-uji-entrega-los-premios-que-fem-amb-el-fem-2022\/#primaryimage"},"thumbnailUrl":"https:\/\/www.reciplasa.es\/wp-content\/uploads\/2022\/06\/37a7475.jpeg","articleSection":["C\u00e0tedra Reciplasa-UJI"],"inLanguage":"va-VA"},{"@type":"WebPage","@id":"https:\/\/www.reciplasa.es\/la-catedra-reciplasa-de-gestion-de-residuos-urbanos-de-la-uji-entrega-los-premios-que-fem-amb-el-fem-2022\/","url":"https:\/\/www.reciplasa.es\/la-catedra-reciplasa-de-gestion-de-residuos-urbanos-de-la-uji-entrega-los-premios-que-fem-amb-el-fem-2022\/","name":"La C\u00e0tedra Reciplasa de Gesti\u00f3 de Residus Urbans de l'UJI lliura els premis \u00abQu\u00e8 fem amb el fem?\u00bb 2022 - RECIPLASA","isPartOf":{"@id":"https:\/\/www.reciplasa.es\/#website"},"primaryImageOfPage":{"@id":"https:\/\/www.reciplasa.es\/la-catedra-reciplasa-de-gestion-de-residuos-urbanos-de-la-uji-entrega-los-premios-que-fem-amb-el-fem-2022\/#primaryimage"},"image":{"@id":"https:\/\/www.reciplasa.es\/la-catedra-reciplasa-de-gestion-de-residuos-urbanos-de-la-uji-entrega-los-premios-que-fem-amb-el-fem-2022\/#primaryimage"},"thumbnailUrl":"https:\/\/www.reciplasa.es\/wp-content\/uploads\/2022\/06\/37a7475.jpeg","datePublished":"2022-06-08T10:10:39+00:00","dateModified":"2022-06-08T11:51:06+00:00","author":{"@id":"https:\/\/www.reciplasa.es\/#\/schema\/person\/608ffc094e3c56d49e6c6ec8f1ea0e82"},"breadcrumb":{"@id":"https:\/\/www.reciplasa.es\/la-catedra-reciplasa-de-gestion-de-residuos-urbanos-de-la-uji-entrega-los-premios-que-fem-amb-el-fem-2022\/#breadcrumb"},"inLanguage":"va-VA","potentialAction":[{"@type":"ReadAction","target":["https:\/\/www.reciplasa.es\/la-catedra-reciplasa-de-gestion-de-residuos-urbanos-de-la-uji-entrega-los-premios-que-fem-amb-el-fem-2022\/"]}]},{"@type":"ImageObject","inLanguage":"va-VA","@id":"https:\/\/www.reciplasa.es\/la-catedra-reciplasa-de-gestion-de-residuos-urbanos-de-la-uji-entrega-los-premios-que-fem-amb-el-fem-2022\/#primaryimage","url":"https:\/\/www.reciplasa.es\/wp-content\/uploads\/2022\/06\/37a7475.jpeg","contentUrl":"https:\/\/www.reciplasa.es\/wp-content\/uploads\/2022\/06\/37a7475.jpeg","width":1200,"height":800},{"@type":"BreadcrumbList","@id":"https:\/\/www.reciplasa.es\/la-catedra-reciplasa-de-gestion-de-residuos-urbanos-de-la-uji-entrega-los-premios-que-fem-amb-el-fem-2022\/#breadcrumb","itemListElement":[{"@type":"ListItem","position":1,"name":"Portada","item":"https:\/\/www.reciplasa.es\/va\/"},{"@type":"ListItem","position":2,"name":"La C\u00e0tedra Reciplasa de Gesti\u00f3 de Residus Urbans de l&#8217;UJI lliura els premis \u00abQu\u00e8 fem amb el fem?\u00bb 2022"}]},{"@type":"WebSite","@id":"https:\/\/www.reciplasa.es\/#website","url":"https:\/\/www.reciplasa.es\/","name":"RECIPLASA","description":"Reciclats de Residus La Plana SA","potentialAction":[{"@type":"SearchAction","target":{"@type":"EntryPoint","urlTemplate":"https:\/\/www.reciplasa.es\/?s={search_term_string}"},"query-input":{"@type":"PropertyValueSpecification","valueRequired":true,"valueName":"search_term_string"}}],"inLanguage":"va-VA"},{"@type":"Person","@id":"https:\/\/www.reciplasa.es\/#\/schema\/person\/608ffc094e3c56d49e6c6ec8f1ea0e82","name":"Cristina Marco","image":{"@type":"ImageObject","inLanguage":"va-VA","@id":"https:\/\/secure.gravatar.com\/avatar\/6da7e00dc41d26d3c4245f3b2d70d687293df0dfc18f03719354383f7be4f34b?s=96&d=mm&r=g","url":"https:\/\/secure.gravatar.com\/avatar\/6da7e00dc41d26d3c4245f3b2d70d687293df0dfc18f03719354383f7be4f34b?s=96&d=mm&r=g","contentUrl":"https:\/\/secure.gravatar.com\/avatar\/6da7e00dc41d26d3c4245f3b2d70d687293df0dfc18f03719354383f7be4f34b?s=96&d=mm&r=g","caption":"Cristina Marco"},"url":"https:\/\/www.reciplasa.es\/va\/author\/cristina\/"}]}},"_links":{"self":[{"href":"https:\/\/www.reciplasa.es\/va\/wp-json\/wp\/v2\/posts\/15336","targetHints":{"allow":["GET"]}}],"collection":[{"href":"https:\/\/www.reciplasa.es\/va\/wp-json\/wp\/v2\/posts"}],"about":[{"href":"https:\/\/www.reciplasa.es\/va\/wp-json\/wp\/v2\/types\/post"}],"author":[{"embeddable":true,"href":"https:\/\/www.reciplasa.es\/va\/wp-json\/wp\/v2\/users\/3"}],"replies":[{"embeddable":true,"href":"https:\/\/www.reciplasa.es\/va\/wp-json\/wp\/v2\/comments?post=15336"}],"version-history":[{"count":4,"href":"https:\/\/www.reciplasa.es\/va\/wp-json\/wp\/v2\/posts\/15336\/revisions"}],"predecessor-version":[{"id":15354,"href":"https:\/\/www.reciplasa.es\/va\/wp-json\/wp\/v2\/posts\/15336\/revisions\/15354"}],"wp:featuredmedia":[{"embeddable":true,"href":"https:\/\/www.reciplasa.es\/va\/wp-json\/wp\/v2\/media\/15341"}],"wp:attachment":[{"href":"https:\/\/www.reciplasa.es\/va\/wp-json\/wp\/v2\/media?parent=15336"}],"wp:term":[{"taxonomy":"category","embeddable":true,"href":"https:\/\/www.reciplasa.es\/va\/wp-json\/wp\/v2\/categories?post=15336"},{"taxonomy":"post_tag","embeddable":true,"href":"https:\/\/www.reciplasa.es\/va\/wp-json\/wp\/v2\/tags?post=15336"}],"curies":[{"name":"wp","href":"https:\/\/api.w.org\/{rel}","templated":true}]}}