{"id":15377,"date":"2022-07-05T09:01:29","date_gmt":"2022-07-05T09:01:29","guid":{"rendered":"https:\/\/www.reciplasa.es\/?p=15377\/"},"modified":"2022-07-05T09:04:09","modified_gmt":"2022-07-05T09:04:09","slug":"la-catedra-reciplasa-premia-a-sergio-bonete-i-victor-gamal-pels-seus-treballs-de-final-de-grau-i-de-master-a-la-universitat-jaume-i","status":"publish","type":"post","link":"https:\/\/www.reciplasa.es\/va\/la-catedra-reciplasa-premia-a-sergio-bonete-i-victor-gamal-pels-seus-treballs-de-final-de-grau-i-de-master-a-la-universitat-jaume-i\/","title":{"rendered":"La C\u00e0tedra Reciplasa premia a Sergio Bonete i V\u00edctor Gamal pels seus treballs de final de grau i de m\u00e0ster a la Universitat Jaume I"},"content":{"rendered":"<p>La C\u00e0tedra Reciplasa ha entregat el dilluns 4 de Juliol els premis al millor treball final de grau i treball fi de m\u00e0ster a dos estudiants de la Universitat Jaume I. L&#8217;acte, celebrat de la Llotja del C\u00e0nem, va comptar amb l&#8217;assist\u00e8ncia del catedr\u00e0tic F\u00e9lix Hern\u00e1ndez, director de la C\u00e0tedra, Jes\u00fas Lancis, vicerector d&#8217;investigaci\u00f3 de la Universitat Jaume I; Ignasi Garcia, president de Reciplasa, i Fernando Albarr\u00e1n, director t\u00e8cnic de Reciplasa.<\/p>\n<p>Durant l&#8217;acte es va destacar el paper, com a motor de la generaci\u00f3 de coneixement, que t\u00e9 la Universitat Jaume I a la prov\u00edncia, aix\u00ed com la formaci\u00f3 que reben els estudiants, destacant la import\u00e0ncia dels premis al millor TFM i TFG en diversos \u00e0mbits del coneixement. En la present edici\u00f3, emmarcada dins de la convocat\u00f2ria conjunta duta a terme per l&#8217;Escola Superior de Tecnologia i Ci\u00e8ncies Experimentals de l&#8217;UJI, al premi finan\u00e7at per la C\u00e0tedra es van presentar set treballs entre els quals es van triar aquells considerats de major qualitat i que millor s&#8217;emmarcaven en l&#8217;\u00e0mbit de la gesti\u00f3 sostenible dels residus urbans i de la protecci\u00f3 del medi ambient.<\/p>\n<p><img loading=\"lazy\" decoding=\"async\" class=\"aligncenter size-large wp-image-15372\" src=\"https:\/\/www.reciplasa.es\/wp-content\/uploads\/2022\/07\/2022-07-04-catedra-reciplasa_EVR17-1024x683.jpeg\" alt=\"\" width=\"800\" height=\"534\" srcset=\"https:\/\/www.reciplasa.es\/wp-content\/uploads\/2022\/07\/2022-07-04-catedra-reciplasa_EVR17-1024x683.jpeg 1024w, https:\/\/www.reciplasa.es\/wp-content\/uploads\/2022\/07\/2022-07-04-catedra-reciplasa_EVR17-300x200.jpeg 300w, https:\/\/www.reciplasa.es\/wp-content\/uploads\/2022\/07\/2022-07-04-catedra-reciplasa_EVR17-768x512.jpeg 768w, https:\/\/www.reciplasa.es\/wp-content\/uploads\/2022\/07\/2022-07-04-catedra-reciplasa_EVR17-1536x1024.jpeg 1536w, https:\/\/www.reciplasa.es\/wp-content\/uploads\/2022\/07\/2022-07-04-catedra-reciplasa_EVR17-2048x1365.jpeg 2048w\" sizes=\"auto, (max-width: 800px) 100vw, 800px\" \/><\/p>\n<p>En el <strong>treball final de grau de Sergio Bonete<\/strong>, del grau d&#8217;Enginyeria Qu\u00edmica, realitzat sota la supervisi\u00f3 del professor Eliseo Monfort, s&#8217;estudia una soluci\u00f3 alternativa a la problem\u00e0tica de la depuraci\u00f3 d&#8217;aig\u00fces residuals en una empresa productora de rajoles cer\u00e0miques que no disposa de planta d&#8217;atomitzaci\u00f3 que permeta reciclar la majoria de la seua aigua residual. Per a aix\u00f2, es proposa un tractament terciari basat en l&#8217;adsorci\u00f3 del bor de l&#8217;aigua residual mitjan\u00e7ant l&#8217;\u00fas de carb\u00f3 actiu impregnat amb \u00e0cid c\u00edtric. Amb el sistema de tractament proposat per Sergio Bonete, es podria donar un nou \u00fas a l&#8217;aigua tractada, utilitzant-la com a aigua de reg en el sector agr\u00edcola o reutilitzant-la en els mateixos processos industrials de la planta cer\u00e0mica.<\/p>\n<p><img loading=\"lazy\" decoding=\"async\" class=\"aligncenter size-large wp-image-15373\" src=\"https:\/\/www.reciplasa.es\/wp-content\/uploads\/2022\/07\/2022-07-04-catedra-reciplasa_EVR22-1024x683.jpeg\" alt=\"\" width=\"800\" height=\"534\" srcset=\"https:\/\/www.reciplasa.es\/wp-content\/uploads\/2022\/07\/2022-07-04-catedra-reciplasa_EVR22-1024x683.jpeg 1024w, https:\/\/www.reciplasa.es\/wp-content\/uploads\/2022\/07\/2022-07-04-catedra-reciplasa_EVR22-300x200.jpeg 300w, https:\/\/www.reciplasa.es\/wp-content\/uploads\/2022\/07\/2022-07-04-catedra-reciplasa_EVR22-768x512.jpeg 768w, https:\/\/www.reciplasa.es\/wp-content\/uploads\/2022\/07\/2022-07-04-catedra-reciplasa_EVR22-1536x1024.jpeg 1536w, https:\/\/www.reciplasa.es\/wp-content\/uploads\/2022\/07\/2022-07-04-catedra-reciplasa_EVR22-2048x1365.jpeg 2048w\" sizes=\"auto, (max-width: 800px) 100vw, 800px\" \/><\/p>\n<p>El <strong>treball final de m\u00e0ster de V\u00edctor Gamal<\/strong>, corresponent al M\u00e0ster Universitari en Efici\u00e8ncia Energ\u00e8tica i Sostenibilitat, ha sigut supervisat pel professor Antonio Gallardo. Es planteja un projecte industrial per a la fabricaci\u00f3 de combustible s\u00f2lid recuperat utilitzant com a mat\u00e8ria primera els rebutjos de la Planta de Tractament Mec\u00e0nic i Biol\u00f2gic de Reciplasa, situada en el municipi d&#8217;Onda. Amb la proposta de Victor Gamal, l&#8217;aprofitament energ\u00e8tic dels rebutjos disminuiria significativament la disposici\u00f3 final en abocadors, contribuint al compliment dels objectius 2030 de la Uni\u00f3 Europea, que limiten a un m\u00e0xim del 10% la quantitat de residus depositats en els abocadors de cada pa\u00eds membre.<\/p>\n","protected":false},"excerpt":{"rendered":"<p>La C\u00e0tedra Reciplasa ha entregat el dilluns 4 de Juliol els premis al millor treball final de grau i treball fi de m\u00e0ster a dos estudiants de la Universitat Jaume I. L&#8217;acte, celebrat de la Llotja del C\u00e0nem, va comptar amb l&#8217;assist\u00e8ncia del catedr\u00e0tic F\u00e9lix Hern\u00e1ndez, director de la C\u00e0tedra, Jes\u00fas Lancis, vicerector d&#8217;investigaci\u00f3 deDale que hay m\u00e1s &#8230;<\/p>\n","protected":false},"author":3,"featured_media":15374,"comment_status":"closed","ping_status":"closed","sticky":false,"template":"","format":"standard","meta":{"footnotes":""},"categories":[88],"tags":[],"class_list":["post-15377","post","type-post","status-publish","format-standard","has-post-thumbnail","hentry","category-catedra-reciplasa-uji"],"yoast_head":"<!-- This site is optimized with the Yoast SEO plugin v27.4 - https:\/\/yoast.com\/product\/yoast-seo-wordpress\/ -->\n<title>La C\u00e0tedra Reciplasa premia a Sergio Bonete i V\u00edctor Gamal pels seus treballs de final de grau i de m\u00e0ster a la Universitat Jaume I - RECIPLASA<\/title>\n<meta name=\"robots\" content=\"index, follow, max-snippet:-1, max-image-preview:large, max-video-preview:-1\" \/>\n<link rel=\"canonical\" href=\"https:\/\/www.reciplasa.es\/la-catedra-reciplasa-premia-a-sergio-bonete-y-victor-gamal-por-sus-trabajos-de-final-de-grado-y-de-master-en-la-universitat-jaume-i\/\" \/>\n<meta property=\"og:locale\" content=\"en_US\" \/>\n<meta property=\"og:type\" content=\"article\" \/>\n<meta property=\"og:title\" content=\"La C\u00e0tedra Reciplasa premia a Sergio Bonete i V\u00edctor Gamal pels seus treballs de final de grau i de m\u00e0ster a la Universitat Jaume I - RECIPLASA\" \/>\n<meta property=\"og:description\" content=\"La C\u00e0tedra Reciplasa ha entregat el dilluns 4 de Juliol els premis al millor treball final de grau i treball fi de m\u00e0ster a dos estudiants de la Universitat Jaume I. L&#8217;acte, celebrat de la Llotja del C\u00e0nem, va comptar amb l&#8217;assist\u00e8ncia del catedr\u00e0tic F\u00e9lix Hern\u00e1ndez, director de la C\u00e0tedra, Jes\u00fas Lancis, vicerector d&#8217;investigaci\u00f3 deDale que hay m\u00e1s ...\" \/>\n<meta property=\"og:url\" content=\"https:\/\/www.reciplasa.es\/la-catedra-reciplasa-premia-a-sergio-bonete-y-victor-gamal-por-sus-trabajos-de-final-de-grado-y-de-master-en-la-universitat-jaume-i\/\" \/>\n<meta property=\"og:site_name\" content=\"RECIPLASA\" \/>\n<meta property=\"article:published_time\" content=\"2022-07-05T09:01:29+00:00\" \/>\n<meta property=\"article:modified_time\" content=\"2022-07-05T09:04:09+00:00\" \/>\n<meta property=\"og:image\" content=\"https:\/\/www.reciplasa.es\/wp-content\/uploads\/2022\/07\/2022-07-04-catedra-reciplasa_EVR33-scaled.jpeg\" \/>\n\t<meta property=\"og:image:width\" content=\"2560\" \/>\n\t<meta property=\"og:image:height\" content=\"1707\" \/>\n\t<meta property=\"og:image:type\" content=\"image\/jpeg\" \/>\n<meta name=\"author\" content=\"Cristina Marco\" \/>\n<meta name=\"twitter:card\" content=\"summary_large_image\" \/>\n<meta name=\"twitter:label1\" content=\"Written by\" \/>\n\t<meta name=\"twitter:data1\" content=\"Cristina Marco\" \/>\n\t<meta name=\"twitter:label2\" content=\"Est. reading time\" \/>\n\t<meta name=\"twitter:data2\" content=\"3 minutes\" \/>\n<script type=\"application\/ld+json\" class=\"yoast-schema-graph\">{\"@context\":\"https:\\\/\\\/schema.org\",\"@graph\":[{\"@type\":\"Article\",\"@id\":\"https:\\\/\\\/www.reciplasa.es\\\/la-catedra-reciplasa-premia-a-sergio-bonete-y-victor-gamal-por-sus-trabajos-de-final-de-grado-y-de-master-en-la-universitat-jaume-i\\\/#article\",\"isPartOf\":{\"@id\":\"https:\\\/\\\/www.reciplasa.es\\\/la-catedra-reciplasa-premia-a-sergio-bonete-y-victor-gamal-por-sus-trabajos-de-final-de-grado-y-de-master-en-la-universitat-jaume-i\\\/\"},\"author\":{\"name\":\"Cristina Marco\",\"@id\":\"https:\\\/\\\/www.reciplasa.es\\\/#\\\/schema\\\/person\\\/608ffc094e3c56d49e6c6ec8f1ea0e82\"},\"headline\":\"La C\u00e0tedra Reciplasa premia a Sergio Bonete i V\u00edctor Gamal pels seus treballs de final de grau i de m\u00e0ster a la Universitat Jaume I\",\"datePublished\":\"2022-07-05T09:01:29+00:00\",\"dateModified\":\"2022-07-05T09:04:09+00:00\",\"mainEntityOfPage\":{\"@id\":\"https:\\\/\\\/www.reciplasa.es\\\/la-catedra-reciplasa-premia-a-sergio-bonete-y-victor-gamal-por-sus-trabajos-de-final-de-grado-y-de-master-en-la-universitat-jaume-i\\\/\"},\"wordCount\":488,\"image\":{\"@id\":\"https:\\\/\\\/www.reciplasa.es\\\/la-catedra-reciplasa-premia-a-sergio-bonete-y-victor-gamal-por-sus-trabajos-de-final-de-grado-y-de-master-en-la-universitat-jaume-i\\\/#primaryimage\"},\"thumbnailUrl\":\"https:\\\/\\\/www.reciplasa.es\\\/wp-content\\\/uploads\\\/2022\\\/07\\\/2022-07-04-catedra-reciplasa_EVR33-scaled.jpeg\",\"articleSection\":[\"C\u00e0tedra Reciplasa-UJI\"],\"inLanguage\":\"va-VA\"},{\"@type\":\"WebPage\",\"@id\":\"https:\\\/\\\/www.reciplasa.es\\\/la-catedra-reciplasa-premia-a-sergio-bonete-y-victor-gamal-por-sus-trabajos-de-final-de-grado-y-de-master-en-la-universitat-jaume-i\\\/\",\"url\":\"https:\\\/\\\/www.reciplasa.es\\\/la-catedra-reciplasa-premia-a-sergio-bonete-y-victor-gamal-por-sus-trabajos-de-final-de-grado-y-de-master-en-la-universitat-jaume-i\\\/\",\"name\":\"La C\u00e0tedra Reciplasa premia a Sergio Bonete i V\u00edctor Gamal pels seus treballs de final de grau i de m\u00e0ster a la Universitat Jaume I - RECIPLASA\",\"isPartOf\":{\"@id\":\"https:\\\/\\\/www.reciplasa.es\\\/#website\"},\"primaryImageOfPage\":{\"@id\":\"https:\\\/\\\/www.reciplasa.es\\\/la-catedra-reciplasa-premia-a-sergio-bonete-y-victor-gamal-por-sus-trabajos-de-final-de-grado-y-de-master-en-la-universitat-jaume-i\\\/#primaryimage\"},\"image\":{\"@id\":\"https:\\\/\\\/www.reciplasa.es\\\/la-catedra-reciplasa-premia-a-sergio-bonete-y-victor-gamal-por-sus-trabajos-de-final-de-grado-y-de-master-en-la-universitat-jaume-i\\\/#primaryimage\"},\"thumbnailUrl\":\"https:\\\/\\\/www.reciplasa.es\\\/wp-content\\\/uploads\\\/2022\\\/07\\\/2022-07-04-catedra-reciplasa_EVR33-scaled.jpeg\",\"datePublished\":\"2022-07-05T09:01:29+00:00\",\"dateModified\":\"2022-07-05T09:04:09+00:00\",\"author\":{\"@id\":\"https:\\\/\\\/www.reciplasa.es\\\/#\\\/schema\\\/person\\\/608ffc094e3c56d49e6c6ec8f1ea0e82\"},\"breadcrumb\":{\"@id\":\"https:\\\/\\\/www.reciplasa.es\\\/la-catedra-reciplasa-premia-a-sergio-bonete-y-victor-gamal-por-sus-trabajos-de-final-de-grado-y-de-master-en-la-universitat-jaume-i\\\/#breadcrumb\"},\"inLanguage\":\"va-VA\",\"potentialAction\":[{\"@type\":\"ReadAction\",\"target\":[\"https:\\\/\\\/www.reciplasa.es\\\/la-catedra-reciplasa-premia-a-sergio-bonete-y-victor-gamal-por-sus-trabajos-de-final-de-grado-y-de-master-en-la-universitat-jaume-i\\\/\"]}]},{\"@type\":\"ImageObject\",\"inLanguage\":\"va-VA\",\"@id\":\"https:\\\/\\\/www.reciplasa.es\\\/la-catedra-reciplasa-premia-a-sergio-bonete-y-victor-gamal-por-sus-trabajos-de-final-de-grado-y-de-master-en-la-universitat-jaume-i\\\/#primaryimage\",\"url\":\"https:\\\/\\\/www.reciplasa.es\\\/wp-content\\\/uploads\\\/2022\\\/07\\\/2022-07-04-catedra-reciplasa_EVR33-scaled.jpeg\",\"contentUrl\":\"https:\\\/\\\/www.reciplasa.es\\\/wp-content\\\/uploads\\\/2022\\\/07\\\/2022-07-04-catedra-reciplasa_EVR33-scaled.jpeg\",\"width\":2560,\"height\":1707},{\"@type\":\"BreadcrumbList\",\"@id\":\"https:\\\/\\\/www.reciplasa.es\\\/la-catedra-reciplasa-premia-a-sergio-bonete-y-victor-gamal-por-sus-trabajos-de-final-de-grado-y-de-master-en-la-universitat-jaume-i\\\/#breadcrumb\",\"itemListElement\":[{\"@type\":\"ListItem\",\"position\":1,\"name\":\"Portada\",\"item\":\"https:\\\/\\\/www.reciplasa.es\\\/va\\\/\"},{\"@type\":\"ListItem\",\"position\":2,\"name\":\"La C\u00e0tedra Reciplasa premia a Sergio Bonete i V\u00edctor Gamal pels seus treballs de final de grau i de m\u00e0ster a la Universitat Jaume I\"}]},{\"@type\":\"WebSite\",\"@id\":\"https:\\\/\\\/www.reciplasa.es\\\/#website\",\"url\":\"https:\\\/\\\/www.reciplasa.es\\\/\",\"name\":\"RECIPLASA\",\"description\":\"Reciclats de Residus La Plana SA\",\"potentialAction\":[{\"@type\":\"SearchAction\",\"target\":{\"@type\":\"EntryPoint\",\"urlTemplate\":\"https:\\\/\\\/www.reciplasa.es\\\/?s={search_term_string}\"},\"query-input\":{\"@type\":\"PropertyValueSpecification\",\"valueRequired\":true,\"valueName\":\"search_term_string\"}}],\"inLanguage\":\"va-VA\"},{\"@type\":\"Person\",\"@id\":\"https:\\\/\\\/www.reciplasa.es\\\/#\\\/schema\\\/person\\\/608ffc094e3c56d49e6c6ec8f1ea0e82\",\"name\":\"Cristina Marco\",\"image\":{\"@type\":\"ImageObject\",\"inLanguage\":\"va-VA\",\"@id\":\"https:\\\/\\\/secure.gravatar.com\\\/avatar\\\/6da7e00dc41d26d3c4245f3b2d70d687293df0dfc18f03719354383f7be4f34b?s=96&d=mm&r=g\",\"url\":\"https:\\\/\\\/secure.gravatar.com\\\/avatar\\\/6da7e00dc41d26d3c4245f3b2d70d687293df0dfc18f03719354383f7be4f34b?s=96&d=mm&r=g\",\"contentUrl\":\"https:\\\/\\\/secure.gravatar.com\\\/avatar\\\/6da7e00dc41d26d3c4245f3b2d70d687293df0dfc18f03719354383f7be4f34b?s=96&d=mm&r=g\",\"caption\":\"Cristina Marco\"},\"url\":\"https:\\\/\\\/www.reciplasa.es\\\/va\\\/author\\\/cristina\\\/\"}]}<\/script>\n<!-- \/ Yoast SEO plugin. -->","yoast_head_json":{"title":"La C\u00e0tedra Reciplasa premia a Sergio Bonete i V\u00edctor Gamal pels seus treballs de final de grau i de m\u00e0ster a la Universitat Jaume I - RECIPLASA","robots":{"index":"index","follow":"follow","max-snippet":"max-snippet:-1","max-image-preview":"max-image-preview:large","max-video-preview":"max-video-preview:-1"},"canonical":"https:\/\/www.reciplasa.es\/la-catedra-reciplasa-premia-a-sergio-bonete-y-victor-gamal-por-sus-trabajos-de-final-de-grado-y-de-master-en-la-universitat-jaume-i\/","og_locale":"en_US","og_type":"article","og_title":"La C\u00e0tedra Reciplasa premia a Sergio Bonete i V\u00edctor Gamal pels seus treballs de final de grau i de m\u00e0ster a la Universitat Jaume I - RECIPLASA","og_description":"La C\u00e0tedra Reciplasa ha entregat el dilluns 4 de Juliol els premis al millor treball final de grau i treball fi de m\u00e0ster a dos estudiants de la Universitat Jaume I. L&#8217;acte, celebrat de la Llotja del C\u00e0nem, va comptar amb l&#8217;assist\u00e8ncia del catedr\u00e0tic F\u00e9lix Hern\u00e1ndez, director de la C\u00e0tedra, Jes\u00fas Lancis, vicerector d&#8217;investigaci\u00f3 deDale que hay m\u00e1s ...","og_url":"https:\/\/www.reciplasa.es\/la-catedra-reciplasa-premia-a-sergio-bonete-y-victor-gamal-por-sus-trabajos-de-final-de-grado-y-de-master-en-la-universitat-jaume-i\/","og_site_name":"RECIPLASA","article_published_time":"2022-07-05T09:01:29+00:00","article_modified_time":"2022-07-05T09:04:09+00:00","og_image":[{"width":2560,"height":1707,"url":"https:\/\/www.reciplasa.es\/wp-content\/uploads\/2022\/07\/2022-07-04-catedra-reciplasa_EVR33-scaled.jpeg","type":"image\/jpeg"}],"author":"Cristina Marco","twitter_card":"summary_large_image","twitter_misc":{"Written by":"Cristina Marco","Est. reading time":"3 minutes"},"schema":{"@context":"https:\/\/schema.org","@graph":[{"@type":"Article","@id":"https:\/\/www.reciplasa.es\/la-catedra-reciplasa-premia-a-sergio-bonete-y-victor-gamal-por-sus-trabajos-de-final-de-grado-y-de-master-en-la-universitat-jaume-i\/#article","isPartOf":{"@id":"https:\/\/www.reciplasa.es\/la-catedra-reciplasa-premia-a-sergio-bonete-y-victor-gamal-por-sus-trabajos-de-final-de-grado-y-de-master-en-la-universitat-jaume-i\/"},"author":{"name":"Cristina Marco","@id":"https:\/\/www.reciplasa.es\/#\/schema\/person\/608ffc094e3c56d49e6c6ec8f1ea0e82"},"headline":"La C\u00e0tedra Reciplasa premia a Sergio Bonete i V\u00edctor Gamal pels seus treballs de final de grau i de m\u00e0ster a la Universitat Jaume I","datePublished":"2022-07-05T09:01:29+00:00","dateModified":"2022-07-05T09:04:09+00:00","mainEntityOfPage":{"@id":"https:\/\/www.reciplasa.es\/la-catedra-reciplasa-premia-a-sergio-bonete-y-victor-gamal-por-sus-trabajos-de-final-de-grado-y-de-master-en-la-universitat-jaume-i\/"},"wordCount":488,"image":{"@id":"https:\/\/www.reciplasa.es\/la-catedra-reciplasa-premia-a-sergio-bonete-y-victor-gamal-por-sus-trabajos-de-final-de-grado-y-de-master-en-la-universitat-jaume-i\/#primaryimage"},"thumbnailUrl":"https:\/\/www.reciplasa.es\/wp-content\/uploads\/2022\/07\/2022-07-04-catedra-reciplasa_EVR33-scaled.jpeg","articleSection":["C\u00e0tedra Reciplasa-UJI"],"inLanguage":"va-VA"},{"@type":"WebPage","@id":"https:\/\/www.reciplasa.es\/la-catedra-reciplasa-premia-a-sergio-bonete-y-victor-gamal-por-sus-trabajos-de-final-de-grado-y-de-master-en-la-universitat-jaume-i\/","url":"https:\/\/www.reciplasa.es\/la-catedra-reciplasa-premia-a-sergio-bonete-y-victor-gamal-por-sus-trabajos-de-final-de-grado-y-de-master-en-la-universitat-jaume-i\/","name":"La C\u00e0tedra Reciplasa premia a Sergio Bonete i V\u00edctor Gamal pels seus treballs de final de grau i de m\u00e0ster a la Universitat Jaume I - RECIPLASA","isPartOf":{"@id":"https:\/\/www.reciplasa.es\/#website"},"primaryImageOfPage":{"@id":"https:\/\/www.reciplasa.es\/la-catedra-reciplasa-premia-a-sergio-bonete-y-victor-gamal-por-sus-trabajos-de-final-de-grado-y-de-master-en-la-universitat-jaume-i\/#primaryimage"},"image":{"@id":"https:\/\/www.reciplasa.es\/la-catedra-reciplasa-premia-a-sergio-bonete-y-victor-gamal-por-sus-trabajos-de-final-de-grado-y-de-master-en-la-universitat-jaume-i\/#primaryimage"},"thumbnailUrl":"https:\/\/www.reciplasa.es\/wp-content\/uploads\/2022\/07\/2022-07-04-catedra-reciplasa_EVR33-scaled.jpeg","datePublished":"2022-07-05T09:01:29+00:00","dateModified":"2022-07-05T09:04:09+00:00","author":{"@id":"https:\/\/www.reciplasa.es\/#\/schema\/person\/608ffc094e3c56d49e6c6ec8f1ea0e82"},"breadcrumb":{"@id":"https:\/\/www.reciplasa.es\/la-catedra-reciplasa-premia-a-sergio-bonete-y-victor-gamal-por-sus-trabajos-de-final-de-grado-y-de-master-en-la-universitat-jaume-i\/#breadcrumb"},"inLanguage":"va-VA","potentialAction":[{"@type":"ReadAction","target":["https:\/\/www.reciplasa.es\/la-catedra-reciplasa-premia-a-sergio-bonete-y-victor-gamal-por-sus-trabajos-de-final-de-grado-y-de-master-en-la-universitat-jaume-i\/"]}]},{"@type":"ImageObject","inLanguage":"va-VA","@id":"https:\/\/www.reciplasa.es\/la-catedra-reciplasa-premia-a-sergio-bonete-y-victor-gamal-por-sus-trabajos-de-final-de-grado-y-de-master-en-la-universitat-jaume-i\/#primaryimage","url":"https:\/\/www.reciplasa.es\/wp-content\/uploads\/2022\/07\/2022-07-04-catedra-reciplasa_EVR33-scaled.jpeg","contentUrl":"https:\/\/www.reciplasa.es\/wp-content\/uploads\/2022\/07\/2022-07-04-catedra-reciplasa_EVR33-scaled.jpeg","width":2560,"height":1707},{"@type":"BreadcrumbList","@id":"https:\/\/www.reciplasa.es\/la-catedra-reciplasa-premia-a-sergio-bonete-y-victor-gamal-por-sus-trabajos-de-final-de-grado-y-de-master-en-la-universitat-jaume-i\/#breadcrumb","itemListElement":[{"@type":"ListItem","position":1,"name":"Portada","item":"https:\/\/www.reciplasa.es\/va\/"},{"@type":"ListItem","position":2,"name":"La C\u00e0tedra Reciplasa premia a Sergio Bonete i V\u00edctor Gamal pels seus treballs de final de grau i de m\u00e0ster a la Universitat Jaume I"}]},{"@type":"WebSite","@id":"https:\/\/www.reciplasa.es\/#website","url":"https:\/\/www.reciplasa.es\/","name":"RECIPLASA","description":"Reciclats de Residus La Plana SA","potentialAction":[{"@type":"SearchAction","target":{"@type":"EntryPoint","urlTemplate":"https:\/\/www.reciplasa.es\/?s={search_term_string}"},"query-input":{"@type":"PropertyValueSpecification","valueRequired":true,"valueName":"search_term_string"}}],"inLanguage":"va-VA"},{"@type":"Person","@id":"https:\/\/www.reciplasa.es\/#\/schema\/person\/608ffc094e3c56d49e6c6ec8f1ea0e82","name":"Cristina Marco","image":{"@type":"ImageObject","inLanguage":"va-VA","@id":"https:\/\/secure.gravatar.com\/avatar\/6da7e00dc41d26d3c4245f3b2d70d687293df0dfc18f03719354383f7be4f34b?s=96&d=mm&r=g","url":"https:\/\/secure.gravatar.com\/avatar\/6da7e00dc41d26d3c4245f3b2d70d687293df0dfc18f03719354383f7be4f34b?s=96&d=mm&r=g","contentUrl":"https:\/\/secure.gravatar.com\/avatar\/6da7e00dc41d26d3c4245f3b2d70d687293df0dfc18f03719354383f7be4f34b?s=96&d=mm&r=g","caption":"Cristina Marco"},"url":"https:\/\/www.reciplasa.es\/va\/author\/cristina\/"}]}},"_links":{"self":[{"href":"https:\/\/www.reciplasa.es\/va\/wp-json\/wp\/v2\/posts\/15377","targetHints":{"allow":["GET"]}}],"collection":[{"href":"https:\/\/www.reciplasa.es\/va\/wp-json\/wp\/v2\/posts"}],"about":[{"href":"https:\/\/www.reciplasa.es\/va\/wp-json\/wp\/v2\/types\/post"}],"author":[{"embeddable":true,"href":"https:\/\/www.reciplasa.es\/va\/wp-json\/wp\/v2\/users\/3"}],"replies":[{"embeddable":true,"href":"https:\/\/www.reciplasa.es\/va\/wp-json\/wp\/v2\/comments?post=15377"}],"version-history":[{"count":3,"href":"https:\/\/www.reciplasa.es\/va\/wp-json\/wp\/v2\/posts\/15377\/revisions"}],"predecessor-version":[{"id":15380,"href":"https:\/\/www.reciplasa.es\/va\/wp-json\/wp\/v2\/posts\/15377\/revisions\/15380"}],"wp:featuredmedia":[{"embeddable":true,"href":"https:\/\/www.reciplasa.es\/va\/wp-json\/wp\/v2\/media\/15374"}],"wp:attachment":[{"href":"https:\/\/www.reciplasa.es\/va\/wp-json\/wp\/v2\/media?parent=15377"}],"wp:term":[{"taxonomy":"category","embeddable":true,"href":"https:\/\/www.reciplasa.es\/va\/wp-json\/wp\/v2\/categories?post=15377"},{"taxonomy":"post_tag","embeddable":true,"href":"https:\/\/www.reciplasa.es\/va\/wp-json\/wp\/v2\/tags?post=15377"}],"curies":[{"name":"wp","href":"https:\/\/api.w.org\/{rel}","templated":true}]}}