{"id":15387,"date":"2022-07-14T08:53:55","date_gmt":"2022-07-14T08:53:55","guid":{"rendered":"https:\/\/www.reciplasa.es\/?p=15387\/"},"modified":"2022-07-14T12:00:56","modified_gmt":"2022-07-14T12:00:56","slug":"el-consell-dadministracio-de-reciplasa-demana-a-la-diputacio-que-sencarregue-de-la-gestio-del-consorci-c-2","status":"publish","type":"post","link":"https:\/\/www.reciplasa.es\/va\/el-consell-dadministracio-de-reciplasa-demana-a-la-diputacio-que-sencarregue-de-la-gestio-del-consorci-c-2\/","title":{"rendered":"El consell d\u2019administraci\u00f3 de Reciplasa demana a la Diputaci\u00f3 que s\u2019encarregue de la gesti\u00f3 del Consorci C-2"},"content":{"rendered":"<h5><em><span style=\"font-weight: 400;\"> Els educadors ambientals de l\u2019ens provincial ja estan treballant en els municipis menors de 5.000 habitants de la delimitaci\u00f3 zonal <\/span><\/em><\/h5>\n<p class=\"p1\">El consell d<span class=\"s1\">\u2019<\/span>administraci\u00f3 de l<span class=\"s1\">\u2019<\/span>empresa p\u00fablica per a la gesti\u00f3 de residus urbans de la zona centre de la prov\u00edncia de Castell\u00f3, Reciplasa, que s<span class=\"s1\">\u2019<\/span>ha celebrat hui en Villa Elisa de Benic\u00e0ssim ha comptat amb la participaci\u00f3 del president de la Diputaci\u00f3 Provincial, Josep Mart\u00ed i l<span class=\"s1\">\u2019<\/span>alcaldessa de Benic\u00e0ssim, Susana Marqu\u00e9s. Ignasi Garcia, president de Reciplasa, explica que <span class=\"s1\">\u201c<\/span>durant el consell, hem traslladat al president la necessitat de que siga la Diputaci\u00f3 de Castell\u00f3, al igual que fa amb els consorcis C-1 i C-3, gestione el consorci C-2 que \u00e9s el de l\u2019\u00e0mbit d<span class=\"s1\">\u2019<\/span>actuaci\u00f3 de Reciplasa. Cal recordar que l<span class=\"s1\">\u2019<\/span>ens provincial ja actua en diversos municipis de la zona amb la pres\u00e8ncia dels educadors ambientals provincials en els pobles de menys de 5.000 habitants, que son 37 dels 46 que conformen l<span class=\"s1\">\u2019<\/span>agrupaci\u00f3 per al tractament de residus\u201d.<\/p>\n<p><img loading=\"lazy\" decoding=\"async\" class=\"aligncenter size-large wp-image-15383\" src=\"https:\/\/www.reciplasa.es\/wp-content\/uploads\/2022\/07\/Consell-administracio\u0301-a-Benica\u0300ssim_1-1024x678.jpg\" alt=\"\" width=\"800\" height=\"530\" srcset=\"https:\/\/www.reciplasa.es\/wp-content\/uploads\/2022\/07\/Consell-administracio\u0301-a-Benica\u0300ssim_1-1024x678.jpg 1024w, https:\/\/www.reciplasa.es\/wp-content\/uploads\/2022\/07\/Consell-administracio\u0301-a-Benica\u0300ssim_1-300x199.jpg 300w, https:\/\/www.reciplasa.es\/wp-content\/uploads\/2022\/07\/Consell-administracio\u0301-a-Benica\u0300ssim_1-768x509.jpg 768w, https:\/\/www.reciplasa.es\/wp-content\/uploads\/2022\/07\/Consell-administracio\u0301-a-Benica\u0300ssim_1-1536x1017.jpg 1536w, https:\/\/www.reciplasa.es\/wp-content\/uploads\/2022\/07\/Consell-administracio\u0301-a-Benica\u0300ssim_1-2048x1356.jpg 2048w\" sizes=\"auto, (max-width: 800px) 100vw, 800px\" \/><\/p>\n<p class=\"p1\">Cal recordar que esta necessitat se li ha traslladat ja a la Diputaci\u00f3 Provincial per part d<span class=\"s1\">\u2019<\/span>alcaldes de diversos municipis, com l<span class=\"s1\">\u2019<\/span>alcaldessa d<span class=\"s1\">\u2019<\/span>Almassora i vicepresidenta de Reciplasa, Merche Gal\u00ed, qui en 2020 ja ho va fer en la jornada de treball amb alcaldes i alcaldesses. Garcia assegura que <span class=\"s1\">\u201c<\/span>podria ser molt positiu de cara a treballar conjuntament dins de la zona centre de la prov\u00edncia de Castell\u00f3 en projectes que ja s<span class=\"s1\">\u2019<\/span>han desenvolupat al Nord i al Sud, com, per exemple, la xarxa d<span class=\"s1\">\u2019<\/span>ecoparcs\u201d.<\/p>\n<p class=\"p1\">El president de la Diputaci\u00f3 considera que la proposta que li traslladen des de Reciplasa, \u201c\u00e9s l\u00f2gica i t\u00e9 tot el sentit del m\u00f3n, ra\u00f3 per la qual anem a procedir al seu estudi&#8221;. En este sentit, Mart\u00ed recorda que la instituci\u00f3 treballa per tal de <span class=\"s1\">\u201c<\/span>millorar la qualitat del servei que presta a la ciutadania\u201d i ent\u00e9n que <span class=\"s1\">\u201c<\/span>la proposta que realitza Reciplasa va en eixa l\u00ednia\u201d.<\/p>\n<p><img loading=\"lazy\" decoding=\"async\" class=\"aligncenter size-large wp-image-15385\" src=\"https:\/\/www.reciplasa.es\/wp-content\/uploads\/2022\/07\/Consell-administracio\u0301-a-Benica\u0300ssim_9-1024x678.jpg\" alt=\"\" width=\"800\" height=\"530\" srcset=\"https:\/\/www.reciplasa.es\/wp-content\/uploads\/2022\/07\/Consell-administracio\u0301-a-Benica\u0300ssim_9-1024x678.jpg 1024w, https:\/\/www.reciplasa.es\/wp-content\/uploads\/2022\/07\/Consell-administracio\u0301-a-Benica\u0300ssim_9-300x199.jpg 300w, https:\/\/www.reciplasa.es\/wp-content\/uploads\/2022\/07\/Consell-administracio\u0301-a-Benica\u0300ssim_9-768x509.jpg 768w, https:\/\/www.reciplasa.es\/wp-content\/uploads\/2022\/07\/Consell-administracio\u0301-a-Benica\u0300ssim_9-1536x1017.jpg 1536w, https:\/\/www.reciplasa.es\/wp-content\/uploads\/2022\/07\/Consell-administracio\u0301-a-Benica\u0300ssim_9-2048x1356.jpg 2048w\" sizes=\"auto, (max-width: 800px) 100vw, 800px\" \/><\/p>\n<p class=\"p1\">A m\u00e9s, abans del consell d<span class=\"s1\">\u2019<\/span>administraci\u00f3 de Reciplasa, s<span class=\"s1\">\u2019<\/span>han guardat cinc minuts de silenci en mem\u00f2ria de Miguel \u00c1ngel Blanco en el 25 aniversari del seu assassinat. Posteriorment, els consellers han fet una visita al recinte de Villa Elisa. L<span class=\"s1\">\u2019<\/span>alcaldessa de Benic\u00e0ssim ha explicat que \u201cestem molt satisfets que Vila Elisa haja sigut testimoni de la\u00a0celebraci\u00f3 del Consell de Reciplasa, perqu\u00e8 \u00e9s un clar exemple de col\u00b7laboraci\u00f3 entre administracions. D&#8217;altra banda, haver tingut l&#8217;oportunitat de traslladar-los a tots els membres del Consell la necessitat\u00a0 de ser m\u00e9s ambiciosos en les accions i pol\u00edtiques que ens permeten avan\u00e7ar en la responsabilitat, social i mediambiental dels nostres municipis\u201d.<\/p>\n","protected":false},"excerpt":{"rendered":"<p>Els educadors ambientals de l\u2019ens provincial ja estan treballant en els municipis menors de 5.000 habitants de la delimitaci\u00f3 zonal El consell d\u2019administraci\u00f3 de l\u2019empresa p\u00fablica per a la gesti\u00f3 de residus urbans de la zona centre de la prov\u00edncia de Castell\u00f3, Reciplasa, que s\u2019ha celebrat hui en Villa Elisa de Benic\u00e0ssim ha comptat ambDale que hay m\u00e1s &#8230;<\/p>\n","protected":false},"author":3,"featured_media":15384,"comment_status":"closed","ping_status":"closed","sticky":false,"template":"","format":"standard","meta":{"footnotes":""},"categories":[87],"tags":[],"class_list":["post-15387","post","type-post","status-publish","format-standard","has-post-thumbnail","hentry","category-noticies-corporatives"],"yoast_head":"<!-- This site is optimized with the Yoast SEO plugin v27.4 - https:\/\/yoast.com\/product\/yoast-seo-wordpress\/ -->\n<title>El consell d\u2019administraci\u00f3 de Reciplasa demana a la Diputaci\u00f3 que s\u2019encarregue de la gesti\u00f3 del Consorci C-2 - RECIPLASA<\/title>\n<meta name=\"robots\" content=\"index, follow, max-snippet:-1, max-image-preview:large, max-video-preview:-1\" \/>\n<link rel=\"canonical\" href=\"https:\/\/www.reciplasa.es\/va\/el-consell-dadministracio-de-reciplasa-demana-a-la-diputacio-que-sencarregue-de-la-gestio-del-consorci-c-2\/\" \/>\n<meta property=\"og:locale\" content=\"en_US\" \/>\n<meta property=\"og:type\" content=\"article\" \/>\n<meta property=\"og:title\" content=\"El consell d\u2019administraci\u00f3 de Reciplasa demana a la Diputaci\u00f3 que s\u2019encarregue de la gesti\u00f3 del Consorci C-2 - RECIPLASA\" \/>\n<meta property=\"og:description\" content=\"Els educadors ambientals de l\u2019ens provincial ja estan treballant en els municipis menors de 5.000 habitants de la delimitaci\u00f3 zonal El consell d\u2019administraci\u00f3 de l\u2019empresa p\u00fablica per a la gesti\u00f3 de residus urbans de la zona centre de la prov\u00edncia de Castell\u00f3, Reciplasa, que s\u2019ha celebrat hui en Villa Elisa de Benic\u00e0ssim ha comptat ambDale que hay m\u00e1s ...\" \/>\n<meta property=\"og:url\" content=\"https:\/\/www.reciplasa.es\/va\/el-consell-dadministracio-de-reciplasa-demana-a-la-diputacio-que-sencarregue-de-la-gestio-del-consorci-c-2\/\" \/>\n<meta property=\"og:site_name\" content=\"RECIPLASA\" \/>\n<meta property=\"article:published_time\" content=\"2022-07-14T08:53:55+00:00\" \/>\n<meta property=\"article:modified_time\" content=\"2022-07-14T12:00:56+00:00\" \/>\n<meta property=\"og:image\" content=\"https:\/\/www.reciplasa.es\/wp-content\/uploads\/2022\/07\/Consell-administracio\u0301-a-Benica\u0300ssim-scaled.jpg\" \/>\n\t<meta property=\"og:image:width\" content=\"2560\" \/>\n\t<meta property=\"og:image:height\" content=\"1696\" \/>\n\t<meta property=\"og:image:type\" content=\"image\/jpeg\" \/>\n<meta name=\"author\" content=\"Cristina Marco\" \/>\n<meta name=\"twitter:card\" content=\"summary_large_image\" \/>\n<meta name=\"twitter:label1\" content=\"Written by\" \/>\n\t<meta name=\"twitter:data1\" content=\"Cristina Marco\" \/>\n\t<meta name=\"twitter:label2\" content=\"Est. reading time\" \/>\n\t<meta name=\"twitter:data2\" content=\"3 minutes\" \/>\n<script type=\"application\/ld+json\" class=\"yoast-schema-graph\">{\"@context\":\"https:\\\/\\\/schema.org\",\"@graph\":[{\"@type\":\"Article\",\"@id\":\"https:\\\/\\\/www.reciplasa.es\\\/va\\\/el-consell-dadministracio-de-reciplasa-demana-a-la-diputacio-que-sencarregue-de-la-gestio-del-consorci-c-2\\\/#article\",\"isPartOf\":{\"@id\":\"https:\\\/\\\/www.reciplasa.es\\\/va\\\/el-consell-dadministracio-de-reciplasa-demana-a-la-diputacio-que-sencarregue-de-la-gestio-del-consorci-c-2\\\/\"},\"author\":{\"name\":\"Cristina Marco\",\"@id\":\"https:\\\/\\\/www.reciplasa.es\\\/#\\\/schema\\\/person\\\/608ffc094e3c56d49e6c6ec8f1ea0e82\"},\"headline\":\"El consell d\u2019administraci\u00f3 de Reciplasa demana a la Diputaci\u00f3 que s\u2019encarregue de la gesti\u00f3 del Consorci C-2\",\"datePublished\":\"2022-07-14T08:53:55+00:00\",\"dateModified\":\"2022-07-14T12:00:56+00:00\",\"mainEntityOfPage\":{\"@id\":\"https:\\\/\\\/www.reciplasa.es\\\/va\\\/el-consell-dadministracio-de-reciplasa-demana-a-la-diputacio-que-sencarregue-de-la-gestio-del-consorci-c-2\\\/\"},\"wordCount\":466,\"image\":{\"@id\":\"https:\\\/\\\/www.reciplasa.es\\\/va\\\/el-consell-dadministracio-de-reciplasa-demana-a-la-diputacio-que-sencarregue-de-la-gestio-del-consorci-c-2\\\/#primaryimage\"},\"thumbnailUrl\":\"https:\\\/\\\/www.reciplasa.es\\\/wp-content\\\/uploads\\\/2022\\\/07\\\/Consell-administracio\u0301-a-Benica\u0300ssim-scaled.jpg\",\"articleSection\":[\"Not\u00edcies corporatives\"],\"inLanguage\":\"va-VA\"},{\"@type\":\"WebPage\",\"@id\":\"https:\\\/\\\/www.reciplasa.es\\\/va\\\/el-consell-dadministracio-de-reciplasa-demana-a-la-diputacio-que-sencarregue-de-la-gestio-del-consorci-c-2\\\/\",\"url\":\"https:\\\/\\\/www.reciplasa.es\\\/va\\\/el-consell-dadministracio-de-reciplasa-demana-a-la-diputacio-que-sencarregue-de-la-gestio-del-consorci-c-2\\\/\",\"name\":\"El consell d\u2019administraci\u00f3 de Reciplasa demana a la Diputaci\u00f3 que s\u2019encarregue de la gesti\u00f3 del Consorci C-2 - RECIPLASA\",\"isPartOf\":{\"@id\":\"https:\\\/\\\/www.reciplasa.es\\\/#website\"},\"primaryImageOfPage\":{\"@id\":\"https:\\\/\\\/www.reciplasa.es\\\/va\\\/el-consell-dadministracio-de-reciplasa-demana-a-la-diputacio-que-sencarregue-de-la-gestio-del-consorci-c-2\\\/#primaryimage\"},\"image\":{\"@id\":\"https:\\\/\\\/www.reciplasa.es\\\/va\\\/el-consell-dadministracio-de-reciplasa-demana-a-la-diputacio-que-sencarregue-de-la-gestio-del-consorci-c-2\\\/#primaryimage\"},\"thumbnailUrl\":\"https:\\\/\\\/www.reciplasa.es\\\/wp-content\\\/uploads\\\/2022\\\/07\\\/Consell-administracio\u0301-a-Benica\u0300ssim-scaled.jpg\",\"datePublished\":\"2022-07-14T08:53:55+00:00\",\"dateModified\":\"2022-07-14T12:00:56+00:00\",\"author\":{\"@id\":\"https:\\\/\\\/www.reciplasa.es\\\/#\\\/schema\\\/person\\\/608ffc094e3c56d49e6c6ec8f1ea0e82\"},\"breadcrumb\":{\"@id\":\"https:\\\/\\\/www.reciplasa.es\\\/va\\\/el-consell-dadministracio-de-reciplasa-demana-a-la-diputacio-que-sencarregue-de-la-gestio-del-consorci-c-2\\\/#breadcrumb\"},\"inLanguage\":\"va-VA\",\"potentialAction\":[{\"@type\":\"ReadAction\",\"target\":[\"https:\\\/\\\/www.reciplasa.es\\\/va\\\/el-consell-dadministracio-de-reciplasa-demana-a-la-diputacio-que-sencarregue-de-la-gestio-del-consorci-c-2\\\/\"]}]},{\"@type\":\"ImageObject\",\"inLanguage\":\"va-VA\",\"@id\":\"https:\\\/\\\/www.reciplasa.es\\\/va\\\/el-consell-dadministracio-de-reciplasa-demana-a-la-diputacio-que-sencarregue-de-la-gestio-del-consorci-c-2\\\/#primaryimage\",\"url\":\"https:\\\/\\\/www.reciplasa.es\\\/wp-content\\\/uploads\\\/2022\\\/07\\\/Consell-administracio\u0301-a-Benica\u0300ssim-scaled.jpg\",\"contentUrl\":\"https:\\\/\\\/www.reciplasa.es\\\/wp-content\\\/uploads\\\/2022\\\/07\\\/Consell-administracio\u0301-a-Benica\u0300ssim-scaled.jpg\",\"width\":2560,\"height\":1696},{\"@type\":\"BreadcrumbList\",\"@id\":\"https:\\\/\\\/www.reciplasa.es\\\/va\\\/el-consell-dadministracio-de-reciplasa-demana-a-la-diputacio-que-sencarregue-de-la-gestio-del-consorci-c-2\\\/#breadcrumb\",\"itemListElement\":[{\"@type\":\"ListItem\",\"position\":1,\"name\":\"Portada\",\"item\":\"https:\\\/\\\/www.reciplasa.es\\\/va\\\/\"},{\"@type\":\"ListItem\",\"position\":2,\"name\":\"El consell d\u2019administraci\u00f3 de Reciplasa demana a la Diputaci\u00f3 que s\u2019encarregue de la gesti\u00f3 del Consorci C-2\"}]},{\"@type\":\"WebSite\",\"@id\":\"https:\\\/\\\/www.reciplasa.es\\\/#website\",\"url\":\"https:\\\/\\\/www.reciplasa.es\\\/\",\"name\":\"RECIPLASA\",\"description\":\"Reciclats de Residus La Plana SA\",\"potentialAction\":[{\"@type\":\"SearchAction\",\"target\":{\"@type\":\"EntryPoint\",\"urlTemplate\":\"https:\\\/\\\/www.reciplasa.es\\\/?s={search_term_string}\"},\"query-input\":{\"@type\":\"PropertyValueSpecification\",\"valueRequired\":true,\"valueName\":\"search_term_string\"}}],\"inLanguage\":\"va-VA\"},{\"@type\":\"Person\",\"@id\":\"https:\\\/\\\/www.reciplasa.es\\\/#\\\/schema\\\/person\\\/608ffc094e3c56d49e6c6ec8f1ea0e82\",\"name\":\"Cristina Marco\",\"image\":{\"@type\":\"ImageObject\",\"inLanguage\":\"va-VA\",\"@id\":\"https:\\\/\\\/secure.gravatar.com\\\/avatar\\\/6da7e00dc41d26d3c4245f3b2d70d687293df0dfc18f03719354383f7be4f34b?s=96&d=mm&r=g\",\"url\":\"https:\\\/\\\/secure.gravatar.com\\\/avatar\\\/6da7e00dc41d26d3c4245f3b2d70d687293df0dfc18f03719354383f7be4f34b?s=96&d=mm&r=g\",\"contentUrl\":\"https:\\\/\\\/secure.gravatar.com\\\/avatar\\\/6da7e00dc41d26d3c4245f3b2d70d687293df0dfc18f03719354383f7be4f34b?s=96&d=mm&r=g\",\"caption\":\"Cristina Marco\"},\"url\":\"https:\\\/\\\/www.reciplasa.es\\\/va\\\/author\\\/cristina\\\/\"}]}<\/script>\n<!-- \/ Yoast SEO plugin. -->","yoast_head_json":{"title":"El consell d\u2019administraci\u00f3 de Reciplasa demana a la Diputaci\u00f3 que s\u2019encarregue de la gesti\u00f3 del Consorci C-2 - RECIPLASA","robots":{"index":"index","follow":"follow","max-snippet":"max-snippet:-1","max-image-preview":"max-image-preview:large","max-video-preview":"max-video-preview:-1"},"canonical":"https:\/\/www.reciplasa.es\/va\/el-consell-dadministracio-de-reciplasa-demana-a-la-diputacio-que-sencarregue-de-la-gestio-del-consorci-c-2\/","og_locale":"en_US","og_type":"article","og_title":"El consell d\u2019administraci\u00f3 de Reciplasa demana a la Diputaci\u00f3 que s\u2019encarregue de la gesti\u00f3 del Consorci C-2 - RECIPLASA","og_description":"Els educadors ambientals de l\u2019ens provincial ja estan treballant en els municipis menors de 5.000 habitants de la delimitaci\u00f3 zonal El consell d\u2019administraci\u00f3 de l\u2019empresa p\u00fablica per a la gesti\u00f3 de residus urbans de la zona centre de la prov\u00edncia de Castell\u00f3, Reciplasa, que s\u2019ha celebrat hui en Villa Elisa de Benic\u00e0ssim ha comptat ambDale que hay m\u00e1s ...","og_url":"https:\/\/www.reciplasa.es\/va\/el-consell-dadministracio-de-reciplasa-demana-a-la-diputacio-que-sencarregue-de-la-gestio-del-consorci-c-2\/","og_site_name":"RECIPLASA","article_published_time":"2022-07-14T08:53:55+00:00","article_modified_time":"2022-07-14T12:00:56+00:00","og_image":[{"width":2560,"height":1696,"url":"https:\/\/www.reciplasa.es\/wp-content\/uploads\/2022\/07\/Consell-administracio\u0301-a-Benica\u0300ssim-scaled.jpg","type":"image\/jpeg"}],"author":"Cristina Marco","twitter_card":"summary_large_image","twitter_misc":{"Written by":"Cristina Marco","Est. reading time":"3 minutes"},"schema":{"@context":"https:\/\/schema.org","@graph":[{"@type":"Article","@id":"https:\/\/www.reciplasa.es\/va\/el-consell-dadministracio-de-reciplasa-demana-a-la-diputacio-que-sencarregue-de-la-gestio-del-consorci-c-2\/#article","isPartOf":{"@id":"https:\/\/www.reciplasa.es\/va\/el-consell-dadministracio-de-reciplasa-demana-a-la-diputacio-que-sencarregue-de-la-gestio-del-consorci-c-2\/"},"author":{"name":"Cristina Marco","@id":"https:\/\/www.reciplasa.es\/#\/schema\/person\/608ffc094e3c56d49e6c6ec8f1ea0e82"},"headline":"El consell d\u2019administraci\u00f3 de Reciplasa demana a la Diputaci\u00f3 que s\u2019encarregue de la gesti\u00f3 del Consorci C-2","datePublished":"2022-07-14T08:53:55+00:00","dateModified":"2022-07-14T12:00:56+00:00","mainEntityOfPage":{"@id":"https:\/\/www.reciplasa.es\/va\/el-consell-dadministracio-de-reciplasa-demana-a-la-diputacio-que-sencarregue-de-la-gestio-del-consorci-c-2\/"},"wordCount":466,"image":{"@id":"https:\/\/www.reciplasa.es\/va\/el-consell-dadministracio-de-reciplasa-demana-a-la-diputacio-que-sencarregue-de-la-gestio-del-consorci-c-2\/#primaryimage"},"thumbnailUrl":"https:\/\/www.reciplasa.es\/wp-content\/uploads\/2022\/07\/Consell-administracio\u0301-a-Benica\u0300ssim-scaled.jpg","articleSection":["Not\u00edcies corporatives"],"inLanguage":"va-VA"},{"@type":"WebPage","@id":"https:\/\/www.reciplasa.es\/va\/el-consell-dadministracio-de-reciplasa-demana-a-la-diputacio-que-sencarregue-de-la-gestio-del-consorci-c-2\/","url":"https:\/\/www.reciplasa.es\/va\/el-consell-dadministracio-de-reciplasa-demana-a-la-diputacio-que-sencarregue-de-la-gestio-del-consorci-c-2\/","name":"El consell d\u2019administraci\u00f3 de Reciplasa demana a la Diputaci\u00f3 que s\u2019encarregue de la gesti\u00f3 del Consorci C-2 - RECIPLASA","isPartOf":{"@id":"https:\/\/www.reciplasa.es\/#website"},"primaryImageOfPage":{"@id":"https:\/\/www.reciplasa.es\/va\/el-consell-dadministracio-de-reciplasa-demana-a-la-diputacio-que-sencarregue-de-la-gestio-del-consorci-c-2\/#primaryimage"},"image":{"@id":"https:\/\/www.reciplasa.es\/va\/el-consell-dadministracio-de-reciplasa-demana-a-la-diputacio-que-sencarregue-de-la-gestio-del-consorci-c-2\/#primaryimage"},"thumbnailUrl":"https:\/\/www.reciplasa.es\/wp-content\/uploads\/2022\/07\/Consell-administracio\u0301-a-Benica\u0300ssim-scaled.jpg","datePublished":"2022-07-14T08:53:55+00:00","dateModified":"2022-07-14T12:00:56+00:00","author":{"@id":"https:\/\/www.reciplasa.es\/#\/schema\/person\/608ffc094e3c56d49e6c6ec8f1ea0e82"},"breadcrumb":{"@id":"https:\/\/www.reciplasa.es\/va\/el-consell-dadministracio-de-reciplasa-demana-a-la-diputacio-que-sencarregue-de-la-gestio-del-consorci-c-2\/#breadcrumb"},"inLanguage":"va-VA","potentialAction":[{"@type":"ReadAction","target":["https:\/\/www.reciplasa.es\/va\/el-consell-dadministracio-de-reciplasa-demana-a-la-diputacio-que-sencarregue-de-la-gestio-del-consorci-c-2\/"]}]},{"@type":"ImageObject","inLanguage":"va-VA","@id":"https:\/\/www.reciplasa.es\/va\/el-consell-dadministracio-de-reciplasa-demana-a-la-diputacio-que-sencarregue-de-la-gestio-del-consorci-c-2\/#primaryimage","url":"https:\/\/www.reciplasa.es\/wp-content\/uploads\/2022\/07\/Consell-administracio\u0301-a-Benica\u0300ssim-scaled.jpg","contentUrl":"https:\/\/www.reciplasa.es\/wp-content\/uploads\/2022\/07\/Consell-administracio\u0301-a-Benica\u0300ssim-scaled.jpg","width":2560,"height":1696},{"@type":"BreadcrumbList","@id":"https:\/\/www.reciplasa.es\/va\/el-consell-dadministracio-de-reciplasa-demana-a-la-diputacio-que-sencarregue-de-la-gestio-del-consorci-c-2\/#breadcrumb","itemListElement":[{"@type":"ListItem","position":1,"name":"Portada","item":"https:\/\/www.reciplasa.es\/va\/"},{"@type":"ListItem","position":2,"name":"El consell d\u2019administraci\u00f3 de Reciplasa demana a la Diputaci\u00f3 que s\u2019encarregue de la gesti\u00f3 del Consorci C-2"}]},{"@type":"WebSite","@id":"https:\/\/www.reciplasa.es\/#website","url":"https:\/\/www.reciplasa.es\/","name":"RECIPLASA","description":"Reciclats de Residus La Plana SA","potentialAction":[{"@type":"SearchAction","target":{"@type":"EntryPoint","urlTemplate":"https:\/\/www.reciplasa.es\/?s={search_term_string}"},"query-input":{"@type":"PropertyValueSpecification","valueRequired":true,"valueName":"search_term_string"}}],"inLanguage":"va-VA"},{"@type":"Person","@id":"https:\/\/www.reciplasa.es\/#\/schema\/person\/608ffc094e3c56d49e6c6ec8f1ea0e82","name":"Cristina Marco","image":{"@type":"ImageObject","inLanguage":"va-VA","@id":"https:\/\/secure.gravatar.com\/avatar\/6da7e00dc41d26d3c4245f3b2d70d687293df0dfc18f03719354383f7be4f34b?s=96&d=mm&r=g","url":"https:\/\/secure.gravatar.com\/avatar\/6da7e00dc41d26d3c4245f3b2d70d687293df0dfc18f03719354383f7be4f34b?s=96&d=mm&r=g","contentUrl":"https:\/\/secure.gravatar.com\/avatar\/6da7e00dc41d26d3c4245f3b2d70d687293df0dfc18f03719354383f7be4f34b?s=96&d=mm&r=g","caption":"Cristina Marco"},"url":"https:\/\/www.reciplasa.es\/va\/author\/cristina\/"}]}},"_links":{"self":[{"href":"https:\/\/www.reciplasa.es\/va\/wp-json\/wp\/v2\/posts\/15387","targetHints":{"allow":["GET"]}}],"collection":[{"href":"https:\/\/www.reciplasa.es\/va\/wp-json\/wp\/v2\/posts"}],"about":[{"href":"https:\/\/www.reciplasa.es\/va\/wp-json\/wp\/v2\/types\/post"}],"author":[{"embeddable":true,"href":"https:\/\/www.reciplasa.es\/va\/wp-json\/wp\/v2\/users\/3"}],"replies":[{"embeddable":true,"href":"https:\/\/www.reciplasa.es\/va\/wp-json\/wp\/v2\/comments?post=15387"}],"version-history":[{"count":2,"href":"https:\/\/www.reciplasa.es\/va\/wp-json\/wp\/v2\/posts\/15387\/revisions"}],"predecessor-version":[{"id":15389,"href":"https:\/\/www.reciplasa.es\/va\/wp-json\/wp\/v2\/posts\/15387\/revisions\/15389"}],"wp:featuredmedia":[{"embeddable":true,"href":"https:\/\/www.reciplasa.es\/va\/wp-json\/wp\/v2\/media\/15384"}],"wp:attachment":[{"href":"https:\/\/www.reciplasa.es\/va\/wp-json\/wp\/v2\/media?parent=15387"}],"wp:term":[{"taxonomy":"category","embeddable":true,"href":"https:\/\/www.reciplasa.es\/va\/wp-json\/wp\/v2\/categories?post=15387"},{"taxonomy":"post_tag","embeddable":true,"href":"https:\/\/www.reciplasa.es\/va\/wp-json\/wp\/v2\/tags?post=15387"}],"curies":[{"name":"wp","href":"https:\/\/api.w.org\/{rel}","templated":true}]}}