{"id":15413,"date":"2022-09-29T14:09:01","date_gmt":"2022-09-29T14:09:01","guid":{"rendered":"https:\/\/www.reciplasa.es\/?p=15413\/"},"modified":"2022-12-22T14:18:50","modified_gmt":"2022-12-22T14:18:50","slug":"reciplasa-descarta-la-pujada-de-lipc-per-al-canon-de-tractament-per-a-no-perjudicar-la-ciutadania","status":"publish","type":"post","link":"https:\/\/www.reciplasa.es\/va\/reciplasa-descarta-la-pujada-de-lipc-per-al-canon-de-tractament-per-a-no-perjudicar-la-ciutadania\/","title":{"rendered":"Reciplasa descarta la pujada de l&#8217;IPC per al c\u00e0non de tractament per a no perjudicar la ciutadania"},"content":{"rendered":"<h5><em><span style=\"font-weight: 400;\">L&#8217;ens p\u00fablic tan sols aplicar\u00e0 l&#8217;increment del 3% acordat en 2013 que es destinar\u00e0 a les obres de modernitzaci\u00f3 de la planta d&#8217;Onda<\/span><\/em><\/h5>\n<p>El consell d&#8217;administraci\u00f3 de Reciplasa ha descartat la pujada de l&#8217;IPC, com era habitual, per al c\u00e0non de tractament amb la finalitat de no perjudicar els ajuntaments membres del Consorci C2, i per tant a la ciutadania, davant la situaci\u00f3 econ\u00f2mica actual. L&#8217;empresa p\u00fablica de tractament de residus de la prov\u00edncia de Castell\u00f3, nom\u00e9s aplicar\u00e0 l&#8217;increment del 3% acordat en 2013 i que s&#8217;ha de destinar a les obres de modernitzaci\u00f3 de la planta. El president de Reciplasa, Ignasi Garcia, assenyala que \u201chem pres aquesta decisi\u00f3 perqu\u00e8 no volem empitjorar la situaci\u00f3 inflacionista i aix\u00ed ajudar als consistoris, i per tant, a les fam\u00edlies de la zona centre de la prov\u00edncia de Castell\u00f3. El consell d&#8217;administraci\u00f3 calcula que l&#8217;increment dels costos de tractament podran ser assumits per la tresoreria existent\u201d.<\/p>\n<p>D&#8217;altra banda, tamb\u00e9 s&#8217;ha decidit igualar la taxa per als municipis que no eren socis de Reciplasa als quals s\u00ed que ho s\u00f3n (Castell\u00f3, Vila-real, Almassora, Onda, Borriana, Benic\u00e0ssim l&#8217;Alcora i Betx\u00ed), ja que fins ara existien dos tipus diferents per altres inversions realitzades en el seu moment. Garcia explica que d&#8217;aquesta manera, 38 municipis del Consorci C2 tindran una rebaixa en les quotes que paguen per a aquest pr\u00f2xim any de prop d&#8217;un 8% \u201cdemostrant aix\u00ed, que existeix la solidaritat dels municipis m\u00e9s grans amb els m\u00e9s xicotets de la zona i la voluntat de col\u00b7laboraci\u00f3\u201d.<\/p>\n<p>La reforma de les instal\u00b7lacions per a la qual es destinar\u00e0 aqueix 3% d&#8217;increment en les taxes contempla fins a 40 milions d&#8217;euros per a millorar i actualitzar la planta que Reciplasa ve executant en els \u00faltims anys i continuar\u00e0 en els seg\u00fcents. \u201c\u00c9s una q\u00fcesti\u00f3 de vital import\u00e0ncia, que ja vam posar en marxa fa anys, perqu\u00e8 ens permetr\u00e0 millorar el tractament dels residus, reduint la quantitat que arriba a l&#8217;abocador. A part de les millores, tamb\u00e9 necessitarem, per a una bona transici\u00f3 a l&#8217;economia circular i entendre que els residus s\u00f3n mat\u00e8ries primeres, que les empreses apliquen molt m\u00e9s l&#8217;ecodisseny, que totes les institucions sumem per a reduir els residus i que existisca una millor separaci\u00f3 selectiva per part de la poblaci\u00f3\u201d, explica el president de Reciplasa.<\/p>\n","protected":false},"excerpt":{"rendered":"<p>L&#8217;ens p\u00fablic tan sols aplicar\u00e0 l&#8217;increment del 3% acordat en 2013 que es destinar\u00e0 a les obres de modernitzaci\u00f3 de la planta d&#8217;Onda El consell d&#8217;administraci\u00f3 de Reciplasa ha descartat la pujada de l&#8217;IPC, com era habitual, per al c\u00e0non de tractament amb la finalitat de no perjudicar els ajuntaments membres del Consorci C2, iDale que hay m\u00e1s &#8230;<\/p>\n","protected":false},"author":3,"featured_media":15384,"comment_status":"closed","ping_status":"closed","sticky":false,"template":"","format":"standard","meta":{"footnotes":""},"categories":[87],"tags":[],"class_list":["post-15413","post","type-post","status-publish","format-standard","has-post-thumbnail","hentry","category-noticies-corporatives"],"yoast_head":"<!-- This site is optimized with the Yoast SEO plugin v27.4 - https:\/\/yoast.com\/product\/yoast-seo-wordpress\/ -->\n<title>Reciplasa descarta la pujada de l&#039;IPC per al c\u00e0non de tractament per a no perjudicar la ciutadania - RECIPLASA<\/title>\n<meta name=\"robots\" content=\"index, follow, max-snippet:-1, max-image-preview:large, max-video-preview:-1\" \/>\n<link rel=\"canonical\" href=\"https:\/\/www.reciplasa.es\/reciplasa-descarta-la-subida-del-ipc-para-el-canon-de-tratamiento-para-no-perjudicar-a-la-ciudadania\/\" \/>\n<meta property=\"og:locale\" content=\"en_US\" \/>\n<meta property=\"og:type\" content=\"article\" \/>\n<meta property=\"og:title\" content=\"Reciplasa descarta la pujada de l&#039;IPC per al c\u00e0non de tractament per a no perjudicar la ciutadania - RECIPLASA\" \/>\n<meta property=\"og:description\" content=\"L&#8217;ens p\u00fablic tan sols aplicar\u00e0 l&#8217;increment del 3% acordat en 2013 que es destinar\u00e0 a les obres de modernitzaci\u00f3 de la planta d&#8217;Onda El consell d&#8217;administraci\u00f3 de Reciplasa ha descartat la pujada de l&#8217;IPC, com era habitual, per al c\u00e0non de tractament amb la finalitat de no perjudicar els ajuntaments membres del Consorci C2, iDale que hay m\u00e1s ...\" \/>\n<meta property=\"og:url\" content=\"https:\/\/www.reciplasa.es\/reciplasa-descarta-la-subida-del-ipc-para-el-canon-de-tratamiento-para-no-perjudicar-a-la-ciudadania\/\" \/>\n<meta property=\"og:site_name\" content=\"RECIPLASA\" \/>\n<meta property=\"article:published_time\" content=\"2022-09-29T14:09:01+00:00\" \/>\n<meta property=\"article:modified_time\" content=\"2022-12-22T14:18:50+00:00\" \/>\n<meta property=\"og:image\" content=\"https:\/\/www.reciplasa.es\/wp-content\/uploads\/2022\/07\/Consell-administracio\u0301-a-Benica\u0300ssim-scaled.jpg\" \/>\n\t<meta property=\"og:image:width\" content=\"2560\" \/>\n\t<meta property=\"og:image:height\" content=\"1696\" \/>\n\t<meta property=\"og:image:type\" content=\"image\/jpeg\" \/>\n<meta name=\"author\" content=\"Cristina Marco\" \/>\n<meta name=\"twitter:card\" content=\"summary_large_image\" \/>\n<meta name=\"twitter:label1\" content=\"Written by\" \/>\n\t<meta name=\"twitter:data1\" content=\"Cristina Marco\" \/>\n\t<meta name=\"twitter:label2\" content=\"Est. reading time\" \/>\n\t<meta name=\"twitter:data2\" content=\"2 minutes\" \/>\n<script type=\"application\/ld+json\" class=\"yoast-schema-graph\">{\"@context\":\"https:\\\/\\\/schema.org\",\"@graph\":[{\"@type\":\"Article\",\"@id\":\"https:\\\/\\\/www.reciplasa.es\\\/reciplasa-descarta-la-subida-del-ipc-para-el-canon-de-tratamiento-para-no-perjudicar-a-la-ciudadania\\\/#article\",\"isPartOf\":{\"@id\":\"https:\\\/\\\/www.reciplasa.es\\\/reciplasa-descarta-la-subida-del-ipc-para-el-canon-de-tratamiento-para-no-perjudicar-a-la-ciudadania\\\/\"},\"author\":{\"name\":\"Cristina Marco\",\"@id\":\"https:\\\/\\\/www.reciplasa.es\\\/#\\\/schema\\\/person\\\/608ffc094e3c56d49e6c6ec8f1ea0e82\"},\"headline\":\"Reciplasa descarta la pujada de l&#8217;IPC per al c\u00e0non de tractament per a no perjudicar la ciutadania\",\"datePublished\":\"2022-09-29T14:09:01+00:00\",\"dateModified\":\"2022-12-22T14:18:50+00:00\",\"mainEntityOfPage\":{\"@id\":\"https:\\\/\\\/www.reciplasa.es\\\/reciplasa-descarta-la-subida-del-ipc-para-el-canon-de-tratamiento-para-no-perjudicar-a-la-ciudadania\\\/\"},\"wordCount\":431,\"image\":{\"@id\":\"https:\\\/\\\/www.reciplasa.es\\\/reciplasa-descarta-la-subida-del-ipc-para-el-canon-de-tratamiento-para-no-perjudicar-a-la-ciudadania\\\/#primaryimage\"},\"thumbnailUrl\":\"https:\\\/\\\/www.reciplasa.es\\\/wp-content\\\/uploads\\\/2022\\\/07\\\/Consell-administracio\u0301-a-Benica\u0300ssim-scaled.jpg\",\"articleSection\":[\"Not\u00edcies corporatives\"],\"inLanguage\":\"va-VA\"},{\"@type\":\"WebPage\",\"@id\":\"https:\\\/\\\/www.reciplasa.es\\\/reciplasa-descarta-la-subida-del-ipc-para-el-canon-de-tratamiento-para-no-perjudicar-a-la-ciudadania\\\/\",\"url\":\"https:\\\/\\\/www.reciplasa.es\\\/reciplasa-descarta-la-subida-del-ipc-para-el-canon-de-tratamiento-para-no-perjudicar-a-la-ciudadania\\\/\",\"name\":\"Reciplasa descarta la pujada de l'IPC per al c\u00e0non de tractament per a no perjudicar la ciutadania - RECIPLASA\",\"isPartOf\":{\"@id\":\"https:\\\/\\\/www.reciplasa.es\\\/#website\"},\"primaryImageOfPage\":{\"@id\":\"https:\\\/\\\/www.reciplasa.es\\\/reciplasa-descarta-la-subida-del-ipc-para-el-canon-de-tratamiento-para-no-perjudicar-a-la-ciudadania\\\/#primaryimage\"},\"image\":{\"@id\":\"https:\\\/\\\/www.reciplasa.es\\\/reciplasa-descarta-la-subida-del-ipc-para-el-canon-de-tratamiento-para-no-perjudicar-a-la-ciudadania\\\/#primaryimage\"},\"thumbnailUrl\":\"https:\\\/\\\/www.reciplasa.es\\\/wp-content\\\/uploads\\\/2022\\\/07\\\/Consell-administracio\u0301-a-Benica\u0300ssim-scaled.jpg\",\"datePublished\":\"2022-09-29T14:09:01+00:00\",\"dateModified\":\"2022-12-22T14:18:50+00:00\",\"author\":{\"@id\":\"https:\\\/\\\/www.reciplasa.es\\\/#\\\/schema\\\/person\\\/608ffc094e3c56d49e6c6ec8f1ea0e82\"},\"breadcrumb\":{\"@id\":\"https:\\\/\\\/www.reciplasa.es\\\/reciplasa-descarta-la-subida-del-ipc-para-el-canon-de-tratamiento-para-no-perjudicar-a-la-ciudadania\\\/#breadcrumb\"},\"inLanguage\":\"va-VA\",\"potentialAction\":[{\"@type\":\"ReadAction\",\"target\":[\"https:\\\/\\\/www.reciplasa.es\\\/reciplasa-descarta-la-subida-del-ipc-para-el-canon-de-tratamiento-para-no-perjudicar-a-la-ciudadania\\\/\"]}]},{\"@type\":\"ImageObject\",\"inLanguage\":\"va-VA\",\"@id\":\"https:\\\/\\\/www.reciplasa.es\\\/reciplasa-descarta-la-subida-del-ipc-para-el-canon-de-tratamiento-para-no-perjudicar-a-la-ciudadania\\\/#primaryimage\",\"url\":\"https:\\\/\\\/www.reciplasa.es\\\/wp-content\\\/uploads\\\/2022\\\/07\\\/Consell-administracio\u0301-a-Benica\u0300ssim-scaled.jpg\",\"contentUrl\":\"https:\\\/\\\/www.reciplasa.es\\\/wp-content\\\/uploads\\\/2022\\\/07\\\/Consell-administracio\u0301-a-Benica\u0300ssim-scaled.jpg\",\"width\":2560,\"height\":1696},{\"@type\":\"BreadcrumbList\",\"@id\":\"https:\\\/\\\/www.reciplasa.es\\\/reciplasa-descarta-la-subida-del-ipc-para-el-canon-de-tratamiento-para-no-perjudicar-a-la-ciudadania\\\/#breadcrumb\",\"itemListElement\":[{\"@type\":\"ListItem\",\"position\":1,\"name\":\"Portada\",\"item\":\"https:\\\/\\\/www.reciplasa.es\\\/va\\\/\"},{\"@type\":\"ListItem\",\"position\":2,\"name\":\"Reciplasa descarta la pujada de l&#8217;IPC per al c\u00e0non de tractament per a no perjudicar la ciutadania\"}]},{\"@type\":\"WebSite\",\"@id\":\"https:\\\/\\\/www.reciplasa.es\\\/#website\",\"url\":\"https:\\\/\\\/www.reciplasa.es\\\/\",\"name\":\"RECIPLASA\",\"description\":\"Reciclats de Residus La Plana SA\",\"potentialAction\":[{\"@type\":\"SearchAction\",\"target\":{\"@type\":\"EntryPoint\",\"urlTemplate\":\"https:\\\/\\\/www.reciplasa.es\\\/?s={search_term_string}\"},\"query-input\":{\"@type\":\"PropertyValueSpecification\",\"valueRequired\":true,\"valueName\":\"search_term_string\"}}],\"inLanguage\":\"va-VA\"},{\"@type\":\"Person\",\"@id\":\"https:\\\/\\\/www.reciplasa.es\\\/#\\\/schema\\\/person\\\/608ffc094e3c56d49e6c6ec8f1ea0e82\",\"name\":\"Cristina Marco\",\"image\":{\"@type\":\"ImageObject\",\"inLanguage\":\"va-VA\",\"@id\":\"https:\\\/\\\/secure.gravatar.com\\\/avatar\\\/6da7e00dc41d26d3c4245f3b2d70d687293df0dfc18f03719354383f7be4f34b?s=96&d=mm&r=g\",\"url\":\"https:\\\/\\\/secure.gravatar.com\\\/avatar\\\/6da7e00dc41d26d3c4245f3b2d70d687293df0dfc18f03719354383f7be4f34b?s=96&d=mm&r=g\",\"contentUrl\":\"https:\\\/\\\/secure.gravatar.com\\\/avatar\\\/6da7e00dc41d26d3c4245f3b2d70d687293df0dfc18f03719354383f7be4f34b?s=96&d=mm&r=g\",\"caption\":\"Cristina Marco\"},\"url\":\"https:\\\/\\\/www.reciplasa.es\\\/va\\\/author\\\/cristina\\\/\"}]}<\/script>\n<!-- \/ Yoast SEO plugin. -->","yoast_head_json":{"title":"Reciplasa descarta la pujada de l'IPC per al c\u00e0non de tractament per a no perjudicar la ciutadania - RECIPLASA","robots":{"index":"index","follow":"follow","max-snippet":"max-snippet:-1","max-image-preview":"max-image-preview:large","max-video-preview":"max-video-preview:-1"},"canonical":"https:\/\/www.reciplasa.es\/reciplasa-descarta-la-subida-del-ipc-para-el-canon-de-tratamiento-para-no-perjudicar-a-la-ciudadania\/","og_locale":"en_US","og_type":"article","og_title":"Reciplasa descarta la pujada de l'IPC per al c\u00e0non de tractament per a no perjudicar la ciutadania - RECIPLASA","og_description":"L&#8217;ens p\u00fablic tan sols aplicar\u00e0 l&#8217;increment del 3% acordat en 2013 que es destinar\u00e0 a les obres de modernitzaci\u00f3 de la planta d&#8217;Onda El consell d&#8217;administraci\u00f3 de Reciplasa ha descartat la pujada de l&#8217;IPC, com era habitual, per al c\u00e0non de tractament amb la finalitat de no perjudicar els ajuntaments membres del Consorci C2, iDale que hay m\u00e1s ...","og_url":"https:\/\/www.reciplasa.es\/reciplasa-descarta-la-subida-del-ipc-para-el-canon-de-tratamiento-para-no-perjudicar-a-la-ciudadania\/","og_site_name":"RECIPLASA","article_published_time":"2022-09-29T14:09:01+00:00","article_modified_time":"2022-12-22T14:18:50+00:00","og_image":[{"width":2560,"height":1696,"url":"https:\/\/www.reciplasa.es\/wp-content\/uploads\/2022\/07\/Consell-administracio\u0301-a-Benica\u0300ssim-scaled.jpg","type":"image\/jpeg"}],"author":"Cristina Marco","twitter_card":"summary_large_image","twitter_misc":{"Written by":"Cristina Marco","Est. reading time":"2 minutes"},"schema":{"@context":"https:\/\/schema.org","@graph":[{"@type":"Article","@id":"https:\/\/www.reciplasa.es\/reciplasa-descarta-la-subida-del-ipc-para-el-canon-de-tratamiento-para-no-perjudicar-a-la-ciudadania\/#article","isPartOf":{"@id":"https:\/\/www.reciplasa.es\/reciplasa-descarta-la-subida-del-ipc-para-el-canon-de-tratamiento-para-no-perjudicar-a-la-ciudadania\/"},"author":{"name":"Cristina Marco","@id":"https:\/\/www.reciplasa.es\/#\/schema\/person\/608ffc094e3c56d49e6c6ec8f1ea0e82"},"headline":"Reciplasa descarta la pujada de l&#8217;IPC per al c\u00e0non de tractament per a no perjudicar la ciutadania","datePublished":"2022-09-29T14:09:01+00:00","dateModified":"2022-12-22T14:18:50+00:00","mainEntityOfPage":{"@id":"https:\/\/www.reciplasa.es\/reciplasa-descarta-la-subida-del-ipc-para-el-canon-de-tratamiento-para-no-perjudicar-a-la-ciudadania\/"},"wordCount":431,"image":{"@id":"https:\/\/www.reciplasa.es\/reciplasa-descarta-la-subida-del-ipc-para-el-canon-de-tratamiento-para-no-perjudicar-a-la-ciudadania\/#primaryimage"},"thumbnailUrl":"https:\/\/www.reciplasa.es\/wp-content\/uploads\/2022\/07\/Consell-administracio\u0301-a-Benica\u0300ssim-scaled.jpg","articleSection":["Not\u00edcies corporatives"],"inLanguage":"va-VA"},{"@type":"WebPage","@id":"https:\/\/www.reciplasa.es\/reciplasa-descarta-la-subida-del-ipc-para-el-canon-de-tratamiento-para-no-perjudicar-a-la-ciudadania\/","url":"https:\/\/www.reciplasa.es\/reciplasa-descarta-la-subida-del-ipc-para-el-canon-de-tratamiento-para-no-perjudicar-a-la-ciudadania\/","name":"Reciplasa descarta la pujada de l'IPC per al c\u00e0non de tractament per a no perjudicar la ciutadania - RECIPLASA","isPartOf":{"@id":"https:\/\/www.reciplasa.es\/#website"},"primaryImageOfPage":{"@id":"https:\/\/www.reciplasa.es\/reciplasa-descarta-la-subida-del-ipc-para-el-canon-de-tratamiento-para-no-perjudicar-a-la-ciudadania\/#primaryimage"},"image":{"@id":"https:\/\/www.reciplasa.es\/reciplasa-descarta-la-subida-del-ipc-para-el-canon-de-tratamiento-para-no-perjudicar-a-la-ciudadania\/#primaryimage"},"thumbnailUrl":"https:\/\/www.reciplasa.es\/wp-content\/uploads\/2022\/07\/Consell-administracio\u0301-a-Benica\u0300ssim-scaled.jpg","datePublished":"2022-09-29T14:09:01+00:00","dateModified":"2022-12-22T14:18:50+00:00","author":{"@id":"https:\/\/www.reciplasa.es\/#\/schema\/person\/608ffc094e3c56d49e6c6ec8f1ea0e82"},"breadcrumb":{"@id":"https:\/\/www.reciplasa.es\/reciplasa-descarta-la-subida-del-ipc-para-el-canon-de-tratamiento-para-no-perjudicar-a-la-ciudadania\/#breadcrumb"},"inLanguage":"va-VA","potentialAction":[{"@type":"ReadAction","target":["https:\/\/www.reciplasa.es\/reciplasa-descarta-la-subida-del-ipc-para-el-canon-de-tratamiento-para-no-perjudicar-a-la-ciudadania\/"]}]},{"@type":"ImageObject","inLanguage":"va-VA","@id":"https:\/\/www.reciplasa.es\/reciplasa-descarta-la-subida-del-ipc-para-el-canon-de-tratamiento-para-no-perjudicar-a-la-ciudadania\/#primaryimage","url":"https:\/\/www.reciplasa.es\/wp-content\/uploads\/2022\/07\/Consell-administracio\u0301-a-Benica\u0300ssim-scaled.jpg","contentUrl":"https:\/\/www.reciplasa.es\/wp-content\/uploads\/2022\/07\/Consell-administracio\u0301-a-Benica\u0300ssim-scaled.jpg","width":2560,"height":1696},{"@type":"BreadcrumbList","@id":"https:\/\/www.reciplasa.es\/reciplasa-descarta-la-subida-del-ipc-para-el-canon-de-tratamiento-para-no-perjudicar-a-la-ciudadania\/#breadcrumb","itemListElement":[{"@type":"ListItem","position":1,"name":"Portada","item":"https:\/\/www.reciplasa.es\/va\/"},{"@type":"ListItem","position":2,"name":"Reciplasa descarta la pujada de l&#8217;IPC per al c\u00e0non de tractament per a no perjudicar la ciutadania"}]},{"@type":"WebSite","@id":"https:\/\/www.reciplasa.es\/#website","url":"https:\/\/www.reciplasa.es\/","name":"RECIPLASA","description":"Reciclats de Residus La Plana SA","potentialAction":[{"@type":"SearchAction","target":{"@type":"EntryPoint","urlTemplate":"https:\/\/www.reciplasa.es\/?s={search_term_string}"},"query-input":{"@type":"PropertyValueSpecification","valueRequired":true,"valueName":"search_term_string"}}],"inLanguage":"va-VA"},{"@type":"Person","@id":"https:\/\/www.reciplasa.es\/#\/schema\/person\/608ffc094e3c56d49e6c6ec8f1ea0e82","name":"Cristina Marco","image":{"@type":"ImageObject","inLanguage":"va-VA","@id":"https:\/\/secure.gravatar.com\/avatar\/6da7e00dc41d26d3c4245f3b2d70d687293df0dfc18f03719354383f7be4f34b?s=96&d=mm&r=g","url":"https:\/\/secure.gravatar.com\/avatar\/6da7e00dc41d26d3c4245f3b2d70d687293df0dfc18f03719354383f7be4f34b?s=96&d=mm&r=g","contentUrl":"https:\/\/secure.gravatar.com\/avatar\/6da7e00dc41d26d3c4245f3b2d70d687293df0dfc18f03719354383f7be4f34b?s=96&d=mm&r=g","caption":"Cristina Marco"},"url":"https:\/\/www.reciplasa.es\/va\/author\/cristina\/"}]}},"_links":{"self":[{"href":"https:\/\/www.reciplasa.es\/va\/wp-json\/wp\/v2\/posts\/15413","targetHints":{"allow":["GET"]}}],"collection":[{"href":"https:\/\/www.reciplasa.es\/va\/wp-json\/wp\/v2\/posts"}],"about":[{"href":"https:\/\/www.reciplasa.es\/va\/wp-json\/wp\/v2\/types\/post"}],"author":[{"embeddable":true,"href":"https:\/\/www.reciplasa.es\/va\/wp-json\/wp\/v2\/users\/3"}],"replies":[{"embeddable":true,"href":"https:\/\/www.reciplasa.es\/va\/wp-json\/wp\/v2\/comments?post=15413"}],"version-history":[{"count":1,"href":"https:\/\/www.reciplasa.es\/va\/wp-json\/wp\/v2\/posts\/15413\/revisions"}],"predecessor-version":[{"id":15414,"href":"https:\/\/www.reciplasa.es\/va\/wp-json\/wp\/v2\/posts\/15413\/revisions\/15414"}],"wp:featuredmedia":[{"embeddable":true,"href":"https:\/\/www.reciplasa.es\/va\/wp-json\/wp\/v2\/media\/15384"}],"wp:attachment":[{"href":"https:\/\/www.reciplasa.es\/va\/wp-json\/wp\/v2\/media?parent=15413"}],"wp:term":[{"taxonomy":"category","embeddable":true,"href":"https:\/\/www.reciplasa.es\/va\/wp-json\/wp\/v2\/categories?post=15413"},{"taxonomy":"post_tag","embeddable":true,"href":"https:\/\/www.reciplasa.es\/va\/wp-json\/wp\/v2\/tags?post=15413"}],"curies":[{"name":"wp","href":"https:\/\/api.w.org\/{rel}","templated":true}]}}