{"id":15493,"date":"2022-12-22T14:18:19","date_gmt":"2022-12-22T14:18:19","guid":{"rendered":"https:\/\/www.reciplasa.es\/?p=15493\/"},"modified":"2022-12-22T14:18:19","modified_gmt":"2022-12-22T14:18:19","slug":"la-catedra-reciplasa-aprova-la-memoria-dactivitats-de-2022-i-presenta-les-activitats-per-al-proxim-any","status":"publish","type":"post","link":"https:\/\/www.reciplasa.es\/va\/la-catedra-reciplasa-aprova-la-memoria-dactivitats-de-2022-i-presenta-les-activitats-per-al-proxim-any\/","title":{"rendered":"La C\u00e0tedra Reciplasa aprova la mem\u00f2ria d\u2019activitats de 2022 i presenta les activitats per al pr\u00f2xim any"},"content":{"rendered":"<p class=\"p1\">La Universitat Jaume I i l\u2019empresa p\u00fablica Reciplasa han portat a terme la comissi\u00f3\u00a0mixta\u00a0de seguiment de la C\u00e0tedra Reciplasa de Gesti\u00f3 de Residus Urbans. A la reuni\u00f3, celebrada en l\u2019Ajuntament de Castell\u00f3, han assistit en representaci\u00f3 de l\u2019UJI el catedr\u00e0tic F\u00e9lix Hern\u00e1ndez, director de la C\u00e0tedra, i Jes\u00fas Lancis, vicerector\u00a0d\u2019Investigaci\u00f3\u00a0i Transfer\u00e8ncia. Per part de Reciplasa han estat el seu president, Ignasi Garc\u00eda, i Fernando Albarr\u00e1n, director t\u00e8cnic.<\/p>\n<p>La comissi\u00f3 ha fet balan\u00e7 de les activitats que\u00a0s\u2019han\u00a0pogut desenvolupar durant este any 2022 a les quals destaca la consolidaci\u00f3 del concurs \u00abQu\u00e8 fem amb el fem?\u00bb, al qual els centres educatius de la prov\u00edncia de Castell\u00f3 poden presentar els seus treballs relacionats amb\u00a0l\u2019educaci\u00f3\u00a0sobre la reducci\u00f3, reutilitzaci\u00f3 i reciclatge de productes, aix\u00ed com la gesti\u00f3 dels residus. Tamb\u00e9 s\u2019ha destacat la notable millora en la participaci\u00f3 de l\u2019estudiantat de la Universitat Jaume I en els premis a millor treball final de grau (TFG) i treball final de m\u00e0ster (TFM) que per a esta edici\u00f3 del 2022 encara no s\u2019han entregat per\u00f2 s\u00ed que han vist augmentada la seua dotaci\u00f3 fins als 500 i 1.000 euros respectivament.<\/p>\n<p><img loading=\"lazy\" decoding=\"async\" class=\"aligncenter size-large wp-image-15491\" src=\"https:\/\/www.reciplasa.es\/wp-content\/uploads\/2022\/12\/Reunio-Ca\u0300tedra-22-12-22_11-1024x683.jpg\" alt=\"\" width=\"800\" height=\"534\" srcset=\"https:\/\/www.reciplasa.es\/wp-content\/uploads\/2022\/12\/Reunio-Ca\u0300tedra-22-12-22_11-1024x683.jpg 1024w, https:\/\/www.reciplasa.es\/wp-content\/uploads\/2022\/12\/Reunio-Ca\u0300tedra-22-12-22_11-300x200.jpg 300w, https:\/\/www.reciplasa.es\/wp-content\/uploads\/2022\/12\/Reunio-Ca\u0300tedra-22-12-22_11-768x512.jpg 768w, https:\/\/www.reciplasa.es\/wp-content\/uploads\/2022\/12\/Reunio-Ca\u0300tedra-22-12-22_11-1536x1024.jpg 1536w, https:\/\/www.reciplasa.es\/wp-content\/uploads\/2022\/12\/Reunio-Ca\u0300tedra-22-12-22_11-2048x1365.jpg 2048w\" sizes=\"auto, (max-width: 800px) 100vw, 800px\" \/><\/p>\n<p class=\"p1\">La comissi\u00f3 ha aprovat tamb\u00e9 la proposta\u00a0d\u2019activitats\u00a0per a 2023, any en qu\u00e8 es preveu organitzar una s\u00e8rie de Jornades Cient\u00edfiques que caracteritzen a la C\u00e0tedra, continuar amb els premis a millor TFG i TFM per a l\u2019estudiantat de l\u2019UJI i amb una nova edici\u00f3 del concurs \u00abQu\u00e8 fem amb el fem?\u00bb per a escolars, aix\u00ed com amb les col\u00b7laboracions amb entitats que advoquen per una gesti\u00f3 m\u00e9s responsable dels residus urbans. A banda, cal recordar que la C\u00e0tedra continua amb els seus estudis cient\u00edfics al voltant del tractament de residus i sobre les aig\u00fces a l\u2019entorn de la planta d\u2019Onda.<\/p>\n","protected":false},"excerpt":{"rendered":"<p>La Universitat Jaume I i l\u2019empresa p\u00fablica Reciplasa han portat a terme la comissi\u00f3\u00a0mixta\u00a0de seguiment de la C\u00e0tedra Reciplasa de Gesti\u00f3 de Residus Urbans. A la reuni\u00f3, celebrada en l\u2019Ajuntament de Castell\u00f3, han assistit en representaci\u00f3 de l\u2019UJI el catedr\u00e0tic F\u00e9lix Hern\u00e1ndez, director de la C\u00e0tedra, i Jes\u00fas Lancis, vicerector\u00a0d\u2019Investigaci\u00f3\u00a0i Transfer\u00e8ncia. Per part de ReciplasaDale que hay m\u00e1s &#8230;<\/p>\n","protected":false},"author":3,"featured_media":15483,"comment_status":"closed","ping_status":"closed","sticky":false,"template":"","format":"standard","meta":{"footnotes":""},"categories":[88],"tags":[],"class_list":["post-15493","post","type-post","status-publish","format-standard","has-post-thumbnail","hentry","category-catedra-reciplasa-uji"],"yoast_head":"<!-- This site is optimized with the Yoast SEO plugin v27.4 - https:\/\/yoast.com\/product\/yoast-seo-wordpress\/ -->\n<title>La C\u00e0tedra Reciplasa aprova la mem\u00f2ria d\u2019activitats de 2022 i presenta les activitats per al pr\u00f2xim any - RECIPLASA<\/title>\n<meta name=\"robots\" content=\"index, follow, max-snippet:-1, max-image-preview:large, max-video-preview:-1\" \/>\n<link rel=\"canonical\" href=\"https:\/\/www.reciplasa.es\/la-catedra-reciplasa-aprueba-la-memoria-de-actividades-de-2022-y-presenta-las-actividades-para-el-proximo-ano\/\" \/>\n<meta property=\"og:locale\" content=\"en_US\" \/>\n<meta property=\"og:type\" content=\"article\" \/>\n<meta property=\"og:title\" content=\"La C\u00e0tedra Reciplasa aprova la mem\u00f2ria d\u2019activitats de 2022 i presenta les activitats per al pr\u00f2xim any - RECIPLASA\" \/>\n<meta property=\"og:description\" content=\"La Universitat Jaume I i l\u2019empresa p\u00fablica Reciplasa han portat a terme la comissi\u00f3\u00a0mixta\u00a0de seguiment de la C\u00e0tedra Reciplasa de Gesti\u00f3 de Residus Urbans. A la reuni\u00f3, celebrada en l\u2019Ajuntament de Castell\u00f3, han assistit en representaci\u00f3 de l\u2019UJI el catedr\u00e0tic F\u00e9lix Hern\u00e1ndez, director de la C\u00e0tedra, i Jes\u00fas Lancis, vicerector\u00a0d\u2019Investigaci\u00f3\u00a0i Transfer\u00e8ncia. Per part de ReciplasaDale que hay m\u00e1s ...\" \/>\n<meta property=\"og:url\" content=\"https:\/\/www.reciplasa.es\/la-catedra-reciplasa-aprueba-la-memoria-de-actividades-de-2022-y-presenta-las-actividades-para-el-proximo-ano\/\" \/>\n<meta property=\"og:site_name\" content=\"RECIPLASA\" \/>\n<meta property=\"article:published_time\" content=\"2022-12-22T14:18:19+00:00\" \/>\n<meta property=\"og:image\" content=\"https:\/\/www.reciplasa.es\/wp-content\/uploads\/2022\/12\/Reunio\u0301-Ca\u0300tedra-Reciplasa-22-12-22-scaled.jpg\" \/>\n\t<meta property=\"og:image:width\" content=\"2560\" \/>\n\t<meta property=\"og:image:height\" content=\"1707\" \/>\n\t<meta property=\"og:image:type\" content=\"image\/jpeg\" \/>\n<meta name=\"author\" content=\"Cristina Marco\" \/>\n<meta name=\"twitter:card\" content=\"summary_large_image\" \/>\n<meta name=\"twitter:label1\" content=\"Written by\" \/>\n\t<meta name=\"twitter:data1\" content=\"Cristina Marco\" \/>\n\t<meta name=\"twitter:label2\" content=\"Est. reading time\" \/>\n\t<meta name=\"twitter:data2\" content=\"2 minutes\" \/>\n<script type=\"application\/ld+json\" class=\"yoast-schema-graph\">{\"@context\":\"https:\\\/\\\/schema.org\",\"@graph\":[{\"@type\":\"Article\",\"@id\":\"https:\\\/\\\/www.reciplasa.es\\\/la-catedra-reciplasa-aprueba-la-memoria-de-actividades-de-2022-y-presenta-las-actividades-para-el-proximo-ano\\\/#article\",\"isPartOf\":{\"@id\":\"https:\\\/\\\/www.reciplasa.es\\\/la-catedra-reciplasa-aprueba-la-memoria-de-actividades-de-2022-y-presenta-las-actividades-para-el-proximo-ano\\\/\"},\"author\":{\"name\":\"Cristina Marco\",\"@id\":\"https:\\\/\\\/www.reciplasa.es\\\/#\\\/schema\\\/person\\\/608ffc094e3c56d49e6c6ec8f1ea0e82\"},\"headline\":\"La C\u00e0tedra Reciplasa aprova la mem\u00f2ria d\u2019activitats de 2022 i presenta les activitats per al pr\u00f2xim any\",\"datePublished\":\"2022-12-22T14:18:19+00:00\",\"mainEntityOfPage\":{\"@id\":\"https:\\\/\\\/www.reciplasa.es\\\/la-catedra-reciplasa-aprueba-la-memoria-de-actividades-de-2022-y-presenta-las-actividades-para-el-proximo-ano\\\/\"},\"wordCount\":343,\"image\":{\"@id\":\"https:\\\/\\\/www.reciplasa.es\\\/la-catedra-reciplasa-aprueba-la-memoria-de-actividades-de-2022-y-presenta-las-actividades-para-el-proximo-ano\\\/#primaryimage\"},\"thumbnailUrl\":\"https:\\\/\\\/www.reciplasa.es\\\/wp-content\\\/uploads\\\/2022\\\/12\\\/Reunio\u0301-Ca\u0300tedra-Reciplasa-22-12-22-scaled.jpg\",\"articleSection\":[\"C\u00e0tedra Reciplasa-UJI\"],\"inLanguage\":\"va-VA\"},{\"@type\":\"WebPage\",\"@id\":\"https:\\\/\\\/www.reciplasa.es\\\/la-catedra-reciplasa-aprueba-la-memoria-de-actividades-de-2022-y-presenta-las-actividades-para-el-proximo-ano\\\/\",\"url\":\"https:\\\/\\\/www.reciplasa.es\\\/la-catedra-reciplasa-aprueba-la-memoria-de-actividades-de-2022-y-presenta-las-actividades-para-el-proximo-ano\\\/\",\"name\":\"La C\u00e0tedra Reciplasa aprova la mem\u00f2ria d\u2019activitats de 2022 i presenta les activitats per al pr\u00f2xim any - RECIPLASA\",\"isPartOf\":{\"@id\":\"https:\\\/\\\/www.reciplasa.es\\\/#website\"},\"primaryImageOfPage\":{\"@id\":\"https:\\\/\\\/www.reciplasa.es\\\/la-catedra-reciplasa-aprueba-la-memoria-de-actividades-de-2022-y-presenta-las-actividades-para-el-proximo-ano\\\/#primaryimage\"},\"image\":{\"@id\":\"https:\\\/\\\/www.reciplasa.es\\\/la-catedra-reciplasa-aprueba-la-memoria-de-actividades-de-2022-y-presenta-las-actividades-para-el-proximo-ano\\\/#primaryimage\"},\"thumbnailUrl\":\"https:\\\/\\\/www.reciplasa.es\\\/wp-content\\\/uploads\\\/2022\\\/12\\\/Reunio\u0301-Ca\u0300tedra-Reciplasa-22-12-22-scaled.jpg\",\"datePublished\":\"2022-12-22T14:18:19+00:00\",\"author\":{\"@id\":\"https:\\\/\\\/www.reciplasa.es\\\/#\\\/schema\\\/person\\\/608ffc094e3c56d49e6c6ec8f1ea0e82\"},\"breadcrumb\":{\"@id\":\"https:\\\/\\\/www.reciplasa.es\\\/la-catedra-reciplasa-aprueba-la-memoria-de-actividades-de-2022-y-presenta-las-actividades-para-el-proximo-ano\\\/#breadcrumb\"},\"inLanguage\":\"va-VA\",\"potentialAction\":[{\"@type\":\"ReadAction\",\"target\":[\"https:\\\/\\\/www.reciplasa.es\\\/la-catedra-reciplasa-aprueba-la-memoria-de-actividades-de-2022-y-presenta-las-actividades-para-el-proximo-ano\\\/\"]}]},{\"@type\":\"ImageObject\",\"inLanguage\":\"va-VA\",\"@id\":\"https:\\\/\\\/www.reciplasa.es\\\/la-catedra-reciplasa-aprueba-la-memoria-de-actividades-de-2022-y-presenta-las-actividades-para-el-proximo-ano\\\/#primaryimage\",\"url\":\"https:\\\/\\\/www.reciplasa.es\\\/wp-content\\\/uploads\\\/2022\\\/12\\\/Reunio\u0301-Ca\u0300tedra-Reciplasa-22-12-22-scaled.jpg\",\"contentUrl\":\"https:\\\/\\\/www.reciplasa.es\\\/wp-content\\\/uploads\\\/2022\\\/12\\\/Reunio\u0301-Ca\u0300tedra-Reciplasa-22-12-22-scaled.jpg\",\"width\":2560,\"height\":1707},{\"@type\":\"BreadcrumbList\",\"@id\":\"https:\\\/\\\/www.reciplasa.es\\\/la-catedra-reciplasa-aprueba-la-memoria-de-actividades-de-2022-y-presenta-las-actividades-para-el-proximo-ano\\\/#breadcrumb\",\"itemListElement\":[{\"@type\":\"ListItem\",\"position\":1,\"name\":\"Portada\",\"item\":\"https:\\\/\\\/www.reciplasa.es\\\/va\\\/\"},{\"@type\":\"ListItem\",\"position\":2,\"name\":\"La C\u00e0tedra Reciplasa aprova la mem\u00f2ria d\u2019activitats de 2022 i presenta les activitats per al pr\u00f2xim any\"}]},{\"@type\":\"WebSite\",\"@id\":\"https:\\\/\\\/www.reciplasa.es\\\/#website\",\"url\":\"https:\\\/\\\/www.reciplasa.es\\\/\",\"name\":\"RECIPLASA\",\"description\":\"Reciclats de Residus La Plana SA\",\"potentialAction\":[{\"@type\":\"SearchAction\",\"target\":{\"@type\":\"EntryPoint\",\"urlTemplate\":\"https:\\\/\\\/www.reciplasa.es\\\/?s={search_term_string}\"},\"query-input\":{\"@type\":\"PropertyValueSpecification\",\"valueRequired\":true,\"valueName\":\"search_term_string\"}}],\"inLanguage\":\"va-VA\"},{\"@type\":\"Person\",\"@id\":\"https:\\\/\\\/www.reciplasa.es\\\/#\\\/schema\\\/person\\\/608ffc094e3c56d49e6c6ec8f1ea0e82\",\"name\":\"Cristina Marco\",\"image\":{\"@type\":\"ImageObject\",\"inLanguage\":\"va-VA\",\"@id\":\"https:\\\/\\\/secure.gravatar.com\\\/avatar\\\/6da7e00dc41d26d3c4245f3b2d70d687293df0dfc18f03719354383f7be4f34b?s=96&d=mm&r=g\",\"url\":\"https:\\\/\\\/secure.gravatar.com\\\/avatar\\\/6da7e00dc41d26d3c4245f3b2d70d687293df0dfc18f03719354383f7be4f34b?s=96&d=mm&r=g\",\"contentUrl\":\"https:\\\/\\\/secure.gravatar.com\\\/avatar\\\/6da7e00dc41d26d3c4245f3b2d70d687293df0dfc18f03719354383f7be4f34b?s=96&d=mm&r=g\",\"caption\":\"Cristina Marco\"},\"url\":\"https:\\\/\\\/www.reciplasa.es\\\/va\\\/author\\\/cristina\\\/\"}]}<\/script>\n<!-- \/ Yoast SEO plugin. -->","yoast_head_json":{"title":"La C\u00e0tedra Reciplasa aprova la mem\u00f2ria d\u2019activitats de 2022 i presenta les activitats per al pr\u00f2xim any - RECIPLASA","robots":{"index":"index","follow":"follow","max-snippet":"max-snippet:-1","max-image-preview":"max-image-preview:large","max-video-preview":"max-video-preview:-1"},"canonical":"https:\/\/www.reciplasa.es\/la-catedra-reciplasa-aprueba-la-memoria-de-actividades-de-2022-y-presenta-las-actividades-para-el-proximo-ano\/","og_locale":"en_US","og_type":"article","og_title":"La C\u00e0tedra Reciplasa aprova la mem\u00f2ria d\u2019activitats de 2022 i presenta les activitats per al pr\u00f2xim any - RECIPLASA","og_description":"La Universitat Jaume I i l\u2019empresa p\u00fablica Reciplasa han portat a terme la comissi\u00f3\u00a0mixta\u00a0de seguiment de la C\u00e0tedra Reciplasa de Gesti\u00f3 de Residus Urbans. A la reuni\u00f3, celebrada en l\u2019Ajuntament de Castell\u00f3, han assistit en representaci\u00f3 de l\u2019UJI el catedr\u00e0tic F\u00e9lix Hern\u00e1ndez, director de la C\u00e0tedra, i Jes\u00fas Lancis, vicerector\u00a0d\u2019Investigaci\u00f3\u00a0i Transfer\u00e8ncia. Per part de ReciplasaDale que hay m\u00e1s ...","og_url":"https:\/\/www.reciplasa.es\/la-catedra-reciplasa-aprueba-la-memoria-de-actividades-de-2022-y-presenta-las-actividades-para-el-proximo-ano\/","og_site_name":"RECIPLASA","article_published_time":"2022-12-22T14:18:19+00:00","og_image":[{"width":2560,"height":1707,"url":"https:\/\/www.reciplasa.es\/wp-content\/uploads\/2022\/12\/Reunio\u0301-Ca\u0300tedra-Reciplasa-22-12-22-scaled.jpg","type":"image\/jpeg"}],"author":"Cristina Marco","twitter_card":"summary_large_image","twitter_misc":{"Written by":"Cristina Marco","Est. reading time":"2 minutes"},"schema":{"@context":"https:\/\/schema.org","@graph":[{"@type":"Article","@id":"https:\/\/www.reciplasa.es\/la-catedra-reciplasa-aprueba-la-memoria-de-actividades-de-2022-y-presenta-las-actividades-para-el-proximo-ano\/#article","isPartOf":{"@id":"https:\/\/www.reciplasa.es\/la-catedra-reciplasa-aprueba-la-memoria-de-actividades-de-2022-y-presenta-las-actividades-para-el-proximo-ano\/"},"author":{"name":"Cristina Marco","@id":"https:\/\/www.reciplasa.es\/#\/schema\/person\/608ffc094e3c56d49e6c6ec8f1ea0e82"},"headline":"La C\u00e0tedra Reciplasa aprova la mem\u00f2ria d\u2019activitats de 2022 i presenta les activitats per al pr\u00f2xim any","datePublished":"2022-12-22T14:18:19+00:00","mainEntityOfPage":{"@id":"https:\/\/www.reciplasa.es\/la-catedra-reciplasa-aprueba-la-memoria-de-actividades-de-2022-y-presenta-las-actividades-para-el-proximo-ano\/"},"wordCount":343,"image":{"@id":"https:\/\/www.reciplasa.es\/la-catedra-reciplasa-aprueba-la-memoria-de-actividades-de-2022-y-presenta-las-actividades-para-el-proximo-ano\/#primaryimage"},"thumbnailUrl":"https:\/\/www.reciplasa.es\/wp-content\/uploads\/2022\/12\/Reunio\u0301-Ca\u0300tedra-Reciplasa-22-12-22-scaled.jpg","articleSection":["C\u00e0tedra Reciplasa-UJI"],"inLanguage":"va-VA"},{"@type":"WebPage","@id":"https:\/\/www.reciplasa.es\/la-catedra-reciplasa-aprueba-la-memoria-de-actividades-de-2022-y-presenta-las-actividades-para-el-proximo-ano\/","url":"https:\/\/www.reciplasa.es\/la-catedra-reciplasa-aprueba-la-memoria-de-actividades-de-2022-y-presenta-las-actividades-para-el-proximo-ano\/","name":"La C\u00e0tedra Reciplasa aprova la mem\u00f2ria d\u2019activitats de 2022 i presenta les activitats per al pr\u00f2xim any - RECIPLASA","isPartOf":{"@id":"https:\/\/www.reciplasa.es\/#website"},"primaryImageOfPage":{"@id":"https:\/\/www.reciplasa.es\/la-catedra-reciplasa-aprueba-la-memoria-de-actividades-de-2022-y-presenta-las-actividades-para-el-proximo-ano\/#primaryimage"},"image":{"@id":"https:\/\/www.reciplasa.es\/la-catedra-reciplasa-aprueba-la-memoria-de-actividades-de-2022-y-presenta-las-actividades-para-el-proximo-ano\/#primaryimage"},"thumbnailUrl":"https:\/\/www.reciplasa.es\/wp-content\/uploads\/2022\/12\/Reunio\u0301-Ca\u0300tedra-Reciplasa-22-12-22-scaled.jpg","datePublished":"2022-12-22T14:18:19+00:00","author":{"@id":"https:\/\/www.reciplasa.es\/#\/schema\/person\/608ffc094e3c56d49e6c6ec8f1ea0e82"},"breadcrumb":{"@id":"https:\/\/www.reciplasa.es\/la-catedra-reciplasa-aprueba-la-memoria-de-actividades-de-2022-y-presenta-las-actividades-para-el-proximo-ano\/#breadcrumb"},"inLanguage":"va-VA","potentialAction":[{"@type":"ReadAction","target":["https:\/\/www.reciplasa.es\/la-catedra-reciplasa-aprueba-la-memoria-de-actividades-de-2022-y-presenta-las-actividades-para-el-proximo-ano\/"]}]},{"@type":"ImageObject","inLanguage":"va-VA","@id":"https:\/\/www.reciplasa.es\/la-catedra-reciplasa-aprueba-la-memoria-de-actividades-de-2022-y-presenta-las-actividades-para-el-proximo-ano\/#primaryimage","url":"https:\/\/www.reciplasa.es\/wp-content\/uploads\/2022\/12\/Reunio\u0301-Ca\u0300tedra-Reciplasa-22-12-22-scaled.jpg","contentUrl":"https:\/\/www.reciplasa.es\/wp-content\/uploads\/2022\/12\/Reunio\u0301-Ca\u0300tedra-Reciplasa-22-12-22-scaled.jpg","width":2560,"height":1707},{"@type":"BreadcrumbList","@id":"https:\/\/www.reciplasa.es\/la-catedra-reciplasa-aprueba-la-memoria-de-actividades-de-2022-y-presenta-las-actividades-para-el-proximo-ano\/#breadcrumb","itemListElement":[{"@type":"ListItem","position":1,"name":"Portada","item":"https:\/\/www.reciplasa.es\/va\/"},{"@type":"ListItem","position":2,"name":"La C\u00e0tedra Reciplasa aprova la mem\u00f2ria d\u2019activitats de 2022 i presenta les activitats per al pr\u00f2xim any"}]},{"@type":"WebSite","@id":"https:\/\/www.reciplasa.es\/#website","url":"https:\/\/www.reciplasa.es\/","name":"RECIPLASA","description":"Reciclats de Residus La Plana SA","potentialAction":[{"@type":"SearchAction","target":{"@type":"EntryPoint","urlTemplate":"https:\/\/www.reciplasa.es\/?s={search_term_string}"},"query-input":{"@type":"PropertyValueSpecification","valueRequired":true,"valueName":"search_term_string"}}],"inLanguage":"va-VA"},{"@type":"Person","@id":"https:\/\/www.reciplasa.es\/#\/schema\/person\/608ffc094e3c56d49e6c6ec8f1ea0e82","name":"Cristina Marco","image":{"@type":"ImageObject","inLanguage":"va-VA","@id":"https:\/\/secure.gravatar.com\/avatar\/6da7e00dc41d26d3c4245f3b2d70d687293df0dfc18f03719354383f7be4f34b?s=96&d=mm&r=g","url":"https:\/\/secure.gravatar.com\/avatar\/6da7e00dc41d26d3c4245f3b2d70d687293df0dfc18f03719354383f7be4f34b?s=96&d=mm&r=g","contentUrl":"https:\/\/secure.gravatar.com\/avatar\/6da7e00dc41d26d3c4245f3b2d70d687293df0dfc18f03719354383f7be4f34b?s=96&d=mm&r=g","caption":"Cristina Marco"},"url":"https:\/\/www.reciplasa.es\/va\/author\/cristina\/"}]}},"_links":{"self":[{"href":"https:\/\/www.reciplasa.es\/va\/wp-json\/wp\/v2\/posts\/15493","targetHints":{"allow":["GET"]}}],"collection":[{"href":"https:\/\/www.reciplasa.es\/va\/wp-json\/wp\/v2\/posts"}],"about":[{"href":"https:\/\/www.reciplasa.es\/va\/wp-json\/wp\/v2\/types\/post"}],"author":[{"embeddable":true,"href":"https:\/\/www.reciplasa.es\/va\/wp-json\/wp\/v2\/users\/3"}],"replies":[{"embeddable":true,"href":"https:\/\/www.reciplasa.es\/va\/wp-json\/wp\/v2\/comments?post=15493"}],"version-history":[{"count":1,"href":"https:\/\/www.reciplasa.es\/va\/wp-json\/wp\/v2\/posts\/15493\/revisions"}],"predecessor-version":[{"id":15494,"href":"https:\/\/www.reciplasa.es\/va\/wp-json\/wp\/v2\/posts\/15493\/revisions\/15494"}],"wp:featuredmedia":[{"embeddable":true,"href":"https:\/\/www.reciplasa.es\/va\/wp-json\/wp\/v2\/media\/15483"}],"wp:attachment":[{"href":"https:\/\/www.reciplasa.es\/va\/wp-json\/wp\/v2\/media?parent=15493"}],"wp:term":[{"taxonomy":"category","embeddable":true,"href":"https:\/\/www.reciplasa.es\/va\/wp-json\/wp\/v2\/categories?post=15493"},{"taxonomy":"post_tag","embeddable":true,"href":"https:\/\/www.reciplasa.es\/va\/wp-json\/wp\/v2\/tags?post=15493"}],"curies":[{"name":"wp","href":"https:\/\/api.w.org\/{rel}","templated":true}]}}