{"id":15502,"date":"2023-01-03T10:22:43","date_gmt":"2023-01-03T10:22:43","guid":{"rendered":"https:\/\/www.reciplasa.es\/?p=15502\/"},"modified":"2023-01-03T10:22:43","modified_gmt":"2023-01-03T10:22:43","slug":"reciplasa-adquireix-el-solar-municipal-donda-en-el-qual-sinstal%c2%b7la-labocador-per-70-000e","status":"publish","type":"post","link":"https:\/\/www.reciplasa.es\/va\/reciplasa-adquireix-el-solar-municipal-donda-en-el-qual-sinstal%c2%b7la-labocador-per-70-000e\/","title":{"rendered":"Reciplasa adquireix el solar municipal d&#8217;Onda en el qual s&#8217;instal\u00b7la l&#8217;abocador per 70.000\u20ac"},"content":{"rendered":"<h5><em><span style=\"font-weight: 400;\">Totes dues administracions han signat la compravenda despr\u00e9s que un taxador extern fixara el preu que havia d&#8217;abonar la companyia<\/span><\/em><\/h5>\n<p class=\"p1\">El president de Reciplasa, Ignasi Garcia, la vicepresidenta segona, Merche Gal\u00ed, i l&#8217;alcaldessa d&#8217;Onda, Carmina Ballester, han signat la compravenda del solar municipal d&#8217;Onda que est\u00e0 ara mateix ocupat per l&#8217;abocador segellat de l&#8217;empresa p\u00fablica i que s&#8217;ha valorat en 70.000 euros. Ignasi Garcia explica que \u201cla signatura d&#8217;aquest acord \u00e9s una bona not\u00edcia que ens indica que el di\u00e0leg t\u00e9 els seus fruits i fa que s\u2019arribe a acords, sent aix\u00f2 molt positiu. Sobretot, perqu\u00e8 els pol\u00edtics tenim el manament d&#8217;aconseguir consensos i perqu\u00e8 tant l&#8217;Ajuntament d&#8217;Onda com els altres que formem el consell d&#8217;administraci\u00f3 de Reciplasa tenim clar que en l&#8217;avan\u00e7 cap a una economia circular i una reducci\u00f3 dels residus que generem, en l&#8217;avan\u00e7 per a cuidar millor el nostre planeta i tindre un m\u00f3n m\u00e9s habitable hem d&#8217;anar de la m\u00e0, sense estrid\u00e8ncies, sense conflicte i amb molt de di\u00e0leg\u201d.<\/p>\n<p><img loading=\"lazy\" decoding=\"async\" class=\"aligncenter size-large wp-image-15499\" src=\"https:\/\/www.reciplasa.es\/wp-content\/uploads\/2023\/01\/compraventa-Solar-Onda2-1024x768.jpg\" alt=\"\" width=\"800\" height=\"600\" srcset=\"https:\/\/www.reciplasa.es\/wp-content\/uploads\/2023\/01\/compraventa-Solar-Onda2-1024x768.jpg 1024w, https:\/\/www.reciplasa.es\/wp-content\/uploads\/2023\/01\/compraventa-Solar-Onda2-300x225.jpg 300w, https:\/\/www.reciplasa.es\/wp-content\/uploads\/2023\/01\/compraventa-Solar-Onda2-768x576.jpg 768w, https:\/\/www.reciplasa.es\/wp-content\/uploads\/2023\/01\/compraventa-Solar-Onda2-1536x1152.jpg 1536w, https:\/\/www.reciplasa.es\/wp-content\/uploads\/2023\/01\/compraventa-Solar-Onda2-2048x1536.jpg 2048w\" sizes=\"auto, (max-width: 800px) 100vw, 800px\" \/><\/p>\n<p class=\"p1\">Per la seua part, Carmina Ballester indica que \u201cla pol\u00edtica \u00fatil \u00e9s aquella capa\u00e7 d&#8217;arribar a acords com aquest, desbloquejant una compra que fa anys hauria d&#8217;haver-se fet i assumint Reciplasa la titularitat dels terrenys plens de fem\u201d.<\/p>\n<p class=\"p1\">Cal recordar, que despr\u00e9s de diverses complicacions i discrep\u00e0ncies en el preu del terreny, Reciplasa i l&#8217;Ajuntament d&#8217;Onda van acordar que un taxador extern i independent fixara la quantitat que hauria d&#8217;abonar la companyia que s&#8217;encarrega del tractament dels residus de la zona centre de la prov\u00edncia de Castell\u00f3 i que s&#8217;ha d&#8217;encarregar del manteniment de l&#8217;abocador que es va clausurar en el seu moment.<\/p>\n","protected":false},"excerpt":{"rendered":"<p>Totes dues administracions han signat la compravenda despr\u00e9s que un taxador extern fixara el preu que havia d&#8217;abonar la companyia El president de Reciplasa, Ignasi Garcia, la vicepresidenta segona, Merche Gal\u00ed, i l&#8217;alcaldessa d&#8217;Onda, Carmina Ballester, han signat la compravenda del solar municipal d&#8217;Onda que est\u00e0 ara mateix ocupat per l&#8217;abocador segellat de l&#8217;empresa p\u00fablicaDale que hay m\u00e1s &#8230;<\/p>\n","protected":false},"author":3,"featured_media":15498,"comment_status":"closed","ping_status":"closed","sticky":false,"template":"","format":"standard","meta":{"footnotes":""},"categories":[87],"tags":[],"class_list":["post-15502","post","type-post","status-publish","format-standard","has-post-thumbnail","hentry","category-noticies-corporatives"],"yoast_head":"<!-- This site is optimized with the Yoast SEO plugin v27.4 - https:\/\/yoast.com\/product\/yoast-seo-wordpress\/ -->\n<title>Reciplasa adquireix el solar municipal d&#039;Onda en el qual s&#039;instal\u00b7la l&#039;abocador per 70.000\u20ac - RECIPLASA<\/title>\n<meta name=\"robots\" content=\"index, follow, max-snippet:-1, max-image-preview:large, max-video-preview:-1\" \/>\n<link rel=\"canonical\" href=\"https:\/\/www.reciplasa.es\/reciplasa-adquiere-el-solar-municipal-de-onda-en-el-que-se-instala-el-vertedero-por-70-000e\/\" \/>\n<meta property=\"og:locale\" content=\"en_US\" \/>\n<meta property=\"og:type\" content=\"article\" \/>\n<meta property=\"og:title\" content=\"Reciplasa adquireix el solar municipal d&#039;Onda en el qual s&#039;instal\u00b7la l&#039;abocador per 70.000\u20ac - RECIPLASA\" \/>\n<meta property=\"og:description\" content=\"Totes dues administracions han signat la compravenda despr\u00e9s que un taxador extern fixara el preu que havia d&#8217;abonar la companyia El president de Reciplasa, Ignasi Garcia, la vicepresidenta segona, Merche Gal\u00ed, i l&#8217;alcaldessa d&#8217;Onda, Carmina Ballester, han signat la compravenda del solar municipal d&#8217;Onda que est\u00e0 ara mateix ocupat per l&#8217;abocador segellat de l&#8217;empresa p\u00fablicaDale que hay m\u00e1s ...\" \/>\n<meta property=\"og:url\" content=\"https:\/\/www.reciplasa.es\/reciplasa-adquiere-el-solar-municipal-de-onda-en-el-que-se-instala-el-vertedero-por-70-000e\/\" \/>\n<meta property=\"og:site_name\" content=\"RECIPLASA\" \/>\n<meta property=\"article:published_time\" content=\"2023-01-03T10:22:43+00:00\" \/>\n<meta property=\"og:image\" content=\"https:\/\/www.reciplasa.es\/wp-content\/uploads\/2023\/01\/compraventa-solar-Onda-scaled.jpg\" \/>\n\t<meta property=\"og:image:width\" content=\"2560\" \/>\n\t<meta property=\"og:image:height\" content=\"1920\" \/>\n\t<meta property=\"og:image:type\" content=\"image\/jpeg\" \/>\n<meta name=\"author\" content=\"Cristina Marco\" \/>\n<meta name=\"twitter:card\" content=\"summary_large_image\" \/>\n<meta name=\"twitter:label1\" content=\"Written by\" \/>\n\t<meta name=\"twitter:data1\" content=\"Cristina Marco\" \/>\n\t<meta name=\"twitter:label2\" content=\"Est. reading time\" \/>\n\t<meta name=\"twitter:data2\" content=\"2 minutes\" \/>\n<script type=\"application\/ld+json\" class=\"yoast-schema-graph\">{\"@context\":\"https:\\\/\\\/schema.org\",\"@graph\":[{\"@type\":\"Article\",\"@id\":\"https:\\\/\\\/www.reciplasa.es\\\/reciplasa-adquiere-el-solar-municipal-de-onda-en-el-que-se-instala-el-vertedero-por-70-000e\\\/#article\",\"isPartOf\":{\"@id\":\"https:\\\/\\\/www.reciplasa.es\\\/reciplasa-adquiere-el-solar-municipal-de-onda-en-el-que-se-instala-el-vertedero-por-70-000e\\\/\"},\"author\":{\"name\":\"Cristina Marco\",\"@id\":\"https:\\\/\\\/www.reciplasa.es\\\/#\\\/schema\\\/person\\\/608ffc094e3c56d49e6c6ec8f1ea0e82\"},\"headline\":\"Reciplasa adquireix el solar municipal d&#8217;Onda en el qual s&#8217;instal\u00b7la l&#8217;abocador per 70.000\u20ac\",\"datePublished\":\"2023-01-03T10:22:43+00:00\",\"mainEntityOfPage\":{\"@id\":\"https:\\\/\\\/www.reciplasa.es\\\/reciplasa-adquiere-el-solar-municipal-de-onda-en-el-que-se-instala-el-vertedero-por-70-000e\\\/\"},\"wordCount\":320,\"image\":{\"@id\":\"https:\\\/\\\/www.reciplasa.es\\\/reciplasa-adquiere-el-solar-municipal-de-onda-en-el-que-se-instala-el-vertedero-por-70-000e\\\/#primaryimage\"},\"thumbnailUrl\":\"https:\\\/\\\/www.reciplasa.es\\\/wp-content\\\/uploads\\\/2023\\\/01\\\/compraventa-solar-Onda-scaled.jpg\",\"articleSection\":[\"Not\u00edcies corporatives\"],\"inLanguage\":\"va-VA\"},{\"@type\":\"WebPage\",\"@id\":\"https:\\\/\\\/www.reciplasa.es\\\/reciplasa-adquiere-el-solar-municipal-de-onda-en-el-que-se-instala-el-vertedero-por-70-000e\\\/\",\"url\":\"https:\\\/\\\/www.reciplasa.es\\\/reciplasa-adquiere-el-solar-municipal-de-onda-en-el-que-se-instala-el-vertedero-por-70-000e\\\/\",\"name\":\"Reciplasa adquireix el solar municipal d'Onda en el qual s'instal\u00b7la l'abocador per 70.000\u20ac - RECIPLASA\",\"isPartOf\":{\"@id\":\"https:\\\/\\\/www.reciplasa.es\\\/#website\"},\"primaryImageOfPage\":{\"@id\":\"https:\\\/\\\/www.reciplasa.es\\\/reciplasa-adquiere-el-solar-municipal-de-onda-en-el-que-se-instala-el-vertedero-por-70-000e\\\/#primaryimage\"},\"image\":{\"@id\":\"https:\\\/\\\/www.reciplasa.es\\\/reciplasa-adquiere-el-solar-municipal-de-onda-en-el-que-se-instala-el-vertedero-por-70-000e\\\/#primaryimage\"},\"thumbnailUrl\":\"https:\\\/\\\/www.reciplasa.es\\\/wp-content\\\/uploads\\\/2023\\\/01\\\/compraventa-solar-Onda-scaled.jpg\",\"datePublished\":\"2023-01-03T10:22:43+00:00\",\"author\":{\"@id\":\"https:\\\/\\\/www.reciplasa.es\\\/#\\\/schema\\\/person\\\/608ffc094e3c56d49e6c6ec8f1ea0e82\"},\"breadcrumb\":{\"@id\":\"https:\\\/\\\/www.reciplasa.es\\\/reciplasa-adquiere-el-solar-municipal-de-onda-en-el-que-se-instala-el-vertedero-por-70-000e\\\/#breadcrumb\"},\"inLanguage\":\"va-VA\",\"potentialAction\":[{\"@type\":\"ReadAction\",\"target\":[\"https:\\\/\\\/www.reciplasa.es\\\/reciplasa-adquiere-el-solar-municipal-de-onda-en-el-que-se-instala-el-vertedero-por-70-000e\\\/\"]}]},{\"@type\":\"ImageObject\",\"inLanguage\":\"va-VA\",\"@id\":\"https:\\\/\\\/www.reciplasa.es\\\/reciplasa-adquiere-el-solar-municipal-de-onda-en-el-que-se-instala-el-vertedero-por-70-000e\\\/#primaryimage\",\"url\":\"https:\\\/\\\/www.reciplasa.es\\\/wp-content\\\/uploads\\\/2023\\\/01\\\/compraventa-solar-Onda-scaled.jpg\",\"contentUrl\":\"https:\\\/\\\/www.reciplasa.es\\\/wp-content\\\/uploads\\\/2023\\\/01\\\/compraventa-solar-Onda-scaled.jpg\",\"width\":2560,\"height\":1920},{\"@type\":\"BreadcrumbList\",\"@id\":\"https:\\\/\\\/www.reciplasa.es\\\/reciplasa-adquiere-el-solar-municipal-de-onda-en-el-que-se-instala-el-vertedero-por-70-000e\\\/#breadcrumb\",\"itemListElement\":[{\"@type\":\"ListItem\",\"position\":1,\"name\":\"Portada\",\"item\":\"https:\\\/\\\/www.reciplasa.es\\\/va\\\/\"},{\"@type\":\"ListItem\",\"position\":2,\"name\":\"Reciplasa adquireix el solar municipal d&#8217;Onda en el qual s&#8217;instal\u00b7la l&#8217;abocador per 70.000\u20ac\"}]},{\"@type\":\"WebSite\",\"@id\":\"https:\\\/\\\/www.reciplasa.es\\\/#website\",\"url\":\"https:\\\/\\\/www.reciplasa.es\\\/\",\"name\":\"RECIPLASA\",\"description\":\"Reciclats de Residus La Plana SA\",\"potentialAction\":[{\"@type\":\"SearchAction\",\"target\":{\"@type\":\"EntryPoint\",\"urlTemplate\":\"https:\\\/\\\/www.reciplasa.es\\\/?s={search_term_string}\"},\"query-input\":{\"@type\":\"PropertyValueSpecification\",\"valueRequired\":true,\"valueName\":\"search_term_string\"}}],\"inLanguage\":\"va-VA\"},{\"@type\":\"Person\",\"@id\":\"https:\\\/\\\/www.reciplasa.es\\\/#\\\/schema\\\/person\\\/608ffc094e3c56d49e6c6ec8f1ea0e82\",\"name\":\"Cristina Marco\",\"image\":{\"@type\":\"ImageObject\",\"inLanguage\":\"va-VA\",\"@id\":\"https:\\\/\\\/secure.gravatar.com\\\/avatar\\\/6da7e00dc41d26d3c4245f3b2d70d687293df0dfc18f03719354383f7be4f34b?s=96&d=mm&r=g\",\"url\":\"https:\\\/\\\/secure.gravatar.com\\\/avatar\\\/6da7e00dc41d26d3c4245f3b2d70d687293df0dfc18f03719354383f7be4f34b?s=96&d=mm&r=g\",\"contentUrl\":\"https:\\\/\\\/secure.gravatar.com\\\/avatar\\\/6da7e00dc41d26d3c4245f3b2d70d687293df0dfc18f03719354383f7be4f34b?s=96&d=mm&r=g\",\"caption\":\"Cristina Marco\"},\"url\":\"https:\\\/\\\/www.reciplasa.es\\\/va\\\/author\\\/cristina\\\/\"}]}<\/script>\n<!-- \/ Yoast SEO plugin. -->","yoast_head_json":{"title":"Reciplasa adquireix el solar municipal d'Onda en el qual s'instal\u00b7la l'abocador per 70.000\u20ac - RECIPLASA","robots":{"index":"index","follow":"follow","max-snippet":"max-snippet:-1","max-image-preview":"max-image-preview:large","max-video-preview":"max-video-preview:-1"},"canonical":"https:\/\/www.reciplasa.es\/reciplasa-adquiere-el-solar-municipal-de-onda-en-el-que-se-instala-el-vertedero-por-70-000e\/","og_locale":"en_US","og_type":"article","og_title":"Reciplasa adquireix el solar municipal d'Onda en el qual s'instal\u00b7la l'abocador per 70.000\u20ac - RECIPLASA","og_description":"Totes dues administracions han signat la compravenda despr\u00e9s que un taxador extern fixara el preu que havia d&#8217;abonar la companyia El president de Reciplasa, Ignasi Garcia, la vicepresidenta segona, Merche Gal\u00ed, i l&#8217;alcaldessa d&#8217;Onda, Carmina Ballester, han signat la compravenda del solar municipal d&#8217;Onda que est\u00e0 ara mateix ocupat per l&#8217;abocador segellat de l&#8217;empresa p\u00fablicaDale que hay m\u00e1s ...","og_url":"https:\/\/www.reciplasa.es\/reciplasa-adquiere-el-solar-municipal-de-onda-en-el-que-se-instala-el-vertedero-por-70-000e\/","og_site_name":"RECIPLASA","article_published_time":"2023-01-03T10:22:43+00:00","og_image":[{"width":2560,"height":1920,"url":"https:\/\/www.reciplasa.es\/wp-content\/uploads\/2023\/01\/compraventa-solar-Onda-scaled.jpg","type":"image\/jpeg"}],"author":"Cristina Marco","twitter_card":"summary_large_image","twitter_misc":{"Written by":"Cristina Marco","Est. reading time":"2 minutes"},"schema":{"@context":"https:\/\/schema.org","@graph":[{"@type":"Article","@id":"https:\/\/www.reciplasa.es\/reciplasa-adquiere-el-solar-municipal-de-onda-en-el-que-se-instala-el-vertedero-por-70-000e\/#article","isPartOf":{"@id":"https:\/\/www.reciplasa.es\/reciplasa-adquiere-el-solar-municipal-de-onda-en-el-que-se-instala-el-vertedero-por-70-000e\/"},"author":{"name":"Cristina Marco","@id":"https:\/\/www.reciplasa.es\/#\/schema\/person\/608ffc094e3c56d49e6c6ec8f1ea0e82"},"headline":"Reciplasa adquireix el solar municipal d&#8217;Onda en el qual s&#8217;instal\u00b7la l&#8217;abocador per 70.000\u20ac","datePublished":"2023-01-03T10:22:43+00:00","mainEntityOfPage":{"@id":"https:\/\/www.reciplasa.es\/reciplasa-adquiere-el-solar-municipal-de-onda-en-el-que-se-instala-el-vertedero-por-70-000e\/"},"wordCount":320,"image":{"@id":"https:\/\/www.reciplasa.es\/reciplasa-adquiere-el-solar-municipal-de-onda-en-el-que-se-instala-el-vertedero-por-70-000e\/#primaryimage"},"thumbnailUrl":"https:\/\/www.reciplasa.es\/wp-content\/uploads\/2023\/01\/compraventa-solar-Onda-scaled.jpg","articleSection":["Not\u00edcies corporatives"],"inLanguage":"va-VA"},{"@type":"WebPage","@id":"https:\/\/www.reciplasa.es\/reciplasa-adquiere-el-solar-municipal-de-onda-en-el-que-se-instala-el-vertedero-por-70-000e\/","url":"https:\/\/www.reciplasa.es\/reciplasa-adquiere-el-solar-municipal-de-onda-en-el-que-se-instala-el-vertedero-por-70-000e\/","name":"Reciplasa adquireix el solar municipal d'Onda en el qual s'instal\u00b7la l'abocador per 70.000\u20ac - RECIPLASA","isPartOf":{"@id":"https:\/\/www.reciplasa.es\/#website"},"primaryImageOfPage":{"@id":"https:\/\/www.reciplasa.es\/reciplasa-adquiere-el-solar-municipal-de-onda-en-el-que-se-instala-el-vertedero-por-70-000e\/#primaryimage"},"image":{"@id":"https:\/\/www.reciplasa.es\/reciplasa-adquiere-el-solar-municipal-de-onda-en-el-que-se-instala-el-vertedero-por-70-000e\/#primaryimage"},"thumbnailUrl":"https:\/\/www.reciplasa.es\/wp-content\/uploads\/2023\/01\/compraventa-solar-Onda-scaled.jpg","datePublished":"2023-01-03T10:22:43+00:00","author":{"@id":"https:\/\/www.reciplasa.es\/#\/schema\/person\/608ffc094e3c56d49e6c6ec8f1ea0e82"},"breadcrumb":{"@id":"https:\/\/www.reciplasa.es\/reciplasa-adquiere-el-solar-municipal-de-onda-en-el-que-se-instala-el-vertedero-por-70-000e\/#breadcrumb"},"inLanguage":"va-VA","potentialAction":[{"@type":"ReadAction","target":["https:\/\/www.reciplasa.es\/reciplasa-adquiere-el-solar-municipal-de-onda-en-el-que-se-instala-el-vertedero-por-70-000e\/"]}]},{"@type":"ImageObject","inLanguage":"va-VA","@id":"https:\/\/www.reciplasa.es\/reciplasa-adquiere-el-solar-municipal-de-onda-en-el-que-se-instala-el-vertedero-por-70-000e\/#primaryimage","url":"https:\/\/www.reciplasa.es\/wp-content\/uploads\/2023\/01\/compraventa-solar-Onda-scaled.jpg","contentUrl":"https:\/\/www.reciplasa.es\/wp-content\/uploads\/2023\/01\/compraventa-solar-Onda-scaled.jpg","width":2560,"height":1920},{"@type":"BreadcrumbList","@id":"https:\/\/www.reciplasa.es\/reciplasa-adquiere-el-solar-municipal-de-onda-en-el-que-se-instala-el-vertedero-por-70-000e\/#breadcrumb","itemListElement":[{"@type":"ListItem","position":1,"name":"Portada","item":"https:\/\/www.reciplasa.es\/va\/"},{"@type":"ListItem","position":2,"name":"Reciplasa adquireix el solar municipal d&#8217;Onda en el qual s&#8217;instal\u00b7la l&#8217;abocador per 70.000\u20ac"}]},{"@type":"WebSite","@id":"https:\/\/www.reciplasa.es\/#website","url":"https:\/\/www.reciplasa.es\/","name":"RECIPLASA","description":"Reciclats de Residus La Plana SA","potentialAction":[{"@type":"SearchAction","target":{"@type":"EntryPoint","urlTemplate":"https:\/\/www.reciplasa.es\/?s={search_term_string}"},"query-input":{"@type":"PropertyValueSpecification","valueRequired":true,"valueName":"search_term_string"}}],"inLanguage":"va-VA"},{"@type":"Person","@id":"https:\/\/www.reciplasa.es\/#\/schema\/person\/608ffc094e3c56d49e6c6ec8f1ea0e82","name":"Cristina Marco","image":{"@type":"ImageObject","inLanguage":"va-VA","@id":"https:\/\/secure.gravatar.com\/avatar\/6da7e00dc41d26d3c4245f3b2d70d687293df0dfc18f03719354383f7be4f34b?s=96&d=mm&r=g","url":"https:\/\/secure.gravatar.com\/avatar\/6da7e00dc41d26d3c4245f3b2d70d687293df0dfc18f03719354383f7be4f34b?s=96&d=mm&r=g","contentUrl":"https:\/\/secure.gravatar.com\/avatar\/6da7e00dc41d26d3c4245f3b2d70d687293df0dfc18f03719354383f7be4f34b?s=96&d=mm&r=g","caption":"Cristina Marco"},"url":"https:\/\/www.reciplasa.es\/va\/author\/cristina\/"}]}},"_links":{"self":[{"href":"https:\/\/www.reciplasa.es\/va\/wp-json\/wp\/v2\/posts\/15502","targetHints":{"allow":["GET"]}}],"collection":[{"href":"https:\/\/www.reciplasa.es\/va\/wp-json\/wp\/v2\/posts"}],"about":[{"href":"https:\/\/www.reciplasa.es\/va\/wp-json\/wp\/v2\/types\/post"}],"author":[{"embeddable":true,"href":"https:\/\/www.reciplasa.es\/va\/wp-json\/wp\/v2\/users\/3"}],"replies":[{"embeddable":true,"href":"https:\/\/www.reciplasa.es\/va\/wp-json\/wp\/v2\/comments?post=15502"}],"version-history":[{"count":1,"href":"https:\/\/www.reciplasa.es\/va\/wp-json\/wp\/v2\/posts\/15502\/revisions"}],"predecessor-version":[{"id":15503,"href":"https:\/\/www.reciplasa.es\/va\/wp-json\/wp\/v2\/posts\/15502\/revisions\/15503"}],"wp:featuredmedia":[{"embeddable":true,"href":"https:\/\/www.reciplasa.es\/va\/wp-json\/wp\/v2\/media\/15498"}],"wp:attachment":[{"href":"https:\/\/www.reciplasa.es\/va\/wp-json\/wp\/v2\/media?parent=15502"}],"wp:term":[{"taxonomy":"category","embeddable":true,"href":"https:\/\/www.reciplasa.es\/va\/wp-json\/wp\/v2\/categories?post=15502"},{"taxonomy":"post_tag","embeddable":true,"href":"https:\/\/www.reciplasa.es\/va\/wp-json\/wp\/v2\/tags?post=15502"}],"curies":[{"name":"wp","href":"https:\/\/api.w.org\/{rel}","templated":true}]}}