{"id":15520,"date":"2023-02-01T08:49:28","date_gmt":"2023-02-01T08:49:28","guid":{"rendered":"https:\/\/www.reciplasa.es\/?p=15520\/"},"modified":"2023-02-01T08:49:28","modified_gmt":"2023-02-01T08:49:28","slug":"reciplasa-baixa-de-les-160-000-tones-de-residus-tractades-en-2022-per-la-millora-en-la-separacio-en-origen","status":"publish","type":"post","link":"https:\/\/www.reciplasa.es\/va\/reciplasa-baixa-de-les-160-000-tones-de-residus-tractades-en-2022-per-la-millora-en-la-separacio-en-origen\/","title":{"rendered":"Reciplasa baixa de les 160.000 tones de residus tractades en 2022 per la millora en la separaci\u00f3 en origen"},"content":{"rendered":"<h5><em><span style=\"font-weight: 400;\">La implantaci\u00f3 de la recollida selectiva d&#8217;org\u00e0nica i l&#8217;ecoparc m\u00f2bil redueixen la fracci\u00f3 resta<\/span><\/em><\/h5>\n<h5><em><span style=\"font-weight: 400;\"> Aix\u00ed mateix, l&#8217;empresa p\u00fablica ha augmentat la recuperaci\u00f3 de les fraccions selectives que si s&#8217;hagueren separat en origen no hagueren arribat a la planta <\/span><\/em><\/h5>\n<p>158.301 tones han arribat a la planta de tractament de residus Reciplasa en 2022, quasi 10.000 tones m\u00e9s que fa 10 anys, quan l&#8217;empresa p\u00fablica va tractar 148.096. Tots ells provenen del contenidor de resta i d&#8217;org\u00e0nica dels 46 municipis del centre de la prov\u00edncia de Castell\u00f3. Aquestes dades es poden traduir com que dins de l&#8217;\u00e0mbit d&#8217;actuaci\u00f3 de Reciplasa i del Consorci C2 es genera cada any una quantitat de residus que podria omplir un camp de futbol com Castalia.<\/p>\n<p>L&#8217;empresa p\u00fablica ha aconseguit millorar la recuperaci\u00f3 de les fraccions selectives gr\u00e0cies a la modernitzaci\u00f3 de la planta en aquest per\u00edode. La instal\u00b7laci\u00f3 de separadors \u00f2ptics i bal\u00edstics ha perm\u00e9s que un major n\u00famero de vidre i envasos, que no haurien d&#8217;haver arribat a la planta, puguen reintroduir-se en la cadena productiva, evitant que arriben a l&#8217;abocador.<\/p>\n<p><img loading=\"lazy\" decoding=\"async\" class=\"aligncenter size-large wp-image-15517\" src=\"https:\/\/www.reciplasa.es\/wp-content\/uploads\/2023\/02\/Planta-Reciplasa_1-1024x683.jpg\" alt=\"\" width=\"800\" height=\"534\" srcset=\"https:\/\/www.reciplasa.es\/wp-content\/uploads\/2023\/02\/Planta-Reciplasa_1-1024x683.jpg 1024w, https:\/\/www.reciplasa.es\/wp-content\/uploads\/2023\/02\/Planta-Reciplasa_1-300x200.jpg 300w, https:\/\/www.reciplasa.es\/wp-content\/uploads\/2023\/02\/Planta-Reciplasa_1-768x512.jpg 768w, https:\/\/www.reciplasa.es\/wp-content\/uploads\/2023\/02\/Planta-Reciplasa_1-1536x1024.jpg 1536w, https:\/\/www.reciplasa.es\/wp-content\/uploads\/2023\/02\/Planta-Reciplasa_1-2048x1365.jpg 2048w\" sizes=\"auto, (max-width: 800px) 100vw, 800px\" \/><\/p>\n<p>Al llarg d&#8217;aquesta d\u00e8cada, la quantitat de residus ha augmentat conforme millorava la situaci\u00f3 econ\u00f2mica i en els \u00faltims anys ha comen\u00e7at una tend\u00e8ncia a la baixa en alguns municipis. Cal destacar que les xifres de 2022 i les de 2013 s\u00f3n molt similars quant a quantitat de residus que arriben a les instal\u00b7lacions de Reciplasa, per\u00f2 que durant els anys 2017, 2018 i 2019 s\u00ed que s&#8217;estaven aconseguint xifres molt m\u00e9s elevades. En 2020, per la pand\u00e8mia, aquests n\u00fameros es van veure redu\u00efts i en aquests moments s&#8217;observa una tend\u00e8ncia a la baixa, que observant les xifres es pot atribuir a una millor separaci\u00f3 en origen.<\/p>\n<p>Des de 2013 han hagut canvis en la recollida de residus. El m\u00e9s destacat ha sigut la implantaci\u00f3 del contenidor marr\u00f3 per a la mat\u00e8ria org\u00e0nica. Almassora, Borriana, Castell\u00f3 i Onda ja ho tenen implantat, al mateix temps que l&#8217;Alcora i Vila-real estan en fase de prova. Tots ells han millorat la seua recollida any rere any, sent el passat 2022 el que millor resultat van obtindre. Castell\u00f3 va aconseguir recollir tres milions de mat\u00e8ria org\u00e0nica i Borriana va duplicar el seu anterior registre, arribant al mili\u00f3 de quilos, que anys arrere haurien anat amb la fracci\u00f3 reste. Almassora va separar 175.980 kg i Onda 74.240.<\/p>\n<p>Aquestes dades, al costat del de la fracci\u00f3 resta, reflecteix una millor separaci\u00f3 en or\u00edgen, \u00e9s a dir, depositar cada residu en el contenidor corresponent. Castell\u00f3, Betx\u00ed i Vila-real depositen ara menys residus al contenidor de tot un que en 2013. Un exemple \u00e9s Castell\u00f3, que ha baixat m\u00e9s d&#8217;un mili\u00f3 i mig de kg o Betx\u00ed que ha aconseguit baixar dels dos milions. La fracci\u00f3 reste \u00e9s tota aquella que la ciutadania no separa en origen correctament i aquella que no correspon als contenidors de reciclatge o a l&#8217;ecoparc i es deposita en el contenidor gris.<\/p>\n<div id=\"attachment_15518\" style=\"width: 810px\" class=\"wp-caption aligncenter\"><img loading=\"lazy\" decoding=\"async\" aria-describedby=\"caption-attachment-15518\" class=\"wp-image-15518 size-large\" src=\"https:\/\/www.reciplasa.es\/wp-content\/uploads\/2023\/02\/Planta-Reciplasa_2-1024x678.jpg\" alt=\"\" width=\"800\" height=\"530\" srcset=\"https:\/\/www.reciplasa.es\/wp-content\/uploads\/2023\/02\/Planta-Reciplasa_2-1024x678.jpg 1024w, https:\/\/www.reciplasa.es\/wp-content\/uploads\/2023\/02\/Planta-Reciplasa_2-300x199.jpg 300w, https:\/\/www.reciplasa.es\/wp-content\/uploads\/2023\/02\/Planta-Reciplasa_2-768x509.jpg 768w, https:\/\/www.reciplasa.es\/wp-content\/uploads\/2023\/02\/Planta-Reciplasa_2-1536x1018.jpg 1536w, https:\/\/www.reciplasa.es\/wp-content\/uploads\/2023\/02\/Planta-Reciplasa_2-2048x1357.jpg 2048w\" sizes=\"auto, (max-width: 800px) 100vw, 800px\" \/><p id=\"caption-attachment-15518\" class=\"wp-caption-text\">Envasos separats a Reciplasa que no haurien d&#8217;haver arribat a la planta<\/p><\/div>\n<p>\u201cEnguany hem aconseguit baixar de la barrera dels 160.000 tones, alguna cosa que no s&#8217;aconseguia des de 2016, exceptuant el 2020 amb el covid, per\u00f2 158.301 tones continua sent una xifra elevada\u201d assenyala el president de Reciplasa, Ignasi Garcia. \u201cEl positiu que ens mostren les dades d&#8217;aquests 10 anys \u00e9s la tend\u00e8ncia d&#8217;una millor separaci\u00f3 en or\u00edgen gr\u00e0cies al treball que estan fent els Ajuntaments. Cal tindre en compte que perqu\u00e8 un residu tinga una segona vida, \u00e9s important que no entre en contacte amb residus d&#8217;una altra \u00edndole, per exemple, un paper que es banya o un pl\u00e0stic que ha estat en contacte amb bolquers per haver-los depositat tots en el contenidor reste, ja que dificulta la seua separaci\u00f3 i reciclatge.\u201d afirma Garcia que conclou dient que \u201c\u00e9s molt f\u00e0cil per a la ciutadania separar els residus per tipus per a fer-ho b\u00e9, per aix\u00f2 continuarem animant a fer-ho, aix\u00ed com a les empreses a apostar per l&#8217;ecodisseny\u201d.<\/p>\n","protected":false},"excerpt":{"rendered":"<p>La implantaci\u00f3 de la recollida selectiva d&#8217;org\u00e0nica i l&#8217;ecoparc m\u00f2bil redueixen la fracci\u00f3 resta Aix\u00ed mateix, l&#8217;empresa p\u00fablica ha augmentat la recuperaci\u00f3 de les fraccions selectives que si s&#8217;hagueren separat en origen no hagueren arribat a la planta 158.301 tones han arribat a la planta de tractament de residus Reciplasa en 2022, quasi 10.000 tonesDale que hay m\u00e1s &#8230;<\/p>\n","protected":false},"author":3,"featured_media":15516,"comment_status":"closed","ping_status":"closed","sticky":false,"template":"","format":"standard","meta":{"footnotes":""},"categories":[87],"tags":[],"class_list":["post-15520","post","type-post","status-publish","format-standard","has-post-thumbnail","hentry","category-noticies-corporatives"],"yoast_head":"<!-- This site is optimized with the Yoast SEO plugin v27.4 - https:\/\/yoast.com\/product\/yoast-seo-wordpress\/ -->\n<title>Reciplasa baixa de les 160.000 tones de residus tractades en 2022 per la millora en la separaci\u00f3 en origen - RECIPLASA<\/title>\n<meta name=\"robots\" content=\"index, follow, max-snippet:-1, max-image-preview:large, max-video-preview:-1\" \/>\n<link rel=\"canonical\" href=\"https:\/\/www.reciplasa.es\/reciplasa-baja-de-las-160-000-toneladas-de-residuos-tratadas-en-2022-por-la-mejora-en-la-separacion-en-origen\/\" \/>\n<meta property=\"og:locale\" content=\"en_US\" \/>\n<meta property=\"og:type\" content=\"article\" \/>\n<meta property=\"og:title\" content=\"Reciplasa baixa de les 160.000 tones de residus tractades en 2022 per la millora en la separaci\u00f3 en origen - RECIPLASA\" \/>\n<meta property=\"og:description\" content=\"La implantaci\u00f3 de la recollida selectiva d&#8217;org\u00e0nica i l&#8217;ecoparc m\u00f2bil redueixen la fracci\u00f3 resta Aix\u00ed mateix, l&#8217;empresa p\u00fablica ha augmentat la recuperaci\u00f3 de les fraccions selectives que si s&#8217;hagueren separat en origen no hagueren arribat a la planta 158.301 tones han arribat a la planta de tractament de residus Reciplasa en 2022, quasi 10.000 tonesDale que hay m\u00e1s ...\" \/>\n<meta property=\"og:url\" content=\"https:\/\/www.reciplasa.es\/reciplasa-baja-de-las-160-000-toneladas-de-residuos-tratadas-en-2022-por-la-mejora-en-la-separacion-en-origen\/\" \/>\n<meta property=\"og:site_name\" content=\"RECIPLASA\" \/>\n<meta property=\"article:published_time\" content=\"2023-02-01T08:49:28+00:00\" \/>\n<meta property=\"og:image\" content=\"https:\/\/www.reciplasa.es\/wp-content\/uploads\/2023\/02\/Planta-Reciplasa-scaled.jpg\" \/>\n\t<meta property=\"og:image:width\" content=\"2560\" \/>\n\t<meta property=\"og:image:height\" content=\"1696\" \/>\n\t<meta property=\"og:image:type\" content=\"image\/jpeg\" \/>\n<meta name=\"author\" content=\"Cristina Marco\" \/>\n<meta name=\"twitter:card\" content=\"summary_large_image\" \/>\n<meta name=\"twitter:label1\" content=\"Written by\" \/>\n\t<meta name=\"twitter:data1\" content=\"Cristina Marco\" \/>\n\t<meta name=\"twitter:label2\" content=\"Est. reading time\" \/>\n\t<meta name=\"twitter:data2\" content=\"4 minutes\" \/>\n<script type=\"application\/ld+json\" class=\"yoast-schema-graph\">{\"@context\":\"https:\\\/\\\/schema.org\",\"@graph\":[{\"@type\":\"Article\",\"@id\":\"https:\\\/\\\/www.reciplasa.es\\\/reciplasa-baja-de-las-160-000-toneladas-de-residuos-tratadas-en-2022-por-la-mejora-en-la-separacion-en-origen\\\/#article\",\"isPartOf\":{\"@id\":\"https:\\\/\\\/www.reciplasa.es\\\/reciplasa-baja-de-las-160-000-toneladas-de-residuos-tratadas-en-2022-por-la-mejora-en-la-separacion-en-origen\\\/\"},\"author\":{\"name\":\"Cristina Marco\",\"@id\":\"https:\\\/\\\/www.reciplasa.es\\\/#\\\/schema\\\/person\\\/608ffc094e3c56d49e6c6ec8f1ea0e82\"},\"headline\":\"Reciplasa baixa de les 160.000 tones de residus tractades en 2022 per la millora en la separaci\u00f3 en origen\",\"datePublished\":\"2023-02-01T08:49:28+00:00\",\"mainEntityOfPage\":{\"@id\":\"https:\\\/\\\/www.reciplasa.es\\\/reciplasa-baja-de-las-160-000-toneladas-de-residuos-tratadas-en-2022-por-la-mejora-en-la-separacion-en-origen\\\/\"},\"wordCount\":719,\"image\":{\"@id\":\"https:\\\/\\\/www.reciplasa.es\\\/reciplasa-baja-de-las-160-000-toneladas-de-residuos-tratadas-en-2022-por-la-mejora-en-la-separacion-en-origen\\\/#primaryimage\"},\"thumbnailUrl\":\"https:\\\/\\\/www.reciplasa.es\\\/wp-content\\\/uploads\\\/2023\\\/02\\\/Planta-Reciplasa-scaled.jpg\",\"articleSection\":[\"Not\u00edcies corporatives\"],\"inLanguage\":\"va-VA\"},{\"@type\":\"WebPage\",\"@id\":\"https:\\\/\\\/www.reciplasa.es\\\/reciplasa-baja-de-las-160-000-toneladas-de-residuos-tratadas-en-2022-por-la-mejora-en-la-separacion-en-origen\\\/\",\"url\":\"https:\\\/\\\/www.reciplasa.es\\\/reciplasa-baja-de-las-160-000-toneladas-de-residuos-tratadas-en-2022-por-la-mejora-en-la-separacion-en-origen\\\/\",\"name\":\"Reciplasa baixa de les 160.000 tones de residus tractades en 2022 per la millora en la separaci\u00f3 en origen - RECIPLASA\",\"isPartOf\":{\"@id\":\"https:\\\/\\\/www.reciplasa.es\\\/#website\"},\"primaryImageOfPage\":{\"@id\":\"https:\\\/\\\/www.reciplasa.es\\\/reciplasa-baja-de-las-160-000-toneladas-de-residuos-tratadas-en-2022-por-la-mejora-en-la-separacion-en-origen\\\/#primaryimage\"},\"image\":{\"@id\":\"https:\\\/\\\/www.reciplasa.es\\\/reciplasa-baja-de-las-160-000-toneladas-de-residuos-tratadas-en-2022-por-la-mejora-en-la-separacion-en-origen\\\/#primaryimage\"},\"thumbnailUrl\":\"https:\\\/\\\/www.reciplasa.es\\\/wp-content\\\/uploads\\\/2023\\\/02\\\/Planta-Reciplasa-scaled.jpg\",\"datePublished\":\"2023-02-01T08:49:28+00:00\",\"author\":{\"@id\":\"https:\\\/\\\/www.reciplasa.es\\\/#\\\/schema\\\/person\\\/608ffc094e3c56d49e6c6ec8f1ea0e82\"},\"breadcrumb\":{\"@id\":\"https:\\\/\\\/www.reciplasa.es\\\/reciplasa-baja-de-las-160-000-toneladas-de-residuos-tratadas-en-2022-por-la-mejora-en-la-separacion-en-origen\\\/#breadcrumb\"},\"inLanguage\":\"va-VA\",\"potentialAction\":[{\"@type\":\"ReadAction\",\"target\":[\"https:\\\/\\\/www.reciplasa.es\\\/reciplasa-baja-de-las-160-000-toneladas-de-residuos-tratadas-en-2022-por-la-mejora-en-la-separacion-en-origen\\\/\"]}]},{\"@type\":\"ImageObject\",\"inLanguage\":\"va-VA\",\"@id\":\"https:\\\/\\\/www.reciplasa.es\\\/reciplasa-baja-de-las-160-000-toneladas-de-residuos-tratadas-en-2022-por-la-mejora-en-la-separacion-en-origen\\\/#primaryimage\",\"url\":\"https:\\\/\\\/www.reciplasa.es\\\/wp-content\\\/uploads\\\/2023\\\/02\\\/Planta-Reciplasa-scaled.jpg\",\"contentUrl\":\"https:\\\/\\\/www.reciplasa.es\\\/wp-content\\\/uploads\\\/2023\\\/02\\\/Planta-Reciplasa-scaled.jpg\",\"width\":2560,\"height\":1696},{\"@type\":\"BreadcrumbList\",\"@id\":\"https:\\\/\\\/www.reciplasa.es\\\/reciplasa-baja-de-las-160-000-toneladas-de-residuos-tratadas-en-2022-por-la-mejora-en-la-separacion-en-origen\\\/#breadcrumb\",\"itemListElement\":[{\"@type\":\"ListItem\",\"position\":1,\"name\":\"Portada\",\"item\":\"https:\\\/\\\/www.reciplasa.es\\\/va\\\/\"},{\"@type\":\"ListItem\",\"position\":2,\"name\":\"Reciplasa baixa de les 160.000 tones de residus tractades en 2022 per la millora en la separaci\u00f3 en origen\"}]},{\"@type\":\"WebSite\",\"@id\":\"https:\\\/\\\/www.reciplasa.es\\\/#website\",\"url\":\"https:\\\/\\\/www.reciplasa.es\\\/\",\"name\":\"RECIPLASA\",\"description\":\"Reciclats de Residus La Plana SA\",\"potentialAction\":[{\"@type\":\"SearchAction\",\"target\":{\"@type\":\"EntryPoint\",\"urlTemplate\":\"https:\\\/\\\/www.reciplasa.es\\\/?s={search_term_string}\"},\"query-input\":{\"@type\":\"PropertyValueSpecification\",\"valueRequired\":true,\"valueName\":\"search_term_string\"}}],\"inLanguage\":\"va-VA\"},{\"@type\":\"Person\",\"@id\":\"https:\\\/\\\/www.reciplasa.es\\\/#\\\/schema\\\/person\\\/608ffc094e3c56d49e6c6ec8f1ea0e82\",\"name\":\"Cristina Marco\",\"image\":{\"@type\":\"ImageObject\",\"inLanguage\":\"va-VA\",\"@id\":\"https:\\\/\\\/secure.gravatar.com\\\/avatar\\\/6da7e00dc41d26d3c4245f3b2d70d687293df0dfc18f03719354383f7be4f34b?s=96&d=mm&r=g\",\"url\":\"https:\\\/\\\/secure.gravatar.com\\\/avatar\\\/6da7e00dc41d26d3c4245f3b2d70d687293df0dfc18f03719354383f7be4f34b?s=96&d=mm&r=g\",\"contentUrl\":\"https:\\\/\\\/secure.gravatar.com\\\/avatar\\\/6da7e00dc41d26d3c4245f3b2d70d687293df0dfc18f03719354383f7be4f34b?s=96&d=mm&r=g\",\"caption\":\"Cristina Marco\"},\"url\":\"https:\\\/\\\/www.reciplasa.es\\\/va\\\/author\\\/cristina\\\/\"}]}<\/script>\n<!-- \/ Yoast SEO plugin. -->","yoast_head_json":{"title":"Reciplasa baixa de les 160.000 tones de residus tractades en 2022 per la millora en la separaci\u00f3 en origen - RECIPLASA","robots":{"index":"index","follow":"follow","max-snippet":"max-snippet:-1","max-image-preview":"max-image-preview:large","max-video-preview":"max-video-preview:-1"},"canonical":"https:\/\/www.reciplasa.es\/reciplasa-baja-de-las-160-000-toneladas-de-residuos-tratadas-en-2022-por-la-mejora-en-la-separacion-en-origen\/","og_locale":"en_US","og_type":"article","og_title":"Reciplasa baixa de les 160.000 tones de residus tractades en 2022 per la millora en la separaci\u00f3 en origen - RECIPLASA","og_description":"La implantaci\u00f3 de la recollida selectiva d&#8217;org\u00e0nica i l&#8217;ecoparc m\u00f2bil redueixen la fracci\u00f3 resta Aix\u00ed mateix, l&#8217;empresa p\u00fablica ha augmentat la recuperaci\u00f3 de les fraccions selectives que si s&#8217;hagueren separat en origen no hagueren arribat a la planta 158.301 tones han arribat a la planta de tractament de residus Reciplasa en 2022, quasi 10.000 tonesDale que hay m\u00e1s ...","og_url":"https:\/\/www.reciplasa.es\/reciplasa-baja-de-las-160-000-toneladas-de-residuos-tratadas-en-2022-por-la-mejora-en-la-separacion-en-origen\/","og_site_name":"RECIPLASA","article_published_time":"2023-02-01T08:49:28+00:00","og_image":[{"width":2560,"height":1696,"url":"https:\/\/www.reciplasa.es\/wp-content\/uploads\/2023\/02\/Planta-Reciplasa-scaled.jpg","type":"image\/jpeg"}],"author":"Cristina Marco","twitter_card":"summary_large_image","twitter_misc":{"Written by":"Cristina Marco","Est. reading time":"4 minutes"},"schema":{"@context":"https:\/\/schema.org","@graph":[{"@type":"Article","@id":"https:\/\/www.reciplasa.es\/reciplasa-baja-de-las-160-000-toneladas-de-residuos-tratadas-en-2022-por-la-mejora-en-la-separacion-en-origen\/#article","isPartOf":{"@id":"https:\/\/www.reciplasa.es\/reciplasa-baja-de-las-160-000-toneladas-de-residuos-tratadas-en-2022-por-la-mejora-en-la-separacion-en-origen\/"},"author":{"name":"Cristina Marco","@id":"https:\/\/www.reciplasa.es\/#\/schema\/person\/608ffc094e3c56d49e6c6ec8f1ea0e82"},"headline":"Reciplasa baixa de les 160.000 tones de residus tractades en 2022 per la millora en la separaci\u00f3 en origen","datePublished":"2023-02-01T08:49:28+00:00","mainEntityOfPage":{"@id":"https:\/\/www.reciplasa.es\/reciplasa-baja-de-las-160-000-toneladas-de-residuos-tratadas-en-2022-por-la-mejora-en-la-separacion-en-origen\/"},"wordCount":719,"image":{"@id":"https:\/\/www.reciplasa.es\/reciplasa-baja-de-las-160-000-toneladas-de-residuos-tratadas-en-2022-por-la-mejora-en-la-separacion-en-origen\/#primaryimage"},"thumbnailUrl":"https:\/\/www.reciplasa.es\/wp-content\/uploads\/2023\/02\/Planta-Reciplasa-scaled.jpg","articleSection":["Not\u00edcies corporatives"],"inLanguage":"va-VA"},{"@type":"WebPage","@id":"https:\/\/www.reciplasa.es\/reciplasa-baja-de-las-160-000-toneladas-de-residuos-tratadas-en-2022-por-la-mejora-en-la-separacion-en-origen\/","url":"https:\/\/www.reciplasa.es\/reciplasa-baja-de-las-160-000-toneladas-de-residuos-tratadas-en-2022-por-la-mejora-en-la-separacion-en-origen\/","name":"Reciplasa baixa de les 160.000 tones de residus tractades en 2022 per la millora en la separaci\u00f3 en origen - RECIPLASA","isPartOf":{"@id":"https:\/\/www.reciplasa.es\/#website"},"primaryImageOfPage":{"@id":"https:\/\/www.reciplasa.es\/reciplasa-baja-de-las-160-000-toneladas-de-residuos-tratadas-en-2022-por-la-mejora-en-la-separacion-en-origen\/#primaryimage"},"image":{"@id":"https:\/\/www.reciplasa.es\/reciplasa-baja-de-las-160-000-toneladas-de-residuos-tratadas-en-2022-por-la-mejora-en-la-separacion-en-origen\/#primaryimage"},"thumbnailUrl":"https:\/\/www.reciplasa.es\/wp-content\/uploads\/2023\/02\/Planta-Reciplasa-scaled.jpg","datePublished":"2023-02-01T08:49:28+00:00","author":{"@id":"https:\/\/www.reciplasa.es\/#\/schema\/person\/608ffc094e3c56d49e6c6ec8f1ea0e82"},"breadcrumb":{"@id":"https:\/\/www.reciplasa.es\/reciplasa-baja-de-las-160-000-toneladas-de-residuos-tratadas-en-2022-por-la-mejora-en-la-separacion-en-origen\/#breadcrumb"},"inLanguage":"va-VA","potentialAction":[{"@type":"ReadAction","target":["https:\/\/www.reciplasa.es\/reciplasa-baja-de-las-160-000-toneladas-de-residuos-tratadas-en-2022-por-la-mejora-en-la-separacion-en-origen\/"]}]},{"@type":"ImageObject","inLanguage":"va-VA","@id":"https:\/\/www.reciplasa.es\/reciplasa-baja-de-las-160-000-toneladas-de-residuos-tratadas-en-2022-por-la-mejora-en-la-separacion-en-origen\/#primaryimage","url":"https:\/\/www.reciplasa.es\/wp-content\/uploads\/2023\/02\/Planta-Reciplasa-scaled.jpg","contentUrl":"https:\/\/www.reciplasa.es\/wp-content\/uploads\/2023\/02\/Planta-Reciplasa-scaled.jpg","width":2560,"height":1696},{"@type":"BreadcrumbList","@id":"https:\/\/www.reciplasa.es\/reciplasa-baja-de-las-160-000-toneladas-de-residuos-tratadas-en-2022-por-la-mejora-en-la-separacion-en-origen\/#breadcrumb","itemListElement":[{"@type":"ListItem","position":1,"name":"Portada","item":"https:\/\/www.reciplasa.es\/va\/"},{"@type":"ListItem","position":2,"name":"Reciplasa baixa de les 160.000 tones de residus tractades en 2022 per la millora en la separaci\u00f3 en origen"}]},{"@type":"WebSite","@id":"https:\/\/www.reciplasa.es\/#website","url":"https:\/\/www.reciplasa.es\/","name":"RECIPLASA","description":"Reciclats de Residus La Plana SA","potentialAction":[{"@type":"SearchAction","target":{"@type":"EntryPoint","urlTemplate":"https:\/\/www.reciplasa.es\/?s={search_term_string}"},"query-input":{"@type":"PropertyValueSpecification","valueRequired":true,"valueName":"search_term_string"}}],"inLanguage":"va-VA"},{"@type":"Person","@id":"https:\/\/www.reciplasa.es\/#\/schema\/person\/608ffc094e3c56d49e6c6ec8f1ea0e82","name":"Cristina Marco","image":{"@type":"ImageObject","inLanguage":"va-VA","@id":"https:\/\/secure.gravatar.com\/avatar\/6da7e00dc41d26d3c4245f3b2d70d687293df0dfc18f03719354383f7be4f34b?s=96&d=mm&r=g","url":"https:\/\/secure.gravatar.com\/avatar\/6da7e00dc41d26d3c4245f3b2d70d687293df0dfc18f03719354383f7be4f34b?s=96&d=mm&r=g","contentUrl":"https:\/\/secure.gravatar.com\/avatar\/6da7e00dc41d26d3c4245f3b2d70d687293df0dfc18f03719354383f7be4f34b?s=96&d=mm&r=g","caption":"Cristina Marco"},"url":"https:\/\/www.reciplasa.es\/va\/author\/cristina\/"}]}},"_links":{"self":[{"href":"https:\/\/www.reciplasa.es\/va\/wp-json\/wp\/v2\/posts\/15520","targetHints":{"allow":["GET"]}}],"collection":[{"href":"https:\/\/www.reciplasa.es\/va\/wp-json\/wp\/v2\/posts"}],"about":[{"href":"https:\/\/www.reciplasa.es\/va\/wp-json\/wp\/v2\/types\/post"}],"author":[{"embeddable":true,"href":"https:\/\/www.reciplasa.es\/va\/wp-json\/wp\/v2\/users\/3"}],"replies":[{"embeddable":true,"href":"https:\/\/www.reciplasa.es\/va\/wp-json\/wp\/v2\/comments?post=15520"}],"version-history":[{"count":1,"href":"https:\/\/www.reciplasa.es\/va\/wp-json\/wp\/v2\/posts\/15520\/revisions"}],"predecessor-version":[{"id":15521,"href":"https:\/\/www.reciplasa.es\/va\/wp-json\/wp\/v2\/posts\/15520\/revisions\/15521"}],"wp:featuredmedia":[{"embeddable":true,"href":"https:\/\/www.reciplasa.es\/va\/wp-json\/wp\/v2\/media\/15516"}],"wp:attachment":[{"href":"https:\/\/www.reciplasa.es\/va\/wp-json\/wp\/v2\/media?parent=15520"}],"wp:term":[{"taxonomy":"category","embeddable":true,"href":"https:\/\/www.reciplasa.es\/va\/wp-json\/wp\/v2\/categories?post=15520"},{"taxonomy":"post_tag","embeddable":true,"href":"https:\/\/www.reciplasa.es\/va\/wp-json\/wp\/v2\/tags?post=15520"}],"curies":[{"name":"wp","href":"https:\/\/api.w.org\/{rel}","templated":true}]}}