{"id":15540,"date":"2023-02-23T11:52:15","date_gmt":"2023-02-23T11:52:15","guid":{"rendered":"https:\/\/www.reciplasa.es\/?p=15540\/"},"modified":"2023-02-23T11:52:15","modified_gmt":"2023-02-23T11:52:15","slug":"dotze-municipis-de-castello-i-valencia-competiran-per-a-guanyar-el-repte-del-reciclatge-decoembes","status":"publish","type":"post","link":"https:\/\/www.reciplasa.es\/va\/dotze-municipis-de-castello-i-valencia-competiran-per-a-guanyar-el-repte-del-reciclatge-decoembes\/","title":{"rendered":"Dotze municipis de Castell\u00f3 i Val\u00e8ncia competiran per a guanyar \u201cEl Repte del Reciclatge\u201d d&#8217;Ecoembes"},"content":{"rendered":"<h5><em><span style=\"font-weight: 400;\">La iniciativa, que s&#8217;ha presentat hui a Borriana, compta amb la participaci\u00f3 de la Conselleria d&#8217;Agricultura, Desenvolupament Rural, Emerg\u00e8ncia Clim\u00e0tica i Transici\u00f3 Ecol\u00f2gica i els Consorcis C1, C2 i C3-V1 Prov\u00edncia de Castell\u00f3 i Val\u00e8ncia <\/span><\/em><\/h5>\n<h5><em><span style=\"font-weight: 400;\"> Els 12 municipis que participaran en aquesta edici\u00f3 del \u201cRepte del Reciclatge\u201d s\u00f3n: Almassora, Benicarl\u00f3, Borriana, Segorbe, La Vall d\u2019Uix\u00f3, l\u2019Alcora, Nules, Onda, Oropesa, Sagunt, Vila-real i Vinar\u00f2s<\/span><\/em><\/h5>\n<h5><em><span style=\"font-weight: 400;\">L&#8217;acci\u00f3 premiar\u00e0 al municipi que aconseguisca reciclar m\u00e9s i millor els seus envasos de pl\u00e0stic, llandes i brics en el contenidor groc i el paper i cart\u00f3 en el blau<\/span><\/em><\/h5>\n<p class=\"p1\">La Conselleria d&#8217;Agricultura, Desenvolupament Rural, Emerg\u00e8ncia Clim\u00e0tica i Transici\u00f3 Ecol\u00f2gica, en col\u00b7laboraci\u00f3 amb <b>lels Consorcis C1, C2 i C3-V1 Prov\u00edncia de Castell\u00f3 <\/b>i<b> Val\u00e8ncia <\/b>i<b> Ecoembes<\/b>, l&#8217;organitzaci\u00f3 ambiental sense \u00e0nim de lucre que coordina el reciclatge dels envasos dom\u00e8stics a Espanya, ha presentat hui a Borriana una <b>nova edici\u00f3<\/b> del <b>\u201cEl Repte del Reciclatge\u201d<\/b>. La iniciativa premiar\u00e0 al municipi que aconseguisca reciclar m\u00e9s i millor fent \u00fas del contenidor groc (envasos de pl\u00e0stic, llandes i brics) i el blau (paper i cart\u00f3) demostrant aix\u00ed un major comprom\u00eds amb el reciclatge i la cura el medi ambient entre els seus ve\u00efns.<\/p>\n<p class=\"p1\">Un acte de presentaci\u00f3 en el qual han participat l&#8217;alcaldessa de l&#8217;Ajuntament de Borriana, Maria Josep Safont, el vicepresident del Consorci C2, Jos\u00e9 Benlloch, i el Subdirector General de la Conselleria d&#8217;Emerg\u00e8ncia Clim\u00e0tica i Transici\u00f3 Ecol\u00f2gica, Jos\u00e9 Vicente Mir\u00f3, al costat de la gerent del Consorci C3 i V1, S\u00edlvia L\u00f3pez, i la gerent de m\u00e0rqueting d\u2019Ecoembes, Susana Revuelta.<\/p>\n<p class=\"p1\">En la presentaci\u00f3\u00a0Maria Josep Safont\u00a0ha\u00a0fet\u00a0recalcament en la necessitat que la ciutadania es consciencie de\u00a0la \u201cimport\u00e0ncia del reciclatge en origen\u201d, i ha advertit que \u201cja no \u00e9s nom\u00e9s una opci\u00f3\u201d, perqu\u00e8 si no se separa en origen, \u201cla despesa mediambiental el pagaran els nostres fills i filles, i la despesa econ\u00f2mica tots nosaltres\u201d.\u00a0Per aix\u00f2, ha animat a la ciutadania a participar en aquest repte del reciclatge, i separar en origen als contenidors groc, blau i verd, perqu\u00e8 \u201ccom m\u00e9s gran siga, menor ser\u00e0 el cost de tractament, i si el cost \u00e9s menor per a l&#8217;Ajuntament,\u00a0tamb\u00e9 ser\u00e0\u00a0menor la taxa\u00a0per als ve\u00efns i\u00a0les\u00a0ve\u00efnes\u201d.<\/p>\n<p><img loading=\"lazy\" decoding=\"async\" class=\"aligncenter size-large wp-image-15534\" src=\"https:\/\/www.reciplasa.es\/wp-content\/uploads\/2023\/02\/repte-reciclatge-5-1024x768.jpeg\" alt=\"\" width=\"800\" height=\"600\" srcset=\"https:\/\/www.reciplasa.es\/wp-content\/uploads\/2023\/02\/repte-reciclatge-5-1024x768.jpeg 1024w, https:\/\/www.reciplasa.es\/wp-content\/uploads\/2023\/02\/repte-reciclatge-5-300x225.jpeg 300w, https:\/\/www.reciplasa.es\/wp-content\/uploads\/2023\/02\/repte-reciclatge-5-768x576.jpeg 768w, https:\/\/www.reciplasa.es\/wp-content\/uploads\/2023\/02\/repte-reciclatge-5-1536x1152.jpeg 1536w, https:\/\/www.reciplasa.es\/wp-content\/uploads\/2023\/02\/repte-reciclatge-5-2048x1536.jpeg 2048w\" sizes=\"auto, (max-width: 800px) 100vw, 800px\" \/><\/p>\n<p class=\"p1\">Per part seua, Jos\u00e9 Benlloch, ha explicat que &#8220;campanyes com aquesta s\u00f3n fonamentals per a conscienciar-nos que el reciclatge no \u00e9s una opci\u00f3, \u00e9s una obligaci\u00f3 legal i moral, perqu\u00e8 aix\u00ed ho estableix la llei i perqu\u00e8 hem d&#8217;avan\u00e7ar en els objectius de desenvolupament sostenible i la lluita contra el canvi clim\u00e0tic. Estem en un proc\u00e9s de transformaci\u00f3 de la planta de Reciplasa, per al qual per primera vegada comptem amb una subvenci\u00f3 de 1,7 milions de la Generalitat Valenciana, amb l&#8217;objectiu d&#8217;avan\u00e7ar cap a la reducci\u00f3 del percentatge de rebuig; per\u00f2 a m\u00e9s d&#8217;aquesta inversi\u00f3 en tecnologia \u00e9s imprescindible tamb\u00e9 la col\u00b7laboraci\u00f3 ciutadana amb la separaci\u00f3 en origen i la conscienciaci\u00f3 sobre el cost econ\u00f2mic que suposa la gesti\u00f3 dels residus&#8221;.<\/p>\n<p class=\"p1\">Per part seua, Mir\u00f3, ha agra\u00eft la implicaci\u00f3 d&#8217;Ecoembes, els consorcis i els ajuntaments participants en la campanya i ha explicat que l&#8217;aposta \u201cper l&#8217;economia circular ens ha de fer veure que els residus s\u00f3n una mat\u00e8ria primera. A Castell\u00f3 estem progressant adequadament en aquests aspectes i per aix\u00f2 campanyes com aquestes ens han de fer avan\u00e7ar\u201d.<\/p>\n<p class=\"p1\">La campanya ha comen\u00e7at hui <b>a Borriana i es prolongar\u00e0 fins al 4 d&#8217;abril de 2023, quan finalitzar\u00e0 a la Vall d&#8217;Uix\u00f3<\/b><span class=\"s1\"><b>. <\/b><\/span>Un vehicle identificatiu de la campanya, la <b><i>\u201cFurgoneta del Reciclatge\u201d <\/i><\/b>visitar\u00e0 cadascun dels 12 municipis seleccionats de la zona de gesti\u00f3 dels consorcis participants de Castell\u00f3 i Val\u00e8ncia.<\/p>\n<p class=\"p1\"><b>La campanya<\/b><\/p>\n<p class=\"p2\"><span class=\"s2\"><b>\u201cEl Repte del Reciclatge\u201d<\/b><\/span> t\u00e9 com a objectiu desmitificar les faules entorn del reciclatge i sensibilitzar a la poblaci\u00f3 de la seua import\u00e0ncia per a la cura del medi ambient i del planeta. Un equip d&#8217;animaci\u00f3 i formaci\u00f3 s&#8217;aproximar\u00e0 als ciutadans per a compartir amb ells el comprom\u00eds de separar i reciclar correctament les llandes, brics i envasos de pl\u00e0stic en el contenidor groc, aix\u00ed com el paper i el cart\u00f3, en el contenidor blau. Ho faran a trav\u00e9s d&#8217;accions d&#8217;entreteniment i educaci\u00f3 ambiental aix\u00ed com de xarrades informatives i de sensibilitzaci\u00f3 en centres educatius per a diversos col\u00b7lectius ve\u00efnals, seleccionats pr\u00e8viament<span class=\"s2\">.<\/span><\/p>\n<p><img loading=\"lazy\" decoding=\"async\" class=\"aligncenter size-large wp-image-15535\" src=\"https:\/\/www.reciplasa.es\/wp-content\/uploads\/2023\/02\/repte-reciclatge-24-1024x768.jpeg\" alt=\"\" width=\"800\" height=\"600\" srcset=\"https:\/\/www.reciplasa.es\/wp-content\/uploads\/2023\/02\/repte-reciclatge-24-1024x768.jpeg 1024w, https:\/\/www.reciplasa.es\/wp-content\/uploads\/2023\/02\/repte-reciclatge-24-300x225.jpeg 300w, https:\/\/www.reciplasa.es\/wp-content\/uploads\/2023\/02\/repte-reciclatge-24-768x576.jpeg 768w, https:\/\/www.reciplasa.es\/wp-content\/uploads\/2023\/02\/repte-reciclatge-24-1536x1152.jpeg 1536w, https:\/\/www.reciplasa.es\/wp-content\/uploads\/2023\/02\/repte-reciclatge-24-2048x1536.jpeg 2048w\" sizes=\"auto, (max-width: 800px) 100vw, 800px\" \/><\/p>\n<p class=\"p3\">L&#8217;acci\u00f3 es planteja com una competici\u00f3 entre municipis dels <span class=\"s1\"><b>Consorcis<\/b><\/span> <b>C1, C2<\/b> i <span class=\"s1\"><b>C3-V1 <\/b><\/span><b>Prov\u00edncia de Castell\u00f3 <\/b>i<b> Val\u00e8ncia <\/b>i<b> Ecoembes<\/b>, per a incrementar l&#8217;\u00fas del contenidor groc, en almenys un 10% de mitjana, durant els dos mesos posteriors al per\u00edode de campanya, en comparaci\u00f3 amb les dades del mateix per\u00edode de l&#8217;any 2022. El premi ser\u00e0 una dotaci\u00f3 en met\u00e0l\u00b7lic a una ONG de car\u00e0cter social seleccionada pr\u00e8viament pel municipi.<\/p>\n<p class=\"p4\">La campanya persegueix la interacci\u00f3 cara a cara amb el ciutad\u00e0 i totes les accions es dirigeixen a les organitzacions, tradicions i cultura de l&#8217;\u00e0mbit geogr\u00e0fic sobre el qual s&#8217;actua. Es tracta que les pr\u00f2pies institucions, organitzacions, clubs socials i esportius, associacions i centres d&#8217;ensenyament de cada localitat, siguen part\u00edcips i impulsores de la iniciativa. Les seues accions in situ permetran arribar al major nombre possible de ve\u00efns i llars amb la finalitat de multiplicar els resultats de la campanya: informar correctament i resoldre dubtes per a <b>augmentar la separaci\u00f3 correcta dels residus i fer possible el seu posterior reciclatge.<\/b><\/p>\n<p class=\"p1\"><b>Calendari de la campanya: <\/b><\/p>\n<table style=\"height: 459px;\" width=\"574\" cellspacing=\"0\" cellpadding=\"0\">\n<tbody>\n<tr>\n<td valign=\"middle\">\n<p align=\"center\"><span style=\"color: #00000a; font-family: Arial Narrow; font-size: medium;\">Borriana: 21 de febrer, 21 i 28 de mar\u00e7<\/span><\/p>\n<\/td>\n<td valign=\"middle\">\n<p align=\"center\"><span style=\"color: #00000a; font-family: Arial Narrow; font-size: medium;\">Oropesa 15 de mar\u00e7<\/span><\/p>\n<\/td>\n<\/tr>\n<tr>\n<td valign=\"middle\">\n<p align=\"center\"><span style=\"color: #00000a; font-family: Arial Narrow; font-size: medium;\">l\u2019Alcora: 22 de febrer<\/span><\/p>\n<\/td>\n<td valign=\"middle\">\n<p align=\"center\"><span style=\"color: #00000a; font-family: Arial Narrow; font-size: medium;\">Benicarl\u00f3 22 i 29 de mar\u00e7 i 5 d\u2019abril<\/span><\/p>\n<\/td>\n<\/tr>\n<tr>\n<td valign=\"middle\">\n<p align=\"center\"><span style=\"color: #00000a; font-family: Arial Narrow; font-size: medium;\">Vila-real: 23 i 25 de febrer i 2 mar\u00e7<\/span><\/p>\n<\/td>\n<td valign=\"middle\">\n<p align=\"center\"><span style=\"color: #00000a; font-family: Arial Narrow; font-size: medium;\">Vinar\u00f2s 23 i 30 de mar\u00e7 i 6 d\u2019abril<\/span><\/p>\n<\/td>\n<\/tr>\n<tr>\n<td valign=\"middle\">\n<p align=\"center\"><span style=\"color: #00000a; font-family: Arial Narrow; font-size: medium;\">Almassora: 7 i 31 de mar\u00e7<\/span><\/p>\n<\/td>\n<td valign=\"middle\">\n<p align=\"center\"><span style=\"color: #00000a; font-family: Arial Narrow; font-size: medium;\">Vall D\u2019uix\u00f3 24 de febrer, 3 de mar\u00e7 i 4 d\u2019abril <\/span><\/p>\n<\/td>\n<\/tr>\n<tr>\n<td valign=\"middle\">\n<p align=\"center\"><span style=\"color: #00000a; font-family: Arial Narrow; font-size: medium;\">Onda: 9 i 16 de mar\u00e7 <\/span><\/p>\n<\/td>\n<td valign=\"middle\">\n<p align=\"center\"><span style=\"color: #00000a; font-family: Arial Narrow; font-size: medium;\">Nules 8 de mar\u00e7<\/span><\/p>\n<\/td>\n<\/tr>\n<tr>\n<td valign=\"middle\">\n<p align=\"center\"><span style=\"color: #00000a; font-family: Arial Narrow; font-size: medium;\">Segorbe 10 de mar\u00e7<\/span><\/p>\n<\/td>\n<td valign=\"middle\"><\/td>\n<\/tr>\n<tr>\n<td valign=\"middle\">\n<p align=\"center\"><span style=\"color: #00000a; font-family: Arial Narrow; font-size: medium;\">Sagunt 13, 14, 17 de mar\u00e7<\/span><\/p>\n<\/td>\n<td valign=\"middle\"><\/td>\n<\/tr>\n<\/tbody>\n<\/table>\n","protected":false},"excerpt":{"rendered":"<p>La iniciativa, que s&#8217;ha presentat hui a Borriana, compta amb la participaci\u00f3 de la Conselleria d&#8217;Agricultura, Desenvolupament Rural, Emerg\u00e8ncia Clim\u00e0tica i Transici\u00f3 Ecol\u00f2gica i els Consorcis C1, C2 i C3-V1 Prov\u00edncia de Castell\u00f3 i Val\u00e8ncia Els 12 municipis que participaran en aquesta edici\u00f3 del \u201cRepte del Reciclatge\u201d s\u00f3n: Almassora, Benicarl\u00f3, Borriana, Segorbe, La Vall d\u2019Uix\u00f3,Dale que hay m\u00e1s &#8230;<\/p>\n","protected":false},"author":3,"featured_media":15533,"comment_status":"closed","ping_status":"closed","sticky":false,"template":"","format":"standard","meta":{"footnotes":""},"categories":[87],"tags":[],"class_list":["post-15540","post","type-post","status-publish","format-standard","has-post-thumbnail","hentry","category-noticies-corporatives"],"yoast_head":"<!-- This site is optimized with the Yoast SEO plugin v27.4 - https:\/\/yoast.com\/product\/yoast-seo-wordpress\/ -->\n<title>Dotze municipis de Castell\u00f3 i Val\u00e8ncia competiran per a guanyar \u201cEl Repte del Reciclatge\u201d d&#039;Ecoembes - RECIPLASA<\/title>\n<meta name=\"robots\" content=\"index, follow, max-snippet:-1, max-image-preview:large, max-video-preview:-1\" \/>\n<link rel=\"canonical\" href=\"https:\/\/www.reciplasa.es\/doce-municipios-de-castellon-y-valencia-competiran-para-ganar-el-reto-del-reciclaje-de-ecoembes\/\" \/>\n<meta property=\"og:locale\" content=\"en_US\" \/>\n<meta property=\"og:type\" content=\"article\" \/>\n<meta property=\"og:title\" content=\"Dotze municipis de Castell\u00f3 i Val\u00e8ncia competiran per a guanyar \u201cEl Repte del Reciclatge\u201d d&#039;Ecoembes - RECIPLASA\" \/>\n<meta property=\"og:description\" content=\"La iniciativa, que s&#8217;ha presentat hui a Borriana, compta amb la participaci\u00f3 de la Conselleria d&#8217;Agricultura, Desenvolupament Rural, Emerg\u00e8ncia Clim\u00e0tica i Transici\u00f3 Ecol\u00f2gica i els Consorcis C1, C2 i C3-V1 Prov\u00edncia de Castell\u00f3 i Val\u00e8ncia Els 12 municipis que participaran en aquesta edici\u00f3 del \u201cRepte del Reciclatge\u201d s\u00f3n: Almassora, Benicarl\u00f3, Borriana, Segorbe, La Vall d\u2019Uix\u00f3,Dale que hay m\u00e1s ...\" \/>\n<meta property=\"og:url\" content=\"https:\/\/www.reciplasa.es\/doce-municipios-de-castellon-y-valencia-competiran-para-ganar-el-reto-del-reciclaje-de-ecoembes\/\" \/>\n<meta property=\"og:site_name\" content=\"RECIPLASA\" \/>\n<meta property=\"article:published_time\" content=\"2023-02-23T11:52:15+00:00\" \/>\n<meta property=\"og:image\" content=\"https:\/\/www.reciplasa.es\/wp-content\/uploads\/2023\/02\/repte-reciclatge-12-scaled.jpeg\" \/>\n\t<meta property=\"og:image:width\" content=\"2560\" \/>\n\t<meta property=\"og:image:height\" content=\"1920\" \/>\n\t<meta property=\"og:image:type\" content=\"image\/jpeg\" \/>\n<meta name=\"author\" content=\"Cristina Marco\" \/>\n<meta name=\"twitter:card\" content=\"summary_large_image\" \/>\n<meta name=\"twitter:label1\" content=\"Written by\" \/>\n\t<meta name=\"twitter:data1\" content=\"Cristina Marco\" \/>\n\t<meta name=\"twitter:label2\" content=\"Est. reading time\" \/>\n\t<meta name=\"twitter:data2\" content=\"5 minutes\" \/>\n<script type=\"application\/ld+json\" class=\"yoast-schema-graph\">{\"@context\":\"https:\\\/\\\/schema.org\",\"@graph\":[{\"@type\":\"Article\",\"@id\":\"https:\\\/\\\/www.reciplasa.es\\\/doce-municipios-de-castellon-y-valencia-competiran-para-ganar-el-reto-del-reciclaje-de-ecoembes\\\/#article\",\"isPartOf\":{\"@id\":\"https:\\\/\\\/www.reciplasa.es\\\/doce-municipios-de-castellon-y-valencia-competiran-para-ganar-el-reto-del-reciclaje-de-ecoembes\\\/\"},\"author\":{\"name\":\"Cristina Marco\",\"@id\":\"https:\\\/\\\/www.reciplasa.es\\\/#\\\/schema\\\/person\\\/608ffc094e3c56d49e6c6ec8f1ea0e82\"},\"headline\":\"Dotze municipis de Castell\u00f3 i Val\u00e8ncia competiran per a guanyar \u201cEl Repte del Reciclatge\u201d d&#8217;Ecoembes\",\"datePublished\":\"2023-02-23T11:52:15+00:00\",\"mainEntityOfPage\":{\"@id\":\"https:\\\/\\\/www.reciplasa.es\\\/doce-municipios-de-castellon-y-valencia-competiran-para-ganar-el-reto-del-reciclaje-de-ecoembes\\\/\"},\"wordCount\":1042,\"image\":{\"@id\":\"https:\\\/\\\/www.reciplasa.es\\\/doce-municipios-de-castellon-y-valencia-competiran-para-ganar-el-reto-del-reciclaje-de-ecoembes\\\/#primaryimage\"},\"thumbnailUrl\":\"https:\\\/\\\/www.reciplasa.es\\\/wp-content\\\/uploads\\\/2023\\\/02\\\/repte-reciclatge-12-scaled.jpeg\",\"articleSection\":[\"Not\u00edcies corporatives\"],\"inLanguage\":\"va-VA\"},{\"@type\":\"WebPage\",\"@id\":\"https:\\\/\\\/www.reciplasa.es\\\/doce-municipios-de-castellon-y-valencia-competiran-para-ganar-el-reto-del-reciclaje-de-ecoembes\\\/\",\"url\":\"https:\\\/\\\/www.reciplasa.es\\\/doce-municipios-de-castellon-y-valencia-competiran-para-ganar-el-reto-del-reciclaje-de-ecoembes\\\/\",\"name\":\"Dotze municipis de Castell\u00f3 i Val\u00e8ncia competiran per a guanyar \u201cEl Repte del Reciclatge\u201d d'Ecoembes - RECIPLASA\",\"isPartOf\":{\"@id\":\"https:\\\/\\\/www.reciplasa.es\\\/#website\"},\"primaryImageOfPage\":{\"@id\":\"https:\\\/\\\/www.reciplasa.es\\\/doce-municipios-de-castellon-y-valencia-competiran-para-ganar-el-reto-del-reciclaje-de-ecoembes\\\/#primaryimage\"},\"image\":{\"@id\":\"https:\\\/\\\/www.reciplasa.es\\\/doce-municipios-de-castellon-y-valencia-competiran-para-ganar-el-reto-del-reciclaje-de-ecoembes\\\/#primaryimage\"},\"thumbnailUrl\":\"https:\\\/\\\/www.reciplasa.es\\\/wp-content\\\/uploads\\\/2023\\\/02\\\/repte-reciclatge-12-scaled.jpeg\",\"datePublished\":\"2023-02-23T11:52:15+00:00\",\"author\":{\"@id\":\"https:\\\/\\\/www.reciplasa.es\\\/#\\\/schema\\\/person\\\/608ffc094e3c56d49e6c6ec8f1ea0e82\"},\"breadcrumb\":{\"@id\":\"https:\\\/\\\/www.reciplasa.es\\\/doce-municipios-de-castellon-y-valencia-competiran-para-ganar-el-reto-del-reciclaje-de-ecoembes\\\/#breadcrumb\"},\"inLanguage\":\"va-VA\",\"potentialAction\":[{\"@type\":\"ReadAction\",\"target\":[\"https:\\\/\\\/www.reciplasa.es\\\/doce-municipios-de-castellon-y-valencia-competiran-para-ganar-el-reto-del-reciclaje-de-ecoembes\\\/\"]}]},{\"@type\":\"ImageObject\",\"inLanguage\":\"va-VA\",\"@id\":\"https:\\\/\\\/www.reciplasa.es\\\/doce-municipios-de-castellon-y-valencia-competiran-para-ganar-el-reto-del-reciclaje-de-ecoembes\\\/#primaryimage\",\"url\":\"https:\\\/\\\/www.reciplasa.es\\\/wp-content\\\/uploads\\\/2023\\\/02\\\/repte-reciclatge-12-scaled.jpeg\",\"contentUrl\":\"https:\\\/\\\/www.reciplasa.es\\\/wp-content\\\/uploads\\\/2023\\\/02\\\/repte-reciclatge-12-scaled.jpeg\",\"width\":2560,\"height\":1920},{\"@type\":\"BreadcrumbList\",\"@id\":\"https:\\\/\\\/www.reciplasa.es\\\/doce-municipios-de-castellon-y-valencia-competiran-para-ganar-el-reto-del-reciclaje-de-ecoembes\\\/#breadcrumb\",\"itemListElement\":[{\"@type\":\"ListItem\",\"position\":1,\"name\":\"Portada\",\"item\":\"https:\\\/\\\/www.reciplasa.es\\\/va\\\/\"},{\"@type\":\"ListItem\",\"position\":2,\"name\":\"Dotze municipis de Castell\u00f3 i Val\u00e8ncia competiran per a guanyar \u201cEl Repte del Reciclatge\u201d d&#8217;Ecoembes\"}]},{\"@type\":\"WebSite\",\"@id\":\"https:\\\/\\\/www.reciplasa.es\\\/#website\",\"url\":\"https:\\\/\\\/www.reciplasa.es\\\/\",\"name\":\"RECIPLASA\",\"description\":\"Reciclats de Residus La Plana SA\",\"potentialAction\":[{\"@type\":\"SearchAction\",\"target\":{\"@type\":\"EntryPoint\",\"urlTemplate\":\"https:\\\/\\\/www.reciplasa.es\\\/?s={search_term_string}\"},\"query-input\":{\"@type\":\"PropertyValueSpecification\",\"valueRequired\":true,\"valueName\":\"search_term_string\"}}],\"inLanguage\":\"va-VA\"},{\"@type\":\"Person\",\"@id\":\"https:\\\/\\\/www.reciplasa.es\\\/#\\\/schema\\\/person\\\/608ffc094e3c56d49e6c6ec8f1ea0e82\",\"name\":\"Cristina Marco\",\"image\":{\"@type\":\"ImageObject\",\"inLanguage\":\"va-VA\",\"@id\":\"https:\\\/\\\/secure.gravatar.com\\\/avatar\\\/6da7e00dc41d26d3c4245f3b2d70d687293df0dfc18f03719354383f7be4f34b?s=96&d=mm&r=g\",\"url\":\"https:\\\/\\\/secure.gravatar.com\\\/avatar\\\/6da7e00dc41d26d3c4245f3b2d70d687293df0dfc18f03719354383f7be4f34b?s=96&d=mm&r=g\",\"contentUrl\":\"https:\\\/\\\/secure.gravatar.com\\\/avatar\\\/6da7e00dc41d26d3c4245f3b2d70d687293df0dfc18f03719354383f7be4f34b?s=96&d=mm&r=g\",\"caption\":\"Cristina Marco\"},\"url\":\"https:\\\/\\\/www.reciplasa.es\\\/va\\\/author\\\/cristina\\\/\"}]}<\/script>\n<!-- \/ Yoast SEO plugin. -->","yoast_head_json":{"title":"Dotze municipis de Castell\u00f3 i Val\u00e8ncia competiran per a guanyar \u201cEl Repte del Reciclatge\u201d d'Ecoembes - RECIPLASA","robots":{"index":"index","follow":"follow","max-snippet":"max-snippet:-1","max-image-preview":"max-image-preview:large","max-video-preview":"max-video-preview:-1"},"canonical":"https:\/\/www.reciplasa.es\/doce-municipios-de-castellon-y-valencia-competiran-para-ganar-el-reto-del-reciclaje-de-ecoembes\/","og_locale":"en_US","og_type":"article","og_title":"Dotze municipis de Castell\u00f3 i Val\u00e8ncia competiran per a guanyar \u201cEl Repte del Reciclatge\u201d d'Ecoembes - RECIPLASA","og_description":"La iniciativa, que s&#8217;ha presentat hui a Borriana, compta amb la participaci\u00f3 de la Conselleria d&#8217;Agricultura, Desenvolupament Rural, Emerg\u00e8ncia Clim\u00e0tica i Transici\u00f3 Ecol\u00f2gica i els Consorcis C1, C2 i C3-V1 Prov\u00edncia de Castell\u00f3 i Val\u00e8ncia Els 12 municipis que participaran en aquesta edici\u00f3 del \u201cRepte del Reciclatge\u201d s\u00f3n: Almassora, Benicarl\u00f3, Borriana, Segorbe, La Vall d\u2019Uix\u00f3,Dale que hay m\u00e1s ...","og_url":"https:\/\/www.reciplasa.es\/doce-municipios-de-castellon-y-valencia-competiran-para-ganar-el-reto-del-reciclaje-de-ecoembes\/","og_site_name":"RECIPLASA","article_published_time":"2023-02-23T11:52:15+00:00","og_image":[{"width":2560,"height":1920,"url":"https:\/\/www.reciplasa.es\/wp-content\/uploads\/2023\/02\/repte-reciclatge-12-scaled.jpeg","type":"image\/jpeg"}],"author":"Cristina Marco","twitter_card":"summary_large_image","twitter_misc":{"Written by":"Cristina Marco","Est. reading time":"5 minutes"},"schema":{"@context":"https:\/\/schema.org","@graph":[{"@type":"Article","@id":"https:\/\/www.reciplasa.es\/doce-municipios-de-castellon-y-valencia-competiran-para-ganar-el-reto-del-reciclaje-de-ecoembes\/#article","isPartOf":{"@id":"https:\/\/www.reciplasa.es\/doce-municipios-de-castellon-y-valencia-competiran-para-ganar-el-reto-del-reciclaje-de-ecoembes\/"},"author":{"name":"Cristina Marco","@id":"https:\/\/www.reciplasa.es\/#\/schema\/person\/608ffc094e3c56d49e6c6ec8f1ea0e82"},"headline":"Dotze municipis de Castell\u00f3 i Val\u00e8ncia competiran per a guanyar \u201cEl Repte del Reciclatge\u201d d&#8217;Ecoembes","datePublished":"2023-02-23T11:52:15+00:00","mainEntityOfPage":{"@id":"https:\/\/www.reciplasa.es\/doce-municipios-de-castellon-y-valencia-competiran-para-ganar-el-reto-del-reciclaje-de-ecoembes\/"},"wordCount":1042,"image":{"@id":"https:\/\/www.reciplasa.es\/doce-municipios-de-castellon-y-valencia-competiran-para-ganar-el-reto-del-reciclaje-de-ecoembes\/#primaryimage"},"thumbnailUrl":"https:\/\/www.reciplasa.es\/wp-content\/uploads\/2023\/02\/repte-reciclatge-12-scaled.jpeg","articleSection":["Not\u00edcies corporatives"],"inLanguage":"va-VA"},{"@type":"WebPage","@id":"https:\/\/www.reciplasa.es\/doce-municipios-de-castellon-y-valencia-competiran-para-ganar-el-reto-del-reciclaje-de-ecoembes\/","url":"https:\/\/www.reciplasa.es\/doce-municipios-de-castellon-y-valencia-competiran-para-ganar-el-reto-del-reciclaje-de-ecoembes\/","name":"Dotze municipis de Castell\u00f3 i Val\u00e8ncia competiran per a guanyar \u201cEl Repte del Reciclatge\u201d d'Ecoembes - RECIPLASA","isPartOf":{"@id":"https:\/\/www.reciplasa.es\/#website"},"primaryImageOfPage":{"@id":"https:\/\/www.reciplasa.es\/doce-municipios-de-castellon-y-valencia-competiran-para-ganar-el-reto-del-reciclaje-de-ecoembes\/#primaryimage"},"image":{"@id":"https:\/\/www.reciplasa.es\/doce-municipios-de-castellon-y-valencia-competiran-para-ganar-el-reto-del-reciclaje-de-ecoembes\/#primaryimage"},"thumbnailUrl":"https:\/\/www.reciplasa.es\/wp-content\/uploads\/2023\/02\/repte-reciclatge-12-scaled.jpeg","datePublished":"2023-02-23T11:52:15+00:00","author":{"@id":"https:\/\/www.reciplasa.es\/#\/schema\/person\/608ffc094e3c56d49e6c6ec8f1ea0e82"},"breadcrumb":{"@id":"https:\/\/www.reciplasa.es\/doce-municipios-de-castellon-y-valencia-competiran-para-ganar-el-reto-del-reciclaje-de-ecoembes\/#breadcrumb"},"inLanguage":"va-VA","potentialAction":[{"@type":"ReadAction","target":["https:\/\/www.reciplasa.es\/doce-municipios-de-castellon-y-valencia-competiran-para-ganar-el-reto-del-reciclaje-de-ecoembes\/"]}]},{"@type":"ImageObject","inLanguage":"va-VA","@id":"https:\/\/www.reciplasa.es\/doce-municipios-de-castellon-y-valencia-competiran-para-ganar-el-reto-del-reciclaje-de-ecoembes\/#primaryimage","url":"https:\/\/www.reciplasa.es\/wp-content\/uploads\/2023\/02\/repte-reciclatge-12-scaled.jpeg","contentUrl":"https:\/\/www.reciplasa.es\/wp-content\/uploads\/2023\/02\/repte-reciclatge-12-scaled.jpeg","width":2560,"height":1920},{"@type":"BreadcrumbList","@id":"https:\/\/www.reciplasa.es\/doce-municipios-de-castellon-y-valencia-competiran-para-ganar-el-reto-del-reciclaje-de-ecoembes\/#breadcrumb","itemListElement":[{"@type":"ListItem","position":1,"name":"Portada","item":"https:\/\/www.reciplasa.es\/va\/"},{"@type":"ListItem","position":2,"name":"Dotze municipis de Castell\u00f3 i Val\u00e8ncia competiran per a guanyar \u201cEl Repte del Reciclatge\u201d d&#8217;Ecoembes"}]},{"@type":"WebSite","@id":"https:\/\/www.reciplasa.es\/#website","url":"https:\/\/www.reciplasa.es\/","name":"RECIPLASA","description":"Reciclats de Residus La Plana SA","potentialAction":[{"@type":"SearchAction","target":{"@type":"EntryPoint","urlTemplate":"https:\/\/www.reciplasa.es\/?s={search_term_string}"},"query-input":{"@type":"PropertyValueSpecification","valueRequired":true,"valueName":"search_term_string"}}],"inLanguage":"va-VA"},{"@type":"Person","@id":"https:\/\/www.reciplasa.es\/#\/schema\/person\/608ffc094e3c56d49e6c6ec8f1ea0e82","name":"Cristina Marco","image":{"@type":"ImageObject","inLanguage":"va-VA","@id":"https:\/\/secure.gravatar.com\/avatar\/6da7e00dc41d26d3c4245f3b2d70d687293df0dfc18f03719354383f7be4f34b?s=96&d=mm&r=g","url":"https:\/\/secure.gravatar.com\/avatar\/6da7e00dc41d26d3c4245f3b2d70d687293df0dfc18f03719354383f7be4f34b?s=96&d=mm&r=g","contentUrl":"https:\/\/secure.gravatar.com\/avatar\/6da7e00dc41d26d3c4245f3b2d70d687293df0dfc18f03719354383f7be4f34b?s=96&d=mm&r=g","caption":"Cristina Marco"},"url":"https:\/\/www.reciplasa.es\/va\/author\/cristina\/"}]}},"_links":{"self":[{"href":"https:\/\/www.reciplasa.es\/va\/wp-json\/wp\/v2\/posts\/15540","targetHints":{"allow":["GET"]}}],"collection":[{"href":"https:\/\/www.reciplasa.es\/va\/wp-json\/wp\/v2\/posts"}],"about":[{"href":"https:\/\/www.reciplasa.es\/va\/wp-json\/wp\/v2\/types\/post"}],"author":[{"embeddable":true,"href":"https:\/\/www.reciplasa.es\/va\/wp-json\/wp\/v2\/users\/3"}],"replies":[{"embeddable":true,"href":"https:\/\/www.reciplasa.es\/va\/wp-json\/wp\/v2\/comments?post=15540"}],"version-history":[{"count":1,"href":"https:\/\/www.reciplasa.es\/va\/wp-json\/wp\/v2\/posts\/15540\/revisions"}],"predecessor-version":[{"id":15541,"href":"https:\/\/www.reciplasa.es\/va\/wp-json\/wp\/v2\/posts\/15540\/revisions\/15541"}],"wp:featuredmedia":[{"embeddable":true,"href":"https:\/\/www.reciplasa.es\/va\/wp-json\/wp\/v2\/media\/15533"}],"wp:attachment":[{"href":"https:\/\/www.reciplasa.es\/va\/wp-json\/wp\/v2\/media?parent=15540"}],"wp:term":[{"taxonomy":"category","embeddable":true,"href":"https:\/\/www.reciplasa.es\/va\/wp-json\/wp\/v2\/categories?post=15540"},{"taxonomy":"post_tag","embeddable":true,"href":"https:\/\/www.reciplasa.es\/va\/wp-json\/wp\/v2\/tags?post=15540"}],"curies":[{"name":"wp","href":"https:\/\/api.w.org\/{rel}","templated":true}]}}