{"id":15554,"date":"2023-03-03T12:08:22","date_gmt":"2023-03-03T12:08:22","guid":{"rendered":"https:\/\/www.reciplasa.es\/?p=15554\/"},"modified":"2023-03-03T12:08:22","modified_gmt":"2023-03-03T12:08:22","slug":"la-catedra-reciplasa-de-luji-premia-lajuntament-de-vistabella-del-maestrat-per-la-seua-gestio-dels-residus-solids-urbans","status":"publish","type":"post","link":"https:\/\/www.reciplasa.es\/va\/la-catedra-reciplasa-de-luji-premia-lajuntament-de-vistabella-del-maestrat-per-la-seua-gestio-dels-residus-solids-urbans\/","title":{"rendered":"La C\u00e0tedra Reciplasa de l&#8217;UJI premia l&#8217;Ajuntament de Vistabella del Maestrat per la seua gesti\u00f3 dels residus s\u00f2lids urbans"},"content":{"rendered":"<p>La C\u00e0tedra\u00a0Reciplasa\u00a0de Gesti\u00f3 de Residus Urbans de la Universitat Jaume I ha lliurat el I Premi a la \u00abIniciativa per a la millora de la gesti\u00f3 sostenible dels residus urbans\u00bb a l&#8217;Ajuntament de Vistabella del Maestrat pel projecte titulat \u00abImpuls de l\u2019economia circular a trav\u00e9s de l\u2019aprofitament dels residus s\u00f2lids urbans\u00bb.<\/p>\n<p>L&#8217;acte de lliurament del premi, que ha sigut recollit per l&#8217;alcalde de\u00a0Vistabella, Jordi Alc\u00f3n, acompanyat de la tinenta alcalde, Laura Tena, ha tingut lloc a la Llotja del\u00a0C\u00e0nem\u00a0i ha comptat amb la pres\u00e8ncia del vicerector d&#8217;Investigaci\u00f3, Jes\u00fas Lancis; el president de\u00a0Reciplasa, Ignasi Garcia; l&#8217;alcaldessa d&#8217;Onda i vicepresidenta primera de\u00a0Reciplasa,\u00a0Carmina\u00a0Ballester; el director t\u00e8cnic de\u00a0Reciplasa, Fernando Albarr\u00e1n, i el professor de l&#8217;UJI i director de la C\u00e0tedra, F\u00e9lix Hern\u00e1ndez.<\/p>\n<p>Des de la C\u00e0tedra, s&#8217;ha valorat el comprom\u00eds de l&#8217;Ajuntament de\u00a0Vistabella\u00a0de\u00a0Maestrat\u00a0amb el desenvolupament sostenible, des del punt de vista mediambiental, i amb la protecci\u00f3 del seu entorn a trav\u00e9s de les seues l\u00ednies d&#8217;actuaci\u00f3 respecte al servei de recollida de Residus S\u00f2lids Urbans (RSU)\u00a0per a refor\u00e7ar els serveis p\u00fablics, amb una ampliaci\u00f3 i millora d&#8217;aquest servei.<\/p>\n<p><img loading=\"lazy\" decoding=\"async\" class=\"aligncenter size-large wp-image-15548\" src=\"https:\/\/www.reciplasa.es\/wp-content\/uploads\/2023\/03\/Premi-Gestio\u0301-de-Residus-Urbans-Vistabella_2-1024x683.jpg\" alt=\"\" width=\"800\" height=\"534\" srcset=\"https:\/\/www.reciplasa.es\/wp-content\/uploads\/2023\/03\/Premi-Gestio\u0301-de-Residus-Urbans-Vistabella_2-1024x683.jpg 1024w, https:\/\/www.reciplasa.es\/wp-content\/uploads\/2023\/03\/Premi-Gestio\u0301-de-Residus-Urbans-Vistabella_2-300x200.jpg 300w, https:\/\/www.reciplasa.es\/wp-content\/uploads\/2023\/03\/Premi-Gestio\u0301-de-Residus-Urbans-Vistabella_2-768x512.jpg 768w, https:\/\/www.reciplasa.es\/wp-content\/uploads\/2023\/03\/Premi-Gestio\u0301-de-Residus-Urbans-Vistabella_2-1536x1024.jpg 1536w, https:\/\/www.reciplasa.es\/wp-content\/uploads\/2023\/03\/Premi-Gestio\u0301-de-Residus-Urbans-Vistabella_2-2048x1365.jpg 2048w\" sizes=\"auto, (max-width: 800px) 100vw, 800px\" \/><\/p>\n<p>Amb aquesta convocat\u00f2ria, premiada amb 2.500 euros i dirigida a entitats educatives, com ara col\u00b7legis i instituts, associacions sense \u00e0nim de lucre, i ajuntaments de poblacions amb menys de 3.000 habitants, la C\u00e0tedra pret\u00e9n recon\u00e9ixer iniciatives que porten a una millora de la gesti\u00f3 dels residus urbans i una major protecci\u00f3 del medi ambient.<\/p>\n<p>Els treballs presentats en aquesta primera edici\u00f3 del premi consistien en una mem\u00f2ria del projecte que contenia un resum divulgatiu, objectius i justificaci\u00f3 de la necessitat o inter\u00e9s de l&#8217;acci\u00f3 duta a terme, descripci\u00f3 de l&#8217;activitat, impacte i accions proposades per al futur, tot aix\u00f2 acompanyat de documentaci\u00f3 gr\u00e0fica i d&#8217;un v\u00eddeo explicatiu del projecte.<\/p>\n<p>Aquesta nova acci\u00f3 de la C\u00e0tedra\u00a0Reciplasa\u00a0s&#8217;uneix a unes altres que ja es desenvolupen des de fa anys, com el concurs \u00abQue\u00a0fem\u00a0amb\u00a0el\u00a0fem\u00bb, amb el qual es pret\u00e9n fomentar la creativitat de l&#8217;estudiantat d&#8217;ensenyament no universitari i conscienciar-li sobre la import\u00e0ncia que t\u00e9 la protecci\u00f3 del medi ambient i l&#8217;adequada gesti\u00f3 dels residus, potenciant valors que ajuden a avan\u00e7ar cap a una societat millor i m\u00e9s sostenible. Aix\u00ed mateix, tamb\u00e9 s&#8217;entreguen premis a treballs de fi de grau i de m\u00e0ster sobre temes relacionats amb l&#8217;\u00e0mbit d&#8217;acci\u00f3 de la C\u00e0tedra.<\/p>\n<p><strong>SOBRE EL PROJECTE PREMIAT<\/strong><\/p>\n<p><img loading=\"lazy\" decoding=\"async\" class=\"aligncenter size-large wp-image-15549\" src=\"https:\/\/www.reciplasa.es\/wp-content\/uploads\/2023\/03\/Premi-Gestio\u0301-de-Residus-Urbans-Vistabella_3-1024x683.jpg\" alt=\"\" width=\"800\" height=\"534\" srcset=\"https:\/\/www.reciplasa.es\/wp-content\/uploads\/2023\/03\/Premi-Gestio\u0301-de-Residus-Urbans-Vistabella_3-1024x683.jpg 1024w, https:\/\/www.reciplasa.es\/wp-content\/uploads\/2023\/03\/Premi-Gestio\u0301-de-Residus-Urbans-Vistabella_3-300x200.jpg 300w, https:\/\/www.reciplasa.es\/wp-content\/uploads\/2023\/03\/Premi-Gestio\u0301-de-Residus-Urbans-Vistabella_3-768x512.jpg 768w, https:\/\/www.reciplasa.es\/wp-content\/uploads\/2023\/03\/Premi-Gestio\u0301-de-Residus-Urbans-Vistabella_3-1536x1024.jpg 1536w, https:\/\/www.reciplasa.es\/wp-content\/uploads\/2023\/03\/Premi-Gestio\u0301-de-Residus-Urbans-Vistabella_3-2048x1365.jpg 2048w\" sizes=\"auto, (max-width: 800px) 100vw, 800px\" \/><\/p>\n<p>L&#8217;adequada gesti\u00f3 dels residus, una vegada generats, \u00e9s una pe\u00e7a clau per a aconseguir els objectius de reciclatge marcats per la normativa actual. En aquest sentit, l&#8217;Ajuntament de\u00a0Vistabella, ha implantat un sistema de recollida conegut com a Porta a Porta (PaP), a causa dels problemes derivats de la recollida convencional.<\/p>\n<p>Per a aix\u00f2, es va realitzar un proc\u00e9s participatiu i es va elaborar un \u00abPla local de residus\u00bb complementat amb les idees i propostes del ve\u00efnat. Despr\u00e9s del bon acolliment que va tindre, es va posar en marxa un programa pilot d&#8217;implantaci\u00f3 de la recollida\u00a0PaP\u00a0de les fraccions vidre, paper i cart\u00f3, envasos lleugers, mat\u00e8ria org\u00e0nica i fracci\u00f3 reste.<\/p>\n<p>Aquest projecte pilot ha anat millorant i ampliant-se amb el pas del temps, de manera que des de 2020 ja s&#8217;ha completat el servei de recollida\u00a0PaP\u00a0per a tot el municipi, amb personal propi de l&#8217;Ajuntament. Es tracta d&#8217;un sistema mixt on es combina la recollida porta a porta, amb la instal\u00b7laci\u00f3 d&#8217;una \u00e0rea tancada d&#8217;aportaci\u00f3. La recollida\u00a0PaP\u00a0es realitza per part del personal municipal, entre les 8.30 hores i les 10 hores, tres dies en la setmana. Cada dia es recullen determinades fraccions seguint el calendari de recollida establit pr\u00e8viament.<\/p>\n<p>El projecte presentat tamb\u00e9 pret\u00e9n contribuir a solucionar un altre dels problemes als quals s&#8217;enfronta aquest municipi, com \u00e9s la despoblaci\u00f3 rural, i millorar aspectes que afecten la qualitat de vida, la qualitat mediambiental i de l&#8217;ecosistema; i la promoci\u00f3 i suport de xarxes d&#8217;inclusi\u00f3 social.<\/p>\n","protected":false},"excerpt":{"rendered":"<p>La C\u00e0tedra\u00a0Reciplasa\u00a0de Gesti\u00f3 de Residus Urbans de la Universitat Jaume I ha lliurat el I Premi a la \u00abIniciativa per a la millora de la gesti\u00f3 sostenible dels residus urbans\u00bb a l&#8217;Ajuntament de Vistabella del Maestrat pel projecte titulat \u00abImpuls de l\u2019economia circular a trav\u00e9s de l\u2019aprofitament dels residus s\u00f2lids urbans\u00bb. L&#8217;acte de lliurament delDale que hay m\u00e1s &#8230;<\/p>\n","protected":false},"author":3,"featured_media":15550,"comment_status":"closed","ping_status":"closed","sticky":false,"template":"","format":"standard","meta":{"footnotes":""},"categories":[88],"tags":[],"class_list":["post-15554","post","type-post","status-publish","format-standard","has-post-thumbnail","hentry","category-catedra-reciplasa-uji"],"yoast_head":"<!-- This site is optimized with the Yoast SEO plugin v27.4 - https:\/\/yoast.com\/product\/yoast-seo-wordpress\/ -->\n<title>La C\u00e0tedra Reciplasa de l&#039;UJI premia l&#039;Ajuntament de Vistabella del Maestrat per la seua gesti\u00f3 dels residus s\u00f2lids urbans - RECIPLASA<\/title>\n<meta name=\"robots\" content=\"index, follow, max-snippet:-1, max-image-preview:large, max-video-preview:-1\" \/>\n<link rel=\"canonical\" href=\"https:\/\/www.reciplasa.es\/la-catedra-reciplasa-de-la-uji-premia-al-ayuntamiento-de-vistabella-del-maestrat-por-su-gestion-de-los-residuos-solidos-urbanos\/\" \/>\n<meta property=\"og:locale\" content=\"en_US\" \/>\n<meta property=\"og:type\" content=\"article\" \/>\n<meta property=\"og:title\" content=\"La C\u00e0tedra Reciplasa de l&#039;UJI premia l&#039;Ajuntament de Vistabella del Maestrat per la seua gesti\u00f3 dels residus s\u00f2lids urbans - RECIPLASA\" \/>\n<meta property=\"og:description\" content=\"La C\u00e0tedra\u00a0Reciplasa\u00a0de Gesti\u00f3 de Residus Urbans de la Universitat Jaume I ha lliurat el I Premi a la \u00abIniciativa per a la millora de la gesti\u00f3 sostenible dels residus urbans\u00bb a l&#8217;Ajuntament de Vistabella del Maestrat pel projecte titulat \u00abImpuls de l\u2019economia circular a trav\u00e9s de l\u2019aprofitament dels residus s\u00f2lids urbans\u00bb. L&#8217;acte de lliurament delDale que hay m\u00e1s ...\" \/>\n<meta property=\"og:url\" content=\"https:\/\/www.reciplasa.es\/la-catedra-reciplasa-de-la-uji-premia-al-ayuntamiento-de-vistabella-del-maestrat-por-su-gestion-de-los-residuos-solidos-urbanos\/\" \/>\n<meta property=\"og:site_name\" content=\"RECIPLASA\" \/>\n<meta property=\"article:published_time\" content=\"2023-03-03T12:08:22+00:00\" \/>\n<meta property=\"og:image\" content=\"https:\/\/www.reciplasa.es\/wp-content\/uploads\/2023\/03\/Premi-Gestio\u0301-de-Residus-Urbans-Vistabella_8-scaled.jpg\" \/>\n\t<meta property=\"og:image:width\" content=\"2560\" \/>\n\t<meta property=\"og:image:height\" content=\"1707\" \/>\n\t<meta property=\"og:image:type\" content=\"image\/jpeg\" \/>\n<meta name=\"author\" content=\"Cristina Marco\" \/>\n<meta name=\"twitter:card\" content=\"summary_large_image\" \/>\n<meta name=\"twitter:label1\" content=\"Written by\" \/>\n\t<meta name=\"twitter:data1\" content=\"Cristina Marco\" \/>\n\t<meta name=\"twitter:label2\" content=\"Est. reading time\" \/>\n\t<meta name=\"twitter:data2\" content=\"4 minutes\" \/>\n<script type=\"application\/ld+json\" class=\"yoast-schema-graph\">{\"@context\":\"https:\\\/\\\/schema.org\",\"@graph\":[{\"@type\":\"Article\",\"@id\":\"https:\\\/\\\/www.reciplasa.es\\\/la-catedra-reciplasa-de-la-uji-premia-al-ayuntamiento-de-vistabella-del-maestrat-por-su-gestion-de-los-residuos-solidos-urbanos\\\/#article\",\"isPartOf\":{\"@id\":\"https:\\\/\\\/www.reciplasa.es\\\/la-catedra-reciplasa-de-la-uji-premia-al-ayuntamiento-de-vistabella-del-maestrat-por-su-gestion-de-los-residuos-solidos-urbanos\\\/\"},\"author\":{\"name\":\"Cristina Marco\",\"@id\":\"https:\\\/\\\/www.reciplasa.es\\\/#\\\/schema\\\/person\\\/608ffc094e3c56d49e6c6ec8f1ea0e82\"},\"headline\":\"La C\u00e0tedra Reciplasa de l&#8217;UJI premia l&#8217;Ajuntament de Vistabella del Maestrat per la seua gesti\u00f3 dels residus s\u00f2lids urbans\",\"datePublished\":\"2023-03-03T12:08:22+00:00\",\"mainEntityOfPage\":{\"@id\":\"https:\\\/\\\/www.reciplasa.es\\\/la-catedra-reciplasa-de-la-uji-premia-al-ayuntamiento-de-vistabella-del-maestrat-por-su-gestion-de-los-residuos-solidos-urbanos\\\/\"},\"wordCount\":742,\"image\":{\"@id\":\"https:\\\/\\\/www.reciplasa.es\\\/la-catedra-reciplasa-de-la-uji-premia-al-ayuntamiento-de-vistabella-del-maestrat-por-su-gestion-de-los-residuos-solidos-urbanos\\\/#primaryimage\"},\"thumbnailUrl\":\"https:\\\/\\\/www.reciplasa.es\\\/wp-content\\\/uploads\\\/2023\\\/03\\\/Premi-Gestio\u0301-de-Residus-Urbans-Vistabella_8-scaled.jpg\",\"articleSection\":[\"C\u00e0tedra Reciplasa-UJI\"],\"inLanguage\":\"va-VA\"},{\"@type\":\"WebPage\",\"@id\":\"https:\\\/\\\/www.reciplasa.es\\\/la-catedra-reciplasa-de-la-uji-premia-al-ayuntamiento-de-vistabella-del-maestrat-por-su-gestion-de-los-residuos-solidos-urbanos\\\/\",\"url\":\"https:\\\/\\\/www.reciplasa.es\\\/la-catedra-reciplasa-de-la-uji-premia-al-ayuntamiento-de-vistabella-del-maestrat-por-su-gestion-de-los-residuos-solidos-urbanos\\\/\",\"name\":\"La C\u00e0tedra Reciplasa de l'UJI premia l'Ajuntament de Vistabella del Maestrat per la seua gesti\u00f3 dels residus s\u00f2lids urbans - RECIPLASA\",\"isPartOf\":{\"@id\":\"https:\\\/\\\/www.reciplasa.es\\\/#website\"},\"primaryImageOfPage\":{\"@id\":\"https:\\\/\\\/www.reciplasa.es\\\/la-catedra-reciplasa-de-la-uji-premia-al-ayuntamiento-de-vistabella-del-maestrat-por-su-gestion-de-los-residuos-solidos-urbanos\\\/#primaryimage\"},\"image\":{\"@id\":\"https:\\\/\\\/www.reciplasa.es\\\/la-catedra-reciplasa-de-la-uji-premia-al-ayuntamiento-de-vistabella-del-maestrat-por-su-gestion-de-los-residuos-solidos-urbanos\\\/#primaryimage\"},\"thumbnailUrl\":\"https:\\\/\\\/www.reciplasa.es\\\/wp-content\\\/uploads\\\/2023\\\/03\\\/Premi-Gestio\u0301-de-Residus-Urbans-Vistabella_8-scaled.jpg\",\"datePublished\":\"2023-03-03T12:08:22+00:00\",\"author\":{\"@id\":\"https:\\\/\\\/www.reciplasa.es\\\/#\\\/schema\\\/person\\\/608ffc094e3c56d49e6c6ec8f1ea0e82\"},\"breadcrumb\":{\"@id\":\"https:\\\/\\\/www.reciplasa.es\\\/la-catedra-reciplasa-de-la-uji-premia-al-ayuntamiento-de-vistabella-del-maestrat-por-su-gestion-de-los-residuos-solidos-urbanos\\\/#breadcrumb\"},\"inLanguage\":\"va-VA\",\"potentialAction\":[{\"@type\":\"ReadAction\",\"target\":[\"https:\\\/\\\/www.reciplasa.es\\\/la-catedra-reciplasa-de-la-uji-premia-al-ayuntamiento-de-vistabella-del-maestrat-por-su-gestion-de-los-residuos-solidos-urbanos\\\/\"]}]},{\"@type\":\"ImageObject\",\"inLanguage\":\"va-VA\",\"@id\":\"https:\\\/\\\/www.reciplasa.es\\\/la-catedra-reciplasa-de-la-uji-premia-al-ayuntamiento-de-vistabella-del-maestrat-por-su-gestion-de-los-residuos-solidos-urbanos\\\/#primaryimage\",\"url\":\"https:\\\/\\\/www.reciplasa.es\\\/wp-content\\\/uploads\\\/2023\\\/03\\\/Premi-Gestio\u0301-de-Residus-Urbans-Vistabella_8-scaled.jpg\",\"contentUrl\":\"https:\\\/\\\/www.reciplasa.es\\\/wp-content\\\/uploads\\\/2023\\\/03\\\/Premi-Gestio\u0301-de-Residus-Urbans-Vistabella_8-scaled.jpg\",\"width\":2560,\"height\":1707},{\"@type\":\"BreadcrumbList\",\"@id\":\"https:\\\/\\\/www.reciplasa.es\\\/la-catedra-reciplasa-de-la-uji-premia-al-ayuntamiento-de-vistabella-del-maestrat-por-su-gestion-de-los-residuos-solidos-urbanos\\\/#breadcrumb\",\"itemListElement\":[{\"@type\":\"ListItem\",\"position\":1,\"name\":\"Portada\",\"item\":\"https:\\\/\\\/www.reciplasa.es\\\/va\\\/\"},{\"@type\":\"ListItem\",\"position\":2,\"name\":\"La C\u00e0tedra Reciplasa de l&#8217;UJI premia l&#8217;Ajuntament de Vistabella del Maestrat per la seua gesti\u00f3 dels residus s\u00f2lids urbans\"}]},{\"@type\":\"WebSite\",\"@id\":\"https:\\\/\\\/www.reciplasa.es\\\/#website\",\"url\":\"https:\\\/\\\/www.reciplasa.es\\\/\",\"name\":\"RECIPLASA\",\"description\":\"Reciclats de Residus La Plana SA\",\"potentialAction\":[{\"@type\":\"SearchAction\",\"target\":{\"@type\":\"EntryPoint\",\"urlTemplate\":\"https:\\\/\\\/www.reciplasa.es\\\/?s={search_term_string}\"},\"query-input\":{\"@type\":\"PropertyValueSpecification\",\"valueRequired\":true,\"valueName\":\"search_term_string\"}}],\"inLanguage\":\"va-VA\"},{\"@type\":\"Person\",\"@id\":\"https:\\\/\\\/www.reciplasa.es\\\/#\\\/schema\\\/person\\\/608ffc094e3c56d49e6c6ec8f1ea0e82\",\"name\":\"Cristina Marco\",\"image\":{\"@type\":\"ImageObject\",\"inLanguage\":\"va-VA\",\"@id\":\"https:\\\/\\\/secure.gravatar.com\\\/avatar\\\/6da7e00dc41d26d3c4245f3b2d70d687293df0dfc18f03719354383f7be4f34b?s=96&d=mm&r=g\",\"url\":\"https:\\\/\\\/secure.gravatar.com\\\/avatar\\\/6da7e00dc41d26d3c4245f3b2d70d687293df0dfc18f03719354383f7be4f34b?s=96&d=mm&r=g\",\"contentUrl\":\"https:\\\/\\\/secure.gravatar.com\\\/avatar\\\/6da7e00dc41d26d3c4245f3b2d70d687293df0dfc18f03719354383f7be4f34b?s=96&d=mm&r=g\",\"caption\":\"Cristina Marco\"},\"url\":\"https:\\\/\\\/www.reciplasa.es\\\/va\\\/author\\\/cristina\\\/\"}]}<\/script>\n<!-- \/ Yoast SEO plugin. -->","yoast_head_json":{"title":"La C\u00e0tedra Reciplasa de l'UJI premia l'Ajuntament de Vistabella del Maestrat per la seua gesti\u00f3 dels residus s\u00f2lids urbans - RECIPLASA","robots":{"index":"index","follow":"follow","max-snippet":"max-snippet:-1","max-image-preview":"max-image-preview:large","max-video-preview":"max-video-preview:-1"},"canonical":"https:\/\/www.reciplasa.es\/la-catedra-reciplasa-de-la-uji-premia-al-ayuntamiento-de-vistabella-del-maestrat-por-su-gestion-de-los-residuos-solidos-urbanos\/","og_locale":"en_US","og_type":"article","og_title":"La C\u00e0tedra Reciplasa de l'UJI premia l'Ajuntament de Vistabella del Maestrat per la seua gesti\u00f3 dels residus s\u00f2lids urbans - RECIPLASA","og_description":"La C\u00e0tedra\u00a0Reciplasa\u00a0de Gesti\u00f3 de Residus Urbans de la Universitat Jaume I ha lliurat el I Premi a la \u00abIniciativa per a la millora de la gesti\u00f3 sostenible dels residus urbans\u00bb a l&#8217;Ajuntament de Vistabella del Maestrat pel projecte titulat \u00abImpuls de l\u2019economia circular a trav\u00e9s de l\u2019aprofitament dels residus s\u00f2lids urbans\u00bb. L&#8217;acte de lliurament delDale que hay m\u00e1s ...","og_url":"https:\/\/www.reciplasa.es\/la-catedra-reciplasa-de-la-uji-premia-al-ayuntamiento-de-vistabella-del-maestrat-por-su-gestion-de-los-residuos-solidos-urbanos\/","og_site_name":"RECIPLASA","article_published_time":"2023-03-03T12:08:22+00:00","og_image":[{"width":2560,"height":1707,"url":"https:\/\/www.reciplasa.es\/wp-content\/uploads\/2023\/03\/Premi-Gestio\u0301-de-Residus-Urbans-Vistabella_8-scaled.jpg","type":"image\/jpeg"}],"author":"Cristina Marco","twitter_card":"summary_large_image","twitter_misc":{"Written by":"Cristina Marco","Est. reading time":"4 minutes"},"schema":{"@context":"https:\/\/schema.org","@graph":[{"@type":"Article","@id":"https:\/\/www.reciplasa.es\/la-catedra-reciplasa-de-la-uji-premia-al-ayuntamiento-de-vistabella-del-maestrat-por-su-gestion-de-los-residuos-solidos-urbanos\/#article","isPartOf":{"@id":"https:\/\/www.reciplasa.es\/la-catedra-reciplasa-de-la-uji-premia-al-ayuntamiento-de-vistabella-del-maestrat-por-su-gestion-de-los-residuos-solidos-urbanos\/"},"author":{"name":"Cristina Marco","@id":"https:\/\/www.reciplasa.es\/#\/schema\/person\/608ffc094e3c56d49e6c6ec8f1ea0e82"},"headline":"La C\u00e0tedra Reciplasa de l&#8217;UJI premia l&#8217;Ajuntament de Vistabella del Maestrat per la seua gesti\u00f3 dels residus s\u00f2lids urbans","datePublished":"2023-03-03T12:08:22+00:00","mainEntityOfPage":{"@id":"https:\/\/www.reciplasa.es\/la-catedra-reciplasa-de-la-uji-premia-al-ayuntamiento-de-vistabella-del-maestrat-por-su-gestion-de-los-residuos-solidos-urbanos\/"},"wordCount":742,"image":{"@id":"https:\/\/www.reciplasa.es\/la-catedra-reciplasa-de-la-uji-premia-al-ayuntamiento-de-vistabella-del-maestrat-por-su-gestion-de-los-residuos-solidos-urbanos\/#primaryimage"},"thumbnailUrl":"https:\/\/www.reciplasa.es\/wp-content\/uploads\/2023\/03\/Premi-Gestio\u0301-de-Residus-Urbans-Vistabella_8-scaled.jpg","articleSection":["C\u00e0tedra Reciplasa-UJI"],"inLanguage":"va-VA"},{"@type":"WebPage","@id":"https:\/\/www.reciplasa.es\/la-catedra-reciplasa-de-la-uji-premia-al-ayuntamiento-de-vistabella-del-maestrat-por-su-gestion-de-los-residuos-solidos-urbanos\/","url":"https:\/\/www.reciplasa.es\/la-catedra-reciplasa-de-la-uji-premia-al-ayuntamiento-de-vistabella-del-maestrat-por-su-gestion-de-los-residuos-solidos-urbanos\/","name":"La C\u00e0tedra Reciplasa de l'UJI premia l'Ajuntament de Vistabella del Maestrat per la seua gesti\u00f3 dels residus s\u00f2lids urbans - RECIPLASA","isPartOf":{"@id":"https:\/\/www.reciplasa.es\/#website"},"primaryImageOfPage":{"@id":"https:\/\/www.reciplasa.es\/la-catedra-reciplasa-de-la-uji-premia-al-ayuntamiento-de-vistabella-del-maestrat-por-su-gestion-de-los-residuos-solidos-urbanos\/#primaryimage"},"image":{"@id":"https:\/\/www.reciplasa.es\/la-catedra-reciplasa-de-la-uji-premia-al-ayuntamiento-de-vistabella-del-maestrat-por-su-gestion-de-los-residuos-solidos-urbanos\/#primaryimage"},"thumbnailUrl":"https:\/\/www.reciplasa.es\/wp-content\/uploads\/2023\/03\/Premi-Gestio\u0301-de-Residus-Urbans-Vistabella_8-scaled.jpg","datePublished":"2023-03-03T12:08:22+00:00","author":{"@id":"https:\/\/www.reciplasa.es\/#\/schema\/person\/608ffc094e3c56d49e6c6ec8f1ea0e82"},"breadcrumb":{"@id":"https:\/\/www.reciplasa.es\/la-catedra-reciplasa-de-la-uji-premia-al-ayuntamiento-de-vistabella-del-maestrat-por-su-gestion-de-los-residuos-solidos-urbanos\/#breadcrumb"},"inLanguage":"va-VA","potentialAction":[{"@type":"ReadAction","target":["https:\/\/www.reciplasa.es\/la-catedra-reciplasa-de-la-uji-premia-al-ayuntamiento-de-vistabella-del-maestrat-por-su-gestion-de-los-residuos-solidos-urbanos\/"]}]},{"@type":"ImageObject","inLanguage":"va-VA","@id":"https:\/\/www.reciplasa.es\/la-catedra-reciplasa-de-la-uji-premia-al-ayuntamiento-de-vistabella-del-maestrat-por-su-gestion-de-los-residuos-solidos-urbanos\/#primaryimage","url":"https:\/\/www.reciplasa.es\/wp-content\/uploads\/2023\/03\/Premi-Gestio\u0301-de-Residus-Urbans-Vistabella_8-scaled.jpg","contentUrl":"https:\/\/www.reciplasa.es\/wp-content\/uploads\/2023\/03\/Premi-Gestio\u0301-de-Residus-Urbans-Vistabella_8-scaled.jpg","width":2560,"height":1707},{"@type":"BreadcrumbList","@id":"https:\/\/www.reciplasa.es\/la-catedra-reciplasa-de-la-uji-premia-al-ayuntamiento-de-vistabella-del-maestrat-por-su-gestion-de-los-residuos-solidos-urbanos\/#breadcrumb","itemListElement":[{"@type":"ListItem","position":1,"name":"Portada","item":"https:\/\/www.reciplasa.es\/va\/"},{"@type":"ListItem","position":2,"name":"La C\u00e0tedra Reciplasa de l&#8217;UJI premia l&#8217;Ajuntament de Vistabella del Maestrat per la seua gesti\u00f3 dels residus s\u00f2lids urbans"}]},{"@type":"WebSite","@id":"https:\/\/www.reciplasa.es\/#website","url":"https:\/\/www.reciplasa.es\/","name":"RECIPLASA","description":"Reciclats de Residus La Plana SA","potentialAction":[{"@type":"SearchAction","target":{"@type":"EntryPoint","urlTemplate":"https:\/\/www.reciplasa.es\/?s={search_term_string}"},"query-input":{"@type":"PropertyValueSpecification","valueRequired":true,"valueName":"search_term_string"}}],"inLanguage":"va-VA"},{"@type":"Person","@id":"https:\/\/www.reciplasa.es\/#\/schema\/person\/608ffc094e3c56d49e6c6ec8f1ea0e82","name":"Cristina Marco","image":{"@type":"ImageObject","inLanguage":"va-VA","@id":"https:\/\/secure.gravatar.com\/avatar\/6da7e00dc41d26d3c4245f3b2d70d687293df0dfc18f03719354383f7be4f34b?s=96&d=mm&r=g","url":"https:\/\/secure.gravatar.com\/avatar\/6da7e00dc41d26d3c4245f3b2d70d687293df0dfc18f03719354383f7be4f34b?s=96&d=mm&r=g","contentUrl":"https:\/\/secure.gravatar.com\/avatar\/6da7e00dc41d26d3c4245f3b2d70d687293df0dfc18f03719354383f7be4f34b?s=96&d=mm&r=g","caption":"Cristina Marco"},"url":"https:\/\/www.reciplasa.es\/va\/author\/cristina\/"}]}},"_links":{"self":[{"href":"https:\/\/www.reciplasa.es\/va\/wp-json\/wp\/v2\/posts\/15554","targetHints":{"allow":["GET"]}}],"collection":[{"href":"https:\/\/www.reciplasa.es\/va\/wp-json\/wp\/v2\/posts"}],"about":[{"href":"https:\/\/www.reciplasa.es\/va\/wp-json\/wp\/v2\/types\/post"}],"author":[{"embeddable":true,"href":"https:\/\/www.reciplasa.es\/va\/wp-json\/wp\/v2\/users\/3"}],"replies":[{"embeddable":true,"href":"https:\/\/www.reciplasa.es\/va\/wp-json\/wp\/v2\/comments?post=15554"}],"version-history":[{"count":1,"href":"https:\/\/www.reciplasa.es\/va\/wp-json\/wp\/v2\/posts\/15554\/revisions"}],"predecessor-version":[{"id":15555,"href":"https:\/\/www.reciplasa.es\/va\/wp-json\/wp\/v2\/posts\/15554\/revisions\/15555"}],"wp:featuredmedia":[{"embeddable":true,"href":"https:\/\/www.reciplasa.es\/va\/wp-json\/wp\/v2\/media\/15550"}],"wp:attachment":[{"href":"https:\/\/www.reciplasa.es\/va\/wp-json\/wp\/v2\/media?parent=15554"}],"wp:term":[{"taxonomy":"category","embeddable":true,"href":"https:\/\/www.reciplasa.es\/va\/wp-json\/wp\/v2\/categories?post=15554"},{"taxonomy":"post_tag","embeddable":true,"href":"https:\/\/www.reciplasa.es\/va\/wp-json\/wp\/v2\/tags?post=15554"}],"curies":[{"name":"wp","href":"https:\/\/api.w.org\/{rel}","templated":true}]}}