{"id":15588,"date":"2023-03-27T08:12:21","date_gmt":"2023-03-27T08:12:21","guid":{"rendered":"https:\/\/www.reciplasa.es\/?p=15588\/"},"modified":"2023-05-31T11:12:03","modified_gmt":"2023-05-31T11:12:03","slug":"reciplasa-presenta-tres-projectes-a-la-subvencio-de-conselleria-de-18-milions-deuros-per-a-millorar-les-seues-instal%c2%b7lacions","status":"publish","type":"post","link":"https:\/\/www.reciplasa.es\/va\/reciplasa-presenta-tres-projectes-a-la-subvencio-de-conselleria-de-18-milions-deuros-per-a-millorar-les-seues-instal%c2%b7lacions\/","title":{"rendered":"Reciplasa presenta tres projectes a la subvenci\u00f3 de Conselleria de 1,8 milions d&#8217;euros per a millorar les seues instal\u00b7lacions"},"content":{"rendered":"<h5><em><span style=\"font-weight: 400;\">La principal actuaci\u00f3 \u00e9s la implantaci\u00f3 de nous equips separadors en la planta de tractament mec\u00e0nic que permeten recuperar m\u00e9s residus<\/span><\/em><\/h5>\n<p>Els residus que deixem di\u00e0riament en el contenidor de resta en la zona centre de la prov\u00edncia de Castell\u00f3 arriben a la planta de tractament de Reciplasa. La instal\u00b7laci\u00f3 compta ja amb m\u00e9s de 20 anys i l&#8217;entitat p\u00fablica est\u00e0 en ple proc\u00e9s de modernitzaci\u00f3. Recentment, la Generalitat Valenciana ha atorgat a Reciplasa una ajuda de quasi 1,8 milions d&#8217;euros per als quals Reciplasa ja ha presentat tres projectes: la implantaci\u00f3 de separadors bal\u00edstics i \u00f2ptics, que ja s&#8217;ha executat, i altres magn\u00e8tics i d&#8217;inducci\u00f3. Ignasi Garcia, president de Reciplasa, explica que \u201ces tracta d&#8217;anar adaptant a poc a poc la planta als temps actuals i dotar-la de les tecnologies m\u00e9s capdavanteres per a la separaci\u00f3 del fem i el seu aprofitament. L&#8217;objectiu \u00e9s arribar als objectius que ens marca la Uni\u00f3 Europea i minimitzar la quantitat de rebuig que arriba a l&#8217;abocador, fomentant l&#8217;economia circular\u201d.<\/p>\n<p>La modificaci\u00f3 proposada contempla la instal\u00b7laci\u00f3 de tres separadors \u00f2ptics, un magn\u00e8tic i un d&#8217;inducci\u00f3 per a la separaci\u00f3 d&#8217;envasos i que t\u00e9 un termini per a la posada en marxa de 19 mesos. Aquests separadors compten amb un proc\u00e9s m\u00e9s espec\u00edfic de detecci\u00f3 dels diferents materials PEAD, CBA, PP, PET, metalls f\u00e8rrics i metalls no f\u00e8rrics. Cal recordar que els envasos no haurien d&#8217;arribar a la planta ja que van al contenidor groc, per\u00f2 que encara aix\u00ed, continuen sent presents en la fracci\u00f3 resta, aquella que no pot deixar-se en cap altre contenidor de reciclatge o punt net. \u201cLa difer\u00e8ncia entre la separaci\u00f3 en origen i la separaci\u00f3 en la planta \u00e9s l&#8217;\u00fas que se li pot donar posteriorment als materials, ja que si arriben barrejats amb altres residus, els seus usos s\u00f3n molt m\u00e9s redu\u00efts que si es depositen en un contenidor al costat d&#8217;altres envasos\u201d, comenta Garcia.<\/p>\n<p><img loading=\"lazy\" decoding=\"async\" class=\"aligncenter size-large wp-image-14819\" src=\"https:\/\/www.reciplasa.es\/wp-content\/uploads\/2021\/05\/Planta-Reciplasa-1024x684.jpg\" alt=\"\" width=\"800\" height=\"534\" srcset=\"https:\/\/www.reciplasa.es\/wp-content\/uploads\/2021\/05\/Planta-Reciplasa-1024x684.jpg 1024w, https:\/\/www.reciplasa.es\/wp-content\/uploads\/2021\/05\/Planta-Reciplasa-300x200.jpg 300w, https:\/\/www.reciplasa.es\/wp-content\/uploads\/2021\/05\/Planta-Reciplasa-768x513.jpg 768w, https:\/\/www.reciplasa.es\/wp-content\/uploads\/2021\/05\/Planta-Reciplasa-1536x1025.jpg 1536w, https:\/\/www.reciplasa.es\/wp-content\/uploads\/2021\/05\/Planta-Reciplasa-2048x1367.jpg 2048w\" sizes=\"auto, (max-width: 800px) 100vw, 800px\" \/><\/p>\n<p>L&#8217;execuci\u00f3 d&#8217;aquests projectes permetr\u00e0 recuperar m\u00e9s materials per a la seua posterior reutilitzaci\u00f3, la qual cosa suposar\u00e0 reduir un 5% la quantitat de residus municipals que arriben a l&#8217;abocador. Una actuaci\u00f3 que beneficiar\u00e0 a 372.997 persones a les quals presta servei Reciplasa. Ignasi Garcia, manifesta que \u201c\u00e9s una aposta per l&#8217;economia circular, perqu\u00e8 els residus que tirem continuen tenint un valor i amb els quals es poden crear nous productes\u201d. A m\u00e9s assenyala que \u201cen ser una de les primeres plantes que es van construir a Espanya, es fa necessari comptar amb les millores que ha portat la tecnologia al tractament dels residus\u201d.<\/p>\n<p>L&#8217;ajuda de 1,8 milions d&#8217;euros de la Generalitat Valenciana, \u00e9s la primera en els \u00faltims 15 anys que l&#8217;ens auton\u00f2mic concedeix a Reciplasa, dins del conveni finan\u00e7at pel Pla de Recuperaci\u00f3, Transformaci\u00f3 i Resili\u00e8ncia. El president afirma que \u201caquesta ajuda no ser\u00e0 l&#8217;\u00faltima. El consell d&#8217;administraci\u00f3 t\u00e9 pressupostat el proc\u00e9s de millora de la planta en 40 milions d&#8217;euros i esperem la col\u00b7laboraci\u00f3 de les diferents institucions perqu\u00e8 el tractament de residus \u00e9s una q\u00fcesti\u00f3 molt important que no podem abordar solament des de l&#8217;administraci\u00f3 local\u201d.<\/p>\n<p><img loading=\"lazy\" decoding=\"async\" class=\"aligncenter size-large wp-image-15600\" src=\"https:\/\/www.reciplasa.es\/wp-content\/uploads\/2023\/03\/image001-1024x87.png\" alt=\"\" width=\"800\" height=\"68\" srcset=\"https:\/\/www.reciplasa.es\/wp-content\/uploads\/2023\/03\/image001-1024x87.png 1024w, https:\/\/www.reciplasa.es\/wp-content\/uploads\/2023\/03\/image001-300x26.png 300w, https:\/\/www.reciplasa.es\/wp-content\/uploads\/2023\/03\/image001-768x66.png 768w, https:\/\/www.reciplasa.es\/wp-content\/uploads\/2023\/03\/image001-1536x131.png 1536w, https:\/\/www.reciplasa.es\/wp-content\/uploads\/2023\/03\/image001.png 1910w\" sizes=\"auto, (max-width: 800px) 100vw, 800px\" \/><\/p>\n","protected":false},"excerpt":{"rendered":"<p>La principal actuaci\u00f3 \u00e9s la implantaci\u00f3 de nous equips separadors en la planta de tractament mec\u00e0nic que permeten recuperar m\u00e9s residus Els residus que deixem di\u00e0riament en el contenidor de resta en la zona centre de la prov\u00edncia de Castell\u00f3 arriben a la planta de tractament de Reciplasa. La instal\u00b7laci\u00f3 compta ja amb m\u00e9s deDale que hay m\u00e1s &#8230;<\/p>\n","protected":false},"author":3,"featured_media":15583,"comment_status":"closed","ping_status":"closed","sticky":false,"template":"","format":"standard","meta":{"footnotes":""},"categories":[87],"tags":[],"class_list":["post-15588","post","type-post","status-publish","format-standard","has-post-thumbnail","hentry","category-noticies-corporatives"],"yoast_head":"<!-- This site is optimized with the Yoast SEO plugin v27.4 - https:\/\/yoast.com\/product\/yoast-seo-wordpress\/ -->\n<title>Reciplasa presenta tres projectes a la subvenci\u00f3 de Conselleria de 1,8 milions d&#039;euros per a millorar les seues instal\u00b7lacions - RECIPLASA<\/title>\n<meta name=\"robots\" content=\"index, follow, max-snippet:-1, max-image-preview:large, max-video-preview:-1\" \/>\n<link rel=\"canonical\" href=\"https:\/\/www.reciplasa.es\/reciplasa-presenta-tres-proyectos-a-la-subvencion-de-conselleria-de-18-millones-de-euros-para-mejorar-sus-instalaciones\/\" \/>\n<meta property=\"og:locale\" content=\"en_US\" \/>\n<meta property=\"og:type\" content=\"article\" \/>\n<meta property=\"og:title\" content=\"Reciplasa presenta tres projectes a la subvenci\u00f3 de Conselleria de 1,8 milions d&#039;euros per a millorar les seues instal\u00b7lacions - RECIPLASA\" \/>\n<meta property=\"og:description\" content=\"La principal actuaci\u00f3 \u00e9s la implantaci\u00f3 de nous equips separadors en la planta de tractament mec\u00e0nic que permeten recuperar m\u00e9s residus Els residus que deixem di\u00e0riament en el contenidor de resta en la zona centre de la prov\u00edncia de Castell\u00f3 arriben a la planta de tractament de Reciplasa. La instal\u00b7laci\u00f3 compta ja amb m\u00e9s deDale que hay m\u00e1s ...\" \/>\n<meta property=\"og:url\" content=\"https:\/\/www.reciplasa.es\/reciplasa-presenta-tres-proyectos-a-la-subvencion-de-conselleria-de-18-millones-de-euros-para-mejorar-sus-instalaciones\/\" \/>\n<meta property=\"og:site_name\" content=\"RECIPLASA\" \/>\n<meta property=\"article:published_time\" content=\"2023-03-27T08:12:21+00:00\" \/>\n<meta property=\"article:modified_time\" content=\"2023-05-31T11:12:03+00:00\" \/>\n<meta property=\"og:image\" content=\"https:\/\/www.reciplasa.es\/wp-content\/uploads\/2023\/03\/Nuevos-separadores-1-scaled.jpg\" \/>\n\t<meta property=\"og:image:width\" content=\"2560\" \/>\n\t<meta property=\"og:image:height\" content=\"1707\" \/>\n\t<meta property=\"og:image:type\" content=\"image\/jpeg\" \/>\n<meta name=\"author\" content=\"Cristina Marco\" \/>\n<meta name=\"twitter:card\" content=\"summary_large_image\" \/>\n<meta name=\"twitter:label1\" content=\"Written by\" \/>\n\t<meta name=\"twitter:data1\" content=\"Cristina Marco\" \/>\n\t<meta name=\"twitter:label2\" content=\"Est. reading time\" \/>\n\t<meta name=\"twitter:data2\" content=\"3 minutes\" \/>\n<script type=\"application\/ld+json\" class=\"yoast-schema-graph\">{\"@context\":\"https:\\\/\\\/schema.org\",\"@graph\":[{\"@type\":\"Article\",\"@id\":\"https:\\\/\\\/www.reciplasa.es\\\/reciplasa-presenta-tres-proyectos-a-la-subvencion-de-conselleria-de-18-millones-de-euros-para-mejorar-sus-instalaciones\\\/#article\",\"isPartOf\":{\"@id\":\"https:\\\/\\\/www.reciplasa.es\\\/reciplasa-presenta-tres-proyectos-a-la-subvencion-de-conselleria-de-18-millones-de-euros-para-mejorar-sus-instalaciones\\\/\"},\"author\":{\"name\":\"Cristina Marco\",\"@id\":\"https:\\\/\\\/www.reciplasa.es\\\/#\\\/schema\\\/person\\\/608ffc094e3c56d49e6c6ec8f1ea0e82\"},\"headline\":\"Reciplasa presenta tres projectes a la subvenci\u00f3 de Conselleria de 1,8 milions d&#8217;euros per a millorar les seues instal\u00b7lacions\",\"datePublished\":\"2023-03-27T08:12:21+00:00\",\"dateModified\":\"2023-05-31T11:12:03+00:00\",\"mainEntityOfPage\":{\"@id\":\"https:\\\/\\\/www.reciplasa.es\\\/reciplasa-presenta-tres-proyectos-a-la-subvencion-de-conselleria-de-18-millones-de-euros-para-mejorar-sus-instalaciones\\\/\"},\"wordCount\":572,\"image\":{\"@id\":\"https:\\\/\\\/www.reciplasa.es\\\/reciplasa-presenta-tres-proyectos-a-la-subvencion-de-conselleria-de-18-millones-de-euros-para-mejorar-sus-instalaciones\\\/#primaryimage\"},\"thumbnailUrl\":\"https:\\\/\\\/www.reciplasa.es\\\/wp-content\\\/uploads\\\/2023\\\/03\\\/Nuevos-separadores-1-scaled.jpg\",\"articleSection\":[\"Not\u00edcies corporatives\"],\"inLanguage\":\"va-VA\"},{\"@type\":\"WebPage\",\"@id\":\"https:\\\/\\\/www.reciplasa.es\\\/reciplasa-presenta-tres-proyectos-a-la-subvencion-de-conselleria-de-18-millones-de-euros-para-mejorar-sus-instalaciones\\\/\",\"url\":\"https:\\\/\\\/www.reciplasa.es\\\/reciplasa-presenta-tres-proyectos-a-la-subvencion-de-conselleria-de-18-millones-de-euros-para-mejorar-sus-instalaciones\\\/\",\"name\":\"Reciplasa presenta tres projectes a la subvenci\u00f3 de Conselleria de 1,8 milions d'euros per a millorar les seues instal\u00b7lacions - RECIPLASA\",\"isPartOf\":{\"@id\":\"https:\\\/\\\/www.reciplasa.es\\\/#website\"},\"primaryImageOfPage\":{\"@id\":\"https:\\\/\\\/www.reciplasa.es\\\/reciplasa-presenta-tres-proyectos-a-la-subvencion-de-conselleria-de-18-millones-de-euros-para-mejorar-sus-instalaciones\\\/#primaryimage\"},\"image\":{\"@id\":\"https:\\\/\\\/www.reciplasa.es\\\/reciplasa-presenta-tres-proyectos-a-la-subvencion-de-conselleria-de-18-millones-de-euros-para-mejorar-sus-instalaciones\\\/#primaryimage\"},\"thumbnailUrl\":\"https:\\\/\\\/www.reciplasa.es\\\/wp-content\\\/uploads\\\/2023\\\/03\\\/Nuevos-separadores-1-scaled.jpg\",\"datePublished\":\"2023-03-27T08:12:21+00:00\",\"dateModified\":\"2023-05-31T11:12:03+00:00\",\"author\":{\"@id\":\"https:\\\/\\\/www.reciplasa.es\\\/#\\\/schema\\\/person\\\/608ffc094e3c56d49e6c6ec8f1ea0e82\"},\"breadcrumb\":{\"@id\":\"https:\\\/\\\/www.reciplasa.es\\\/reciplasa-presenta-tres-proyectos-a-la-subvencion-de-conselleria-de-18-millones-de-euros-para-mejorar-sus-instalaciones\\\/#breadcrumb\"},\"inLanguage\":\"va-VA\",\"potentialAction\":[{\"@type\":\"ReadAction\",\"target\":[\"https:\\\/\\\/www.reciplasa.es\\\/reciplasa-presenta-tres-proyectos-a-la-subvencion-de-conselleria-de-18-millones-de-euros-para-mejorar-sus-instalaciones\\\/\"]}]},{\"@type\":\"ImageObject\",\"inLanguage\":\"va-VA\",\"@id\":\"https:\\\/\\\/www.reciplasa.es\\\/reciplasa-presenta-tres-proyectos-a-la-subvencion-de-conselleria-de-18-millones-de-euros-para-mejorar-sus-instalaciones\\\/#primaryimage\",\"url\":\"https:\\\/\\\/www.reciplasa.es\\\/wp-content\\\/uploads\\\/2023\\\/03\\\/Nuevos-separadores-1-scaled.jpg\",\"contentUrl\":\"https:\\\/\\\/www.reciplasa.es\\\/wp-content\\\/uploads\\\/2023\\\/03\\\/Nuevos-separadores-1-scaled.jpg\",\"width\":2560,\"height\":1707},{\"@type\":\"BreadcrumbList\",\"@id\":\"https:\\\/\\\/www.reciplasa.es\\\/reciplasa-presenta-tres-proyectos-a-la-subvencion-de-conselleria-de-18-millones-de-euros-para-mejorar-sus-instalaciones\\\/#breadcrumb\",\"itemListElement\":[{\"@type\":\"ListItem\",\"position\":1,\"name\":\"Portada\",\"item\":\"https:\\\/\\\/www.reciplasa.es\\\/va\\\/\"},{\"@type\":\"ListItem\",\"position\":2,\"name\":\"Reciplasa presenta tres projectes a la subvenci\u00f3 de Conselleria de 1,8 milions d&#8217;euros per a millorar les seues instal\u00b7lacions\"}]},{\"@type\":\"WebSite\",\"@id\":\"https:\\\/\\\/www.reciplasa.es\\\/#website\",\"url\":\"https:\\\/\\\/www.reciplasa.es\\\/\",\"name\":\"RECIPLASA\",\"description\":\"Reciclats de Residus La Plana SA\",\"potentialAction\":[{\"@type\":\"SearchAction\",\"target\":{\"@type\":\"EntryPoint\",\"urlTemplate\":\"https:\\\/\\\/www.reciplasa.es\\\/?s={search_term_string}\"},\"query-input\":{\"@type\":\"PropertyValueSpecification\",\"valueRequired\":true,\"valueName\":\"search_term_string\"}}],\"inLanguage\":\"va-VA\"},{\"@type\":\"Person\",\"@id\":\"https:\\\/\\\/www.reciplasa.es\\\/#\\\/schema\\\/person\\\/608ffc094e3c56d49e6c6ec8f1ea0e82\",\"name\":\"Cristina Marco\",\"image\":{\"@type\":\"ImageObject\",\"inLanguage\":\"va-VA\",\"@id\":\"https:\\\/\\\/secure.gravatar.com\\\/avatar\\\/6da7e00dc41d26d3c4245f3b2d70d687293df0dfc18f03719354383f7be4f34b?s=96&d=mm&r=g\",\"url\":\"https:\\\/\\\/secure.gravatar.com\\\/avatar\\\/6da7e00dc41d26d3c4245f3b2d70d687293df0dfc18f03719354383f7be4f34b?s=96&d=mm&r=g\",\"contentUrl\":\"https:\\\/\\\/secure.gravatar.com\\\/avatar\\\/6da7e00dc41d26d3c4245f3b2d70d687293df0dfc18f03719354383f7be4f34b?s=96&d=mm&r=g\",\"caption\":\"Cristina Marco\"},\"url\":\"https:\\\/\\\/www.reciplasa.es\\\/va\\\/author\\\/cristina\\\/\"}]}<\/script>\n<!-- \/ Yoast SEO plugin. -->","yoast_head_json":{"title":"Reciplasa presenta tres projectes a la subvenci\u00f3 de Conselleria de 1,8 milions d'euros per a millorar les seues instal\u00b7lacions - RECIPLASA","robots":{"index":"index","follow":"follow","max-snippet":"max-snippet:-1","max-image-preview":"max-image-preview:large","max-video-preview":"max-video-preview:-1"},"canonical":"https:\/\/www.reciplasa.es\/reciplasa-presenta-tres-proyectos-a-la-subvencion-de-conselleria-de-18-millones-de-euros-para-mejorar-sus-instalaciones\/","og_locale":"en_US","og_type":"article","og_title":"Reciplasa presenta tres projectes a la subvenci\u00f3 de Conselleria de 1,8 milions d'euros per a millorar les seues instal\u00b7lacions - RECIPLASA","og_description":"La principal actuaci\u00f3 \u00e9s la implantaci\u00f3 de nous equips separadors en la planta de tractament mec\u00e0nic que permeten recuperar m\u00e9s residus Els residus que deixem di\u00e0riament en el contenidor de resta en la zona centre de la prov\u00edncia de Castell\u00f3 arriben a la planta de tractament de Reciplasa. La instal\u00b7laci\u00f3 compta ja amb m\u00e9s deDale que hay m\u00e1s ...","og_url":"https:\/\/www.reciplasa.es\/reciplasa-presenta-tres-proyectos-a-la-subvencion-de-conselleria-de-18-millones-de-euros-para-mejorar-sus-instalaciones\/","og_site_name":"RECIPLASA","article_published_time":"2023-03-27T08:12:21+00:00","article_modified_time":"2023-05-31T11:12:03+00:00","og_image":[{"width":2560,"height":1707,"url":"https:\/\/www.reciplasa.es\/wp-content\/uploads\/2023\/03\/Nuevos-separadores-1-scaled.jpg","type":"image\/jpeg"}],"author":"Cristina Marco","twitter_card":"summary_large_image","twitter_misc":{"Written by":"Cristina Marco","Est. reading time":"3 minutes"},"schema":{"@context":"https:\/\/schema.org","@graph":[{"@type":"Article","@id":"https:\/\/www.reciplasa.es\/reciplasa-presenta-tres-proyectos-a-la-subvencion-de-conselleria-de-18-millones-de-euros-para-mejorar-sus-instalaciones\/#article","isPartOf":{"@id":"https:\/\/www.reciplasa.es\/reciplasa-presenta-tres-proyectos-a-la-subvencion-de-conselleria-de-18-millones-de-euros-para-mejorar-sus-instalaciones\/"},"author":{"name":"Cristina Marco","@id":"https:\/\/www.reciplasa.es\/#\/schema\/person\/608ffc094e3c56d49e6c6ec8f1ea0e82"},"headline":"Reciplasa presenta tres projectes a la subvenci\u00f3 de Conselleria de 1,8 milions d&#8217;euros per a millorar les seues instal\u00b7lacions","datePublished":"2023-03-27T08:12:21+00:00","dateModified":"2023-05-31T11:12:03+00:00","mainEntityOfPage":{"@id":"https:\/\/www.reciplasa.es\/reciplasa-presenta-tres-proyectos-a-la-subvencion-de-conselleria-de-18-millones-de-euros-para-mejorar-sus-instalaciones\/"},"wordCount":572,"image":{"@id":"https:\/\/www.reciplasa.es\/reciplasa-presenta-tres-proyectos-a-la-subvencion-de-conselleria-de-18-millones-de-euros-para-mejorar-sus-instalaciones\/#primaryimage"},"thumbnailUrl":"https:\/\/www.reciplasa.es\/wp-content\/uploads\/2023\/03\/Nuevos-separadores-1-scaled.jpg","articleSection":["Not\u00edcies corporatives"],"inLanguage":"va-VA"},{"@type":"WebPage","@id":"https:\/\/www.reciplasa.es\/reciplasa-presenta-tres-proyectos-a-la-subvencion-de-conselleria-de-18-millones-de-euros-para-mejorar-sus-instalaciones\/","url":"https:\/\/www.reciplasa.es\/reciplasa-presenta-tres-proyectos-a-la-subvencion-de-conselleria-de-18-millones-de-euros-para-mejorar-sus-instalaciones\/","name":"Reciplasa presenta tres projectes a la subvenci\u00f3 de Conselleria de 1,8 milions d'euros per a millorar les seues instal\u00b7lacions - RECIPLASA","isPartOf":{"@id":"https:\/\/www.reciplasa.es\/#website"},"primaryImageOfPage":{"@id":"https:\/\/www.reciplasa.es\/reciplasa-presenta-tres-proyectos-a-la-subvencion-de-conselleria-de-18-millones-de-euros-para-mejorar-sus-instalaciones\/#primaryimage"},"image":{"@id":"https:\/\/www.reciplasa.es\/reciplasa-presenta-tres-proyectos-a-la-subvencion-de-conselleria-de-18-millones-de-euros-para-mejorar-sus-instalaciones\/#primaryimage"},"thumbnailUrl":"https:\/\/www.reciplasa.es\/wp-content\/uploads\/2023\/03\/Nuevos-separadores-1-scaled.jpg","datePublished":"2023-03-27T08:12:21+00:00","dateModified":"2023-05-31T11:12:03+00:00","author":{"@id":"https:\/\/www.reciplasa.es\/#\/schema\/person\/608ffc094e3c56d49e6c6ec8f1ea0e82"},"breadcrumb":{"@id":"https:\/\/www.reciplasa.es\/reciplasa-presenta-tres-proyectos-a-la-subvencion-de-conselleria-de-18-millones-de-euros-para-mejorar-sus-instalaciones\/#breadcrumb"},"inLanguage":"va-VA","potentialAction":[{"@type":"ReadAction","target":["https:\/\/www.reciplasa.es\/reciplasa-presenta-tres-proyectos-a-la-subvencion-de-conselleria-de-18-millones-de-euros-para-mejorar-sus-instalaciones\/"]}]},{"@type":"ImageObject","inLanguage":"va-VA","@id":"https:\/\/www.reciplasa.es\/reciplasa-presenta-tres-proyectos-a-la-subvencion-de-conselleria-de-18-millones-de-euros-para-mejorar-sus-instalaciones\/#primaryimage","url":"https:\/\/www.reciplasa.es\/wp-content\/uploads\/2023\/03\/Nuevos-separadores-1-scaled.jpg","contentUrl":"https:\/\/www.reciplasa.es\/wp-content\/uploads\/2023\/03\/Nuevos-separadores-1-scaled.jpg","width":2560,"height":1707},{"@type":"BreadcrumbList","@id":"https:\/\/www.reciplasa.es\/reciplasa-presenta-tres-proyectos-a-la-subvencion-de-conselleria-de-18-millones-de-euros-para-mejorar-sus-instalaciones\/#breadcrumb","itemListElement":[{"@type":"ListItem","position":1,"name":"Portada","item":"https:\/\/www.reciplasa.es\/va\/"},{"@type":"ListItem","position":2,"name":"Reciplasa presenta tres projectes a la subvenci\u00f3 de Conselleria de 1,8 milions d&#8217;euros per a millorar les seues instal\u00b7lacions"}]},{"@type":"WebSite","@id":"https:\/\/www.reciplasa.es\/#website","url":"https:\/\/www.reciplasa.es\/","name":"RECIPLASA","description":"Reciclats de Residus La Plana SA","potentialAction":[{"@type":"SearchAction","target":{"@type":"EntryPoint","urlTemplate":"https:\/\/www.reciplasa.es\/?s={search_term_string}"},"query-input":{"@type":"PropertyValueSpecification","valueRequired":true,"valueName":"search_term_string"}}],"inLanguage":"va-VA"},{"@type":"Person","@id":"https:\/\/www.reciplasa.es\/#\/schema\/person\/608ffc094e3c56d49e6c6ec8f1ea0e82","name":"Cristina Marco","image":{"@type":"ImageObject","inLanguage":"va-VA","@id":"https:\/\/secure.gravatar.com\/avatar\/6da7e00dc41d26d3c4245f3b2d70d687293df0dfc18f03719354383f7be4f34b?s=96&d=mm&r=g","url":"https:\/\/secure.gravatar.com\/avatar\/6da7e00dc41d26d3c4245f3b2d70d687293df0dfc18f03719354383f7be4f34b?s=96&d=mm&r=g","contentUrl":"https:\/\/secure.gravatar.com\/avatar\/6da7e00dc41d26d3c4245f3b2d70d687293df0dfc18f03719354383f7be4f34b?s=96&d=mm&r=g","caption":"Cristina Marco"},"url":"https:\/\/www.reciplasa.es\/va\/author\/cristina\/"}]}},"_links":{"self":[{"href":"https:\/\/www.reciplasa.es\/va\/wp-json\/wp\/v2\/posts\/15588","targetHints":{"allow":["GET"]}}],"collection":[{"href":"https:\/\/www.reciplasa.es\/va\/wp-json\/wp\/v2\/posts"}],"about":[{"href":"https:\/\/www.reciplasa.es\/va\/wp-json\/wp\/v2\/types\/post"}],"author":[{"embeddable":true,"href":"https:\/\/www.reciplasa.es\/va\/wp-json\/wp\/v2\/users\/3"}],"replies":[{"embeddable":true,"href":"https:\/\/www.reciplasa.es\/va\/wp-json\/wp\/v2\/comments?post=15588"}],"version-history":[{"count":3,"href":"https:\/\/www.reciplasa.es\/va\/wp-json\/wp\/v2\/posts\/15588\/revisions"}],"predecessor-version":[{"id":15604,"href":"https:\/\/www.reciplasa.es\/va\/wp-json\/wp\/v2\/posts\/15588\/revisions\/15604"}],"wp:featuredmedia":[{"embeddable":true,"href":"https:\/\/www.reciplasa.es\/va\/wp-json\/wp\/v2\/media\/15583"}],"wp:attachment":[{"href":"https:\/\/www.reciplasa.es\/va\/wp-json\/wp\/v2\/media?parent=15588"}],"wp:term":[{"taxonomy":"category","embeddable":true,"href":"https:\/\/www.reciplasa.es\/va\/wp-json\/wp\/v2\/categories?post=15588"},{"taxonomy":"post_tag","embeddable":true,"href":"https:\/\/www.reciplasa.es\/va\/wp-json\/wp\/v2\/tags?post=15588"}],"curies":[{"name":"wp","href":"https:\/\/api.w.org\/{rel}","templated":true}]}}