{"id":15598,"date":"2023-03-29T08:17:46","date_gmt":"2023-03-29T08:17:46","guid":{"rendered":"https:\/\/www.reciplasa.es\/?p=15598\/"},"modified":"2023-03-29T08:18:05","modified_gmt":"2023-03-29T08:18:05","slug":"reciplasa-informa-sobre-la-seua-activitat-als-grups-municipals-de-les-huit-ciutats-que-conformen-el-consell-dadministracio","status":"publish","type":"post","link":"https:\/\/www.reciplasa.es\/va\/reciplasa-informa-sobre-la-seua-activitat-als-grups-municipals-de-les-huit-ciutats-que-conformen-el-consell-dadministracio\/","title":{"rendered":"Reciplasa informa sobre la seua activitat als grups municipals de les huit ciutats que conformen el consell d&#8217;administraci\u00f3"},"content":{"rendered":"<h5><em><span style=\"font-weight: 400;\"> L&#8217;ens p\u00fablic els ha traslladat les dades de residus que genera la zona i les novetats com el nou impost estatal d&#8217;eliminaci\u00f3 d&#8217;abocador<br \/>\n<\/span><\/em><\/h5>\n<p class=\"p1\">Reciplasa ha informat sobre la seua activitat als grups municipals de les huit ciutats que conformen el consell d&#8217;administraci\u00f3 (Almassora, Benic\u00e0ssim, Betx\u00ed, Borriana, Castell\u00f3, l\u2019Alcora, Onda i Vila-real). L&#8217;ens p\u00fablic ha convocat una reuni\u00f3 a la Casa dels Mundina de Vila-real per a traslladar-los les dades de residus que genera la zona, novetats com l&#8217;impost estatal d&#8217;eliminaci\u00f3 d&#8217;abocador, entre altres. El president de Reciplasa, Ignasi Garcia, argumenta que \u201cse sol descon\u00e8ixer qu\u00e8 succeeix amb els nostres residus i a qu\u00e8 es destinen els nostres impostos, per aix\u00f2, convoquem regularment estes reunions perqu\u00e8 tots els grups municipals amb representaci\u00f3 als Ajuntaments del consell estiguen al corrent i s\u00e0piguen com es gestionen els residus\u201d.<\/p>\n<p><img loading=\"lazy\" decoding=\"async\" class=\"aligncenter size-large wp-image-15593\" src=\"https:\/\/www.reciplasa.es\/wp-content\/uploads\/2023\/03\/Reunio\u0301-grups-municipals-marc\u0327-2023_11-1024x683.jpg\" alt=\"\" width=\"800\" height=\"534\" srcset=\"https:\/\/www.reciplasa.es\/wp-content\/uploads\/2023\/03\/Reunio\u0301-grups-municipals-marc\u0327-2023_11-1024x683.jpg 1024w, https:\/\/www.reciplasa.es\/wp-content\/uploads\/2023\/03\/Reunio\u0301-grups-municipals-marc\u0327-2023_11-300x200.jpg 300w, https:\/\/www.reciplasa.es\/wp-content\/uploads\/2023\/03\/Reunio\u0301-grups-municipals-marc\u0327-2023_11-768x512.jpg 768w, https:\/\/www.reciplasa.es\/wp-content\/uploads\/2023\/03\/Reunio\u0301-grups-municipals-marc\u0327-2023_11-1536x1024.jpg 1536w, https:\/\/www.reciplasa.es\/wp-content\/uploads\/2023\/03\/Reunio\u0301-grups-municipals-marc\u0327-2023_11-2048x1365.jpg 2048w\" sizes=\"auto, (max-width: 800px) 100vw, 800px\" \/><\/p>\n<p class=\"p1\">Garcia va explicar la hist\u00f2ria de Reciplasa, les instal\u00b7lacions existents i el nou servei d\u2019ecoparc m\u00f2bil que est\u00e0 recorrent els diferents pobles del Consorci C2, excepte la ciutat de Castell\u00f3 que ja tenia este servei. \u201cDes de Reciplasa sempre hem apostat per la transpar\u00e8ncia en la gesti\u00f3 i per aix\u00f2 volem que els regidors, ja siguen de govern o oposici\u00f3, tinguen la informaci\u00f3 de primera m\u00e0 i puguen con\u00e8ixer l\u2019activitat i la gesti\u00f3 dels residus que portem a terme a Reciplasa, ja que l\u2019esperit d\u2019esta empresa p\u00fablica \u00e9s deixar de banda el debat pol\u00edtic, com demostra el consell d\u2019administraci\u00f3 on hi ha distintes sensibilitats representades i els acords se prenen per unanimitat\u201d, comenta el president de Reciplasa.<\/p>\n<p><img loading=\"lazy\" decoding=\"async\" class=\"aligncenter wp-image-15596 size-large\" src=\"https:\/\/www.reciplasa.es\/wp-content\/uploads\/2023\/03\/Reunio\u0301-grups-municipals-marc\u0327-2023_7-1024x683.jpg\" alt=\"\" width=\"800\" height=\"534\" srcset=\"https:\/\/www.reciplasa.es\/wp-content\/uploads\/2023\/03\/Reunio\u0301-grups-municipals-marc\u0327-2023_7-1024x683.jpg 1024w, https:\/\/www.reciplasa.es\/wp-content\/uploads\/2023\/03\/Reunio\u0301-grups-municipals-marc\u0327-2023_7-300x200.jpg 300w, https:\/\/www.reciplasa.es\/wp-content\/uploads\/2023\/03\/Reunio\u0301-grups-municipals-marc\u0327-2023_7-768x512.jpg 768w, https:\/\/www.reciplasa.es\/wp-content\/uploads\/2023\/03\/Reunio\u0301-grups-municipals-marc\u0327-2023_7-1536x1024.jpg 1536w, https:\/\/www.reciplasa.es\/wp-content\/uploads\/2023\/03\/Reunio\u0301-grups-municipals-marc\u0327-2023_7-2048x1365.jpg 2048w\" sizes=\"auto, (max-width: 800px) 100vw, 800px\" \/><\/p>\n<p class=\"p1\">A banda de tractar les xifres m\u00e9s b\u00e0siques de l\u2019entitat, el president de Reciplasa va avan\u00e7ar les futures inversions que t\u00e9 previstes l\u2019entitat que van a modernitzar la planta i adaptar-la al segle XXI i permetr\u00e0 minimitzar l\u2019arribada de residus a l\u2019abocador per a \u201cadaptar-nos a les exig\u00e8ncies que ens imposa la Uni\u00f3 Europea i que entraran en vigor al 2025. Hem d\u2019apostar pels residus com una mat\u00e8ria primera i que se puga tornar a reintroduir a la producci\u00f3 la m\u00e0xima quantitat d\u2019aquests fomentant l\u2019economia circular\u201d, conclou Ignasi Garcia.<\/p>\n","protected":false},"excerpt":{"rendered":"<p>L&#8217;ens p\u00fablic els ha traslladat les dades de residus que genera la zona i les novetats com el nou impost estatal d&#8217;eliminaci\u00f3 d&#8217;abocador Reciplasa ha informat sobre la seua activitat als grups municipals de les huit ciutats que conformen el consell d&#8217;administraci\u00f3 (Almassora, Benic\u00e0ssim, Betx\u00ed, Borriana, Castell\u00f3, l\u2019Alcora, Onda i Vila-real). L&#8217;ens p\u00fablic ha convocatDale que hay m\u00e1s &#8230;<\/p>\n","protected":false},"author":3,"featured_media":15592,"comment_status":"closed","ping_status":"closed","sticky":false,"template":"","format":"standard","meta":{"footnotes":""},"categories":[87],"tags":[],"class_list":["post-15598","post","type-post","status-publish","format-standard","has-post-thumbnail","hentry","category-noticies-corporatives"],"yoast_head":"<!-- This site is optimized with the Yoast SEO plugin v27.4 - https:\/\/yoast.com\/product\/yoast-seo-wordpress\/ -->\n<title>Reciplasa informa sobre la seua activitat als grups municipals de les huit ciutats que conformen el consell d&#039;administraci\u00f3 - RECIPLASA<\/title>\n<meta name=\"robots\" content=\"index, follow, max-snippet:-1, max-image-preview:large, max-video-preview:-1\" \/>\n<link rel=\"canonical\" href=\"https:\/\/www.reciplasa.es\/va\/reciplasa-informa-sobre-la-seua-activitat-als-grups-municipals-de-les-huit-ciutats-que-conformen-el-consell-dadministracio\/\" \/>\n<meta property=\"og:locale\" content=\"en_US\" \/>\n<meta property=\"og:type\" content=\"article\" \/>\n<meta property=\"og:title\" content=\"Reciplasa informa sobre la seua activitat als grups municipals de les huit ciutats que conformen el consell d&#039;administraci\u00f3 - RECIPLASA\" \/>\n<meta property=\"og:description\" content=\"L&#8217;ens p\u00fablic els ha traslladat les dades de residus que genera la zona i les novetats com el nou impost estatal d&#8217;eliminaci\u00f3 d&#8217;abocador Reciplasa ha informat sobre la seua activitat als grups municipals de les huit ciutats que conformen el consell d&#8217;administraci\u00f3 (Almassora, Benic\u00e0ssim, Betx\u00ed, Borriana, Castell\u00f3, l\u2019Alcora, Onda i Vila-real). L&#8217;ens p\u00fablic ha convocatDale que hay m\u00e1s ...\" \/>\n<meta property=\"og:url\" content=\"https:\/\/www.reciplasa.es\/va\/reciplasa-informa-sobre-la-seua-activitat-als-grups-municipals-de-les-huit-ciutats-que-conformen-el-consell-dadministracio\/\" \/>\n<meta property=\"og:site_name\" content=\"RECIPLASA\" \/>\n<meta property=\"article:published_time\" content=\"2023-03-29T08:17:46+00:00\" \/>\n<meta property=\"article:modified_time\" content=\"2023-03-29T08:18:05+00:00\" \/>\n<meta property=\"og:image\" content=\"https:\/\/www.reciplasa.es\/wp-content\/uploads\/2023\/03\/Reunio\u0301-grups-municipals-marc\u0327-2023_2-scaled.jpg\" \/>\n\t<meta property=\"og:image:width\" content=\"2560\" \/>\n\t<meta property=\"og:image:height\" content=\"1707\" \/>\n\t<meta property=\"og:image:type\" content=\"image\/jpeg\" \/>\n<meta name=\"author\" content=\"Cristina Marco\" \/>\n<meta name=\"twitter:card\" content=\"summary_large_image\" \/>\n<meta name=\"twitter:label1\" content=\"Written by\" \/>\n\t<meta name=\"twitter:data1\" content=\"Cristina Marco\" \/>\n\t<meta name=\"twitter:label2\" content=\"Est. reading time\" \/>\n\t<meta name=\"twitter:data2\" content=\"2 minutes\" \/>\n<script type=\"application\/ld+json\" class=\"yoast-schema-graph\">{\"@context\":\"https:\\\/\\\/schema.org\",\"@graph\":[{\"@type\":\"Article\",\"@id\":\"https:\\\/\\\/www.reciplasa.es\\\/va\\\/reciplasa-informa-sobre-la-seua-activitat-als-grups-municipals-de-les-huit-ciutats-que-conformen-el-consell-dadministracio\\\/#article\",\"isPartOf\":{\"@id\":\"https:\\\/\\\/www.reciplasa.es\\\/va\\\/reciplasa-informa-sobre-la-seua-activitat-als-grups-municipals-de-les-huit-ciutats-que-conformen-el-consell-dadministracio\\\/\"},\"author\":{\"name\":\"Cristina Marco\",\"@id\":\"https:\\\/\\\/www.reciplasa.es\\\/#\\\/schema\\\/person\\\/608ffc094e3c56d49e6c6ec8f1ea0e82\"},\"headline\":\"Reciplasa informa sobre la seua activitat als grups municipals de les huit ciutats que conformen el consell d&#8217;administraci\u00f3\",\"datePublished\":\"2023-03-29T08:17:46+00:00\",\"dateModified\":\"2023-03-29T08:18:05+00:00\",\"mainEntityOfPage\":{\"@id\":\"https:\\\/\\\/www.reciplasa.es\\\/va\\\/reciplasa-informa-sobre-la-seua-activitat-als-grups-municipals-de-les-huit-ciutats-que-conformen-el-consell-dadministracio\\\/\"},\"wordCount\":398,\"image\":{\"@id\":\"https:\\\/\\\/www.reciplasa.es\\\/va\\\/reciplasa-informa-sobre-la-seua-activitat-als-grups-municipals-de-les-huit-ciutats-que-conformen-el-consell-dadministracio\\\/#primaryimage\"},\"thumbnailUrl\":\"https:\\\/\\\/www.reciplasa.es\\\/wp-content\\\/uploads\\\/2023\\\/03\\\/Reunio\u0301-grups-municipals-marc\u0327-2023_2-scaled.jpg\",\"articleSection\":[\"Not\u00edcies corporatives\"],\"inLanguage\":\"va-VA\"},{\"@type\":\"WebPage\",\"@id\":\"https:\\\/\\\/www.reciplasa.es\\\/va\\\/reciplasa-informa-sobre-la-seua-activitat-als-grups-municipals-de-les-huit-ciutats-que-conformen-el-consell-dadministracio\\\/\",\"url\":\"https:\\\/\\\/www.reciplasa.es\\\/va\\\/reciplasa-informa-sobre-la-seua-activitat-als-grups-municipals-de-les-huit-ciutats-que-conformen-el-consell-dadministracio\\\/\",\"name\":\"Reciplasa informa sobre la seua activitat als grups municipals de les huit ciutats que conformen el consell d'administraci\u00f3 - RECIPLASA\",\"isPartOf\":{\"@id\":\"https:\\\/\\\/www.reciplasa.es\\\/#website\"},\"primaryImageOfPage\":{\"@id\":\"https:\\\/\\\/www.reciplasa.es\\\/va\\\/reciplasa-informa-sobre-la-seua-activitat-als-grups-municipals-de-les-huit-ciutats-que-conformen-el-consell-dadministracio\\\/#primaryimage\"},\"image\":{\"@id\":\"https:\\\/\\\/www.reciplasa.es\\\/va\\\/reciplasa-informa-sobre-la-seua-activitat-als-grups-municipals-de-les-huit-ciutats-que-conformen-el-consell-dadministracio\\\/#primaryimage\"},\"thumbnailUrl\":\"https:\\\/\\\/www.reciplasa.es\\\/wp-content\\\/uploads\\\/2023\\\/03\\\/Reunio\u0301-grups-municipals-marc\u0327-2023_2-scaled.jpg\",\"datePublished\":\"2023-03-29T08:17:46+00:00\",\"dateModified\":\"2023-03-29T08:18:05+00:00\",\"author\":{\"@id\":\"https:\\\/\\\/www.reciplasa.es\\\/#\\\/schema\\\/person\\\/608ffc094e3c56d49e6c6ec8f1ea0e82\"},\"breadcrumb\":{\"@id\":\"https:\\\/\\\/www.reciplasa.es\\\/va\\\/reciplasa-informa-sobre-la-seua-activitat-als-grups-municipals-de-les-huit-ciutats-que-conformen-el-consell-dadministracio\\\/#breadcrumb\"},\"inLanguage\":\"va-VA\",\"potentialAction\":[{\"@type\":\"ReadAction\",\"target\":[\"https:\\\/\\\/www.reciplasa.es\\\/va\\\/reciplasa-informa-sobre-la-seua-activitat-als-grups-municipals-de-les-huit-ciutats-que-conformen-el-consell-dadministracio\\\/\"]}]},{\"@type\":\"ImageObject\",\"inLanguage\":\"va-VA\",\"@id\":\"https:\\\/\\\/www.reciplasa.es\\\/va\\\/reciplasa-informa-sobre-la-seua-activitat-als-grups-municipals-de-les-huit-ciutats-que-conformen-el-consell-dadministracio\\\/#primaryimage\",\"url\":\"https:\\\/\\\/www.reciplasa.es\\\/wp-content\\\/uploads\\\/2023\\\/03\\\/Reunio\u0301-grups-municipals-marc\u0327-2023_2-scaled.jpg\",\"contentUrl\":\"https:\\\/\\\/www.reciplasa.es\\\/wp-content\\\/uploads\\\/2023\\\/03\\\/Reunio\u0301-grups-municipals-marc\u0327-2023_2-scaled.jpg\",\"width\":2560,\"height\":1707},{\"@type\":\"BreadcrumbList\",\"@id\":\"https:\\\/\\\/www.reciplasa.es\\\/va\\\/reciplasa-informa-sobre-la-seua-activitat-als-grups-municipals-de-les-huit-ciutats-que-conformen-el-consell-dadministracio\\\/#breadcrumb\",\"itemListElement\":[{\"@type\":\"ListItem\",\"position\":1,\"name\":\"Portada\",\"item\":\"https:\\\/\\\/www.reciplasa.es\\\/va\\\/\"},{\"@type\":\"ListItem\",\"position\":2,\"name\":\"Reciplasa informa sobre la seua activitat als grups municipals de les huit ciutats que conformen el consell d&#8217;administraci\u00f3\"}]},{\"@type\":\"WebSite\",\"@id\":\"https:\\\/\\\/www.reciplasa.es\\\/#website\",\"url\":\"https:\\\/\\\/www.reciplasa.es\\\/\",\"name\":\"RECIPLASA\",\"description\":\"Reciclats de Residus La Plana SA\",\"potentialAction\":[{\"@type\":\"SearchAction\",\"target\":{\"@type\":\"EntryPoint\",\"urlTemplate\":\"https:\\\/\\\/www.reciplasa.es\\\/?s={search_term_string}\"},\"query-input\":{\"@type\":\"PropertyValueSpecification\",\"valueRequired\":true,\"valueName\":\"search_term_string\"}}],\"inLanguage\":\"va-VA\"},{\"@type\":\"Person\",\"@id\":\"https:\\\/\\\/www.reciplasa.es\\\/#\\\/schema\\\/person\\\/608ffc094e3c56d49e6c6ec8f1ea0e82\",\"name\":\"Cristina Marco\",\"image\":{\"@type\":\"ImageObject\",\"inLanguage\":\"va-VA\",\"@id\":\"https:\\\/\\\/secure.gravatar.com\\\/avatar\\\/6da7e00dc41d26d3c4245f3b2d70d687293df0dfc18f03719354383f7be4f34b?s=96&d=mm&r=g\",\"url\":\"https:\\\/\\\/secure.gravatar.com\\\/avatar\\\/6da7e00dc41d26d3c4245f3b2d70d687293df0dfc18f03719354383f7be4f34b?s=96&d=mm&r=g\",\"contentUrl\":\"https:\\\/\\\/secure.gravatar.com\\\/avatar\\\/6da7e00dc41d26d3c4245f3b2d70d687293df0dfc18f03719354383f7be4f34b?s=96&d=mm&r=g\",\"caption\":\"Cristina Marco\"},\"url\":\"https:\\\/\\\/www.reciplasa.es\\\/va\\\/author\\\/cristina\\\/\"}]}<\/script>\n<!-- \/ Yoast SEO plugin. -->","yoast_head_json":{"title":"Reciplasa informa sobre la seua activitat als grups municipals de les huit ciutats que conformen el consell d'administraci\u00f3 - RECIPLASA","robots":{"index":"index","follow":"follow","max-snippet":"max-snippet:-1","max-image-preview":"max-image-preview:large","max-video-preview":"max-video-preview:-1"},"canonical":"https:\/\/www.reciplasa.es\/va\/reciplasa-informa-sobre-la-seua-activitat-als-grups-municipals-de-les-huit-ciutats-que-conformen-el-consell-dadministracio\/","og_locale":"en_US","og_type":"article","og_title":"Reciplasa informa sobre la seua activitat als grups municipals de les huit ciutats que conformen el consell d'administraci\u00f3 - RECIPLASA","og_description":"L&#8217;ens p\u00fablic els ha traslladat les dades de residus que genera la zona i les novetats com el nou impost estatal d&#8217;eliminaci\u00f3 d&#8217;abocador Reciplasa ha informat sobre la seua activitat als grups municipals de les huit ciutats que conformen el consell d&#8217;administraci\u00f3 (Almassora, Benic\u00e0ssim, Betx\u00ed, Borriana, Castell\u00f3, l\u2019Alcora, Onda i Vila-real). L&#8217;ens p\u00fablic ha convocatDale que hay m\u00e1s ...","og_url":"https:\/\/www.reciplasa.es\/va\/reciplasa-informa-sobre-la-seua-activitat-als-grups-municipals-de-les-huit-ciutats-que-conformen-el-consell-dadministracio\/","og_site_name":"RECIPLASA","article_published_time":"2023-03-29T08:17:46+00:00","article_modified_time":"2023-03-29T08:18:05+00:00","og_image":[{"width":2560,"height":1707,"url":"https:\/\/www.reciplasa.es\/wp-content\/uploads\/2023\/03\/Reunio\u0301-grups-municipals-marc\u0327-2023_2-scaled.jpg","type":"image\/jpeg"}],"author":"Cristina Marco","twitter_card":"summary_large_image","twitter_misc":{"Written by":"Cristina Marco","Est. reading time":"2 minutes"},"schema":{"@context":"https:\/\/schema.org","@graph":[{"@type":"Article","@id":"https:\/\/www.reciplasa.es\/va\/reciplasa-informa-sobre-la-seua-activitat-als-grups-municipals-de-les-huit-ciutats-que-conformen-el-consell-dadministracio\/#article","isPartOf":{"@id":"https:\/\/www.reciplasa.es\/va\/reciplasa-informa-sobre-la-seua-activitat-als-grups-municipals-de-les-huit-ciutats-que-conformen-el-consell-dadministracio\/"},"author":{"name":"Cristina Marco","@id":"https:\/\/www.reciplasa.es\/#\/schema\/person\/608ffc094e3c56d49e6c6ec8f1ea0e82"},"headline":"Reciplasa informa sobre la seua activitat als grups municipals de les huit ciutats que conformen el consell d&#8217;administraci\u00f3","datePublished":"2023-03-29T08:17:46+00:00","dateModified":"2023-03-29T08:18:05+00:00","mainEntityOfPage":{"@id":"https:\/\/www.reciplasa.es\/va\/reciplasa-informa-sobre-la-seua-activitat-als-grups-municipals-de-les-huit-ciutats-que-conformen-el-consell-dadministracio\/"},"wordCount":398,"image":{"@id":"https:\/\/www.reciplasa.es\/va\/reciplasa-informa-sobre-la-seua-activitat-als-grups-municipals-de-les-huit-ciutats-que-conformen-el-consell-dadministracio\/#primaryimage"},"thumbnailUrl":"https:\/\/www.reciplasa.es\/wp-content\/uploads\/2023\/03\/Reunio\u0301-grups-municipals-marc\u0327-2023_2-scaled.jpg","articleSection":["Not\u00edcies corporatives"],"inLanguage":"va-VA"},{"@type":"WebPage","@id":"https:\/\/www.reciplasa.es\/va\/reciplasa-informa-sobre-la-seua-activitat-als-grups-municipals-de-les-huit-ciutats-que-conformen-el-consell-dadministracio\/","url":"https:\/\/www.reciplasa.es\/va\/reciplasa-informa-sobre-la-seua-activitat-als-grups-municipals-de-les-huit-ciutats-que-conformen-el-consell-dadministracio\/","name":"Reciplasa informa sobre la seua activitat als grups municipals de les huit ciutats que conformen el consell d'administraci\u00f3 - RECIPLASA","isPartOf":{"@id":"https:\/\/www.reciplasa.es\/#website"},"primaryImageOfPage":{"@id":"https:\/\/www.reciplasa.es\/va\/reciplasa-informa-sobre-la-seua-activitat-als-grups-municipals-de-les-huit-ciutats-que-conformen-el-consell-dadministracio\/#primaryimage"},"image":{"@id":"https:\/\/www.reciplasa.es\/va\/reciplasa-informa-sobre-la-seua-activitat-als-grups-municipals-de-les-huit-ciutats-que-conformen-el-consell-dadministracio\/#primaryimage"},"thumbnailUrl":"https:\/\/www.reciplasa.es\/wp-content\/uploads\/2023\/03\/Reunio\u0301-grups-municipals-marc\u0327-2023_2-scaled.jpg","datePublished":"2023-03-29T08:17:46+00:00","dateModified":"2023-03-29T08:18:05+00:00","author":{"@id":"https:\/\/www.reciplasa.es\/#\/schema\/person\/608ffc094e3c56d49e6c6ec8f1ea0e82"},"breadcrumb":{"@id":"https:\/\/www.reciplasa.es\/va\/reciplasa-informa-sobre-la-seua-activitat-als-grups-municipals-de-les-huit-ciutats-que-conformen-el-consell-dadministracio\/#breadcrumb"},"inLanguage":"va-VA","potentialAction":[{"@type":"ReadAction","target":["https:\/\/www.reciplasa.es\/va\/reciplasa-informa-sobre-la-seua-activitat-als-grups-municipals-de-les-huit-ciutats-que-conformen-el-consell-dadministracio\/"]}]},{"@type":"ImageObject","inLanguage":"va-VA","@id":"https:\/\/www.reciplasa.es\/va\/reciplasa-informa-sobre-la-seua-activitat-als-grups-municipals-de-les-huit-ciutats-que-conformen-el-consell-dadministracio\/#primaryimage","url":"https:\/\/www.reciplasa.es\/wp-content\/uploads\/2023\/03\/Reunio\u0301-grups-municipals-marc\u0327-2023_2-scaled.jpg","contentUrl":"https:\/\/www.reciplasa.es\/wp-content\/uploads\/2023\/03\/Reunio\u0301-grups-municipals-marc\u0327-2023_2-scaled.jpg","width":2560,"height":1707},{"@type":"BreadcrumbList","@id":"https:\/\/www.reciplasa.es\/va\/reciplasa-informa-sobre-la-seua-activitat-als-grups-municipals-de-les-huit-ciutats-que-conformen-el-consell-dadministracio\/#breadcrumb","itemListElement":[{"@type":"ListItem","position":1,"name":"Portada","item":"https:\/\/www.reciplasa.es\/va\/"},{"@type":"ListItem","position":2,"name":"Reciplasa informa sobre la seua activitat als grups municipals de les huit ciutats que conformen el consell d&#8217;administraci\u00f3"}]},{"@type":"WebSite","@id":"https:\/\/www.reciplasa.es\/#website","url":"https:\/\/www.reciplasa.es\/","name":"RECIPLASA","description":"Reciclats de Residus La Plana SA","potentialAction":[{"@type":"SearchAction","target":{"@type":"EntryPoint","urlTemplate":"https:\/\/www.reciplasa.es\/?s={search_term_string}"},"query-input":{"@type":"PropertyValueSpecification","valueRequired":true,"valueName":"search_term_string"}}],"inLanguage":"va-VA"},{"@type":"Person","@id":"https:\/\/www.reciplasa.es\/#\/schema\/person\/608ffc094e3c56d49e6c6ec8f1ea0e82","name":"Cristina Marco","image":{"@type":"ImageObject","inLanguage":"va-VA","@id":"https:\/\/secure.gravatar.com\/avatar\/6da7e00dc41d26d3c4245f3b2d70d687293df0dfc18f03719354383f7be4f34b?s=96&d=mm&r=g","url":"https:\/\/secure.gravatar.com\/avatar\/6da7e00dc41d26d3c4245f3b2d70d687293df0dfc18f03719354383f7be4f34b?s=96&d=mm&r=g","contentUrl":"https:\/\/secure.gravatar.com\/avatar\/6da7e00dc41d26d3c4245f3b2d70d687293df0dfc18f03719354383f7be4f34b?s=96&d=mm&r=g","caption":"Cristina Marco"},"url":"https:\/\/www.reciplasa.es\/va\/author\/cristina\/"}]}},"_links":{"self":[{"href":"https:\/\/www.reciplasa.es\/va\/wp-json\/wp\/v2\/posts\/15598","targetHints":{"allow":["GET"]}}],"collection":[{"href":"https:\/\/www.reciplasa.es\/va\/wp-json\/wp\/v2\/posts"}],"about":[{"href":"https:\/\/www.reciplasa.es\/va\/wp-json\/wp\/v2\/types\/post"}],"author":[{"embeddable":true,"href":"https:\/\/www.reciplasa.es\/va\/wp-json\/wp\/v2\/users\/3"}],"replies":[{"embeddable":true,"href":"https:\/\/www.reciplasa.es\/va\/wp-json\/wp\/v2\/comments?post=15598"}],"version-history":[{"count":1,"href":"https:\/\/www.reciplasa.es\/va\/wp-json\/wp\/v2\/posts\/15598\/revisions"}],"predecessor-version":[{"id":15599,"href":"https:\/\/www.reciplasa.es\/va\/wp-json\/wp\/v2\/posts\/15598\/revisions\/15599"}],"wp:featuredmedia":[{"embeddable":true,"href":"https:\/\/www.reciplasa.es\/va\/wp-json\/wp\/v2\/media\/15592"}],"wp:attachment":[{"href":"https:\/\/www.reciplasa.es\/va\/wp-json\/wp\/v2\/media?parent=15598"}],"wp:term":[{"taxonomy":"category","embeddable":true,"href":"https:\/\/www.reciplasa.es\/va\/wp-json\/wp\/v2\/categories?post=15598"},{"taxonomy":"post_tag","embeddable":true,"href":"https:\/\/www.reciplasa.es\/va\/wp-json\/wp\/v2\/tags?post=15598"}],"curies":[{"name":"wp","href":"https:\/\/api.w.org\/{rel}","templated":true}]}}