{"id":15684,"date":"2023-06-07T07:43:23","date_gmt":"2023-06-07T07:43:23","guid":{"rendered":"https:\/\/www.reciplasa.es\/?p=15684\/"},"modified":"2023-07-25T14:59:30","modified_gmt":"2023-07-25T14:59:30","slug":"la-catedra-reciplasa-de-gestio-de-residus-urbans-de-luji-lliura-els-premis-del-concurs-escolar-que-fem-amb-el-fem","status":"publish","type":"post","link":"https:\/\/www.reciplasa.es\/va\/la-catedra-reciplasa-de-gestio-de-residus-urbans-de-luji-lliura-els-premis-del-concurs-escolar-que-fem-amb-el-fem\/","title":{"rendered":"La C\u00e0tedra Reciplasa de Gesti\u00f3 de Residus Urbans de l&#8217;UJI lliura els premis del concurs escolar \u00abQu\u00e8 fem amb el fem?\u00bb"},"content":{"rendered":"<p>La C\u00e0tedra Reciplasa de Gesti\u00f3 de Residus Urbans de la Universitat Jaume I ha atorgat, un any m\u00e9s, els premis del concurs escolar \u00abQu\u00e8 fem amb el fem?\u00bb en la seua sisena edici\u00f3. El lliurament ha tingut lloc el dia 5 de juny, coincidint amb el Dia Mundial del Medi Ambient.<\/p>\n<p>Enguany, s&#8217;han presentat 15 projectes, dels quals han sigut premiats quatre, corresponents a cadascuna de les categories contemplades en el concurs: educaci\u00f3 infantil, prim\u00e0ria, secund\u00e0ria i educaci\u00f3 especial.<\/p>\n<p>En <strong>educaci\u00f3 especial<\/strong> ha sigut guardonat el treball \u00abA\u00a0Sorolla\u00a0se\u00a0li&#8217;n\u00a0va l&#8217;olla\u00bb, del grup de secund\u00e0ria i\u00a0TVA\u00a0del Centre d&#8217;Educaci\u00f3 Especial La\u00a0Panderola\u00a0de Vila-real. El treball ha sigut coordinat pel professor Santiago\u00a0Mol\u00e9s\u00a0Vera.<\/p>\n<p><img loading=\"lazy\" decoding=\"async\" class=\"aligncenter size-large wp-image-15677\" src=\"https:\/\/www.reciplasa.es\/wp-content\/uploads\/2023\/06\/Que-fem-amb-el-fem-2023_8-1024x683.jpg\" alt=\"\" width=\"800\" height=\"534\" srcset=\"https:\/\/www.reciplasa.es\/wp-content\/uploads\/2023\/06\/Que-fem-amb-el-fem-2023_8-1024x683.jpg 1024w, https:\/\/www.reciplasa.es\/wp-content\/uploads\/2023\/06\/Que-fem-amb-el-fem-2023_8-300x200.jpg 300w, https:\/\/www.reciplasa.es\/wp-content\/uploads\/2023\/06\/Que-fem-amb-el-fem-2023_8-768x512.jpg 768w, https:\/\/www.reciplasa.es\/wp-content\/uploads\/2023\/06\/Que-fem-amb-el-fem-2023_8-1536x1024.jpg 1536w, https:\/\/www.reciplasa.es\/wp-content\/uploads\/2023\/06\/Que-fem-amb-el-fem-2023_8-2048x1365.jpg 2048w\" sizes=\"auto, (max-width: 800px) 100vw, 800px\" \/><\/p>\n<p>En <strong>educaci\u00f3 infantil<\/strong>, s&#8217;ha premiat el treball \u00abRecijuguetes\u00bb, del grup d&#8217;infantil de 3 anys del Col\u00b7legi de la Magdalena de Castell\u00f3, que ha sigut coordinat per la professora Maria Gil\u00a0Galende.<\/p>\n<p><img loading=\"lazy\" decoding=\"async\" class=\"aligncenter size-large wp-image-15675\" src=\"https:\/\/www.reciplasa.es\/wp-content\/uploads\/2023\/06\/Que-fem-amb-el-fem-2023_9-1024x683.jpg\" alt=\"\" width=\"800\" height=\"534\" srcset=\"https:\/\/www.reciplasa.es\/wp-content\/uploads\/2023\/06\/Que-fem-amb-el-fem-2023_9-1024x683.jpg 1024w, https:\/\/www.reciplasa.es\/wp-content\/uploads\/2023\/06\/Que-fem-amb-el-fem-2023_9-300x200.jpg 300w, https:\/\/www.reciplasa.es\/wp-content\/uploads\/2023\/06\/Que-fem-amb-el-fem-2023_9-768x512.jpg 768w, https:\/\/www.reciplasa.es\/wp-content\/uploads\/2023\/06\/Que-fem-amb-el-fem-2023_9-1536x1024.jpg 1536w, https:\/\/www.reciplasa.es\/wp-content\/uploads\/2023\/06\/Que-fem-amb-el-fem-2023_9-2048x1365.jpg 2048w\" sizes=\"auto, (max-width: 800px) 100vw, 800px\" \/><\/p>\n<p>En <strong>educaci\u00f3 prim\u00e0ria<\/strong>, el premi ha correspost al treball \u00abFem\u00a0l\u2019economia\u00a0circular\u00bb, de 3r del Col\u00b7legi Liceo de Benic\u00e0ssim, coordinat per la professora Emilia Rico Beltr\u00e1n.<\/p>\n<p><img loading=\"lazy\" decoding=\"async\" class=\"aligncenter size-large wp-image-15674\" src=\"https:\/\/www.reciplasa.es\/wp-content\/uploads\/2023\/06\/Que-fem-amb-el-fem-2023_10-1024x683.jpg\" alt=\"\" width=\"800\" height=\"534\" srcset=\"https:\/\/www.reciplasa.es\/wp-content\/uploads\/2023\/06\/Que-fem-amb-el-fem-2023_10-1024x683.jpg 1024w, https:\/\/www.reciplasa.es\/wp-content\/uploads\/2023\/06\/Que-fem-amb-el-fem-2023_10-300x200.jpg 300w, https:\/\/www.reciplasa.es\/wp-content\/uploads\/2023\/06\/Que-fem-amb-el-fem-2023_10-768x512.jpg 768w, https:\/\/www.reciplasa.es\/wp-content\/uploads\/2023\/06\/Que-fem-amb-el-fem-2023_10-1536x1024.jpg 1536w, https:\/\/www.reciplasa.es\/wp-content\/uploads\/2023\/06\/Que-fem-amb-el-fem-2023_10-2048x1365.jpg 2048w\" sizes=\"auto, (max-width: 800px) 100vw, 800px\" \/><\/p>\n<p>Finalment, en <strong>educaci\u00f3 secund\u00e0ria<\/strong>, s&#8217;ha premiat el treball \u00abConsum\u00a0responsable\u00bb, del 1r d&#8217;ESO de l&#8217;IES Almenara, coordinat per la professora Mar\u00eda Font\u00a0Cubedo.<\/p>\n<p><img loading=\"lazy\" decoding=\"async\" class=\"aligncenter size-large wp-image-15676\" src=\"https:\/\/www.reciplasa.es\/wp-content\/uploads\/2023\/06\/Que-fem-amb-el-fem-2023_11-1024x683.jpg\" alt=\"\" width=\"800\" height=\"534\" srcset=\"https:\/\/www.reciplasa.es\/wp-content\/uploads\/2023\/06\/Que-fem-amb-el-fem-2023_11-1024x683.jpg 1024w, https:\/\/www.reciplasa.es\/wp-content\/uploads\/2023\/06\/Que-fem-amb-el-fem-2023_11-300x200.jpg 300w, https:\/\/www.reciplasa.es\/wp-content\/uploads\/2023\/06\/Que-fem-amb-el-fem-2023_11-768x512.jpg 768w, https:\/\/www.reciplasa.es\/wp-content\/uploads\/2023\/06\/Que-fem-amb-el-fem-2023_11-1536x1024.jpg 1536w, https:\/\/www.reciplasa.es\/wp-content\/uploads\/2023\/06\/Que-fem-amb-el-fem-2023_11-2048x1365.jpg 2048w\" sizes=\"auto, (max-width: 800px) 100vw, 800px\" \/><\/p>\n<p>En el concurs \u00abQu\u00e8\u00a0fem\u00a0amb\u00a0el\u00a0fem?\u00bb\u00a0es premien treballs presentats en forma de v\u00eddeo, relat o maqueta, que tinguen relaci\u00f3 amb les activitats de la C\u00e0tedra, \u00e9s a dir amb la protecci\u00f3 del medi ambient i la gesti\u00f3 sostenible dels residus urbans. Amb aquesta iniciativa, la C\u00e0tedra\u00a0Reciplasa\u00a0pret\u00e9n donar suport als treballs realitzats en les edats m\u00e9s primerenques de l&#8217;ensenyament, aix\u00ed com al professorat implicat, fomentant una major conscienciaci\u00f3 en temes ambientals i en la protecci\u00f3 de l&#8217;entorn.<\/p>\n<p>L&#8217;acte s&#8217;ha celebrat en la sala d&#8217;actes de la Facultat de Ci\u00e8ncies de la Salut de l&#8217;UJI i ha comptat amb la participaci\u00f3 del vicerector d&#8217;Innovaci\u00f3, Transfer\u00e8ncia i Divulgaci\u00f3 Cient\u00edfica de l&#8217;UJI, David Cabedo; el president de\u00a0Reciplasa, Ignasi Garc\u00eda; el director t\u00e8cnic de\u00a0Reciplasa, Fernando Albarr\u00e1n, i el director de la C\u00e0tedra, F\u00e9lix Hern\u00e1ndez.<\/p>\n<p><img loading=\"lazy\" decoding=\"async\" class=\"aligncenter size-large wp-image-15679\" src=\"https:\/\/www.reciplasa.es\/wp-content\/uploads\/2023\/06\/Que-fem-amb-el-fem-2023_4-1024x683.jpg\" alt=\"\" width=\"800\" height=\"534\" srcset=\"https:\/\/www.reciplasa.es\/wp-content\/uploads\/2023\/06\/Que-fem-amb-el-fem-2023_4-1024x683.jpg 1024w, https:\/\/www.reciplasa.es\/wp-content\/uploads\/2023\/06\/Que-fem-amb-el-fem-2023_4-300x200.jpg 300w, https:\/\/www.reciplasa.es\/wp-content\/uploads\/2023\/06\/Que-fem-amb-el-fem-2023_4-768x512.jpg 768w, https:\/\/www.reciplasa.es\/wp-content\/uploads\/2023\/06\/Que-fem-amb-el-fem-2023_4-1536x1024.jpg 1536w, https:\/\/www.reciplasa.es\/wp-content\/uploads\/2023\/06\/Que-fem-amb-el-fem-2023_4-2048x1365.jpg 2048w\" sizes=\"auto, (max-width: 800px) 100vw, 800px\" \/><\/p>\n<p>Tamb\u00e9 ha comptat amb la pres\u00e8ncia de Jos\u00e9 Benlloch, alcalde Vila-real i conseller delegat de\u00a0Reciplasa; Francesc\u00a0Mezquita, regidor d&#8217;Educaci\u00f3 de l&#8217;Ajuntament de Castell\u00f3; Rosa Mar\u00eda Gil, regidora d&#8217;Educaci\u00f3 de l&#8217;Ajuntament de Benic\u00e0ssim; i Carlos D\u00edaz, regidor d&#8217;Urbanisme de Benic\u00e0ssim i conseller de\u00a0Reciplasa, que han volgut donar suport als treballs premiats, que han sigut realitzats en centres del seu municipi.<\/p>\n<p>La C\u00e0tedra\u00a0Reciplasa\u00a0tamb\u00e9 ha comptat amb el suport del\u00a0Seminari\u00a0d&#8217;Educaci\u00f3\u00a0Ambiental de Castell\u00f3 en l&#8217;organitzaci\u00f3 i gesti\u00f3 del concurs; aix\u00ed com d&#8217;Ecoembes, que ha contribu\u00eft amb els regals atorgats als treballs premiats.<\/p>\n<p><img loading=\"lazy\" decoding=\"async\" class=\"aligncenter size-large wp-image-15682\" src=\"https:\/\/www.reciplasa.es\/wp-content\/uploads\/2023\/06\/Que-fem-amb-el-fem-2023_3-1024x683.jpg\" alt=\"\" width=\"800\" height=\"534\" srcset=\"https:\/\/www.reciplasa.es\/wp-content\/uploads\/2023\/06\/Que-fem-amb-el-fem-2023_3-1024x683.jpg 1024w, https:\/\/www.reciplasa.es\/wp-content\/uploads\/2023\/06\/Que-fem-amb-el-fem-2023_3-300x200.jpg 300w, https:\/\/www.reciplasa.es\/wp-content\/uploads\/2023\/06\/Que-fem-amb-el-fem-2023_3-768x512.jpg 768w, https:\/\/www.reciplasa.es\/wp-content\/uploads\/2023\/06\/Que-fem-amb-el-fem-2023_3-1536x1024.jpg 1536w, https:\/\/www.reciplasa.es\/wp-content\/uploads\/2023\/06\/Que-fem-amb-el-fem-2023_3-2048x1365.jpg 2048w\" sizes=\"auto, (max-width: 800px) 100vw, 800px\" \/><\/p>\n","protected":false},"excerpt":{"rendered":"<p>La C\u00e0tedra Reciplasa de Gesti\u00f3 de Residus Urbans de la Universitat Jaume I ha atorgat, un any m\u00e9s, els premis del concurs escolar \u00abQu\u00e8 fem amb el fem?\u00bb en la seua sisena edici\u00f3. El lliurament ha tingut lloc el dia 5 de juny, coincidint amb el Dia Mundial del Medi Ambient. Enguany, s&#8217;han presentat 15Dale que hay m\u00e1s &#8230;<\/p>\n","protected":false},"author":3,"featured_media":15673,"comment_status":"closed","ping_status":"closed","sticky":false,"template":"","format":"standard","meta":{"footnotes":""},"categories":[88],"tags":[],"class_list":["post-15684","post","type-post","status-publish","format-standard","has-post-thumbnail","hentry","category-catedra-reciplasa-uji"],"yoast_head":"<!-- This site is optimized with the Yoast SEO plugin v27.4 - https:\/\/yoast.com\/product\/yoast-seo-wordpress\/ -->\n<title>La C\u00e0tedra Reciplasa de Gesti\u00f3 de Residus Urbans de l&#039;UJI lliura els premis del concurs escolar \u00abQu\u00e8 fem amb el fem?\u00bb - RECIPLASA<\/title>\n<meta name=\"description\" content=\"S&#039;han presentat 15 projectes, dels quals han sigut premiats quatre, corresponents a cadascuna de les categories: educaci\u00f3 infantil, prim\u00e0ria, secund\u00e0ria i educaci\u00f3 especial.\" \/>\n<meta name=\"robots\" content=\"index, follow, max-snippet:-1, max-image-preview:large, max-video-preview:-1\" \/>\n<link rel=\"canonical\" href=\"https:\/\/www.reciplasa.es\/la-catedra-reciplasa-de-gestio-de-residus-urbans-de-luji-lliura-els-premis-del-concurs-escolar-que-fem-amb-el-fem\/\" \/>\n<meta property=\"og:locale\" content=\"en_US\" \/>\n<meta property=\"og:type\" content=\"article\" \/>\n<meta property=\"og:title\" content=\"La C\u00e0tedra Reciplasa de Gesti\u00f3 de Residus Urbans de l&#039;UJI lliura els premis del concurs escolar \u00abQu\u00e8 fem amb el fem?\u00bb - RECIPLASA\" \/>\n<meta property=\"og:description\" content=\"S&#039;han presentat 15 projectes, dels quals han sigut premiats quatre, corresponents a cadascuna de les categories: educaci\u00f3 infantil, prim\u00e0ria, secund\u00e0ria i educaci\u00f3 especial.\" \/>\n<meta property=\"og:url\" content=\"https:\/\/www.reciplasa.es\/la-catedra-reciplasa-de-gestio-de-residus-urbans-de-luji-lliura-els-premis-del-concurs-escolar-que-fem-amb-el-fem\/\" \/>\n<meta property=\"og:site_name\" content=\"RECIPLASA\" \/>\n<meta property=\"article:published_time\" content=\"2023-06-07T07:43:23+00:00\" \/>\n<meta property=\"article:modified_time\" content=\"2023-07-25T14:59:30+00:00\" \/>\n<meta property=\"og:image\" content=\"https:\/\/www.reciplasa.es\/wp-content\/uploads\/2023\/06\/Que-fem-amb-el-fem-2023_13-scaled.jpg\" \/>\n\t<meta property=\"og:image:width\" content=\"2560\" \/>\n\t<meta property=\"og:image:height\" content=\"1707\" \/>\n\t<meta property=\"og:image:type\" content=\"image\/jpeg\" \/>\n<meta name=\"author\" content=\"Cristina Marco\" \/>\n<meta name=\"twitter:card\" content=\"summary_large_image\" \/>\n<meta name=\"twitter:label1\" content=\"Written by\" \/>\n\t<meta name=\"twitter:data1\" content=\"Cristina Marco\" \/>\n\t<meta name=\"twitter:label2\" content=\"Est. reading time\" \/>\n\t<meta name=\"twitter:data2\" content=\"2 minutes\" \/>\n<script type=\"application\/ld+json\" class=\"yoast-schema-graph\">{\"@context\":\"https:\\\/\\\/schema.org\",\"@graph\":[{\"@type\":\"Article\",\"@id\":\"https:\\\/\\\/www.reciplasa.es\\\/la-catedra-reciplasa-de-gestio-de-residus-urbans-de-luji-lliura-els-premis-del-concurs-escolar-que-fem-amb-el-fem\\\/#article\",\"isPartOf\":{\"@id\":\"https:\\\/\\\/www.reciplasa.es\\\/la-catedra-reciplasa-de-gestio-de-residus-urbans-de-luji-lliura-els-premis-del-concurs-escolar-que-fem-amb-el-fem\\\/\"},\"author\":{\"name\":\"Cristina Marco\",\"@id\":\"https:\\\/\\\/www.reciplasa.es\\\/#\\\/schema\\\/person\\\/608ffc094e3c56d49e6c6ec8f1ea0e82\"},\"headline\":\"La C\u00e0tedra Reciplasa de Gesti\u00f3 de Residus Urbans de l&#8217;UJI lliura els premis del concurs escolar \u00abQu\u00e8 fem amb el fem?\u00bb\",\"datePublished\":\"2023-06-07T07:43:23+00:00\",\"dateModified\":\"2023-07-25T14:59:30+00:00\",\"mainEntityOfPage\":{\"@id\":\"https:\\\/\\\/www.reciplasa.es\\\/la-catedra-reciplasa-de-gestio-de-residus-urbans-de-luji-lliura-els-premis-del-concurs-escolar-que-fem-amb-el-fem\\\/\"},\"wordCount\":508,\"image\":{\"@id\":\"https:\\\/\\\/www.reciplasa.es\\\/la-catedra-reciplasa-de-gestio-de-residus-urbans-de-luji-lliura-els-premis-del-concurs-escolar-que-fem-amb-el-fem\\\/#primaryimage\"},\"thumbnailUrl\":\"https:\\\/\\\/www.reciplasa.es\\\/wp-content\\\/uploads\\\/2023\\\/06\\\/Que-fem-amb-el-fem-2023_13-scaled.jpg\",\"articleSection\":[\"C\u00e0tedra Reciplasa-UJI\"],\"inLanguage\":\"va-VA\"},{\"@type\":\"WebPage\",\"@id\":\"https:\\\/\\\/www.reciplasa.es\\\/la-catedra-reciplasa-de-gestio-de-residus-urbans-de-luji-lliura-els-premis-del-concurs-escolar-que-fem-amb-el-fem\\\/\",\"url\":\"https:\\\/\\\/www.reciplasa.es\\\/la-catedra-reciplasa-de-gestio-de-residus-urbans-de-luji-lliura-els-premis-del-concurs-escolar-que-fem-amb-el-fem\\\/\",\"name\":\"La C\u00e0tedra Reciplasa de Gesti\u00f3 de Residus Urbans de l'UJI lliura els premis del concurs escolar \u00abQu\u00e8 fem amb el fem?\u00bb - RECIPLASA\",\"isPartOf\":{\"@id\":\"https:\\\/\\\/www.reciplasa.es\\\/#website\"},\"primaryImageOfPage\":{\"@id\":\"https:\\\/\\\/www.reciplasa.es\\\/la-catedra-reciplasa-de-gestio-de-residus-urbans-de-luji-lliura-els-premis-del-concurs-escolar-que-fem-amb-el-fem\\\/#primaryimage\"},\"image\":{\"@id\":\"https:\\\/\\\/www.reciplasa.es\\\/la-catedra-reciplasa-de-gestio-de-residus-urbans-de-luji-lliura-els-premis-del-concurs-escolar-que-fem-amb-el-fem\\\/#primaryimage\"},\"thumbnailUrl\":\"https:\\\/\\\/www.reciplasa.es\\\/wp-content\\\/uploads\\\/2023\\\/06\\\/Que-fem-amb-el-fem-2023_13-scaled.jpg\",\"datePublished\":\"2023-06-07T07:43:23+00:00\",\"dateModified\":\"2023-07-25T14:59:30+00:00\",\"author\":{\"@id\":\"https:\\\/\\\/www.reciplasa.es\\\/#\\\/schema\\\/person\\\/608ffc094e3c56d49e6c6ec8f1ea0e82\"},\"description\":\"S'han presentat 15 projectes, dels quals han sigut premiats quatre, corresponents a cadascuna de les categories: educaci\u00f3 infantil, prim\u00e0ria, secund\u00e0ria i educaci\u00f3 especial.\",\"breadcrumb\":{\"@id\":\"https:\\\/\\\/www.reciplasa.es\\\/la-catedra-reciplasa-de-gestio-de-residus-urbans-de-luji-lliura-els-premis-del-concurs-escolar-que-fem-amb-el-fem\\\/#breadcrumb\"},\"inLanguage\":\"va-VA\",\"potentialAction\":[{\"@type\":\"ReadAction\",\"target\":[\"https:\\\/\\\/www.reciplasa.es\\\/la-catedra-reciplasa-de-gestio-de-residus-urbans-de-luji-lliura-els-premis-del-concurs-escolar-que-fem-amb-el-fem\\\/\"]}]},{\"@type\":\"ImageObject\",\"inLanguage\":\"va-VA\",\"@id\":\"https:\\\/\\\/www.reciplasa.es\\\/la-catedra-reciplasa-de-gestio-de-residus-urbans-de-luji-lliura-els-premis-del-concurs-escolar-que-fem-amb-el-fem\\\/#primaryimage\",\"url\":\"https:\\\/\\\/www.reciplasa.es\\\/wp-content\\\/uploads\\\/2023\\\/06\\\/Que-fem-amb-el-fem-2023_13-scaled.jpg\",\"contentUrl\":\"https:\\\/\\\/www.reciplasa.es\\\/wp-content\\\/uploads\\\/2023\\\/06\\\/Que-fem-amb-el-fem-2023_13-scaled.jpg\",\"width\":2560,\"height\":1707},{\"@type\":\"BreadcrumbList\",\"@id\":\"https:\\\/\\\/www.reciplasa.es\\\/la-catedra-reciplasa-de-gestio-de-residus-urbans-de-luji-lliura-els-premis-del-concurs-escolar-que-fem-amb-el-fem\\\/#breadcrumb\",\"itemListElement\":[{\"@type\":\"ListItem\",\"position\":1,\"name\":\"Portada\",\"item\":\"https:\\\/\\\/www.reciplasa.es\\\/va\\\/\"},{\"@type\":\"ListItem\",\"position\":2,\"name\":\"La C\u00e0tedra Reciplasa de Gesti\u00f3 de Residus Urbans de l&#8217;UJI lliura els premis del concurs escolar \u00abQu\u00e8 fem amb el fem?\u00bb\"}]},{\"@type\":\"WebSite\",\"@id\":\"https:\\\/\\\/www.reciplasa.es\\\/#website\",\"url\":\"https:\\\/\\\/www.reciplasa.es\\\/\",\"name\":\"RECIPLASA\",\"description\":\"Reciclats de Residus La Plana SA\",\"potentialAction\":[{\"@type\":\"SearchAction\",\"target\":{\"@type\":\"EntryPoint\",\"urlTemplate\":\"https:\\\/\\\/www.reciplasa.es\\\/?s={search_term_string}\"},\"query-input\":{\"@type\":\"PropertyValueSpecification\",\"valueRequired\":true,\"valueName\":\"search_term_string\"}}],\"inLanguage\":\"va-VA\"},{\"@type\":\"Person\",\"@id\":\"https:\\\/\\\/www.reciplasa.es\\\/#\\\/schema\\\/person\\\/608ffc094e3c56d49e6c6ec8f1ea0e82\",\"name\":\"Cristina Marco\",\"image\":{\"@type\":\"ImageObject\",\"inLanguage\":\"va-VA\",\"@id\":\"https:\\\/\\\/secure.gravatar.com\\\/avatar\\\/6da7e00dc41d26d3c4245f3b2d70d687293df0dfc18f03719354383f7be4f34b?s=96&d=mm&r=g\",\"url\":\"https:\\\/\\\/secure.gravatar.com\\\/avatar\\\/6da7e00dc41d26d3c4245f3b2d70d687293df0dfc18f03719354383f7be4f34b?s=96&d=mm&r=g\",\"contentUrl\":\"https:\\\/\\\/secure.gravatar.com\\\/avatar\\\/6da7e00dc41d26d3c4245f3b2d70d687293df0dfc18f03719354383f7be4f34b?s=96&d=mm&r=g\",\"caption\":\"Cristina Marco\"},\"url\":\"https:\\\/\\\/www.reciplasa.es\\\/va\\\/author\\\/cristina\\\/\"}]}<\/script>\n<!-- \/ Yoast SEO plugin. -->","yoast_head_json":{"title":"La C\u00e0tedra Reciplasa de Gesti\u00f3 de Residus Urbans de l'UJI lliura els premis del concurs escolar \u00abQu\u00e8 fem amb el fem?\u00bb - RECIPLASA","description":"S'han presentat 15 projectes, dels quals han sigut premiats quatre, corresponents a cadascuna de les categories: educaci\u00f3 infantil, prim\u00e0ria, secund\u00e0ria i educaci\u00f3 especial.","robots":{"index":"index","follow":"follow","max-snippet":"max-snippet:-1","max-image-preview":"max-image-preview:large","max-video-preview":"max-video-preview:-1"},"canonical":"https:\/\/www.reciplasa.es\/la-catedra-reciplasa-de-gestio-de-residus-urbans-de-luji-lliura-els-premis-del-concurs-escolar-que-fem-amb-el-fem\/","og_locale":"en_US","og_type":"article","og_title":"La C\u00e0tedra Reciplasa de Gesti\u00f3 de Residus Urbans de l'UJI lliura els premis del concurs escolar \u00abQu\u00e8 fem amb el fem?\u00bb - RECIPLASA","og_description":"S'han presentat 15 projectes, dels quals han sigut premiats quatre, corresponents a cadascuna de les categories: educaci\u00f3 infantil, prim\u00e0ria, secund\u00e0ria i educaci\u00f3 especial.","og_url":"https:\/\/www.reciplasa.es\/la-catedra-reciplasa-de-gestio-de-residus-urbans-de-luji-lliura-els-premis-del-concurs-escolar-que-fem-amb-el-fem\/","og_site_name":"RECIPLASA","article_published_time":"2023-06-07T07:43:23+00:00","article_modified_time":"2023-07-25T14:59:30+00:00","og_image":[{"width":2560,"height":1707,"url":"https:\/\/www.reciplasa.es\/wp-content\/uploads\/2023\/06\/Que-fem-amb-el-fem-2023_13-scaled.jpg","type":"image\/jpeg"}],"author":"Cristina Marco","twitter_card":"summary_large_image","twitter_misc":{"Written by":"Cristina Marco","Est. reading time":"2 minutes"},"schema":{"@context":"https:\/\/schema.org","@graph":[{"@type":"Article","@id":"https:\/\/www.reciplasa.es\/la-catedra-reciplasa-de-gestio-de-residus-urbans-de-luji-lliura-els-premis-del-concurs-escolar-que-fem-amb-el-fem\/#article","isPartOf":{"@id":"https:\/\/www.reciplasa.es\/la-catedra-reciplasa-de-gestio-de-residus-urbans-de-luji-lliura-els-premis-del-concurs-escolar-que-fem-amb-el-fem\/"},"author":{"name":"Cristina Marco","@id":"https:\/\/www.reciplasa.es\/#\/schema\/person\/608ffc094e3c56d49e6c6ec8f1ea0e82"},"headline":"La C\u00e0tedra Reciplasa de Gesti\u00f3 de Residus Urbans de l&#8217;UJI lliura els premis del concurs escolar \u00abQu\u00e8 fem amb el fem?\u00bb","datePublished":"2023-06-07T07:43:23+00:00","dateModified":"2023-07-25T14:59:30+00:00","mainEntityOfPage":{"@id":"https:\/\/www.reciplasa.es\/la-catedra-reciplasa-de-gestio-de-residus-urbans-de-luji-lliura-els-premis-del-concurs-escolar-que-fem-amb-el-fem\/"},"wordCount":508,"image":{"@id":"https:\/\/www.reciplasa.es\/la-catedra-reciplasa-de-gestio-de-residus-urbans-de-luji-lliura-els-premis-del-concurs-escolar-que-fem-amb-el-fem\/#primaryimage"},"thumbnailUrl":"https:\/\/www.reciplasa.es\/wp-content\/uploads\/2023\/06\/Que-fem-amb-el-fem-2023_13-scaled.jpg","articleSection":["C\u00e0tedra Reciplasa-UJI"],"inLanguage":"va-VA"},{"@type":"WebPage","@id":"https:\/\/www.reciplasa.es\/la-catedra-reciplasa-de-gestio-de-residus-urbans-de-luji-lliura-els-premis-del-concurs-escolar-que-fem-amb-el-fem\/","url":"https:\/\/www.reciplasa.es\/la-catedra-reciplasa-de-gestio-de-residus-urbans-de-luji-lliura-els-premis-del-concurs-escolar-que-fem-amb-el-fem\/","name":"La C\u00e0tedra Reciplasa de Gesti\u00f3 de Residus Urbans de l'UJI lliura els premis del concurs escolar \u00abQu\u00e8 fem amb el fem?\u00bb - RECIPLASA","isPartOf":{"@id":"https:\/\/www.reciplasa.es\/#website"},"primaryImageOfPage":{"@id":"https:\/\/www.reciplasa.es\/la-catedra-reciplasa-de-gestio-de-residus-urbans-de-luji-lliura-els-premis-del-concurs-escolar-que-fem-amb-el-fem\/#primaryimage"},"image":{"@id":"https:\/\/www.reciplasa.es\/la-catedra-reciplasa-de-gestio-de-residus-urbans-de-luji-lliura-els-premis-del-concurs-escolar-que-fem-amb-el-fem\/#primaryimage"},"thumbnailUrl":"https:\/\/www.reciplasa.es\/wp-content\/uploads\/2023\/06\/Que-fem-amb-el-fem-2023_13-scaled.jpg","datePublished":"2023-06-07T07:43:23+00:00","dateModified":"2023-07-25T14:59:30+00:00","author":{"@id":"https:\/\/www.reciplasa.es\/#\/schema\/person\/608ffc094e3c56d49e6c6ec8f1ea0e82"},"description":"S'han presentat 15 projectes, dels quals han sigut premiats quatre, corresponents a cadascuna de les categories: educaci\u00f3 infantil, prim\u00e0ria, secund\u00e0ria i educaci\u00f3 especial.","breadcrumb":{"@id":"https:\/\/www.reciplasa.es\/la-catedra-reciplasa-de-gestio-de-residus-urbans-de-luji-lliura-els-premis-del-concurs-escolar-que-fem-amb-el-fem\/#breadcrumb"},"inLanguage":"va-VA","potentialAction":[{"@type":"ReadAction","target":["https:\/\/www.reciplasa.es\/la-catedra-reciplasa-de-gestio-de-residus-urbans-de-luji-lliura-els-premis-del-concurs-escolar-que-fem-amb-el-fem\/"]}]},{"@type":"ImageObject","inLanguage":"va-VA","@id":"https:\/\/www.reciplasa.es\/la-catedra-reciplasa-de-gestio-de-residus-urbans-de-luji-lliura-els-premis-del-concurs-escolar-que-fem-amb-el-fem\/#primaryimage","url":"https:\/\/www.reciplasa.es\/wp-content\/uploads\/2023\/06\/Que-fem-amb-el-fem-2023_13-scaled.jpg","contentUrl":"https:\/\/www.reciplasa.es\/wp-content\/uploads\/2023\/06\/Que-fem-amb-el-fem-2023_13-scaled.jpg","width":2560,"height":1707},{"@type":"BreadcrumbList","@id":"https:\/\/www.reciplasa.es\/la-catedra-reciplasa-de-gestio-de-residus-urbans-de-luji-lliura-els-premis-del-concurs-escolar-que-fem-amb-el-fem\/#breadcrumb","itemListElement":[{"@type":"ListItem","position":1,"name":"Portada","item":"https:\/\/www.reciplasa.es\/va\/"},{"@type":"ListItem","position":2,"name":"La C\u00e0tedra Reciplasa de Gesti\u00f3 de Residus Urbans de l&#8217;UJI lliura els premis del concurs escolar \u00abQu\u00e8 fem amb el fem?\u00bb"}]},{"@type":"WebSite","@id":"https:\/\/www.reciplasa.es\/#website","url":"https:\/\/www.reciplasa.es\/","name":"RECIPLASA","description":"Reciclats de Residus La Plana SA","potentialAction":[{"@type":"SearchAction","target":{"@type":"EntryPoint","urlTemplate":"https:\/\/www.reciplasa.es\/?s={search_term_string}"},"query-input":{"@type":"PropertyValueSpecification","valueRequired":true,"valueName":"search_term_string"}}],"inLanguage":"va-VA"},{"@type":"Person","@id":"https:\/\/www.reciplasa.es\/#\/schema\/person\/608ffc094e3c56d49e6c6ec8f1ea0e82","name":"Cristina Marco","image":{"@type":"ImageObject","inLanguage":"va-VA","@id":"https:\/\/secure.gravatar.com\/avatar\/6da7e00dc41d26d3c4245f3b2d70d687293df0dfc18f03719354383f7be4f34b?s=96&d=mm&r=g","url":"https:\/\/secure.gravatar.com\/avatar\/6da7e00dc41d26d3c4245f3b2d70d687293df0dfc18f03719354383f7be4f34b?s=96&d=mm&r=g","contentUrl":"https:\/\/secure.gravatar.com\/avatar\/6da7e00dc41d26d3c4245f3b2d70d687293df0dfc18f03719354383f7be4f34b?s=96&d=mm&r=g","caption":"Cristina Marco"},"url":"https:\/\/www.reciplasa.es\/va\/author\/cristina\/"}]}},"_links":{"self":[{"href":"https:\/\/www.reciplasa.es\/va\/wp-json\/wp\/v2\/posts\/15684","targetHints":{"allow":["GET"]}}],"collection":[{"href":"https:\/\/www.reciplasa.es\/va\/wp-json\/wp\/v2\/posts"}],"about":[{"href":"https:\/\/www.reciplasa.es\/va\/wp-json\/wp\/v2\/types\/post"}],"author":[{"embeddable":true,"href":"https:\/\/www.reciplasa.es\/va\/wp-json\/wp\/v2\/users\/3"}],"replies":[{"embeddable":true,"href":"https:\/\/www.reciplasa.es\/va\/wp-json\/wp\/v2\/comments?post=15684"}],"version-history":[{"count":1,"href":"https:\/\/www.reciplasa.es\/va\/wp-json\/wp\/v2\/posts\/15684\/revisions"}],"predecessor-version":[{"id":15685,"href":"https:\/\/www.reciplasa.es\/va\/wp-json\/wp\/v2\/posts\/15684\/revisions\/15685"}],"wp:featuredmedia":[{"embeddable":true,"href":"https:\/\/www.reciplasa.es\/va\/wp-json\/wp\/v2\/media\/15673"}],"wp:attachment":[{"href":"https:\/\/www.reciplasa.es\/va\/wp-json\/wp\/v2\/media?parent=15684"}],"wp:term":[{"taxonomy":"category","embeddable":true,"href":"https:\/\/www.reciplasa.es\/va\/wp-json\/wp\/v2\/categories?post=15684"},{"taxonomy":"post_tag","embeddable":true,"href":"https:\/\/www.reciplasa.es\/va\/wp-json\/wp\/v2\/tags?post=15684"}],"curies":[{"name":"wp","href":"https:\/\/api.w.org\/{rel}","templated":true}]}}