{"id":15725,"date":"2023-07-12T14:46:51","date_gmt":"2023-07-12T14:46:51","guid":{"rendered":"https:\/\/www.reciplasa.es\/?p=15725\/"},"modified":"2023-07-12T14:46:51","modified_gmt":"2023-07-12T14:46:51","slug":"begona-carrasco-assumeix-la-presidencia-del-consell-dadministracio-de-reciplasa","status":"publish","type":"post","link":"https:\/\/www.reciplasa.es\/va\/begona-carrasco-assumeix-la-presidencia-del-consell-dadministracio-de-reciplasa\/","title":{"rendered":"Bego\u00f1a Carrasco assumeix la presid\u00e8ncia del consell d&#8217;administraci\u00f3 de Reciplasa"},"content":{"rendered":"<h5><em><span style=\"font-weight: 400;\"> La junta general ha aprovat tamb\u00e9 els nomenaments de Mar\u00eda Tormo, Susana Marqu\u00e9s i Jorge Monferrer com a consellers <\/span><\/em><\/h5>\n<p class=\"p1\">Bego\u00f1a Carrasco ha assumit la presid\u00e8ncia del consell d&#8217;administraci\u00f3 de l&#8217;empresa p\u00fablica encarregada del tractament dels residus de la zona centre de la prov\u00edncia de Castell\u00f3, Reciplasa, despr\u00e9s de l&#8217;aprovaci\u00f3 de la junta general de l&#8217;organisme p\u00fablic. En aquesta mateixa reuni\u00f3, s&#8217;ha nomenat a Mar\u00eda Tormo, Susana Marqu\u00e9s i Jorge Monferrer com a consellers. La nova presidenta ha afirmat que <span class=\"s1\">\u201c<\/span>assumisc la presid\u00e8ncia de Reciplasa amb el m\u00e0xim respecte i responsabilitat. Amb el comprom\u00eds que la nostra prov\u00edncia cresca de manera sostenible aplicant les millors pol\u00edtiques en mat\u00e8ria de gesti\u00f3 de residus i de protecci\u00f3 mediambiental. Aquest \u00e9s un repte de tots, que requereix de m\u00e9s conscienciaci\u00f3 posant l&#8217;accent principalment en l&#8217;educaci\u00f3, comen\u00e7ant pels m\u00e9s xicotets\u201d.<\/p>\n<p><img loading=\"lazy\" decoding=\"async\" class=\"aligncenter size-large wp-image-15723\" src=\"https:\/\/www.reciplasa.es\/wp-content\/uploads\/2023\/07\/Consell-administracio-12-7-2023_2-1024x683.jpg\" alt=\"\" width=\"800\" height=\"534\" srcset=\"https:\/\/www.reciplasa.es\/wp-content\/uploads\/2023\/07\/Consell-administracio-12-7-2023_2-1024x683.jpg 1024w, https:\/\/www.reciplasa.es\/wp-content\/uploads\/2023\/07\/Consell-administracio-12-7-2023_2-300x200.jpg 300w, https:\/\/www.reciplasa.es\/wp-content\/uploads\/2023\/07\/Consell-administracio-12-7-2023_2-768x512.jpg 768w, https:\/\/www.reciplasa.es\/wp-content\/uploads\/2023\/07\/Consell-administracio-12-7-2023_2-1536x1024.jpg 1536w, https:\/\/www.reciplasa.es\/wp-content\/uploads\/2023\/07\/Consell-administracio-12-7-2023_2-2048x1365.jpg 2048w\" sizes=\"auto, (max-width: 800px) 100vw, 800px\" \/><\/p>\n<p class=\"p1\">D&#8217;aquesta manera, l&#8217;organigrama de l&#8217;entitat queda encap\u00e7alat per l&#8217;alcaldessa de Castell\u00f3 que substitueix a Ignasi Garcia com a presidenta i consellera delegada. L&#8217;alcaldessa d&#8217;Almassora, Mar\u00eda Tormo, ser\u00e0 vicepresidenta i segona consellera delegada, rellevant a Merche Gal\u00ed. Susana Marqu\u00e9s, alcaldessa de Benic\u00e0ssim, succeir\u00e0 a Carlos D\u00edaz com a consellera. L&#8217;alcalde de Borriana, Jorge Monferrer, ocupar\u00e0 el c\u00e0rrec de conseller que exercia Mar\u00eda Josep Safont. D&#8217;altra banda, continuaran formant part de Reciplasa aquesta legislatura, Carmina Ballester, alcaldessa d&#8217;Onda, com a vicepresidenta primera i consellera delegada; Jos\u00e9 Benlloch, alcalde de Vila-real, continuar\u00e0 de secretari del consell i de conseller delegat; Alfred Remolar, primer tinent d&#8217;alcalde de Betx\u00ed, \u00e9s sotssecretari del consell i conseller i Samuel Falomir, alcalde de l&#8217;Alcora, com a conseller.<\/p>\n<p class=\"p1\">Reciplasa, l&#8217;empresa p\u00fablica que tracta els residus de la zona de centre de la prov\u00edncia de Castell\u00f3, la van constituir huit ajuntaments en 1998: Almassora, Benic\u00e0ssim, Betx\u00ed, Borriana, Castell\u00f3, l&#8217;Alcora, Onda i Vila-real. Tots ells formen el consell d&#8217;administraci\u00f3 amb els representants dels diferents consistoris d&#8217;aquesta empresa p\u00fablica que dona servei de tractament de residus als 47 municipis del Consorci C2.<\/p>\n","protected":false},"excerpt":{"rendered":"<p>La junta general ha aprovat tamb\u00e9 els nomenaments de Mar\u00eda Tormo, Susana Marqu\u00e9s i Jorge Monferrer com a consellers Bego\u00f1a Carrasco ha assumit la presid\u00e8ncia del consell d&#8217;administraci\u00f3 de l&#8217;empresa p\u00fablica encarregada del tractament dels residus de la zona centre de la prov\u00edncia de Castell\u00f3, Reciplasa, despr\u00e9s de l&#8217;aprovaci\u00f3 de la junta general de l&#8217;organismeDale que hay m\u00e1s &#8230;<\/p>\n","protected":false},"author":3,"featured_media":15722,"comment_status":"closed","ping_status":"closed","sticky":false,"template":"","format":"standard","meta":{"footnotes":""},"categories":[87],"tags":[],"class_list":["post-15725","post","type-post","status-publish","format-standard","has-post-thumbnail","hentry","category-noticies-corporatives"],"yoast_head":"<!-- This site is optimized with the Yoast SEO plugin v27.4 - https:\/\/yoast.com\/product\/yoast-seo-wordpress\/ -->\n<title>Bego\u00f1a Carrasco assumeix la presid\u00e8ncia del consell d&#039;administraci\u00f3 de Reciplasa - RECIPLASA<\/title>\n<meta name=\"robots\" content=\"index, follow, max-snippet:-1, max-image-preview:large, max-video-preview:-1\" \/>\n<link rel=\"canonical\" href=\"https:\/\/www.reciplasa.es\/begona-carrasco-asume-la-presidencia-del-consejo-de-administracion-de-reciplasa\/\" \/>\n<meta property=\"og:locale\" content=\"en_US\" \/>\n<meta property=\"og:type\" content=\"article\" \/>\n<meta property=\"og:title\" content=\"Bego\u00f1a Carrasco assumeix la presid\u00e8ncia del consell d&#039;administraci\u00f3 de Reciplasa - RECIPLASA\" \/>\n<meta property=\"og:description\" content=\"La junta general ha aprovat tamb\u00e9 els nomenaments de Mar\u00eda Tormo, Susana Marqu\u00e9s i Jorge Monferrer com a consellers Bego\u00f1a Carrasco ha assumit la presid\u00e8ncia del consell d&#8217;administraci\u00f3 de l&#8217;empresa p\u00fablica encarregada del tractament dels residus de la zona centre de la prov\u00edncia de Castell\u00f3, Reciplasa, despr\u00e9s de l&#8217;aprovaci\u00f3 de la junta general de l&#8217;organismeDale que hay m\u00e1s ...\" \/>\n<meta property=\"og:url\" content=\"https:\/\/www.reciplasa.es\/begona-carrasco-asume-la-presidencia-del-consejo-de-administracion-de-reciplasa\/\" \/>\n<meta property=\"og:site_name\" content=\"RECIPLASA\" \/>\n<meta property=\"article:published_time\" content=\"2023-07-12T14:46:51+00:00\" \/>\n<meta property=\"og:image\" content=\"https:\/\/www.reciplasa.es\/wp-content\/uploads\/2023\/07\/Consell-administracio-12-7-2023_4-scaled.jpg\" \/>\n\t<meta property=\"og:image:width\" content=\"2560\" \/>\n\t<meta property=\"og:image:height\" content=\"1707\" \/>\n\t<meta property=\"og:image:type\" content=\"image\/jpeg\" \/>\n<meta name=\"author\" content=\"Cristina Marco\" \/>\n<meta name=\"twitter:card\" content=\"summary_large_image\" \/>\n<meta name=\"twitter:label1\" content=\"Written by\" \/>\n\t<meta name=\"twitter:data1\" content=\"Cristina Marco\" \/>\n\t<meta name=\"twitter:label2\" content=\"Est. reading time\" \/>\n\t<meta name=\"twitter:data2\" content=\"2 minutes\" \/>\n<script type=\"application\/ld+json\" class=\"yoast-schema-graph\">{\"@context\":\"https:\\\/\\\/schema.org\",\"@graph\":[{\"@type\":\"Article\",\"@id\":\"https:\\\/\\\/www.reciplasa.es\\\/begona-carrasco-asume-la-presidencia-del-consejo-de-administracion-de-reciplasa\\\/#article\",\"isPartOf\":{\"@id\":\"https:\\\/\\\/www.reciplasa.es\\\/begona-carrasco-asume-la-presidencia-del-consejo-de-administracion-de-reciplasa\\\/\"},\"author\":{\"name\":\"Cristina Marco\",\"@id\":\"https:\\\/\\\/www.reciplasa.es\\\/#\\\/schema\\\/person\\\/608ffc094e3c56d49e6c6ec8f1ea0e82\"},\"headline\":\"Bego\u00f1a Carrasco assumeix la presid\u00e8ncia del consell d&#8217;administraci\u00f3 de Reciplasa\",\"datePublished\":\"2023-07-12T14:46:51+00:00\",\"mainEntityOfPage\":{\"@id\":\"https:\\\/\\\/www.reciplasa.es\\\/begona-carrasco-asume-la-presidencia-del-consejo-de-administracion-de-reciplasa\\\/\"},\"wordCount\":378,\"image\":{\"@id\":\"https:\\\/\\\/www.reciplasa.es\\\/begona-carrasco-asume-la-presidencia-del-consejo-de-administracion-de-reciplasa\\\/#primaryimage\"},\"thumbnailUrl\":\"https:\\\/\\\/www.reciplasa.es\\\/wp-content\\\/uploads\\\/2023\\\/07\\\/Consell-administracio-12-7-2023_4-scaled.jpg\",\"articleSection\":[\"Not\u00edcies corporatives\"],\"inLanguage\":\"va-VA\"},{\"@type\":\"WebPage\",\"@id\":\"https:\\\/\\\/www.reciplasa.es\\\/begona-carrasco-asume-la-presidencia-del-consejo-de-administracion-de-reciplasa\\\/\",\"url\":\"https:\\\/\\\/www.reciplasa.es\\\/begona-carrasco-asume-la-presidencia-del-consejo-de-administracion-de-reciplasa\\\/\",\"name\":\"Bego\u00f1a Carrasco assumeix la presid\u00e8ncia del consell d'administraci\u00f3 de Reciplasa - RECIPLASA\",\"isPartOf\":{\"@id\":\"https:\\\/\\\/www.reciplasa.es\\\/#website\"},\"primaryImageOfPage\":{\"@id\":\"https:\\\/\\\/www.reciplasa.es\\\/begona-carrasco-asume-la-presidencia-del-consejo-de-administracion-de-reciplasa\\\/#primaryimage\"},\"image\":{\"@id\":\"https:\\\/\\\/www.reciplasa.es\\\/begona-carrasco-asume-la-presidencia-del-consejo-de-administracion-de-reciplasa\\\/#primaryimage\"},\"thumbnailUrl\":\"https:\\\/\\\/www.reciplasa.es\\\/wp-content\\\/uploads\\\/2023\\\/07\\\/Consell-administracio-12-7-2023_4-scaled.jpg\",\"datePublished\":\"2023-07-12T14:46:51+00:00\",\"author\":{\"@id\":\"https:\\\/\\\/www.reciplasa.es\\\/#\\\/schema\\\/person\\\/608ffc094e3c56d49e6c6ec8f1ea0e82\"},\"breadcrumb\":{\"@id\":\"https:\\\/\\\/www.reciplasa.es\\\/begona-carrasco-asume-la-presidencia-del-consejo-de-administracion-de-reciplasa\\\/#breadcrumb\"},\"inLanguage\":\"va-VA\",\"potentialAction\":[{\"@type\":\"ReadAction\",\"target\":[\"https:\\\/\\\/www.reciplasa.es\\\/begona-carrasco-asume-la-presidencia-del-consejo-de-administracion-de-reciplasa\\\/\"]}]},{\"@type\":\"ImageObject\",\"inLanguage\":\"va-VA\",\"@id\":\"https:\\\/\\\/www.reciplasa.es\\\/begona-carrasco-asume-la-presidencia-del-consejo-de-administracion-de-reciplasa\\\/#primaryimage\",\"url\":\"https:\\\/\\\/www.reciplasa.es\\\/wp-content\\\/uploads\\\/2023\\\/07\\\/Consell-administracio-12-7-2023_4-scaled.jpg\",\"contentUrl\":\"https:\\\/\\\/www.reciplasa.es\\\/wp-content\\\/uploads\\\/2023\\\/07\\\/Consell-administracio-12-7-2023_4-scaled.jpg\",\"width\":2560,\"height\":1707},{\"@type\":\"BreadcrumbList\",\"@id\":\"https:\\\/\\\/www.reciplasa.es\\\/begona-carrasco-asume-la-presidencia-del-consejo-de-administracion-de-reciplasa\\\/#breadcrumb\",\"itemListElement\":[{\"@type\":\"ListItem\",\"position\":1,\"name\":\"Portada\",\"item\":\"https:\\\/\\\/www.reciplasa.es\\\/va\\\/\"},{\"@type\":\"ListItem\",\"position\":2,\"name\":\"Bego\u00f1a Carrasco assumeix la presid\u00e8ncia del consell d&#8217;administraci\u00f3 de Reciplasa\"}]},{\"@type\":\"WebSite\",\"@id\":\"https:\\\/\\\/www.reciplasa.es\\\/#website\",\"url\":\"https:\\\/\\\/www.reciplasa.es\\\/\",\"name\":\"RECIPLASA\",\"description\":\"Reciclats de Residus La Plana SA\",\"potentialAction\":[{\"@type\":\"SearchAction\",\"target\":{\"@type\":\"EntryPoint\",\"urlTemplate\":\"https:\\\/\\\/www.reciplasa.es\\\/?s={search_term_string}\"},\"query-input\":{\"@type\":\"PropertyValueSpecification\",\"valueRequired\":true,\"valueName\":\"search_term_string\"}}],\"inLanguage\":\"va-VA\"},{\"@type\":\"Person\",\"@id\":\"https:\\\/\\\/www.reciplasa.es\\\/#\\\/schema\\\/person\\\/608ffc094e3c56d49e6c6ec8f1ea0e82\",\"name\":\"Cristina Marco\",\"image\":{\"@type\":\"ImageObject\",\"inLanguage\":\"va-VA\",\"@id\":\"https:\\\/\\\/secure.gravatar.com\\\/avatar\\\/6da7e00dc41d26d3c4245f3b2d70d687293df0dfc18f03719354383f7be4f34b?s=96&d=mm&r=g\",\"url\":\"https:\\\/\\\/secure.gravatar.com\\\/avatar\\\/6da7e00dc41d26d3c4245f3b2d70d687293df0dfc18f03719354383f7be4f34b?s=96&d=mm&r=g\",\"contentUrl\":\"https:\\\/\\\/secure.gravatar.com\\\/avatar\\\/6da7e00dc41d26d3c4245f3b2d70d687293df0dfc18f03719354383f7be4f34b?s=96&d=mm&r=g\",\"caption\":\"Cristina Marco\"},\"url\":\"https:\\\/\\\/www.reciplasa.es\\\/va\\\/author\\\/cristina\\\/\"}]}<\/script>\n<!-- \/ Yoast SEO plugin. -->","yoast_head_json":{"title":"Bego\u00f1a Carrasco assumeix la presid\u00e8ncia del consell d'administraci\u00f3 de Reciplasa - RECIPLASA","robots":{"index":"index","follow":"follow","max-snippet":"max-snippet:-1","max-image-preview":"max-image-preview:large","max-video-preview":"max-video-preview:-1"},"canonical":"https:\/\/www.reciplasa.es\/begona-carrasco-asume-la-presidencia-del-consejo-de-administracion-de-reciplasa\/","og_locale":"en_US","og_type":"article","og_title":"Bego\u00f1a Carrasco assumeix la presid\u00e8ncia del consell d'administraci\u00f3 de Reciplasa - RECIPLASA","og_description":"La junta general ha aprovat tamb\u00e9 els nomenaments de Mar\u00eda Tormo, Susana Marqu\u00e9s i Jorge Monferrer com a consellers Bego\u00f1a Carrasco ha assumit la presid\u00e8ncia del consell d&#8217;administraci\u00f3 de l&#8217;empresa p\u00fablica encarregada del tractament dels residus de la zona centre de la prov\u00edncia de Castell\u00f3, Reciplasa, despr\u00e9s de l&#8217;aprovaci\u00f3 de la junta general de l&#8217;organismeDale que hay m\u00e1s ...","og_url":"https:\/\/www.reciplasa.es\/begona-carrasco-asume-la-presidencia-del-consejo-de-administracion-de-reciplasa\/","og_site_name":"RECIPLASA","article_published_time":"2023-07-12T14:46:51+00:00","og_image":[{"width":2560,"height":1707,"url":"https:\/\/www.reciplasa.es\/wp-content\/uploads\/2023\/07\/Consell-administracio-12-7-2023_4-scaled.jpg","type":"image\/jpeg"}],"author":"Cristina Marco","twitter_card":"summary_large_image","twitter_misc":{"Written by":"Cristina Marco","Est. reading time":"2 minutes"},"schema":{"@context":"https:\/\/schema.org","@graph":[{"@type":"Article","@id":"https:\/\/www.reciplasa.es\/begona-carrasco-asume-la-presidencia-del-consejo-de-administracion-de-reciplasa\/#article","isPartOf":{"@id":"https:\/\/www.reciplasa.es\/begona-carrasco-asume-la-presidencia-del-consejo-de-administracion-de-reciplasa\/"},"author":{"name":"Cristina Marco","@id":"https:\/\/www.reciplasa.es\/#\/schema\/person\/608ffc094e3c56d49e6c6ec8f1ea0e82"},"headline":"Bego\u00f1a Carrasco assumeix la presid\u00e8ncia del consell d&#8217;administraci\u00f3 de Reciplasa","datePublished":"2023-07-12T14:46:51+00:00","mainEntityOfPage":{"@id":"https:\/\/www.reciplasa.es\/begona-carrasco-asume-la-presidencia-del-consejo-de-administracion-de-reciplasa\/"},"wordCount":378,"image":{"@id":"https:\/\/www.reciplasa.es\/begona-carrasco-asume-la-presidencia-del-consejo-de-administracion-de-reciplasa\/#primaryimage"},"thumbnailUrl":"https:\/\/www.reciplasa.es\/wp-content\/uploads\/2023\/07\/Consell-administracio-12-7-2023_4-scaled.jpg","articleSection":["Not\u00edcies corporatives"],"inLanguage":"va-VA"},{"@type":"WebPage","@id":"https:\/\/www.reciplasa.es\/begona-carrasco-asume-la-presidencia-del-consejo-de-administracion-de-reciplasa\/","url":"https:\/\/www.reciplasa.es\/begona-carrasco-asume-la-presidencia-del-consejo-de-administracion-de-reciplasa\/","name":"Bego\u00f1a Carrasco assumeix la presid\u00e8ncia del consell d'administraci\u00f3 de Reciplasa - RECIPLASA","isPartOf":{"@id":"https:\/\/www.reciplasa.es\/#website"},"primaryImageOfPage":{"@id":"https:\/\/www.reciplasa.es\/begona-carrasco-asume-la-presidencia-del-consejo-de-administracion-de-reciplasa\/#primaryimage"},"image":{"@id":"https:\/\/www.reciplasa.es\/begona-carrasco-asume-la-presidencia-del-consejo-de-administracion-de-reciplasa\/#primaryimage"},"thumbnailUrl":"https:\/\/www.reciplasa.es\/wp-content\/uploads\/2023\/07\/Consell-administracio-12-7-2023_4-scaled.jpg","datePublished":"2023-07-12T14:46:51+00:00","author":{"@id":"https:\/\/www.reciplasa.es\/#\/schema\/person\/608ffc094e3c56d49e6c6ec8f1ea0e82"},"breadcrumb":{"@id":"https:\/\/www.reciplasa.es\/begona-carrasco-asume-la-presidencia-del-consejo-de-administracion-de-reciplasa\/#breadcrumb"},"inLanguage":"va-VA","potentialAction":[{"@type":"ReadAction","target":["https:\/\/www.reciplasa.es\/begona-carrasco-asume-la-presidencia-del-consejo-de-administracion-de-reciplasa\/"]}]},{"@type":"ImageObject","inLanguage":"va-VA","@id":"https:\/\/www.reciplasa.es\/begona-carrasco-asume-la-presidencia-del-consejo-de-administracion-de-reciplasa\/#primaryimage","url":"https:\/\/www.reciplasa.es\/wp-content\/uploads\/2023\/07\/Consell-administracio-12-7-2023_4-scaled.jpg","contentUrl":"https:\/\/www.reciplasa.es\/wp-content\/uploads\/2023\/07\/Consell-administracio-12-7-2023_4-scaled.jpg","width":2560,"height":1707},{"@type":"BreadcrumbList","@id":"https:\/\/www.reciplasa.es\/begona-carrasco-asume-la-presidencia-del-consejo-de-administracion-de-reciplasa\/#breadcrumb","itemListElement":[{"@type":"ListItem","position":1,"name":"Portada","item":"https:\/\/www.reciplasa.es\/va\/"},{"@type":"ListItem","position":2,"name":"Bego\u00f1a Carrasco assumeix la presid\u00e8ncia del consell d&#8217;administraci\u00f3 de Reciplasa"}]},{"@type":"WebSite","@id":"https:\/\/www.reciplasa.es\/#website","url":"https:\/\/www.reciplasa.es\/","name":"RECIPLASA","description":"Reciclats de Residus La Plana SA","potentialAction":[{"@type":"SearchAction","target":{"@type":"EntryPoint","urlTemplate":"https:\/\/www.reciplasa.es\/?s={search_term_string}"},"query-input":{"@type":"PropertyValueSpecification","valueRequired":true,"valueName":"search_term_string"}}],"inLanguage":"va-VA"},{"@type":"Person","@id":"https:\/\/www.reciplasa.es\/#\/schema\/person\/608ffc094e3c56d49e6c6ec8f1ea0e82","name":"Cristina Marco","image":{"@type":"ImageObject","inLanguage":"va-VA","@id":"https:\/\/secure.gravatar.com\/avatar\/6da7e00dc41d26d3c4245f3b2d70d687293df0dfc18f03719354383f7be4f34b?s=96&d=mm&r=g","url":"https:\/\/secure.gravatar.com\/avatar\/6da7e00dc41d26d3c4245f3b2d70d687293df0dfc18f03719354383f7be4f34b?s=96&d=mm&r=g","contentUrl":"https:\/\/secure.gravatar.com\/avatar\/6da7e00dc41d26d3c4245f3b2d70d687293df0dfc18f03719354383f7be4f34b?s=96&d=mm&r=g","caption":"Cristina Marco"},"url":"https:\/\/www.reciplasa.es\/va\/author\/cristina\/"}]}},"_links":{"self":[{"href":"https:\/\/www.reciplasa.es\/va\/wp-json\/wp\/v2\/posts\/15725","targetHints":{"allow":["GET"]}}],"collection":[{"href":"https:\/\/www.reciplasa.es\/va\/wp-json\/wp\/v2\/posts"}],"about":[{"href":"https:\/\/www.reciplasa.es\/va\/wp-json\/wp\/v2\/types\/post"}],"author":[{"embeddable":true,"href":"https:\/\/www.reciplasa.es\/va\/wp-json\/wp\/v2\/users\/3"}],"replies":[{"embeddable":true,"href":"https:\/\/www.reciplasa.es\/va\/wp-json\/wp\/v2\/comments?post=15725"}],"version-history":[{"count":1,"href":"https:\/\/www.reciplasa.es\/va\/wp-json\/wp\/v2\/posts\/15725\/revisions"}],"predecessor-version":[{"id":15726,"href":"https:\/\/www.reciplasa.es\/va\/wp-json\/wp\/v2\/posts\/15725\/revisions\/15726"}],"wp:featuredmedia":[{"embeddable":true,"href":"https:\/\/www.reciplasa.es\/va\/wp-json\/wp\/v2\/media\/15722"}],"wp:attachment":[{"href":"https:\/\/www.reciplasa.es\/va\/wp-json\/wp\/v2\/media?parent=15725"}],"wp:term":[{"taxonomy":"category","embeddable":true,"href":"https:\/\/www.reciplasa.es\/va\/wp-json\/wp\/v2\/categories?post=15725"},{"taxonomy":"post_tag","embeddable":true,"href":"https:\/\/www.reciplasa.es\/va\/wp-json\/wp\/v2\/tags?post=15725"}],"curies":[{"name":"wp","href":"https:\/\/api.w.org\/{rel}","templated":true}]}}