{"id":15829,"date":"2023-12-15T08:10:22","date_gmt":"2023-12-15T08:10:22","guid":{"rendered":"https:\/\/www.reciplasa.es\/?p=15829\/"},"modified":"2023-12-15T08:10:22","modified_gmt":"2023-12-15T08:10:22","slug":"la-catedra-reciplasa-aprueba-la-memoria-de-actividades-de-2023-y-presenta-las-actividades-para-el-proximo-ano","status":"publish","type":"post","link":"https:\/\/www.reciplasa.es\/va\/la-catedra-reciplasa-aprueba-la-memoria-de-actividades-de-2023-y-presenta-las-actividades-para-el-proximo-ano\/","title":{"rendered":"La C\u00e1tedra Reciplasa aprueba la memoria de actividades de 2023 y presenta las actividades para el pr\u00f3ximo a\u00f1o"},"content":{"rendered":"<p>Los representantes de la Universitat Jaume I y de Reciplasa, que componen la comisi\u00f3n mixta de seguimiento de las actividades de la C\u00e1tedra, se han reunido para aprobar la memoria de actividades llevadas a cabo en 2023 y la propuesta de actividades para 2024.<\/p>\n<p>En <strong>2024<\/strong>, se prev\u00e9 organizar una jornada cient\u00edfica sobre alguno de los temas de actualidad relacionados con la gesti\u00f3n de residuos urbanos, continuar con los premios a mejor TFG y TFM para el estudiantado de la UJI, \u00a0convocar una nueva edici\u00f3n del conocido concurso \u00abQu\u00e8 fem amb el fem?\u00bb<em>\u00a0<\/em>para escolares no universitarios, y seguir fomentando la colaboraci\u00f3n en materia de formaci\u00f3n con entidades que abogan por una gesti\u00f3n m\u00e1s responsable de los residuos, entre las que destaca el Seminario de Educaci\u00f3n Ambiental de Castell\u00f3n y la Red de Centros por la Sostenibilidad de Castell\u00f3n. Tambi\u00e9n se convocar\u00e1 la tercera edici\u00f3n del premio a la \u00abIniciativa para la mejora de la gesti\u00f3n sostenible de los residuos urbanos\u00bb.<\/p>\n<p><img loading=\"lazy\" decoding=\"async\" class=\"aligncenter size-large wp-image-15831\" src=\"https:\/\/www.reciplasa.es\/wp-content\/uploads\/2023\/12\/Reciplasa-firma-catedra_2-1024x683.jpg\" alt=\"\" width=\"800\" height=\"534\" srcset=\"https:\/\/www.reciplasa.es\/wp-content\/uploads\/2023\/12\/Reciplasa-firma-catedra_2-1024x683.jpg 1024w, https:\/\/www.reciplasa.es\/wp-content\/uploads\/2023\/12\/Reciplasa-firma-catedra_2-300x200.jpg 300w, https:\/\/www.reciplasa.es\/wp-content\/uploads\/2023\/12\/Reciplasa-firma-catedra_2-768x512.jpg 768w, https:\/\/www.reciplasa.es\/wp-content\/uploads\/2023\/12\/Reciplasa-firma-catedra_2-1536x1024.jpg 1536w, https:\/\/www.reciplasa.es\/wp-content\/uploads\/2023\/12\/Reciplasa-firma-catedra_2-2048x1365.jpg 2048w\" sizes=\"auto, (max-width: 800px) 100vw, 800px\" \/><\/p>\n<p>Finalmente, la C\u00e1tedra continuar\u00e1 con la financiaci\u00f3n de dos proyectos de investigaci\u00f3n llevados a cabo en la UJI. El primero de ellos se centra en el dise\u00f1o de Combustibles S\u00f3lidos Recuperados (CSR) a partir de rechazos de la Planta de Tratamiento de Onda y de biomasa, y lo ejecuta el grupo de Investigaci\u00f3n de Ingenier\u00eda de Residuos y Sostenibilidad (INGRES), y el segundo trata sobre el control de la calidad de las aguas en el entorno de la planta de Onda, y lo ejecuta el Instituto Universitario de Plaguicidas y Aguas (IUPA).<\/p>\n","protected":false},"excerpt":{"rendered":"<p>Los representantes de la Universitat Jaume I y de Reciplasa, que componen la comisi\u00f3n mixta de seguimiento de las actividades de la C\u00e1tedra, se han reunido para aprobar la memoria de actividades llevadas a cabo en 2023 y la propuesta de actividades para 2024. En 2024, se prev\u00e9 organizar una jornada cient\u00edfica sobre alguno deDale que hay m\u00e1s &#8230;<\/p>\n","protected":false},"author":3,"featured_media":15830,"comment_status":"closed","ping_status":"closed","sticky":false,"template":"","format":"standard","meta":{"footnotes":""},"categories":[2],"tags":[],"class_list":["post-15829","post","type-post","status-publish","format-standard","has-post-thumbnail","hentry","category-sin-categorizar"],"yoast_head":"<!-- This site is optimized with the Yoast SEO plugin v27.4 - https:\/\/yoast.com\/product\/yoast-seo-wordpress\/ -->\n<title>La C\u00e1tedra Reciplasa aprueba la memoria de actividades de 2023 y presenta las actividades para el pr\u00f3ximo a\u00f1o - RECIPLASA<\/title>\n<meta name=\"robots\" content=\"index, follow, max-snippet:-1, max-image-preview:large, max-video-preview:-1\" \/>\n<link rel=\"canonical\" href=\"https:\/\/www.reciplasa.es\/la-catedra-reciplasa-aprueba-la-memoria-de-actividades-de-2023-y-presenta-las-actividades-para-el-proximo-ano\/\" \/>\n<meta property=\"og:locale\" content=\"en_US\" \/>\n<meta property=\"og:type\" content=\"article\" \/>\n<meta property=\"og:title\" content=\"La C\u00e1tedra Reciplasa aprueba la memoria de actividades de 2023 y presenta las actividades para el pr\u00f3ximo a\u00f1o - RECIPLASA\" \/>\n<meta property=\"og:description\" content=\"Los representantes de la Universitat Jaume I y de Reciplasa, que componen la comisi\u00f3n mixta de seguimiento de las actividades de la C\u00e1tedra, se han reunido para aprobar la memoria de actividades llevadas a cabo en 2023 y la propuesta de actividades para 2024. En 2024, se prev\u00e9 organizar una jornada cient\u00edfica sobre alguno deDale que hay m\u00e1s ...\" \/>\n<meta property=\"og:url\" content=\"https:\/\/www.reciplasa.es\/la-catedra-reciplasa-aprueba-la-memoria-de-actividades-de-2023-y-presenta-las-actividades-para-el-proximo-ano\/\" \/>\n<meta property=\"og:site_name\" content=\"RECIPLASA\" \/>\n<meta property=\"article:published_time\" content=\"2023-12-15T08:10:22+00:00\" \/>\n<meta property=\"og:image\" content=\"https:\/\/www.reciplasa.es\/wp-content\/uploads\/2023\/12\/Reciplasa-firma-catedra-scaled.jpg\" \/>\n\t<meta property=\"og:image:width\" content=\"2560\" \/>\n\t<meta property=\"og:image:height\" content=\"1707\" \/>\n\t<meta property=\"og:image:type\" content=\"image\/jpeg\" \/>\n<meta name=\"author\" content=\"Cristina Marco\" \/>\n<meta name=\"twitter:card\" content=\"summary_large_image\" \/>\n<meta name=\"twitter:label1\" content=\"Written by\" \/>\n\t<meta name=\"twitter:data1\" content=\"Cristina Marco\" \/>\n\t<meta name=\"twitter:label2\" content=\"Est. reading time\" \/>\n\t<meta name=\"twitter:data2\" content=\"2 minutes\" \/>\n<script type=\"application\/ld+json\" class=\"yoast-schema-graph\">{\"@context\":\"https:\\\/\\\/schema.org\",\"@graph\":[{\"@type\":\"Article\",\"@id\":\"https:\\\/\\\/www.reciplasa.es\\\/la-catedra-reciplasa-aprueba-la-memoria-de-actividades-de-2023-y-presenta-las-actividades-para-el-proximo-ano\\\/#article\",\"isPartOf\":{\"@id\":\"https:\\\/\\\/www.reciplasa.es\\\/la-catedra-reciplasa-aprueba-la-memoria-de-actividades-de-2023-y-presenta-las-actividades-para-el-proximo-ano\\\/\"},\"author\":{\"name\":\"Cristina Marco\",\"@id\":\"https:\\\/\\\/www.reciplasa.es\\\/#\\\/schema\\\/person\\\/608ffc094e3c56d49e6c6ec8f1ea0e82\"},\"headline\":\"La C\u00e1tedra Reciplasa aprueba la memoria de actividades de 2023 y presenta las actividades para el pr\u00f3ximo a\u00f1o\",\"datePublished\":\"2023-12-15T08:10:22+00:00\",\"mainEntityOfPage\":{\"@id\":\"https:\\\/\\\/www.reciplasa.es\\\/la-catedra-reciplasa-aprueba-la-memoria-de-actividades-de-2023-y-presenta-las-actividades-para-el-proximo-ano\\\/\"},\"wordCount\":292,\"image\":{\"@id\":\"https:\\\/\\\/www.reciplasa.es\\\/la-catedra-reciplasa-aprueba-la-memoria-de-actividades-de-2023-y-presenta-las-actividades-para-el-proximo-ano\\\/#primaryimage\"},\"thumbnailUrl\":\"https:\\\/\\\/www.reciplasa.es\\\/wp-content\\\/uploads\\\/2023\\\/12\\\/Reciplasa-firma-catedra-scaled.jpg\",\"articleSection\":[\"Catedra-Reciplasa-UJI\"],\"inLanguage\":\"va-VA\"},{\"@type\":\"WebPage\",\"@id\":\"https:\\\/\\\/www.reciplasa.es\\\/la-catedra-reciplasa-aprueba-la-memoria-de-actividades-de-2023-y-presenta-las-actividades-para-el-proximo-ano\\\/\",\"url\":\"https:\\\/\\\/www.reciplasa.es\\\/la-catedra-reciplasa-aprueba-la-memoria-de-actividades-de-2023-y-presenta-las-actividades-para-el-proximo-ano\\\/\",\"name\":\"La C\u00e1tedra Reciplasa aprueba la memoria de actividades de 2023 y presenta las actividades para el pr\u00f3ximo a\u00f1o - RECIPLASA\",\"isPartOf\":{\"@id\":\"https:\\\/\\\/www.reciplasa.es\\\/#website\"},\"primaryImageOfPage\":{\"@id\":\"https:\\\/\\\/www.reciplasa.es\\\/la-catedra-reciplasa-aprueba-la-memoria-de-actividades-de-2023-y-presenta-las-actividades-para-el-proximo-ano\\\/#primaryimage\"},\"image\":{\"@id\":\"https:\\\/\\\/www.reciplasa.es\\\/la-catedra-reciplasa-aprueba-la-memoria-de-actividades-de-2023-y-presenta-las-actividades-para-el-proximo-ano\\\/#primaryimage\"},\"thumbnailUrl\":\"https:\\\/\\\/www.reciplasa.es\\\/wp-content\\\/uploads\\\/2023\\\/12\\\/Reciplasa-firma-catedra-scaled.jpg\",\"datePublished\":\"2023-12-15T08:10:22+00:00\",\"author\":{\"@id\":\"https:\\\/\\\/www.reciplasa.es\\\/#\\\/schema\\\/person\\\/608ffc094e3c56d49e6c6ec8f1ea0e82\"},\"breadcrumb\":{\"@id\":\"https:\\\/\\\/www.reciplasa.es\\\/la-catedra-reciplasa-aprueba-la-memoria-de-actividades-de-2023-y-presenta-las-actividades-para-el-proximo-ano\\\/#breadcrumb\"},\"inLanguage\":\"va-VA\",\"potentialAction\":[{\"@type\":\"ReadAction\",\"target\":[\"https:\\\/\\\/www.reciplasa.es\\\/la-catedra-reciplasa-aprueba-la-memoria-de-actividades-de-2023-y-presenta-las-actividades-para-el-proximo-ano\\\/\"]}]},{\"@type\":\"ImageObject\",\"inLanguage\":\"va-VA\",\"@id\":\"https:\\\/\\\/www.reciplasa.es\\\/la-catedra-reciplasa-aprueba-la-memoria-de-actividades-de-2023-y-presenta-las-actividades-para-el-proximo-ano\\\/#primaryimage\",\"url\":\"https:\\\/\\\/www.reciplasa.es\\\/wp-content\\\/uploads\\\/2023\\\/12\\\/Reciplasa-firma-catedra-scaled.jpg\",\"contentUrl\":\"https:\\\/\\\/www.reciplasa.es\\\/wp-content\\\/uploads\\\/2023\\\/12\\\/Reciplasa-firma-catedra-scaled.jpg\",\"width\":2560,\"height\":1707},{\"@type\":\"BreadcrumbList\",\"@id\":\"https:\\\/\\\/www.reciplasa.es\\\/la-catedra-reciplasa-aprueba-la-memoria-de-actividades-de-2023-y-presenta-las-actividades-para-el-proximo-ano\\\/#breadcrumb\",\"itemListElement\":[{\"@type\":\"ListItem\",\"position\":1,\"name\":\"Portada\",\"item\":\"https:\\\/\\\/www.reciplasa.es\\\/va\\\/\"},{\"@type\":\"ListItem\",\"position\":2,\"name\":\"La C\u00e1tedra Reciplasa aprueba la memoria de actividades de 2023 y presenta las actividades para el pr\u00f3ximo a\u00f1o\"}]},{\"@type\":\"WebSite\",\"@id\":\"https:\\\/\\\/www.reciplasa.es\\\/#website\",\"url\":\"https:\\\/\\\/www.reciplasa.es\\\/\",\"name\":\"RECIPLASA\",\"description\":\"Reciclats de Residus La Plana SA\",\"potentialAction\":[{\"@type\":\"SearchAction\",\"target\":{\"@type\":\"EntryPoint\",\"urlTemplate\":\"https:\\\/\\\/www.reciplasa.es\\\/?s={search_term_string}\"},\"query-input\":{\"@type\":\"PropertyValueSpecification\",\"valueRequired\":true,\"valueName\":\"search_term_string\"}}],\"inLanguage\":\"va-VA\"},{\"@type\":\"Person\",\"@id\":\"https:\\\/\\\/www.reciplasa.es\\\/#\\\/schema\\\/person\\\/608ffc094e3c56d49e6c6ec8f1ea0e82\",\"name\":\"Cristina Marco\",\"image\":{\"@type\":\"ImageObject\",\"inLanguage\":\"va-VA\",\"@id\":\"https:\\\/\\\/secure.gravatar.com\\\/avatar\\\/6da7e00dc41d26d3c4245f3b2d70d687293df0dfc18f03719354383f7be4f34b?s=96&d=mm&r=g\",\"url\":\"https:\\\/\\\/secure.gravatar.com\\\/avatar\\\/6da7e00dc41d26d3c4245f3b2d70d687293df0dfc18f03719354383f7be4f34b?s=96&d=mm&r=g\",\"contentUrl\":\"https:\\\/\\\/secure.gravatar.com\\\/avatar\\\/6da7e00dc41d26d3c4245f3b2d70d687293df0dfc18f03719354383f7be4f34b?s=96&d=mm&r=g\",\"caption\":\"Cristina Marco\"},\"url\":\"https:\\\/\\\/www.reciplasa.es\\\/va\\\/author\\\/cristina\\\/\"}]}<\/script>\n<!-- \/ Yoast SEO plugin. -->","yoast_head_json":{"title":"La C\u00e1tedra Reciplasa aprueba la memoria de actividades de 2023 y presenta las actividades para el pr\u00f3ximo a\u00f1o - RECIPLASA","robots":{"index":"index","follow":"follow","max-snippet":"max-snippet:-1","max-image-preview":"max-image-preview:large","max-video-preview":"max-video-preview:-1"},"canonical":"https:\/\/www.reciplasa.es\/la-catedra-reciplasa-aprueba-la-memoria-de-actividades-de-2023-y-presenta-las-actividades-para-el-proximo-ano\/","og_locale":"en_US","og_type":"article","og_title":"La C\u00e1tedra Reciplasa aprueba la memoria de actividades de 2023 y presenta las actividades para el pr\u00f3ximo a\u00f1o - RECIPLASA","og_description":"Los representantes de la Universitat Jaume I y de Reciplasa, que componen la comisi\u00f3n mixta de seguimiento de las actividades de la C\u00e1tedra, se han reunido para aprobar la memoria de actividades llevadas a cabo en 2023 y la propuesta de actividades para 2024. En 2024, se prev\u00e9 organizar una jornada cient\u00edfica sobre alguno deDale que hay m\u00e1s ...","og_url":"https:\/\/www.reciplasa.es\/la-catedra-reciplasa-aprueba-la-memoria-de-actividades-de-2023-y-presenta-las-actividades-para-el-proximo-ano\/","og_site_name":"RECIPLASA","article_published_time":"2023-12-15T08:10:22+00:00","og_image":[{"width":2560,"height":1707,"url":"https:\/\/www.reciplasa.es\/wp-content\/uploads\/2023\/12\/Reciplasa-firma-catedra-scaled.jpg","type":"image\/jpeg"}],"author":"Cristina Marco","twitter_card":"summary_large_image","twitter_misc":{"Written by":"Cristina Marco","Est. reading time":"2 minutes"},"schema":{"@context":"https:\/\/schema.org","@graph":[{"@type":"Article","@id":"https:\/\/www.reciplasa.es\/la-catedra-reciplasa-aprueba-la-memoria-de-actividades-de-2023-y-presenta-las-actividades-para-el-proximo-ano\/#article","isPartOf":{"@id":"https:\/\/www.reciplasa.es\/la-catedra-reciplasa-aprueba-la-memoria-de-actividades-de-2023-y-presenta-las-actividades-para-el-proximo-ano\/"},"author":{"name":"Cristina Marco","@id":"https:\/\/www.reciplasa.es\/#\/schema\/person\/608ffc094e3c56d49e6c6ec8f1ea0e82"},"headline":"La C\u00e1tedra Reciplasa aprueba la memoria de actividades de 2023 y presenta las actividades para el pr\u00f3ximo a\u00f1o","datePublished":"2023-12-15T08:10:22+00:00","mainEntityOfPage":{"@id":"https:\/\/www.reciplasa.es\/la-catedra-reciplasa-aprueba-la-memoria-de-actividades-de-2023-y-presenta-las-actividades-para-el-proximo-ano\/"},"wordCount":292,"image":{"@id":"https:\/\/www.reciplasa.es\/la-catedra-reciplasa-aprueba-la-memoria-de-actividades-de-2023-y-presenta-las-actividades-para-el-proximo-ano\/#primaryimage"},"thumbnailUrl":"https:\/\/www.reciplasa.es\/wp-content\/uploads\/2023\/12\/Reciplasa-firma-catedra-scaled.jpg","articleSection":["Catedra-Reciplasa-UJI"],"inLanguage":"va-VA"},{"@type":"WebPage","@id":"https:\/\/www.reciplasa.es\/la-catedra-reciplasa-aprueba-la-memoria-de-actividades-de-2023-y-presenta-las-actividades-para-el-proximo-ano\/","url":"https:\/\/www.reciplasa.es\/la-catedra-reciplasa-aprueba-la-memoria-de-actividades-de-2023-y-presenta-las-actividades-para-el-proximo-ano\/","name":"La C\u00e1tedra Reciplasa aprueba la memoria de actividades de 2023 y presenta las actividades para el pr\u00f3ximo a\u00f1o - RECIPLASA","isPartOf":{"@id":"https:\/\/www.reciplasa.es\/#website"},"primaryImageOfPage":{"@id":"https:\/\/www.reciplasa.es\/la-catedra-reciplasa-aprueba-la-memoria-de-actividades-de-2023-y-presenta-las-actividades-para-el-proximo-ano\/#primaryimage"},"image":{"@id":"https:\/\/www.reciplasa.es\/la-catedra-reciplasa-aprueba-la-memoria-de-actividades-de-2023-y-presenta-las-actividades-para-el-proximo-ano\/#primaryimage"},"thumbnailUrl":"https:\/\/www.reciplasa.es\/wp-content\/uploads\/2023\/12\/Reciplasa-firma-catedra-scaled.jpg","datePublished":"2023-12-15T08:10:22+00:00","author":{"@id":"https:\/\/www.reciplasa.es\/#\/schema\/person\/608ffc094e3c56d49e6c6ec8f1ea0e82"},"breadcrumb":{"@id":"https:\/\/www.reciplasa.es\/la-catedra-reciplasa-aprueba-la-memoria-de-actividades-de-2023-y-presenta-las-actividades-para-el-proximo-ano\/#breadcrumb"},"inLanguage":"va-VA","potentialAction":[{"@type":"ReadAction","target":["https:\/\/www.reciplasa.es\/la-catedra-reciplasa-aprueba-la-memoria-de-actividades-de-2023-y-presenta-las-actividades-para-el-proximo-ano\/"]}]},{"@type":"ImageObject","inLanguage":"va-VA","@id":"https:\/\/www.reciplasa.es\/la-catedra-reciplasa-aprueba-la-memoria-de-actividades-de-2023-y-presenta-las-actividades-para-el-proximo-ano\/#primaryimage","url":"https:\/\/www.reciplasa.es\/wp-content\/uploads\/2023\/12\/Reciplasa-firma-catedra-scaled.jpg","contentUrl":"https:\/\/www.reciplasa.es\/wp-content\/uploads\/2023\/12\/Reciplasa-firma-catedra-scaled.jpg","width":2560,"height":1707},{"@type":"BreadcrumbList","@id":"https:\/\/www.reciplasa.es\/la-catedra-reciplasa-aprueba-la-memoria-de-actividades-de-2023-y-presenta-las-actividades-para-el-proximo-ano\/#breadcrumb","itemListElement":[{"@type":"ListItem","position":1,"name":"Portada","item":"https:\/\/www.reciplasa.es\/va\/"},{"@type":"ListItem","position":2,"name":"La C\u00e1tedra Reciplasa aprueba la memoria de actividades de 2023 y presenta las actividades para el pr\u00f3ximo a\u00f1o"}]},{"@type":"WebSite","@id":"https:\/\/www.reciplasa.es\/#website","url":"https:\/\/www.reciplasa.es\/","name":"RECIPLASA","description":"Reciclats de Residus La Plana SA","potentialAction":[{"@type":"SearchAction","target":{"@type":"EntryPoint","urlTemplate":"https:\/\/www.reciplasa.es\/?s={search_term_string}"},"query-input":{"@type":"PropertyValueSpecification","valueRequired":true,"valueName":"search_term_string"}}],"inLanguage":"va-VA"},{"@type":"Person","@id":"https:\/\/www.reciplasa.es\/#\/schema\/person\/608ffc094e3c56d49e6c6ec8f1ea0e82","name":"Cristina Marco","image":{"@type":"ImageObject","inLanguage":"va-VA","@id":"https:\/\/secure.gravatar.com\/avatar\/6da7e00dc41d26d3c4245f3b2d70d687293df0dfc18f03719354383f7be4f34b?s=96&d=mm&r=g","url":"https:\/\/secure.gravatar.com\/avatar\/6da7e00dc41d26d3c4245f3b2d70d687293df0dfc18f03719354383f7be4f34b?s=96&d=mm&r=g","contentUrl":"https:\/\/secure.gravatar.com\/avatar\/6da7e00dc41d26d3c4245f3b2d70d687293df0dfc18f03719354383f7be4f34b?s=96&d=mm&r=g","caption":"Cristina Marco"},"url":"https:\/\/www.reciplasa.es\/va\/author\/cristina\/"}]}},"_links":{"self":[{"href":"https:\/\/www.reciplasa.es\/va\/wp-json\/wp\/v2\/posts\/15829","targetHints":{"allow":["GET"]}}],"collection":[{"href":"https:\/\/www.reciplasa.es\/va\/wp-json\/wp\/v2\/posts"}],"about":[{"href":"https:\/\/www.reciplasa.es\/va\/wp-json\/wp\/v2\/types\/post"}],"author":[{"embeddable":true,"href":"https:\/\/www.reciplasa.es\/va\/wp-json\/wp\/v2\/users\/3"}],"replies":[{"embeddable":true,"href":"https:\/\/www.reciplasa.es\/va\/wp-json\/wp\/v2\/comments?post=15829"}],"version-history":[{"count":1,"href":"https:\/\/www.reciplasa.es\/va\/wp-json\/wp\/v2\/posts\/15829\/revisions"}],"predecessor-version":[{"id":15832,"href":"https:\/\/www.reciplasa.es\/va\/wp-json\/wp\/v2\/posts\/15829\/revisions\/15832"}],"wp:featuredmedia":[{"embeddable":true,"href":"https:\/\/www.reciplasa.es\/va\/wp-json\/wp\/v2\/media\/15830"}],"wp:attachment":[{"href":"https:\/\/www.reciplasa.es\/va\/wp-json\/wp\/v2\/media?parent=15829"}],"wp:term":[{"taxonomy":"category","embeddable":true,"href":"https:\/\/www.reciplasa.es\/va\/wp-json\/wp\/v2\/categories?post=15829"},{"taxonomy":"post_tag","embeddable":true,"href":"https:\/\/www.reciplasa.es\/va\/wp-json\/wp\/v2\/tags?post=15829"}],"curies":[{"name":"wp","href":"https:\/\/api.w.org\/{rel}","templated":true}]}}