{"id":15847,"date":"2024-01-23T15:15:47","date_gmt":"2024-01-23T15:15:47","guid":{"rendered":"https:\/\/www.reciplasa.es\/?p=15847\/"},"modified":"2024-01-23T15:17:56","modified_gmt":"2024-01-23T15:17:56","slug":"reciplasa-invierte-200-000-euros-en-proyectos-medioambientales-en-ocho-municipios-de-la-provincia-de-castellon","status":"publish","type":"post","link":"https:\/\/www.reciplasa.es\/va\/reciplasa-invierte-200-000-euros-en-proyectos-medioambientales-en-ocho-municipios-de-la-provincia-de-castellon\/","title":{"rendered":"Reciplasa invierte 200.000 euros en proyectos medioambientales en ocho municipios de la provincia de Castell\u00f3n"},"content":{"rendered":"<h5><em><span style=\"font-weight: 400;\"> La finalidad de las actuaciones es mejorar la gesti\u00f3n de residuos este 2024 en Almazora, Benic\u00e0ssim, Betx\u00ed, Burriana, Castell\u00f3n, l\u2019Alcora, Onda y Vila-real<\/span><\/em><\/h5>\n<p class=\"p1\">La empresa p\u00fablica Reciplasa financia con 200.000 euros ocho proyectos medioambientales en las localidades de Almazora, Benic\u00e0ssim, Betx\u00ed, Burriana, Castell\u00f3n, l\u2019Alcora, Onda y Vila-real. Estas actuaciones tendr\u00e1n que ejecutarse este 2024 y van dirigidas a educar, concienciar o mejorar en el tratamiento de los residuos. La presidenta de Reciplasa, Bego\u00f1a Carrasco, explica que \u201cestos planes que desarrollan los municipios con la colaboraci\u00f3n de Reciplasa permiten que cada ciudad los adapte a sus necesidades. Buscamos la colaboraci\u00f3n entre entidades para que entre todas y todos podamos mejorar en la gesti\u00f3n que hacemos de los residuos que se generan en las ciudades\u201d.<\/p>\n<p class=\"p1\">Cada Ayuntamiento ha presentado un proyecto adaptado a las necesidades de su municipio. <strong>Almazora<\/strong> instalar\u00e1 un punto limpio de proximidad en la playa para residuos de origen domiciliario de tama\u00f1o peque\u00f1o y mediano que no pueden ser depositados en los contenedores de la v\u00eda p\u00fablica. <strong>Benic\u00e0ssim<\/strong> apuesta por la educaci\u00f3n ambiental, difundiendo el Plan Local de Residuos a grandes productores del municipio con charlas y visitas a comercios y servicios, entre otras acciones. <strong>Betx\u00ed<\/strong> repartir\u00e1 900 porta bocadillos reutilizables en los colegios y organizar\u00e1 dos jornadas de limpieza de residuos en la Monta\u00f1eta de Sant Antoni, con el fin de concienciar sobre la correcta gesti\u00f3n de los residuos.<\/p>\n<p class=\"p1\"><strong>Burriana<\/strong> establecer\u00e1 cuatro miniecoparques, 12 papeleras de recogida selectiva en colegios, 20 contenedores de papel y cart\u00f3n y prev\u00e9 el desmantelamiento de 17 contenedores soterrados y su reposici\u00f3n mediante contenedores de superficie. <strong>Castell\u00f3n<\/strong> instalar\u00e1 seis puntos limpios de proximidad donde depositar residuos como son utensilios de cocina, RAEEs, bombillas o t\u00f3neres. <strong>L\u2019Alcora<\/strong> realizar\u00e1 un estudio para la implantaci\u00f3n de la tasa de residuos y la redacci\u00f3n de la ordenanza fiscal.<\/p>\n<p class=\"p1\"><strong>Onda<\/strong> opta por la adquisici\u00f3n de 12 contenedores de papel y cart\u00f3n en puntos que carecen de este tipo de recogida. En cambio, <strong>Vila-real<\/strong> acumula las convocatorias de 2023, 2024 y 2025 de esta ayuda de Reciplasa para tramitar una licitaci\u00f3n que tendr\u00e1 por objeto la revisi\u00f3n del Plan Local de Residuos y la redacci\u00f3n de la Ordenanza Fiscal de Residuos, adem\u00e1s de inversi\u00f3n a determinar asociada con la recogida selectiva de la materia org\u00e1nica.<\/p>\n","protected":false},"excerpt":{"rendered":"<p>La finalidad de las actuaciones es mejorar la gesti\u00f3n de residuos este 2024 en Almazora, Benic\u00e0ssim, Betx\u00ed, Burriana, Castell\u00f3n, l\u2019Alcora, Onda y Vila-real La empresa p\u00fablica Reciplasa financia con 200.000 euros ocho proyectos medioambientales en las localidades de Almazora, Benic\u00e0ssim, Betx\u00ed, Burriana, Castell\u00f3n, l\u2019Alcora, Onda y Vila-real. Estas actuaciones tendr\u00e1n que ejecutarse este 2024 yDale que hay m\u00e1s &#8230;<\/p>\n","protected":false},"author":3,"featured_media":15848,"comment_status":"closed","ping_status":"closed","sticky":false,"template":"","format":"standard","meta":{"footnotes":""},"categories":[3],"tags":[],"class_list":["post-15847","post","type-post","status-publish","format-standard","has-post-thumbnail","hentry","category-noticias-corporativas"],"yoast_head":"<!-- This site is optimized with the Yoast SEO plugin v27.4 - https:\/\/yoast.com\/product\/yoast-seo-wordpress\/ -->\n<title>Reciplasa invierte 200.000 euros en proyectos medioambientales en ocho municipios de la provincia de Castell\u00f3n - RECIPLASA<\/title>\n<meta name=\"description\" content=\"La finalidad de las actuaciones es mejorar la gesti\u00f3n de residuos este 2024 en Almazora, Benic\u00e0ssim, Betx\u00ed, Burriana, Castell\u00f3n, l\u2019Alcora, Onda y Vila-real\" \/>\n<meta name=\"robots\" content=\"index, follow, max-snippet:-1, max-image-preview:large, max-video-preview:-1\" \/>\n<link rel=\"canonical\" href=\"https:\/\/www.reciplasa.es\/reciplasa-invierte-200-000-euros-en-proyectos-medioambientales-en-ocho-municipios-de-la-provincia-de-castellon\/\" \/>\n<meta property=\"og:locale\" content=\"en_US\" \/>\n<meta property=\"og:type\" content=\"article\" \/>\n<meta property=\"og:title\" content=\"Reciplasa invierte 200.000 euros en proyectos medioambientales en ocho municipios de la provincia de Castell\u00f3n - RECIPLASA\" \/>\n<meta property=\"og:description\" content=\"La finalidad de las actuaciones es mejorar la gesti\u00f3n de residuos este 2024 en Almazora, Benic\u00e0ssim, Betx\u00ed, Burriana, Castell\u00f3n, l\u2019Alcora, Onda y Vila-real\" \/>\n<meta property=\"og:url\" content=\"https:\/\/www.reciplasa.es\/reciplasa-invierte-200-000-euros-en-proyectos-medioambientales-en-ocho-municipios-de-la-provincia-de-castellon\/\" \/>\n<meta property=\"og:site_name\" content=\"RECIPLASA\" \/>\n<meta property=\"article:published_time\" content=\"2024-01-23T15:15:47+00:00\" \/>\n<meta property=\"article:modified_time\" content=\"2024-01-23T15:17:56+00:00\" \/>\n<meta property=\"og:image\" content=\"https:\/\/www.reciplasa.es\/wp-content\/uploads\/2024\/01\/Consejo-administracio\u0301n-23-1-2024-scaled.jpg\" \/>\n\t<meta property=\"og:image:width\" content=\"2560\" \/>\n\t<meta property=\"og:image:height\" content=\"1707\" \/>\n\t<meta property=\"og:image:type\" content=\"image\/jpeg\" \/>\n<meta name=\"author\" content=\"Cristina Marco\" \/>\n<meta name=\"twitter:card\" content=\"summary_large_image\" \/>\n<meta name=\"twitter:label1\" content=\"Written by\" \/>\n\t<meta name=\"twitter:data1\" content=\"Cristina Marco\" \/>\n\t<meta name=\"twitter:label2\" content=\"Est. reading time\" \/>\n\t<meta name=\"twitter:data2\" content=\"2 minutes\" \/>\n<script type=\"application\/ld+json\" class=\"yoast-schema-graph\">{\"@context\":\"https:\\\/\\\/schema.org\",\"@graph\":[{\"@type\":\"Article\",\"@id\":\"https:\\\/\\\/www.reciplasa.es\\\/reciplasa-invierte-200-000-euros-en-proyectos-medioambientales-en-ocho-municipios-de-la-provincia-de-castellon\\\/#article\",\"isPartOf\":{\"@id\":\"https:\\\/\\\/www.reciplasa.es\\\/reciplasa-invierte-200-000-euros-en-proyectos-medioambientales-en-ocho-municipios-de-la-provincia-de-castellon\\\/\"},\"author\":{\"name\":\"Cristina Marco\",\"@id\":\"https:\\\/\\\/www.reciplasa.es\\\/#\\\/schema\\\/person\\\/608ffc094e3c56d49e6c6ec8f1ea0e82\"},\"headline\":\"Reciplasa invierte 200.000 euros en proyectos medioambientales en ocho municipios de la provincia de Castell\u00f3n\",\"datePublished\":\"2024-01-23T15:15:47+00:00\",\"dateModified\":\"2024-01-23T15:17:56+00:00\",\"mainEntityOfPage\":{\"@id\":\"https:\\\/\\\/www.reciplasa.es\\\/reciplasa-invierte-200-000-euros-en-proyectos-medioambientales-en-ocho-municipios-de-la-provincia-de-castellon\\\/\"},\"wordCount\":416,\"image\":{\"@id\":\"https:\\\/\\\/www.reciplasa.es\\\/reciplasa-invierte-200-000-euros-en-proyectos-medioambientales-en-ocho-municipios-de-la-provincia-de-castellon\\\/#primaryimage\"},\"thumbnailUrl\":\"https:\\\/\\\/www.reciplasa.es\\\/wp-content\\\/uploads\\\/2024\\\/01\\\/Consejo-administracio\u0301n-23-1-2024-scaled.jpg\",\"articleSection\":[\"Noticias corporativas\"],\"inLanguage\":\"va-VA\"},{\"@type\":\"WebPage\",\"@id\":\"https:\\\/\\\/www.reciplasa.es\\\/reciplasa-invierte-200-000-euros-en-proyectos-medioambientales-en-ocho-municipios-de-la-provincia-de-castellon\\\/\",\"url\":\"https:\\\/\\\/www.reciplasa.es\\\/reciplasa-invierte-200-000-euros-en-proyectos-medioambientales-en-ocho-municipios-de-la-provincia-de-castellon\\\/\",\"name\":\"Reciplasa invierte 200.000 euros en proyectos medioambientales en ocho municipios de la provincia de Castell\u00f3n - RECIPLASA\",\"isPartOf\":{\"@id\":\"https:\\\/\\\/www.reciplasa.es\\\/#website\"},\"primaryImageOfPage\":{\"@id\":\"https:\\\/\\\/www.reciplasa.es\\\/reciplasa-invierte-200-000-euros-en-proyectos-medioambientales-en-ocho-municipios-de-la-provincia-de-castellon\\\/#primaryimage\"},\"image\":{\"@id\":\"https:\\\/\\\/www.reciplasa.es\\\/reciplasa-invierte-200-000-euros-en-proyectos-medioambientales-en-ocho-municipios-de-la-provincia-de-castellon\\\/#primaryimage\"},\"thumbnailUrl\":\"https:\\\/\\\/www.reciplasa.es\\\/wp-content\\\/uploads\\\/2024\\\/01\\\/Consejo-administracio\u0301n-23-1-2024-scaled.jpg\",\"datePublished\":\"2024-01-23T15:15:47+00:00\",\"dateModified\":\"2024-01-23T15:17:56+00:00\",\"author\":{\"@id\":\"https:\\\/\\\/www.reciplasa.es\\\/#\\\/schema\\\/person\\\/608ffc094e3c56d49e6c6ec8f1ea0e82\"},\"description\":\"La finalidad de las actuaciones es mejorar la gesti\u00f3n de residuos este 2024 en Almazora, Benic\u00e0ssim, Betx\u00ed, Burriana, Castell\u00f3n, l\u2019Alcora, Onda y Vila-real\",\"breadcrumb\":{\"@id\":\"https:\\\/\\\/www.reciplasa.es\\\/reciplasa-invierte-200-000-euros-en-proyectos-medioambientales-en-ocho-municipios-de-la-provincia-de-castellon\\\/#breadcrumb\"},\"inLanguage\":\"va-VA\",\"potentialAction\":[{\"@type\":\"ReadAction\",\"target\":[\"https:\\\/\\\/www.reciplasa.es\\\/reciplasa-invierte-200-000-euros-en-proyectos-medioambientales-en-ocho-municipios-de-la-provincia-de-castellon\\\/\"]}]},{\"@type\":\"ImageObject\",\"inLanguage\":\"va-VA\",\"@id\":\"https:\\\/\\\/www.reciplasa.es\\\/reciplasa-invierte-200-000-euros-en-proyectos-medioambientales-en-ocho-municipios-de-la-provincia-de-castellon\\\/#primaryimage\",\"url\":\"https:\\\/\\\/www.reciplasa.es\\\/wp-content\\\/uploads\\\/2024\\\/01\\\/Consejo-administracio\u0301n-23-1-2024-scaled.jpg\",\"contentUrl\":\"https:\\\/\\\/www.reciplasa.es\\\/wp-content\\\/uploads\\\/2024\\\/01\\\/Consejo-administracio\u0301n-23-1-2024-scaled.jpg\",\"width\":2560,\"height\":1707},{\"@type\":\"BreadcrumbList\",\"@id\":\"https:\\\/\\\/www.reciplasa.es\\\/reciplasa-invierte-200-000-euros-en-proyectos-medioambientales-en-ocho-municipios-de-la-provincia-de-castellon\\\/#breadcrumb\",\"itemListElement\":[{\"@type\":\"ListItem\",\"position\":1,\"name\":\"Portada\",\"item\":\"https:\\\/\\\/www.reciplasa.es\\\/va\\\/\"},{\"@type\":\"ListItem\",\"position\":2,\"name\":\"Reciplasa invierte 200.000 euros en proyectos medioambientales en ocho municipios de la provincia de Castell\u00f3n\"}]},{\"@type\":\"WebSite\",\"@id\":\"https:\\\/\\\/www.reciplasa.es\\\/#website\",\"url\":\"https:\\\/\\\/www.reciplasa.es\\\/\",\"name\":\"RECIPLASA\",\"description\":\"Reciclats de Residus La Plana SA\",\"potentialAction\":[{\"@type\":\"SearchAction\",\"target\":{\"@type\":\"EntryPoint\",\"urlTemplate\":\"https:\\\/\\\/www.reciplasa.es\\\/?s={search_term_string}\"},\"query-input\":{\"@type\":\"PropertyValueSpecification\",\"valueRequired\":true,\"valueName\":\"search_term_string\"}}],\"inLanguage\":\"va-VA\"},{\"@type\":\"Person\",\"@id\":\"https:\\\/\\\/www.reciplasa.es\\\/#\\\/schema\\\/person\\\/608ffc094e3c56d49e6c6ec8f1ea0e82\",\"name\":\"Cristina Marco\",\"image\":{\"@type\":\"ImageObject\",\"inLanguage\":\"va-VA\",\"@id\":\"https:\\\/\\\/secure.gravatar.com\\\/avatar\\\/6da7e00dc41d26d3c4245f3b2d70d687293df0dfc18f03719354383f7be4f34b?s=96&d=mm&r=g\",\"url\":\"https:\\\/\\\/secure.gravatar.com\\\/avatar\\\/6da7e00dc41d26d3c4245f3b2d70d687293df0dfc18f03719354383f7be4f34b?s=96&d=mm&r=g\",\"contentUrl\":\"https:\\\/\\\/secure.gravatar.com\\\/avatar\\\/6da7e00dc41d26d3c4245f3b2d70d687293df0dfc18f03719354383f7be4f34b?s=96&d=mm&r=g\",\"caption\":\"Cristina Marco\"},\"url\":\"https:\\\/\\\/www.reciplasa.es\\\/va\\\/author\\\/cristina\\\/\"}]}<\/script>\n<!-- \/ Yoast SEO plugin. -->","yoast_head_json":{"title":"Reciplasa invierte 200.000 euros en proyectos medioambientales en ocho municipios de la provincia de Castell\u00f3n - RECIPLASA","description":"La finalidad de las actuaciones es mejorar la gesti\u00f3n de residuos este 2024 en Almazora, Benic\u00e0ssim, Betx\u00ed, Burriana, Castell\u00f3n, l\u2019Alcora, Onda y Vila-real","robots":{"index":"index","follow":"follow","max-snippet":"max-snippet:-1","max-image-preview":"max-image-preview:large","max-video-preview":"max-video-preview:-1"},"canonical":"https:\/\/www.reciplasa.es\/reciplasa-invierte-200-000-euros-en-proyectos-medioambientales-en-ocho-municipios-de-la-provincia-de-castellon\/","og_locale":"en_US","og_type":"article","og_title":"Reciplasa invierte 200.000 euros en proyectos medioambientales en ocho municipios de la provincia de Castell\u00f3n - RECIPLASA","og_description":"La finalidad de las actuaciones es mejorar la gesti\u00f3n de residuos este 2024 en Almazora, Benic\u00e0ssim, Betx\u00ed, Burriana, Castell\u00f3n, l\u2019Alcora, Onda y Vila-real","og_url":"https:\/\/www.reciplasa.es\/reciplasa-invierte-200-000-euros-en-proyectos-medioambientales-en-ocho-municipios-de-la-provincia-de-castellon\/","og_site_name":"RECIPLASA","article_published_time":"2024-01-23T15:15:47+00:00","article_modified_time":"2024-01-23T15:17:56+00:00","og_image":[{"width":2560,"height":1707,"url":"https:\/\/www.reciplasa.es\/wp-content\/uploads\/2024\/01\/Consejo-administracio\u0301n-23-1-2024-scaled.jpg","type":"image\/jpeg"}],"author":"Cristina Marco","twitter_card":"summary_large_image","twitter_misc":{"Written by":"Cristina Marco","Est. reading time":"2 minutes"},"schema":{"@context":"https:\/\/schema.org","@graph":[{"@type":"Article","@id":"https:\/\/www.reciplasa.es\/reciplasa-invierte-200-000-euros-en-proyectos-medioambientales-en-ocho-municipios-de-la-provincia-de-castellon\/#article","isPartOf":{"@id":"https:\/\/www.reciplasa.es\/reciplasa-invierte-200-000-euros-en-proyectos-medioambientales-en-ocho-municipios-de-la-provincia-de-castellon\/"},"author":{"name":"Cristina Marco","@id":"https:\/\/www.reciplasa.es\/#\/schema\/person\/608ffc094e3c56d49e6c6ec8f1ea0e82"},"headline":"Reciplasa invierte 200.000 euros en proyectos medioambientales en ocho municipios de la provincia de Castell\u00f3n","datePublished":"2024-01-23T15:15:47+00:00","dateModified":"2024-01-23T15:17:56+00:00","mainEntityOfPage":{"@id":"https:\/\/www.reciplasa.es\/reciplasa-invierte-200-000-euros-en-proyectos-medioambientales-en-ocho-municipios-de-la-provincia-de-castellon\/"},"wordCount":416,"image":{"@id":"https:\/\/www.reciplasa.es\/reciplasa-invierte-200-000-euros-en-proyectos-medioambientales-en-ocho-municipios-de-la-provincia-de-castellon\/#primaryimage"},"thumbnailUrl":"https:\/\/www.reciplasa.es\/wp-content\/uploads\/2024\/01\/Consejo-administracio\u0301n-23-1-2024-scaled.jpg","articleSection":["Noticias corporativas"],"inLanguage":"va-VA"},{"@type":"WebPage","@id":"https:\/\/www.reciplasa.es\/reciplasa-invierte-200-000-euros-en-proyectos-medioambientales-en-ocho-municipios-de-la-provincia-de-castellon\/","url":"https:\/\/www.reciplasa.es\/reciplasa-invierte-200-000-euros-en-proyectos-medioambientales-en-ocho-municipios-de-la-provincia-de-castellon\/","name":"Reciplasa invierte 200.000 euros en proyectos medioambientales en ocho municipios de la provincia de Castell\u00f3n - RECIPLASA","isPartOf":{"@id":"https:\/\/www.reciplasa.es\/#website"},"primaryImageOfPage":{"@id":"https:\/\/www.reciplasa.es\/reciplasa-invierte-200-000-euros-en-proyectos-medioambientales-en-ocho-municipios-de-la-provincia-de-castellon\/#primaryimage"},"image":{"@id":"https:\/\/www.reciplasa.es\/reciplasa-invierte-200-000-euros-en-proyectos-medioambientales-en-ocho-municipios-de-la-provincia-de-castellon\/#primaryimage"},"thumbnailUrl":"https:\/\/www.reciplasa.es\/wp-content\/uploads\/2024\/01\/Consejo-administracio\u0301n-23-1-2024-scaled.jpg","datePublished":"2024-01-23T15:15:47+00:00","dateModified":"2024-01-23T15:17:56+00:00","author":{"@id":"https:\/\/www.reciplasa.es\/#\/schema\/person\/608ffc094e3c56d49e6c6ec8f1ea0e82"},"description":"La finalidad de las actuaciones es mejorar la gesti\u00f3n de residuos este 2024 en Almazora, Benic\u00e0ssim, Betx\u00ed, Burriana, Castell\u00f3n, l\u2019Alcora, Onda y Vila-real","breadcrumb":{"@id":"https:\/\/www.reciplasa.es\/reciplasa-invierte-200-000-euros-en-proyectos-medioambientales-en-ocho-municipios-de-la-provincia-de-castellon\/#breadcrumb"},"inLanguage":"va-VA","potentialAction":[{"@type":"ReadAction","target":["https:\/\/www.reciplasa.es\/reciplasa-invierte-200-000-euros-en-proyectos-medioambientales-en-ocho-municipios-de-la-provincia-de-castellon\/"]}]},{"@type":"ImageObject","inLanguage":"va-VA","@id":"https:\/\/www.reciplasa.es\/reciplasa-invierte-200-000-euros-en-proyectos-medioambientales-en-ocho-municipios-de-la-provincia-de-castellon\/#primaryimage","url":"https:\/\/www.reciplasa.es\/wp-content\/uploads\/2024\/01\/Consejo-administracio\u0301n-23-1-2024-scaled.jpg","contentUrl":"https:\/\/www.reciplasa.es\/wp-content\/uploads\/2024\/01\/Consejo-administracio\u0301n-23-1-2024-scaled.jpg","width":2560,"height":1707},{"@type":"BreadcrumbList","@id":"https:\/\/www.reciplasa.es\/reciplasa-invierte-200-000-euros-en-proyectos-medioambientales-en-ocho-municipios-de-la-provincia-de-castellon\/#breadcrumb","itemListElement":[{"@type":"ListItem","position":1,"name":"Portada","item":"https:\/\/www.reciplasa.es\/va\/"},{"@type":"ListItem","position":2,"name":"Reciplasa invierte 200.000 euros en proyectos medioambientales en ocho municipios de la provincia de Castell\u00f3n"}]},{"@type":"WebSite","@id":"https:\/\/www.reciplasa.es\/#website","url":"https:\/\/www.reciplasa.es\/","name":"RECIPLASA","description":"Reciclats de Residus La Plana SA","potentialAction":[{"@type":"SearchAction","target":{"@type":"EntryPoint","urlTemplate":"https:\/\/www.reciplasa.es\/?s={search_term_string}"},"query-input":{"@type":"PropertyValueSpecification","valueRequired":true,"valueName":"search_term_string"}}],"inLanguage":"va-VA"},{"@type":"Person","@id":"https:\/\/www.reciplasa.es\/#\/schema\/person\/608ffc094e3c56d49e6c6ec8f1ea0e82","name":"Cristina Marco","image":{"@type":"ImageObject","inLanguage":"va-VA","@id":"https:\/\/secure.gravatar.com\/avatar\/6da7e00dc41d26d3c4245f3b2d70d687293df0dfc18f03719354383f7be4f34b?s=96&d=mm&r=g","url":"https:\/\/secure.gravatar.com\/avatar\/6da7e00dc41d26d3c4245f3b2d70d687293df0dfc18f03719354383f7be4f34b?s=96&d=mm&r=g","contentUrl":"https:\/\/secure.gravatar.com\/avatar\/6da7e00dc41d26d3c4245f3b2d70d687293df0dfc18f03719354383f7be4f34b?s=96&d=mm&r=g","caption":"Cristina Marco"},"url":"https:\/\/www.reciplasa.es\/va\/author\/cristina\/"}]}},"_links":{"self":[{"href":"https:\/\/www.reciplasa.es\/va\/wp-json\/wp\/v2\/posts\/15847","targetHints":{"allow":["GET"]}}],"collection":[{"href":"https:\/\/www.reciplasa.es\/va\/wp-json\/wp\/v2\/posts"}],"about":[{"href":"https:\/\/www.reciplasa.es\/va\/wp-json\/wp\/v2\/types\/post"}],"author":[{"embeddable":true,"href":"https:\/\/www.reciplasa.es\/va\/wp-json\/wp\/v2\/users\/3"}],"replies":[{"embeddable":true,"href":"https:\/\/www.reciplasa.es\/va\/wp-json\/wp\/v2\/comments?post=15847"}],"version-history":[{"count":3,"href":"https:\/\/www.reciplasa.es\/va\/wp-json\/wp\/v2\/posts\/15847\/revisions"}],"predecessor-version":[{"id":15851,"href":"https:\/\/www.reciplasa.es\/va\/wp-json\/wp\/v2\/posts\/15847\/revisions\/15851"}],"wp:featuredmedia":[{"embeddable":true,"href":"https:\/\/www.reciplasa.es\/va\/wp-json\/wp\/v2\/media\/15848"}],"wp:attachment":[{"href":"https:\/\/www.reciplasa.es\/va\/wp-json\/wp\/v2\/media?parent=15847"}],"wp:term":[{"taxonomy":"category","embeddable":true,"href":"https:\/\/www.reciplasa.es\/va\/wp-json\/wp\/v2\/categories?post=15847"},{"taxonomy":"post_tag","embeddable":true,"href":"https:\/\/www.reciplasa.es\/va\/wp-json\/wp\/v2\/tags?post=15847"}],"curies":[{"name":"wp","href":"https:\/\/api.w.org\/{rel}","templated":true}]}}