{"id":15935,"date":"2024-03-13T10:09:10","date_gmt":"2024-03-13T10:09:10","guid":{"rendered":"https:\/\/www.reciplasa.es\/?p=15935\/"},"modified":"2024-03-13T10:10:15","modified_gmt":"2024-03-13T10:10:15","slug":"reciplasa-sera-la-anfitriona-de-las-xxxi-jornadas-tecnicas-de-anepma-del-22-al-24-de-octubre-de-2024","status":"publish","type":"post","link":"https:\/\/www.reciplasa.es\/va\/reciplasa-sera-la-anfitriona-de-las-xxxi-jornadas-tecnicas-de-anepma-del-22-al-24-de-octubre-de-2024\/","title":{"rendered":"Reciplasa ser\u00e1 la anfitriona de las XXXI jornadas t\u00e9cnicas de ANEPMA del 22 al 24 de octubre de 2024"},"content":{"rendered":"<h5><em><span style=\"font-weight: 400;\"> El presidente de Reciplasa, Sergio Toledo, el director t\u00e9cnico, Fernando Albarr\u00e1n, y el secretario t\u00e9cnico de ANEPMA, Juan Manuel Garc\u00eda, se han reunido para organizar las jornadas<\/span><\/em><\/h5>\n<p>Reciplasa ser\u00e1 la anfitriona de las XXXI jornadas t\u00e9cnicas de la Asociaci\u00f3n Nacional de Empresas P\u00fablicas de Medio Ambiente (ANEPMA) que se celebrar\u00e1n por primera vez en la Comunidad Valenciana. El evento tendr\u00e1 lugar en Castell\u00f3n del 22 al 24 de octubre de 2024. El presidente de Reciplasa, Sergio Toledo, el director t\u00e9cnico, Fernando Albarr\u00e1n, y el secretario t\u00e9cnico de ANEPMA, Juan Manuel Garc\u00eda, se han reunido para empezar a organizar las jornadas. Toledo destaca que \u201ces un orgullo ser los primeros en albergar este congreso en nuestra comunidad aut\u00f3noma y una gran oportunidad tener a especialistas del sector de la gesti\u00f3n de residuos de todo el pa\u00eds en nuestra ciudad\u201d.<\/p>\n<p>ANEPMA es una asociaci\u00f3n estatal formada por sociedades p\u00fablicas que gestionan servicios de medio ambiente, en especial, los relacionados con la gesti\u00f3n de residuos urbanos y la limpieza viaria. Anualmente, la asociaci\u00f3n organiza estas jornadas para reunir a todos los asociados para debatir sobre las novedades del sector y qu\u00e9 se est\u00e1 haciendo a lo largo y ancho del pa\u00eds. Asimismo, durante la celebraci\u00f3n se har\u00e1 entrega de los premios de ANEPMA en la categor\u00eda de empresa privada como sector p\u00fablico.<\/p>\n<p>Por \u00faltimo, Toledo destaca que \u201cconocer qu\u00e9 est\u00e1 pasando en nuestro entorno es una buena manera de mejorar. En definitiva, un congreso como el de ANEPMA nos debe servir para poner en com\u00fan las problem\u00e1ticas que estamos viviendo las empresas p\u00fablicas y trabajar tambi\u00e9n unidos para solucionarlas\u201d y concluye diciendo que \u201cpara Reciplasa y para Castell\u00f3n va a ser muy importante ser anfitriones en el 30 aniversario de la empresa p\u00fablica que se encarga del tratamiento de los residuos de la zona centro de la provincia de Castell\u00f3n\u201d.<\/p>\n","protected":false},"excerpt":{"rendered":"<p>El presidente de Reciplasa, Sergio Toledo, el director t\u00e9cnico, Fernando Albarr\u00e1n, y el secretario t\u00e9cnico de ANEPMA, Juan Manuel Garc\u00eda, se han reunido para organizar las jornadas Reciplasa ser\u00e1 la anfitriona de las XXXI jornadas t\u00e9cnicas de la Asociaci\u00f3n Nacional de Empresas P\u00fablicas de Medio Ambiente (ANEPMA) que se celebrar\u00e1n por primera vez en laDale que hay m\u00e1s &#8230;<\/p>\n","protected":false},"author":3,"featured_media":15936,"comment_status":"closed","ping_status":"closed","sticky":false,"template":"","format":"standard","meta":{"footnotes":""},"categories":[3],"tags":[],"class_list":["post-15935","post","type-post","status-publish","format-standard","has-post-thumbnail","hentry","category-noticias-corporativas"],"yoast_head":"<!-- This site is optimized with the Yoast SEO plugin v27.4 - https:\/\/yoast.com\/product\/yoast-seo-wordpress\/ -->\n<title>Reciplasa ser\u00e1 la anfitriona de las XXXI jornadas t\u00e9cnicas de ANEPMA del 22 al 24 de octubre de 2024 - RECIPLASA<\/title>\n<meta name=\"robots\" content=\"index, follow, max-snippet:-1, max-image-preview:large, max-video-preview:-1\" \/>\n<link rel=\"canonical\" href=\"https:\/\/www.reciplasa.es\/reciplasa-sera-la-anfitriona-de-las-xxxi-jornadas-tecnicas-de-anepma-del-22-al-24-de-octubre-de-2024\/\" \/>\n<meta property=\"og:locale\" content=\"en_US\" \/>\n<meta property=\"og:type\" content=\"article\" \/>\n<meta property=\"og:title\" content=\"Reciplasa ser\u00e1 la anfitriona de las XXXI jornadas t\u00e9cnicas de ANEPMA del 22 al 24 de octubre de 2024 - RECIPLASA\" \/>\n<meta property=\"og:description\" content=\"El presidente de Reciplasa, Sergio Toledo, el director t\u00e9cnico, Fernando Albarr\u00e1n, y el secretario t\u00e9cnico de ANEPMA, Juan Manuel Garc\u00eda, se han reunido para organizar las jornadas Reciplasa ser\u00e1 la anfitriona de las XXXI jornadas t\u00e9cnicas de la Asociaci\u00f3n Nacional de Empresas P\u00fablicas de Medio Ambiente (ANEPMA) que se celebrar\u00e1n por primera vez en laDale que hay m\u00e1s ...\" \/>\n<meta property=\"og:url\" content=\"https:\/\/www.reciplasa.es\/reciplasa-sera-la-anfitriona-de-las-xxxi-jornadas-tecnicas-de-anepma-del-22-al-24-de-octubre-de-2024\/\" \/>\n<meta property=\"og:site_name\" content=\"RECIPLASA\" \/>\n<meta property=\"article:published_time\" content=\"2024-03-13T10:09:10+00:00\" \/>\n<meta property=\"article:modified_time\" content=\"2024-03-13T10:10:15+00:00\" \/>\n<meta property=\"og:image\" content=\"https:\/\/www.reciplasa.es\/wp-content\/uploads\/2024\/03\/Reunio-ANEPMA-2024-2.jpeg\" \/>\n\t<meta property=\"og:image:width\" content=\"2048\" \/>\n\t<meta property=\"og:image:height\" content=\"1536\" \/>\n\t<meta property=\"og:image:type\" content=\"image\/jpeg\" \/>\n<meta name=\"author\" content=\"Cristina Marco\" \/>\n<meta name=\"twitter:card\" content=\"summary_large_image\" \/>\n<meta name=\"twitter:label1\" content=\"Written by\" \/>\n\t<meta name=\"twitter:data1\" content=\"Cristina Marco\" \/>\n\t<meta name=\"twitter:label2\" content=\"Est. reading time\" \/>\n\t<meta name=\"twitter:data2\" content=\"2 minutes\" \/>\n<script type=\"application\/ld+json\" class=\"yoast-schema-graph\">{\"@context\":\"https:\\\/\\\/schema.org\",\"@graph\":[{\"@type\":\"Article\",\"@id\":\"https:\\\/\\\/www.reciplasa.es\\\/reciplasa-sera-la-anfitriona-de-las-xxxi-jornadas-tecnicas-de-anepma-del-22-al-24-de-octubre-de-2024\\\/#article\",\"isPartOf\":{\"@id\":\"https:\\\/\\\/www.reciplasa.es\\\/reciplasa-sera-la-anfitriona-de-las-xxxi-jornadas-tecnicas-de-anepma-del-22-al-24-de-octubre-de-2024\\\/\"},\"author\":{\"name\":\"Cristina Marco\",\"@id\":\"https:\\\/\\\/www.reciplasa.es\\\/#\\\/schema\\\/person\\\/608ffc094e3c56d49e6c6ec8f1ea0e82\"},\"headline\":\"Reciplasa ser\u00e1 la anfitriona de las XXXI jornadas t\u00e9cnicas de ANEPMA del 22 al 24 de octubre de 2024\",\"datePublished\":\"2024-03-13T10:09:10+00:00\",\"dateModified\":\"2024-03-13T10:10:15+00:00\",\"mainEntityOfPage\":{\"@id\":\"https:\\\/\\\/www.reciplasa.es\\\/reciplasa-sera-la-anfitriona-de-las-xxxi-jornadas-tecnicas-de-anepma-del-22-al-24-de-octubre-de-2024\\\/\"},\"wordCount\":351,\"image\":{\"@id\":\"https:\\\/\\\/www.reciplasa.es\\\/reciplasa-sera-la-anfitriona-de-las-xxxi-jornadas-tecnicas-de-anepma-del-22-al-24-de-octubre-de-2024\\\/#primaryimage\"},\"thumbnailUrl\":\"https:\\\/\\\/www.reciplasa.es\\\/wp-content\\\/uploads\\\/2024\\\/03\\\/Reunio-ANEPMA-2024-2.jpeg\",\"articleSection\":[\"Noticias corporativas\"],\"inLanguage\":\"va-VA\"},{\"@type\":\"WebPage\",\"@id\":\"https:\\\/\\\/www.reciplasa.es\\\/reciplasa-sera-la-anfitriona-de-las-xxxi-jornadas-tecnicas-de-anepma-del-22-al-24-de-octubre-de-2024\\\/\",\"url\":\"https:\\\/\\\/www.reciplasa.es\\\/reciplasa-sera-la-anfitriona-de-las-xxxi-jornadas-tecnicas-de-anepma-del-22-al-24-de-octubre-de-2024\\\/\",\"name\":\"Reciplasa ser\u00e1 la anfitriona de las XXXI jornadas t\u00e9cnicas de ANEPMA del 22 al 24 de octubre de 2024 - RECIPLASA\",\"isPartOf\":{\"@id\":\"https:\\\/\\\/www.reciplasa.es\\\/#website\"},\"primaryImageOfPage\":{\"@id\":\"https:\\\/\\\/www.reciplasa.es\\\/reciplasa-sera-la-anfitriona-de-las-xxxi-jornadas-tecnicas-de-anepma-del-22-al-24-de-octubre-de-2024\\\/#primaryimage\"},\"image\":{\"@id\":\"https:\\\/\\\/www.reciplasa.es\\\/reciplasa-sera-la-anfitriona-de-las-xxxi-jornadas-tecnicas-de-anepma-del-22-al-24-de-octubre-de-2024\\\/#primaryimage\"},\"thumbnailUrl\":\"https:\\\/\\\/www.reciplasa.es\\\/wp-content\\\/uploads\\\/2024\\\/03\\\/Reunio-ANEPMA-2024-2.jpeg\",\"datePublished\":\"2024-03-13T10:09:10+00:00\",\"dateModified\":\"2024-03-13T10:10:15+00:00\",\"author\":{\"@id\":\"https:\\\/\\\/www.reciplasa.es\\\/#\\\/schema\\\/person\\\/608ffc094e3c56d49e6c6ec8f1ea0e82\"},\"breadcrumb\":{\"@id\":\"https:\\\/\\\/www.reciplasa.es\\\/reciplasa-sera-la-anfitriona-de-las-xxxi-jornadas-tecnicas-de-anepma-del-22-al-24-de-octubre-de-2024\\\/#breadcrumb\"},\"inLanguage\":\"va-VA\",\"potentialAction\":[{\"@type\":\"ReadAction\",\"target\":[\"https:\\\/\\\/www.reciplasa.es\\\/reciplasa-sera-la-anfitriona-de-las-xxxi-jornadas-tecnicas-de-anepma-del-22-al-24-de-octubre-de-2024\\\/\"]}]},{\"@type\":\"ImageObject\",\"inLanguage\":\"va-VA\",\"@id\":\"https:\\\/\\\/www.reciplasa.es\\\/reciplasa-sera-la-anfitriona-de-las-xxxi-jornadas-tecnicas-de-anepma-del-22-al-24-de-octubre-de-2024\\\/#primaryimage\",\"url\":\"https:\\\/\\\/www.reciplasa.es\\\/wp-content\\\/uploads\\\/2024\\\/03\\\/Reunio-ANEPMA-2024-2.jpeg\",\"contentUrl\":\"https:\\\/\\\/www.reciplasa.es\\\/wp-content\\\/uploads\\\/2024\\\/03\\\/Reunio-ANEPMA-2024-2.jpeg\",\"width\":2048,\"height\":1536},{\"@type\":\"BreadcrumbList\",\"@id\":\"https:\\\/\\\/www.reciplasa.es\\\/reciplasa-sera-la-anfitriona-de-las-xxxi-jornadas-tecnicas-de-anepma-del-22-al-24-de-octubre-de-2024\\\/#breadcrumb\",\"itemListElement\":[{\"@type\":\"ListItem\",\"position\":1,\"name\":\"Portada\",\"item\":\"https:\\\/\\\/www.reciplasa.es\\\/va\\\/\"},{\"@type\":\"ListItem\",\"position\":2,\"name\":\"Reciplasa ser\u00e1 la anfitriona de las XXXI jornadas t\u00e9cnicas de ANEPMA del 22 al 24 de octubre de 2024\"}]},{\"@type\":\"WebSite\",\"@id\":\"https:\\\/\\\/www.reciplasa.es\\\/#website\",\"url\":\"https:\\\/\\\/www.reciplasa.es\\\/\",\"name\":\"RECIPLASA\",\"description\":\"Reciclats de Residus La Plana SA\",\"potentialAction\":[{\"@type\":\"SearchAction\",\"target\":{\"@type\":\"EntryPoint\",\"urlTemplate\":\"https:\\\/\\\/www.reciplasa.es\\\/?s={search_term_string}\"},\"query-input\":{\"@type\":\"PropertyValueSpecification\",\"valueRequired\":true,\"valueName\":\"search_term_string\"}}],\"inLanguage\":\"va-VA\"},{\"@type\":\"Person\",\"@id\":\"https:\\\/\\\/www.reciplasa.es\\\/#\\\/schema\\\/person\\\/608ffc094e3c56d49e6c6ec8f1ea0e82\",\"name\":\"Cristina Marco\",\"image\":{\"@type\":\"ImageObject\",\"inLanguage\":\"va-VA\",\"@id\":\"https:\\\/\\\/secure.gravatar.com\\\/avatar\\\/6da7e00dc41d26d3c4245f3b2d70d687293df0dfc18f03719354383f7be4f34b?s=96&d=mm&r=g\",\"url\":\"https:\\\/\\\/secure.gravatar.com\\\/avatar\\\/6da7e00dc41d26d3c4245f3b2d70d687293df0dfc18f03719354383f7be4f34b?s=96&d=mm&r=g\",\"contentUrl\":\"https:\\\/\\\/secure.gravatar.com\\\/avatar\\\/6da7e00dc41d26d3c4245f3b2d70d687293df0dfc18f03719354383f7be4f34b?s=96&d=mm&r=g\",\"caption\":\"Cristina Marco\"},\"url\":\"https:\\\/\\\/www.reciplasa.es\\\/va\\\/author\\\/cristina\\\/\"}]}<\/script>\n<!-- \/ Yoast SEO plugin. -->","yoast_head_json":{"title":"Reciplasa ser\u00e1 la anfitriona de las XXXI jornadas t\u00e9cnicas de ANEPMA del 22 al 24 de octubre de 2024 - RECIPLASA","robots":{"index":"index","follow":"follow","max-snippet":"max-snippet:-1","max-image-preview":"max-image-preview:large","max-video-preview":"max-video-preview:-1"},"canonical":"https:\/\/www.reciplasa.es\/reciplasa-sera-la-anfitriona-de-las-xxxi-jornadas-tecnicas-de-anepma-del-22-al-24-de-octubre-de-2024\/","og_locale":"en_US","og_type":"article","og_title":"Reciplasa ser\u00e1 la anfitriona de las XXXI jornadas t\u00e9cnicas de ANEPMA del 22 al 24 de octubre de 2024 - RECIPLASA","og_description":"El presidente de Reciplasa, Sergio Toledo, el director t\u00e9cnico, Fernando Albarr\u00e1n, y el secretario t\u00e9cnico de ANEPMA, Juan Manuel Garc\u00eda, se han reunido para organizar las jornadas Reciplasa ser\u00e1 la anfitriona de las XXXI jornadas t\u00e9cnicas de la Asociaci\u00f3n Nacional de Empresas P\u00fablicas de Medio Ambiente (ANEPMA) que se celebrar\u00e1n por primera vez en laDale que hay m\u00e1s ...","og_url":"https:\/\/www.reciplasa.es\/reciplasa-sera-la-anfitriona-de-las-xxxi-jornadas-tecnicas-de-anepma-del-22-al-24-de-octubre-de-2024\/","og_site_name":"RECIPLASA","article_published_time":"2024-03-13T10:09:10+00:00","article_modified_time":"2024-03-13T10:10:15+00:00","og_image":[{"width":2048,"height":1536,"url":"https:\/\/www.reciplasa.es\/wp-content\/uploads\/2024\/03\/Reunio-ANEPMA-2024-2.jpeg","type":"image\/jpeg"}],"author":"Cristina Marco","twitter_card":"summary_large_image","twitter_misc":{"Written by":"Cristina Marco","Est. reading time":"2 minutes"},"schema":{"@context":"https:\/\/schema.org","@graph":[{"@type":"Article","@id":"https:\/\/www.reciplasa.es\/reciplasa-sera-la-anfitriona-de-las-xxxi-jornadas-tecnicas-de-anepma-del-22-al-24-de-octubre-de-2024\/#article","isPartOf":{"@id":"https:\/\/www.reciplasa.es\/reciplasa-sera-la-anfitriona-de-las-xxxi-jornadas-tecnicas-de-anepma-del-22-al-24-de-octubre-de-2024\/"},"author":{"name":"Cristina Marco","@id":"https:\/\/www.reciplasa.es\/#\/schema\/person\/608ffc094e3c56d49e6c6ec8f1ea0e82"},"headline":"Reciplasa ser\u00e1 la anfitriona de las XXXI jornadas t\u00e9cnicas de ANEPMA del 22 al 24 de octubre de 2024","datePublished":"2024-03-13T10:09:10+00:00","dateModified":"2024-03-13T10:10:15+00:00","mainEntityOfPage":{"@id":"https:\/\/www.reciplasa.es\/reciplasa-sera-la-anfitriona-de-las-xxxi-jornadas-tecnicas-de-anepma-del-22-al-24-de-octubre-de-2024\/"},"wordCount":351,"image":{"@id":"https:\/\/www.reciplasa.es\/reciplasa-sera-la-anfitriona-de-las-xxxi-jornadas-tecnicas-de-anepma-del-22-al-24-de-octubre-de-2024\/#primaryimage"},"thumbnailUrl":"https:\/\/www.reciplasa.es\/wp-content\/uploads\/2024\/03\/Reunio-ANEPMA-2024-2.jpeg","articleSection":["Noticias corporativas"],"inLanguage":"va-VA"},{"@type":"WebPage","@id":"https:\/\/www.reciplasa.es\/reciplasa-sera-la-anfitriona-de-las-xxxi-jornadas-tecnicas-de-anepma-del-22-al-24-de-octubre-de-2024\/","url":"https:\/\/www.reciplasa.es\/reciplasa-sera-la-anfitriona-de-las-xxxi-jornadas-tecnicas-de-anepma-del-22-al-24-de-octubre-de-2024\/","name":"Reciplasa ser\u00e1 la anfitriona de las XXXI jornadas t\u00e9cnicas de ANEPMA del 22 al 24 de octubre de 2024 - RECIPLASA","isPartOf":{"@id":"https:\/\/www.reciplasa.es\/#website"},"primaryImageOfPage":{"@id":"https:\/\/www.reciplasa.es\/reciplasa-sera-la-anfitriona-de-las-xxxi-jornadas-tecnicas-de-anepma-del-22-al-24-de-octubre-de-2024\/#primaryimage"},"image":{"@id":"https:\/\/www.reciplasa.es\/reciplasa-sera-la-anfitriona-de-las-xxxi-jornadas-tecnicas-de-anepma-del-22-al-24-de-octubre-de-2024\/#primaryimage"},"thumbnailUrl":"https:\/\/www.reciplasa.es\/wp-content\/uploads\/2024\/03\/Reunio-ANEPMA-2024-2.jpeg","datePublished":"2024-03-13T10:09:10+00:00","dateModified":"2024-03-13T10:10:15+00:00","author":{"@id":"https:\/\/www.reciplasa.es\/#\/schema\/person\/608ffc094e3c56d49e6c6ec8f1ea0e82"},"breadcrumb":{"@id":"https:\/\/www.reciplasa.es\/reciplasa-sera-la-anfitriona-de-las-xxxi-jornadas-tecnicas-de-anepma-del-22-al-24-de-octubre-de-2024\/#breadcrumb"},"inLanguage":"va-VA","potentialAction":[{"@type":"ReadAction","target":["https:\/\/www.reciplasa.es\/reciplasa-sera-la-anfitriona-de-las-xxxi-jornadas-tecnicas-de-anepma-del-22-al-24-de-octubre-de-2024\/"]}]},{"@type":"ImageObject","inLanguage":"va-VA","@id":"https:\/\/www.reciplasa.es\/reciplasa-sera-la-anfitriona-de-las-xxxi-jornadas-tecnicas-de-anepma-del-22-al-24-de-octubre-de-2024\/#primaryimage","url":"https:\/\/www.reciplasa.es\/wp-content\/uploads\/2024\/03\/Reunio-ANEPMA-2024-2.jpeg","contentUrl":"https:\/\/www.reciplasa.es\/wp-content\/uploads\/2024\/03\/Reunio-ANEPMA-2024-2.jpeg","width":2048,"height":1536},{"@type":"BreadcrumbList","@id":"https:\/\/www.reciplasa.es\/reciplasa-sera-la-anfitriona-de-las-xxxi-jornadas-tecnicas-de-anepma-del-22-al-24-de-octubre-de-2024\/#breadcrumb","itemListElement":[{"@type":"ListItem","position":1,"name":"Portada","item":"https:\/\/www.reciplasa.es\/va\/"},{"@type":"ListItem","position":2,"name":"Reciplasa ser\u00e1 la anfitriona de las XXXI jornadas t\u00e9cnicas de ANEPMA del 22 al 24 de octubre de 2024"}]},{"@type":"WebSite","@id":"https:\/\/www.reciplasa.es\/#website","url":"https:\/\/www.reciplasa.es\/","name":"RECIPLASA","description":"Reciclats de Residus La Plana SA","potentialAction":[{"@type":"SearchAction","target":{"@type":"EntryPoint","urlTemplate":"https:\/\/www.reciplasa.es\/?s={search_term_string}"},"query-input":{"@type":"PropertyValueSpecification","valueRequired":true,"valueName":"search_term_string"}}],"inLanguage":"va-VA"},{"@type":"Person","@id":"https:\/\/www.reciplasa.es\/#\/schema\/person\/608ffc094e3c56d49e6c6ec8f1ea0e82","name":"Cristina Marco","image":{"@type":"ImageObject","inLanguage":"va-VA","@id":"https:\/\/secure.gravatar.com\/avatar\/6da7e00dc41d26d3c4245f3b2d70d687293df0dfc18f03719354383f7be4f34b?s=96&d=mm&r=g","url":"https:\/\/secure.gravatar.com\/avatar\/6da7e00dc41d26d3c4245f3b2d70d687293df0dfc18f03719354383f7be4f34b?s=96&d=mm&r=g","contentUrl":"https:\/\/secure.gravatar.com\/avatar\/6da7e00dc41d26d3c4245f3b2d70d687293df0dfc18f03719354383f7be4f34b?s=96&d=mm&r=g","caption":"Cristina Marco"},"url":"https:\/\/www.reciplasa.es\/va\/author\/cristina\/"}]}},"_links":{"self":[{"href":"https:\/\/www.reciplasa.es\/va\/wp-json\/wp\/v2\/posts\/15935","targetHints":{"allow":["GET"]}}],"collection":[{"href":"https:\/\/www.reciplasa.es\/va\/wp-json\/wp\/v2\/posts"}],"about":[{"href":"https:\/\/www.reciplasa.es\/va\/wp-json\/wp\/v2\/types\/post"}],"author":[{"embeddable":true,"href":"https:\/\/www.reciplasa.es\/va\/wp-json\/wp\/v2\/users\/3"}],"replies":[{"embeddable":true,"href":"https:\/\/www.reciplasa.es\/va\/wp-json\/wp\/v2\/comments?post=15935"}],"version-history":[{"count":2,"href":"https:\/\/www.reciplasa.es\/va\/wp-json\/wp\/v2\/posts\/15935\/revisions"}],"predecessor-version":[{"id":15938,"href":"https:\/\/www.reciplasa.es\/va\/wp-json\/wp\/v2\/posts\/15935\/revisions\/15938"}],"wp:featuredmedia":[{"embeddable":true,"href":"https:\/\/www.reciplasa.es\/va\/wp-json\/wp\/v2\/media\/15936"}],"wp:attachment":[{"href":"https:\/\/www.reciplasa.es\/va\/wp-json\/wp\/v2\/media?parent=15935"}],"wp:term":[{"taxonomy":"category","embeddable":true,"href":"https:\/\/www.reciplasa.es\/va\/wp-json\/wp\/v2\/categories?post=15935"},{"taxonomy":"post_tag","embeddable":true,"href":"https:\/\/www.reciplasa.es\/va\/wp-json\/wp\/v2\/tags?post=15935"}],"curies":[{"name":"wp","href":"https:\/\/api.w.org\/{rel}","templated":true}]}}