{"id":16016,"date":"2024-05-10T10:46:04","date_gmt":"2024-05-10T10:46:04","guid":{"rendered":"https:\/\/www.reciplasa.es\/?p=16016\/"},"modified":"2024-05-10T10:46:30","modified_gmt":"2024-05-10T10:46:30","slug":"16016","status":"publish","type":"post","link":"https:\/\/www.reciplasa.es\/va\/16016\/","title":{"rendered":"La C\u00e1tedra\u00a0Reciplasa-UJI tiene abierta la campa\u00f1a \u2018Qu\u00e8 fem amb el fem?\u2019 para fomentar el reciclaje entre los m\u00e1s j\u00f3venes"},"content":{"rendered":"<p align=\"center\"><b>\u00a0<\/b><\/p>\n<ul>\n<li><em>Centros educativos y estudiantes tienen hasta el lunes 13 de mayo para presentar sus trabajos en formato de v\u00eddeo, maqueta o relato<\/em><\/li>\n<li><em>Sergio Toledo: \u201cEs fundamental sensibilizar a los m\u00e1s j\u00f3venes acerca de la importancia de tener buenos h\u00e1bitos en materia de sostenibilidad\u201d<\/em><\/li>\n<li><em>F\u00e9lix Hern\u00e1ndez: \u201cQueremos concienciar a los m\u00e1s j\u00f3venes en que su futuro depende de sus h\u00e1bitos, su apuesta por el reciclaje y la protecci\u00f3n del medio ambiente\u201d<\/em><\/li>\n<\/ul>\n<p>&nbsp;<\/p>\n<p><b>Castell\u00f3n. 10 de mayo de 2024<\/b>.- La C\u00e1tedra\u00a0Reciplasa-UJI de Gesti\u00f3n de Residuos S\u00f3lidos Urbanos ya tiene en marcha el reconocido concurso \u2018Qu\u00e8 fem amb el fem?\u2019, mediante el cual quiere involucrar a los estudiantes y centros educativos de toda la provincia en la necesidad de promover la gesti\u00f3n sostenible de los residuos. Adem\u00e1s, es una iniciativa de gran impacto a la hora de sensibilizar a las ni\u00f1as y ni\u00f1os, as\u00ed como a todas las personas j\u00f3venes, en la necesidad de adoptar h\u00e1bitos que ayuden a mejorar la sostenibilidad en los municipios de toda la provincia de Castell\u00f3n.<\/p>\n<p>Se trata de la s\u00e9ptima edici\u00f3n de un concurso de maquetas, video y relatos que forma parte de la iniciativa con el mismo t\u00edtulo que financia la C\u00e1tedra Reciplasa de la UJI. Bajo el nombre gen\u00e9rico \u2018Qu\u00e8 fem amb el fem?\u2019, una iniciativa de la C\u00e1tedra Reciplasa de la UJI que cuenta con el apoyo inestimable del Seminario de Educaci\u00f3n Ambiental de Castell\u00f3, promueve la gesti\u00f3n sostenible de residuos s\u00f3lidos urbanos. Este concurso pretende desarrollar la creatividad y la expresi\u00f3n de conocimientos cient\u00edficos, matem\u00e1ticos y tecnol\u00f3gicos, mediante diferentes lenguajes art\u00edsticos para fomentar una ciudadan\u00eda cr\u00edticamente activa y responsable para avanzar hacia un modelo de sociedad m\u00e1s sostenible.<\/p>\n<p>Los colegios y estudiantes interesados en participar disponen de plazo hasta el pr\u00f3ximo lunes y pueden hacer la presentaci\u00f3n de los trabajos mediante un formulario online, que permanecer\u00e1 abierto hasta el pr\u00f3ximo\u00a0<b>13 de mayo.<\/b>\u00a0Los proyectos llevados a cabo pueden presentarse en formato maqueta, video o relato\/cuento, sobre cualquier tem\u00e1tica ambiental o relacionada con la gesti\u00f3n de residuos, como, por ejemplo, recogida selectiva, valorizaci\u00f3n de residuos, econom\u00eda circular, las 4Rs (reducir, reutilizar, reciclar y recuperar), etc.<\/p>\n<p>Este concurso se dirige a todos los niveles educativos,\u00a0<b>Educaci\u00f3n Infantil, Primaria, Secundar\u00eda, FP B\u00e1sica y centros de Educaci\u00f3n Especial,<\/b>\u00a0a los cuales se les ha invitado a reflexionar para tomar conciencia sobre la importancia que tiene la gesti\u00f3n de los residuos s\u00f3lidos urbanos a nuestra sociedad. Debido al objeto y al p\u00fablico al que se dirige esta iniciativa, la C\u00e1tedra cuenta con la importante colaboraci\u00f3n de Ecoembes, entidad muy concienciada en promover tambi\u00e9n la sostenibilidad.<\/p>\n<p>Sergio Toledo, presidente de Reciplasa, ha asegurado que \u201ces fundamental sensibilizar a los m\u00e1s j\u00f3venes acerca de la importancia de tener buenos h\u00e1bitos en materia de sostenibilidad. Y es en estas edades cuando es m\u00e1s necesario concienciarles para que reciclen y adquieran h\u00e1bitos que ayuden tanto a generar menos residuos, como a depositarlos en los contenedores adecuados. Cuanto antes sean conscientes del problema, mejor podr\u00e1n ayudar para que Castell\u00f3n sea una provincia m\u00e1s verde\u201d.<\/p>\n<p>Por su parte, F\u00e9lix Hern\u00e1ndez, director de la C\u00e1tedra Reciplasa-UJI, ha se\u00f1alado que \u201ccon la C\u00e1tedra se pretende concienciar no solo a los m\u00e1s j\u00f3venes, a trav\u00e9s de este concurso, sino tambi\u00e9n a estudiantes en otras etapas educativas acerca de la importancia que tiene la gesti\u00f3n sostenible de los residuos generados, con el fin de avanzar hacia un planeta menos contaminado\u201d.<\/p>\n<p>\u201cAunque somos muchos los investigadores que trabajamos en el \u00e1mbito del medio ambiente y los residuos, la mayor\u00eda de nuestros trabajos y resultados no llegan al p\u00fablico general, ya que normalmente se publican en revistas especializadas en ingl\u00e9s. La C\u00e1tedra tambi\u00e9n pretende acercar el mundo investigador a los colegios y la sociedad en general, por lo que la divulgaci\u00f3n de \u00e9stas y otras actividades es uno de los principales fines de la C\u00e1tedra Reciplasa\u201d, ha se\u00f1alado Hern\u00e1ndez.<\/p>\n<p>El director de la C\u00e1tedra Reciplasa ha destacado que \u201ces necesario hablar de estos temas en un lenguaje asequible, mejorar la comunicaci\u00f3n y animar a participar con sus ideas y su trabajo a los estudiantes de todas las etapas educativas. Y lo cierto es que la respuesta que hemos recibido por parte de los colegios, profesores y estudiantes ante este concurso ha sido incre\u00edble desde la primera edici\u00f3n. Esto nos anima a seguir por este camino, pues estamos convencidos de que con este tipo de acciones avanzaremos hacia una sociedad m\u00e1s equilibrada y respetuosa con el planeta que nos acoge\u201d.<\/p>\n<p><b>DESTINATARIOS<\/b><\/p>\n<p>Se dirige a todos los niveles educativos, Educaci\u00f3n Infantil, Primaria, Secundaria, Formaci\u00f3n Profesional B\u00e1sica y centros de Educaci\u00f3n Especial, a los cuales se los invita a reflexionar para tomar conciencia sobre la importancia que tiene la gesti\u00f3n de los residuos s\u00f3lidos urbanos a nuestra sociedad.<\/p>\n<p>El n\u00famero de participantes por cada trabajo no tiene que superar lo establecido por grupo-aula seg\u00fan el Art\u00edculo 3 del DECRETO 58\/2021, de 30 de Abril, del Consejo, en el cual se define el n\u00famero m\u00e1ximo de alumnado por unidad, en funci\u00f3n del nivel educativo, en los centros no universitarios de la Comunitat Valenciana. Quedar\u00e1n excluidos los trabajos presentados de manera individual, los que superan el n\u00famero de alumnado indicado o que incluyan alumnos de diferentes niveles educativos.<\/p>\n<p><b>OBJETIVOS<\/b><\/p>\n<ul>\n<li>\u00a0Familiarizar sobre la gesti\u00f3n de los residuos en nuestra comunidad.<\/li>\n<li>\u00a0Reducir la cantidad de residuos de nuestro entorno.<\/li>\n<li>\u00a0Reforzar el conocimiento en la tipolog\u00eda de residuos y su gesti\u00f3n (ciclo de tratamiento de residuos s\u00f3lidos).<\/li>\n<li>\u00a0Mejorar la recogida selectiva de residuos s\u00f3lidos en origen y entender su impacto sobre la comunidad.<\/li>\n<li>\u00a0Reforzar la concienciaci\u00f3n en edades educativas tempranas.<\/li>\n<li><b>PARTICIPACI\u00d3N<\/b><\/li>\n<\/ul>\n<ol start=\"1\">\n<li><b>Temas.<\/b>\u00a0La tem\u00e1tica del concurso se centra en la gesti\u00f3n de los residuos urbanos y\/o su posible impacto ambiental. Estos son algunos de los temas propuestos:<\/li>\n<\/ol>\n<ul>\n<li>\u00a0Tem\u00e1tica alrededor de las 4Rs: reducir, reutilizar, reciclar, recuperar<\/li>\n<li>\u00a0La recogida selectiva<\/li>\n<li>\u00a0La valorizaci\u00f3n de los residuos, los residuos como recurso<\/li>\n<li>\u00a0El impacto de los residuos<\/li>\n<li>La tecnolog\u00eda de los residuos, su tratamiento<\/li>\n<li>\u00a0La econom\u00eda circular<\/li>\n<li>\u00a0La agenda 2030 de los objetivos de desarrollo del milenio (ONU)<\/li>\n<\/ul>\n<ol start=\"2\">\n<li><b>Modalidades.<\/b>\u00a0Los trabajos se podr\u00e1n presentar bajo alguna de las siguientes tres modalidades:<\/li>\n<\/ol>\n<p>Maqueta: Elaboraci\u00f3n de modelos tridimensionales. Para presentar esta propuesta se tendr\u00e1n que adjuntar fotograf\u00edas del proceso y el trabajo final junto al formulario de inscripci\u00f3n, guardando los trabajos f\u00edsicos finos la entrega de los premios, meti\u00e9ndolos a disposici\u00f3n del jurado.<\/p>\n<p>Video: Audiovisual de una duraci\u00f3n m\u00e1xima de 5 minutos. Se tiene que presentar en formato MP4 que no supero los 100MB. El t\u00edtulo y descripci\u00f3n de 50 a 100 palabras se tienen que introducir en el formulario de inscripci\u00f3n del trabajo.<\/p>\n<p>Relato\/cuento: Escrito de estilo libre con una extensi\u00f3n m\u00e1xima de 1.000 palabras. Nota: Solo se admiten trabajos elaborados de manera grupal, normalmente correspondientes a una \u00fanica aula\/clase. En casos excepcionales se podr\u00e1n admitir trabajos de m\u00e1s de una clase siempre que correspondan a un mismo nivel educativo.<\/p>\n<ol start=\"3\">\n<li><b>Idiomas<\/b>. Los trabajos se podr\u00e1n presentar en: valenciano, castellano e ingl\u00e9s.<\/li>\n<li><b>Premios.<\/b>\u00a0La C\u00e1tedra Reciplasa otorgar\u00e1 cinco premios a los mejores proyectos presentados, uno por cada nivel educativo (Infantil, Primaria, ESO, Formaci\u00f3n Profesional B\u00e1sica y educaci\u00f3n especial).<\/li>\n<\/ol>\n<p>Los centros ganadores tendr\u00e1n que realizar un cartel explicativo del proyecto, con im\u00e1genes del trabajo, para exponerlo en los murales p\u00f3steres habilitados para el d\u00eda de la entrega de premios.<\/p>\n<p>Los premios consistir\u00e1n en un obsequio para todos los premiados, incluyendo profesor y alumnos. As\u00ed mismo, a cada uno de los premiados se le har\u00e1 entrega de un certificado. Junto con los premios a los participantes, se har\u00e1 entrega a los respectivos centros de un diploma y un p\u00f3ster medida A0 con im\u00e1genes del trabajo ganador.<\/p>\n<p>Excepcionalmente, en funci\u00f3n de la calidad y el n\u00famero de los trabajos presentados, habr\u00e1 la posibilidad de otorgar un premio acc\u00e9sit adicional.<\/p>\n<p><b>5. Calendario.<\/b>\u00a0Inscripci\u00f3n al concurso y presentaci\u00f3n de los trabajos, hasta el 13 de mayo de 2024. Entrega de los premios, alrededor del 5 de junio de 2024 en la UJI coincidiendo con el d\u00eda Mundial del Medio Ambiente.<\/p>\n<p><b>6. Inscripci\u00f3n al concurso.<\/b>\u00a0Mediante un formulario en l\u00ednea, se puede formalizar la inscripci\u00f3n y subir el trabajo realizado. El enlace se el siguiente:\u00a0<a href=\"https:\/\/forms.gle\/d2Dmmv48raiyEtfL6\" target=\"_blank\" rel=\"noopener\" data-saferedirecturl=\"https:\/\/www.google.com\/url?q=https:\/\/forms.gle\/d2Dmmv48raiyEtfL6&amp;source=gmail&amp;ust=1715416272326000&amp;usg=AOvVaw2z8Cz9vWWn7HR7vC5qSeYk\">https:\/\/forms.gle\/<wbr \/>d2Dmmv48raiyEtfL6<\/a><\/p>\n<p><b>Importante:<\/b><\/p>\n<p>1) Los centros participantes ceden a la organizaci\u00f3n del concurso los derechos necesarios para que los trabajos puedan ser publicados a los canales de comunicaci\u00f3n, en su caso, y garantizan tener la autorizaci\u00f3n de los padres\/madres y\/o tutores legales de los participantes menores de edad para la realizaci\u00f3n de esta actividad as\u00ed como para la grabaci\u00f3n y difusi\u00f3n p\u00fablica de im\u00e1genes de los menores de edad en la ceremonia de entrega p\u00fablica de los premios.<\/p>\n<p>2) La participaci\u00f3n en este concurso supone la aceptaci\u00f3n de las bases de la convocatoria. M\u00e1s informaci\u00f3n sobre el concurso:\u00a0<a href=\"mailto:cseducacioambiental@gmail.com\" target=\"_blank\" rel=\"noopener\">cseducacioambiental@gmail.com<\/a>\u00a0<a href=\"mailto:catedrareciplasa@uji.es\" target=\"_blank\" rel=\"noopener\">catedrareciplasa@uji.es<\/a>\u00a0Si se desea obtener m\u00e1s informaci\u00f3n sobre la C\u00e1tedra Reciplasa o sobre Reciplasa, se pueden consultar las correspondientes p\u00e1ginas web:\u00a0<a href=\"http:\/\/catedrareciplasa.uji.es\/\" target=\"_blank\" rel=\"noopener\" data-saferedirecturl=\"https:\/\/www.google.com\/url?q=http:\/\/catedrareciplasa.uji.es&amp;source=gmail&amp;ust=1715416272326000&amp;usg=AOvVaw16oWJ8_QfzaSezBrG5EMZ8\">catedrareciplasa.uji.es<\/a>\u00a0y\u00a0<a href=\"http:\/\/reciplasa.es\/\" target=\"_blank\" rel=\"noopener\" data-saferedirecturl=\"https:\/\/www.google.com\/url?q=http:\/\/reciplasa.es&amp;source=gmail&amp;ust=1715416272326000&amp;usg=AOvVaw0wZhQKaFpdt5n3IV-Lr8va\">reciplasa.es<\/a><\/p>\n","protected":false},"excerpt":{"rendered":"<p>\u00a0 Centros educativos y estudiantes tienen hasta el lunes 13 de mayo para presentar sus trabajos en formato de v\u00eddeo, maqueta o relato Sergio Toledo: \u201cEs fundamental sensibilizar a los m\u00e1s j\u00f3venes acerca de la importancia de tener buenos h\u00e1bitos en materia de sostenibilidad\u201d F\u00e9lix Hern\u00e1ndez: \u201cQueremos concienciar a los m\u00e1s j\u00f3venes en que suDale que hay m\u00e1s &#8230;<\/p>\n","protected":false},"author":13,"featured_media":16017,"comment_status":"closed","ping_status":"closed","sticky":false,"template":"","format":"standard","meta":{"footnotes":""},"categories":[2],"tags":[],"class_list":["post-16016","post","type-post","status-publish","format-standard","has-post-thumbnail","hentry","category-sin-categorizar"],"yoast_head":"<!-- This site is optimized with the Yoast SEO plugin v27.4 - https:\/\/yoast.com\/product\/yoast-seo-wordpress\/ -->\n<title>La C\u00e1tedra\u00a0Reciplasa-UJI tiene abierta la campa\u00f1a \u2018Qu\u00e8 fem amb el fem?\u2019 para fomentar el reciclaje entre los m\u00e1s j\u00f3venes - RECIPLASA<\/title>\n<meta name=\"description\" content=\"Centros educativos y estudiantes tienen hasta el lunes 13 de mayo para presentar sus trabajos en formato de v\u00eddeo, maqueta o relato.\" \/>\n<meta name=\"robots\" content=\"index, follow, max-snippet:-1, max-image-preview:large, max-video-preview:-1\" \/>\n<link rel=\"canonical\" href=\"https:\/\/www.reciplasa.es\/16016\/\" \/>\n<meta property=\"og:locale\" content=\"en_US\" \/>\n<meta property=\"og:type\" content=\"article\" \/>\n<meta property=\"og:title\" content=\"La C\u00e1tedra\u00a0Reciplasa-UJI tiene abierta la campa\u00f1a \u2018Qu\u00e8 fem amb el fem?\u2019 para fomentar el reciclaje entre los m\u00e1s j\u00f3venes - RECIPLASA\" \/>\n<meta property=\"og:description\" content=\"Centros educativos y estudiantes tienen hasta el lunes 13 de mayo para presentar sus trabajos en formato de v\u00eddeo, maqueta o relato.\" \/>\n<meta property=\"og:url\" content=\"https:\/\/www.reciplasa.es\/16016\/\" \/>\n<meta property=\"og:site_name\" content=\"RECIPLASA\" \/>\n<meta property=\"article:published_time\" content=\"2024-05-10T10:46:04+00:00\" \/>\n<meta property=\"article:modified_time\" content=\"2024-05-10T10:46:30+00:00\" \/>\n<meta property=\"og:image\" content=\"https:\/\/www.reciplasa.es\/wp-content\/uploads\/2024\/05\/Entrega-premios-Catedra-Reciplasa-UJI-3.jpeg\" \/>\n\t<meta property=\"og:image:width\" content=\"1600\" \/>\n\t<meta property=\"og:image:height\" content=\"1200\" \/>\n\t<meta property=\"og:image:type\" content=\"image\/jpeg\" \/>\n<meta name=\"author\" content=\"Sandra\" \/>\n<meta name=\"twitter:card\" content=\"summary_large_image\" \/>\n<meta name=\"twitter:label1\" content=\"Written by\" \/>\n\t<meta name=\"twitter:data1\" content=\"Sandra\" \/>\n\t<meta name=\"twitter:label2\" content=\"Est. reading time\" \/>\n\t<meta name=\"twitter:data2\" content=\"7 minutes\" \/>\n<script type=\"application\/ld+json\" class=\"yoast-schema-graph\">{\"@context\":\"https:\\\/\\\/schema.org\",\"@graph\":[{\"@type\":\"Article\",\"@id\":\"https:\\\/\\\/www.reciplasa.es\\\/16016\\\/#article\",\"isPartOf\":{\"@id\":\"https:\\\/\\\/www.reciplasa.es\\\/16016\\\/\"},\"author\":{\"name\":\"Sandra\",\"@id\":\"https:\\\/\\\/www.reciplasa.es\\\/#\\\/schema\\\/person\\\/15191934c9f5618dadb907c80c029c0b\"},\"headline\":\"La C\u00e1tedra\u00a0Reciplasa-UJI tiene abierta la campa\u00f1a \u2018Qu\u00e8 fem amb el fem?\u2019 para fomentar el reciclaje entre los m\u00e1s j\u00f3venes\",\"datePublished\":\"2024-05-10T10:46:04+00:00\",\"dateModified\":\"2024-05-10T10:46:30+00:00\",\"mainEntityOfPage\":{\"@id\":\"https:\\\/\\\/www.reciplasa.es\\\/16016\\\/\"},\"wordCount\":1662,\"image\":{\"@id\":\"https:\\\/\\\/www.reciplasa.es\\\/16016\\\/#primaryimage\"},\"thumbnailUrl\":\"https:\\\/\\\/www.reciplasa.es\\\/wp-content\\\/uploads\\\/2024\\\/05\\\/Entrega-premios-Catedra-Reciplasa-UJI-3.jpeg\",\"articleSection\":[\"Catedra-Reciplasa-UJI\"],\"inLanguage\":\"va-VA\"},{\"@type\":\"WebPage\",\"@id\":\"https:\\\/\\\/www.reciplasa.es\\\/16016\\\/\",\"url\":\"https:\\\/\\\/www.reciplasa.es\\\/16016\\\/\",\"name\":\"La C\u00e1tedra\u00a0Reciplasa-UJI tiene abierta la campa\u00f1a \u2018Qu\u00e8 fem amb el fem?\u2019 para fomentar el reciclaje entre los m\u00e1s j\u00f3venes - RECIPLASA\",\"isPartOf\":{\"@id\":\"https:\\\/\\\/www.reciplasa.es\\\/#website\"},\"primaryImageOfPage\":{\"@id\":\"https:\\\/\\\/www.reciplasa.es\\\/16016\\\/#primaryimage\"},\"image\":{\"@id\":\"https:\\\/\\\/www.reciplasa.es\\\/16016\\\/#primaryimage\"},\"thumbnailUrl\":\"https:\\\/\\\/www.reciplasa.es\\\/wp-content\\\/uploads\\\/2024\\\/05\\\/Entrega-premios-Catedra-Reciplasa-UJI-3.jpeg\",\"datePublished\":\"2024-05-10T10:46:04+00:00\",\"dateModified\":\"2024-05-10T10:46:30+00:00\",\"author\":{\"@id\":\"https:\\\/\\\/www.reciplasa.es\\\/#\\\/schema\\\/person\\\/15191934c9f5618dadb907c80c029c0b\"},\"description\":\"Centros educativos y estudiantes tienen hasta el lunes 13 de mayo para presentar sus trabajos en formato de v\u00eddeo, maqueta o relato.\",\"breadcrumb\":{\"@id\":\"https:\\\/\\\/www.reciplasa.es\\\/16016\\\/#breadcrumb\"},\"inLanguage\":\"va-VA\",\"potentialAction\":[{\"@type\":\"ReadAction\",\"target\":[\"https:\\\/\\\/www.reciplasa.es\\\/16016\\\/\"]}]},{\"@type\":\"ImageObject\",\"inLanguage\":\"va-VA\",\"@id\":\"https:\\\/\\\/www.reciplasa.es\\\/16016\\\/#primaryimage\",\"url\":\"https:\\\/\\\/www.reciplasa.es\\\/wp-content\\\/uploads\\\/2024\\\/05\\\/Entrega-premios-Catedra-Reciplasa-UJI-3.jpeg\",\"contentUrl\":\"https:\\\/\\\/www.reciplasa.es\\\/wp-content\\\/uploads\\\/2024\\\/05\\\/Entrega-premios-Catedra-Reciplasa-UJI-3.jpeg\",\"width\":1600,\"height\":1200},{\"@type\":\"BreadcrumbList\",\"@id\":\"https:\\\/\\\/www.reciplasa.es\\\/16016\\\/#breadcrumb\",\"itemListElement\":[{\"@type\":\"ListItem\",\"position\":1,\"name\":\"Portada\",\"item\":\"https:\\\/\\\/www.reciplasa.es\\\/va\\\/\"},{\"@type\":\"ListItem\",\"position\":2,\"name\":\"La C\u00e1tedra\u00a0Reciplasa-UJI tiene abierta la campa\u00f1a \u2018Qu\u00e8 fem amb el fem?\u2019 para fomentar el reciclaje entre los m\u00e1s j\u00f3venes\"}]},{\"@type\":\"WebSite\",\"@id\":\"https:\\\/\\\/www.reciplasa.es\\\/#website\",\"url\":\"https:\\\/\\\/www.reciplasa.es\\\/\",\"name\":\"RECIPLASA\",\"description\":\"Reciclats de Residus La Plana SA\",\"potentialAction\":[{\"@type\":\"SearchAction\",\"target\":{\"@type\":\"EntryPoint\",\"urlTemplate\":\"https:\\\/\\\/www.reciplasa.es\\\/?s={search_term_string}\"},\"query-input\":{\"@type\":\"PropertyValueSpecification\",\"valueRequired\":true,\"valueName\":\"search_term_string\"}}],\"inLanguage\":\"va-VA\"},{\"@type\":\"Person\",\"@id\":\"https:\\\/\\\/www.reciplasa.es\\\/#\\\/schema\\\/person\\\/15191934c9f5618dadb907c80c029c0b\",\"name\":\"Sandra\",\"image\":{\"@type\":\"ImageObject\",\"inLanguage\":\"va-VA\",\"@id\":\"https:\\\/\\\/secure.gravatar.com\\\/avatar\\\/605ca84bedd79915b697a46887df8ccd0249fb6f2a1bbcd0bfc66c91d997ae51?s=96&d=mm&r=g\",\"url\":\"https:\\\/\\\/secure.gravatar.com\\\/avatar\\\/605ca84bedd79915b697a46887df8ccd0249fb6f2a1bbcd0bfc66c91d997ae51?s=96&d=mm&r=g\",\"contentUrl\":\"https:\\\/\\\/secure.gravatar.com\\\/avatar\\\/605ca84bedd79915b697a46887df8ccd0249fb6f2a1bbcd0bfc66c91d997ae51?s=96&d=mm&r=g\",\"caption\":\"Sandra\"},\"url\":\"https:\\\/\\\/www.reciplasa.es\\\/va\\\/author\\\/sandra\\\/\"}]}<\/script>\n<!-- \/ Yoast SEO plugin. -->","yoast_head_json":{"title":"La C\u00e1tedra\u00a0Reciplasa-UJI tiene abierta la campa\u00f1a \u2018Qu\u00e8 fem amb el fem?\u2019 para fomentar el reciclaje entre los m\u00e1s j\u00f3venes - RECIPLASA","description":"Centros educativos y estudiantes tienen hasta el lunes 13 de mayo para presentar sus trabajos en formato de v\u00eddeo, maqueta o relato.","robots":{"index":"index","follow":"follow","max-snippet":"max-snippet:-1","max-image-preview":"max-image-preview:large","max-video-preview":"max-video-preview:-1"},"canonical":"https:\/\/www.reciplasa.es\/16016\/","og_locale":"en_US","og_type":"article","og_title":"La C\u00e1tedra\u00a0Reciplasa-UJI tiene abierta la campa\u00f1a \u2018Qu\u00e8 fem amb el fem?\u2019 para fomentar el reciclaje entre los m\u00e1s j\u00f3venes - RECIPLASA","og_description":"Centros educativos y estudiantes tienen hasta el lunes 13 de mayo para presentar sus trabajos en formato de v\u00eddeo, maqueta o relato.","og_url":"https:\/\/www.reciplasa.es\/16016\/","og_site_name":"RECIPLASA","article_published_time":"2024-05-10T10:46:04+00:00","article_modified_time":"2024-05-10T10:46:30+00:00","og_image":[{"width":1600,"height":1200,"url":"https:\/\/www.reciplasa.es\/wp-content\/uploads\/2024\/05\/Entrega-premios-Catedra-Reciplasa-UJI-3.jpeg","type":"image\/jpeg"}],"author":"Sandra","twitter_card":"summary_large_image","twitter_misc":{"Written by":"Sandra","Est. reading time":"7 minutes"},"schema":{"@context":"https:\/\/schema.org","@graph":[{"@type":"Article","@id":"https:\/\/www.reciplasa.es\/16016\/#article","isPartOf":{"@id":"https:\/\/www.reciplasa.es\/16016\/"},"author":{"name":"Sandra","@id":"https:\/\/www.reciplasa.es\/#\/schema\/person\/15191934c9f5618dadb907c80c029c0b"},"headline":"La C\u00e1tedra\u00a0Reciplasa-UJI tiene abierta la campa\u00f1a \u2018Qu\u00e8 fem amb el fem?\u2019 para fomentar el reciclaje entre los m\u00e1s j\u00f3venes","datePublished":"2024-05-10T10:46:04+00:00","dateModified":"2024-05-10T10:46:30+00:00","mainEntityOfPage":{"@id":"https:\/\/www.reciplasa.es\/16016\/"},"wordCount":1662,"image":{"@id":"https:\/\/www.reciplasa.es\/16016\/#primaryimage"},"thumbnailUrl":"https:\/\/www.reciplasa.es\/wp-content\/uploads\/2024\/05\/Entrega-premios-Catedra-Reciplasa-UJI-3.jpeg","articleSection":["Catedra-Reciplasa-UJI"],"inLanguage":"va-VA"},{"@type":"WebPage","@id":"https:\/\/www.reciplasa.es\/16016\/","url":"https:\/\/www.reciplasa.es\/16016\/","name":"La C\u00e1tedra\u00a0Reciplasa-UJI tiene abierta la campa\u00f1a \u2018Qu\u00e8 fem amb el fem?\u2019 para fomentar el reciclaje entre los m\u00e1s j\u00f3venes - RECIPLASA","isPartOf":{"@id":"https:\/\/www.reciplasa.es\/#website"},"primaryImageOfPage":{"@id":"https:\/\/www.reciplasa.es\/16016\/#primaryimage"},"image":{"@id":"https:\/\/www.reciplasa.es\/16016\/#primaryimage"},"thumbnailUrl":"https:\/\/www.reciplasa.es\/wp-content\/uploads\/2024\/05\/Entrega-premios-Catedra-Reciplasa-UJI-3.jpeg","datePublished":"2024-05-10T10:46:04+00:00","dateModified":"2024-05-10T10:46:30+00:00","author":{"@id":"https:\/\/www.reciplasa.es\/#\/schema\/person\/15191934c9f5618dadb907c80c029c0b"},"description":"Centros educativos y estudiantes tienen hasta el lunes 13 de mayo para presentar sus trabajos en formato de v\u00eddeo, maqueta o relato.","breadcrumb":{"@id":"https:\/\/www.reciplasa.es\/16016\/#breadcrumb"},"inLanguage":"va-VA","potentialAction":[{"@type":"ReadAction","target":["https:\/\/www.reciplasa.es\/16016\/"]}]},{"@type":"ImageObject","inLanguage":"va-VA","@id":"https:\/\/www.reciplasa.es\/16016\/#primaryimage","url":"https:\/\/www.reciplasa.es\/wp-content\/uploads\/2024\/05\/Entrega-premios-Catedra-Reciplasa-UJI-3.jpeg","contentUrl":"https:\/\/www.reciplasa.es\/wp-content\/uploads\/2024\/05\/Entrega-premios-Catedra-Reciplasa-UJI-3.jpeg","width":1600,"height":1200},{"@type":"BreadcrumbList","@id":"https:\/\/www.reciplasa.es\/16016\/#breadcrumb","itemListElement":[{"@type":"ListItem","position":1,"name":"Portada","item":"https:\/\/www.reciplasa.es\/va\/"},{"@type":"ListItem","position":2,"name":"La C\u00e1tedra\u00a0Reciplasa-UJI tiene abierta la campa\u00f1a \u2018Qu\u00e8 fem amb el fem?\u2019 para fomentar el reciclaje entre los m\u00e1s j\u00f3venes"}]},{"@type":"WebSite","@id":"https:\/\/www.reciplasa.es\/#website","url":"https:\/\/www.reciplasa.es\/","name":"RECIPLASA","description":"Reciclats de Residus La Plana SA","potentialAction":[{"@type":"SearchAction","target":{"@type":"EntryPoint","urlTemplate":"https:\/\/www.reciplasa.es\/?s={search_term_string}"},"query-input":{"@type":"PropertyValueSpecification","valueRequired":true,"valueName":"search_term_string"}}],"inLanguage":"va-VA"},{"@type":"Person","@id":"https:\/\/www.reciplasa.es\/#\/schema\/person\/15191934c9f5618dadb907c80c029c0b","name":"Sandra","image":{"@type":"ImageObject","inLanguage":"va-VA","@id":"https:\/\/secure.gravatar.com\/avatar\/605ca84bedd79915b697a46887df8ccd0249fb6f2a1bbcd0bfc66c91d997ae51?s=96&d=mm&r=g","url":"https:\/\/secure.gravatar.com\/avatar\/605ca84bedd79915b697a46887df8ccd0249fb6f2a1bbcd0bfc66c91d997ae51?s=96&d=mm&r=g","contentUrl":"https:\/\/secure.gravatar.com\/avatar\/605ca84bedd79915b697a46887df8ccd0249fb6f2a1bbcd0bfc66c91d997ae51?s=96&d=mm&r=g","caption":"Sandra"},"url":"https:\/\/www.reciplasa.es\/va\/author\/sandra\/"}]}},"_links":{"self":[{"href":"https:\/\/www.reciplasa.es\/va\/wp-json\/wp\/v2\/posts\/16016","targetHints":{"allow":["GET"]}}],"collection":[{"href":"https:\/\/www.reciplasa.es\/va\/wp-json\/wp\/v2\/posts"}],"about":[{"href":"https:\/\/www.reciplasa.es\/va\/wp-json\/wp\/v2\/types\/post"}],"author":[{"embeddable":true,"href":"https:\/\/www.reciplasa.es\/va\/wp-json\/wp\/v2\/users\/13"}],"replies":[{"embeddable":true,"href":"https:\/\/www.reciplasa.es\/va\/wp-json\/wp\/v2\/comments?post=16016"}],"version-history":[{"count":2,"href":"https:\/\/www.reciplasa.es\/va\/wp-json\/wp\/v2\/posts\/16016\/revisions"}],"predecessor-version":[{"id":16019,"href":"https:\/\/www.reciplasa.es\/va\/wp-json\/wp\/v2\/posts\/16016\/revisions\/16019"}],"wp:featuredmedia":[{"embeddable":true,"href":"https:\/\/www.reciplasa.es\/va\/wp-json\/wp\/v2\/media\/16017"}],"wp:attachment":[{"href":"https:\/\/www.reciplasa.es\/va\/wp-json\/wp\/v2\/media?parent=16016"}],"wp:term":[{"taxonomy":"category","embeddable":true,"href":"https:\/\/www.reciplasa.es\/va\/wp-json\/wp\/v2\/categories?post=16016"},{"taxonomy":"post_tag","embeddable":true,"href":"https:\/\/www.reciplasa.es\/va\/wp-json\/wp\/v2\/tags?post=16016"}],"curies":[{"name":"wp","href":"https:\/\/api.w.org\/{rel}","templated":true}]}}