{"id":16020,"date":"2024-05-10T10:51:57","date_gmt":"2024-05-10T10:51:57","guid":{"rendered":"https:\/\/www.reciplasa.es\/?p=16020\/"},"modified":"2024-05-10T11:03:52","modified_gmt":"2024-05-10T11:03:52","slug":"la-catedra-reciplasa-uji-te-oberta-la-campanya-que-fem-amb-el-fem-per-a-fomentar-el-reciclatge-entre-els-mes-joves","status":"publish","type":"post","link":"https:\/\/www.reciplasa.es\/va\/la-catedra-reciplasa-uji-te-oberta-la-campanya-que-fem-amb-el-fem-per-a-fomentar-el-reciclatge-entre-els-mes-joves\/","title":{"rendered":"La C\u00e0tedra\u00a0Reciplasa-UJI\u00a0t\u00e9 oberta la campanya \u2018Qu\u00e8\u00a0fem\u00a0amb\u00a0el\u00a0fem?\u2019\u00a0per a fomentar el reciclatge entre els m\u00e9s joves"},"content":{"rendered":"<ul>\n<li><em>Centres educatius i estudiants tenen fins al dilluns 13 per a presentar els seus treballs en format de v\u00eddeo, maqueta o relat<\/em><\/li>\n<li><em>Sergio Toledo: \u201c\u00c9s fonamental sensibilitzar als m\u00e9s joves sobre la import\u00e0ncia de tindre bons h\u00e0bits en mat\u00e8ria de sostenibilitat\u201d<\/em><\/li>\n<li><em>F\u00e9lix Hern\u00e1ndez: \u201cVolem conscienciar als m\u00e9s joves en qu\u00e8 el seu futur dep\u00e9n dels seus h\u00e0bits, la seua aposta pel reciclatge i la protecci\u00f3 del medi ambient\u201d<\/em><\/li>\n<\/ul>\n<p>Castell\u00f3, 10 de maig de 2024.- La C\u00e0tedra Reciplasa-UJI de Gesti\u00f3 de Residus S\u00f2lids Urbans ja t\u00e9 en marxa el reconegut concurs \u2018Qu\u00e8 fem amb el fem?\u2019, mitjan\u00e7ant el qual vol involucrar als estudiants i centres educatius de tota la prov\u00edncia en la necessitat de promoure la gesti\u00f3 sostenible dels residus. A m\u00e9s, \u00e9s una iniciativa de gran impacte a l&#8217;hora de sensibilitzar a les xiquetes i xiquets, aix\u00ed com a totes les persones joves, en la necessitat d&#8217;adoptar h\u00e0bits que ajuden a millorar la sostenibilitat en els municipis de tota la prov\u00edncia de Castell\u00f3.<\/p>\n<p>Es tracta de la setena edici\u00f3 d&#8217;un concurs de maquetes, v\u00eddeo i relats que forma part de la iniciativa amb el mateix t\u00edtol que finan\u00e7a la C\u00e0tedra\u00a0Reciplasa\u00a0de l&#8217;UJI. Sota el nom gen\u00e8ric \u2018Qu\u00e8\u00a0fem\u00a0amb\u00a0el\u00a0fem?\u2019, una iniciativa de la C\u00e0tedra\u00a0Reciplasa\u00a0de l&#8217;UJI que compta amb el suport inestimable del Seminari d&#8217;Educaci\u00f3 Ambiental de Castell\u00f3, promou la gesti\u00f3 sostenible de residus s\u00f2lids urbans. Aquest concurs pret\u00e9n desenvolupar la creativitat i l&#8217;expressi\u00f3 de coneixements cient\u00edfics, matem\u00e0tics i tecnol\u00f2gics, mitjan\u00e7ant diferents llenguatges art\u00edstics per a fomentar una ciutadania cr\u00edticament activa i responsable per a avan\u00e7ar cap a un model de societat m\u00e9s sostenible.<\/p>\n<p>Els col\u00b7legis i estudiants interessats a participar disposen de termini fins dilluns que ve i poden fer la presentaci\u00f3 dels treballs mitjan\u00e7ant un formulari en l\u00ednia, que romandr\u00e0 obert fins al pr\u00f2xim 13 de maig. Els projectes duts a terme poden presentar-se en format maqueta, v\u00eddeo o relat\/conte, sobre qualsevol tem\u00e0tica ambiental o relacionada amb la gesti\u00f3 de residus, com, per exemple, recollida selectiva, valoritzaci\u00f3 de residus, economia circular, les\u00a04Rs\u00a0(reduir, reutilitzar, reciclar i recuperar), etc.<\/p>\n<p>Aquest concurs es dirigeix a tots els nivells educatius, Educaci\u00f3 Infantil, Prim\u00e0ria, Secundaria, FP B\u00e0sica i centres d&#8217;Educaci\u00f3 Especial, als quals se&#8217;ls ha convidat a reflexionar per a prendre consci\u00e8ncia sobre la import\u00e0ncia que t\u00e9 la gesti\u00f3 dels residus s\u00f2lids urbans a la nostra societat. A causa de l&#8217;objecte i al p\u00fablic al qual es dirigeix aquesta iniciativa, la C\u00e0tedra compta amb la important col\u00b7laboraci\u00f3 d&#8217;Ecoembes, entitat molt conscienciada a promoure tamb\u00e9 la sostenibilitat.<\/p>\n<p>Sergio Toledo, president de\u00a0Reciplasa, ha assegurat que \u201c\u00e9s fonamental sensibilitzar als m\u00e9s joves sobre la import\u00e0ncia de tindre bons h\u00e0bits en mat\u00e8ria de sostenibilitat. I \u00e9s en aquestes edats quan \u00e9s m\u00e9s necessari conscienciar-los perqu\u00e8 reciclen i adquirisquen h\u00e0bits que ajuden tant a generar menys residus, com a depositar-los en els contenidors adequats. Com m\u00e9s prompte millor siguen conscients del problema, millor podran ajudar perqu\u00e8 Castell\u00f3 siga una prov\u00edncia m\u00e9s verda\u201d.<\/p>\n<p>Per part seua, F\u00e9lix Hern\u00e1ndez, director de la C\u00e0tedra\u00a0Reciplasa-UJI, ha assenyalat que \u201camb la C\u00e0tedra es pret\u00e9n conscienciar no sols als m\u00e9s joves, a trav\u00e9s d&#8217;aquest concurs, sin\u00f3 tamb\u00e9 a estudiants en altres etapes educatives sobre la import\u00e0ncia que t\u00e9 la gesti\u00f3 sostenible dels residus generats, amb la finalitat d&#8217;avan\u00e7ar cap a un planeta menys contaminat\u201d.<\/p>\n<p>\u201cEncara que som molts els investigadors que treballem en l&#8217;\u00e0mbit del medi ambient i els residus, la majoria dels nostres treballs i resultats no arriben al p\u00fablic general, ja que normalment es publiquen en revistes especialitzades en angl\u00e9s. La C\u00e0tedra tamb\u00e9 pret\u00e9n acostar el m\u00f3n investigador als col\u00b7legis i la societat en general, per la qual cosa la divulgaci\u00f3 d&#8217;aquestes i altres activitats \u00e9s un dels principals fins de la C\u00e0tedra\u00a0Reciplasa\u201d, ha assenyalat Hern\u00e1ndez.<\/p>\n<p>El director de la C\u00e0tedra Reciplasa ha destacat que \u201c\u00e9s necessari parlar d&#8217;aquests temes en un llenguatge assequible, millorar la comunicaci\u00f3 i animar a participar amb les seues idees i el seu treball als estudiants de totes les etapes educatives. I la veritat \u00e9s que la resposta que hem rebut per part dels col\u00b7legis, professors i estudiants davant aquest concurs ha sigut incre\u00efble des de la primera edici\u00f3. Aix\u00f2 ens anima a seguir per aquest cam\u00ed, perqu\u00e8 estem conven\u00e7uts que amb aquesta mena d&#8217;accions avan\u00e7arem cap a una societat m\u00e9s equilibrada i respectuosa amb el planeta que ens acull\u201d.<\/p>\n<p>DESTINATARIS<\/p>\n<p>Es dirigeix a tots els nivells educatius, Educaci\u00f3 Infantil, Prim\u00e0ria, Secund\u00e0ria, Formaci\u00f3 Professional B\u00e0sica i centres d&#8217;Educaci\u00f3 Especial, als quals se&#8217;ls convida a reflexionar per a prendre consci\u00e8ncia sobre la import\u00e0ncia que t\u00e9 la gesti\u00f3 dels residus s\u00f2lids urbans a la nostra societat.<\/p>\n<p>El nombre de participants per cada treball no ha de superar el que s&#8217;estableix per grup-aula segons l&#8217;Article 3 del DECRET 58\/2021, de 30 d&#8217;Abril, del Consell, en el qual es defineix el n\u00famero m\u00e0xim d&#8217;alumnat per unitat, en funci\u00f3 del nivell educatiu, en els centres no universitaris de la Comunitat Valenciana. Quedaran exclosos els treballs presentats de manera individual, els que superen el n\u00famero d&#8217;alumnat indicat o que incloguen alumnes de diferents nivells educatius.<\/p>\n<p>OBJECTIUS<\/p>\n<p><img decoding=\"async\" class=\"emoji\" role=\"img\" draggable=\"false\" src=\"https:\/\/s.w.org\/images\/core\/emoji\/14.0.0\/svg\/25aa.svg\" alt=\"\u25aa\" \/>\u00a0Familiaritzar sobre la gesti\u00f3 dels residus en la nostra comunitat.<\/p>\n<p><img decoding=\"async\" class=\"emoji\" role=\"img\" draggable=\"false\" src=\"https:\/\/s.w.org\/images\/core\/emoji\/14.0.0\/svg\/25aa.svg\" alt=\"\u25aa\" \/>\u00a0Reduir la quantitat de residus del nostre entorn.<\/p>\n<p><img decoding=\"async\" class=\"emoji\" role=\"img\" draggable=\"false\" src=\"https:\/\/s.w.org\/images\/core\/emoji\/14.0.0\/svg\/25aa.svg\" alt=\"\u25aa\" \/>\u00a0Refor\u00e7ar el coneixement en la tipologia de residus i la seua gesti\u00f3 (cicle de tractament de residus s\u00f2lids).<\/p>\n<p><img decoding=\"async\" class=\"emoji\" role=\"img\" draggable=\"false\" src=\"https:\/\/s.w.org\/images\/core\/emoji\/14.0.0\/svg\/25aa.svg\" alt=\"\u25aa\" \/>\u00a0Millorar la recollida selectiva de residus s\u00f2lids en origen i entendre el seu impacte sobre la comunitat.<\/p>\n<p><img decoding=\"async\" class=\"emoji\" role=\"img\" draggable=\"false\" src=\"https:\/\/s.w.org\/images\/core\/emoji\/14.0.0\/svg\/25aa.svg\" alt=\"\u25aa\" \/>\u00a0Refor\u00e7ar la conscienciaci\u00f3 en edats educatives primerenques.<\/p>\n<p>PARTICIPACI\u00d3<\/p>\n<p>Temes. La tem\u00e0tica del concurs se centra en la gesti\u00f3 dels residus urbans i\/o el seu possible impacte ambiental. Aquests s\u00f3n alguns dels temes proposats:<br \/>\n<img decoding=\"async\" class=\"emoji\" role=\"img\" draggable=\"false\" src=\"https:\/\/s.w.org\/images\/core\/emoji\/14.0.0\/svg\/25aa.svg\" alt=\"\u25aa\" \/>\u00a0Tem\u00e0tica al voltant de les\u00a04Rs: reduir, reutilitzar, reciclar, recuperar<\/p>\n<p><img decoding=\"async\" class=\"emoji\" role=\"img\" draggable=\"false\" src=\"https:\/\/s.w.org\/images\/core\/emoji\/14.0.0\/svg\/25aa.svg\" alt=\"\u25aa\" \/>\u00a0La recollida selectiva<\/p>\n<p><img decoding=\"async\" class=\"emoji\" role=\"img\" draggable=\"false\" src=\"https:\/\/s.w.org\/images\/core\/emoji\/14.0.0\/svg\/25aa.svg\" alt=\"\u25aa\" \/>\u00a0La valoritzaci\u00f3 dels residus, els residus com a recurs<\/p>\n<p><img decoding=\"async\" class=\"emoji\" role=\"img\" draggable=\"false\" src=\"https:\/\/s.w.org\/images\/core\/emoji\/14.0.0\/svg\/25aa.svg\" alt=\"\u25aa\" \/>\u00a0L&#8217;impacte dels residus<\/p>\n<p><img decoding=\"async\" class=\"emoji\" role=\"img\" draggable=\"false\" src=\"https:\/\/s.w.org\/images\/core\/emoji\/14.0.0\/svg\/25aa.svg\" alt=\"\u25aa\" \/>\u00a0La tecnologia dels residus, el seu tractament<\/p>\n<p><img decoding=\"async\" class=\"emoji\" role=\"img\" draggable=\"false\" src=\"https:\/\/s.w.org\/images\/core\/emoji\/14.0.0\/svg\/25aa.svg\" alt=\"\u25aa\" \/>\u00a0L&#8217;economia circular<\/p>\n<p><img decoding=\"async\" class=\"emoji\" role=\"img\" draggable=\"false\" src=\"https:\/\/s.w.org\/images\/core\/emoji\/14.0.0\/svg\/25aa.svg\" alt=\"\u25aa\" \/>\u00a0L&#8217;agenda 2030 dels objectius de desenvolupament del mil\u00b7lenni (ONU)<\/p>\n<p>Modalitats. Els treballs es podran presentar sota alguna de les seg\u00fcents tres modalitats:<br \/>\nMaqueta: Elaboraci\u00f3 de models tridimensionals. Per a presentar aquesta proposta s&#8217;hauran d&#8217;adjuntar fotografies del proc\u00e9s i el treball final al costat del formulari d&#8217;inscripci\u00f3, guardant els treballs f\u00edsics fins el lliurament dels premis, ficant-los a la disposici\u00f3 del jurat.<\/p>\n<p>V\u00eddeo: Audiovisual d&#8217;una duraci\u00f3 m\u00e0xima de 5 minuts. S&#8217;ha de presentar en format MP4 que no supere els 100MB. El t\u00edtol i descripci\u00f3 de 50 a 100 paraules s&#8217;han d&#8217;introduir en el formulari d&#8217;inscripci\u00f3 del treball.<\/p>\n<p>Relate\/conte: Escrit d&#8217;estil lliure amb una extensi\u00f3 m\u00e0xima de 1.000 paraules. Nota: Nom\u00e9s s&#8217;admeten treballs elaborats de manera grupal, normalment corresponents a una \u00fanica aula\/classe. En casos excepcionals es podran admetre treballs de m\u00e9s d&#8217;una classe sempre que corresponguen a un mateix nivell educatiu.<\/p>\n<p>Idiomes. Els treballs es podran presentar en: valenci\u00e0, castell\u00e0 i angl\u00e9s.<br \/>\nPremis. La C\u00e0tedra\u00a0Reciplasa\u00a0atorgar\u00e0 cinc premis als millors projectes presentats, un per cada nivell educatiu (Infantil, Prim\u00e0ria, ESO, Formaci\u00f3 Professional B\u00e0sica i educaci\u00f3 especial).<br \/>\nEls centres guanyadors hauran de realitzar un cartell explicatiu del projecte, amb imatges del treball, per a exposar-lo en els murals p\u00f2sters habilitats per al dia del lliurament de premis.<\/p>\n<p>Els premis consistiran en un obsequi per a tots els premiats, incloent-hi professor i alumnes. Aix\u00ed mateix, a cadascun dels premiats se li far\u00e0 lliurament d&#8217;un certificat. Juntament amb els premis als participants, es far\u00e0 lliurament als respectius centres d&#8217;un diploma i un p\u00f2ster mesura A0 amb imatges del treball guanyador.<\/p>\n<p>Excepcionalment, en funci\u00f3 de la qualitat i el n\u00famero dels treballs presentats, hi haur\u00e0 la possibilitat d&#8217;atorgar un premi acc\u00e8ssit addicional.<\/p>\n<p>5. Calendari. Inscripci\u00f3 al concurs i presentaci\u00f3 dels treballs, fins al 13 de maig de 2024. Lliurament dels premis, al voltant del 5 de juny de 2024 en l&#8217;UJI coincidint amb el dia Mundial del Medi Ambient.<\/p>\n<p>6. Inscripci\u00f3 al concurs. Mitjan\u00e7ant un formulari en l\u00ednia, es pot <a href=\"https:\/\/docs.google.com\/forms\/d\/e\/1FAIpQLScWgK1GLEt16maF1bhqRLTOLG5FXEeZXRWJSKEUcQDRDTNGLA\/viewform\">formalitzar la inscripci\u00f3 i pujar el treball realitzat<\/a>.<\/p>\n<p>Important:<\/p>\n<p>1) Els centres participants cedeixen a l&#8217;organitzaci\u00f3 del concurs els drets necessaris perqu\u00e8 els treballs puguen ser publicats als canals de comunicaci\u00f3, si \u00e9s el cas, i garanteixen tindre l&#8217;autoritzaci\u00f3 dels pares\/mares i\/o tutors legals dels participants menors d&#8217;edat per a la realitzaci\u00f3 d&#8217;aquesta activitat aix\u00ed com per a la gravaci\u00f3 i difusi\u00f3 p\u00fablica d&#8217;imatges dels menors d&#8217;edat en la cerim\u00f2nia de lliurament p\u00fablic dels premis.<\/p>\n<p>2) La participaci\u00f3 en aquest concurs suposa l&#8217;acceptaci\u00f3 de les bases de la convocat\u00f2ria. M\u00e9s informaci\u00f3 sobre el concurs: cseducacioambiental@gmail.com catedrareciplasa@uji.es Si es desitja obtindre m\u00e9s informaci\u00f3 sobre la C\u00e0tedra\u00a0Reciplasa\u00a0o sobre\u00a0Reciplasa, es poden consultar les corresponents p\u00e0gines web: <a href=\"https:\/\/www.uji.es\/perfils\/empresa\/patrocini\/catedres\/reciplasa\/\">catedrareciplasa.uji.es<\/a> i <a href=\"https:\/\/www.reciplasa.es\/\">reciplasa.es<\/a><\/p>\n","protected":false},"excerpt":{"rendered":"<p>Centres educatius i estudiants tenen fins al dilluns 13 per a presentar els seus treballs en format de v\u00eddeo, maqueta o relat Sergio Toledo: \u201c\u00c9s fonamental sensibilitzar als m\u00e9s joves sobre la import\u00e0ncia de tindre bons h\u00e0bits en mat\u00e8ria de sostenibilitat\u201d F\u00e9lix Hern\u00e1ndez: \u201cVolem conscienciar als m\u00e9s joves en qu\u00e8 el seu futur dep\u00e9n delsDale que hay m\u00e1s &#8230;<\/p>\n","protected":false},"author":13,"featured_media":16017,"comment_status":"closed","ping_status":"closed","sticky":false,"template":"","format":"standard","meta":{"footnotes":""},"categories":[88],"tags":[],"class_list":["post-16020","post","type-post","status-publish","format-standard","has-post-thumbnail","hentry","category-catedra-reciplasa-uji"],"yoast_head":"<!-- This site is optimized with the Yoast SEO plugin v27.4 - https:\/\/yoast.com\/product\/yoast-seo-wordpress\/ -->\n<title>La C\u00e0tedra\u00a0Reciplasa-UJI\u00a0t\u00e9 oberta la campanya \u2018Qu\u00e8\u00a0fem\u00a0amb\u00a0el\u00a0fem?\u2019\u00a0per a fomentar el reciclatge entre els m\u00e9s joves - RECIPLASA<\/title>\n<meta name=\"description\" content=\"Centres educatius i estudiants tenen fins al dilluns 13 per a presentar els seus treballs en format de v\u00eddeo, maqueta o relat\" \/>\n<meta name=\"robots\" content=\"index, follow, max-snippet:-1, max-image-preview:large, max-video-preview:-1\" \/>\n<link rel=\"canonical\" href=\"https:\/\/www.reciplasa.es\/va\/la-catedra-reciplasa-uji-te-oberta-la-campanya-que-fem-amb-el-fem-per-a-fomentar-el-reciclatge-entre-els-mes-joves\/\" \/>\n<meta property=\"og:locale\" content=\"en_US\" \/>\n<meta property=\"og:type\" content=\"article\" \/>\n<meta property=\"og:title\" content=\"La C\u00e0tedra\u00a0Reciplasa-UJI\u00a0t\u00e9 oberta la campanya \u2018Qu\u00e8\u00a0fem\u00a0amb\u00a0el\u00a0fem?\u2019\u00a0per a fomentar el reciclatge entre els m\u00e9s joves - RECIPLASA\" \/>\n<meta property=\"og:description\" content=\"Centres educatius i estudiants tenen fins al dilluns 13 per a presentar els seus treballs en format de v\u00eddeo, maqueta o relat\" \/>\n<meta property=\"og:url\" content=\"https:\/\/www.reciplasa.es\/va\/la-catedra-reciplasa-uji-te-oberta-la-campanya-que-fem-amb-el-fem-per-a-fomentar-el-reciclatge-entre-els-mes-joves\/\" \/>\n<meta property=\"og:site_name\" content=\"RECIPLASA\" \/>\n<meta property=\"article:published_time\" content=\"2024-05-10T10:51:57+00:00\" \/>\n<meta property=\"article:modified_time\" content=\"2024-05-10T11:03:52+00:00\" \/>\n<meta property=\"og:image\" content=\"https:\/\/www.reciplasa.es\/wp-content\/uploads\/2024\/05\/Entrega-premios-Catedra-Reciplasa-UJI-3.jpeg\" \/>\n\t<meta property=\"og:image:width\" content=\"1600\" \/>\n\t<meta property=\"og:image:height\" content=\"1200\" \/>\n\t<meta property=\"og:image:type\" content=\"image\/jpeg\" \/>\n<meta name=\"author\" content=\"Sandra\" \/>\n<meta name=\"twitter:card\" content=\"summary_large_image\" \/>\n<meta name=\"twitter:label1\" content=\"Written by\" \/>\n\t<meta name=\"twitter:data1\" content=\"Sandra\" \/>\n\t<meta name=\"twitter:label2\" content=\"Est. reading time\" \/>\n\t<meta name=\"twitter:data2\" content=\"9 minutes\" \/>\n<script type=\"application\/ld+json\" class=\"yoast-schema-graph\">{\"@context\":\"https:\\\/\\\/schema.org\",\"@graph\":[{\"@type\":\"Article\",\"@id\":\"https:\\\/\\\/www.reciplasa.es\\\/va\\\/la-catedra-reciplasa-uji-te-oberta-la-campanya-que-fem-amb-el-fem-per-a-fomentar-el-reciclatge-entre-els-mes-joves\\\/#article\",\"isPartOf\":{\"@id\":\"https:\\\/\\\/www.reciplasa.es\\\/va\\\/la-catedra-reciplasa-uji-te-oberta-la-campanya-que-fem-amb-el-fem-per-a-fomentar-el-reciclatge-entre-els-mes-joves\\\/\"},\"author\":{\"name\":\"Sandra\",\"@id\":\"https:\\\/\\\/www.reciplasa.es\\\/#\\\/schema\\\/person\\\/15191934c9f5618dadb907c80c029c0b\"},\"headline\":\"La C\u00e0tedra\u00a0Reciplasa-UJI\u00a0t\u00e9 oberta la campanya \u2018Qu\u00e8\u00a0fem\u00a0amb\u00a0el\u00a0fem?\u2019\u00a0per a fomentar el reciclatge entre els m\u00e9s joves\",\"datePublished\":\"2024-05-10T10:51:57+00:00\",\"dateModified\":\"2024-05-10T11:03:52+00:00\",\"mainEntityOfPage\":{\"@id\":\"https:\\\/\\\/www.reciplasa.es\\\/va\\\/la-catedra-reciplasa-uji-te-oberta-la-campanya-que-fem-amb-el-fem-per-a-fomentar-el-reciclatge-entre-els-mes-joves\\\/\"},\"wordCount\":1597,\"image\":{\"@id\":\"https:\\\/\\\/www.reciplasa.es\\\/va\\\/la-catedra-reciplasa-uji-te-oberta-la-campanya-que-fem-amb-el-fem-per-a-fomentar-el-reciclatge-entre-els-mes-joves\\\/#primaryimage\"},\"thumbnailUrl\":\"https:\\\/\\\/www.reciplasa.es\\\/wp-content\\\/uploads\\\/2024\\\/05\\\/Entrega-premios-Catedra-Reciplasa-UJI-3.jpeg\",\"articleSection\":[\"C\u00e0tedra Reciplasa-UJI\"],\"inLanguage\":\"va-VA\"},{\"@type\":\"WebPage\",\"@id\":\"https:\\\/\\\/www.reciplasa.es\\\/va\\\/la-catedra-reciplasa-uji-te-oberta-la-campanya-que-fem-amb-el-fem-per-a-fomentar-el-reciclatge-entre-els-mes-joves\\\/\",\"url\":\"https:\\\/\\\/www.reciplasa.es\\\/va\\\/la-catedra-reciplasa-uji-te-oberta-la-campanya-que-fem-amb-el-fem-per-a-fomentar-el-reciclatge-entre-els-mes-joves\\\/\",\"name\":\"La C\u00e0tedra\u00a0Reciplasa-UJI\u00a0t\u00e9 oberta la campanya \u2018Qu\u00e8\u00a0fem\u00a0amb\u00a0el\u00a0fem?\u2019\u00a0per a fomentar el reciclatge entre els m\u00e9s joves - RECIPLASA\",\"isPartOf\":{\"@id\":\"https:\\\/\\\/www.reciplasa.es\\\/#website\"},\"primaryImageOfPage\":{\"@id\":\"https:\\\/\\\/www.reciplasa.es\\\/va\\\/la-catedra-reciplasa-uji-te-oberta-la-campanya-que-fem-amb-el-fem-per-a-fomentar-el-reciclatge-entre-els-mes-joves\\\/#primaryimage\"},\"image\":{\"@id\":\"https:\\\/\\\/www.reciplasa.es\\\/va\\\/la-catedra-reciplasa-uji-te-oberta-la-campanya-que-fem-amb-el-fem-per-a-fomentar-el-reciclatge-entre-els-mes-joves\\\/#primaryimage\"},\"thumbnailUrl\":\"https:\\\/\\\/www.reciplasa.es\\\/wp-content\\\/uploads\\\/2024\\\/05\\\/Entrega-premios-Catedra-Reciplasa-UJI-3.jpeg\",\"datePublished\":\"2024-05-10T10:51:57+00:00\",\"dateModified\":\"2024-05-10T11:03:52+00:00\",\"author\":{\"@id\":\"https:\\\/\\\/www.reciplasa.es\\\/#\\\/schema\\\/person\\\/15191934c9f5618dadb907c80c029c0b\"},\"description\":\"Centres educatius i estudiants tenen fins al dilluns 13 per a presentar els seus treballs en format de v\u00eddeo, maqueta o relat\",\"breadcrumb\":{\"@id\":\"https:\\\/\\\/www.reciplasa.es\\\/va\\\/la-catedra-reciplasa-uji-te-oberta-la-campanya-que-fem-amb-el-fem-per-a-fomentar-el-reciclatge-entre-els-mes-joves\\\/#breadcrumb\"},\"inLanguage\":\"va-VA\",\"potentialAction\":[{\"@type\":\"ReadAction\",\"target\":[\"https:\\\/\\\/www.reciplasa.es\\\/va\\\/la-catedra-reciplasa-uji-te-oberta-la-campanya-que-fem-amb-el-fem-per-a-fomentar-el-reciclatge-entre-els-mes-joves\\\/\"]}]},{\"@type\":\"ImageObject\",\"inLanguage\":\"va-VA\",\"@id\":\"https:\\\/\\\/www.reciplasa.es\\\/va\\\/la-catedra-reciplasa-uji-te-oberta-la-campanya-que-fem-amb-el-fem-per-a-fomentar-el-reciclatge-entre-els-mes-joves\\\/#primaryimage\",\"url\":\"https:\\\/\\\/www.reciplasa.es\\\/wp-content\\\/uploads\\\/2024\\\/05\\\/Entrega-premios-Catedra-Reciplasa-UJI-3.jpeg\",\"contentUrl\":\"https:\\\/\\\/www.reciplasa.es\\\/wp-content\\\/uploads\\\/2024\\\/05\\\/Entrega-premios-Catedra-Reciplasa-UJI-3.jpeg\",\"width\":1600,\"height\":1200},{\"@type\":\"BreadcrumbList\",\"@id\":\"https:\\\/\\\/www.reciplasa.es\\\/va\\\/la-catedra-reciplasa-uji-te-oberta-la-campanya-que-fem-amb-el-fem-per-a-fomentar-el-reciclatge-entre-els-mes-joves\\\/#breadcrumb\",\"itemListElement\":[{\"@type\":\"ListItem\",\"position\":1,\"name\":\"Portada\",\"item\":\"https:\\\/\\\/www.reciplasa.es\\\/va\\\/\"},{\"@type\":\"ListItem\",\"position\":2,\"name\":\"La C\u00e0tedra\u00a0Reciplasa-UJI\u00a0t\u00e9 oberta la campanya \u2018Qu\u00e8\u00a0fem\u00a0amb\u00a0el\u00a0fem?\u2019\u00a0per a fomentar el reciclatge entre els m\u00e9s joves\"}]},{\"@type\":\"WebSite\",\"@id\":\"https:\\\/\\\/www.reciplasa.es\\\/#website\",\"url\":\"https:\\\/\\\/www.reciplasa.es\\\/\",\"name\":\"RECIPLASA\",\"description\":\"Reciclats de Residus La Plana SA\",\"potentialAction\":[{\"@type\":\"SearchAction\",\"target\":{\"@type\":\"EntryPoint\",\"urlTemplate\":\"https:\\\/\\\/www.reciplasa.es\\\/?s={search_term_string}\"},\"query-input\":{\"@type\":\"PropertyValueSpecification\",\"valueRequired\":true,\"valueName\":\"search_term_string\"}}],\"inLanguage\":\"va-VA\"},{\"@type\":\"Person\",\"@id\":\"https:\\\/\\\/www.reciplasa.es\\\/#\\\/schema\\\/person\\\/15191934c9f5618dadb907c80c029c0b\",\"name\":\"Sandra\",\"image\":{\"@type\":\"ImageObject\",\"inLanguage\":\"va-VA\",\"@id\":\"https:\\\/\\\/secure.gravatar.com\\\/avatar\\\/605ca84bedd79915b697a46887df8ccd0249fb6f2a1bbcd0bfc66c91d997ae51?s=96&d=mm&r=g\",\"url\":\"https:\\\/\\\/secure.gravatar.com\\\/avatar\\\/605ca84bedd79915b697a46887df8ccd0249fb6f2a1bbcd0bfc66c91d997ae51?s=96&d=mm&r=g\",\"contentUrl\":\"https:\\\/\\\/secure.gravatar.com\\\/avatar\\\/605ca84bedd79915b697a46887df8ccd0249fb6f2a1bbcd0bfc66c91d997ae51?s=96&d=mm&r=g\",\"caption\":\"Sandra\"},\"url\":\"https:\\\/\\\/www.reciplasa.es\\\/va\\\/author\\\/sandra\\\/\"}]}<\/script>\n<!-- \/ Yoast SEO plugin. -->","yoast_head_json":{"title":"La C\u00e0tedra\u00a0Reciplasa-UJI\u00a0t\u00e9 oberta la campanya \u2018Qu\u00e8\u00a0fem\u00a0amb\u00a0el\u00a0fem?\u2019\u00a0per a fomentar el reciclatge entre els m\u00e9s joves - RECIPLASA","description":"Centres educatius i estudiants tenen fins al dilluns 13 per a presentar els seus treballs en format de v\u00eddeo, maqueta o relat","robots":{"index":"index","follow":"follow","max-snippet":"max-snippet:-1","max-image-preview":"max-image-preview:large","max-video-preview":"max-video-preview:-1"},"canonical":"https:\/\/www.reciplasa.es\/va\/la-catedra-reciplasa-uji-te-oberta-la-campanya-que-fem-amb-el-fem-per-a-fomentar-el-reciclatge-entre-els-mes-joves\/","og_locale":"en_US","og_type":"article","og_title":"La C\u00e0tedra\u00a0Reciplasa-UJI\u00a0t\u00e9 oberta la campanya \u2018Qu\u00e8\u00a0fem\u00a0amb\u00a0el\u00a0fem?\u2019\u00a0per a fomentar el reciclatge entre els m\u00e9s joves - RECIPLASA","og_description":"Centres educatius i estudiants tenen fins al dilluns 13 per a presentar els seus treballs en format de v\u00eddeo, maqueta o relat","og_url":"https:\/\/www.reciplasa.es\/va\/la-catedra-reciplasa-uji-te-oberta-la-campanya-que-fem-amb-el-fem-per-a-fomentar-el-reciclatge-entre-els-mes-joves\/","og_site_name":"RECIPLASA","article_published_time":"2024-05-10T10:51:57+00:00","article_modified_time":"2024-05-10T11:03:52+00:00","og_image":[{"width":1600,"height":1200,"url":"https:\/\/www.reciplasa.es\/wp-content\/uploads\/2024\/05\/Entrega-premios-Catedra-Reciplasa-UJI-3.jpeg","type":"image\/jpeg"}],"author":"Sandra","twitter_card":"summary_large_image","twitter_misc":{"Written by":"Sandra","Est. reading time":"9 minutes"},"schema":{"@context":"https:\/\/schema.org","@graph":[{"@type":"Article","@id":"https:\/\/www.reciplasa.es\/va\/la-catedra-reciplasa-uji-te-oberta-la-campanya-que-fem-amb-el-fem-per-a-fomentar-el-reciclatge-entre-els-mes-joves\/#article","isPartOf":{"@id":"https:\/\/www.reciplasa.es\/va\/la-catedra-reciplasa-uji-te-oberta-la-campanya-que-fem-amb-el-fem-per-a-fomentar-el-reciclatge-entre-els-mes-joves\/"},"author":{"name":"Sandra","@id":"https:\/\/www.reciplasa.es\/#\/schema\/person\/15191934c9f5618dadb907c80c029c0b"},"headline":"La C\u00e0tedra\u00a0Reciplasa-UJI\u00a0t\u00e9 oberta la campanya \u2018Qu\u00e8\u00a0fem\u00a0amb\u00a0el\u00a0fem?\u2019\u00a0per a fomentar el reciclatge entre els m\u00e9s joves","datePublished":"2024-05-10T10:51:57+00:00","dateModified":"2024-05-10T11:03:52+00:00","mainEntityOfPage":{"@id":"https:\/\/www.reciplasa.es\/va\/la-catedra-reciplasa-uji-te-oberta-la-campanya-que-fem-amb-el-fem-per-a-fomentar-el-reciclatge-entre-els-mes-joves\/"},"wordCount":1597,"image":{"@id":"https:\/\/www.reciplasa.es\/va\/la-catedra-reciplasa-uji-te-oberta-la-campanya-que-fem-amb-el-fem-per-a-fomentar-el-reciclatge-entre-els-mes-joves\/#primaryimage"},"thumbnailUrl":"https:\/\/www.reciplasa.es\/wp-content\/uploads\/2024\/05\/Entrega-premios-Catedra-Reciplasa-UJI-3.jpeg","articleSection":["C\u00e0tedra Reciplasa-UJI"],"inLanguage":"va-VA"},{"@type":"WebPage","@id":"https:\/\/www.reciplasa.es\/va\/la-catedra-reciplasa-uji-te-oberta-la-campanya-que-fem-amb-el-fem-per-a-fomentar-el-reciclatge-entre-els-mes-joves\/","url":"https:\/\/www.reciplasa.es\/va\/la-catedra-reciplasa-uji-te-oberta-la-campanya-que-fem-amb-el-fem-per-a-fomentar-el-reciclatge-entre-els-mes-joves\/","name":"La C\u00e0tedra\u00a0Reciplasa-UJI\u00a0t\u00e9 oberta la campanya \u2018Qu\u00e8\u00a0fem\u00a0amb\u00a0el\u00a0fem?\u2019\u00a0per a fomentar el reciclatge entre els m\u00e9s joves - RECIPLASA","isPartOf":{"@id":"https:\/\/www.reciplasa.es\/#website"},"primaryImageOfPage":{"@id":"https:\/\/www.reciplasa.es\/va\/la-catedra-reciplasa-uji-te-oberta-la-campanya-que-fem-amb-el-fem-per-a-fomentar-el-reciclatge-entre-els-mes-joves\/#primaryimage"},"image":{"@id":"https:\/\/www.reciplasa.es\/va\/la-catedra-reciplasa-uji-te-oberta-la-campanya-que-fem-amb-el-fem-per-a-fomentar-el-reciclatge-entre-els-mes-joves\/#primaryimage"},"thumbnailUrl":"https:\/\/www.reciplasa.es\/wp-content\/uploads\/2024\/05\/Entrega-premios-Catedra-Reciplasa-UJI-3.jpeg","datePublished":"2024-05-10T10:51:57+00:00","dateModified":"2024-05-10T11:03:52+00:00","author":{"@id":"https:\/\/www.reciplasa.es\/#\/schema\/person\/15191934c9f5618dadb907c80c029c0b"},"description":"Centres educatius i estudiants tenen fins al dilluns 13 per a presentar els seus treballs en format de v\u00eddeo, maqueta o relat","breadcrumb":{"@id":"https:\/\/www.reciplasa.es\/va\/la-catedra-reciplasa-uji-te-oberta-la-campanya-que-fem-amb-el-fem-per-a-fomentar-el-reciclatge-entre-els-mes-joves\/#breadcrumb"},"inLanguage":"va-VA","potentialAction":[{"@type":"ReadAction","target":["https:\/\/www.reciplasa.es\/va\/la-catedra-reciplasa-uji-te-oberta-la-campanya-que-fem-amb-el-fem-per-a-fomentar-el-reciclatge-entre-els-mes-joves\/"]}]},{"@type":"ImageObject","inLanguage":"va-VA","@id":"https:\/\/www.reciplasa.es\/va\/la-catedra-reciplasa-uji-te-oberta-la-campanya-que-fem-amb-el-fem-per-a-fomentar-el-reciclatge-entre-els-mes-joves\/#primaryimage","url":"https:\/\/www.reciplasa.es\/wp-content\/uploads\/2024\/05\/Entrega-premios-Catedra-Reciplasa-UJI-3.jpeg","contentUrl":"https:\/\/www.reciplasa.es\/wp-content\/uploads\/2024\/05\/Entrega-premios-Catedra-Reciplasa-UJI-3.jpeg","width":1600,"height":1200},{"@type":"BreadcrumbList","@id":"https:\/\/www.reciplasa.es\/va\/la-catedra-reciplasa-uji-te-oberta-la-campanya-que-fem-amb-el-fem-per-a-fomentar-el-reciclatge-entre-els-mes-joves\/#breadcrumb","itemListElement":[{"@type":"ListItem","position":1,"name":"Portada","item":"https:\/\/www.reciplasa.es\/va\/"},{"@type":"ListItem","position":2,"name":"La C\u00e0tedra\u00a0Reciplasa-UJI\u00a0t\u00e9 oberta la campanya \u2018Qu\u00e8\u00a0fem\u00a0amb\u00a0el\u00a0fem?\u2019\u00a0per a fomentar el reciclatge entre els m\u00e9s joves"}]},{"@type":"WebSite","@id":"https:\/\/www.reciplasa.es\/#website","url":"https:\/\/www.reciplasa.es\/","name":"RECIPLASA","description":"Reciclats de Residus La Plana SA","potentialAction":[{"@type":"SearchAction","target":{"@type":"EntryPoint","urlTemplate":"https:\/\/www.reciplasa.es\/?s={search_term_string}"},"query-input":{"@type":"PropertyValueSpecification","valueRequired":true,"valueName":"search_term_string"}}],"inLanguage":"va-VA"},{"@type":"Person","@id":"https:\/\/www.reciplasa.es\/#\/schema\/person\/15191934c9f5618dadb907c80c029c0b","name":"Sandra","image":{"@type":"ImageObject","inLanguage":"va-VA","@id":"https:\/\/secure.gravatar.com\/avatar\/605ca84bedd79915b697a46887df8ccd0249fb6f2a1bbcd0bfc66c91d997ae51?s=96&d=mm&r=g","url":"https:\/\/secure.gravatar.com\/avatar\/605ca84bedd79915b697a46887df8ccd0249fb6f2a1bbcd0bfc66c91d997ae51?s=96&d=mm&r=g","contentUrl":"https:\/\/secure.gravatar.com\/avatar\/605ca84bedd79915b697a46887df8ccd0249fb6f2a1bbcd0bfc66c91d997ae51?s=96&d=mm&r=g","caption":"Sandra"},"url":"https:\/\/www.reciplasa.es\/va\/author\/sandra\/"}]}},"_links":{"self":[{"href":"https:\/\/www.reciplasa.es\/va\/wp-json\/wp\/v2\/posts\/16020","targetHints":{"allow":["GET"]}}],"collection":[{"href":"https:\/\/www.reciplasa.es\/va\/wp-json\/wp\/v2\/posts"}],"about":[{"href":"https:\/\/www.reciplasa.es\/va\/wp-json\/wp\/v2\/types\/post"}],"author":[{"embeddable":true,"href":"https:\/\/www.reciplasa.es\/va\/wp-json\/wp\/v2\/users\/13"}],"replies":[{"embeddable":true,"href":"https:\/\/www.reciplasa.es\/va\/wp-json\/wp\/v2\/comments?post=16020"}],"version-history":[{"count":3,"href":"https:\/\/www.reciplasa.es\/va\/wp-json\/wp\/v2\/posts\/16020\/revisions"}],"predecessor-version":[{"id":16023,"href":"https:\/\/www.reciplasa.es\/va\/wp-json\/wp\/v2\/posts\/16020\/revisions\/16023"}],"wp:featuredmedia":[{"embeddable":true,"href":"https:\/\/www.reciplasa.es\/va\/wp-json\/wp\/v2\/media\/16017"}],"wp:attachment":[{"href":"https:\/\/www.reciplasa.es\/va\/wp-json\/wp\/v2\/media?parent=16020"}],"wp:term":[{"taxonomy":"category","embeddable":true,"href":"https:\/\/www.reciplasa.es\/va\/wp-json\/wp\/v2\/categories?post=16020"},{"taxonomy":"post_tag","embeddable":true,"href":"https:\/\/www.reciplasa.es\/va\/wp-json\/wp\/v2\/tags?post=16020"}],"curies":[{"name":"wp","href":"https:\/\/api.w.org\/{rel}","templated":true}]}}