{"id":16033,"date":"2024-05-17T08:46:23","date_gmt":"2024-05-17T08:46:23","guid":{"rendered":"https:\/\/www.reciplasa.es\/?p=16033\/"},"modified":"2024-05-17T08:46:23","modified_gmt":"2024-05-17T08:46:23","slug":"reciplasa-participa-en-la-fira-ifat-munic-per-a-accedir-als-ultims-avancos-mundials-en-valoritzacio-de-residus","status":"publish","type":"post","link":"https:\/\/www.reciplasa.es\/va\/reciplasa-participa-en-la-fira-ifat-munic-per-a-accedir-als-ultims-avancos-mundials-en-valoritzacio-de-residus\/","title":{"rendered":"Reciplasa participa en la fira IFAT Munic per a accedir als \u00faltims avan\u00e7os mundials en valoritzaci\u00f3 de residus"},"content":{"rendered":"<ul>\n<li><em>Sergio Toledo ha mantingut trobades per a comprovar les evolucions tecnol\u00f2giques i les possibilitats d&#8217;implantar-les a la prov\u00edncia<\/em>\n<p>Castell\u00f3 (16-5-2024). \u2013 Reciplasa ha participat activament aquesta setmana en la fira IFAT Munic, que \u00e9s la fira de medi ambient m\u00e9s important d&#8217;Europa, que se celebra cada dos anys, i en la qual es poden comprovar els \u00faltims avan\u00e7os en maquin\u00e0ria i tecnologia de tractament i valoritzaci\u00f3 de residus.<\/p>\n<p>El seu president, Sergio Toledo, ha mantingut trobades i ha estat comprovant les evolucions tecnol\u00f2giques que actualment s&#8217;estan desenvolupant a tot el m\u00f3n, amb l&#8217;objectiu de con\u00e9ixer-les i avaluar la possibilitat d&#8217;implantar-les en les instal\u00b7lacions d&#8217;Onda.<\/p>\n<p>Cal tindre en compte que\u00a0IFAT\u00a0Munic \u00e9s la fira l\u00edder per a la gesti\u00f3 d&#8217;aigua, aig\u00fces residuals, residus i mat\u00e8ries primeres. A m\u00e9s,\u00a0IFAT\u00a0\u00e9s la xarxa l\u00edder mundial en tecnologies mediambientals i ofereix una xarxa global per als responsables de la presa de decisions en les empreses del sector de la tecnologia ambiental, amb solucions espec\u00edfiques per als respectius reptes en els diferents mercats.<\/p>\n<p>La visita de Sergio Toledo a Munic no \u00e9s f\u00fatil, at\u00e9s que el Consell d&#8217;Administraci\u00f3 de\u00a0Reciplasa\u00a0ha aprovat aquesta mateixa setmana un paquet de millores en les instal\u00b7lacions que gestiona tant a Onda com a Almassora, amb l&#8217;objectiu de guanyar en efici\u00e8ncia, millorar el servei que presta als municipis que la integren i reduir l&#8217;impacte mediambiental en les seues instal\u00b7lacions. Tot aix\u00f2 suposar\u00e0 una inversi\u00f3 de 4,5 milions d&#8217;euros que est\u00e0 previst escometre fins a l&#8217;estiu de 2025 i que es posaran en marxa amb car\u00e0cter imminent.<\/p>\n<p>Sergio Toledo ha explicat que \u201ces tracta d&#8217;una fira que se celebra cada dos anys i que \u00e9s molt important per a\u00a0Reciplasa, especialment en un moment en el qual escometrem unes inversions molt importants per a ser m\u00e9s eficients en el tractament dels residus i generar el menor impacte possible en el nostre entorn. Hem aprofitat per a estar al corrent de les \u00faltimes novetats i les pr\u00f2ximes setmanes analitzarem si \u00e9s possible aplicar en la planta de\u00a0Reciplasa\u00a0alguns dels avan\u00e7os tecnol\u00f2gics que hem pogut con\u00e9ixer a Munic\u201d.<\/p>\n<p>Cal recordar que l&#8217;aprovaci\u00f3 d&#8217;un paquet d&#8217;inversions per valor de 4,5 milions d&#8217;euros entre 2024 i mediats de 2025 \u00e9s fruit de la negociaci\u00f3 que ha mantingut aquest mes Sergio Toledo amb els representants de la Uni\u00f3 Temporal d&#8217;Empreses que gestiona el servei de tractaments de residus. Toledo va arribar a un acord amb FCC,\u00a0Tetma\u00a0i\u00a0Fobesa\u00a0perqu\u00e8 executen les obres i les inversions en equips que ajuden a garantir el millor servei possible a les ve\u00efnes i ve\u00efns dels municipis que traslladen els seus residus a les instal\u00b7lacions de\u00a0Reciplasa.<\/p>\n<p>El Consell d&#8217;Administraci\u00f3 de\u00a0Reciplasa\u00a0va aprovar aquestes inversions per unanimitat en una sessi\u00f3 extraordin\u00e0ria celebrada, precisament, per a agilitzar al m\u00e0xim les obres i la compra del material necessari per a millorar el servei. La principal inversi\u00f3 ser\u00e0 l&#8217;esperat segellat del got B abocador d&#8217;Onda, que suposar\u00e0 una inversi\u00f3 de 2,7 milions d&#8217;euros dels 4.508.414,13 \u20ac aprovats en total.<\/p>\n<p><strong>Fins a una dotzena d&#8217;iniciatives per a millorar el servei<\/strong><\/p>\n<p>Les obres compromeses per la UTE contribuiran a la millora de la situaci\u00f3 actual de les instal\u00b7lacions i al funcionament d&#8217;aquestes. Les inversions que es consideren m\u00e9s convenient a realitzar s\u00f3n les seg\u00fcents:<\/p>\n<p>Segellament del got B de l&#8217;abocador de la Planta d&#8217;Onda, per un import de 2.768.830,34 euros, de la qual hauran de llevar-se 790.000 \u20ac, quantitat inclosa en el c\u00e0non de tractament per al segellament de l&#8217;abocador, pendent d&#8217;execuci\u00f3.<\/p>\n<p>Cobriment mitjan\u00e7ant instal\u00b7lacions provisionals r\u00edgides de la zona de compostatge intermedi, per import m\u00e0xim de 528.500 euros. Aquesta inversi\u00f3 es considera necess\u00e0ries ja que l&#8217;Autoritzaci\u00f3 Ambiental Integrada (AAI)\u00a0de les instal\u00b7lacions indica que han d&#8217;estar cobertes les zones de tractament.<\/p>\n<p>Integraci\u00f3 de la\u00a0enfardadora\u00a0de bales de rebuig, equip incl\u00f2s en el Projecte de Gesti\u00f3, mitjan\u00e7ant el subministrament dels equips auxiliars necessaris i el cobriment, mitjan\u00e7ant una instal\u00b7laci\u00f3 provisional r\u00edgida per a complir amb la\u00a0AAI, per import m\u00e0xim de 887.100 euros.<\/p>\n<p>Ampliaci\u00f3 de la xarxa contra incendis de la planta d&#8217;Almassora per import m\u00e0xim de 25.000 euros, com a mesura de seguretat i que s&#8217;unir\u00e0 a la modificaci\u00f3 prevista en el Projecte de Gesti\u00f3 de la xarxa contra incendis de la instal\u00b7laci\u00f3.<\/p>\n<p>Planta recuperaci\u00f3 de matalassos, incloent-hi el subministrament de sis nous contenidors, situada en la planta de transfer\u00e8ncia d&#8217;Almassora per import m\u00e0xim de 202.000 euros, amb la finalitat de complir amb el requeriment efectuat per la Direcci\u00f3 General de Qualitat i Educaci\u00f3 Ambiental a totes les instal\u00b7lacions de tractament.<\/p>\n<p>Realitzaci\u00f3 de zona de mostreig per a control de qualitat de la\u00a0FORS\u00a0en la Planta de Transfer\u00e8ncia d&#8217;Almassora, per import m\u00e0xim de 70.000 euros\u20ac, per a poder dur a terme el contracte de caracteritzacions de la mat\u00e8ria org\u00e0nica recentment adjudicat.<\/p>\n<p>Duplicaci\u00f3 del quadre d&#8217;operacions dels equips de recuperaci\u00f3 \u00f2ptics per import de 8.000 euros, que permetr\u00e0 la supervisi\u00f3 des del lloc de control del funcionament dels equips recentment instal\u00b7lats.<\/p>\n<p>Punts de c\u00e0rrega per a vehicles el\u00e8ctrics per un import m\u00e0xim de 25.000 euros, per a complir amb el requeriment de la legislaci\u00f3 vigent.<\/p>\n<p>Punt de subministrament de combustible (gasolina) per un import m\u00e0xim de 78.000 euros, motivat pel canvi de tend\u00e8ncia del combustible utilitzat pels vehicles que treballen en les instal\u00b7lacions.<\/p>\n<p>Canvie ubicaci\u00f3 motor d&#8217;explosi\u00f3 equips contra incendis en la Planta d&#8217;Onda, ja que on est\u00e0 posicionat en l&#8217;actualitat fa que perda rendiment i es dificulten els treballs de manteniment necessaris, per un import m\u00e0xim de 60.000 euros.<\/p>\n<p>Modificaci\u00f3 de la zona de compactaci\u00f3 de l&#8217;Estaci\u00f3 de Transfer\u00e8ncia d&#8217;Almassora, fins a aconseguir un import de 645.000 euros, b\u00e9 en dotaci\u00f3 d&#8217;equips, b\u00e9 en execuci\u00f3 d&#8217;edificacions.<\/li>\n<\/ul>\n","protected":false},"excerpt":{"rendered":"<p>Sergio Toledo ha mantingut trobades per a comprovar les evolucions tecnol\u00f2giques i les possibilitats d&#8217;implantar-les a la prov\u00edncia Castell\u00f3 (16-5-2024). \u2013 Reciplasa ha participat activament aquesta setmana en la fira IFAT Munic, que \u00e9s la fira de medi ambient m\u00e9s important d&#8217;Europa, que se celebra cada dos anys, i en la qual es poden comprovarDale que hay m\u00e1s &#8230;<\/p>\n","protected":false},"author":13,"featured_media":0,"comment_status":"closed","ping_status":"closed","sticky":false,"template":"","format":"standard","meta":{"footnotes":""},"categories":[87],"tags":[],"class_list":["post-16033","post","type-post","status-publish","format-standard","hentry","category-noticies-corporatives"],"yoast_head":"<!-- This site is optimized with the Yoast SEO plugin v27.4 - https:\/\/yoast.com\/product\/yoast-seo-wordpress\/ -->\n<title>Reciplasa participa en la fira IFAT Munic per a accedir als \u00faltims avan\u00e7os mundials en valoritzaci\u00f3 de residus - RECIPLASA<\/title>\n<meta name=\"description\" content=\"Reciplasa ha participat activament aquesta setmana en la fira IFAT Munic, la fira de medi ambient m\u00e9s important d&#039;Europa.\" \/>\n<meta name=\"robots\" content=\"index, follow, max-snippet:-1, max-image-preview:large, max-video-preview:-1\" \/>\n<link rel=\"canonical\" href=\"https:\/\/www.reciplasa.es\/va\/reciplasa-participa-en-la-fira-ifat-munic-per-a-accedir-als-ultims-avancos-mundials-en-valoritzacio-de-residus\/\" \/>\n<meta property=\"og:locale\" content=\"en_US\" \/>\n<meta property=\"og:type\" content=\"article\" \/>\n<meta property=\"og:title\" content=\"Reciplasa participa en la fira IFAT Munic per a accedir als \u00faltims avan\u00e7os mundials en valoritzaci\u00f3 de residus - RECIPLASA\" \/>\n<meta property=\"og:description\" content=\"Reciplasa ha participat activament aquesta setmana en la fira IFAT Munic, la fira de medi ambient m\u00e9s important d&#039;Europa.\" \/>\n<meta property=\"og:url\" content=\"https:\/\/www.reciplasa.es\/va\/reciplasa-participa-en-la-fira-ifat-munic-per-a-accedir-als-ultims-avancos-mundials-en-valoritzacio-de-residus\/\" \/>\n<meta property=\"og:site_name\" content=\"RECIPLASA\" \/>\n<meta property=\"article:published_time\" content=\"2024-05-17T08:46:23+00:00\" \/>\n<meta name=\"author\" content=\"Sandra\" \/>\n<meta name=\"twitter:card\" content=\"summary_large_image\" \/>\n<meta name=\"twitter:label1\" content=\"Written by\" \/>\n\t<meta name=\"twitter:data1\" content=\"Sandra\" \/>\n\t<meta name=\"twitter:label2\" content=\"Est. reading time\" \/>\n\t<meta name=\"twitter:data2\" content=\"5 minutes\" \/>\n<script type=\"application\/ld+json\" class=\"yoast-schema-graph\">{\"@context\":\"https:\\\/\\\/schema.org\",\"@graph\":[{\"@type\":\"Article\",\"@id\":\"https:\\\/\\\/www.reciplasa.es\\\/va\\\/reciplasa-participa-en-la-fira-ifat-munic-per-a-accedir-als-ultims-avancos-mundials-en-valoritzacio-de-residus\\\/#article\",\"isPartOf\":{\"@id\":\"https:\\\/\\\/www.reciplasa.es\\\/va\\\/reciplasa-participa-en-la-fira-ifat-munic-per-a-accedir-als-ultims-avancos-mundials-en-valoritzacio-de-residus\\\/\"},\"author\":{\"name\":\"Sandra\",\"@id\":\"https:\\\/\\\/www.reciplasa.es\\\/#\\\/schema\\\/person\\\/15191934c9f5618dadb907c80c029c0b\"},\"headline\":\"Reciplasa participa en la fira IFAT Munic per a accedir als \u00faltims avan\u00e7os mundials en valoritzaci\u00f3 de residus\",\"datePublished\":\"2024-05-17T08:46:23+00:00\",\"mainEntityOfPage\":{\"@id\":\"https:\\\/\\\/www.reciplasa.es\\\/va\\\/reciplasa-participa-en-la-fira-ifat-munic-per-a-accedir-als-ultims-avancos-mundials-en-valoritzacio-de-residus\\\/\"},\"wordCount\":1044,\"articleSection\":[\"Not\u00edcies corporatives\"],\"inLanguage\":\"va-VA\"},{\"@type\":\"WebPage\",\"@id\":\"https:\\\/\\\/www.reciplasa.es\\\/va\\\/reciplasa-participa-en-la-fira-ifat-munic-per-a-accedir-als-ultims-avancos-mundials-en-valoritzacio-de-residus\\\/\",\"url\":\"https:\\\/\\\/www.reciplasa.es\\\/va\\\/reciplasa-participa-en-la-fira-ifat-munic-per-a-accedir-als-ultims-avancos-mundials-en-valoritzacio-de-residus\\\/\",\"name\":\"Reciplasa participa en la fira IFAT Munic per a accedir als \u00faltims avan\u00e7os mundials en valoritzaci\u00f3 de residus - RECIPLASA\",\"isPartOf\":{\"@id\":\"https:\\\/\\\/www.reciplasa.es\\\/#website\"},\"datePublished\":\"2024-05-17T08:46:23+00:00\",\"author\":{\"@id\":\"https:\\\/\\\/www.reciplasa.es\\\/#\\\/schema\\\/person\\\/15191934c9f5618dadb907c80c029c0b\"},\"description\":\"Reciplasa ha participat activament aquesta setmana en la fira IFAT Munic, la fira de medi ambient m\u00e9s important d'Europa.\",\"breadcrumb\":{\"@id\":\"https:\\\/\\\/www.reciplasa.es\\\/va\\\/reciplasa-participa-en-la-fira-ifat-munic-per-a-accedir-als-ultims-avancos-mundials-en-valoritzacio-de-residus\\\/#breadcrumb\"},\"inLanguage\":\"va-VA\",\"potentialAction\":[{\"@type\":\"ReadAction\",\"target\":[\"https:\\\/\\\/www.reciplasa.es\\\/va\\\/reciplasa-participa-en-la-fira-ifat-munic-per-a-accedir-als-ultims-avancos-mundials-en-valoritzacio-de-residus\\\/\"]}]},{\"@type\":\"BreadcrumbList\",\"@id\":\"https:\\\/\\\/www.reciplasa.es\\\/va\\\/reciplasa-participa-en-la-fira-ifat-munic-per-a-accedir-als-ultims-avancos-mundials-en-valoritzacio-de-residus\\\/#breadcrumb\",\"itemListElement\":[{\"@type\":\"ListItem\",\"position\":1,\"name\":\"Portada\",\"item\":\"https:\\\/\\\/www.reciplasa.es\\\/va\\\/\"},{\"@type\":\"ListItem\",\"position\":2,\"name\":\"Reciplasa participa en la fira IFAT Munic per a accedir als \u00faltims avan\u00e7os mundials en valoritzaci\u00f3 de residus\"}]},{\"@type\":\"WebSite\",\"@id\":\"https:\\\/\\\/www.reciplasa.es\\\/#website\",\"url\":\"https:\\\/\\\/www.reciplasa.es\\\/\",\"name\":\"RECIPLASA\",\"description\":\"Reciclats de Residus La Plana SA\",\"potentialAction\":[{\"@type\":\"SearchAction\",\"target\":{\"@type\":\"EntryPoint\",\"urlTemplate\":\"https:\\\/\\\/www.reciplasa.es\\\/?s={search_term_string}\"},\"query-input\":{\"@type\":\"PropertyValueSpecification\",\"valueRequired\":true,\"valueName\":\"search_term_string\"}}],\"inLanguage\":\"va-VA\"},{\"@type\":\"Person\",\"@id\":\"https:\\\/\\\/www.reciplasa.es\\\/#\\\/schema\\\/person\\\/15191934c9f5618dadb907c80c029c0b\",\"name\":\"Sandra\",\"image\":{\"@type\":\"ImageObject\",\"inLanguage\":\"va-VA\",\"@id\":\"https:\\\/\\\/secure.gravatar.com\\\/avatar\\\/605ca84bedd79915b697a46887df8ccd0249fb6f2a1bbcd0bfc66c91d997ae51?s=96&d=mm&r=g\",\"url\":\"https:\\\/\\\/secure.gravatar.com\\\/avatar\\\/605ca84bedd79915b697a46887df8ccd0249fb6f2a1bbcd0bfc66c91d997ae51?s=96&d=mm&r=g\",\"contentUrl\":\"https:\\\/\\\/secure.gravatar.com\\\/avatar\\\/605ca84bedd79915b697a46887df8ccd0249fb6f2a1bbcd0bfc66c91d997ae51?s=96&d=mm&r=g\",\"caption\":\"Sandra\"},\"url\":\"https:\\\/\\\/www.reciplasa.es\\\/va\\\/author\\\/sandra\\\/\"}]}<\/script>\n<!-- \/ Yoast SEO plugin. -->","yoast_head_json":{"title":"Reciplasa participa en la fira IFAT Munic per a accedir als \u00faltims avan\u00e7os mundials en valoritzaci\u00f3 de residus - RECIPLASA","description":"Reciplasa ha participat activament aquesta setmana en la fira IFAT Munic, la fira de medi ambient m\u00e9s important d'Europa.","robots":{"index":"index","follow":"follow","max-snippet":"max-snippet:-1","max-image-preview":"max-image-preview:large","max-video-preview":"max-video-preview:-1"},"canonical":"https:\/\/www.reciplasa.es\/va\/reciplasa-participa-en-la-fira-ifat-munic-per-a-accedir-als-ultims-avancos-mundials-en-valoritzacio-de-residus\/","og_locale":"en_US","og_type":"article","og_title":"Reciplasa participa en la fira IFAT Munic per a accedir als \u00faltims avan\u00e7os mundials en valoritzaci\u00f3 de residus - RECIPLASA","og_description":"Reciplasa ha participat activament aquesta setmana en la fira IFAT Munic, la fira de medi ambient m\u00e9s important d'Europa.","og_url":"https:\/\/www.reciplasa.es\/va\/reciplasa-participa-en-la-fira-ifat-munic-per-a-accedir-als-ultims-avancos-mundials-en-valoritzacio-de-residus\/","og_site_name":"RECIPLASA","article_published_time":"2024-05-17T08:46:23+00:00","author":"Sandra","twitter_card":"summary_large_image","twitter_misc":{"Written by":"Sandra","Est. reading time":"5 minutes"},"schema":{"@context":"https:\/\/schema.org","@graph":[{"@type":"Article","@id":"https:\/\/www.reciplasa.es\/va\/reciplasa-participa-en-la-fira-ifat-munic-per-a-accedir-als-ultims-avancos-mundials-en-valoritzacio-de-residus\/#article","isPartOf":{"@id":"https:\/\/www.reciplasa.es\/va\/reciplasa-participa-en-la-fira-ifat-munic-per-a-accedir-als-ultims-avancos-mundials-en-valoritzacio-de-residus\/"},"author":{"name":"Sandra","@id":"https:\/\/www.reciplasa.es\/#\/schema\/person\/15191934c9f5618dadb907c80c029c0b"},"headline":"Reciplasa participa en la fira IFAT Munic per a accedir als \u00faltims avan\u00e7os mundials en valoritzaci\u00f3 de residus","datePublished":"2024-05-17T08:46:23+00:00","mainEntityOfPage":{"@id":"https:\/\/www.reciplasa.es\/va\/reciplasa-participa-en-la-fira-ifat-munic-per-a-accedir-als-ultims-avancos-mundials-en-valoritzacio-de-residus\/"},"wordCount":1044,"articleSection":["Not\u00edcies corporatives"],"inLanguage":"va-VA"},{"@type":"WebPage","@id":"https:\/\/www.reciplasa.es\/va\/reciplasa-participa-en-la-fira-ifat-munic-per-a-accedir-als-ultims-avancos-mundials-en-valoritzacio-de-residus\/","url":"https:\/\/www.reciplasa.es\/va\/reciplasa-participa-en-la-fira-ifat-munic-per-a-accedir-als-ultims-avancos-mundials-en-valoritzacio-de-residus\/","name":"Reciplasa participa en la fira IFAT Munic per a accedir als \u00faltims avan\u00e7os mundials en valoritzaci\u00f3 de residus - RECIPLASA","isPartOf":{"@id":"https:\/\/www.reciplasa.es\/#website"},"datePublished":"2024-05-17T08:46:23+00:00","author":{"@id":"https:\/\/www.reciplasa.es\/#\/schema\/person\/15191934c9f5618dadb907c80c029c0b"},"description":"Reciplasa ha participat activament aquesta setmana en la fira IFAT Munic, la fira de medi ambient m\u00e9s important d'Europa.","breadcrumb":{"@id":"https:\/\/www.reciplasa.es\/va\/reciplasa-participa-en-la-fira-ifat-munic-per-a-accedir-als-ultims-avancos-mundials-en-valoritzacio-de-residus\/#breadcrumb"},"inLanguage":"va-VA","potentialAction":[{"@type":"ReadAction","target":["https:\/\/www.reciplasa.es\/va\/reciplasa-participa-en-la-fira-ifat-munic-per-a-accedir-als-ultims-avancos-mundials-en-valoritzacio-de-residus\/"]}]},{"@type":"BreadcrumbList","@id":"https:\/\/www.reciplasa.es\/va\/reciplasa-participa-en-la-fira-ifat-munic-per-a-accedir-als-ultims-avancos-mundials-en-valoritzacio-de-residus\/#breadcrumb","itemListElement":[{"@type":"ListItem","position":1,"name":"Portada","item":"https:\/\/www.reciplasa.es\/va\/"},{"@type":"ListItem","position":2,"name":"Reciplasa participa en la fira IFAT Munic per a accedir als \u00faltims avan\u00e7os mundials en valoritzaci\u00f3 de residus"}]},{"@type":"WebSite","@id":"https:\/\/www.reciplasa.es\/#website","url":"https:\/\/www.reciplasa.es\/","name":"RECIPLASA","description":"Reciclats de Residus La Plana SA","potentialAction":[{"@type":"SearchAction","target":{"@type":"EntryPoint","urlTemplate":"https:\/\/www.reciplasa.es\/?s={search_term_string}"},"query-input":{"@type":"PropertyValueSpecification","valueRequired":true,"valueName":"search_term_string"}}],"inLanguage":"va-VA"},{"@type":"Person","@id":"https:\/\/www.reciplasa.es\/#\/schema\/person\/15191934c9f5618dadb907c80c029c0b","name":"Sandra","image":{"@type":"ImageObject","inLanguage":"va-VA","@id":"https:\/\/secure.gravatar.com\/avatar\/605ca84bedd79915b697a46887df8ccd0249fb6f2a1bbcd0bfc66c91d997ae51?s=96&d=mm&r=g","url":"https:\/\/secure.gravatar.com\/avatar\/605ca84bedd79915b697a46887df8ccd0249fb6f2a1bbcd0bfc66c91d997ae51?s=96&d=mm&r=g","contentUrl":"https:\/\/secure.gravatar.com\/avatar\/605ca84bedd79915b697a46887df8ccd0249fb6f2a1bbcd0bfc66c91d997ae51?s=96&d=mm&r=g","caption":"Sandra"},"url":"https:\/\/www.reciplasa.es\/va\/author\/sandra\/"}]}},"_links":{"self":[{"href":"https:\/\/www.reciplasa.es\/va\/wp-json\/wp\/v2\/posts\/16033","targetHints":{"allow":["GET"]}}],"collection":[{"href":"https:\/\/www.reciplasa.es\/va\/wp-json\/wp\/v2\/posts"}],"about":[{"href":"https:\/\/www.reciplasa.es\/va\/wp-json\/wp\/v2\/types\/post"}],"author":[{"embeddable":true,"href":"https:\/\/www.reciplasa.es\/va\/wp-json\/wp\/v2\/users\/13"}],"replies":[{"embeddable":true,"href":"https:\/\/www.reciplasa.es\/va\/wp-json\/wp\/v2\/comments?post=16033"}],"version-history":[{"count":1,"href":"https:\/\/www.reciplasa.es\/va\/wp-json\/wp\/v2\/posts\/16033\/revisions"}],"predecessor-version":[{"id":16034,"href":"https:\/\/www.reciplasa.es\/va\/wp-json\/wp\/v2\/posts\/16033\/revisions\/16034"}],"wp:attachment":[{"href":"https:\/\/www.reciplasa.es\/va\/wp-json\/wp\/v2\/media?parent=16033"}],"wp:term":[{"taxonomy":"category","embeddable":true,"href":"https:\/\/www.reciplasa.es\/va\/wp-json\/wp\/v2\/categories?post=16033"},{"taxonomy":"post_tag","embeddable":true,"href":"https:\/\/www.reciplasa.es\/va\/wp-json\/wp\/v2\/tags?post=16033"}],"curies":[{"name":"wp","href":"https:\/\/api.w.org\/{rel}","templated":true}]}}