{"id":16040,"date":"2024-05-27T09:48:16","date_gmt":"2024-05-27T09:48:16","guid":{"rendered":"https:\/\/www.reciplasa.es\/?p=16040\/"},"modified":"2024-05-27T09:48:16","modified_gmt":"2024-05-27T09:48:16","slug":"alumnes-de-la-provincia-presenten-fins-a-27-propostes-per-a-participar-en-la-campanya-que-fem-amb-el-fem-de-la-catedra-reciplasa-uji","status":"publish","type":"post","link":"https:\/\/www.reciplasa.es\/va\/alumnes-de-la-provincia-presenten-fins-a-27-propostes-per-a-participar-en-la-campanya-que-fem-amb-el-fem-de-la-catedra-reciplasa-uji\/","title":{"rendered":"Alumnes de la prov\u00edncia presenten fins a 27 propostes per a participar en la campanya \u2018Qu\u00e8 fem amb el fem?\u2019 de la C\u00e0tedra Reciplasa-UJI"},"content":{"rendered":"<p>&nbsp;<\/p>\n<ul>\n<li><em>Sergio Toledo: \u201c\u00c9s magn\u00edfic que hi haja hagut tanta participaci\u00f3 en esta iniciativa per a sensibilitzar sobre la import\u00e0ncia de tindre bons h\u00e0bits en mat\u00e8ria de sostenibilitat\u201d <\/em><\/li>\n<li><em>F\u00e9lix Hern\u00e1ndez: \u201cVolem conscienciar als m\u00e9s joves en qu\u00e8 el seu futur dep\u00e9n dels seus h\u00e0bits, la seua aposta pel reciclatge i la protecci\u00f3 del medi ambient\u201d<\/em><\/li>\n<\/ul>\n<p><strong>\u00a0<\/strong><\/p>\n<p><strong>Castell\u00f3. 27 de maig de 2024<\/strong>.- La C\u00e0tedra Reciplasa-UJI de Gesti\u00f3 de Residus S\u00f2lids Urbans ha tancat ja el termini de presentaci\u00f3 de propostes per a participar en la campanya \u2018Qu\u00e8 fem amb el fem?\u2019 i ho ha fet amb la satisfacci\u00f3 de comprovar com s&#8217;han presentat fins a 27 iniciatives encaminades a potenciar el reciclatge entre els m\u00e9s joves de la prov\u00edncia de Castell\u00f3.<\/p>\n<p>En total han participat alumnes i alumnes de fins a 20 centres educatius, representant a cinc categories diferents, com s\u00f3n Infantil, Prim\u00e0ria, Secund\u00e0ria i Educaci\u00f3 Especial i Formaci\u00f3 Professional. Estos pertanyen a deu municipis de la prov\u00edncia de Castell\u00f3 i un de la prov\u00edncia de Val\u00e8ncia.<\/p>\n<p>Cal tindre en compte que, el ja reconegut concurs \u2018Qu\u00e8 fem amb el fem?\u2019, pret\u00e9n involucrar als estudiants i centres educatius de tota la prov\u00edncia sobre la necessitat de promoure la gesti\u00f3 sostenible dels residus. A m\u00e9s, \u00e9s una iniciativa de gran impacte a l&#8217;hora de sensibilitzar a les xiquetes i xiquets, aix\u00ed com a totes les persones joves, en la necessitat d&#8217;adoptar h\u00e0bits que ajuden a millorar la sostenibilitat en els municipis de tota la prov\u00edncia de Castell\u00f3.<\/p>\n<p>Es tracta de la s\u00e8ptima edici\u00f3 d&#8217;este concurs promogut per la C\u00e0tedra Reciplasa de l&#8217;UJI, que compta amb el suport inestimable del Seminari d&#8217;Educaci\u00f3 Ambiental de Castell\u00f3 i que promou la gesti\u00f3 sostenible de residus s\u00f2lids urbans. Este concurs pret\u00e9n desenvolupar la creativitat i l&#8217;expressi\u00f3 de coneixements cient\u00edfics, matem\u00e0tics i tecnol\u00f2gics, mitjan\u00e7ant diferents llenguatges art\u00edstics per a fomentar una ciutadania cr\u00edticament activa i responsable per a avan\u00e7ar cap a un model de societat m\u00e9s sostenible.<\/p>\n<p>Els projectes poden presentar-se en format maqueta, v\u00eddeo o relat\/conte, sobre qualsevol tem\u00e0tica ambiental o relacionada amb la gesti\u00f3 de residus, com, per exemple, recollida selectiva, valoritzaci\u00f3 de residus, economia circular, les 4Rs (reduir, reutilitzar, reciclar i recuperar), etc. A causa de l&#8217;objecte i al p\u00fablic al qual es dirigix esta iniciativa, la C\u00e0tedra compta amb la important col\u00b7laboraci\u00f3 d&#8217;Ecoembes, entitat molt conscienciada a promoure tamb\u00e9 la sostenibilitat.<\/p>\n<p>Sergio Toledo, president de Reciplasa, ha celebrat que \u201chi haja hagut tan alta participaci\u00f3 en esta iniciativa, amb la qual l&#8217;UJI i Reciplasa volem sensibilitzar als m\u00e9s joves sobre la import\u00e0ncia de tindre bons h\u00e0bits en mat\u00e8ria de sostenibilitat. I \u00e9s en estes edats quan \u00e9s m\u00e9s necessari conscienciar-los perqu\u00e8 reciclen i adquirisquen h\u00e0bits que ajuden tant a generar menys residus, com a depositar-los en els contenidors adequats. Com m\u00e9s prompte millor siguen conscients del problema, millor podran ajudar perqu\u00e8 Castell\u00f3 siga una prov\u00edncia m\u00e9s verda\u201d.<\/p>\n<p>Per part seua, F\u00e9lix Hern\u00e1ndez, director de la C\u00e0tedra Reciplasa-UJI, ha assenyalat que \u201camb la C\u00e0tedra es pret\u00e9n conscienciar als m\u00e9s joves perqu\u00e8 s&#8217;involucren en la gesti\u00f3 sostenible dels residus generats i siguen conscients de la import\u00e0ncia que t\u00e9 este tema per a avan\u00e7ar cap a un planeta menys contaminat, perqu\u00e8 generem quantitats ingents de residus, moltes vegades de mode innecessari, i \u00e9s necessari canviar modes de conducta de manera urgent\u201d.<\/p>\n<p>El director de la C\u00e0tedra Reciplasa ha destacat que \u201cla resposta que hem rebut per part dels col\u00b7legis, professors i estudiants davant este concurs ha sigut incre\u00efble des de la primera edici\u00f3. Aix\u00f2 ens anima a seguir per este cam\u00ed, perqu\u00e8 estem conven\u00e7uts que amb esta mena d&#8217;accions avan\u00e7arem cap a una societat m\u00e9s equilibrada i respectuosa amb el planeta que ens acull\u201d.<\/p>\n<p>Entre els objectius que planteja la campanya \u2018Qu\u00e8 fem amb el fem?\u2019, la C\u00e0tedra Reciplasa UJI pret\u00e9n familiaritzar sobre la gesti\u00f3 dels residus en la nostra comunitat; reduir la quantitat de residus del nostre entorn; refor\u00e7ar el coneixement en la tipologia de residus i la seua gesti\u00f3 (cicle de tractament de residus s\u00f2lids); millorar la recollida selectiva de residus s\u00f2lids en origen i entendre el seu impacte sobre la comunitat; i refor\u00e7ar la conscienciaci\u00f3 en edats educatives primerenques.<\/p>\n<p>La tem\u00e0tica del concurs se centra en la gesti\u00f3 dels residus urbans i\/o el seu possible impacte ambiental. Alguns dels temes proposats s\u00f3n la tem\u00e0tica al voltant de les 4Rs: reduir, reutilitzar, reciclar, recuperar; la recollida selectiva; la valoritzaci\u00f3 dels residus, els residus com a recurs; l&#8217;impacte dels residus; la tecnologia dels residus, el seu tractament; l&#8217;economia circular; o l&#8217;agenda 2030 dels objectius de desenvolupament del mil\u00b7lenni (ONU).<\/p>\n<p><strong>Modalitats dels treballs <\/strong><\/p>\n<p>Maqueta, sota l&#8217;elaboraci\u00f3 de models tridimensionals. Per a presentar esta proposta s&#8217;hauran d&#8217;adjuntar fotografies del proc\u00e9s i el treball final al costat del formulari d&#8217;inscripci\u00f3, guardant els treballs f\u00edsics fins el lliurament dels premis, ficant-los a la disposici\u00f3 del jurat.<\/p>\n<p>V\u00eddeo, en format audiovisual d&#8217;una duraci\u00f3 m\u00e0xima de 5 minuts. S&#8217;han presentat en format MP4 i sense superar els 100MB. El t\u00edtol i descripci\u00f3 de 50 a 100 paraules s&#8217;havia d&#8217;introduir en el formulari d&#8217;inscripci\u00f3 del treball.<\/p>\n<p>Relate\/conte, en escrit d&#8217;estil lliure amb una extensi\u00f3 m\u00e0xima de 1.000 paraules.<\/p>\n<p>S&#8217;admeten els treballs elaborats de manera grupal, normalment corresponents a una \u00fanica aula\/classe. En casos excepcionals es podien admetre treballs de m\u00e9s d&#8217;una classe sempre que correspongueren a un mateix nivell educatiu.<\/p>\n<p>Els treballs es poden presentar en: valenci\u00e0, castell\u00e0 i angl\u00e9s i la C\u00e0tedra Reciplasa UJI atorgar\u00e0 un m\u00e0xim de cinc premis als millors projectes presentats en cadascuna de les categories.<\/p>\n<p>Els centres guanyadors hauran de realitzar un cartell explicatiu del projecte, amb imatges del treball, per a exposar-lo en els murals p\u00f2sters habilitats per al dia del lliurament de premis.<\/p>\n<p>Els premis consistiran en un obsequi per a tots els premiats, incloent-hi professor i alumnes. Aix\u00ed mateix, a cadascun dels premiats se li far\u00e0 lliurament d&#8217;un certificat. Juntament amb els premis als participants, es far\u00e0 lliurament als respectius centres d&#8217;un diploma i un p\u00f2ster mesura A0 amb imatges del treball guanyador. Excepcionalment, en funci\u00f3 de la qualitat i el n\u00famero dels treballs presentats, hi haur\u00e0 la possibilitat d&#8217;atorgar un premi acc\u00e8ssit addicional.<\/p>\n<p>El lliurament dels premis est\u00e0 prevista per al 5 de juny de 2024 en l&#8217;UJI coincidint amb el dia Mundial del Medi Ambient.<\/p>\n","protected":false},"excerpt":{"rendered":"<p>&nbsp; Sergio Toledo: \u201c\u00c9s magn\u00edfic que hi haja hagut tanta participaci\u00f3 en esta iniciativa per a sensibilitzar sobre la import\u00e0ncia de tindre bons h\u00e0bits en mat\u00e8ria de sostenibilitat\u201d F\u00e9lix Hern\u00e1ndez: \u201cVolem conscienciar als m\u00e9s joves en qu\u00e8 el seu futur dep\u00e9n dels seus h\u00e0bits, la seua aposta pel reciclatge i la protecci\u00f3 del medi ambient\u201dDale que hay m\u00e1s &#8230;<\/p>\n","protected":false},"author":13,"featured_media":16037,"comment_status":"closed","ping_status":"closed","sticky":false,"template":"","format":"standard","meta":{"footnotes":""},"categories":[88],"tags":[],"class_list":["post-16040","post","type-post","status-publish","format-standard","has-post-thumbnail","hentry","category-catedra-reciplasa-uji"],"yoast_head":"<!-- This site is optimized with the Yoast SEO plugin v27.4 - https:\/\/yoast.com\/product\/yoast-seo-wordpress\/ -->\n<title>Alumnes de la prov\u00edncia presenten fins a 27 propostes per a participar en la campanya \u2018Qu\u00e8 fem amb el fem?\u2019 de la C\u00e0tedra Reciplasa-UJI - RECIPLASA<\/title>\n<meta name=\"description\" content=\"La C\u00e0tedra Reciplasa-UJI de Gesti\u00f3 de Residus S\u00f2lids Urbans ha tancat ja el termini per a participar en \u2018Qu\u00e8 fem amb el fem?&#039;.\" \/>\n<meta name=\"robots\" content=\"index, follow, max-snippet:-1, max-image-preview:large, max-video-preview:-1\" \/>\n<link rel=\"canonical\" href=\"https:\/\/www.reciplasa.es\/va\/alumnes-de-la-provincia-presenten-fins-a-27-propostes-per-a-participar-en-la-campanya-que-fem-amb-el-fem-de-la-catedra-reciplasa-uji\/\" \/>\n<meta property=\"og:locale\" content=\"en_US\" \/>\n<meta property=\"og:type\" content=\"article\" \/>\n<meta property=\"og:title\" content=\"Alumnes de la prov\u00edncia presenten fins a 27 propostes per a participar en la campanya \u2018Qu\u00e8 fem amb el fem?\u2019 de la C\u00e0tedra Reciplasa-UJI - RECIPLASA\" \/>\n<meta property=\"og:description\" content=\"La C\u00e0tedra Reciplasa-UJI de Gesti\u00f3 de Residus S\u00f2lids Urbans ha tancat ja el termini per a participar en \u2018Qu\u00e8 fem amb el fem?&#039;.\" \/>\n<meta property=\"og:url\" content=\"https:\/\/www.reciplasa.es\/va\/alumnes-de-la-provincia-presenten-fins-a-27-propostes-per-a-participar-en-la-campanya-que-fem-amb-el-fem-de-la-catedra-reciplasa-uji\/\" \/>\n<meta property=\"og:site_name\" content=\"RECIPLASA\" \/>\n<meta property=\"article:published_time\" content=\"2024-05-27T09:48:16+00:00\" \/>\n<meta property=\"og:image\" content=\"https:\/\/www.reciplasa.es\/wp-content\/uploads\/2024\/05\/Entrega-premios-Catedra-Reciplasa-UJI-3-1.jpeg\" \/>\n\t<meta property=\"og:image:width\" content=\"1600\" \/>\n\t<meta property=\"og:image:height\" content=\"1200\" \/>\n\t<meta property=\"og:image:type\" content=\"image\/jpeg\" \/>\n<meta name=\"author\" content=\"Sandra\" \/>\n<meta name=\"twitter:card\" content=\"summary_large_image\" \/>\n<meta name=\"twitter:label1\" content=\"Written by\" \/>\n\t<meta name=\"twitter:data1\" content=\"Sandra\" \/>\n\t<meta name=\"twitter:label2\" content=\"Est. reading time\" \/>\n\t<meta name=\"twitter:data2\" content=\"5 minutes\" \/>\n<script type=\"application\/ld+json\" class=\"yoast-schema-graph\">{\"@context\":\"https:\\\/\\\/schema.org\",\"@graph\":[{\"@type\":\"Article\",\"@id\":\"https:\\\/\\\/www.reciplasa.es\\\/va\\\/alumnes-de-la-provincia-presenten-fins-a-27-propostes-per-a-participar-en-la-campanya-que-fem-amb-el-fem-de-la-catedra-reciplasa-uji\\\/#article\",\"isPartOf\":{\"@id\":\"https:\\\/\\\/www.reciplasa.es\\\/va\\\/alumnes-de-la-provincia-presenten-fins-a-27-propostes-per-a-participar-en-la-campanya-que-fem-amb-el-fem-de-la-catedra-reciplasa-uji\\\/\"},\"author\":{\"name\":\"Sandra\",\"@id\":\"https:\\\/\\\/www.reciplasa.es\\\/#\\\/schema\\\/person\\\/15191934c9f5618dadb907c80c029c0b\"},\"headline\":\"Alumnes de la prov\u00edncia presenten fins a 27 propostes per a participar en la campanya \u2018Qu\u00e8 fem amb el fem?\u2019 de la C\u00e0tedra Reciplasa-UJI\",\"datePublished\":\"2024-05-27T09:48:16+00:00\",\"mainEntityOfPage\":{\"@id\":\"https:\\\/\\\/www.reciplasa.es\\\/va\\\/alumnes-de-la-provincia-presenten-fins-a-27-propostes-per-a-participar-en-la-campanya-que-fem-amb-el-fem-de-la-catedra-reciplasa-uji\\\/\"},\"wordCount\":1171,\"image\":{\"@id\":\"https:\\\/\\\/www.reciplasa.es\\\/va\\\/alumnes-de-la-provincia-presenten-fins-a-27-propostes-per-a-participar-en-la-campanya-que-fem-amb-el-fem-de-la-catedra-reciplasa-uji\\\/#primaryimage\"},\"thumbnailUrl\":\"https:\\\/\\\/www.reciplasa.es\\\/wp-content\\\/uploads\\\/2024\\\/05\\\/Entrega-premios-Catedra-Reciplasa-UJI-3-1.jpeg\",\"articleSection\":[\"C\u00e0tedra Reciplasa-UJI\"],\"inLanguage\":\"va-VA\"},{\"@type\":\"WebPage\",\"@id\":\"https:\\\/\\\/www.reciplasa.es\\\/va\\\/alumnes-de-la-provincia-presenten-fins-a-27-propostes-per-a-participar-en-la-campanya-que-fem-amb-el-fem-de-la-catedra-reciplasa-uji\\\/\",\"url\":\"https:\\\/\\\/www.reciplasa.es\\\/va\\\/alumnes-de-la-provincia-presenten-fins-a-27-propostes-per-a-participar-en-la-campanya-que-fem-amb-el-fem-de-la-catedra-reciplasa-uji\\\/\",\"name\":\"Alumnes de la prov\u00edncia presenten fins a 27 propostes per a participar en la campanya \u2018Qu\u00e8 fem amb el fem?\u2019 de la C\u00e0tedra Reciplasa-UJI - RECIPLASA\",\"isPartOf\":{\"@id\":\"https:\\\/\\\/www.reciplasa.es\\\/#website\"},\"primaryImageOfPage\":{\"@id\":\"https:\\\/\\\/www.reciplasa.es\\\/va\\\/alumnes-de-la-provincia-presenten-fins-a-27-propostes-per-a-participar-en-la-campanya-que-fem-amb-el-fem-de-la-catedra-reciplasa-uji\\\/#primaryimage\"},\"image\":{\"@id\":\"https:\\\/\\\/www.reciplasa.es\\\/va\\\/alumnes-de-la-provincia-presenten-fins-a-27-propostes-per-a-participar-en-la-campanya-que-fem-amb-el-fem-de-la-catedra-reciplasa-uji\\\/#primaryimage\"},\"thumbnailUrl\":\"https:\\\/\\\/www.reciplasa.es\\\/wp-content\\\/uploads\\\/2024\\\/05\\\/Entrega-premios-Catedra-Reciplasa-UJI-3-1.jpeg\",\"datePublished\":\"2024-05-27T09:48:16+00:00\",\"author\":{\"@id\":\"https:\\\/\\\/www.reciplasa.es\\\/#\\\/schema\\\/person\\\/15191934c9f5618dadb907c80c029c0b\"},\"description\":\"La C\u00e0tedra Reciplasa-UJI de Gesti\u00f3 de Residus S\u00f2lids Urbans ha tancat ja el termini per a participar en \u2018Qu\u00e8 fem amb el fem?'.\",\"breadcrumb\":{\"@id\":\"https:\\\/\\\/www.reciplasa.es\\\/va\\\/alumnes-de-la-provincia-presenten-fins-a-27-propostes-per-a-participar-en-la-campanya-que-fem-amb-el-fem-de-la-catedra-reciplasa-uji\\\/#breadcrumb\"},\"inLanguage\":\"va-VA\",\"potentialAction\":[{\"@type\":\"ReadAction\",\"target\":[\"https:\\\/\\\/www.reciplasa.es\\\/va\\\/alumnes-de-la-provincia-presenten-fins-a-27-propostes-per-a-participar-en-la-campanya-que-fem-amb-el-fem-de-la-catedra-reciplasa-uji\\\/\"]}]},{\"@type\":\"ImageObject\",\"inLanguage\":\"va-VA\",\"@id\":\"https:\\\/\\\/www.reciplasa.es\\\/va\\\/alumnes-de-la-provincia-presenten-fins-a-27-propostes-per-a-participar-en-la-campanya-que-fem-amb-el-fem-de-la-catedra-reciplasa-uji\\\/#primaryimage\",\"url\":\"https:\\\/\\\/www.reciplasa.es\\\/wp-content\\\/uploads\\\/2024\\\/05\\\/Entrega-premios-Catedra-Reciplasa-UJI-3-1.jpeg\",\"contentUrl\":\"https:\\\/\\\/www.reciplasa.es\\\/wp-content\\\/uploads\\\/2024\\\/05\\\/Entrega-premios-Catedra-Reciplasa-UJI-3-1.jpeg\",\"width\":1600,\"height\":1200},{\"@type\":\"BreadcrumbList\",\"@id\":\"https:\\\/\\\/www.reciplasa.es\\\/va\\\/alumnes-de-la-provincia-presenten-fins-a-27-propostes-per-a-participar-en-la-campanya-que-fem-amb-el-fem-de-la-catedra-reciplasa-uji\\\/#breadcrumb\",\"itemListElement\":[{\"@type\":\"ListItem\",\"position\":1,\"name\":\"Portada\",\"item\":\"https:\\\/\\\/www.reciplasa.es\\\/va\\\/\"},{\"@type\":\"ListItem\",\"position\":2,\"name\":\"Alumnes de la prov\u00edncia presenten fins a 27 propostes per a participar en la campanya \u2018Qu\u00e8 fem amb el fem?\u2019 de la C\u00e0tedra Reciplasa-UJI\"}]},{\"@type\":\"WebSite\",\"@id\":\"https:\\\/\\\/www.reciplasa.es\\\/#website\",\"url\":\"https:\\\/\\\/www.reciplasa.es\\\/\",\"name\":\"RECIPLASA\",\"description\":\"Reciclats de Residus La Plana SA\",\"potentialAction\":[{\"@type\":\"SearchAction\",\"target\":{\"@type\":\"EntryPoint\",\"urlTemplate\":\"https:\\\/\\\/www.reciplasa.es\\\/?s={search_term_string}\"},\"query-input\":{\"@type\":\"PropertyValueSpecification\",\"valueRequired\":true,\"valueName\":\"search_term_string\"}}],\"inLanguage\":\"va-VA\"},{\"@type\":\"Person\",\"@id\":\"https:\\\/\\\/www.reciplasa.es\\\/#\\\/schema\\\/person\\\/15191934c9f5618dadb907c80c029c0b\",\"name\":\"Sandra\",\"image\":{\"@type\":\"ImageObject\",\"inLanguage\":\"va-VA\",\"@id\":\"https:\\\/\\\/secure.gravatar.com\\\/avatar\\\/605ca84bedd79915b697a46887df8ccd0249fb6f2a1bbcd0bfc66c91d997ae51?s=96&d=mm&r=g\",\"url\":\"https:\\\/\\\/secure.gravatar.com\\\/avatar\\\/605ca84bedd79915b697a46887df8ccd0249fb6f2a1bbcd0bfc66c91d997ae51?s=96&d=mm&r=g\",\"contentUrl\":\"https:\\\/\\\/secure.gravatar.com\\\/avatar\\\/605ca84bedd79915b697a46887df8ccd0249fb6f2a1bbcd0bfc66c91d997ae51?s=96&d=mm&r=g\",\"caption\":\"Sandra\"},\"url\":\"https:\\\/\\\/www.reciplasa.es\\\/va\\\/author\\\/sandra\\\/\"}]}<\/script>\n<!-- \/ Yoast SEO plugin. -->","yoast_head_json":{"title":"Alumnes de la prov\u00edncia presenten fins a 27 propostes per a participar en la campanya \u2018Qu\u00e8 fem amb el fem?\u2019 de la C\u00e0tedra Reciplasa-UJI - RECIPLASA","description":"La C\u00e0tedra Reciplasa-UJI de Gesti\u00f3 de Residus S\u00f2lids Urbans ha tancat ja el termini per a participar en \u2018Qu\u00e8 fem amb el fem?'.","robots":{"index":"index","follow":"follow","max-snippet":"max-snippet:-1","max-image-preview":"max-image-preview:large","max-video-preview":"max-video-preview:-1"},"canonical":"https:\/\/www.reciplasa.es\/va\/alumnes-de-la-provincia-presenten-fins-a-27-propostes-per-a-participar-en-la-campanya-que-fem-amb-el-fem-de-la-catedra-reciplasa-uji\/","og_locale":"en_US","og_type":"article","og_title":"Alumnes de la prov\u00edncia presenten fins a 27 propostes per a participar en la campanya \u2018Qu\u00e8 fem amb el fem?\u2019 de la C\u00e0tedra Reciplasa-UJI - RECIPLASA","og_description":"La C\u00e0tedra Reciplasa-UJI de Gesti\u00f3 de Residus S\u00f2lids Urbans ha tancat ja el termini per a participar en \u2018Qu\u00e8 fem amb el fem?'.","og_url":"https:\/\/www.reciplasa.es\/va\/alumnes-de-la-provincia-presenten-fins-a-27-propostes-per-a-participar-en-la-campanya-que-fem-amb-el-fem-de-la-catedra-reciplasa-uji\/","og_site_name":"RECIPLASA","article_published_time":"2024-05-27T09:48:16+00:00","og_image":[{"width":1600,"height":1200,"url":"https:\/\/www.reciplasa.es\/wp-content\/uploads\/2024\/05\/Entrega-premios-Catedra-Reciplasa-UJI-3-1.jpeg","type":"image\/jpeg"}],"author":"Sandra","twitter_card":"summary_large_image","twitter_misc":{"Written by":"Sandra","Est. reading time":"5 minutes"},"schema":{"@context":"https:\/\/schema.org","@graph":[{"@type":"Article","@id":"https:\/\/www.reciplasa.es\/va\/alumnes-de-la-provincia-presenten-fins-a-27-propostes-per-a-participar-en-la-campanya-que-fem-amb-el-fem-de-la-catedra-reciplasa-uji\/#article","isPartOf":{"@id":"https:\/\/www.reciplasa.es\/va\/alumnes-de-la-provincia-presenten-fins-a-27-propostes-per-a-participar-en-la-campanya-que-fem-amb-el-fem-de-la-catedra-reciplasa-uji\/"},"author":{"name":"Sandra","@id":"https:\/\/www.reciplasa.es\/#\/schema\/person\/15191934c9f5618dadb907c80c029c0b"},"headline":"Alumnes de la prov\u00edncia presenten fins a 27 propostes per a participar en la campanya \u2018Qu\u00e8 fem amb el fem?\u2019 de la C\u00e0tedra Reciplasa-UJI","datePublished":"2024-05-27T09:48:16+00:00","mainEntityOfPage":{"@id":"https:\/\/www.reciplasa.es\/va\/alumnes-de-la-provincia-presenten-fins-a-27-propostes-per-a-participar-en-la-campanya-que-fem-amb-el-fem-de-la-catedra-reciplasa-uji\/"},"wordCount":1171,"image":{"@id":"https:\/\/www.reciplasa.es\/va\/alumnes-de-la-provincia-presenten-fins-a-27-propostes-per-a-participar-en-la-campanya-que-fem-amb-el-fem-de-la-catedra-reciplasa-uji\/#primaryimage"},"thumbnailUrl":"https:\/\/www.reciplasa.es\/wp-content\/uploads\/2024\/05\/Entrega-premios-Catedra-Reciplasa-UJI-3-1.jpeg","articleSection":["C\u00e0tedra Reciplasa-UJI"],"inLanguage":"va-VA"},{"@type":"WebPage","@id":"https:\/\/www.reciplasa.es\/va\/alumnes-de-la-provincia-presenten-fins-a-27-propostes-per-a-participar-en-la-campanya-que-fem-amb-el-fem-de-la-catedra-reciplasa-uji\/","url":"https:\/\/www.reciplasa.es\/va\/alumnes-de-la-provincia-presenten-fins-a-27-propostes-per-a-participar-en-la-campanya-que-fem-amb-el-fem-de-la-catedra-reciplasa-uji\/","name":"Alumnes de la prov\u00edncia presenten fins a 27 propostes per a participar en la campanya \u2018Qu\u00e8 fem amb el fem?\u2019 de la C\u00e0tedra Reciplasa-UJI - RECIPLASA","isPartOf":{"@id":"https:\/\/www.reciplasa.es\/#website"},"primaryImageOfPage":{"@id":"https:\/\/www.reciplasa.es\/va\/alumnes-de-la-provincia-presenten-fins-a-27-propostes-per-a-participar-en-la-campanya-que-fem-amb-el-fem-de-la-catedra-reciplasa-uji\/#primaryimage"},"image":{"@id":"https:\/\/www.reciplasa.es\/va\/alumnes-de-la-provincia-presenten-fins-a-27-propostes-per-a-participar-en-la-campanya-que-fem-amb-el-fem-de-la-catedra-reciplasa-uji\/#primaryimage"},"thumbnailUrl":"https:\/\/www.reciplasa.es\/wp-content\/uploads\/2024\/05\/Entrega-premios-Catedra-Reciplasa-UJI-3-1.jpeg","datePublished":"2024-05-27T09:48:16+00:00","author":{"@id":"https:\/\/www.reciplasa.es\/#\/schema\/person\/15191934c9f5618dadb907c80c029c0b"},"description":"La C\u00e0tedra Reciplasa-UJI de Gesti\u00f3 de Residus S\u00f2lids Urbans ha tancat ja el termini per a participar en \u2018Qu\u00e8 fem amb el fem?'.","breadcrumb":{"@id":"https:\/\/www.reciplasa.es\/va\/alumnes-de-la-provincia-presenten-fins-a-27-propostes-per-a-participar-en-la-campanya-que-fem-amb-el-fem-de-la-catedra-reciplasa-uji\/#breadcrumb"},"inLanguage":"va-VA","potentialAction":[{"@type":"ReadAction","target":["https:\/\/www.reciplasa.es\/va\/alumnes-de-la-provincia-presenten-fins-a-27-propostes-per-a-participar-en-la-campanya-que-fem-amb-el-fem-de-la-catedra-reciplasa-uji\/"]}]},{"@type":"ImageObject","inLanguage":"va-VA","@id":"https:\/\/www.reciplasa.es\/va\/alumnes-de-la-provincia-presenten-fins-a-27-propostes-per-a-participar-en-la-campanya-que-fem-amb-el-fem-de-la-catedra-reciplasa-uji\/#primaryimage","url":"https:\/\/www.reciplasa.es\/wp-content\/uploads\/2024\/05\/Entrega-premios-Catedra-Reciplasa-UJI-3-1.jpeg","contentUrl":"https:\/\/www.reciplasa.es\/wp-content\/uploads\/2024\/05\/Entrega-premios-Catedra-Reciplasa-UJI-3-1.jpeg","width":1600,"height":1200},{"@type":"BreadcrumbList","@id":"https:\/\/www.reciplasa.es\/va\/alumnes-de-la-provincia-presenten-fins-a-27-propostes-per-a-participar-en-la-campanya-que-fem-amb-el-fem-de-la-catedra-reciplasa-uji\/#breadcrumb","itemListElement":[{"@type":"ListItem","position":1,"name":"Portada","item":"https:\/\/www.reciplasa.es\/va\/"},{"@type":"ListItem","position":2,"name":"Alumnes de la prov\u00edncia presenten fins a 27 propostes per a participar en la campanya \u2018Qu\u00e8 fem amb el fem?\u2019 de la C\u00e0tedra Reciplasa-UJI"}]},{"@type":"WebSite","@id":"https:\/\/www.reciplasa.es\/#website","url":"https:\/\/www.reciplasa.es\/","name":"RECIPLASA","description":"Reciclats de Residus La Plana SA","potentialAction":[{"@type":"SearchAction","target":{"@type":"EntryPoint","urlTemplate":"https:\/\/www.reciplasa.es\/?s={search_term_string}"},"query-input":{"@type":"PropertyValueSpecification","valueRequired":true,"valueName":"search_term_string"}}],"inLanguage":"va-VA"},{"@type":"Person","@id":"https:\/\/www.reciplasa.es\/#\/schema\/person\/15191934c9f5618dadb907c80c029c0b","name":"Sandra","image":{"@type":"ImageObject","inLanguage":"va-VA","@id":"https:\/\/secure.gravatar.com\/avatar\/605ca84bedd79915b697a46887df8ccd0249fb6f2a1bbcd0bfc66c91d997ae51?s=96&d=mm&r=g","url":"https:\/\/secure.gravatar.com\/avatar\/605ca84bedd79915b697a46887df8ccd0249fb6f2a1bbcd0bfc66c91d997ae51?s=96&d=mm&r=g","contentUrl":"https:\/\/secure.gravatar.com\/avatar\/605ca84bedd79915b697a46887df8ccd0249fb6f2a1bbcd0bfc66c91d997ae51?s=96&d=mm&r=g","caption":"Sandra"},"url":"https:\/\/www.reciplasa.es\/va\/author\/sandra\/"}]}},"_links":{"self":[{"href":"https:\/\/www.reciplasa.es\/va\/wp-json\/wp\/v2\/posts\/16040","targetHints":{"allow":["GET"]}}],"collection":[{"href":"https:\/\/www.reciplasa.es\/va\/wp-json\/wp\/v2\/posts"}],"about":[{"href":"https:\/\/www.reciplasa.es\/va\/wp-json\/wp\/v2\/types\/post"}],"author":[{"embeddable":true,"href":"https:\/\/www.reciplasa.es\/va\/wp-json\/wp\/v2\/users\/13"}],"replies":[{"embeddable":true,"href":"https:\/\/www.reciplasa.es\/va\/wp-json\/wp\/v2\/comments?post=16040"}],"version-history":[{"count":1,"href":"https:\/\/www.reciplasa.es\/va\/wp-json\/wp\/v2\/posts\/16040\/revisions"}],"predecessor-version":[{"id":16041,"href":"https:\/\/www.reciplasa.es\/va\/wp-json\/wp\/v2\/posts\/16040\/revisions\/16041"}],"wp:featuredmedia":[{"embeddable":true,"href":"https:\/\/www.reciplasa.es\/va\/wp-json\/wp\/v2\/media\/16037"}],"wp:attachment":[{"href":"https:\/\/www.reciplasa.es\/va\/wp-json\/wp\/v2\/media?parent=16040"}],"wp:term":[{"taxonomy":"category","embeddable":true,"href":"https:\/\/www.reciplasa.es\/va\/wp-json\/wp\/v2\/categories?post=16040"},{"taxonomy":"post_tag","embeddable":true,"href":"https:\/\/www.reciplasa.es\/va\/wp-json\/wp\/v2\/tags?post=16040"}],"curies":[{"name":"wp","href":"https:\/\/api.w.org\/{rel}","templated":true}]}}