{"id":16043,"date":"2024-06-06T10:10:17","date_gmt":"2024-06-06T10:10:17","guid":{"rendered":"https:\/\/www.reciplasa.es\/?p=16043\/"},"modified":"2024-06-06T10:15:53","modified_gmt":"2024-06-06T10:15:53","slug":"la-catedra-reciplasa-uji-distingue-a-estudiantes-de-almassora-benicassim-oropesa-y-castello-como-ganadores-de-la-campana-que-fem-amb-el-fem","status":"publish","type":"post","link":"https:\/\/www.reciplasa.es\/va\/la-catedra-reciplasa-uji-distingue-a-estudiantes-de-almassora-benicassim-oropesa-y-castello-como-ganadores-de-la-campana-que-fem-amb-el-fem\/","title":{"rendered":"La C\u00e1tedra\u00a0Reciplasa-UJI distingue a estudiantes de Almassora, Benic\u00e0ssim, Oropesa y Castell\u00f3 como ganadores de la campa\u00f1a \u2018Qu\u00e9 f\u00e8m amb el fem?\u2019"},"content":{"rendered":"<div align=\"center\"><b>\u00a0<\/b><\/div>\n<ul>\n<li><em>Los centros ganadores son el CEIP Germans Ochando de Almassora, el Centro Liceo de Benic\u00e0ssim, el IES Torre del Rei de Oropesa y el IES Penyagolosa de Castell\u00f3n de la Plana<\/em><\/li>\n<li><em>Sergio Toledo: \u201cMuestran un compromiso extraordinario con esa necesidad tan urgente de reciclar y de sensibilizar a otras personas para que lo haga tambi\u00e9n\u201d<\/em><\/li>\n<li><em>F\u00e9lix Hern\u00e1ndez: \u201cEl \u00e9xito cada vez mayor de esta iniciativa nos anima a seguir por este camino y a formar a las nuevas generaciones en el respeto al medio ambiente\u201d<\/em><\/li>\n<\/ul>\n<div><b>\u00a0<\/b><\/div>\n<div><b>Castell\u00f3n. 6 de junio de 2024<\/b>.- La C\u00e1tedra\u00a0Reciplasa-UJI de Gesti\u00f3n de Residuos S\u00f3lidos Urbanos ha celebrado esta tarde el acto de entrega de premios a los ganadores del concurso \u2018Qu\u00e8 fem amb el fem?\u2019, en el que ha distinguido a estudiantes de centros de Almassora, Benic\u00e0ssim, Oropesa y Castell\u00f3 de la Plana. Los ganadores han presentado proyectos de gran calidad, por lo que han sido seleccionados entre las 27 iniciativas que hab\u00edan presentado un total de 20 centros educativos de 11 municipios.<\/div>\n<div>Este reconocido concurso pretende involucrar a los estudiantes y centros educativos de toda la provincia sobre la necesidad de promover la gesti\u00f3n sostenible de los residuos. Adem\u00e1s, es una iniciativa de gran impacto a la hora de sensibilizar a las ni\u00f1as y ni\u00f1os, as\u00ed como a todas las personas j\u00f3venes, en la necesidad de adoptar h\u00e1bitos que ayuden a mejorar la sostenibilidad en los municipios de toda la provincia de Castell\u00f3n.<\/div>\n<div>En la categor\u00eda de Educaci\u00f3n Infantil ha sido premiado el proyecto \u201cLa Mar de pl\u00e0stic \u2013 Visibilitzem la contaminaci\u00f3n\u201d, del CEIP Germans Ochando d\u2019Almassora, coordinado por la profesora Blanca Ferrando Ripoll\u00e9s. En la categor\u00eda de Educaci\u00f3n Prim\u00e0ria, se ha distinguido el proyecto \u2018Aniversari sostenible\u201d, del Centro Liceo de Benic\u00e0ssim, coordinado por la profesora Emilia Rico Beltr\u00e1n. En la categor\u00eda de Educaci\u00f3n Secundaria, el proyecto ganador ha sido \u2018Mar de Pl\u00e0stics\u2019, del IES Torre del Rei de Oropesa, coordinado por la profesora Laura Roig Mart\u00ed. Y en la categor\u00eda de FP B\u00e0sica ha sido distinguido el proyecto \u2018Art fractal sostenible\u201d, del IES Penyagolosa de Castell\u00f3 de la Plana, coordinado por la profesora Mireia Sales Nebot.<\/div>\n<div>El acto de entrega, que se ha celebrado en el sal\u00f3n de actos de Ciencias de la Salud, ha contado con la asistencia de F\u00e9lix Hern\u00e1ndez, director de la C\u00e1tedra Reciplasa-UJI, Sergio Toledo, presidente de Reciplasa, Jes\u00fas Lancis, vicerrector de Investigaci\u00f3n de la UJI, y Fernando Albarr\u00e1n, director t\u00e9cnico de Reciplasa.<\/div>\n<div>Sergio Toledo, presidente de Reciplasa, ha celebrado \u201cel alto nivel de los trabajos presentados. Tanto, que se han quedado sin premiar algunas iniciativas que presentaban una calidad y un compromiso extraordinario con esa necesidad tan real y urgente como es el de ser sensibles no solo a la hora de reciclar, sino a la vez de tratar de sensibilizar a otras personas para que lo hagan. Lo que han hecho estos estudiantes debe servir de ejemplo y de motivaci\u00f3n para que muchas m\u00e1s personas, de todas las edades, haga el esfuerzo de reciclar para que dejemos a los m\u00e1s j\u00f3venes un planeta mejor\u201d.<\/div>\n<div>Por su parte, F\u00e9lix Hern\u00e1ndez, director de la C\u00e1tedra Reciplasa-UJI, ha se\u00f1alado que \u201ccon la C\u00e1tedra se pretende concienciar a los m\u00e1s j\u00f3venes para que se involucren en la gesti\u00f3n sostenible de los residuos generados y sean conscientes de la importancia que tiene este tema para avanzar hacia un planeta menos contaminado, pues generamos cantidades ingentes de residuos, muchas veces de modo innecesario, y es necesario cambiar modos de conducta de manera urgente\u201d.<\/div>\n<div>El director de la C\u00e1tedra Reciplasa ha destacado que \u201cla respuesta que hemos recibido por parte de los colegios, profesores y estudiantes ante este concurso ha sido incre\u00edble desde la primera edici\u00f3n. Esto nos anima a seguir por este camino, pues estamos convencidos de que con este tipo de acciones avanzaremos hacia una sociedad m\u00e1s equilibrada y respetuosa con el planeta que nos acoge. El hecho de entregar el premio el D\u00eda Mundial del Medio Ambiente no es por casualidad, sino que es nuestra peque\u00f1a aportaci\u00f3n a la protecci\u00f3n del planeta frente a la generaci\u00f3n desmesurada de residuos que caracteriza la sociedad actual. Nada mejor que formar a las nuevas generaciones en el respeto al medio ambiente\u201d.<\/div>\n<div>Se trata de la s\u00e9ptima edici\u00f3n de este concurso promovido por la C\u00e1tedra Reciplasa de la UJI, que cuenta con el apoyo inestimable del Seminario de Educaci\u00f3n Ambiental de Castell\u00f3 y que promueve la gesti\u00f3n sostenible de residuos s\u00f3lidos urbanos. Este concurso pretende desarrollar la creatividad y la expresi\u00f3n de conocimientos cient\u00edficos, matem\u00e1ticos y tecnol\u00f3gicos, mediante diferentes lenguajes art\u00edsticos para fomentar una ciudadan\u00eda cr\u00edticamente activa y responsable para avanzar hacia un modelo de sociedad m\u00e1s sostenible.<\/div>\n<div>Los proyectos pod\u00edan presentarse en formato maqueta, video o relato\/cuento, sobre cualquier tem\u00e1tica ambiental o relacionada con la gesti\u00f3n de residuos, como, por ejemplo, recogida selectiva, valorizaci\u00f3n de residuos, econom\u00eda circular, las 4Rs (reducir, reutilizar, reciclar y recuperar), etc. Debido al objeto y al p\u00fablico al que se dirige esta iniciativa, la C\u00e1tedra cuenta con la importante colaboraci\u00f3n de Ecoembes, entidad muy concienciada en promover tambi\u00e9n la sostenibilidad.<\/div>\n<div>Entre los objetivos que plantea la campa\u00f1a \u2018Qu\u00e8 fem amb el fem?\u2019, la C\u00e1tedra Reciplasa UJI pretende familiarizar sobre la gesti\u00f3n de los residuos en nuestra comunidad; reducir la cantidad de residuos de nuestro entorno; reforzar el conocimiento en la tipolog\u00eda de residuos y su gesti\u00f3n (ciclo de tratamiento de residuos s\u00f3lidos); mejorar la recogida selectiva de residuos s\u00f3lidos en origen y entender su impacto sobre la comunidad; y reforzar la concienciaci\u00f3n en edades educativas tempranas.<\/div>\n<div>La tem\u00e1tica del concurso se centra en la gesti\u00f3n de los residuos urbanos y\/o su posible impacto ambiental. Algunos de los temas propuestos son la tem\u00e1tica alrededor de las 4Rs: reducir, reutilizar, reciclar, recuperar; la recogida selectiva; la valorizaci\u00f3n de los residuos, los residuos como recurso; el impacto de los residuos; la tecnolog\u00eda de los residuos, su tratamiento; la econom\u00eda circular; o la agenda 2030 de los objetivos de desarrollo del milenio (ONU).<\/div>\n<div><\/div>\n<div><b>Modalidades de los trabajos<\/b><\/div>\n<div>Maqueta, bajo la elaboraci\u00f3n de modelos tridimensionales. Para presentar esta propuesta se tendr\u00e1n que adjuntar fotograf\u00edas del proceso y el trabajo final junto al formulario de inscripci\u00f3n, guardando los trabajos f\u00edsicos finos la entrega de los premios, meti\u00e9ndolos a disposici\u00f3n del jurado.<\/div>\n<div>Video, en formato audiovisual de una duraci\u00f3n m\u00e1xima de 5 minutos. Se han presentado en formato MP4 y sin superar los 100MB. El t\u00edtulo y descripci\u00f3n de 50 a 100 palabras se ten\u00eda que introducir en el formulario de inscripci\u00f3n del trabajo.<\/div>\n<div>Relato\/cuento, en escrito de estilo libre con una extensi\u00f3n m\u00e1xima de 1.000 palabras.<\/div>\n<div>Se admit\u00edan los trabajos elaborados de manera grupal, normalmente correspondientes a una \u00fanica aula\/clase. En casos excepcionales se pod\u00edan admitir trabajos de m\u00e1s de una clase siempre que correspondiesen a un mismo nivel educativo.<\/div>\n<div>Los trabajos se pod\u00edan presentar en: valenciano, castellano e ingl\u00e9s y la C\u00e1tedra Reciplasa UJI otorgar\u00e1 un m\u00e1ximo de cinco premios a los mejores proyectos presentados en cada una de las categor\u00edas.<\/div>\n<div>Los centros ganadores han realizado un cartel explicativo del proyecto, con im\u00e1genes del trabajo, para exponerlo en los murales p\u00f3steres habilitados en la entrega de premios.<\/div>\n<div>Los premios han consistido en un obsequio para todos los premiados, incluyendo profesor y alumnos. As\u00ed mismo, a cada uno de los premiados se le ha hecho entrega de un certificado. Junto con los premios a los participantes, se ha hecho entrega a los respectivos centros de un diploma y un p\u00f3ster medida A0 con im\u00e1genes del trabajo ganador.<\/div>\n","protected":false},"excerpt":{"rendered":"<p>\u00a0 Los centros ganadores son el CEIP Germans Ochando de Almassora, el Centro Liceo de Benic\u00e0ssim, el IES Torre del Rei de Oropesa y el IES Penyagolosa de Castell\u00f3n de la Plana Sergio Toledo: \u201cMuestran un compromiso extraordinario con esa necesidad tan urgente de reciclar y de sensibilizar a otras personas para que lo hagaDale que hay m\u00e1s &#8230;<\/p>\n","protected":false},"author":13,"featured_media":16044,"comment_status":"closed","ping_status":"closed","sticky":false,"template":"","format":"standard","meta":{"footnotes":""},"categories":[2],"tags":[],"class_list":["post-16043","post","type-post","status-publish","format-standard","has-post-thumbnail","hentry","category-sin-categorizar"],"yoast_head":"<!-- This site is optimized with the Yoast SEO plugin v27.4 - https:\/\/yoast.com\/product\/yoast-seo-wordpress\/ -->\n<title>La C\u00e1tedra\u00a0Reciplasa-UJI distingue a estudiantes de Almassora, Benic\u00e0ssim, Oropesa y Castell\u00f3 como ganadores de la campa\u00f1a \u2018Qu\u00e9 f\u00e8m amb el fem?\u2019 - RECIPLASA<\/title>\n<meta name=\"description\" content=\"Los ganadores son el CEIP Germans Ochando de Almassora, el Liceo de Benic\u00e0ssim, el IES Torre del Rei de Oropesa y el IES Penyagolosa de Castell\u00f3n.\" \/>\n<meta name=\"robots\" content=\"index, follow, max-snippet:-1, max-image-preview:large, max-video-preview:-1\" \/>\n<link rel=\"canonical\" href=\"https:\/\/www.reciplasa.es\/la-catedra-reciplasa-uji-distingue-a-estudiantes-de-almassora-benicassim-oropesa-y-castello-como-ganadores-de-la-campana-que-fem-amb-el-fem\/\" \/>\n<meta property=\"og:locale\" content=\"en_US\" \/>\n<meta property=\"og:type\" content=\"article\" \/>\n<meta property=\"og:title\" content=\"La C\u00e1tedra\u00a0Reciplasa-UJI distingue a estudiantes de Almassora, Benic\u00e0ssim, Oropesa y Castell\u00f3 como ganadores de la campa\u00f1a \u2018Qu\u00e9 f\u00e8m amb el fem?\u2019 - RECIPLASA\" \/>\n<meta property=\"og:description\" content=\"Los ganadores son el CEIP Germans Ochando de Almassora, el Liceo de Benic\u00e0ssim, el IES Torre del Rei de Oropesa y el IES Penyagolosa de Castell\u00f3n.\" \/>\n<meta property=\"og:url\" content=\"https:\/\/www.reciplasa.es\/la-catedra-reciplasa-uji-distingue-a-estudiantes-de-almassora-benicassim-oropesa-y-castello-como-ganadores-de-la-campana-que-fem-amb-el-fem\/\" \/>\n<meta property=\"og:site_name\" content=\"RECIPLASA\" \/>\n<meta property=\"article:published_time\" content=\"2024-06-06T10:10:17+00:00\" \/>\n<meta property=\"article:modified_time\" content=\"2024-06-06T10:15:53+00:00\" \/>\n<meta property=\"og:image\" content=\"https:\/\/www.reciplasa.es\/wp-content\/uploads\/2024\/06\/WhatsApp-Image-2024-06-05-at-18.29.42.jpeg\" \/>\n\t<meta property=\"og:image:width\" content=\"2048\" \/>\n\t<meta property=\"og:image:height\" content=\"1536\" \/>\n\t<meta property=\"og:image:type\" content=\"image\/jpeg\" \/>\n<meta name=\"author\" content=\"Sandra\" \/>\n<meta name=\"twitter:card\" content=\"summary_large_image\" \/>\n<meta name=\"twitter:label1\" content=\"Written by\" \/>\n\t<meta name=\"twitter:data1\" content=\"Sandra\" \/>\n\t<meta name=\"twitter:label2\" content=\"Est. reading time\" \/>\n\t<meta name=\"twitter:data2\" content=\"6 minutes\" \/>\n<script type=\"application\/ld+json\" class=\"yoast-schema-graph\">{\"@context\":\"https:\\\/\\\/schema.org\",\"@graph\":[{\"@type\":\"Article\",\"@id\":\"https:\\\/\\\/www.reciplasa.es\\\/la-catedra-reciplasa-uji-distingue-a-estudiantes-de-almassora-benicassim-oropesa-y-castello-como-ganadores-de-la-campana-que-fem-amb-el-fem\\\/#article\",\"isPartOf\":{\"@id\":\"https:\\\/\\\/www.reciplasa.es\\\/la-catedra-reciplasa-uji-distingue-a-estudiantes-de-almassora-benicassim-oropesa-y-castello-como-ganadores-de-la-campana-que-fem-amb-el-fem\\\/\"},\"author\":{\"name\":\"Sandra\",\"@id\":\"https:\\\/\\\/www.reciplasa.es\\\/#\\\/schema\\\/person\\\/15191934c9f5618dadb907c80c029c0b\"},\"headline\":\"La C\u00e1tedra\u00a0Reciplasa-UJI distingue a estudiantes de Almassora, Benic\u00e0ssim, Oropesa y Castell\u00f3 como ganadores de la campa\u00f1a \u2018Qu\u00e9 f\u00e8m amb el fem?\u2019\",\"datePublished\":\"2024-06-06T10:10:17+00:00\",\"dateModified\":\"2024-06-06T10:15:53+00:00\",\"mainEntityOfPage\":{\"@id\":\"https:\\\/\\\/www.reciplasa.es\\\/la-catedra-reciplasa-uji-distingue-a-estudiantes-de-almassora-benicassim-oropesa-y-castello-como-ganadores-de-la-campana-que-fem-amb-el-fem\\\/\"},\"wordCount\":1389,\"image\":{\"@id\":\"https:\\\/\\\/www.reciplasa.es\\\/la-catedra-reciplasa-uji-distingue-a-estudiantes-de-almassora-benicassim-oropesa-y-castello-como-ganadores-de-la-campana-que-fem-amb-el-fem\\\/#primaryimage\"},\"thumbnailUrl\":\"https:\\\/\\\/www.reciplasa.es\\\/wp-content\\\/uploads\\\/2024\\\/06\\\/WhatsApp-Image-2024-06-05-at-18.29.42.jpeg\",\"articleSection\":[\"Catedra-Reciplasa-UJI\"],\"inLanguage\":\"va-VA\"},{\"@type\":\"WebPage\",\"@id\":\"https:\\\/\\\/www.reciplasa.es\\\/la-catedra-reciplasa-uji-distingue-a-estudiantes-de-almassora-benicassim-oropesa-y-castello-como-ganadores-de-la-campana-que-fem-amb-el-fem\\\/\",\"url\":\"https:\\\/\\\/www.reciplasa.es\\\/la-catedra-reciplasa-uji-distingue-a-estudiantes-de-almassora-benicassim-oropesa-y-castello-como-ganadores-de-la-campana-que-fem-amb-el-fem\\\/\",\"name\":\"La C\u00e1tedra\u00a0Reciplasa-UJI distingue a estudiantes de Almassora, Benic\u00e0ssim, Oropesa y Castell\u00f3 como ganadores de la campa\u00f1a \u2018Qu\u00e9 f\u00e8m amb el fem?\u2019 - RECIPLASA\",\"isPartOf\":{\"@id\":\"https:\\\/\\\/www.reciplasa.es\\\/#website\"},\"primaryImageOfPage\":{\"@id\":\"https:\\\/\\\/www.reciplasa.es\\\/la-catedra-reciplasa-uji-distingue-a-estudiantes-de-almassora-benicassim-oropesa-y-castello-como-ganadores-de-la-campana-que-fem-amb-el-fem\\\/#primaryimage\"},\"image\":{\"@id\":\"https:\\\/\\\/www.reciplasa.es\\\/la-catedra-reciplasa-uji-distingue-a-estudiantes-de-almassora-benicassim-oropesa-y-castello-como-ganadores-de-la-campana-que-fem-amb-el-fem\\\/#primaryimage\"},\"thumbnailUrl\":\"https:\\\/\\\/www.reciplasa.es\\\/wp-content\\\/uploads\\\/2024\\\/06\\\/WhatsApp-Image-2024-06-05-at-18.29.42.jpeg\",\"datePublished\":\"2024-06-06T10:10:17+00:00\",\"dateModified\":\"2024-06-06T10:15:53+00:00\",\"author\":{\"@id\":\"https:\\\/\\\/www.reciplasa.es\\\/#\\\/schema\\\/person\\\/15191934c9f5618dadb907c80c029c0b\"},\"description\":\"Los ganadores son el CEIP Germans Ochando de Almassora, el Liceo de Benic\u00e0ssim, el IES Torre del Rei de Oropesa y el IES Penyagolosa de Castell\u00f3n.\",\"breadcrumb\":{\"@id\":\"https:\\\/\\\/www.reciplasa.es\\\/la-catedra-reciplasa-uji-distingue-a-estudiantes-de-almassora-benicassim-oropesa-y-castello-como-ganadores-de-la-campana-que-fem-amb-el-fem\\\/#breadcrumb\"},\"inLanguage\":\"va-VA\",\"potentialAction\":[{\"@type\":\"ReadAction\",\"target\":[\"https:\\\/\\\/www.reciplasa.es\\\/la-catedra-reciplasa-uji-distingue-a-estudiantes-de-almassora-benicassim-oropesa-y-castello-como-ganadores-de-la-campana-que-fem-amb-el-fem\\\/\"]}]},{\"@type\":\"ImageObject\",\"inLanguage\":\"va-VA\",\"@id\":\"https:\\\/\\\/www.reciplasa.es\\\/la-catedra-reciplasa-uji-distingue-a-estudiantes-de-almassora-benicassim-oropesa-y-castello-como-ganadores-de-la-campana-que-fem-amb-el-fem\\\/#primaryimage\",\"url\":\"https:\\\/\\\/www.reciplasa.es\\\/wp-content\\\/uploads\\\/2024\\\/06\\\/WhatsApp-Image-2024-06-05-at-18.29.42.jpeg\",\"contentUrl\":\"https:\\\/\\\/www.reciplasa.es\\\/wp-content\\\/uploads\\\/2024\\\/06\\\/WhatsApp-Image-2024-06-05-at-18.29.42.jpeg\",\"width\":2048,\"height\":1536},{\"@type\":\"BreadcrumbList\",\"@id\":\"https:\\\/\\\/www.reciplasa.es\\\/la-catedra-reciplasa-uji-distingue-a-estudiantes-de-almassora-benicassim-oropesa-y-castello-como-ganadores-de-la-campana-que-fem-amb-el-fem\\\/#breadcrumb\",\"itemListElement\":[{\"@type\":\"ListItem\",\"position\":1,\"name\":\"Portada\",\"item\":\"https:\\\/\\\/www.reciplasa.es\\\/va\\\/\"},{\"@type\":\"ListItem\",\"position\":2,\"name\":\"La C\u00e1tedra\u00a0Reciplasa-UJI distingue a estudiantes de Almassora, Benic\u00e0ssim, Oropesa y Castell\u00f3 como ganadores de la campa\u00f1a \u2018Qu\u00e9 f\u00e8m amb el fem?\u2019\"}]},{\"@type\":\"WebSite\",\"@id\":\"https:\\\/\\\/www.reciplasa.es\\\/#website\",\"url\":\"https:\\\/\\\/www.reciplasa.es\\\/\",\"name\":\"RECIPLASA\",\"description\":\"Reciclats de Residus La Plana SA\",\"potentialAction\":[{\"@type\":\"SearchAction\",\"target\":{\"@type\":\"EntryPoint\",\"urlTemplate\":\"https:\\\/\\\/www.reciplasa.es\\\/?s={search_term_string}\"},\"query-input\":{\"@type\":\"PropertyValueSpecification\",\"valueRequired\":true,\"valueName\":\"search_term_string\"}}],\"inLanguage\":\"va-VA\"},{\"@type\":\"Person\",\"@id\":\"https:\\\/\\\/www.reciplasa.es\\\/#\\\/schema\\\/person\\\/15191934c9f5618dadb907c80c029c0b\",\"name\":\"Sandra\",\"image\":{\"@type\":\"ImageObject\",\"inLanguage\":\"va-VA\",\"@id\":\"https:\\\/\\\/secure.gravatar.com\\\/avatar\\\/605ca84bedd79915b697a46887df8ccd0249fb6f2a1bbcd0bfc66c91d997ae51?s=96&d=mm&r=g\",\"url\":\"https:\\\/\\\/secure.gravatar.com\\\/avatar\\\/605ca84bedd79915b697a46887df8ccd0249fb6f2a1bbcd0bfc66c91d997ae51?s=96&d=mm&r=g\",\"contentUrl\":\"https:\\\/\\\/secure.gravatar.com\\\/avatar\\\/605ca84bedd79915b697a46887df8ccd0249fb6f2a1bbcd0bfc66c91d997ae51?s=96&d=mm&r=g\",\"caption\":\"Sandra\"},\"url\":\"https:\\\/\\\/www.reciplasa.es\\\/va\\\/author\\\/sandra\\\/\"}]}<\/script>\n<!-- \/ Yoast SEO plugin. -->","yoast_head_json":{"title":"La C\u00e1tedra\u00a0Reciplasa-UJI distingue a estudiantes de Almassora, Benic\u00e0ssim, Oropesa y Castell\u00f3 como ganadores de la campa\u00f1a \u2018Qu\u00e9 f\u00e8m amb el fem?\u2019 - RECIPLASA","description":"Los ganadores son el CEIP Germans Ochando de Almassora, el Liceo de Benic\u00e0ssim, el IES Torre del Rei de Oropesa y el IES Penyagolosa de Castell\u00f3n.","robots":{"index":"index","follow":"follow","max-snippet":"max-snippet:-1","max-image-preview":"max-image-preview:large","max-video-preview":"max-video-preview:-1"},"canonical":"https:\/\/www.reciplasa.es\/la-catedra-reciplasa-uji-distingue-a-estudiantes-de-almassora-benicassim-oropesa-y-castello-como-ganadores-de-la-campana-que-fem-amb-el-fem\/","og_locale":"en_US","og_type":"article","og_title":"La C\u00e1tedra\u00a0Reciplasa-UJI distingue a estudiantes de Almassora, Benic\u00e0ssim, Oropesa y Castell\u00f3 como ganadores de la campa\u00f1a \u2018Qu\u00e9 f\u00e8m amb el fem?\u2019 - RECIPLASA","og_description":"Los ganadores son el CEIP Germans Ochando de Almassora, el Liceo de Benic\u00e0ssim, el IES Torre del Rei de Oropesa y el IES Penyagolosa de Castell\u00f3n.","og_url":"https:\/\/www.reciplasa.es\/la-catedra-reciplasa-uji-distingue-a-estudiantes-de-almassora-benicassim-oropesa-y-castello-como-ganadores-de-la-campana-que-fem-amb-el-fem\/","og_site_name":"RECIPLASA","article_published_time":"2024-06-06T10:10:17+00:00","article_modified_time":"2024-06-06T10:15:53+00:00","og_image":[{"width":2048,"height":1536,"url":"https:\/\/www.reciplasa.es\/wp-content\/uploads\/2024\/06\/WhatsApp-Image-2024-06-05-at-18.29.42.jpeg","type":"image\/jpeg"}],"author":"Sandra","twitter_card":"summary_large_image","twitter_misc":{"Written by":"Sandra","Est. reading time":"6 minutes"},"schema":{"@context":"https:\/\/schema.org","@graph":[{"@type":"Article","@id":"https:\/\/www.reciplasa.es\/la-catedra-reciplasa-uji-distingue-a-estudiantes-de-almassora-benicassim-oropesa-y-castello-como-ganadores-de-la-campana-que-fem-amb-el-fem\/#article","isPartOf":{"@id":"https:\/\/www.reciplasa.es\/la-catedra-reciplasa-uji-distingue-a-estudiantes-de-almassora-benicassim-oropesa-y-castello-como-ganadores-de-la-campana-que-fem-amb-el-fem\/"},"author":{"name":"Sandra","@id":"https:\/\/www.reciplasa.es\/#\/schema\/person\/15191934c9f5618dadb907c80c029c0b"},"headline":"La C\u00e1tedra\u00a0Reciplasa-UJI distingue a estudiantes de Almassora, Benic\u00e0ssim, Oropesa y Castell\u00f3 como ganadores de la campa\u00f1a \u2018Qu\u00e9 f\u00e8m amb el fem?\u2019","datePublished":"2024-06-06T10:10:17+00:00","dateModified":"2024-06-06T10:15:53+00:00","mainEntityOfPage":{"@id":"https:\/\/www.reciplasa.es\/la-catedra-reciplasa-uji-distingue-a-estudiantes-de-almassora-benicassim-oropesa-y-castello-como-ganadores-de-la-campana-que-fem-amb-el-fem\/"},"wordCount":1389,"image":{"@id":"https:\/\/www.reciplasa.es\/la-catedra-reciplasa-uji-distingue-a-estudiantes-de-almassora-benicassim-oropesa-y-castello-como-ganadores-de-la-campana-que-fem-amb-el-fem\/#primaryimage"},"thumbnailUrl":"https:\/\/www.reciplasa.es\/wp-content\/uploads\/2024\/06\/WhatsApp-Image-2024-06-05-at-18.29.42.jpeg","articleSection":["Catedra-Reciplasa-UJI"],"inLanguage":"va-VA"},{"@type":"WebPage","@id":"https:\/\/www.reciplasa.es\/la-catedra-reciplasa-uji-distingue-a-estudiantes-de-almassora-benicassim-oropesa-y-castello-como-ganadores-de-la-campana-que-fem-amb-el-fem\/","url":"https:\/\/www.reciplasa.es\/la-catedra-reciplasa-uji-distingue-a-estudiantes-de-almassora-benicassim-oropesa-y-castello-como-ganadores-de-la-campana-que-fem-amb-el-fem\/","name":"La C\u00e1tedra\u00a0Reciplasa-UJI distingue a estudiantes de Almassora, Benic\u00e0ssim, Oropesa y Castell\u00f3 como ganadores de la campa\u00f1a \u2018Qu\u00e9 f\u00e8m amb el fem?\u2019 - RECIPLASA","isPartOf":{"@id":"https:\/\/www.reciplasa.es\/#website"},"primaryImageOfPage":{"@id":"https:\/\/www.reciplasa.es\/la-catedra-reciplasa-uji-distingue-a-estudiantes-de-almassora-benicassim-oropesa-y-castello-como-ganadores-de-la-campana-que-fem-amb-el-fem\/#primaryimage"},"image":{"@id":"https:\/\/www.reciplasa.es\/la-catedra-reciplasa-uji-distingue-a-estudiantes-de-almassora-benicassim-oropesa-y-castello-como-ganadores-de-la-campana-que-fem-amb-el-fem\/#primaryimage"},"thumbnailUrl":"https:\/\/www.reciplasa.es\/wp-content\/uploads\/2024\/06\/WhatsApp-Image-2024-06-05-at-18.29.42.jpeg","datePublished":"2024-06-06T10:10:17+00:00","dateModified":"2024-06-06T10:15:53+00:00","author":{"@id":"https:\/\/www.reciplasa.es\/#\/schema\/person\/15191934c9f5618dadb907c80c029c0b"},"description":"Los ganadores son el CEIP Germans Ochando de Almassora, el Liceo de Benic\u00e0ssim, el IES Torre del Rei de Oropesa y el IES Penyagolosa de Castell\u00f3n.","breadcrumb":{"@id":"https:\/\/www.reciplasa.es\/la-catedra-reciplasa-uji-distingue-a-estudiantes-de-almassora-benicassim-oropesa-y-castello-como-ganadores-de-la-campana-que-fem-amb-el-fem\/#breadcrumb"},"inLanguage":"va-VA","potentialAction":[{"@type":"ReadAction","target":["https:\/\/www.reciplasa.es\/la-catedra-reciplasa-uji-distingue-a-estudiantes-de-almassora-benicassim-oropesa-y-castello-como-ganadores-de-la-campana-que-fem-amb-el-fem\/"]}]},{"@type":"ImageObject","inLanguage":"va-VA","@id":"https:\/\/www.reciplasa.es\/la-catedra-reciplasa-uji-distingue-a-estudiantes-de-almassora-benicassim-oropesa-y-castello-como-ganadores-de-la-campana-que-fem-amb-el-fem\/#primaryimage","url":"https:\/\/www.reciplasa.es\/wp-content\/uploads\/2024\/06\/WhatsApp-Image-2024-06-05-at-18.29.42.jpeg","contentUrl":"https:\/\/www.reciplasa.es\/wp-content\/uploads\/2024\/06\/WhatsApp-Image-2024-06-05-at-18.29.42.jpeg","width":2048,"height":1536},{"@type":"BreadcrumbList","@id":"https:\/\/www.reciplasa.es\/la-catedra-reciplasa-uji-distingue-a-estudiantes-de-almassora-benicassim-oropesa-y-castello-como-ganadores-de-la-campana-que-fem-amb-el-fem\/#breadcrumb","itemListElement":[{"@type":"ListItem","position":1,"name":"Portada","item":"https:\/\/www.reciplasa.es\/va\/"},{"@type":"ListItem","position":2,"name":"La C\u00e1tedra\u00a0Reciplasa-UJI distingue a estudiantes de Almassora, Benic\u00e0ssim, Oropesa y Castell\u00f3 como ganadores de la campa\u00f1a \u2018Qu\u00e9 f\u00e8m amb el fem?\u2019"}]},{"@type":"WebSite","@id":"https:\/\/www.reciplasa.es\/#website","url":"https:\/\/www.reciplasa.es\/","name":"RECIPLASA","description":"Reciclats de Residus La Plana SA","potentialAction":[{"@type":"SearchAction","target":{"@type":"EntryPoint","urlTemplate":"https:\/\/www.reciplasa.es\/?s={search_term_string}"},"query-input":{"@type":"PropertyValueSpecification","valueRequired":true,"valueName":"search_term_string"}}],"inLanguage":"va-VA"},{"@type":"Person","@id":"https:\/\/www.reciplasa.es\/#\/schema\/person\/15191934c9f5618dadb907c80c029c0b","name":"Sandra","image":{"@type":"ImageObject","inLanguage":"va-VA","@id":"https:\/\/secure.gravatar.com\/avatar\/605ca84bedd79915b697a46887df8ccd0249fb6f2a1bbcd0bfc66c91d997ae51?s=96&d=mm&r=g","url":"https:\/\/secure.gravatar.com\/avatar\/605ca84bedd79915b697a46887df8ccd0249fb6f2a1bbcd0bfc66c91d997ae51?s=96&d=mm&r=g","contentUrl":"https:\/\/secure.gravatar.com\/avatar\/605ca84bedd79915b697a46887df8ccd0249fb6f2a1bbcd0bfc66c91d997ae51?s=96&d=mm&r=g","caption":"Sandra"},"url":"https:\/\/www.reciplasa.es\/va\/author\/sandra\/"}]}},"_links":{"self":[{"href":"https:\/\/www.reciplasa.es\/va\/wp-json\/wp\/v2\/posts\/16043","targetHints":{"allow":["GET"]}}],"collection":[{"href":"https:\/\/www.reciplasa.es\/va\/wp-json\/wp\/v2\/posts"}],"about":[{"href":"https:\/\/www.reciplasa.es\/va\/wp-json\/wp\/v2\/types\/post"}],"author":[{"embeddable":true,"href":"https:\/\/www.reciplasa.es\/va\/wp-json\/wp\/v2\/users\/13"}],"replies":[{"embeddable":true,"href":"https:\/\/www.reciplasa.es\/va\/wp-json\/wp\/v2\/comments?post=16043"}],"version-history":[{"count":1,"href":"https:\/\/www.reciplasa.es\/va\/wp-json\/wp\/v2\/posts\/16043\/revisions"}],"predecessor-version":[{"id":16045,"href":"https:\/\/www.reciplasa.es\/va\/wp-json\/wp\/v2\/posts\/16043\/revisions\/16045"}],"wp:featuredmedia":[{"embeddable":true,"href":"https:\/\/www.reciplasa.es\/va\/wp-json\/wp\/v2\/media\/16044"}],"wp:attachment":[{"href":"https:\/\/www.reciplasa.es\/va\/wp-json\/wp\/v2\/media?parent=16043"}],"wp:term":[{"taxonomy":"category","embeddable":true,"href":"https:\/\/www.reciplasa.es\/va\/wp-json\/wp\/v2\/categories?post=16043"},{"taxonomy":"post_tag","embeddable":true,"href":"https:\/\/www.reciplasa.es\/va\/wp-json\/wp\/v2\/tags?post=16043"}],"curies":[{"name":"wp","href":"https:\/\/api.w.org\/{rel}","templated":true}]}}