{"id":16052,"date":"2024-06-07T06:43:08","date_gmt":"2024-06-07T06:43:08","guid":{"rendered":"https:\/\/www.reciplasa.es\/?p=16052\/"},"modified":"2024-06-07T06:43:08","modified_gmt":"2024-06-07T06:43:08","slug":"la-catedra-reciplasa-uji-col%c2%b7labora-amb-els-centres-educatius-de-la-provincia-per-a-potenciar-habits-sostenibles","status":"publish","type":"post","link":"https:\/\/www.reciplasa.es\/va\/la-catedra-reciplasa-uji-col%c2%b7labora-amb-els-centres-educatius-de-la-provincia-per-a-potenciar-habits-sostenibles\/","title":{"rendered":"La C\u00e0tedra Reciplasa-UJI col\u00b7labora amb els centres educatius de la prov\u00edncia per a potenciar h\u00e0bits sostenibles"},"content":{"rendered":"<p>&nbsp;<\/p>\n<ul>\n<li><em>L&#8217;UJI ha acollit la IX Trobada d&#8217;Intercanvi d&#8217;Experi\u00e8ncies en Educaci\u00f3 Ambiental de la Xarxa de Centres per la Sostenibilitat<\/em><\/li>\n<li><em>Alumnes de nou centres han compartit els projectes que han desenvolupat i han apr\u00e9s amb l&#8217;expert Alejandro Quecedo del Val<\/em><\/li>\n<\/ul>\n<p><strong>\u00a0<\/strong><\/p>\n<p><strong>Castell\u00f3. 7 de juny de 2024<\/strong>.- M\u00e9s de 180 alumnes de centres educatius de la prov\u00edncia de Castell\u00f3 han pogut compartir entre ells i amb experts les seues experi\u00e8ncies amb l&#8217;objectiu de potenciar h\u00e0bits mediambientalment sostenibles i fomentar mesures que afavorisquen el reciclatge en el dia a dia. La C\u00e0tedra Reciplasa UJI de Gesti\u00f3 de Residus S\u00f2lids Urbans ha col\u00b7laborat perqu\u00e8 la IX Trobada d&#8217;Intercanvi d&#8217;Experi\u00e8ncies en Educaci\u00f3 Ambiental de la Xarxa de Centres per la Sostenibilitat de Castell\u00f3 (CeSCa) haja sigut tot un \u00e8xit.<\/p>\n<p>Este esdeveniment, que s&#8217;ha celebrat en la Sala d&#8217;actes de la Facultat de Ci\u00e8ncies de la Salut de la Universitat Jaume I de Castell\u00f3, ha sigut organitzat pel Seminari d&#8217;Educaci\u00f3 Ambiental de Castell\u00f3, amb la col\u00b7laboraci\u00f3 de la C\u00e0tedra Reciplasa UJI, a m\u00e9s de la de la Conselleria d&#8217;Educaci\u00f3, Investigaci\u00f3, Cultura i Esport, el Centre d&#8217;Educaci\u00f3 Ambiental de la Comunitat Valenciana (CEACV) i la Fundaci\u00f3 Global Nature.<\/p>\n<p>L&#8217;objectiu de la Jornada era promoure la participaci\u00f3, fomentar la reflexi\u00f3 i el comprom\u00eds de la comunitat educativa, en tots aquells temes que incidixen en la millora ambiental de la nostra escola i de la societat, en general.<\/p>\n<p>A la jornada han assistit alumnes i professors dels centres participants en l&#8217;intercanvi d&#8217;experi\u00e8ncies i tamb\u00e9 centres observadors. Cal destacar que el professorat dels centres seleccionats representar\u00e0 a la Comunitat Valenciana en el Simposi de docents organitzat per la Xarxa Estatal d&#8217;Escoles Sostenibles, ESenRed, que es dur\u00e0 a terme durant la primera setmana de juliol en el Centre Nacional d&#8217;Educaci\u00f3 Ambiental, en Valsa\u00edn.<\/p>\n<p>L&#8217;acte ha sigut inaugurat per Vicent Vicent, assessor i expert en temes ambientals, donant pas als membres de la taula inaugural, que han sigut el president de la C\u00e0tedra Reciplasa-UJI, F\u00e9lix Hern\u00e1ndez, el director del Seminari d&#8217;Educaci\u00f3 Ambiental de Castell\u00f3, Josep Llu\u00eds Ruiz, i la Directora Territorial d&#8217;Educaci\u00f3, Mar\u00eda Esteve. A m\u00e9s, l&#8217;esdeveniment ha comptat amb l&#8217;assist\u00e8ncia de Javier Cepria des d&#8217;inspecci\u00f3 educativa, i una representaci\u00f3 del Centre d&#8217;Educaci\u00f3 Ambiental de la Comunitat Valenciana i del Cefire de Castell\u00f3.<\/p>\n<p>Durant la Trobada, alumnat de diferents centres educatius de la prov\u00edncia de Castell\u00f3 han compartit experi\u00e8ncies i projectes duts a terme durant el curs, tots ells relacionats amb la sostenibilitat, en mat\u00e8ries com la mobilitat sostenible, l&#8217;economia circular, els projectes ambientals, les accions contra el canvi clim\u00e0tic, la gesti\u00f3 de residus, les campanyes solidaries o la biodiversitat. Els centres participants han sigut el CEIP Pintor Sorolla de les Alqueries, l&#8217;IES Torre del Rei d&#8217;Orpesa, el CEIP Soler i Godes de Castell\u00f3, l&#8217;IES Penyagolosa de Castell\u00f3, l&#8217;IES Francesc Ribalta de Castell\u00f3, l&#8217;IES Jaume I de Borriana, el CEIP Jaime Sanz de Pen\u00edscola, l&#8217;IES J\u00e9rica-Viver de Viver i el Col\u00b7legi Liceu de Benic\u00e0ssim.<\/p>\n<p>A m\u00e9s, els alumnes dels centres participants han pogut aprendre de primera m\u00e0 amb les experi\u00e8ncies de l&#8217;expert Allunyant Quecedo del Val. Cal tindre en compte que es tracta d&#8217;un membre de la Junta Juvenil de SEU\/Birdlife, representant de la joventut espanyola en diversos cims clim\u00e0tics, entre les quals destaquen la primera cimera de joventut i clima de l&#8217;ONU, COP25 i Youth4Climate, a Mil\u00e0. Tamb\u00e9 \u00e9s redactor i presentador de la Declaraci\u00f3 Mundial de Joventut i Acci\u00f3 Clim\u00e0tica i actualment col\u00b7laboradora amb la UNESCO en el desenvolupament de YoU-CA, la xarxa mundial de joves per l&#8217;acci\u00f3 clim\u00e0tica.<\/p>\n<p>&nbsp;<\/p>\n","protected":false},"excerpt":{"rendered":"<p>&nbsp; L&#8217;UJI ha acollit la IX Trobada d&#8217;Intercanvi d&#8217;Experi\u00e8ncies en Educaci\u00f3 Ambiental de la Xarxa de Centres per la Sostenibilitat Alumnes de nou centres han compartit els projectes que han desenvolupat i han apr\u00e9s amb l&#8217;expert Alejandro Quecedo del Val \u00a0 Castell\u00f3. 7 de juny de 2024.- M\u00e9s de 180 alumnes de centres educatius deDale que hay m\u00e1s &#8230;<\/p>\n","protected":false},"author":13,"featured_media":16049,"comment_status":"closed","ping_status":"closed","sticky":false,"template":"","format":"standard","meta":{"footnotes":""},"categories":[88],"tags":[],"class_list":["post-16052","post","type-post","status-publish","format-standard","has-post-thumbnail","hentry","category-catedra-reciplasa-uji"],"yoast_head":"<!-- This site is optimized with the Yoast SEO plugin v27.4 - https:\/\/yoast.com\/product\/yoast-seo-wordpress\/ -->\n<title>La C\u00e0tedra Reciplasa-UJI col\u00b7labora amb els centres educatius de la prov\u00edncia per a potenciar h\u00e0bits sostenibles - RECIPLASA<\/title>\n<meta name=\"robots\" content=\"index, follow, max-snippet:-1, max-image-preview:large, max-video-preview:-1\" \/>\n<link rel=\"canonical\" href=\"https:\/\/www.reciplasa.es\/va\/la-catedra-reciplasa-uji-col\u00b7labora-amb-els-centres-educatius-de-la-provincia-per-a-potenciar-habits-sostenibles\/\" \/>\n<meta property=\"og:locale\" content=\"en_US\" \/>\n<meta property=\"og:type\" content=\"article\" \/>\n<meta property=\"og:title\" content=\"La C\u00e0tedra Reciplasa-UJI col\u00b7labora amb els centres educatius de la prov\u00edncia per a potenciar h\u00e0bits sostenibles - RECIPLASA\" \/>\n<meta property=\"og:description\" content=\"&nbsp; L&#8217;UJI ha acollit la IX Trobada d&#8217;Intercanvi d&#8217;Experi\u00e8ncies en Educaci\u00f3 Ambiental de la Xarxa de Centres per la Sostenibilitat Alumnes de nou centres han compartit els projectes que han desenvolupat i han apr\u00e9s amb l&#8217;expert Alejandro Quecedo del Val \u00a0 Castell\u00f3. 7 de juny de 2024.- M\u00e9s de 180 alumnes de centres educatius deDale que hay m\u00e1s ...\" \/>\n<meta property=\"og:url\" content=\"https:\/\/www.reciplasa.es\/va\/la-catedra-reciplasa-uji-col\u00b7labora-amb-els-centres-educatius-de-la-provincia-per-a-potenciar-habits-sostenibles\/\" \/>\n<meta property=\"og:site_name\" content=\"RECIPLASA\" \/>\n<meta property=\"article:published_time\" content=\"2024-06-07T06:43:08+00:00\" \/>\n<meta property=\"og:image\" content=\"https:\/\/www.reciplasa.es\/wp-content\/uploads\/2024\/06\/Encuentro-de-Intercambio-de-Experiencias-Catedra-Reciplasa-UJI-1.jpeg\" \/>\n\t<meta property=\"og:image:width\" content=\"1600\" \/>\n\t<meta property=\"og:image:height\" content=\"1201\" \/>\n\t<meta property=\"og:image:type\" content=\"image\/jpeg\" \/>\n<meta name=\"author\" content=\"Sandra\" \/>\n<meta name=\"twitter:card\" content=\"summary_large_image\" \/>\n<meta name=\"twitter:label1\" content=\"Written by\" \/>\n\t<meta name=\"twitter:data1\" content=\"Sandra\" \/>\n\t<meta name=\"twitter:label2\" content=\"Est. reading time\" \/>\n\t<meta name=\"twitter:data2\" content=\"3 minutes\" \/>\n<script type=\"application\/ld+json\" class=\"yoast-schema-graph\">{\"@context\":\"https:\\\/\\\/schema.org\",\"@graph\":[{\"@type\":\"Article\",\"@id\":\"https:\\\/\\\/www.reciplasa.es\\\/va\\\/la-catedra-reciplasa-uji-col%c2%b7labora-amb-els-centres-educatius-de-la-provincia-per-a-potenciar-habits-sostenibles\\\/#article\",\"isPartOf\":{\"@id\":\"https:\\\/\\\/www.reciplasa.es\\\/va\\\/la-catedra-reciplasa-uji-col%c2%b7labora-amb-els-centres-educatius-de-la-provincia-per-a-potenciar-habits-sostenibles\\\/\"},\"author\":{\"name\":\"Sandra\",\"@id\":\"https:\\\/\\\/www.reciplasa.es\\\/#\\\/schema\\\/person\\\/15191934c9f5618dadb907c80c029c0b\"},\"headline\":\"La C\u00e0tedra Reciplasa-UJI col\u00b7labora amb els centres educatius de la prov\u00edncia per a potenciar h\u00e0bits sostenibles\",\"datePublished\":\"2024-06-07T06:43:08+00:00\",\"mainEntityOfPage\":{\"@id\":\"https:\\\/\\\/www.reciplasa.es\\\/va\\\/la-catedra-reciplasa-uji-col%c2%b7labora-amb-els-centres-educatius-de-la-provincia-per-a-potenciar-habits-sostenibles\\\/\"},\"wordCount\":674,\"image\":{\"@id\":\"https:\\\/\\\/www.reciplasa.es\\\/va\\\/la-catedra-reciplasa-uji-col%c2%b7labora-amb-els-centres-educatius-de-la-provincia-per-a-potenciar-habits-sostenibles\\\/#primaryimage\"},\"thumbnailUrl\":\"https:\\\/\\\/www.reciplasa.es\\\/wp-content\\\/uploads\\\/2024\\\/06\\\/Encuentro-de-Intercambio-de-Experiencias-Catedra-Reciplasa-UJI-1.jpeg\",\"articleSection\":[\"C\u00e0tedra Reciplasa-UJI\"],\"inLanguage\":\"va-VA\"},{\"@type\":\"WebPage\",\"@id\":\"https:\\\/\\\/www.reciplasa.es\\\/va\\\/la-catedra-reciplasa-uji-col%c2%b7labora-amb-els-centres-educatius-de-la-provincia-per-a-potenciar-habits-sostenibles\\\/\",\"url\":\"https:\\\/\\\/www.reciplasa.es\\\/va\\\/la-catedra-reciplasa-uji-col%c2%b7labora-amb-els-centres-educatius-de-la-provincia-per-a-potenciar-habits-sostenibles\\\/\",\"name\":\"La C\u00e0tedra Reciplasa-UJI col\u00b7labora amb els centres educatius de la prov\u00edncia per a potenciar h\u00e0bits sostenibles - RECIPLASA\",\"isPartOf\":{\"@id\":\"https:\\\/\\\/www.reciplasa.es\\\/#website\"},\"primaryImageOfPage\":{\"@id\":\"https:\\\/\\\/www.reciplasa.es\\\/va\\\/la-catedra-reciplasa-uji-col%c2%b7labora-amb-els-centres-educatius-de-la-provincia-per-a-potenciar-habits-sostenibles\\\/#primaryimage\"},\"image\":{\"@id\":\"https:\\\/\\\/www.reciplasa.es\\\/va\\\/la-catedra-reciplasa-uji-col%c2%b7labora-amb-els-centres-educatius-de-la-provincia-per-a-potenciar-habits-sostenibles\\\/#primaryimage\"},\"thumbnailUrl\":\"https:\\\/\\\/www.reciplasa.es\\\/wp-content\\\/uploads\\\/2024\\\/06\\\/Encuentro-de-Intercambio-de-Experiencias-Catedra-Reciplasa-UJI-1.jpeg\",\"datePublished\":\"2024-06-07T06:43:08+00:00\",\"author\":{\"@id\":\"https:\\\/\\\/www.reciplasa.es\\\/#\\\/schema\\\/person\\\/15191934c9f5618dadb907c80c029c0b\"},\"breadcrumb\":{\"@id\":\"https:\\\/\\\/www.reciplasa.es\\\/va\\\/la-catedra-reciplasa-uji-col%c2%b7labora-amb-els-centres-educatius-de-la-provincia-per-a-potenciar-habits-sostenibles\\\/#breadcrumb\"},\"inLanguage\":\"va-VA\",\"potentialAction\":[{\"@type\":\"ReadAction\",\"target\":[\"https:\\\/\\\/www.reciplasa.es\\\/va\\\/la-catedra-reciplasa-uji-col%c2%b7labora-amb-els-centres-educatius-de-la-provincia-per-a-potenciar-habits-sostenibles\\\/\"]}]},{\"@type\":\"ImageObject\",\"inLanguage\":\"va-VA\",\"@id\":\"https:\\\/\\\/www.reciplasa.es\\\/va\\\/la-catedra-reciplasa-uji-col%c2%b7labora-amb-els-centres-educatius-de-la-provincia-per-a-potenciar-habits-sostenibles\\\/#primaryimage\",\"url\":\"https:\\\/\\\/www.reciplasa.es\\\/wp-content\\\/uploads\\\/2024\\\/06\\\/Encuentro-de-Intercambio-de-Experiencias-Catedra-Reciplasa-UJI-1.jpeg\",\"contentUrl\":\"https:\\\/\\\/www.reciplasa.es\\\/wp-content\\\/uploads\\\/2024\\\/06\\\/Encuentro-de-Intercambio-de-Experiencias-Catedra-Reciplasa-UJI-1.jpeg\",\"width\":1600,\"height\":1201},{\"@type\":\"BreadcrumbList\",\"@id\":\"https:\\\/\\\/www.reciplasa.es\\\/va\\\/la-catedra-reciplasa-uji-col%c2%b7labora-amb-els-centres-educatius-de-la-provincia-per-a-potenciar-habits-sostenibles\\\/#breadcrumb\",\"itemListElement\":[{\"@type\":\"ListItem\",\"position\":1,\"name\":\"Portada\",\"item\":\"https:\\\/\\\/www.reciplasa.es\\\/va\\\/\"},{\"@type\":\"ListItem\",\"position\":2,\"name\":\"La C\u00e0tedra Reciplasa-UJI col\u00b7labora amb els centres educatius de la prov\u00edncia per a potenciar h\u00e0bits sostenibles\"}]},{\"@type\":\"WebSite\",\"@id\":\"https:\\\/\\\/www.reciplasa.es\\\/#website\",\"url\":\"https:\\\/\\\/www.reciplasa.es\\\/\",\"name\":\"RECIPLASA\",\"description\":\"Reciclats de Residus La Plana SA\",\"potentialAction\":[{\"@type\":\"SearchAction\",\"target\":{\"@type\":\"EntryPoint\",\"urlTemplate\":\"https:\\\/\\\/www.reciplasa.es\\\/?s={search_term_string}\"},\"query-input\":{\"@type\":\"PropertyValueSpecification\",\"valueRequired\":true,\"valueName\":\"search_term_string\"}}],\"inLanguage\":\"va-VA\"},{\"@type\":\"Person\",\"@id\":\"https:\\\/\\\/www.reciplasa.es\\\/#\\\/schema\\\/person\\\/15191934c9f5618dadb907c80c029c0b\",\"name\":\"Sandra\",\"image\":{\"@type\":\"ImageObject\",\"inLanguage\":\"va-VA\",\"@id\":\"https:\\\/\\\/secure.gravatar.com\\\/avatar\\\/605ca84bedd79915b697a46887df8ccd0249fb6f2a1bbcd0bfc66c91d997ae51?s=96&d=mm&r=g\",\"url\":\"https:\\\/\\\/secure.gravatar.com\\\/avatar\\\/605ca84bedd79915b697a46887df8ccd0249fb6f2a1bbcd0bfc66c91d997ae51?s=96&d=mm&r=g\",\"contentUrl\":\"https:\\\/\\\/secure.gravatar.com\\\/avatar\\\/605ca84bedd79915b697a46887df8ccd0249fb6f2a1bbcd0bfc66c91d997ae51?s=96&d=mm&r=g\",\"caption\":\"Sandra\"},\"url\":\"https:\\\/\\\/www.reciplasa.es\\\/va\\\/author\\\/sandra\\\/\"}]}<\/script>\n<!-- \/ Yoast SEO plugin. -->","yoast_head_json":{"title":"La C\u00e0tedra Reciplasa-UJI col\u00b7labora amb els centres educatius de la prov\u00edncia per a potenciar h\u00e0bits sostenibles - RECIPLASA","robots":{"index":"index","follow":"follow","max-snippet":"max-snippet:-1","max-image-preview":"max-image-preview:large","max-video-preview":"max-video-preview:-1"},"canonical":"https:\/\/www.reciplasa.es\/va\/la-catedra-reciplasa-uji-col\u00b7labora-amb-els-centres-educatius-de-la-provincia-per-a-potenciar-habits-sostenibles\/","og_locale":"en_US","og_type":"article","og_title":"La C\u00e0tedra Reciplasa-UJI col\u00b7labora amb els centres educatius de la prov\u00edncia per a potenciar h\u00e0bits sostenibles - RECIPLASA","og_description":"&nbsp; L&#8217;UJI ha acollit la IX Trobada d&#8217;Intercanvi d&#8217;Experi\u00e8ncies en Educaci\u00f3 Ambiental de la Xarxa de Centres per la Sostenibilitat Alumnes de nou centres han compartit els projectes que han desenvolupat i han apr\u00e9s amb l&#8217;expert Alejandro Quecedo del Val \u00a0 Castell\u00f3. 7 de juny de 2024.- M\u00e9s de 180 alumnes de centres educatius deDale que hay m\u00e1s ...","og_url":"https:\/\/www.reciplasa.es\/va\/la-catedra-reciplasa-uji-col\u00b7labora-amb-els-centres-educatius-de-la-provincia-per-a-potenciar-habits-sostenibles\/","og_site_name":"RECIPLASA","article_published_time":"2024-06-07T06:43:08+00:00","og_image":[{"width":1600,"height":1201,"url":"https:\/\/www.reciplasa.es\/wp-content\/uploads\/2024\/06\/Encuentro-de-Intercambio-de-Experiencias-Catedra-Reciplasa-UJI-1.jpeg","type":"image\/jpeg"}],"author":"Sandra","twitter_card":"summary_large_image","twitter_misc":{"Written by":"Sandra","Est. reading time":"3 minutes"},"schema":{"@context":"https:\/\/schema.org","@graph":[{"@type":"Article","@id":"https:\/\/www.reciplasa.es\/va\/la-catedra-reciplasa-uji-col%c2%b7labora-amb-els-centres-educatius-de-la-provincia-per-a-potenciar-habits-sostenibles\/#article","isPartOf":{"@id":"https:\/\/www.reciplasa.es\/va\/la-catedra-reciplasa-uji-col%c2%b7labora-amb-els-centres-educatius-de-la-provincia-per-a-potenciar-habits-sostenibles\/"},"author":{"name":"Sandra","@id":"https:\/\/www.reciplasa.es\/#\/schema\/person\/15191934c9f5618dadb907c80c029c0b"},"headline":"La C\u00e0tedra Reciplasa-UJI col\u00b7labora amb els centres educatius de la prov\u00edncia per a potenciar h\u00e0bits sostenibles","datePublished":"2024-06-07T06:43:08+00:00","mainEntityOfPage":{"@id":"https:\/\/www.reciplasa.es\/va\/la-catedra-reciplasa-uji-col%c2%b7labora-amb-els-centres-educatius-de-la-provincia-per-a-potenciar-habits-sostenibles\/"},"wordCount":674,"image":{"@id":"https:\/\/www.reciplasa.es\/va\/la-catedra-reciplasa-uji-col%c2%b7labora-amb-els-centres-educatius-de-la-provincia-per-a-potenciar-habits-sostenibles\/#primaryimage"},"thumbnailUrl":"https:\/\/www.reciplasa.es\/wp-content\/uploads\/2024\/06\/Encuentro-de-Intercambio-de-Experiencias-Catedra-Reciplasa-UJI-1.jpeg","articleSection":["C\u00e0tedra Reciplasa-UJI"],"inLanguage":"va-VA"},{"@type":"WebPage","@id":"https:\/\/www.reciplasa.es\/va\/la-catedra-reciplasa-uji-col%c2%b7labora-amb-els-centres-educatius-de-la-provincia-per-a-potenciar-habits-sostenibles\/","url":"https:\/\/www.reciplasa.es\/va\/la-catedra-reciplasa-uji-col%c2%b7labora-amb-els-centres-educatius-de-la-provincia-per-a-potenciar-habits-sostenibles\/","name":"La C\u00e0tedra Reciplasa-UJI col\u00b7labora amb els centres educatius de la prov\u00edncia per a potenciar h\u00e0bits sostenibles - RECIPLASA","isPartOf":{"@id":"https:\/\/www.reciplasa.es\/#website"},"primaryImageOfPage":{"@id":"https:\/\/www.reciplasa.es\/va\/la-catedra-reciplasa-uji-col%c2%b7labora-amb-els-centres-educatius-de-la-provincia-per-a-potenciar-habits-sostenibles\/#primaryimage"},"image":{"@id":"https:\/\/www.reciplasa.es\/va\/la-catedra-reciplasa-uji-col%c2%b7labora-amb-els-centres-educatius-de-la-provincia-per-a-potenciar-habits-sostenibles\/#primaryimage"},"thumbnailUrl":"https:\/\/www.reciplasa.es\/wp-content\/uploads\/2024\/06\/Encuentro-de-Intercambio-de-Experiencias-Catedra-Reciplasa-UJI-1.jpeg","datePublished":"2024-06-07T06:43:08+00:00","author":{"@id":"https:\/\/www.reciplasa.es\/#\/schema\/person\/15191934c9f5618dadb907c80c029c0b"},"breadcrumb":{"@id":"https:\/\/www.reciplasa.es\/va\/la-catedra-reciplasa-uji-col%c2%b7labora-amb-els-centres-educatius-de-la-provincia-per-a-potenciar-habits-sostenibles\/#breadcrumb"},"inLanguage":"va-VA","potentialAction":[{"@type":"ReadAction","target":["https:\/\/www.reciplasa.es\/va\/la-catedra-reciplasa-uji-col%c2%b7labora-amb-els-centres-educatius-de-la-provincia-per-a-potenciar-habits-sostenibles\/"]}]},{"@type":"ImageObject","inLanguage":"va-VA","@id":"https:\/\/www.reciplasa.es\/va\/la-catedra-reciplasa-uji-col%c2%b7labora-amb-els-centres-educatius-de-la-provincia-per-a-potenciar-habits-sostenibles\/#primaryimage","url":"https:\/\/www.reciplasa.es\/wp-content\/uploads\/2024\/06\/Encuentro-de-Intercambio-de-Experiencias-Catedra-Reciplasa-UJI-1.jpeg","contentUrl":"https:\/\/www.reciplasa.es\/wp-content\/uploads\/2024\/06\/Encuentro-de-Intercambio-de-Experiencias-Catedra-Reciplasa-UJI-1.jpeg","width":1600,"height":1201},{"@type":"BreadcrumbList","@id":"https:\/\/www.reciplasa.es\/va\/la-catedra-reciplasa-uji-col%c2%b7labora-amb-els-centres-educatius-de-la-provincia-per-a-potenciar-habits-sostenibles\/#breadcrumb","itemListElement":[{"@type":"ListItem","position":1,"name":"Portada","item":"https:\/\/www.reciplasa.es\/va\/"},{"@type":"ListItem","position":2,"name":"La C\u00e0tedra Reciplasa-UJI col\u00b7labora amb els centres educatius de la prov\u00edncia per a potenciar h\u00e0bits sostenibles"}]},{"@type":"WebSite","@id":"https:\/\/www.reciplasa.es\/#website","url":"https:\/\/www.reciplasa.es\/","name":"RECIPLASA","description":"Reciclats de Residus La Plana SA","potentialAction":[{"@type":"SearchAction","target":{"@type":"EntryPoint","urlTemplate":"https:\/\/www.reciplasa.es\/?s={search_term_string}"},"query-input":{"@type":"PropertyValueSpecification","valueRequired":true,"valueName":"search_term_string"}}],"inLanguage":"va-VA"},{"@type":"Person","@id":"https:\/\/www.reciplasa.es\/#\/schema\/person\/15191934c9f5618dadb907c80c029c0b","name":"Sandra","image":{"@type":"ImageObject","inLanguage":"va-VA","@id":"https:\/\/secure.gravatar.com\/avatar\/605ca84bedd79915b697a46887df8ccd0249fb6f2a1bbcd0bfc66c91d997ae51?s=96&d=mm&r=g","url":"https:\/\/secure.gravatar.com\/avatar\/605ca84bedd79915b697a46887df8ccd0249fb6f2a1bbcd0bfc66c91d997ae51?s=96&d=mm&r=g","contentUrl":"https:\/\/secure.gravatar.com\/avatar\/605ca84bedd79915b697a46887df8ccd0249fb6f2a1bbcd0bfc66c91d997ae51?s=96&d=mm&r=g","caption":"Sandra"},"url":"https:\/\/www.reciplasa.es\/va\/author\/sandra\/"}]}},"_links":{"self":[{"href":"https:\/\/www.reciplasa.es\/va\/wp-json\/wp\/v2\/posts\/16052","targetHints":{"allow":["GET"]}}],"collection":[{"href":"https:\/\/www.reciplasa.es\/va\/wp-json\/wp\/v2\/posts"}],"about":[{"href":"https:\/\/www.reciplasa.es\/va\/wp-json\/wp\/v2\/types\/post"}],"author":[{"embeddable":true,"href":"https:\/\/www.reciplasa.es\/va\/wp-json\/wp\/v2\/users\/13"}],"replies":[{"embeddable":true,"href":"https:\/\/www.reciplasa.es\/va\/wp-json\/wp\/v2\/comments?post=16052"}],"version-history":[{"count":1,"href":"https:\/\/www.reciplasa.es\/va\/wp-json\/wp\/v2\/posts\/16052\/revisions"}],"predecessor-version":[{"id":16053,"href":"https:\/\/www.reciplasa.es\/va\/wp-json\/wp\/v2\/posts\/16052\/revisions\/16053"}],"wp:featuredmedia":[{"embeddable":true,"href":"https:\/\/www.reciplasa.es\/va\/wp-json\/wp\/v2\/media\/16049"}],"wp:attachment":[{"href":"https:\/\/www.reciplasa.es\/va\/wp-json\/wp\/v2\/media?parent=16052"}],"wp:term":[{"taxonomy":"category","embeddable":true,"href":"https:\/\/www.reciplasa.es\/va\/wp-json\/wp\/v2\/categories?post=16052"},{"taxonomy":"post_tag","embeddable":true,"href":"https:\/\/www.reciplasa.es\/va\/wp-json\/wp\/v2\/tags?post=16052"}],"curies":[{"name":"wp","href":"https:\/\/api.w.org\/{rel}","templated":true}]}}