{"id":16061,"date":"2024-08-02T15:51:15","date_gmt":"2024-08-02T15:51:15","guid":{"rendered":"https:\/\/www.reciplasa.es\/?p=16061\/"},"modified":"2024-08-02T15:51:15","modified_gmt":"2024-08-02T15:51:15","slug":"reciplasa-ayudara-a-los-ayuntamientos-a-potenciar-la-economia-circular-y-la-sostenibilidad-en-la-gestion-de-los-residuos-de-la-forma-mas-eficiente-y-al-mejor-precio","status":"publish","type":"post","link":"https:\/\/www.reciplasa.es\/va\/reciplasa-ayudara-a-los-ayuntamientos-a-potenciar-la-economia-circular-y-la-sostenibilidad-en-la-gestion-de-los-residuos-de-la-forma-mas-eficiente-y-al-mejor-precio\/","title":{"rendered":"Reciplasa ayudar\u00e1 a los Ayuntamientos a potenciar la econom\u00eda circular y la sostenibilidad en la gesti\u00f3n de los residuos de la forma m\u00e1s eficiente y al mejor precio"},"content":{"rendered":"<p><strong>\u00a0<\/strong><\/p>\n<p><em>Ha aprobado los criterios de un estudio para aplicar las mejores alternativas ante la entrada en vigor de cambios legislativos en 2025 que sean m\u00e1s sostenibles, eficaces y asequibles<\/em><\/p>\n<p><em>\u00a0<\/em><\/p>\n<p>El consejo de Administraci\u00f3n de Reciplasa ha aprobado los criterios para la realizaci\u00f3n del estudio de estimaci\u00f3n de costes que tendr\u00e1 para los Ayuntamientos Socios la entrada en vigor de la nueva Ley 7\/2022 de 8 de abril y que entrar\u00e1 en vigor en abril de 2025. Se trata de una apuesta de la entidad y los consistorios por la sostenibilidad en la gesti\u00f3n de los residuos de forma eficaz y al mejor posible que a la vez, potenciar\u00e1 la econom\u00eda circular.<\/p>\n<p>&nbsp;<\/p>\n<p>Tal y como explica el presidente de la entidad, Sergio Toledo, \u201ccon este estudio, Reciplasa se avanza a la gesti\u00f3n que viene ya que supone analizar las opciones de futuro derivada de la nueva normativa\u201d y evidencia que \u201ccon el estudio se podr\u00e1 analizar qu\u00e9 pasos seguir siempre pensando en mejorar los costes que se derivan\u201d.<\/p>\n<p>&nbsp;<\/p>\n<p>Los criterios para elaborar este estudio son las propias estad\u00edsticas de 2024 de la entidad \u201cpara acercarnos lo m\u00e1ximo posible a la realidad\u201d, advierte Toledo. As\u00ed, se analizan los costes del transporte, de la poda, del rechazo y de los voluminosos para que \u201csea completo y lo m\u00e1s fidedigno posible para que el estudio simule la situaci\u00f3n aut\u00e9ntica de los ayuntamientos integrados en Reciplasa, as\u00ed como la gesti\u00f3n que hacen de los residuos en la actualidad\u201d.<\/p>\n<p>&nbsp;<\/p>\n<p>Tanto es as\u00ed, que el estudio contemplar\u00e1 los impuestos sobre las emisiones de CO2 que costean las administraciones, as\u00ed como la situaci\u00f3n exclusiva de cada uno de los integrantes.<\/p>\n<p>&nbsp;<\/p>\n<p>Toledo se\u00f1ala que \u201ceste estudio ser\u00e1 una herramienta eficaz para poder desarrollar medidas eficaces de cara a la entrada en vigor de la nueva norma y saber c\u00f3mo afrontar los futuros cambios\u201d.<\/p>\n<p>&nbsp;<\/p>\n<p>El objetivo global pasa por potenciar en todo momento la econom\u00eda circular y la sostenibilidad en la gesti\u00f3n al mejor precio posible, tal y como confirma el presidente de Reciplasa.<\/p>\n<p><strong>\u00a0<\/strong><\/p>\n<p><strong>Carla Nebot, nueva consejera de Reciplasa<\/strong><\/p>\n<p>En otro orden de cosas, la alcaldesa de Betx\u00ed, Carla Nebot, ha asumido en la Junta General de Reciplasa celebrada en Villa Elisa en Benic\u00e0ssim, el cargo de consejera de la empresa p\u00fablica encargada del tratamiento de residuos. La alcaldesa de la localidad de la Plana Baixa entra en sustituci\u00f3n del edil del municipio, Alfred Remolar.<\/p>\n<p>&nbsp;<\/p>\n<p>Adem\u00e1s, se ha aprobado la solicitud expresa realizada por el Ayuntamiento de Vila-real para la modificaci\u00f3n del proyecto medioambiental realizado por este Ayuntamiento y que se ha aprobado en el consejo de Administraci\u00f3n.<\/p>\n","protected":false},"excerpt":{"rendered":"<p>\u00a0 Ha aprobado los criterios de un estudio para aplicar las mejores alternativas ante la entrada en vigor de cambios legislativos en 2025 que sean m\u00e1s sostenibles, eficaces y asequibles \u00a0 El consejo de Administraci\u00f3n de Reciplasa ha aprobado los criterios para la realizaci\u00f3n del estudio de estimaci\u00f3n de costes que tendr\u00e1 para los AyuntamientosDale que hay m\u00e1s &#8230;<\/p>\n","protected":false},"author":13,"featured_media":16062,"comment_status":"closed","ping_status":"closed","sticky":false,"template":"","format":"standard","meta":{"footnotes":""},"categories":[3],"tags":[],"class_list":["post-16061","post","type-post","status-publish","format-standard","has-post-thumbnail","hentry","category-noticias-corporativas"],"yoast_head":"<!-- This site is optimized with the Yoast SEO plugin v27.4 - https:\/\/yoast.com\/product\/yoast-seo-wordpress\/ -->\n<title>Reciplasa ayudar\u00e1 a los Ayuntamientos a potenciar la econom\u00eda circular y la sostenibilidad en la gesti\u00f3n de los residuos de la forma m\u00e1s eficiente y al mejor precio - RECIPLASA<\/title>\n<meta name=\"description\" content=\"Aprueba los criterios de un estudio para aplicar las mejores alternativas ante la entrada en vigor de cambios legislativos en 2025.\" \/>\n<meta name=\"robots\" content=\"index, follow, max-snippet:-1, max-image-preview:large, max-video-preview:-1\" \/>\n<link rel=\"canonical\" href=\"https:\/\/www.reciplasa.es\/reciplasa-ayudara-a-los-ayuntamientos-a-potenciar-la-economia-circular-y-la-sostenibilidad-en-la-gestion-de-los-residuos-de-la-forma-mas-eficiente-y-al-mejor-precio\/\" \/>\n<meta property=\"og:locale\" content=\"en_US\" \/>\n<meta property=\"og:type\" content=\"article\" \/>\n<meta property=\"og:title\" content=\"Reciplasa ayudar\u00e1 a los Ayuntamientos a potenciar la econom\u00eda circular y la sostenibilidad en la gesti\u00f3n de los residuos de la forma m\u00e1s eficiente y al mejor precio - RECIPLASA\" \/>\n<meta property=\"og:description\" content=\"Aprueba los criterios de un estudio para aplicar las mejores alternativas ante la entrada en vigor de cambios legislativos en 2025.\" \/>\n<meta property=\"og:url\" content=\"https:\/\/www.reciplasa.es\/reciplasa-ayudara-a-los-ayuntamientos-a-potenciar-la-economia-circular-y-la-sostenibilidad-en-la-gestion-de-los-residuos-de-la-forma-mas-eficiente-y-al-mejor-precio\/\" \/>\n<meta property=\"og:site_name\" content=\"RECIPLASA\" \/>\n<meta property=\"article:published_time\" content=\"2024-08-02T15:51:15+00:00\" \/>\n<meta property=\"og:image\" content=\"https:\/\/www.reciplasa.es\/wp-content\/uploads\/2024\/08\/RECIPLASA-VILLA-ELISA.jpeg\" \/>\n\t<meta property=\"og:image:width\" content=\"1600\" \/>\n\t<meta property=\"og:image:height\" content=\"1294\" \/>\n\t<meta property=\"og:image:type\" content=\"image\/jpeg\" \/>\n<meta name=\"author\" content=\"Sandra\" \/>\n<meta name=\"twitter:card\" content=\"summary_large_image\" \/>\n<meta name=\"twitter:label1\" content=\"Written by\" \/>\n\t<meta name=\"twitter:data1\" content=\"Sandra\" \/>\n\t<meta name=\"twitter:label2\" content=\"Est. reading time\" \/>\n\t<meta name=\"twitter:data2\" content=\"2 minutes\" \/>\n<script type=\"application\/ld+json\" class=\"yoast-schema-graph\">{\"@context\":\"https:\\\/\\\/schema.org\",\"@graph\":[{\"@type\":\"Article\",\"@id\":\"https:\\\/\\\/www.reciplasa.es\\\/reciplasa-ayudara-a-los-ayuntamientos-a-potenciar-la-economia-circular-y-la-sostenibilidad-en-la-gestion-de-los-residuos-de-la-forma-mas-eficiente-y-al-mejor-precio\\\/#article\",\"isPartOf\":{\"@id\":\"https:\\\/\\\/www.reciplasa.es\\\/reciplasa-ayudara-a-los-ayuntamientos-a-potenciar-la-economia-circular-y-la-sostenibilidad-en-la-gestion-de-los-residuos-de-la-forma-mas-eficiente-y-al-mejor-precio\\\/\"},\"author\":{\"name\":\"Sandra\",\"@id\":\"https:\\\/\\\/www.reciplasa.es\\\/#\\\/schema\\\/person\\\/15191934c9f5618dadb907c80c029c0b\"},\"headline\":\"Reciplasa ayudar\u00e1 a los Ayuntamientos a potenciar la econom\u00eda circular y la sostenibilidad en la gesti\u00f3n de los residuos de la forma m\u00e1s eficiente y al mejor precio\",\"datePublished\":\"2024-08-02T15:51:15+00:00\",\"mainEntityOfPage\":{\"@id\":\"https:\\\/\\\/www.reciplasa.es\\\/reciplasa-ayudara-a-los-ayuntamientos-a-potenciar-la-economia-circular-y-la-sostenibilidad-en-la-gestion-de-los-residuos-de-la-forma-mas-eficiente-y-al-mejor-precio\\\/\"},\"wordCount\":485,\"image\":{\"@id\":\"https:\\\/\\\/www.reciplasa.es\\\/reciplasa-ayudara-a-los-ayuntamientos-a-potenciar-la-economia-circular-y-la-sostenibilidad-en-la-gestion-de-los-residuos-de-la-forma-mas-eficiente-y-al-mejor-precio\\\/#primaryimage\"},\"thumbnailUrl\":\"https:\\\/\\\/www.reciplasa.es\\\/wp-content\\\/uploads\\\/2024\\\/08\\\/RECIPLASA-VILLA-ELISA.jpeg\",\"articleSection\":[\"Noticias corporativas\"],\"inLanguage\":\"va-VA\"},{\"@type\":\"WebPage\",\"@id\":\"https:\\\/\\\/www.reciplasa.es\\\/reciplasa-ayudara-a-los-ayuntamientos-a-potenciar-la-economia-circular-y-la-sostenibilidad-en-la-gestion-de-los-residuos-de-la-forma-mas-eficiente-y-al-mejor-precio\\\/\",\"url\":\"https:\\\/\\\/www.reciplasa.es\\\/reciplasa-ayudara-a-los-ayuntamientos-a-potenciar-la-economia-circular-y-la-sostenibilidad-en-la-gestion-de-los-residuos-de-la-forma-mas-eficiente-y-al-mejor-precio\\\/\",\"name\":\"Reciplasa ayudar\u00e1 a los Ayuntamientos a potenciar la econom\u00eda circular y la sostenibilidad en la gesti\u00f3n de los residuos de la forma m\u00e1s eficiente y al mejor precio - RECIPLASA\",\"isPartOf\":{\"@id\":\"https:\\\/\\\/www.reciplasa.es\\\/#website\"},\"primaryImageOfPage\":{\"@id\":\"https:\\\/\\\/www.reciplasa.es\\\/reciplasa-ayudara-a-los-ayuntamientos-a-potenciar-la-economia-circular-y-la-sostenibilidad-en-la-gestion-de-los-residuos-de-la-forma-mas-eficiente-y-al-mejor-precio\\\/#primaryimage\"},\"image\":{\"@id\":\"https:\\\/\\\/www.reciplasa.es\\\/reciplasa-ayudara-a-los-ayuntamientos-a-potenciar-la-economia-circular-y-la-sostenibilidad-en-la-gestion-de-los-residuos-de-la-forma-mas-eficiente-y-al-mejor-precio\\\/#primaryimage\"},\"thumbnailUrl\":\"https:\\\/\\\/www.reciplasa.es\\\/wp-content\\\/uploads\\\/2024\\\/08\\\/RECIPLASA-VILLA-ELISA.jpeg\",\"datePublished\":\"2024-08-02T15:51:15+00:00\",\"author\":{\"@id\":\"https:\\\/\\\/www.reciplasa.es\\\/#\\\/schema\\\/person\\\/15191934c9f5618dadb907c80c029c0b\"},\"description\":\"Aprueba los criterios de un estudio para aplicar las mejores alternativas ante la entrada en vigor de cambios legislativos en 2025.\",\"breadcrumb\":{\"@id\":\"https:\\\/\\\/www.reciplasa.es\\\/reciplasa-ayudara-a-los-ayuntamientos-a-potenciar-la-economia-circular-y-la-sostenibilidad-en-la-gestion-de-los-residuos-de-la-forma-mas-eficiente-y-al-mejor-precio\\\/#breadcrumb\"},\"inLanguage\":\"va-VA\",\"potentialAction\":[{\"@type\":\"ReadAction\",\"target\":[\"https:\\\/\\\/www.reciplasa.es\\\/reciplasa-ayudara-a-los-ayuntamientos-a-potenciar-la-economia-circular-y-la-sostenibilidad-en-la-gestion-de-los-residuos-de-la-forma-mas-eficiente-y-al-mejor-precio\\\/\"]}]},{\"@type\":\"ImageObject\",\"inLanguage\":\"va-VA\",\"@id\":\"https:\\\/\\\/www.reciplasa.es\\\/reciplasa-ayudara-a-los-ayuntamientos-a-potenciar-la-economia-circular-y-la-sostenibilidad-en-la-gestion-de-los-residuos-de-la-forma-mas-eficiente-y-al-mejor-precio\\\/#primaryimage\",\"url\":\"https:\\\/\\\/www.reciplasa.es\\\/wp-content\\\/uploads\\\/2024\\\/08\\\/RECIPLASA-VILLA-ELISA.jpeg\",\"contentUrl\":\"https:\\\/\\\/www.reciplasa.es\\\/wp-content\\\/uploads\\\/2024\\\/08\\\/RECIPLASA-VILLA-ELISA.jpeg\",\"width\":1600,\"height\":1294,\"caption\":\"Junta General y Consejo de Administraci\u00f3n en Villa Elisa Benic\u00e0ssim\"},{\"@type\":\"BreadcrumbList\",\"@id\":\"https:\\\/\\\/www.reciplasa.es\\\/reciplasa-ayudara-a-los-ayuntamientos-a-potenciar-la-economia-circular-y-la-sostenibilidad-en-la-gestion-de-los-residuos-de-la-forma-mas-eficiente-y-al-mejor-precio\\\/#breadcrumb\",\"itemListElement\":[{\"@type\":\"ListItem\",\"position\":1,\"name\":\"Portada\",\"item\":\"https:\\\/\\\/www.reciplasa.es\\\/va\\\/\"},{\"@type\":\"ListItem\",\"position\":2,\"name\":\"Reciplasa ayudar\u00e1 a los Ayuntamientos a potenciar la econom\u00eda circular y la sostenibilidad en la gesti\u00f3n de los residuos de la forma m\u00e1s eficiente y al mejor precio\"}]},{\"@type\":\"WebSite\",\"@id\":\"https:\\\/\\\/www.reciplasa.es\\\/#website\",\"url\":\"https:\\\/\\\/www.reciplasa.es\\\/\",\"name\":\"RECIPLASA\",\"description\":\"Reciclats de Residus La Plana SA\",\"potentialAction\":[{\"@type\":\"SearchAction\",\"target\":{\"@type\":\"EntryPoint\",\"urlTemplate\":\"https:\\\/\\\/www.reciplasa.es\\\/?s={search_term_string}\"},\"query-input\":{\"@type\":\"PropertyValueSpecification\",\"valueRequired\":true,\"valueName\":\"search_term_string\"}}],\"inLanguage\":\"va-VA\"},{\"@type\":\"Person\",\"@id\":\"https:\\\/\\\/www.reciplasa.es\\\/#\\\/schema\\\/person\\\/15191934c9f5618dadb907c80c029c0b\",\"name\":\"Sandra\",\"image\":{\"@type\":\"ImageObject\",\"inLanguage\":\"va-VA\",\"@id\":\"https:\\\/\\\/secure.gravatar.com\\\/avatar\\\/605ca84bedd79915b697a46887df8ccd0249fb6f2a1bbcd0bfc66c91d997ae51?s=96&d=mm&r=g\",\"url\":\"https:\\\/\\\/secure.gravatar.com\\\/avatar\\\/605ca84bedd79915b697a46887df8ccd0249fb6f2a1bbcd0bfc66c91d997ae51?s=96&d=mm&r=g\",\"contentUrl\":\"https:\\\/\\\/secure.gravatar.com\\\/avatar\\\/605ca84bedd79915b697a46887df8ccd0249fb6f2a1bbcd0bfc66c91d997ae51?s=96&d=mm&r=g\",\"caption\":\"Sandra\"},\"url\":\"https:\\\/\\\/www.reciplasa.es\\\/va\\\/author\\\/sandra\\\/\"}]}<\/script>\n<!-- \/ Yoast SEO plugin. -->","yoast_head_json":{"title":"Reciplasa ayudar\u00e1 a los Ayuntamientos a potenciar la econom\u00eda circular y la sostenibilidad en la gesti\u00f3n de los residuos de la forma m\u00e1s eficiente y al mejor precio - RECIPLASA","description":"Aprueba los criterios de un estudio para aplicar las mejores alternativas ante la entrada en vigor de cambios legislativos en 2025.","robots":{"index":"index","follow":"follow","max-snippet":"max-snippet:-1","max-image-preview":"max-image-preview:large","max-video-preview":"max-video-preview:-1"},"canonical":"https:\/\/www.reciplasa.es\/reciplasa-ayudara-a-los-ayuntamientos-a-potenciar-la-economia-circular-y-la-sostenibilidad-en-la-gestion-de-los-residuos-de-la-forma-mas-eficiente-y-al-mejor-precio\/","og_locale":"en_US","og_type":"article","og_title":"Reciplasa ayudar\u00e1 a los Ayuntamientos a potenciar la econom\u00eda circular y la sostenibilidad en la gesti\u00f3n de los residuos de la forma m\u00e1s eficiente y al mejor precio - RECIPLASA","og_description":"Aprueba los criterios de un estudio para aplicar las mejores alternativas ante la entrada en vigor de cambios legislativos en 2025.","og_url":"https:\/\/www.reciplasa.es\/reciplasa-ayudara-a-los-ayuntamientos-a-potenciar-la-economia-circular-y-la-sostenibilidad-en-la-gestion-de-los-residuos-de-la-forma-mas-eficiente-y-al-mejor-precio\/","og_site_name":"RECIPLASA","article_published_time":"2024-08-02T15:51:15+00:00","og_image":[{"width":1600,"height":1294,"url":"https:\/\/www.reciplasa.es\/wp-content\/uploads\/2024\/08\/RECIPLASA-VILLA-ELISA.jpeg","type":"image\/jpeg"}],"author":"Sandra","twitter_card":"summary_large_image","twitter_misc":{"Written by":"Sandra","Est. reading time":"2 minutes"},"schema":{"@context":"https:\/\/schema.org","@graph":[{"@type":"Article","@id":"https:\/\/www.reciplasa.es\/reciplasa-ayudara-a-los-ayuntamientos-a-potenciar-la-economia-circular-y-la-sostenibilidad-en-la-gestion-de-los-residuos-de-la-forma-mas-eficiente-y-al-mejor-precio\/#article","isPartOf":{"@id":"https:\/\/www.reciplasa.es\/reciplasa-ayudara-a-los-ayuntamientos-a-potenciar-la-economia-circular-y-la-sostenibilidad-en-la-gestion-de-los-residuos-de-la-forma-mas-eficiente-y-al-mejor-precio\/"},"author":{"name":"Sandra","@id":"https:\/\/www.reciplasa.es\/#\/schema\/person\/15191934c9f5618dadb907c80c029c0b"},"headline":"Reciplasa ayudar\u00e1 a los Ayuntamientos a potenciar la econom\u00eda circular y la sostenibilidad en la gesti\u00f3n de los residuos de la forma m\u00e1s eficiente y al mejor precio","datePublished":"2024-08-02T15:51:15+00:00","mainEntityOfPage":{"@id":"https:\/\/www.reciplasa.es\/reciplasa-ayudara-a-los-ayuntamientos-a-potenciar-la-economia-circular-y-la-sostenibilidad-en-la-gestion-de-los-residuos-de-la-forma-mas-eficiente-y-al-mejor-precio\/"},"wordCount":485,"image":{"@id":"https:\/\/www.reciplasa.es\/reciplasa-ayudara-a-los-ayuntamientos-a-potenciar-la-economia-circular-y-la-sostenibilidad-en-la-gestion-de-los-residuos-de-la-forma-mas-eficiente-y-al-mejor-precio\/#primaryimage"},"thumbnailUrl":"https:\/\/www.reciplasa.es\/wp-content\/uploads\/2024\/08\/RECIPLASA-VILLA-ELISA.jpeg","articleSection":["Noticias corporativas"],"inLanguage":"va-VA"},{"@type":"WebPage","@id":"https:\/\/www.reciplasa.es\/reciplasa-ayudara-a-los-ayuntamientos-a-potenciar-la-economia-circular-y-la-sostenibilidad-en-la-gestion-de-los-residuos-de-la-forma-mas-eficiente-y-al-mejor-precio\/","url":"https:\/\/www.reciplasa.es\/reciplasa-ayudara-a-los-ayuntamientos-a-potenciar-la-economia-circular-y-la-sostenibilidad-en-la-gestion-de-los-residuos-de-la-forma-mas-eficiente-y-al-mejor-precio\/","name":"Reciplasa ayudar\u00e1 a los Ayuntamientos a potenciar la econom\u00eda circular y la sostenibilidad en la gesti\u00f3n de los residuos de la forma m\u00e1s eficiente y al mejor precio - RECIPLASA","isPartOf":{"@id":"https:\/\/www.reciplasa.es\/#website"},"primaryImageOfPage":{"@id":"https:\/\/www.reciplasa.es\/reciplasa-ayudara-a-los-ayuntamientos-a-potenciar-la-economia-circular-y-la-sostenibilidad-en-la-gestion-de-los-residuos-de-la-forma-mas-eficiente-y-al-mejor-precio\/#primaryimage"},"image":{"@id":"https:\/\/www.reciplasa.es\/reciplasa-ayudara-a-los-ayuntamientos-a-potenciar-la-economia-circular-y-la-sostenibilidad-en-la-gestion-de-los-residuos-de-la-forma-mas-eficiente-y-al-mejor-precio\/#primaryimage"},"thumbnailUrl":"https:\/\/www.reciplasa.es\/wp-content\/uploads\/2024\/08\/RECIPLASA-VILLA-ELISA.jpeg","datePublished":"2024-08-02T15:51:15+00:00","author":{"@id":"https:\/\/www.reciplasa.es\/#\/schema\/person\/15191934c9f5618dadb907c80c029c0b"},"description":"Aprueba los criterios de un estudio para aplicar las mejores alternativas ante la entrada en vigor de cambios legislativos en 2025.","breadcrumb":{"@id":"https:\/\/www.reciplasa.es\/reciplasa-ayudara-a-los-ayuntamientos-a-potenciar-la-economia-circular-y-la-sostenibilidad-en-la-gestion-de-los-residuos-de-la-forma-mas-eficiente-y-al-mejor-precio\/#breadcrumb"},"inLanguage":"va-VA","potentialAction":[{"@type":"ReadAction","target":["https:\/\/www.reciplasa.es\/reciplasa-ayudara-a-los-ayuntamientos-a-potenciar-la-economia-circular-y-la-sostenibilidad-en-la-gestion-de-los-residuos-de-la-forma-mas-eficiente-y-al-mejor-precio\/"]}]},{"@type":"ImageObject","inLanguage":"va-VA","@id":"https:\/\/www.reciplasa.es\/reciplasa-ayudara-a-los-ayuntamientos-a-potenciar-la-economia-circular-y-la-sostenibilidad-en-la-gestion-de-los-residuos-de-la-forma-mas-eficiente-y-al-mejor-precio\/#primaryimage","url":"https:\/\/www.reciplasa.es\/wp-content\/uploads\/2024\/08\/RECIPLASA-VILLA-ELISA.jpeg","contentUrl":"https:\/\/www.reciplasa.es\/wp-content\/uploads\/2024\/08\/RECIPLASA-VILLA-ELISA.jpeg","width":1600,"height":1294,"caption":"Junta General y Consejo de Administraci\u00f3n en Villa Elisa Benic\u00e0ssim"},{"@type":"BreadcrumbList","@id":"https:\/\/www.reciplasa.es\/reciplasa-ayudara-a-los-ayuntamientos-a-potenciar-la-economia-circular-y-la-sostenibilidad-en-la-gestion-de-los-residuos-de-la-forma-mas-eficiente-y-al-mejor-precio\/#breadcrumb","itemListElement":[{"@type":"ListItem","position":1,"name":"Portada","item":"https:\/\/www.reciplasa.es\/va\/"},{"@type":"ListItem","position":2,"name":"Reciplasa ayudar\u00e1 a los Ayuntamientos a potenciar la econom\u00eda circular y la sostenibilidad en la gesti\u00f3n de los residuos de la forma m\u00e1s eficiente y al mejor precio"}]},{"@type":"WebSite","@id":"https:\/\/www.reciplasa.es\/#website","url":"https:\/\/www.reciplasa.es\/","name":"RECIPLASA","description":"Reciclats de Residus La Plana SA","potentialAction":[{"@type":"SearchAction","target":{"@type":"EntryPoint","urlTemplate":"https:\/\/www.reciplasa.es\/?s={search_term_string}"},"query-input":{"@type":"PropertyValueSpecification","valueRequired":true,"valueName":"search_term_string"}}],"inLanguage":"va-VA"},{"@type":"Person","@id":"https:\/\/www.reciplasa.es\/#\/schema\/person\/15191934c9f5618dadb907c80c029c0b","name":"Sandra","image":{"@type":"ImageObject","inLanguage":"va-VA","@id":"https:\/\/secure.gravatar.com\/avatar\/605ca84bedd79915b697a46887df8ccd0249fb6f2a1bbcd0bfc66c91d997ae51?s=96&d=mm&r=g","url":"https:\/\/secure.gravatar.com\/avatar\/605ca84bedd79915b697a46887df8ccd0249fb6f2a1bbcd0bfc66c91d997ae51?s=96&d=mm&r=g","contentUrl":"https:\/\/secure.gravatar.com\/avatar\/605ca84bedd79915b697a46887df8ccd0249fb6f2a1bbcd0bfc66c91d997ae51?s=96&d=mm&r=g","caption":"Sandra"},"url":"https:\/\/www.reciplasa.es\/va\/author\/sandra\/"}]}},"_links":{"self":[{"href":"https:\/\/www.reciplasa.es\/va\/wp-json\/wp\/v2\/posts\/16061","targetHints":{"allow":["GET"]}}],"collection":[{"href":"https:\/\/www.reciplasa.es\/va\/wp-json\/wp\/v2\/posts"}],"about":[{"href":"https:\/\/www.reciplasa.es\/va\/wp-json\/wp\/v2\/types\/post"}],"author":[{"embeddable":true,"href":"https:\/\/www.reciplasa.es\/va\/wp-json\/wp\/v2\/users\/13"}],"replies":[{"embeddable":true,"href":"https:\/\/www.reciplasa.es\/va\/wp-json\/wp\/v2\/comments?post=16061"}],"version-history":[{"count":1,"href":"https:\/\/www.reciplasa.es\/va\/wp-json\/wp\/v2\/posts\/16061\/revisions"}],"predecessor-version":[{"id":16063,"href":"https:\/\/www.reciplasa.es\/va\/wp-json\/wp\/v2\/posts\/16061\/revisions\/16063"}],"wp:featuredmedia":[{"embeddable":true,"href":"https:\/\/www.reciplasa.es\/va\/wp-json\/wp\/v2\/media\/16062"}],"wp:attachment":[{"href":"https:\/\/www.reciplasa.es\/va\/wp-json\/wp\/v2\/media?parent=16061"}],"wp:term":[{"taxonomy":"category","embeddable":true,"href":"https:\/\/www.reciplasa.es\/va\/wp-json\/wp\/v2\/categories?post=16061"},{"taxonomy":"post_tag","embeddable":true,"href":"https:\/\/www.reciplasa.es\/va\/wp-json\/wp\/v2\/tags?post=16061"}],"curies":[{"name":"wp","href":"https:\/\/api.w.org\/{rel}","templated":true}]}}