{"id":16077,"date":"2024-09-14T16:23:20","date_gmt":"2024-09-14T16:23:20","guid":{"rendered":"https:\/\/www.reciplasa.es\/?p=16077\/"},"modified":"2024-09-14T16:43:32","modified_gmt":"2024-09-14T16:43:32","slug":"reciplasa-participa-en-la-eubeachcleanup-a-borriana-per-a-conscienciar-sobre-la-neteja-de-platges","status":"publish","type":"post","link":"https:\/\/www.reciplasa.es\/va\/reciplasa-participa-en-la-eubeachcleanup-a-borriana-per-a-conscienciar-sobre-la-neteja-de-platges\/","title":{"rendered":"Reciplasa participa en la &#8216;EUBeachCleanUp&#8217; a Burriana per a conscienciar sobre la neteja de platges"},"content":{"rendered":"<div class=\"traductor-textarea form-group\">\n<div class=\"textarea-desti col-xs-12 col-sm-6\">\n<div class=\"form-control second-textarea\">\n<p><em>El conseller de Reciplasa i alcalde de Burriana, Jorge Monferrer, ha participat en la jornada de neteja de residus al costat d&#8217;altres membres del Govern municipal, al costat de practicants de surf, paddlesurf, Windsurf\u00a0 i voluntariat.<\/em><\/p>\n<p>Reciplasa, representada pel conseller Jorge Monferrer, ha participat hui al costat de l&#8217;Ajuntament de Burriana, a trav\u00e9s de la regidoria de Medi Ambient, i en col\u00b7laboraci\u00f3 amb Europe Direct Castell\u00f3\u00a0 en una jornada d&#8217;activitats planificades dins de la famosa iniciativa europea #EUBeachCleanup.<\/p>\n<p>Aquest esdeveniment t\u00e9 com a objectiu retirar pl\u00e0stics, burilles, i altres deixalles que afecten el nostre ecosistema costaner. A m\u00e9s de la neteja, s&#8217;han realitzat diverses activitats de conscienciaci\u00f3 per a educar sobre la import\u00e0ncia de reduir l&#8217;\u00fas de pl\u00e0stics i com cada xicoteta acci\u00f3 pot contribuir a un entorn m\u00e9s saludable i sostenible. Aquesta iniciativa fomenta entre la comunitat la preservaci\u00f3 de les nostres platges, assegurant que continuen sent un espai natural segur i net per a les generacions futures.<\/p>\n<p>La campanya #EUBeachCleanup, organitzada anualment per la Uni\u00f3 Europea en col\u00b7laboraci\u00f3 amb les Nacions Unides, t\u00e9 com a objectiu sensibilitzar a la poblaci\u00f3 sobre la import\u00e0ncia de la neteja de platges i riberes en el marc del Dia Internacional de Neteja de Platges, que se celebra el 20 de setembre. En 2023, la campanya #EUBeachCleanup\u00a0va comptar amb la participaci\u00f3 de 45,700 persones en 555 esdeveniments celebrats en 44 pa\u00efsos de tots els continents habitats. Aquestes neteges s\u00f3n fonamentals per a avan\u00e7ar en m\u00faltiples Objectius de Desenvolupament Sostenible (ODS)\u00a0de les Nacions Unides, abordant la degradaci\u00f3 ambiental, promovent un consum i una producci\u00f3 sostenibles, protegint la biodiversitat, millorant la salut p\u00fablica i fomentant el comprom\u00eds i la col\u00b7laboraci\u00f3 comunit\u00e0ria.<\/p>\n<\/div>\n<\/div>\n<\/div>\n<div class=\"traductor-checkbox form-group\">\n<div class=\"row\">\n<div class=\"col-sm-offset-2 col-sm-5\"><span id=\"traductor-neteja\" class=\"icon-inline\" data-trigger=\"manual\" data-placement=\"right\"><i class=\"fa fa-eraser\" aria-hidden=\"true\"><\/i>\u00a0Neteja<\/span><\/div>\n<div class=\"col-sm-5\"><\/div>\n<\/div>\n<\/div>\n","protected":false},"excerpt":{"rendered":"<p>El conseller de Reciplasa i alcalde de Burriana, Jorge Monferrer, ha participat en la jornada de neteja de residus al costat d&#8217;altres membres del Govern municipal, al costat de practicants de surf, paddlesurf, Windsurf\u00a0 i voluntariat. Reciplasa, representada pel conseller Jorge Monferrer, ha participat hui al costat de l&#8217;Ajuntament de Burriana, a trav\u00e9s de laDale que hay m\u00e1s &#8230;<\/p>\n","protected":false},"author":13,"featured_media":16075,"comment_status":"closed","ping_status":"closed","sticky":false,"template":"","format":"standard","meta":{"footnotes":""},"categories":[87],"tags":[],"class_list":["post-16077","post","type-post","status-publish","format-standard","has-post-thumbnail","hentry","category-noticies-corporatives"],"yoast_head":"<!-- This site is optimized with the Yoast SEO plugin v27.4 - https:\/\/yoast.com\/product\/yoast-seo-wordpress\/ -->\n<title>Reciplasa participa en la &#039;EUBeachCleanUp&#039; a Burriana per a conscienciar sobre la neteja de platges - RECIPLASA<\/title>\n<meta name=\"description\" content=\"Aquest esdeveniment t\u00e9 com a objectiu retirar pl\u00e0stics, burilles, i altres deixalles que afecten el nostre ecosistema costaner.\" \/>\n<meta name=\"robots\" content=\"index, follow, max-snippet:-1, max-image-preview:large, max-video-preview:-1\" \/>\n<link rel=\"canonical\" href=\"https:\/\/www.reciplasa.es\/reciplasa-participa-en-la-eubeachcleanup-en-burriana-para-concienciar-sobre-la-limpieza-de-playas\/\" \/>\n<meta property=\"og:locale\" content=\"en_US\" \/>\n<meta property=\"og:type\" content=\"article\" \/>\n<meta property=\"og:title\" content=\"Reciplasa participa en la &#039;EUBeachCleanUp&#039; a Burriana per a conscienciar sobre la neteja de platges - RECIPLASA\" \/>\n<meta property=\"og:description\" content=\"Aquest esdeveniment t\u00e9 com a objectiu retirar pl\u00e0stics, burilles, i altres deixalles que afecten el nostre ecosistema costaner.\" \/>\n<meta property=\"og:url\" content=\"https:\/\/www.reciplasa.es\/reciplasa-participa-en-la-eubeachcleanup-en-burriana-para-concienciar-sobre-la-limpieza-de-playas\/\" \/>\n<meta property=\"og:site_name\" content=\"RECIPLASA\" \/>\n<meta property=\"article:published_time\" content=\"2024-09-14T16:23:20+00:00\" \/>\n<meta property=\"article:modified_time\" content=\"2024-09-14T16:43:32+00:00\" \/>\n<meta property=\"og:image\" content=\"https:\/\/www.reciplasa.es\/wp-content\/uploads\/2024\/09\/WhatsApp-Image-2024-09-14-at-13.55.46.jpeg\" \/>\n\t<meta property=\"og:image:width\" content=\"1572\" \/>\n\t<meta property=\"og:image:height\" content=\"1080\" \/>\n\t<meta property=\"og:image:type\" content=\"image\/jpeg\" \/>\n<meta name=\"author\" content=\"Sandra\" \/>\n<meta name=\"twitter:card\" content=\"summary_large_image\" \/>\n<meta name=\"twitter:label1\" content=\"Written by\" \/>\n\t<meta name=\"twitter:data1\" content=\"Sandra\" \/>\n\t<meta name=\"twitter:label2\" content=\"Est. reading time\" \/>\n\t<meta name=\"twitter:data2\" content=\"2 minutes\" \/>\n<script type=\"application\/ld+json\" class=\"yoast-schema-graph\">{\"@context\":\"https:\\\/\\\/schema.org\",\"@graph\":[{\"@type\":\"Article\",\"@id\":\"https:\\\/\\\/www.reciplasa.es\\\/reciplasa-participa-en-la-eubeachcleanup-en-burriana-para-concienciar-sobre-la-limpieza-de-playas\\\/#article\",\"isPartOf\":{\"@id\":\"https:\\\/\\\/www.reciplasa.es\\\/reciplasa-participa-en-la-eubeachcleanup-en-burriana-para-concienciar-sobre-la-limpieza-de-playas\\\/\"},\"author\":{\"name\":\"Sandra\",\"@id\":\"https:\\\/\\\/www.reciplasa.es\\\/#\\\/schema\\\/person\\\/15191934c9f5618dadb907c80c029c0b\"},\"headline\":\"Reciplasa participa en la &#8216;EUBeachCleanUp&#8217; a Burriana per a conscienciar sobre la neteja de platges\",\"datePublished\":\"2024-09-14T16:23:20+00:00\",\"dateModified\":\"2024-09-14T16:43:32+00:00\",\"mainEntityOfPage\":{\"@id\":\"https:\\\/\\\/www.reciplasa.es\\\/reciplasa-participa-en-la-eubeachcleanup-en-burriana-para-concienciar-sobre-la-limpieza-de-playas\\\/\"},\"wordCount\":311,\"image\":{\"@id\":\"https:\\\/\\\/www.reciplasa.es\\\/reciplasa-participa-en-la-eubeachcleanup-en-burriana-para-concienciar-sobre-la-limpieza-de-playas\\\/#primaryimage\"},\"thumbnailUrl\":\"https:\\\/\\\/www.reciplasa.es\\\/wp-content\\\/uploads\\\/2024\\\/09\\\/WhatsApp-Image-2024-09-14-at-13.55.46.jpeg\",\"articleSection\":[\"Not\u00edcies corporatives\"],\"inLanguage\":\"va-VA\"},{\"@type\":\"WebPage\",\"@id\":\"https:\\\/\\\/www.reciplasa.es\\\/reciplasa-participa-en-la-eubeachcleanup-en-burriana-para-concienciar-sobre-la-limpieza-de-playas\\\/\",\"url\":\"https:\\\/\\\/www.reciplasa.es\\\/reciplasa-participa-en-la-eubeachcleanup-en-burriana-para-concienciar-sobre-la-limpieza-de-playas\\\/\",\"name\":\"Reciplasa participa en la 'EUBeachCleanUp' a Burriana per a conscienciar sobre la neteja de platges - RECIPLASA\",\"isPartOf\":{\"@id\":\"https:\\\/\\\/www.reciplasa.es\\\/#website\"},\"primaryImageOfPage\":{\"@id\":\"https:\\\/\\\/www.reciplasa.es\\\/reciplasa-participa-en-la-eubeachcleanup-en-burriana-para-concienciar-sobre-la-limpieza-de-playas\\\/#primaryimage\"},\"image\":{\"@id\":\"https:\\\/\\\/www.reciplasa.es\\\/reciplasa-participa-en-la-eubeachcleanup-en-burriana-para-concienciar-sobre-la-limpieza-de-playas\\\/#primaryimage\"},\"thumbnailUrl\":\"https:\\\/\\\/www.reciplasa.es\\\/wp-content\\\/uploads\\\/2024\\\/09\\\/WhatsApp-Image-2024-09-14-at-13.55.46.jpeg\",\"datePublished\":\"2024-09-14T16:23:20+00:00\",\"dateModified\":\"2024-09-14T16:43:32+00:00\",\"author\":{\"@id\":\"https:\\\/\\\/www.reciplasa.es\\\/#\\\/schema\\\/person\\\/15191934c9f5618dadb907c80c029c0b\"},\"description\":\"Aquest esdeveniment t\u00e9 com a objectiu retirar pl\u00e0stics, burilles, i altres deixalles que afecten el nostre ecosistema costaner.\",\"breadcrumb\":{\"@id\":\"https:\\\/\\\/www.reciplasa.es\\\/reciplasa-participa-en-la-eubeachcleanup-en-burriana-para-concienciar-sobre-la-limpieza-de-playas\\\/#breadcrumb\"},\"inLanguage\":\"va-VA\",\"potentialAction\":[{\"@type\":\"ReadAction\",\"target\":[\"https:\\\/\\\/www.reciplasa.es\\\/reciplasa-participa-en-la-eubeachcleanup-en-burriana-para-concienciar-sobre-la-limpieza-de-playas\\\/\"]}]},{\"@type\":\"ImageObject\",\"inLanguage\":\"va-VA\",\"@id\":\"https:\\\/\\\/www.reciplasa.es\\\/reciplasa-participa-en-la-eubeachcleanup-en-burriana-para-concienciar-sobre-la-limpieza-de-playas\\\/#primaryimage\",\"url\":\"https:\\\/\\\/www.reciplasa.es\\\/wp-content\\\/uploads\\\/2024\\\/09\\\/WhatsApp-Image-2024-09-14-at-13.55.46.jpeg\",\"contentUrl\":\"https:\\\/\\\/www.reciplasa.es\\\/wp-content\\\/uploads\\\/2024\\\/09\\\/WhatsApp-Image-2024-09-14-at-13.55.46.jpeg\",\"width\":1572,\"height\":1080},{\"@type\":\"BreadcrumbList\",\"@id\":\"https:\\\/\\\/www.reciplasa.es\\\/reciplasa-participa-en-la-eubeachcleanup-en-burriana-para-concienciar-sobre-la-limpieza-de-playas\\\/#breadcrumb\",\"itemListElement\":[{\"@type\":\"ListItem\",\"position\":1,\"name\":\"Portada\",\"item\":\"https:\\\/\\\/www.reciplasa.es\\\/va\\\/\"},{\"@type\":\"ListItem\",\"position\":2,\"name\":\"Reciplasa participa en la &#8216;EUBeachCleanUp&#8217; a Burriana per a conscienciar sobre la neteja de platges\"}]},{\"@type\":\"WebSite\",\"@id\":\"https:\\\/\\\/www.reciplasa.es\\\/#website\",\"url\":\"https:\\\/\\\/www.reciplasa.es\\\/\",\"name\":\"RECIPLASA\",\"description\":\"Reciclats de Residus La Plana SA\",\"potentialAction\":[{\"@type\":\"SearchAction\",\"target\":{\"@type\":\"EntryPoint\",\"urlTemplate\":\"https:\\\/\\\/www.reciplasa.es\\\/?s={search_term_string}\"},\"query-input\":{\"@type\":\"PropertyValueSpecification\",\"valueRequired\":true,\"valueName\":\"search_term_string\"}}],\"inLanguage\":\"va-VA\"},{\"@type\":\"Person\",\"@id\":\"https:\\\/\\\/www.reciplasa.es\\\/#\\\/schema\\\/person\\\/15191934c9f5618dadb907c80c029c0b\",\"name\":\"Sandra\",\"image\":{\"@type\":\"ImageObject\",\"inLanguage\":\"va-VA\",\"@id\":\"https:\\\/\\\/secure.gravatar.com\\\/avatar\\\/605ca84bedd79915b697a46887df8ccd0249fb6f2a1bbcd0bfc66c91d997ae51?s=96&d=mm&r=g\",\"url\":\"https:\\\/\\\/secure.gravatar.com\\\/avatar\\\/605ca84bedd79915b697a46887df8ccd0249fb6f2a1bbcd0bfc66c91d997ae51?s=96&d=mm&r=g\",\"contentUrl\":\"https:\\\/\\\/secure.gravatar.com\\\/avatar\\\/605ca84bedd79915b697a46887df8ccd0249fb6f2a1bbcd0bfc66c91d997ae51?s=96&d=mm&r=g\",\"caption\":\"Sandra\"},\"url\":\"https:\\\/\\\/www.reciplasa.es\\\/va\\\/author\\\/sandra\\\/\"}]}<\/script>\n<!-- \/ Yoast SEO plugin. -->","yoast_head_json":{"title":"Reciplasa participa en la 'EUBeachCleanUp' a Burriana per a conscienciar sobre la neteja de platges - RECIPLASA","description":"Aquest esdeveniment t\u00e9 com a objectiu retirar pl\u00e0stics, burilles, i altres deixalles que afecten el nostre ecosistema costaner.","robots":{"index":"index","follow":"follow","max-snippet":"max-snippet:-1","max-image-preview":"max-image-preview:large","max-video-preview":"max-video-preview:-1"},"canonical":"https:\/\/www.reciplasa.es\/reciplasa-participa-en-la-eubeachcleanup-en-burriana-para-concienciar-sobre-la-limpieza-de-playas\/","og_locale":"en_US","og_type":"article","og_title":"Reciplasa participa en la 'EUBeachCleanUp' a Burriana per a conscienciar sobre la neteja de platges - RECIPLASA","og_description":"Aquest esdeveniment t\u00e9 com a objectiu retirar pl\u00e0stics, burilles, i altres deixalles que afecten el nostre ecosistema costaner.","og_url":"https:\/\/www.reciplasa.es\/reciplasa-participa-en-la-eubeachcleanup-en-burriana-para-concienciar-sobre-la-limpieza-de-playas\/","og_site_name":"RECIPLASA","article_published_time":"2024-09-14T16:23:20+00:00","article_modified_time":"2024-09-14T16:43:32+00:00","og_image":[{"width":1572,"height":1080,"url":"https:\/\/www.reciplasa.es\/wp-content\/uploads\/2024\/09\/WhatsApp-Image-2024-09-14-at-13.55.46.jpeg","type":"image\/jpeg"}],"author":"Sandra","twitter_card":"summary_large_image","twitter_misc":{"Written by":"Sandra","Est. reading time":"2 minutes"},"schema":{"@context":"https:\/\/schema.org","@graph":[{"@type":"Article","@id":"https:\/\/www.reciplasa.es\/reciplasa-participa-en-la-eubeachcleanup-en-burriana-para-concienciar-sobre-la-limpieza-de-playas\/#article","isPartOf":{"@id":"https:\/\/www.reciplasa.es\/reciplasa-participa-en-la-eubeachcleanup-en-burriana-para-concienciar-sobre-la-limpieza-de-playas\/"},"author":{"name":"Sandra","@id":"https:\/\/www.reciplasa.es\/#\/schema\/person\/15191934c9f5618dadb907c80c029c0b"},"headline":"Reciplasa participa en la &#8216;EUBeachCleanUp&#8217; a Burriana per a conscienciar sobre la neteja de platges","datePublished":"2024-09-14T16:23:20+00:00","dateModified":"2024-09-14T16:43:32+00:00","mainEntityOfPage":{"@id":"https:\/\/www.reciplasa.es\/reciplasa-participa-en-la-eubeachcleanup-en-burriana-para-concienciar-sobre-la-limpieza-de-playas\/"},"wordCount":311,"image":{"@id":"https:\/\/www.reciplasa.es\/reciplasa-participa-en-la-eubeachcleanup-en-burriana-para-concienciar-sobre-la-limpieza-de-playas\/#primaryimage"},"thumbnailUrl":"https:\/\/www.reciplasa.es\/wp-content\/uploads\/2024\/09\/WhatsApp-Image-2024-09-14-at-13.55.46.jpeg","articleSection":["Not\u00edcies corporatives"],"inLanguage":"va-VA"},{"@type":"WebPage","@id":"https:\/\/www.reciplasa.es\/reciplasa-participa-en-la-eubeachcleanup-en-burriana-para-concienciar-sobre-la-limpieza-de-playas\/","url":"https:\/\/www.reciplasa.es\/reciplasa-participa-en-la-eubeachcleanup-en-burriana-para-concienciar-sobre-la-limpieza-de-playas\/","name":"Reciplasa participa en la 'EUBeachCleanUp' a Burriana per a conscienciar sobre la neteja de platges - RECIPLASA","isPartOf":{"@id":"https:\/\/www.reciplasa.es\/#website"},"primaryImageOfPage":{"@id":"https:\/\/www.reciplasa.es\/reciplasa-participa-en-la-eubeachcleanup-en-burriana-para-concienciar-sobre-la-limpieza-de-playas\/#primaryimage"},"image":{"@id":"https:\/\/www.reciplasa.es\/reciplasa-participa-en-la-eubeachcleanup-en-burriana-para-concienciar-sobre-la-limpieza-de-playas\/#primaryimage"},"thumbnailUrl":"https:\/\/www.reciplasa.es\/wp-content\/uploads\/2024\/09\/WhatsApp-Image-2024-09-14-at-13.55.46.jpeg","datePublished":"2024-09-14T16:23:20+00:00","dateModified":"2024-09-14T16:43:32+00:00","author":{"@id":"https:\/\/www.reciplasa.es\/#\/schema\/person\/15191934c9f5618dadb907c80c029c0b"},"description":"Aquest esdeveniment t\u00e9 com a objectiu retirar pl\u00e0stics, burilles, i altres deixalles que afecten el nostre ecosistema costaner.","breadcrumb":{"@id":"https:\/\/www.reciplasa.es\/reciplasa-participa-en-la-eubeachcleanup-en-burriana-para-concienciar-sobre-la-limpieza-de-playas\/#breadcrumb"},"inLanguage":"va-VA","potentialAction":[{"@type":"ReadAction","target":["https:\/\/www.reciplasa.es\/reciplasa-participa-en-la-eubeachcleanup-en-burriana-para-concienciar-sobre-la-limpieza-de-playas\/"]}]},{"@type":"ImageObject","inLanguage":"va-VA","@id":"https:\/\/www.reciplasa.es\/reciplasa-participa-en-la-eubeachcleanup-en-burriana-para-concienciar-sobre-la-limpieza-de-playas\/#primaryimage","url":"https:\/\/www.reciplasa.es\/wp-content\/uploads\/2024\/09\/WhatsApp-Image-2024-09-14-at-13.55.46.jpeg","contentUrl":"https:\/\/www.reciplasa.es\/wp-content\/uploads\/2024\/09\/WhatsApp-Image-2024-09-14-at-13.55.46.jpeg","width":1572,"height":1080},{"@type":"BreadcrumbList","@id":"https:\/\/www.reciplasa.es\/reciplasa-participa-en-la-eubeachcleanup-en-burriana-para-concienciar-sobre-la-limpieza-de-playas\/#breadcrumb","itemListElement":[{"@type":"ListItem","position":1,"name":"Portada","item":"https:\/\/www.reciplasa.es\/va\/"},{"@type":"ListItem","position":2,"name":"Reciplasa participa en la &#8216;EUBeachCleanUp&#8217; a Burriana per a conscienciar sobre la neteja de platges"}]},{"@type":"WebSite","@id":"https:\/\/www.reciplasa.es\/#website","url":"https:\/\/www.reciplasa.es\/","name":"RECIPLASA","description":"Reciclats de Residus La Plana SA","potentialAction":[{"@type":"SearchAction","target":{"@type":"EntryPoint","urlTemplate":"https:\/\/www.reciplasa.es\/?s={search_term_string}"},"query-input":{"@type":"PropertyValueSpecification","valueRequired":true,"valueName":"search_term_string"}}],"inLanguage":"va-VA"},{"@type":"Person","@id":"https:\/\/www.reciplasa.es\/#\/schema\/person\/15191934c9f5618dadb907c80c029c0b","name":"Sandra","image":{"@type":"ImageObject","inLanguage":"va-VA","@id":"https:\/\/secure.gravatar.com\/avatar\/605ca84bedd79915b697a46887df8ccd0249fb6f2a1bbcd0bfc66c91d997ae51?s=96&d=mm&r=g","url":"https:\/\/secure.gravatar.com\/avatar\/605ca84bedd79915b697a46887df8ccd0249fb6f2a1bbcd0bfc66c91d997ae51?s=96&d=mm&r=g","contentUrl":"https:\/\/secure.gravatar.com\/avatar\/605ca84bedd79915b697a46887df8ccd0249fb6f2a1bbcd0bfc66c91d997ae51?s=96&d=mm&r=g","caption":"Sandra"},"url":"https:\/\/www.reciplasa.es\/va\/author\/sandra\/"}]}},"_links":{"self":[{"href":"https:\/\/www.reciplasa.es\/va\/wp-json\/wp\/v2\/posts\/16077","targetHints":{"allow":["GET"]}}],"collection":[{"href":"https:\/\/www.reciplasa.es\/va\/wp-json\/wp\/v2\/posts"}],"about":[{"href":"https:\/\/www.reciplasa.es\/va\/wp-json\/wp\/v2\/types\/post"}],"author":[{"embeddable":true,"href":"https:\/\/www.reciplasa.es\/va\/wp-json\/wp\/v2\/users\/13"}],"replies":[{"embeddable":true,"href":"https:\/\/www.reciplasa.es\/va\/wp-json\/wp\/v2\/comments?post=16077"}],"version-history":[{"count":5,"href":"https:\/\/www.reciplasa.es\/va\/wp-json\/wp\/v2\/posts\/16077\/revisions"}],"predecessor-version":[{"id":16082,"href":"https:\/\/www.reciplasa.es\/va\/wp-json\/wp\/v2\/posts\/16077\/revisions\/16082"}],"wp:featuredmedia":[{"embeddable":true,"href":"https:\/\/www.reciplasa.es\/va\/wp-json\/wp\/v2\/media\/16075"}],"wp:attachment":[{"href":"https:\/\/www.reciplasa.es\/va\/wp-json\/wp\/v2\/media?parent=16077"}],"wp:term":[{"taxonomy":"category","embeddable":true,"href":"https:\/\/www.reciplasa.es\/va\/wp-json\/wp\/v2\/categories?post=16077"},{"taxonomy":"post_tag","embeddable":true,"href":"https:\/\/www.reciplasa.es\/va\/wp-json\/wp\/v2\/tags?post=16077"}],"curies":[{"name":"wp","href":"https:\/\/api.w.org\/{rel}","templated":true}]}}