{"id":16091,"date":"2024-09-27T10:34:07","date_gmt":"2024-09-27T10:34:07","guid":{"rendered":"https:\/\/www.reciplasa.es\/?p=16091\/"},"modified":"2024-09-27T10:34:07","modified_gmt":"2024-09-27T10:34:07","slug":"reciplasa-augmenta-un-222-fins-als-2-747-els-serveis-en-el-seu-ecoparc-mobil-en-els-sis-primers-mesos-de-lany","status":"publish","type":"post","link":"https:\/\/www.reciplasa.es\/va\/reciplasa-augmenta-un-222-fins-als-2-747-els-serveis-en-el-seu-ecoparc-mobil-en-els-sis-primers-mesos-de-lany\/","title":{"rendered":"Reciplasa augmenta un 22,2% fins als 2.747 els serveis en el seu ecoparc m\u00f2bil en els sis primers mesos de l&#8217;any"},"content":{"rendered":"<p><em>L&#8217;entitat lidera les facilitats perqu\u00e8 els ve\u00efns de diverses localitats puguen reciclar de forma m\u00e9s accessible diversos tipus de materials.<\/em><\/p>\n<p>&nbsp;<\/p>\n<p><strong>Castell\u00f3 (27-9-2024). \u2013 <\/strong>L&#8217;entitat p\u00fablica\u00a0Reciplasa\u00a0ha aconseguit la xifra de 2.747 serveis oferits del seu ecoparc m\u00f2bil entre els 45 municipis de la seua \u00e0rea d&#8217;influ\u00e8ncia en els quals presta aquest servei en els sis primers mesos de l&#8217;any. Cadascun d&#8217;aquests quasi 3.000 serveis han servit per a potenciar el reciclatge i l&#8217;\u00fas responsable dels residus, facilitant que els ve\u00efns ho hagen pogut fer de forma m\u00e9s senzilla. La xifra aporta una tend\u00e8ncia positiva, perqu\u00e8 \u00e9s el 22,2% superior a la del mateix per\u00edode de 2023.<\/p>\n<p>El president de\u00a0Reciplasa, Sergio Toledo, ha visitat l&#8217;ecoparc m\u00f2bil a Betx\u00ed, acompanyat de l&#8217;alcaldessa del municipi, Carla Nebot. All\u00ed, Toledo ha recordat que \u201cun dels grans objectius de\u00a0Reciplasa\u00a0\u00e9s el de liderar les facilitats en q\u00fcestions que, a vegades, poden ser m\u00e9s costoses per a algunes persones\u201d d&#8217;aqu\u00ed ve que l&#8217;ecoparc p\u00fablic arribe a 45 de les 46 localitats de la seua \u00e0rea d&#8217;influ\u00e8ncia (totes excepte la capital de la Plana): des de Cortes de Arenoso a\u00a0Villahermosa, passant per Benic\u00e0ssim, la Vall d&#8217;Alba, Benafigos, Xodos o Mont\u00e1n.<\/p>\n<p>L&#8217;ecoparc m\u00f2bil \u00e9s una instal\u00b7laci\u00f3 de recollida selectiva de residus, on els ciutadans dels nostres municipis poden depositar gratu\u00eftament aquells residus de xicoteta grand\u00e0ria el generats en els domicilis particulars, comer\u00e7os, oficines i serveis, aix\u00ed com tots aquells que no tinguen la qualificaci\u00f3 de perillosos i que per la seua naturalesa o composici\u00f3 puguen assimilar-se als produ\u00efts en els anteriors llocs o activitats. Exemples d&#8217;aquests residus especials de la llar: aparells inform\u00e0tics i electr\u00f2nics, oli mineral i vegetal, cristalls, radiografies, bateries, roba.<\/p>\n<p>En els sis primers mesos de l&#8217;any, mar\u00e7 lidera els serveis amb 718, seguit de juny amb 667, mentre que al febrer van ser 75, per exemple. Quant a municipis \u00e9s Betx\u00ed el que lidera, amb 465 ciutadans, l&#8217;\u00fas d&#8217;aquest servei, alguna cosa que des de la localitat la seua alcaldessa valora com \u201cuna cosa molt positiva. Els nostres ve\u00efns estan molt conscienciats de la import\u00e0ncia de la selecci\u00f3 dels residus, del seu reciclatge. La ubicaci\u00f3 de l&#8217;ecoparc, al costat del mercat, fa tamb\u00e9 que ens h\u00e0gem acostumat a reciclar cada dues setmanes eixos objectes i materials que utilitzem en les nostres llars i comer\u00e7os, una cosa molt \u00fatil i pr\u00e0ctic\u201d.<\/p>\n<p>Sergio Toledo ha especificat a m\u00e9s en la seua visita que \u201cl&#8217;ecoparc m\u00f2bil no \u00e9s un abocador ni un magatzem de residus sin\u00f3 una instal\u00b7laci\u00f3 integral de residus on una vegada emmagatzemats i classificats es traslladen a les seues corresponents empreses gestores autoritzades respectant tota la normativa legal i mediambiental vigent on seran descontaminats, reutilitzats o reciclats, de manera correcta, segons la seua naturalesa i composici\u00f3\u201d. Ha indicat a m\u00e9s la \u201cgran utilitat que t\u00e9, especialment en els municipis m\u00e9s xicotets que no compten amb ecoparc propi i que amb aquest servei es facilita molt\u00edssim la labor de reciclatge als ve\u00efns, que no han de despla\u00e7ar-se a prop\u00f2sit a municipis m\u00e9s grans de la nostra prov\u00edncia\u201d.<\/p>\n<p>&nbsp;<\/p>\n","protected":false},"excerpt":{"rendered":"<p>L&#8217;entitat lidera les facilitats perqu\u00e8 els ve\u00efns de diverses localitats puguen reciclar de forma m\u00e9s accessible diversos tipus de materials. &nbsp; Castell\u00f3 (27-9-2024). \u2013 L&#8217;entitat p\u00fablica\u00a0Reciplasa\u00a0ha aconseguit la xifra de 2.747 serveis oferits del seu ecoparc m\u00f2bil entre els 45 municipis de la seua \u00e0rea d&#8217;influ\u00e8ncia en els quals presta aquest servei en els sisDale que hay m\u00e1s &#8230;<\/p>\n","protected":false},"author":13,"featured_media":16089,"comment_status":"closed","ping_status":"closed","sticky":false,"template":"","format":"standard","meta":{"footnotes":""},"categories":[87],"tags":[],"class_list":["post-16091","post","type-post","status-publish","format-standard","has-post-thumbnail","hentry","category-noticies-corporatives"],"yoast_head":"<!-- This site is optimized with the Yoast SEO plugin v27.4 - https:\/\/yoast.com\/product\/yoast-seo-wordpress\/ -->\n<title>Reciplasa augmenta un 22,2% fins als 2.747 els serveis en el seu ecoparc m\u00f2bil en els sis primers mesos de l&#039;any - RECIPLASA<\/title>\n<meta name=\"description\" content=\"L&#039;entitat lidera les facilitats perqu\u00e8 els ve\u00efns de diverses localitats puguen reciclar de forma m\u00e9s accessible diversos tipus de materials.\" \/>\n<meta name=\"robots\" content=\"index, follow, max-snippet:-1, max-image-preview:large, max-video-preview:-1\" \/>\n<link rel=\"canonical\" href=\"https:\/\/www.reciplasa.es\/reciplasa-aumenta-un-222-hasta-los-2-747-los-servicios-en-su-ecoparque-movil-en-los-seis-primeros-meses-del-ano\/\" \/>\n<meta property=\"og:locale\" content=\"en_US\" \/>\n<meta property=\"og:type\" content=\"article\" \/>\n<meta property=\"og:title\" content=\"Reciplasa augmenta un 22,2% fins als 2.747 els serveis en el seu ecoparc m\u00f2bil en els sis primers mesos de l&#039;any - RECIPLASA\" \/>\n<meta property=\"og:description\" content=\"L&#039;entitat lidera les facilitats perqu\u00e8 els ve\u00efns de diverses localitats puguen reciclar de forma m\u00e9s accessible diversos tipus de materials.\" \/>\n<meta property=\"og:url\" content=\"https:\/\/www.reciplasa.es\/reciplasa-aumenta-un-222-hasta-los-2-747-los-servicios-en-su-ecoparque-movil-en-los-seis-primeros-meses-del-ano\/\" \/>\n<meta property=\"og:site_name\" content=\"RECIPLASA\" \/>\n<meta property=\"article:published_time\" content=\"2024-09-27T10:34:07+00:00\" \/>\n<meta property=\"og:image\" content=\"https:\/\/www.reciplasa.es\/wp-content\/uploads\/2024\/09\/2709-ECOPARQUE.jpeg\" \/>\n\t<meta property=\"og:image:width\" content=\"1600\" \/>\n\t<meta property=\"og:image:height\" content=\"1200\" \/>\n\t<meta property=\"og:image:type\" content=\"image\/jpeg\" \/>\n<meta name=\"author\" content=\"Sandra\" \/>\n<meta name=\"twitter:card\" content=\"summary_large_image\" \/>\n<meta name=\"twitter:label1\" content=\"Written by\" \/>\n\t<meta name=\"twitter:data1\" content=\"Sandra\" \/>\n\t<meta name=\"twitter:label2\" content=\"Est. reading time\" \/>\n\t<meta name=\"twitter:data2\" content=\"3 minutes\" \/>\n<script type=\"application\/ld+json\" class=\"yoast-schema-graph\">{\"@context\":\"https:\\\/\\\/schema.org\",\"@graph\":[{\"@type\":\"Article\",\"@id\":\"https:\\\/\\\/www.reciplasa.es\\\/reciplasa-aumenta-un-222-hasta-los-2-747-los-servicios-en-su-ecoparque-movil-en-los-seis-primeros-meses-del-ano\\\/#article\",\"isPartOf\":{\"@id\":\"https:\\\/\\\/www.reciplasa.es\\\/reciplasa-aumenta-un-222-hasta-los-2-747-los-servicios-en-su-ecoparque-movil-en-los-seis-primeros-meses-del-ano\\\/\"},\"author\":{\"name\":\"Sandra\",\"@id\":\"https:\\\/\\\/www.reciplasa.es\\\/#\\\/schema\\\/person\\\/15191934c9f5618dadb907c80c029c0b\"},\"headline\":\"Reciplasa augmenta un 22,2% fins als 2.747 els serveis en el seu ecoparc m\u00f2bil en els sis primers mesos de l&#8217;any\",\"datePublished\":\"2024-09-27T10:34:07+00:00\",\"mainEntityOfPage\":{\"@id\":\"https:\\\/\\\/www.reciplasa.es\\\/reciplasa-aumenta-un-222-hasta-los-2-747-los-servicios-en-su-ecoparque-movil-en-los-seis-primeros-meses-del-ano\\\/\"},\"wordCount\":577,\"image\":{\"@id\":\"https:\\\/\\\/www.reciplasa.es\\\/reciplasa-aumenta-un-222-hasta-los-2-747-los-servicios-en-su-ecoparque-movil-en-los-seis-primeros-meses-del-ano\\\/#primaryimage\"},\"thumbnailUrl\":\"https:\\\/\\\/www.reciplasa.es\\\/wp-content\\\/uploads\\\/2024\\\/09\\\/2709-ECOPARQUE.jpeg\",\"articleSection\":[\"Not\u00edcies corporatives\"],\"inLanguage\":\"va-VA\"},{\"@type\":\"WebPage\",\"@id\":\"https:\\\/\\\/www.reciplasa.es\\\/reciplasa-aumenta-un-222-hasta-los-2-747-los-servicios-en-su-ecoparque-movil-en-los-seis-primeros-meses-del-ano\\\/\",\"url\":\"https:\\\/\\\/www.reciplasa.es\\\/reciplasa-aumenta-un-222-hasta-los-2-747-los-servicios-en-su-ecoparque-movil-en-los-seis-primeros-meses-del-ano\\\/\",\"name\":\"Reciplasa augmenta un 22,2% fins als 2.747 els serveis en el seu ecoparc m\u00f2bil en els sis primers mesos de l'any - RECIPLASA\",\"isPartOf\":{\"@id\":\"https:\\\/\\\/www.reciplasa.es\\\/#website\"},\"primaryImageOfPage\":{\"@id\":\"https:\\\/\\\/www.reciplasa.es\\\/reciplasa-aumenta-un-222-hasta-los-2-747-los-servicios-en-su-ecoparque-movil-en-los-seis-primeros-meses-del-ano\\\/#primaryimage\"},\"image\":{\"@id\":\"https:\\\/\\\/www.reciplasa.es\\\/reciplasa-aumenta-un-222-hasta-los-2-747-los-servicios-en-su-ecoparque-movil-en-los-seis-primeros-meses-del-ano\\\/#primaryimage\"},\"thumbnailUrl\":\"https:\\\/\\\/www.reciplasa.es\\\/wp-content\\\/uploads\\\/2024\\\/09\\\/2709-ECOPARQUE.jpeg\",\"datePublished\":\"2024-09-27T10:34:07+00:00\",\"author\":{\"@id\":\"https:\\\/\\\/www.reciplasa.es\\\/#\\\/schema\\\/person\\\/15191934c9f5618dadb907c80c029c0b\"},\"description\":\"L'entitat lidera les facilitats perqu\u00e8 els ve\u00efns de diverses localitats puguen reciclar de forma m\u00e9s accessible diversos tipus de materials.\",\"breadcrumb\":{\"@id\":\"https:\\\/\\\/www.reciplasa.es\\\/reciplasa-aumenta-un-222-hasta-los-2-747-los-servicios-en-su-ecoparque-movil-en-los-seis-primeros-meses-del-ano\\\/#breadcrumb\"},\"inLanguage\":\"va-VA\",\"potentialAction\":[{\"@type\":\"ReadAction\",\"target\":[\"https:\\\/\\\/www.reciplasa.es\\\/reciplasa-aumenta-un-222-hasta-los-2-747-los-servicios-en-su-ecoparque-movil-en-los-seis-primeros-meses-del-ano\\\/\"]}]},{\"@type\":\"ImageObject\",\"inLanguage\":\"va-VA\",\"@id\":\"https:\\\/\\\/www.reciplasa.es\\\/reciplasa-aumenta-un-222-hasta-los-2-747-los-servicios-en-su-ecoparque-movil-en-los-seis-primeros-meses-del-ano\\\/#primaryimage\",\"url\":\"https:\\\/\\\/www.reciplasa.es\\\/wp-content\\\/uploads\\\/2024\\\/09\\\/2709-ECOPARQUE.jpeg\",\"contentUrl\":\"https:\\\/\\\/www.reciplasa.es\\\/wp-content\\\/uploads\\\/2024\\\/09\\\/2709-ECOPARQUE.jpeg\",\"width\":1600,\"height\":1200},{\"@type\":\"BreadcrumbList\",\"@id\":\"https:\\\/\\\/www.reciplasa.es\\\/reciplasa-aumenta-un-222-hasta-los-2-747-los-servicios-en-su-ecoparque-movil-en-los-seis-primeros-meses-del-ano\\\/#breadcrumb\",\"itemListElement\":[{\"@type\":\"ListItem\",\"position\":1,\"name\":\"Portada\",\"item\":\"https:\\\/\\\/www.reciplasa.es\\\/va\\\/\"},{\"@type\":\"ListItem\",\"position\":2,\"name\":\"Reciplasa augmenta un 22,2% fins als 2.747 els serveis en el seu ecoparc m\u00f2bil en els sis primers mesos de l&#8217;any\"}]},{\"@type\":\"WebSite\",\"@id\":\"https:\\\/\\\/www.reciplasa.es\\\/#website\",\"url\":\"https:\\\/\\\/www.reciplasa.es\\\/\",\"name\":\"RECIPLASA\",\"description\":\"Reciclats de Residus La Plana SA\",\"potentialAction\":[{\"@type\":\"SearchAction\",\"target\":{\"@type\":\"EntryPoint\",\"urlTemplate\":\"https:\\\/\\\/www.reciplasa.es\\\/?s={search_term_string}\"},\"query-input\":{\"@type\":\"PropertyValueSpecification\",\"valueRequired\":true,\"valueName\":\"search_term_string\"}}],\"inLanguage\":\"va-VA\"},{\"@type\":\"Person\",\"@id\":\"https:\\\/\\\/www.reciplasa.es\\\/#\\\/schema\\\/person\\\/15191934c9f5618dadb907c80c029c0b\",\"name\":\"Sandra\",\"image\":{\"@type\":\"ImageObject\",\"inLanguage\":\"va-VA\",\"@id\":\"https:\\\/\\\/secure.gravatar.com\\\/avatar\\\/605ca84bedd79915b697a46887df8ccd0249fb6f2a1bbcd0bfc66c91d997ae51?s=96&d=mm&r=g\",\"url\":\"https:\\\/\\\/secure.gravatar.com\\\/avatar\\\/605ca84bedd79915b697a46887df8ccd0249fb6f2a1bbcd0bfc66c91d997ae51?s=96&d=mm&r=g\",\"contentUrl\":\"https:\\\/\\\/secure.gravatar.com\\\/avatar\\\/605ca84bedd79915b697a46887df8ccd0249fb6f2a1bbcd0bfc66c91d997ae51?s=96&d=mm&r=g\",\"caption\":\"Sandra\"},\"url\":\"https:\\\/\\\/www.reciplasa.es\\\/va\\\/author\\\/sandra\\\/\"}]}<\/script>\n<!-- \/ Yoast SEO plugin. -->","yoast_head_json":{"title":"Reciplasa augmenta un 22,2% fins als 2.747 els serveis en el seu ecoparc m\u00f2bil en els sis primers mesos de l'any - RECIPLASA","description":"L'entitat lidera les facilitats perqu\u00e8 els ve\u00efns de diverses localitats puguen reciclar de forma m\u00e9s accessible diversos tipus de materials.","robots":{"index":"index","follow":"follow","max-snippet":"max-snippet:-1","max-image-preview":"max-image-preview:large","max-video-preview":"max-video-preview:-1"},"canonical":"https:\/\/www.reciplasa.es\/reciplasa-aumenta-un-222-hasta-los-2-747-los-servicios-en-su-ecoparque-movil-en-los-seis-primeros-meses-del-ano\/","og_locale":"en_US","og_type":"article","og_title":"Reciplasa augmenta un 22,2% fins als 2.747 els serveis en el seu ecoparc m\u00f2bil en els sis primers mesos de l'any - RECIPLASA","og_description":"L'entitat lidera les facilitats perqu\u00e8 els ve\u00efns de diverses localitats puguen reciclar de forma m\u00e9s accessible diversos tipus de materials.","og_url":"https:\/\/www.reciplasa.es\/reciplasa-aumenta-un-222-hasta-los-2-747-los-servicios-en-su-ecoparque-movil-en-los-seis-primeros-meses-del-ano\/","og_site_name":"RECIPLASA","article_published_time":"2024-09-27T10:34:07+00:00","og_image":[{"width":1600,"height":1200,"url":"https:\/\/www.reciplasa.es\/wp-content\/uploads\/2024\/09\/2709-ECOPARQUE.jpeg","type":"image\/jpeg"}],"author":"Sandra","twitter_card":"summary_large_image","twitter_misc":{"Written by":"Sandra","Est. reading time":"3 minutes"},"schema":{"@context":"https:\/\/schema.org","@graph":[{"@type":"Article","@id":"https:\/\/www.reciplasa.es\/reciplasa-aumenta-un-222-hasta-los-2-747-los-servicios-en-su-ecoparque-movil-en-los-seis-primeros-meses-del-ano\/#article","isPartOf":{"@id":"https:\/\/www.reciplasa.es\/reciplasa-aumenta-un-222-hasta-los-2-747-los-servicios-en-su-ecoparque-movil-en-los-seis-primeros-meses-del-ano\/"},"author":{"name":"Sandra","@id":"https:\/\/www.reciplasa.es\/#\/schema\/person\/15191934c9f5618dadb907c80c029c0b"},"headline":"Reciplasa augmenta un 22,2% fins als 2.747 els serveis en el seu ecoparc m\u00f2bil en els sis primers mesos de l&#8217;any","datePublished":"2024-09-27T10:34:07+00:00","mainEntityOfPage":{"@id":"https:\/\/www.reciplasa.es\/reciplasa-aumenta-un-222-hasta-los-2-747-los-servicios-en-su-ecoparque-movil-en-los-seis-primeros-meses-del-ano\/"},"wordCount":577,"image":{"@id":"https:\/\/www.reciplasa.es\/reciplasa-aumenta-un-222-hasta-los-2-747-los-servicios-en-su-ecoparque-movil-en-los-seis-primeros-meses-del-ano\/#primaryimage"},"thumbnailUrl":"https:\/\/www.reciplasa.es\/wp-content\/uploads\/2024\/09\/2709-ECOPARQUE.jpeg","articleSection":["Not\u00edcies corporatives"],"inLanguage":"va-VA"},{"@type":"WebPage","@id":"https:\/\/www.reciplasa.es\/reciplasa-aumenta-un-222-hasta-los-2-747-los-servicios-en-su-ecoparque-movil-en-los-seis-primeros-meses-del-ano\/","url":"https:\/\/www.reciplasa.es\/reciplasa-aumenta-un-222-hasta-los-2-747-los-servicios-en-su-ecoparque-movil-en-los-seis-primeros-meses-del-ano\/","name":"Reciplasa augmenta un 22,2% fins als 2.747 els serveis en el seu ecoparc m\u00f2bil en els sis primers mesos de l'any - RECIPLASA","isPartOf":{"@id":"https:\/\/www.reciplasa.es\/#website"},"primaryImageOfPage":{"@id":"https:\/\/www.reciplasa.es\/reciplasa-aumenta-un-222-hasta-los-2-747-los-servicios-en-su-ecoparque-movil-en-los-seis-primeros-meses-del-ano\/#primaryimage"},"image":{"@id":"https:\/\/www.reciplasa.es\/reciplasa-aumenta-un-222-hasta-los-2-747-los-servicios-en-su-ecoparque-movil-en-los-seis-primeros-meses-del-ano\/#primaryimage"},"thumbnailUrl":"https:\/\/www.reciplasa.es\/wp-content\/uploads\/2024\/09\/2709-ECOPARQUE.jpeg","datePublished":"2024-09-27T10:34:07+00:00","author":{"@id":"https:\/\/www.reciplasa.es\/#\/schema\/person\/15191934c9f5618dadb907c80c029c0b"},"description":"L'entitat lidera les facilitats perqu\u00e8 els ve\u00efns de diverses localitats puguen reciclar de forma m\u00e9s accessible diversos tipus de materials.","breadcrumb":{"@id":"https:\/\/www.reciplasa.es\/reciplasa-aumenta-un-222-hasta-los-2-747-los-servicios-en-su-ecoparque-movil-en-los-seis-primeros-meses-del-ano\/#breadcrumb"},"inLanguage":"va-VA","potentialAction":[{"@type":"ReadAction","target":["https:\/\/www.reciplasa.es\/reciplasa-aumenta-un-222-hasta-los-2-747-los-servicios-en-su-ecoparque-movil-en-los-seis-primeros-meses-del-ano\/"]}]},{"@type":"ImageObject","inLanguage":"va-VA","@id":"https:\/\/www.reciplasa.es\/reciplasa-aumenta-un-222-hasta-los-2-747-los-servicios-en-su-ecoparque-movil-en-los-seis-primeros-meses-del-ano\/#primaryimage","url":"https:\/\/www.reciplasa.es\/wp-content\/uploads\/2024\/09\/2709-ECOPARQUE.jpeg","contentUrl":"https:\/\/www.reciplasa.es\/wp-content\/uploads\/2024\/09\/2709-ECOPARQUE.jpeg","width":1600,"height":1200},{"@type":"BreadcrumbList","@id":"https:\/\/www.reciplasa.es\/reciplasa-aumenta-un-222-hasta-los-2-747-los-servicios-en-su-ecoparque-movil-en-los-seis-primeros-meses-del-ano\/#breadcrumb","itemListElement":[{"@type":"ListItem","position":1,"name":"Portada","item":"https:\/\/www.reciplasa.es\/va\/"},{"@type":"ListItem","position":2,"name":"Reciplasa augmenta un 22,2% fins als 2.747 els serveis en el seu ecoparc m\u00f2bil en els sis primers mesos de l&#8217;any"}]},{"@type":"WebSite","@id":"https:\/\/www.reciplasa.es\/#website","url":"https:\/\/www.reciplasa.es\/","name":"RECIPLASA","description":"Reciclats de Residus La Plana SA","potentialAction":[{"@type":"SearchAction","target":{"@type":"EntryPoint","urlTemplate":"https:\/\/www.reciplasa.es\/?s={search_term_string}"},"query-input":{"@type":"PropertyValueSpecification","valueRequired":true,"valueName":"search_term_string"}}],"inLanguage":"va-VA"},{"@type":"Person","@id":"https:\/\/www.reciplasa.es\/#\/schema\/person\/15191934c9f5618dadb907c80c029c0b","name":"Sandra","image":{"@type":"ImageObject","inLanguage":"va-VA","@id":"https:\/\/secure.gravatar.com\/avatar\/605ca84bedd79915b697a46887df8ccd0249fb6f2a1bbcd0bfc66c91d997ae51?s=96&d=mm&r=g","url":"https:\/\/secure.gravatar.com\/avatar\/605ca84bedd79915b697a46887df8ccd0249fb6f2a1bbcd0bfc66c91d997ae51?s=96&d=mm&r=g","contentUrl":"https:\/\/secure.gravatar.com\/avatar\/605ca84bedd79915b697a46887df8ccd0249fb6f2a1bbcd0bfc66c91d997ae51?s=96&d=mm&r=g","caption":"Sandra"},"url":"https:\/\/www.reciplasa.es\/va\/author\/sandra\/"}]}},"_links":{"self":[{"href":"https:\/\/www.reciplasa.es\/va\/wp-json\/wp\/v2\/posts\/16091","targetHints":{"allow":["GET"]}}],"collection":[{"href":"https:\/\/www.reciplasa.es\/va\/wp-json\/wp\/v2\/posts"}],"about":[{"href":"https:\/\/www.reciplasa.es\/va\/wp-json\/wp\/v2\/types\/post"}],"author":[{"embeddable":true,"href":"https:\/\/www.reciplasa.es\/va\/wp-json\/wp\/v2\/users\/13"}],"replies":[{"embeddable":true,"href":"https:\/\/www.reciplasa.es\/va\/wp-json\/wp\/v2\/comments?post=16091"}],"version-history":[{"count":1,"href":"https:\/\/www.reciplasa.es\/va\/wp-json\/wp\/v2\/posts\/16091\/revisions"}],"predecessor-version":[{"id":16092,"href":"https:\/\/www.reciplasa.es\/va\/wp-json\/wp\/v2\/posts\/16091\/revisions\/16092"}],"wp:featuredmedia":[{"embeddable":true,"href":"https:\/\/www.reciplasa.es\/va\/wp-json\/wp\/v2\/media\/16089"}],"wp:attachment":[{"href":"https:\/\/www.reciplasa.es\/va\/wp-json\/wp\/v2\/media?parent=16091"}],"wp:term":[{"taxonomy":"category","embeddable":true,"href":"https:\/\/www.reciplasa.es\/va\/wp-json\/wp\/v2\/categories?post=16091"},{"taxonomy":"post_tag","embeddable":true,"href":"https:\/\/www.reciplasa.es\/va\/wp-json\/wp\/v2\/tags?post=16091"}],"curies":[{"name":"wp","href":"https:\/\/api.w.org\/{rel}","templated":true}]}}