{"id":16378,"date":"2024-10-10T12:06:27","date_gmt":"2024-10-10T12:06:27","guid":{"rendered":"https:\/\/www.reciplasa.es\/?p=16378\/"},"modified":"2024-10-10T12:09:35","modified_gmt":"2024-10-10T12:09:35","slug":"reciplasa-fara-de-castello-lepicentre-nacional-de-les-empreses-del-medi-ambient-amb-les-xxxi-jornades-anepma-2","status":"publish","type":"post","link":"https:\/\/www.reciplasa.es\/va\/reciplasa-fara-de-castello-lepicentre-nacional-de-les-empreses-del-medi-ambient-amb-les-xxxi-jornades-anepma-2\/","title":{"rendered":"Reciplasa&nbsp;far\u00e0 de Castell\u00f3 l&#8217;epicentre nacional de les empreses del medi ambient amb les XXXI Jornades ANEPMA"},"content":{"rendered":"\n<p><em><br>L&#8217;entitat, que enguany compleix el seu 30 aniversari, ser\u00e0 l&#8217;amfitriona del major f\u00f2rum t\u00e8cnic del sector que per primera vegada se celebrar\u00e0 en la Comunitat Valenciana, amb m\u00e9s de 500 assistents, els dies 22, 23 i 24 d&#8217;octubre.<\/em><\/p>\n\n\n\n<p><strong>Castell\u00f3 (10-10-2024). \u2013 <\/strong>L&#8217;entitat p\u00fablica&nbsp;Reciplasa, que enguany commemora el seu 30 aniversari, ser\u00e0 l&#8217;amfitriona de les XXXI Jornades T\u00e8cniques de l&#8217;Associaci\u00f3 d&#8217;Empreses P\u00fabliques de Medi Ambient (ANEPMA)&nbsp;que se celebrar\u00e0 al Palau de la&nbsp;Festa&nbsp;de Castell\u00f3 els dies 22, 23 i 24 d&#8217;octubre. El president de&nbsp;Reciplasa, Sergio Toledo, ha presentat hui el congr\u00e9s a l&#8217;Ajuntament de Castell\u00f3, al costat de l&#8217;alcaldessa de la ciutat, Bego\u00f1a Carrasco, i el president de&nbsp;ANEPMA, Jes\u00fas&nbsp;Diz. Ser\u00e0 la primera vegada que el que \u00e9s considerat el f\u00f2rum t\u00e8cnic m\u00e9s important d&#8217;Espanya en el sector se celebre en la Comunitat Valenciana.<\/p>\n\n\n\n<p><br><br>\u201cPortem les Jornades&nbsp;ANEPMA&nbsp;per primera vegada a la Comunitat Valenciana. I aix\u00f2 vol dir que portem el f\u00f2rum t\u00e8cnic mediambiental m\u00e9s important del nostre pa\u00eds: 500 persones especialitzades que aprendran i exposar en les seues pon\u00e8ncies els avan\u00e7os t\u00e8cnics m\u00e9s importants del sector, amb temes tan interessants com la introducci\u00f3 de la intel\u00b7lig\u00e8ncia artificial per a una major efici\u00e8ncia, o la transici\u00f3 energ\u00e8tica\u201d, ha indicat Toledo.<\/p>\n\n\n\n<p><br><br>L&#8217;esdeveniment suposar\u00e0 una important repercussi\u00f3 econ\u00f2mica per a la ciutat de Castell\u00f3, ja que a m\u00e9s de la programaci\u00f3 t\u00e8cnica, l&#8217;organitzaci\u00f3 ha previst una variada oferta complement\u00e0ria d&#8217;activitats que portaran als assistents a con\u00e9ixer millor la ciutat a trav\u00e9s de la seua gastronomia, activitats esportives i tur\u00edstiques. L&#8217;alcaldessa de Castell\u00f3, Bego\u00f1a Carrasco, ha explicat que \u201cper a Castell\u00f3 \u00e9s una molt bona not\u00edcia. Ens convertirem, per primera vegada a la Comunitat Valenciana, en la capital espanyola de les empreses p\u00fabliques de medi ambient. Una trobada d&#8217;aquestes caracter\u00edstiques t\u00e9 a m\u00e9s un important impacte econ\u00f2mic a la nostra ciutat, una ciutat ideal per a acollir aquest tipus d&#8217;esdeveniments\u201d.<\/p>\n\n\n\n<p><br><br>Cal tindre en compte que a m\u00e9s dels congressistes, les jornades compten amb una important part expositiva en la qual les empreses especialitzades mostren les seues innovacions tecnol\u00f2giques. Tal com ha assenyalat el president de&nbsp;ANEPMA, Jes\u00fas&nbsp;Diz, \u201cANEPMA&nbsp;est\u00e0 integrada per 51 empreses associades que presten cobertura a m\u00e9s de 1.200 municipis de 13 Comunitats Aut\u00f2nomes, atesa una poblaci\u00f3 de m\u00e9s d&#8217;11 milions de ciutadans. Estem molt satisfets amb els preparatius a Castell\u00f3, i les jornades t\u00e8cniques seran molt interessants, perqu\u00e8 professionals molt qualificats vindran a tractar temes de gran inter\u00e9s per al sector\u201c.<\/p>\n\n\n\n<p><br><br>El f\u00f2rum t\u00e8cnic m\u00e9s important d&#8217;empreses p\u00fabliques de medi ambient<br>Les Jornades t\u00e8cniques&nbsp;ANEPMA&nbsp;s\u00f3n el f\u00f2rum t\u00e8cnic de major rellev\u00e0ncia que se celebra a Espanya. Aix\u00ed, en el transcurs de les Jornades s&#8217;abordaran els seg\u00fcents blocs tem\u00e0tics:<\/p>\n\n\n\n<p><br><strong><br>1r.&nbsp;SCRAPs. Posicionament de les Comunitats Aut\u00f2nomes davant el proc\u00e9s negociador. Possibles Sancions per Incompliment.<\/strong><\/p>\n\n\n\n<p><strong><br><br>2n. Municipis Tur\u00edstics<\/strong><\/p>\n\n\n\n<p><strong><br><br>3r. Intel\u00b7lig\u00e8ncia Artificial en el sector Mig Ambiental.<\/strong><\/p>\n\n\n\n<p><strong><br><br>4t. Transici\u00f3 Energ\u00e8tica en la Gesti\u00f3 dels Serveis de Neteja i Recollida de Residus.<br><br>5\u00e9. Comunicaci\u00f3<\/strong><\/p>\n\n\n\n<p><strong><br><br>6\u00e9. Alternatives en el Tractament de Residus per al compliment d&#8217;Objectius.<\/strong><\/p>\n\n\n\n<p><strong><br><br>7\u00e9. Formaci\u00f3<\/strong><\/p>\n\n\n\n<p><br>Cal assenyalar que les empreses participants organitzaran a m\u00e9s exhibicions i se celebraran dos concursos: la setena edici\u00f3 del Desafiament de Conducci\u00f3 Eficient i Maniobrabilitat amb Vehicles Recol\u00b7lectors de Residus \u201cOptiwaste\u201d&nbsp;i la primera edici\u00f3 del \u2018Sweeper&nbsp;Talent\u2019. Tamb\u00e9 activitats com l&#8217;exhibici\u00f3 d&#8217;escombradores els dies 22 i 23, i el lliurament de la tretzena edici\u00f3 dels Premis \u201cManuel Baena Lozano\u201d, que concedeix&nbsp;ANEPMA.<br><br>Tots els detalls de la programaci\u00f3 i el desenvolupament de les Jornades pot consultar-se en <a href=\"http:\/\/www.jornadasanepma.com\">www.jornadasanepma.com<\/a>.<\/p>\n\n\n\n<p><br><br><strong>Commemoraci\u00f3 dels 30 anys de&nbsp;Reciplasa<\/strong><\/p>\n\n\n\n<p><br>La celebraci\u00f3 de les XXXI Jornades T\u00e8cniques&nbsp;ANEPMA&nbsp;amb&nbsp;Reciplasa&nbsp;com a amfitriona coincideixen aquest 2024 amb la commemoraci\u00f3 del 30 aniversari de l&#8217;entitat p\u00fablica encarregada del tractament i gesti\u00f3 dels residus urbans de la zona centre de la prov\u00edncia de Castell\u00f3.<\/p>\n\n\n\n<p><br>\u201cDurant els nostres 30 anys d&#8217;exist\u00e8ncia hem treballat i molt per la millor gesti\u00f3 dels residus, sempre de la m\u00e0 de l&#8217;evoluci\u00f3 de la nostra societat. I en eixe cam\u00ed de modernitzaci\u00f3 seguim, perqu\u00e8 cada dia les m\u00e9s de 400 tones d&#8217;escombraries di\u00e0ries que rebem en les nostres instal\u00b7lacions siguen millor seleccionades, amb un tractament m\u00e9s eficient i respectu\u00f3s amb la nostra benvolguda prov\u00edncia de Castell\u00f3\u201d, ha explicat el president, Sergio Toledo.<\/p>\n\n\n\n<p><br>Un treball dimensionat per les \u00faltimes xifres disponibles: el mes de setembre passat,&nbsp;Reciplasa&nbsp;va tractar Tones tractades al setembre: 12.817 tones de residus. \u00c9s a dir,&nbsp;Reciplasa&nbsp;va rebre i va tractar cada dia durant el mes de setembre 431 tones. En el que portem d&#8217;any s\u00f3n 114.051 tones.<\/p>\n","protected":false},"excerpt":{"rendered":"<p>L&#8217;entitat, que enguany compleix el seu 30 aniversari, ser\u00e0 l&#8217;amfitriona del major f\u00f2rum t\u00e8cnic del sector que per primera vegada se celebrar\u00e0 en la Comunitat Valenciana, amb m\u00e9s de 500 assistents, els dies 22, 23 i 24 d&#8217;octubre. Castell\u00f3 (10-10-2024). \u2013 L&#8217;entitat p\u00fablica&nbsp;Reciplasa, que enguany commemora el seu 30 aniversari, ser\u00e0 l&#8217;amfitriona de les XXXIDale que hay m\u00e1s &#8230;<\/p>\n","protected":false},"author":13,"featured_media":16372,"comment_status":"closed","ping_status":"closed","sticky":false,"template":"","format":"standard","meta":{"footnotes":""},"categories":[3],"tags":[],"class_list":["post-16378","post","type-post","status-publish","format-standard","has-post-thumbnail","hentry","category-noticias-corporativas"],"yoast_head":"<!-- This site is optimized with the Yoast SEO plugin v27.4 - https:\/\/yoast.com\/product\/yoast-seo-wordpress\/ -->\n<title>Reciplasa&nbsp;far\u00e0 de Castell\u00f3 l&#039;epicentre nacional de les empreses del medi ambient amb les XXXI Jornades ANEPMA - RECIPLASA<\/title>\n<meta name=\"description\" content=\"L&#039;entitat, que enguany compleix el seu 30 aniversari, ser\u00e0 l&#039;amfitriona del major f\u00f2rum t\u00e8cnic del sector que per primera vegada se celebrar\u00e0 en la Comunitat Valenciana, amb m\u00e9s de 500 assistents, els dies 22, 23 i 24 d&#039;octubre.\" \/>\n<meta name=\"robots\" content=\"index, follow, max-snippet:-1, max-image-preview:large, max-video-preview:-1\" \/>\n<link rel=\"canonical\" href=\"https:\/\/www.reciplasa.es\/va\/reciplasa-fara-de-castello-lepicentre-nacional-de-les-empreses-del-medi-ambient-amb-les-xxxi-jornades-anepma-2\/\" \/>\n<meta property=\"og:locale\" content=\"en_US\" \/>\n<meta property=\"og:type\" content=\"article\" \/>\n<meta property=\"og:title\" content=\"Reciplasa&nbsp;far\u00e0 de Castell\u00f3 l&#039;epicentre nacional de les empreses del medi ambient amb les XXXI Jornades ANEPMA - RECIPLASA\" \/>\n<meta property=\"og:description\" content=\"L&#039;entitat, que enguany compleix el seu 30 aniversari, ser\u00e0 l&#039;amfitriona del major f\u00f2rum t\u00e8cnic del sector que per primera vegada se celebrar\u00e0 en la Comunitat Valenciana, amb m\u00e9s de 500 assistents, els dies 22, 23 i 24 d&#039;octubre.\" \/>\n<meta property=\"og:url\" content=\"https:\/\/www.reciplasa.es\/va\/reciplasa-fara-de-castello-lepicentre-nacional-de-les-empreses-del-medi-ambient-amb-les-xxxi-jornades-anepma-2\/\" \/>\n<meta property=\"og:site_name\" content=\"RECIPLASA\" \/>\n<meta property=\"article:published_time\" content=\"2024-10-10T12:06:27+00:00\" \/>\n<meta property=\"article:modified_time\" content=\"2024-10-10T12:09:35+00:00\" \/>\n<meta property=\"og:image\" content=\"https:\/\/www.reciplasa.es\/wp-content\/uploads\/2024\/10\/1010-JORNADAS-ANEPMA.jpeg\" \/>\n\t<meta property=\"og:image:width\" content=\"2048\" \/>\n\t<meta property=\"og:image:height\" content=\"1536\" \/>\n\t<meta property=\"og:image:type\" content=\"image\/jpeg\" \/>\n<meta name=\"author\" content=\"Sandra\" \/>\n<meta name=\"twitter:card\" content=\"summary_large_image\" \/>\n<meta name=\"twitter:label1\" content=\"Written by\" \/>\n\t<meta name=\"twitter:data1\" content=\"Sandra\" \/>\n\t<meta name=\"twitter:label2\" content=\"Est. reading time\" \/>\n\t<meta name=\"twitter:data2\" content=\"4 minutes\" \/>\n<script type=\"application\/ld+json\" class=\"yoast-schema-graph\">{\"@context\":\"https:\\\/\\\/schema.org\",\"@graph\":[{\"@type\":\"Article\",\"@id\":\"https:\\\/\\\/www.reciplasa.es\\\/va\\\/reciplasa-fara-de-castello-lepicentre-nacional-de-les-empreses-del-medi-ambient-amb-les-xxxi-jornades-anepma-2\\\/#article\",\"isPartOf\":{\"@id\":\"https:\\\/\\\/www.reciplasa.es\\\/va\\\/reciplasa-fara-de-castello-lepicentre-nacional-de-les-empreses-del-medi-ambient-amb-les-xxxi-jornades-anepma-2\\\/\"},\"author\":{\"name\":\"Sandra\",\"@id\":\"https:\\\/\\\/www.reciplasa.es\\\/#\\\/schema\\\/person\\\/15191934c9f5618dadb907c80c029c0b\"},\"headline\":\"Reciplasa&nbsp;far\u00e0 de Castell\u00f3 l&#8217;epicentre nacional de les empreses del medi ambient amb les XXXI Jornades ANEPMA\",\"datePublished\":\"2024-10-10T12:06:27+00:00\",\"dateModified\":\"2024-10-10T12:09:35+00:00\",\"mainEntityOfPage\":{\"@id\":\"https:\\\/\\\/www.reciplasa.es\\\/va\\\/reciplasa-fara-de-castello-lepicentre-nacional-de-les-empreses-del-medi-ambient-amb-les-xxxi-jornades-anepma-2\\\/\"},\"wordCount\":872,\"image\":{\"@id\":\"https:\\\/\\\/www.reciplasa.es\\\/va\\\/reciplasa-fara-de-castello-lepicentre-nacional-de-les-empreses-del-medi-ambient-amb-les-xxxi-jornades-anepma-2\\\/#primaryimage\"},\"thumbnailUrl\":\"https:\\\/\\\/www.reciplasa.es\\\/wp-content\\\/uploads\\\/2024\\\/10\\\/1010-JORNADAS-ANEPMA.jpeg\",\"articleSection\":[\"Noticias corporativas\"],\"inLanguage\":\"va-VA\"},{\"@type\":\"WebPage\",\"@id\":\"https:\\\/\\\/www.reciplasa.es\\\/va\\\/reciplasa-fara-de-castello-lepicentre-nacional-de-les-empreses-del-medi-ambient-amb-les-xxxi-jornades-anepma-2\\\/\",\"url\":\"https:\\\/\\\/www.reciplasa.es\\\/va\\\/reciplasa-fara-de-castello-lepicentre-nacional-de-les-empreses-del-medi-ambient-amb-les-xxxi-jornades-anepma-2\\\/\",\"name\":\"Reciplasa&nbsp;far\u00e0 de Castell\u00f3 l'epicentre nacional de les empreses del medi ambient amb les XXXI Jornades ANEPMA - RECIPLASA\",\"isPartOf\":{\"@id\":\"https:\\\/\\\/www.reciplasa.es\\\/#website\"},\"primaryImageOfPage\":{\"@id\":\"https:\\\/\\\/www.reciplasa.es\\\/va\\\/reciplasa-fara-de-castello-lepicentre-nacional-de-les-empreses-del-medi-ambient-amb-les-xxxi-jornades-anepma-2\\\/#primaryimage\"},\"image\":{\"@id\":\"https:\\\/\\\/www.reciplasa.es\\\/va\\\/reciplasa-fara-de-castello-lepicentre-nacional-de-les-empreses-del-medi-ambient-amb-les-xxxi-jornades-anepma-2\\\/#primaryimage\"},\"thumbnailUrl\":\"https:\\\/\\\/www.reciplasa.es\\\/wp-content\\\/uploads\\\/2024\\\/10\\\/1010-JORNADAS-ANEPMA.jpeg\",\"datePublished\":\"2024-10-10T12:06:27+00:00\",\"dateModified\":\"2024-10-10T12:09:35+00:00\",\"author\":{\"@id\":\"https:\\\/\\\/www.reciplasa.es\\\/#\\\/schema\\\/person\\\/15191934c9f5618dadb907c80c029c0b\"},\"description\":\"L'entitat, que enguany compleix el seu 30 aniversari, ser\u00e0 l'amfitriona del major f\u00f2rum t\u00e8cnic del sector que per primera vegada se celebrar\u00e0 en la Comunitat Valenciana, amb m\u00e9s de 500 assistents, els dies 22, 23 i 24 d'octubre.\",\"breadcrumb\":{\"@id\":\"https:\\\/\\\/www.reciplasa.es\\\/va\\\/reciplasa-fara-de-castello-lepicentre-nacional-de-les-empreses-del-medi-ambient-amb-les-xxxi-jornades-anepma-2\\\/#breadcrumb\"},\"inLanguage\":\"va-VA\",\"potentialAction\":[{\"@type\":\"ReadAction\",\"target\":[\"https:\\\/\\\/www.reciplasa.es\\\/va\\\/reciplasa-fara-de-castello-lepicentre-nacional-de-les-empreses-del-medi-ambient-amb-les-xxxi-jornades-anepma-2\\\/\"]}]},{\"@type\":\"ImageObject\",\"inLanguage\":\"va-VA\",\"@id\":\"https:\\\/\\\/www.reciplasa.es\\\/va\\\/reciplasa-fara-de-castello-lepicentre-nacional-de-les-empreses-del-medi-ambient-amb-les-xxxi-jornades-anepma-2\\\/#primaryimage\",\"url\":\"https:\\\/\\\/www.reciplasa.es\\\/wp-content\\\/uploads\\\/2024\\\/10\\\/1010-JORNADAS-ANEPMA.jpeg\",\"contentUrl\":\"https:\\\/\\\/www.reciplasa.es\\\/wp-content\\\/uploads\\\/2024\\\/10\\\/1010-JORNADAS-ANEPMA.jpeg\",\"width\":2048,\"height\":1536},{\"@type\":\"BreadcrumbList\",\"@id\":\"https:\\\/\\\/www.reciplasa.es\\\/va\\\/reciplasa-fara-de-castello-lepicentre-nacional-de-les-empreses-del-medi-ambient-amb-les-xxxi-jornades-anepma-2\\\/#breadcrumb\",\"itemListElement\":[{\"@type\":\"ListItem\",\"position\":1,\"name\":\"Portada\",\"item\":\"https:\\\/\\\/www.reciplasa.es\\\/va\\\/\"},{\"@type\":\"ListItem\",\"position\":2,\"name\":\"Reciplasa&nbsp;far\u00e0 de Castell\u00f3 l&#8217;epicentre nacional de les empreses del medi ambient amb les XXXI Jornades ANEPMA\"}]},{\"@type\":\"WebSite\",\"@id\":\"https:\\\/\\\/www.reciplasa.es\\\/#website\",\"url\":\"https:\\\/\\\/www.reciplasa.es\\\/\",\"name\":\"RECIPLASA\",\"description\":\"Reciclats de Residus La Plana SA\",\"potentialAction\":[{\"@type\":\"SearchAction\",\"target\":{\"@type\":\"EntryPoint\",\"urlTemplate\":\"https:\\\/\\\/www.reciplasa.es\\\/?s={search_term_string}\"},\"query-input\":{\"@type\":\"PropertyValueSpecification\",\"valueRequired\":true,\"valueName\":\"search_term_string\"}}],\"inLanguage\":\"va-VA\"},{\"@type\":\"Person\",\"@id\":\"https:\\\/\\\/www.reciplasa.es\\\/#\\\/schema\\\/person\\\/15191934c9f5618dadb907c80c029c0b\",\"name\":\"Sandra\",\"image\":{\"@type\":\"ImageObject\",\"inLanguage\":\"va-VA\",\"@id\":\"https:\\\/\\\/secure.gravatar.com\\\/avatar\\\/605ca84bedd79915b697a46887df8ccd0249fb6f2a1bbcd0bfc66c91d997ae51?s=96&d=mm&r=g\",\"url\":\"https:\\\/\\\/secure.gravatar.com\\\/avatar\\\/605ca84bedd79915b697a46887df8ccd0249fb6f2a1bbcd0bfc66c91d997ae51?s=96&d=mm&r=g\",\"contentUrl\":\"https:\\\/\\\/secure.gravatar.com\\\/avatar\\\/605ca84bedd79915b697a46887df8ccd0249fb6f2a1bbcd0bfc66c91d997ae51?s=96&d=mm&r=g\",\"caption\":\"Sandra\"},\"url\":\"https:\\\/\\\/www.reciplasa.es\\\/va\\\/author\\\/sandra\\\/\"}]}<\/script>\n<!-- \/ Yoast SEO plugin. -->","yoast_head_json":{"title":"Reciplasa&nbsp;far\u00e0 de Castell\u00f3 l'epicentre nacional de les empreses del medi ambient amb les XXXI Jornades ANEPMA - RECIPLASA","description":"L'entitat, que enguany compleix el seu 30 aniversari, ser\u00e0 l'amfitriona del major f\u00f2rum t\u00e8cnic del sector que per primera vegada se celebrar\u00e0 en la Comunitat Valenciana, amb m\u00e9s de 500 assistents, els dies 22, 23 i 24 d'octubre.","robots":{"index":"index","follow":"follow","max-snippet":"max-snippet:-1","max-image-preview":"max-image-preview:large","max-video-preview":"max-video-preview:-1"},"canonical":"https:\/\/www.reciplasa.es\/va\/reciplasa-fara-de-castello-lepicentre-nacional-de-les-empreses-del-medi-ambient-amb-les-xxxi-jornades-anepma-2\/","og_locale":"en_US","og_type":"article","og_title":"Reciplasa&nbsp;far\u00e0 de Castell\u00f3 l'epicentre nacional de les empreses del medi ambient amb les XXXI Jornades ANEPMA - RECIPLASA","og_description":"L'entitat, que enguany compleix el seu 30 aniversari, ser\u00e0 l'amfitriona del major f\u00f2rum t\u00e8cnic del sector que per primera vegada se celebrar\u00e0 en la Comunitat Valenciana, amb m\u00e9s de 500 assistents, els dies 22, 23 i 24 d'octubre.","og_url":"https:\/\/www.reciplasa.es\/va\/reciplasa-fara-de-castello-lepicentre-nacional-de-les-empreses-del-medi-ambient-amb-les-xxxi-jornades-anepma-2\/","og_site_name":"RECIPLASA","article_published_time":"2024-10-10T12:06:27+00:00","article_modified_time":"2024-10-10T12:09:35+00:00","og_image":[{"width":2048,"height":1536,"url":"https:\/\/www.reciplasa.es\/wp-content\/uploads\/2024\/10\/1010-JORNADAS-ANEPMA.jpeg","type":"image\/jpeg"}],"author":"Sandra","twitter_card":"summary_large_image","twitter_misc":{"Written by":"Sandra","Est. reading time":"4 minutes"},"schema":{"@context":"https:\/\/schema.org","@graph":[{"@type":"Article","@id":"https:\/\/www.reciplasa.es\/va\/reciplasa-fara-de-castello-lepicentre-nacional-de-les-empreses-del-medi-ambient-amb-les-xxxi-jornades-anepma-2\/#article","isPartOf":{"@id":"https:\/\/www.reciplasa.es\/va\/reciplasa-fara-de-castello-lepicentre-nacional-de-les-empreses-del-medi-ambient-amb-les-xxxi-jornades-anepma-2\/"},"author":{"name":"Sandra","@id":"https:\/\/www.reciplasa.es\/#\/schema\/person\/15191934c9f5618dadb907c80c029c0b"},"headline":"Reciplasa&nbsp;far\u00e0 de Castell\u00f3 l&#8217;epicentre nacional de les empreses del medi ambient amb les XXXI Jornades ANEPMA","datePublished":"2024-10-10T12:06:27+00:00","dateModified":"2024-10-10T12:09:35+00:00","mainEntityOfPage":{"@id":"https:\/\/www.reciplasa.es\/va\/reciplasa-fara-de-castello-lepicentre-nacional-de-les-empreses-del-medi-ambient-amb-les-xxxi-jornades-anepma-2\/"},"wordCount":872,"image":{"@id":"https:\/\/www.reciplasa.es\/va\/reciplasa-fara-de-castello-lepicentre-nacional-de-les-empreses-del-medi-ambient-amb-les-xxxi-jornades-anepma-2\/#primaryimage"},"thumbnailUrl":"https:\/\/www.reciplasa.es\/wp-content\/uploads\/2024\/10\/1010-JORNADAS-ANEPMA.jpeg","articleSection":["Noticias corporativas"],"inLanguage":"va-VA"},{"@type":"WebPage","@id":"https:\/\/www.reciplasa.es\/va\/reciplasa-fara-de-castello-lepicentre-nacional-de-les-empreses-del-medi-ambient-amb-les-xxxi-jornades-anepma-2\/","url":"https:\/\/www.reciplasa.es\/va\/reciplasa-fara-de-castello-lepicentre-nacional-de-les-empreses-del-medi-ambient-amb-les-xxxi-jornades-anepma-2\/","name":"Reciplasa&nbsp;far\u00e0 de Castell\u00f3 l'epicentre nacional de les empreses del medi ambient amb les XXXI Jornades ANEPMA - RECIPLASA","isPartOf":{"@id":"https:\/\/www.reciplasa.es\/#website"},"primaryImageOfPage":{"@id":"https:\/\/www.reciplasa.es\/va\/reciplasa-fara-de-castello-lepicentre-nacional-de-les-empreses-del-medi-ambient-amb-les-xxxi-jornades-anepma-2\/#primaryimage"},"image":{"@id":"https:\/\/www.reciplasa.es\/va\/reciplasa-fara-de-castello-lepicentre-nacional-de-les-empreses-del-medi-ambient-amb-les-xxxi-jornades-anepma-2\/#primaryimage"},"thumbnailUrl":"https:\/\/www.reciplasa.es\/wp-content\/uploads\/2024\/10\/1010-JORNADAS-ANEPMA.jpeg","datePublished":"2024-10-10T12:06:27+00:00","dateModified":"2024-10-10T12:09:35+00:00","author":{"@id":"https:\/\/www.reciplasa.es\/#\/schema\/person\/15191934c9f5618dadb907c80c029c0b"},"description":"L'entitat, que enguany compleix el seu 30 aniversari, ser\u00e0 l'amfitriona del major f\u00f2rum t\u00e8cnic del sector que per primera vegada se celebrar\u00e0 en la Comunitat Valenciana, amb m\u00e9s de 500 assistents, els dies 22, 23 i 24 d'octubre.","breadcrumb":{"@id":"https:\/\/www.reciplasa.es\/va\/reciplasa-fara-de-castello-lepicentre-nacional-de-les-empreses-del-medi-ambient-amb-les-xxxi-jornades-anepma-2\/#breadcrumb"},"inLanguage":"va-VA","potentialAction":[{"@type":"ReadAction","target":["https:\/\/www.reciplasa.es\/va\/reciplasa-fara-de-castello-lepicentre-nacional-de-les-empreses-del-medi-ambient-amb-les-xxxi-jornades-anepma-2\/"]}]},{"@type":"ImageObject","inLanguage":"va-VA","@id":"https:\/\/www.reciplasa.es\/va\/reciplasa-fara-de-castello-lepicentre-nacional-de-les-empreses-del-medi-ambient-amb-les-xxxi-jornades-anepma-2\/#primaryimage","url":"https:\/\/www.reciplasa.es\/wp-content\/uploads\/2024\/10\/1010-JORNADAS-ANEPMA.jpeg","contentUrl":"https:\/\/www.reciplasa.es\/wp-content\/uploads\/2024\/10\/1010-JORNADAS-ANEPMA.jpeg","width":2048,"height":1536},{"@type":"BreadcrumbList","@id":"https:\/\/www.reciplasa.es\/va\/reciplasa-fara-de-castello-lepicentre-nacional-de-les-empreses-del-medi-ambient-amb-les-xxxi-jornades-anepma-2\/#breadcrumb","itemListElement":[{"@type":"ListItem","position":1,"name":"Portada","item":"https:\/\/www.reciplasa.es\/va\/"},{"@type":"ListItem","position":2,"name":"Reciplasa&nbsp;far\u00e0 de Castell\u00f3 l&#8217;epicentre nacional de les empreses del medi ambient amb les XXXI Jornades ANEPMA"}]},{"@type":"WebSite","@id":"https:\/\/www.reciplasa.es\/#website","url":"https:\/\/www.reciplasa.es\/","name":"RECIPLASA","description":"Reciclats de Residus La Plana SA","potentialAction":[{"@type":"SearchAction","target":{"@type":"EntryPoint","urlTemplate":"https:\/\/www.reciplasa.es\/?s={search_term_string}"},"query-input":{"@type":"PropertyValueSpecification","valueRequired":true,"valueName":"search_term_string"}}],"inLanguage":"va-VA"},{"@type":"Person","@id":"https:\/\/www.reciplasa.es\/#\/schema\/person\/15191934c9f5618dadb907c80c029c0b","name":"Sandra","image":{"@type":"ImageObject","inLanguage":"va-VA","@id":"https:\/\/secure.gravatar.com\/avatar\/605ca84bedd79915b697a46887df8ccd0249fb6f2a1bbcd0bfc66c91d997ae51?s=96&d=mm&r=g","url":"https:\/\/secure.gravatar.com\/avatar\/605ca84bedd79915b697a46887df8ccd0249fb6f2a1bbcd0bfc66c91d997ae51?s=96&d=mm&r=g","contentUrl":"https:\/\/secure.gravatar.com\/avatar\/605ca84bedd79915b697a46887df8ccd0249fb6f2a1bbcd0bfc66c91d997ae51?s=96&d=mm&r=g","caption":"Sandra"},"url":"https:\/\/www.reciplasa.es\/va\/author\/sandra\/"}]}},"_links":{"self":[{"href":"https:\/\/www.reciplasa.es\/va\/wp-json\/wp\/v2\/posts\/16378","targetHints":{"allow":["GET"]}}],"collection":[{"href":"https:\/\/www.reciplasa.es\/va\/wp-json\/wp\/v2\/posts"}],"about":[{"href":"https:\/\/www.reciplasa.es\/va\/wp-json\/wp\/v2\/types\/post"}],"author":[{"embeddable":true,"href":"https:\/\/www.reciplasa.es\/va\/wp-json\/wp\/v2\/users\/13"}],"replies":[{"embeddable":true,"href":"https:\/\/www.reciplasa.es\/va\/wp-json\/wp\/v2\/comments?post=16378"}],"version-history":[{"count":1,"href":"https:\/\/www.reciplasa.es\/va\/wp-json\/wp\/v2\/posts\/16378\/revisions"}],"predecessor-version":[{"id":16379,"href":"https:\/\/www.reciplasa.es\/va\/wp-json\/wp\/v2\/posts\/16378\/revisions\/16379"}],"wp:featuredmedia":[{"embeddable":true,"href":"https:\/\/www.reciplasa.es\/va\/wp-json\/wp\/v2\/media\/16372"}],"wp:attachment":[{"href":"https:\/\/www.reciplasa.es\/va\/wp-json\/wp\/v2\/media?parent=16378"}],"wp:term":[{"taxonomy":"category","embeddable":true,"href":"https:\/\/www.reciplasa.es\/va\/wp-json\/wp\/v2\/categories?post=16378"},{"taxonomy":"post_tag","embeddable":true,"href":"https:\/\/www.reciplasa.es\/va\/wp-json\/wp\/v2\/tags?post=16378"}],"curies":[{"name":"wp","href":"https:\/\/api.w.org\/{rel}","templated":true}]}}