{"id":16383,"date":"2024-10-11T12:24:36","date_gmt":"2024-10-11T12:24:36","guid":{"rendered":"https:\/\/www.reciplasa.es\/?p=16383\/"},"modified":"2024-10-11T12:24:38","modified_gmt":"2024-10-11T12:24:38","slug":"reciplasa-i-onda-suneixen-per-a-fomentar-la-sostenibilitat-en-la-fira-donda-amb-gots-reutilitzables","status":"publish","type":"post","link":"https:\/\/www.reciplasa.es\/va\/reciplasa-i-onda-suneixen-per-a-fomentar-la-sostenibilitat-en-la-fira-donda-amb-gots-reutilitzables\/","title":{"rendered":"Reciplasa i Onda s&#8217;uneixen per a fomentar la sostenibilitat en la Fira d\u2019Onda amb gots reutilitzables"},"content":{"rendered":"\n<p><em>La iniciativa cerca reduir l&#8217;\u00fas de pl\u00e0stics i promoure unes festes m\u00e9s ecol\u00f2gique<\/em>s<\/p>\n\n\n\n<p>Onda. 11 d&#8217;octubre de 2024.- L&#8217;Ajuntament d&#8217;Onda, en col\u00b7laboraci\u00f3 amb&nbsp;Reciplasa, ha llan\u00e7at una iniciativa per a repartir gots reutilitzables durant la&nbsp;Fira&nbsp;d\u2019Onda, amb l&#8217;objectiu de promoure pr\u00e0ctiques sostenibles i reduir l&#8217;\u00fas de pl\u00e0stics d&#8217;un sol \u00fas. Aquests gots, que es distribuiran a penyes, associacions i a les fondes Taverna del&nbsp;Tord&nbsp;i Soc de&nbsp;Fira, compten amb diferents colors i porten la frase \u201cOnda&nbsp;\u00e9s&nbsp;com&nbsp;la teua,&nbsp;vol&nbsp;estar neta i&nbsp;bonica\u201d.<\/p>\n\n\n\n<p>El regidor de Festes i Tradicions, Sergio Puig, de la m\u00e0 del president de&nbsp;Reciplasa, Sergio Toledo, ha presentat aquesta iniciativa sostenible, destacant la import\u00e0ncia de l&#8217;acci\u00f3: \u201cAmb aquesta iniciativa, vam mostrar el nostre comprom\u00eds per una Onda m\u00e9s neta, alineant-nos amb els valors de sostenibilitat de&nbsp;Reciplasa\u201d. \u201cCada xicotet gest compta, i volem que nostra&nbsp;Fira&nbsp;siga un exemple de cura pel medi ambient\u201d, ha afegit.<\/p>\n\n\n\n<p>Per part seua, Toledo ha assenyalat: \u201cDes de&nbsp;Reciplasa, volem fomentar una major consci\u00e8ncia ambiental i oferir solucions pr\u00e0ctiques que ajuden a reduir residus\u201d. \u201cAquesta iniciativa \u00e9s un pas important cap a unes festes m\u00e9s sostenibles i esperem que es convertisca en una tradici\u00f3 en la&nbsp;Fira&nbsp;d\u2019Onda\u201d, ha afegit.<\/p>\n\n\n\n<p>Aquesta col\u00b7laboraci\u00f3 entre l&#8217;Ajuntament i&nbsp;Reciplasa&nbsp;no sols busca conscienciar sobre la import\u00e0ncia de cuidar l&#8217;entorn, sin\u00f3 tamb\u00e9 oferir una alternativa pr\u00e0ctica i atractiva per als assistents a la&nbsp;Fira&nbsp;d\u2019Onda.<\/p>\n","protected":false},"excerpt":{"rendered":"<p>La iniciativa cerca reduir l&#8217;\u00fas de pl\u00e0stics i promoure unes festes m\u00e9s ecol\u00f2giques Onda. 11 d&#8217;octubre de 2024.- L&#8217;Ajuntament d&#8217;Onda, en col\u00b7laboraci\u00f3 amb&nbsp;Reciplasa, ha llan\u00e7at una iniciativa per a repartir gots reutilitzables durant la&nbsp;Fira&nbsp;d\u2019Onda, amb l&#8217;objectiu de promoure pr\u00e0ctiques sostenibles i reduir l&#8217;\u00fas de pl\u00e0stics d&#8217;un sol \u00fas. Aquests gots, que es distribuiran a penyes,Dale que hay m\u00e1s &#8230;<\/p>\n","protected":false},"author":13,"featured_media":16381,"comment_status":"closed","ping_status":"closed","sticky":false,"template":"","format":"standard","meta":{"footnotes":""},"categories":[3],"tags":[],"class_list":["post-16383","post","type-post","status-publish","format-standard","has-post-thumbnail","hentry","category-noticias-corporativas"],"yoast_head":"<!-- This site is optimized with the Yoast SEO plugin v27.4 - https:\/\/yoast.com\/product\/yoast-seo-wordpress\/ -->\n<title>Reciplasa i Onda s&#039;uneixen per a fomentar la sostenibilitat en la Fira d\u2019Onda amb gots reutilitzables - RECIPLASA<\/title>\n<meta name=\"robots\" content=\"index, follow, max-snippet:-1, max-image-preview:large, max-video-preview:-1\" \/>\n<link rel=\"canonical\" href=\"https:\/\/www.reciplasa.es\/va\/reciplasa-i-onda-suneixen-per-a-fomentar-la-sostenibilitat-en-la-fira-donda-amb-gots-reutilitzables\/\" \/>\n<meta property=\"og:locale\" content=\"en_US\" \/>\n<meta property=\"og:type\" content=\"article\" \/>\n<meta property=\"og:title\" content=\"Reciplasa i Onda s&#039;uneixen per a fomentar la sostenibilitat en la Fira d\u2019Onda amb gots reutilitzables - RECIPLASA\" \/>\n<meta property=\"og:description\" content=\"La iniciativa cerca reduir l&#8217;\u00fas de pl\u00e0stics i promoure unes festes m\u00e9s ecol\u00f2giques Onda. 11 d&#8217;octubre de 2024.- L&#8217;Ajuntament d&#8217;Onda, en col\u00b7laboraci\u00f3 amb&nbsp;Reciplasa, ha llan\u00e7at una iniciativa per a repartir gots reutilitzables durant la&nbsp;Fira&nbsp;d\u2019Onda, amb l&#8217;objectiu de promoure pr\u00e0ctiques sostenibles i reduir l&#8217;\u00fas de pl\u00e0stics d&#8217;un sol \u00fas. Aquests gots, que es distribuiran a penyes,Dale que hay m\u00e1s ...\" \/>\n<meta property=\"og:url\" content=\"https:\/\/www.reciplasa.es\/va\/reciplasa-i-onda-suneixen-per-a-fomentar-la-sostenibilitat-en-la-fira-donda-amb-gots-reutilitzables\/\" \/>\n<meta property=\"og:site_name\" content=\"RECIPLASA\" \/>\n<meta property=\"article:published_time\" content=\"2024-10-11T12:24:36+00:00\" \/>\n<meta property=\"article:modified_time\" content=\"2024-10-11T12:24:38+00:00\" \/>\n<meta property=\"og:image\" content=\"https:\/\/www.reciplasa.es\/wp-content\/uploads\/2024\/10\/Reciclaje-vasos-Fira-dOnda.jpg\" \/>\n\t<meta property=\"og:image:width\" content=\"2560\" \/>\n\t<meta property=\"og:image:height\" content=\"1433\" \/>\n\t<meta property=\"og:image:type\" content=\"image\/jpeg\" \/>\n<meta name=\"author\" content=\"Sandra\" \/>\n<meta name=\"twitter:card\" content=\"summary_large_image\" \/>\n<meta name=\"twitter:label1\" content=\"Written by\" \/>\n\t<meta name=\"twitter:data1\" content=\"Sandra\" \/>\n\t<meta name=\"twitter:label2\" content=\"Est. reading time\" \/>\n\t<meta name=\"twitter:data2\" content=\"1 minute\" \/>\n<script type=\"application\/ld+json\" class=\"yoast-schema-graph\">{\"@context\":\"https:\\\/\\\/schema.org\",\"@graph\":[{\"@type\":\"Article\",\"@id\":\"https:\\\/\\\/www.reciplasa.es\\\/va\\\/reciplasa-i-onda-suneixen-per-a-fomentar-la-sostenibilitat-en-la-fira-donda-amb-gots-reutilitzables\\\/#article\",\"isPartOf\":{\"@id\":\"https:\\\/\\\/www.reciplasa.es\\\/va\\\/reciplasa-i-onda-suneixen-per-a-fomentar-la-sostenibilitat-en-la-fira-donda-amb-gots-reutilitzables\\\/\"},\"author\":{\"name\":\"Sandra\",\"@id\":\"https:\\\/\\\/www.reciplasa.es\\\/#\\\/schema\\\/person\\\/15191934c9f5618dadb907c80c029c0b\"},\"headline\":\"Reciplasa i Onda s&#8217;uneixen per a fomentar la sostenibilitat en la Fira d\u2019Onda amb gots reutilitzables\",\"datePublished\":\"2024-10-11T12:24:36+00:00\",\"dateModified\":\"2024-10-11T12:24:38+00:00\",\"mainEntityOfPage\":{\"@id\":\"https:\\\/\\\/www.reciplasa.es\\\/va\\\/reciplasa-i-onda-suneixen-per-a-fomentar-la-sostenibilitat-en-la-fira-donda-amb-gots-reutilitzables\\\/\"},\"wordCount\":305,\"image\":{\"@id\":\"https:\\\/\\\/www.reciplasa.es\\\/va\\\/reciplasa-i-onda-suneixen-per-a-fomentar-la-sostenibilitat-en-la-fira-donda-amb-gots-reutilitzables\\\/#primaryimage\"},\"thumbnailUrl\":\"https:\\\/\\\/www.reciplasa.es\\\/wp-content\\\/uploads\\\/2024\\\/10\\\/Reciclaje-vasos-Fira-dOnda.jpg\",\"articleSection\":[\"Noticias corporativas\"],\"inLanguage\":\"va-VA\"},{\"@type\":\"WebPage\",\"@id\":\"https:\\\/\\\/www.reciplasa.es\\\/va\\\/reciplasa-i-onda-suneixen-per-a-fomentar-la-sostenibilitat-en-la-fira-donda-amb-gots-reutilitzables\\\/\",\"url\":\"https:\\\/\\\/www.reciplasa.es\\\/va\\\/reciplasa-i-onda-suneixen-per-a-fomentar-la-sostenibilitat-en-la-fira-donda-amb-gots-reutilitzables\\\/\",\"name\":\"Reciplasa i Onda s'uneixen per a fomentar la sostenibilitat en la Fira d\u2019Onda amb gots reutilitzables - RECIPLASA\",\"isPartOf\":{\"@id\":\"https:\\\/\\\/www.reciplasa.es\\\/#website\"},\"primaryImageOfPage\":{\"@id\":\"https:\\\/\\\/www.reciplasa.es\\\/va\\\/reciplasa-i-onda-suneixen-per-a-fomentar-la-sostenibilitat-en-la-fira-donda-amb-gots-reutilitzables\\\/#primaryimage\"},\"image\":{\"@id\":\"https:\\\/\\\/www.reciplasa.es\\\/va\\\/reciplasa-i-onda-suneixen-per-a-fomentar-la-sostenibilitat-en-la-fira-donda-amb-gots-reutilitzables\\\/#primaryimage\"},\"thumbnailUrl\":\"https:\\\/\\\/www.reciplasa.es\\\/wp-content\\\/uploads\\\/2024\\\/10\\\/Reciclaje-vasos-Fira-dOnda.jpg\",\"datePublished\":\"2024-10-11T12:24:36+00:00\",\"dateModified\":\"2024-10-11T12:24:38+00:00\",\"author\":{\"@id\":\"https:\\\/\\\/www.reciplasa.es\\\/#\\\/schema\\\/person\\\/15191934c9f5618dadb907c80c029c0b\"},\"breadcrumb\":{\"@id\":\"https:\\\/\\\/www.reciplasa.es\\\/va\\\/reciplasa-i-onda-suneixen-per-a-fomentar-la-sostenibilitat-en-la-fira-donda-amb-gots-reutilitzables\\\/#breadcrumb\"},\"inLanguage\":\"va-VA\",\"potentialAction\":[{\"@type\":\"ReadAction\",\"target\":[\"https:\\\/\\\/www.reciplasa.es\\\/va\\\/reciplasa-i-onda-suneixen-per-a-fomentar-la-sostenibilitat-en-la-fira-donda-amb-gots-reutilitzables\\\/\"]}]},{\"@type\":\"ImageObject\",\"inLanguage\":\"va-VA\",\"@id\":\"https:\\\/\\\/www.reciplasa.es\\\/va\\\/reciplasa-i-onda-suneixen-per-a-fomentar-la-sostenibilitat-en-la-fira-donda-amb-gots-reutilitzables\\\/#primaryimage\",\"url\":\"https:\\\/\\\/www.reciplasa.es\\\/wp-content\\\/uploads\\\/2024\\\/10\\\/Reciclaje-vasos-Fira-dOnda.jpg\",\"contentUrl\":\"https:\\\/\\\/www.reciplasa.es\\\/wp-content\\\/uploads\\\/2024\\\/10\\\/Reciclaje-vasos-Fira-dOnda.jpg\",\"width\":2560,\"height\":1433},{\"@type\":\"BreadcrumbList\",\"@id\":\"https:\\\/\\\/www.reciplasa.es\\\/va\\\/reciplasa-i-onda-suneixen-per-a-fomentar-la-sostenibilitat-en-la-fira-donda-amb-gots-reutilitzables\\\/#breadcrumb\",\"itemListElement\":[{\"@type\":\"ListItem\",\"position\":1,\"name\":\"Portada\",\"item\":\"https:\\\/\\\/www.reciplasa.es\\\/va\\\/\"},{\"@type\":\"ListItem\",\"position\":2,\"name\":\"Reciplasa i Onda s&#8217;uneixen per a fomentar la sostenibilitat en la Fira d\u2019Onda amb gots reutilitzables\"}]},{\"@type\":\"WebSite\",\"@id\":\"https:\\\/\\\/www.reciplasa.es\\\/#website\",\"url\":\"https:\\\/\\\/www.reciplasa.es\\\/\",\"name\":\"RECIPLASA\",\"description\":\"Reciclats de Residus La Plana SA\",\"potentialAction\":[{\"@type\":\"SearchAction\",\"target\":{\"@type\":\"EntryPoint\",\"urlTemplate\":\"https:\\\/\\\/www.reciplasa.es\\\/?s={search_term_string}\"},\"query-input\":{\"@type\":\"PropertyValueSpecification\",\"valueRequired\":true,\"valueName\":\"search_term_string\"}}],\"inLanguage\":\"va-VA\"},{\"@type\":\"Person\",\"@id\":\"https:\\\/\\\/www.reciplasa.es\\\/#\\\/schema\\\/person\\\/15191934c9f5618dadb907c80c029c0b\",\"name\":\"Sandra\",\"image\":{\"@type\":\"ImageObject\",\"inLanguage\":\"va-VA\",\"@id\":\"https:\\\/\\\/secure.gravatar.com\\\/avatar\\\/605ca84bedd79915b697a46887df8ccd0249fb6f2a1bbcd0bfc66c91d997ae51?s=96&d=mm&r=g\",\"url\":\"https:\\\/\\\/secure.gravatar.com\\\/avatar\\\/605ca84bedd79915b697a46887df8ccd0249fb6f2a1bbcd0bfc66c91d997ae51?s=96&d=mm&r=g\",\"contentUrl\":\"https:\\\/\\\/secure.gravatar.com\\\/avatar\\\/605ca84bedd79915b697a46887df8ccd0249fb6f2a1bbcd0bfc66c91d997ae51?s=96&d=mm&r=g\",\"caption\":\"Sandra\"},\"url\":\"https:\\\/\\\/www.reciplasa.es\\\/va\\\/author\\\/sandra\\\/\"}]}<\/script>\n<!-- \/ Yoast SEO plugin. -->","yoast_head_json":{"title":"Reciplasa i Onda s'uneixen per a fomentar la sostenibilitat en la Fira d\u2019Onda amb gots reutilitzables - RECIPLASA","robots":{"index":"index","follow":"follow","max-snippet":"max-snippet:-1","max-image-preview":"max-image-preview:large","max-video-preview":"max-video-preview:-1"},"canonical":"https:\/\/www.reciplasa.es\/va\/reciplasa-i-onda-suneixen-per-a-fomentar-la-sostenibilitat-en-la-fira-donda-amb-gots-reutilitzables\/","og_locale":"en_US","og_type":"article","og_title":"Reciplasa i Onda s'uneixen per a fomentar la sostenibilitat en la Fira d\u2019Onda amb gots reutilitzables - RECIPLASA","og_description":"La iniciativa cerca reduir l&#8217;\u00fas de pl\u00e0stics i promoure unes festes m\u00e9s ecol\u00f2giques Onda. 11 d&#8217;octubre de 2024.- L&#8217;Ajuntament d&#8217;Onda, en col\u00b7laboraci\u00f3 amb&nbsp;Reciplasa, ha llan\u00e7at una iniciativa per a repartir gots reutilitzables durant la&nbsp;Fira&nbsp;d\u2019Onda, amb l&#8217;objectiu de promoure pr\u00e0ctiques sostenibles i reduir l&#8217;\u00fas de pl\u00e0stics d&#8217;un sol \u00fas. Aquests gots, que es distribuiran a penyes,Dale que hay m\u00e1s ...","og_url":"https:\/\/www.reciplasa.es\/va\/reciplasa-i-onda-suneixen-per-a-fomentar-la-sostenibilitat-en-la-fira-donda-amb-gots-reutilitzables\/","og_site_name":"RECIPLASA","article_published_time":"2024-10-11T12:24:36+00:00","article_modified_time":"2024-10-11T12:24:38+00:00","og_image":[{"width":2560,"height":1433,"url":"https:\/\/www.reciplasa.es\/wp-content\/uploads\/2024\/10\/Reciclaje-vasos-Fira-dOnda.jpg","type":"image\/jpeg"}],"author":"Sandra","twitter_card":"summary_large_image","twitter_misc":{"Written by":"Sandra","Est. reading time":"1 minute"},"schema":{"@context":"https:\/\/schema.org","@graph":[{"@type":"Article","@id":"https:\/\/www.reciplasa.es\/va\/reciplasa-i-onda-suneixen-per-a-fomentar-la-sostenibilitat-en-la-fira-donda-amb-gots-reutilitzables\/#article","isPartOf":{"@id":"https:\/\/www.reciplasa.es\/va\/reciplasa-i-onda-suneixen-per-a-fomentar-la-sostenibilitat-en-la-fira-donda-amb-gots-reutilitzables\/"},"author":{"name":"Sandra","@id":"https:\/\/www.reciplasa.es\/#\/schema\/person\/15191934c9f5618dadb907c80c029c0b"},"headline":"Reciplasa i Onda s&#8217;uneixen per a fomentar la sostenibilitat en la Fira d\u2019Onda amb gots reutilitzables","datePublished":"2024-10-11T12:24:36+00:00","dateModified":"2024-10-11T12:24:38+00:00","mainEntityOfPage":{"@id":"https:\/\/www.reciplasa.es\/va\/reciplasa-i-onda-suneixen-per-a-fomentar-la-sostenibilitat-en-la-fira-donda-amb-gots-reutilitzables\/"},"wordCount":305,"image":{"@id":"https:\/\/www.reciplasa.es\/va\/reciplasa-i-onda-suneixen-per-a-fomentar-la-sostenibilitat-en-la-fira-donda-amb-gots-reutilitzables\/#primaryimage"},"thumbnailUrl":"https:\/\/www.reciplasa.es\/wp-content\/uploads\/2024\/10\/Reciclaje-vasos-Fira-dOnda.jpg","articleSection":["Noticias corporativas"],"inLanguage":"va-VA"},{"@type":"WebPage","@id":"https:\/\/www.reciplasa.es\/va\/reciplasa-i-onda-suneixen-per-a-fomentar-la-sostenibilitat-en-la-fira-donda-amb-gots-reutilitzables\/","url":"https:\/\/www.reciplasa.es\/va\/reciplasa-i-onda-suneixen-per-a-fomentar-la-sostenibilitat-en-la-fira-donda-amb-gots-reutilitzables\/","name":"Reciplasa i Onda s'uneixen per a fomentar la sostenibilitat en la Fira d\u2019Onda amb gots reutilitzables - RECIPLASA","isPartOf":{"@id":"https:\/\/www.reciplasa.es\/#website"},"primaryImageOfPage":{"@id":"https:\/\/www.reciplasa.es\/va\/reciplasa-i-onda-suneixen-per-a-fomentar-la-sostenibilitat-en-la-fira-donda-amb-gots-reutilitzables\/#primaryimage"},"image":{"@id":"https:\/\/www.reciplasa.es\/va\/reciplasa-i-onda-suneixen-per-a-fomentar-la-sostenibilitat-en-la-fira-donda-amb-gots-reutilitzables\/#primaryimage"},"thumbnailUrl":"https:\/\/www.reciplasa.es\/wp-content\/uploads\/2024\/10\/Reciclaje-vasos-Fira-dOnda.jpg","datePublished":"2024-10-11T12:24:36+00:00","dateModified":"2024-10-11T12:24:38+00:00","author":{"@id":"https:\/\/www.reciplasa.es\/#\/schema\/person\/15191934c9f5618dadb907c80c029c0b"},"breadcrumb":{"@id":"https:\/\/www.reciplasa.es\/va\/reciplasa-i-onda-suneixen-per-a-fomentar-la-sostenibilitat-en-la-fira-donda-amb-gots-reutilitzables\/#breadcrumb"},"inLanguage":"va-VA","potentialAction":[{"@type":"ReadAction","target":["https:\/\/www.reciplasa.es\/va\/reciplasa-i-onda-suneixen-per-a-fomentar-la-sostenibilitat-en-la-fira-donda-amb-gots-reutilitzables\/"]}]},{"@type":"ImageObject","inLanguage":"va-VA","@id":"https:\/\/www.reciplasa.es\/va\/reciplasa-i-onda-suneixen-per-a-fomentar-la-sostenibilitat-en-la-fira-donda-amb-gots-reutilitzables\/#primaryimage","url":"https:\/\/www.reciplasa.es\/wp-content\/uploads\/2024\/10\/Reciclaje-vasos-Fira-dOnda.jpg","contentUrl":"https:\/\/www.reciplasa.es\/wp-content\/uploads\/2024\/10\/Reciclaje-vasos-Fira-dOnda.jpg","width":2560,"height":1433},{"@type":"BreadcrumbList","@id":"https:\/\/www.reciplasa.es\/va\/reciplasa-i-onda-suneixen-per-a-fomentar-la-sostenibilitat-en-la-fira-donda-amb-gots-reutilitzables\/#breadcrumb","itemListElement":[{"@type":"ListItem","position":1,"name":"Portada","item":"https:\/\/www.reciplasa.es\/va\/"},{"@type":"ListItem","position":2,"name":"Reciplasa i Onda s&#8217;uneixen per a fomentar la sostenibilitat en la Fira d\u2019Onda amb gots reutilitzables"}]},{"@type":"WebSite","@id":"https:\/\/www.reciplasa.es\/#website","url":"https:\/\/www.reciplasa.es\/","name":"RECIPLASA","description":"Reciclats de Residus La Plana SA","potentialAction":[{"@type":"SearchAction","target":{"@type":"EntryPoint","urlTemplate":"https:\/\/www.reciplasa.es\/?s={search_term_string}"},"query-input":{"@type":"PropertyValueSpecification","valueRequired":true,"valueName":"search_term_string"}}],"inLanguage":"va-VA"},{"@type":"Person","@id":"https:\/\/www.reciplasa.es\/#\/schema\/person\/15191934c9f5618dadb907c80c029c0b","name":"Sandra","image":{"@type":"ImageObject","inLanguage":"va-VA","@id":"https:\/\/secure.gravatar.com\/avatar\/605ca84bedd79915b697a46887df8ccd0249fb6f2a1bbcd0bfc66c91d997ae51?s=96&d=mm&r=g","url":"https:\/\/secure.gravatar.com\/avatar\/605ca84bedd79915b697a46887df8ccd0249fb6f2a1bbcd0bfc66c91d997ae51?s=96&d=mm&r=g","contentUrl":"https:\/\/secure.gravatar.com\/avatar\/605ca84bedd79915b697a46887df8ccd0249fb6f2a1bbcd0bfc66c91d997ae51?s=96&d=mm&r=g","caption":"Sandra"},"url":"https:\/\/www.reciplasa.es\/va\/author\/sandra\/"}]}},"_links":{"self":[{"href":"https:\/\/www.reciplasa.es\/va\/wp-json\/wp\/v2\/posts\/16383","targetHints":{"allow":["GET"]}}],"collection":[{"href":"https:\/\/www.reciplasa.es\/va\/wp-json\/wp\/v2\/posts"}],"about":[{"href":"https:\/\/www.reciplasa.es\/va\/wp-json\/wp\/v2\/types\/post"}],"author":[{"embeddable":true,"href":"https:\/\/www.reciplasa.es\/va\/wp-json\/wp\/v2\/users\/13"}],"replies":[{"embeddable":true,"href":"https:\/\/www.reciplasa.es\/va\/wp-json\/wp\/v2\/comments?post=16383"}],"version-history":[{"count":1,"href":"https:\/\/www.reciplasa.es\/va\/wp-json\/wp\/v2\/posts\/16383\/revisions"}],"predecessor-version":[{"id":16384,"href":"https:\/\/www.reciplasa.es\/va\/wp-json\/wp\/v2\/posts\/16383\/revisions\/16384"}],"wp:featuredmedia":[{"embeddable":true,"href":"https:\/\/www.reciplasa.es\/va\/wp-json\/wp\/v2\/media\/16381"}],"wp:attachment":[{"href":"https:\/\/www.reciplasa.es\/va\/wp-json\/wp\/v2\/media?parent=16383"}],"wp:term":[{"taxonomy":"category","embeddable":true,"href":"https:\/\/www.reciplasa.es\/va\/wp-json\/wp\/v2\/categories?post=16383"},{"taxonomy":"post_tag","embeddable":true,"href":"https:\/\/www.reciplasa.es\/va\/wp-json\/wp\/v2\/tags?post=16383"}],"curies":[{"name":"wp","href":"https:\/\/api.w.org\/{rel}","templated":true}]}}