{"id":16386,"date":"2024-10-16T07:34:33","date_gmt":"2024-10-16T07:34:33","guid":{"rendered":"https:\/\/www.reciplasa.es\/?p=16386\/"},"modified":"2024-10-17T08:13:11","modified_gmt":"2024-10-17T08:13:11","slug":"reciplasa-aprueba-un-presupuesto-de-218-millones-de-euros-para-2025","status":"publish","type":"post","link":"https:\/\/www.reciplasa.es\/va\/reciplasa-aprueba-un-presupuesto-de-218-millones-de-euros-para-2025\/","title":{"rendered":"Reciplasa aprueba un presupuesto de 21,8 millones de euros para 2025"},"content":{"rendered":"\n<p><em>Las cuentas del pr\u00f3ximo a\u00f1o se han aprobado por unanimidad y buscan la eficacia y el equilibrio entre ingresos y gastos<\/em><\/p>\n\n\n\n<p><strong>Castell\u00f3 (16-10-2024). \u2013 <\/strong>El consejo de administraci\u00f3n de la entidad p\u00fablica Reciplasa ha aprobado por unanimidad el presupuesto de 2025 por un total de 21.840.797 euros que se destinar\u00e1n a la gesti\u00f3n y tratamiento de los municipios que forman parte de la entidad. Un presupuesto ajustado a la realidad de la provincia y que buscan la eficacia para el pr\u00f3ximo ejercicio.<\/p>\n\n\n\n<p>As\u00ed lo ha explicado el presidente de la entidad, Sergio Toledo, quien se\u00f1ala que \u201cse trata de un presupuesto que trata de centrarse en los nuevos retos de futuro y que se basa en las propias cifras de las que disponemos de evoluci\u00f3n de 2024\u201d.<\/p>\n\n\n\n<p>As\u00ed las cosas, este a\u00f1o se contempla una importante novedad, y es que el Consejo de Administraci\u00f3n de Reciplasa ha decidido congelar el canon previsto de un 5,3% a los Ayuntamientos (\u00cdndice de Precios al Consumo del mes de agosto m\u00e1s un 3% de inversiones que se acord\u00f3 en el a\u00f1o 2012) y reducirlo hasta aplicar \u00fanicamente el IPC interanual al mes de agosto. Reciplasa mantiene con sus cuentas un equilibrio entre ingresos y gastos, atendiendo a las necesidades reales de los municipios.<\/p>\n\n\n\n<p>Con ello, tal y como ha explicado Toledo, \u201cseguimos al lado de los Ayuntamientos para no penalizarles, para ayudarles a afrontar la complicada situaci\u00f3n a la que se enfrentan con el tasazo en 2025\u201d.<\/p>\n\n\n\n<p>Cabe recordar que la empresa p\u00fablica ha iniciado una modernizaci\u00f3n de la planta de Onda, una de las pioneras en la Comunidad Valenciana, para adaptarla a los est\u00e1ndares m\u00e1s exigentes de la Uni\u00f3n Europea y que durante los pr\u00f3ximos a\u00f1os se van a llevar importantes mejoras en las instalaciones para optimizar recursos y reducir los residuos que finalizan en el vertedero al m\u00e1ximo.<\/p>\n\n\n\n<p><strong>C\u00d3DIGO \u00c9TICO<\/strong><\/p>\n\n\n\n<p>Otro de los puntos que se han aprobado en el consejo de gobierno de Reciplasa ha sido la aprobaci\u00f3n de un c\u00f3digo \u00e9tico. \u201cComo entidad p\u00fablica, Reciplasa siempre ha tenido como uno de sus pilares el principio de transparencia con su compromiso con la \u00e9tica empresarial e intentar siempre ajustarse de manera estricta al marco normativo m\u00e1s transparente\u201d.<\/p>\n\n\n\n<p>Este acuerdo refleja la m\u00e1xima transparencia en cualquier tipo de contrataci\u00f3n p\u00fablica, as\u00ed como en facilitar al ciudadano y a los municipios integrantes todo tipo de informaci\u00f3n que requiera de forma sencilla. Adem\u00e1s, el documento recoge el firme compromiso con la salud y el medioambiente.<\/p>\n\n\n\n<p>Sergio Toledo explica que \u201ctenemos como misi\u00f3n poner al servicio de la sociedad la investigaci\u00f3n y el desarrollo tecnol\u00f3gico en el \u00e1mbito medioambiental, respetando en todo momento la normativa aplicable, as\u00ed como los principios integradores de la \u00e9tica social\u201d. Asimismo, el c\u00f3digo \u00e9tico recoge un estricto cumplimiento de acciones para evitar cualquier tipo de corrupci\u00f3n y un compromiso de publicitar el propio acuerdo.<\/p>\n","protected":false},"excerpt":{"rendered":"<p>Las cuentas del pr\u00f3ximo a\u00f1o se han aprobado por unanimidad y buscan la eficacia y el equilibrio entre ingresos y gastos Castell\u00f3 (16-10-2024). \u2013 El consejo de administraci\u00f3n de la entidad p\u00fablica Reciplasa ha aprobado por unanimidad el presupuesto de 2025 por un total de 21.840.797 euros que se destinar\u00e1n a la gesti\u00f3n y tratamientoDale que hay m\u00e1s &#8230;<\/p>\n","protected":false},"author":13,"featured_media":16387,"comment_status":"closed","ping_status":"closed","sticky":false,"template":"","format":"standard","meta":{"footnotes":""},"categories":[3],"tags":[],"class_list":["post-16386","post","type-post","status-publish","format-standard","has-post-thumbnail","hentry","category-noticias-corporativas"],"yoast_head":"<!-- This site is optimized with the Yoast SEO plugin v27.4 - https:\/\/yoast.com\/product\/yoast-seo-wordpress\/ -->\n<title>Reciplasa aprueba un presupuesto de 21,8 millones de euros para 2025 - RECIPLASA<\/title>\n<meta name=\"description\" content=\"Las cuentas del pr\u00f3ximo a\u00f1o se han aprobado por unanimidad y buscan la eficacia y el equilibrio entre ingresos y gastos.\" \/>\n<meta name=\"robots\" content=\"index, follow, max-snippet:-1, max-image-preview:large, max-video-preview:-1\" \/>\n<link rel=\"canonical\" href=\"https:\/\/www.reciplasa.es\/reciplasa-aprueba-un-presupuesto-de-218-millones-de-euros-para-2025\/\" \/>\n<meta property=\"og:locale\" content=\"en_US\" \/>\n<meta property=\"og:type\" content=\"article\" \/>\n<meta property=\"og:title\" content=\"Reciplasa aprueba un presupuesto de 21,8 millones de euros para 2025 - RECIPLASA\" \/>\n<meta property=\"og:description\" content=\"Las cuentas del pr\u00f3ximo a\u00f1o se han aprobado por unanimidad y buscan la eficacia y el equilibrio entre ingresos y gastos.\" \/>\n<meta property=\"og:url\" content=\"https:\/\/www.reciplasa.es\/reciplasa-aprueba-un-presupuesto-de-218-millones-de-euros-para-2025\/\" \/>\n<meta property=\"og:site_name\" content=\"RECIPLASA\" \/>\n<meta property=\"article:published_time\" content=\"2024-10-16T07:34:33+00:00\" \/>\n<meta property=\"article:modified_time\" content=\"2024-10-17T08:13:11+00:00\" \/>\n<meta property=\"og:image\" content=\"https:\/\/www.reciplasa.es\/wp-content\/uploads\/2024\/10\/1610-presupuestos-2025-scaled.jpg\" \/>\n\t<meta property=\"og:image:width\" content=\"2560\" \/>\n\t<meta property=\"og:image:height\" content=\"1437\" \/>\n\t<meta property=\"og:image:type\" content=\"image\/jpeg\" \/>\n<meta name=\"author\" content=\"Sandra\" \/>\n<meta name=\"twitter:card\" content=\"summary_large_image\" \/>\n<meta name=\"twitter:label1\" content=\"Written by\" \/>\n\t<meta name=\"twitter:data1\" content=\"Sandra\" \/>\n\t<meta name=\"twitter:label2\" content=\"Est. reading time\" \/>\n\t<meta name=\"twitter:data2\" content=\"3 minutes\" \/>\n<script type=\"application\/ld+json\" class=\"yoast-schema-graph\">{\"@context\":\"https:\\\/\\\/schema.org\",\"@graph\":[{\"@type\":\"Article\",\"@id\":\"https:\\\/\\\/www.reciplasa.es\\\/reciplasa-aprueba-un-presupuesto-de-218-millones-de-euros-para-2025\\\/#article\",\"isPartOf\":{\"@id\":\"https:\\\/\\\/www.reciplasa.es\\\/reciplasa-aprueba-un-presupuesto-de-218-millones-de-euros-para-2025\\\/\"},\"author\":{\"name\":\"Sandra\",\"@id\":\"https:\\\/\\\/www.reciplasa.es\\\/#\\\/schema\\\/person\\\/15191934c9f5618dadb907c80c029c0b\"},\"headline\":\"Reciplasa aprueba un presupuesto de 21,8 millones de euros para 2025\",\"datePublished\":\"2024-10-16T07:34:33+00:00\",\"dateModified\":\"2024-10-17T08:13:11+00:00\",\"mainEntityOfPage\":{\"@id\":\"https:\\\/\\\/www.reciplasa.es\\\/reciplasa-aprueba-un-presupuesto-de-218-millones-de-euros-para-2025\\\/\"},\"wordCount\":514,\"image\":{\"@id\":\"https:\\\/\\\/www.reciplasa.es\\\/reciplasa-aprueba-un-presupuesto-de-218-millones-de-euros-para-2025\\\/#primaryimage\"},\"thumbnailUrl\":\"https:\\\/\\\/www.reciplasa.es\\\/wp-content\\\/uploads\\\/2024\\\/10\\\/1610-presupuestos-2025-scaled.jpg\",\"articleSection\":[\"Noticias corporativas\"],\"inLanguage\":\"va-VA\"},{\"@type\":\"WebPage\",\"@id\":\"https:\\\/\\\/www.reciplasa.es\\\/reciplasa-aprueba-un-presupuesto-de-218-millones-de-euros-para-2025\\\/\",\"url\":\"https:\\\/\\\/www.reciplasa.es\\\/reciplasa-aprueba-un-presupuesto-de-218-millones-de-euros-para-2025\\\/\",\"name\":\"Reciplasa aprueba un presupuesto de 21,8 millones de euros para 2025 - RECIPLASA\",\"isPartOf\":{\"@id\":\"https:\\\/\\\/www.reciplasa.es\\\/#website\"},\"primaryImageOfPage\":{\"@id\":\"https:\\\/\\\/www.reciplasa.es\\\/reciplasa-aprueba-un-presupuesto-de-218-millones-de-euros-para-2025\\\/#primaryimage\"},\"image\":{\"@id\":\"https:\\\/\\\/www.reciplasa.es\\\/reciplasa-aprueba-un-presupuesto-de-218-millones-de-euros-para-2025\\\/#primaryimage\"},\"thumbnailUrl\":\"https:\\\/\\\/www.reciplasa.es\\\/wp-content\\\/uploads\\\/2024\\\/10\\\/1610-presupuestos-2025-scaled.jpg\",\"datePublished\":\"2024-10-16T07:34:33+00:00\",\"dateModified\":\"2024-10-17T08:13:11+00:00\",\"author\":{\"@id\":\"https:\\\/\\\/www.reciplasa.es\\\/#\\\/schema\\\/person\\\/15191934c9f5618dadb907c80c029c0b\"},\"description\":\"Las cuentas del pr\u00f3ximo a\u00f1o se han aprobado por unanimidad y buscan la eficacia y el equilibrio entre ingresos y gastos.\",\"breadcrumb\":{\"@id\":\"https:\\\/\\\/www.reciplasa.es\\\/reciplasa-aprueba-un-presupuesto-de-218-millones-de-euros-para-2025\\\/#breadcrumb\"},\"inLanguage\":\"va-VA\",\"potentialAction\":[{\"@type\":\"ReadAction\",\"target\":[\"https:\\\/\\\/www.reciplasa.es\\\/reciplasa-aprueba-un-presupuesto-de-218-millones-de-euros-para-2025\\\/\"]}]},{\"@type\":\"ImageObject\",\"inLanguage\":\"va-VA\",\"@id\":\"https:\\\/\\\/www.reciplasa.es\\\/reciplasa-aprueba-un-presupuesto-de-218-millones-de-euros-para-2025\\\/#primaryimage\",\"url\":\"https:\\\/\\\/www.reciplasa.es\\\/wp-content\\\/uploads\\\/2024\\\/10\\\/1610-presupuestos-2025-scaled.jpg\",\"contentUrl\":\"https:\\\/\\\/www.reciplasa.es\\\/wp-content\\\/uploads\\\/2024\\\/10\\\/1610-presupuestos-2025-scaled.jpg\",\"width\":2560,\"height\":1437,\"caption\":\"Consejo de Administraci\u00f3n\"},{\"@type\":\"BreadcrumbList\",\"@id\":\"https:\\\/\\\/www.reciplasa.es\\\/reciplasa-aprueba-un-presupuesto-de-218-millones-de-euros-para-2025\\\/#breadcrumb\",\"itemListElement\":[{\"@type\":\"ListItem\",\"position\":1,\"name\":\"Portada\",\"item\":\"https:\\\/\\\/www.reciplasa.es\\\/va\\\/\"},{\"@type\":\"ListItem\",\"position\":2,\"name\":\"Reciplasa aprueba un presupuesto de 21,8 millones de euros para 2025\"}]},{\"@type\":\"WebSite\",\"@id\":\"https:\\\/\\\/www.reciplasa.es\\\/#website\",\"url\":\"https:\\\/\\\/www.reciplasa.es\\\/\",\"name\":\"RECIPLASA\",\"description\":\"Reciclats de Residus La Plana SA\",\"potentialAction\":[{\"@type\":\"SearchAction\",\"target\":{\"@type\":\"EntryPoint\",\"urlTemplate\":\"https:\\\/\\\/www.reciplasa.es\\\/?s={search_term_string}\"},\"query-input\":{\"@type\":\"PropertyValueSpecification\",\"valueRequired\":true,\"valueName\":\"search_term_string\"}}],\"inLanguage\":\"va-VA\"},{\"@type\":\"Person\",\"@id\":\"https:\\\/\\\/www.reciplasa.es\\\/#\\\/schema\\\/person\\\/15191934c9f5618dadb907c80c029c0b\",\"name\":\"Sandra\",\"image\":{\"@type\":\"ImageObject\",\"inLanguage\":\"va-VA\",\"@id\":\"https:\\\/\\\/secure.gravatar.com\\\/avatar\\\/605ca84bedd79915b697a46887df8ccd0249fb6f2a1bbcd0bfc66c91d997ae51?s=96&d=mm&r=g\",\"url\":\"https:\\\/\\\/secure.gravatar.com\\\/avatar\\\/605ca84bedd79915b697a46887df8ccd0249fb6f2a1bbcd0bfc66c91d997ae51?s=96&d=mm&r=g\",\"contentUrl\":\"https:\\\/\\\/secure.gravatar.com\\\/avatar\\\/605ca84bedd79915b697a46887df8ccd0249fb6f2a1bbcd0bfc66c91d997ae51?s=96&d=mm&r=g\",\"caption\":\"Sandra\"},\"url\":\"https:\\\/\\\/www.reciplasa.es\\\/va\\\/author\\\/sandra\\\/\"}]}<\/script>\n<!-- \/ Yoast SEO plugin. -->","yoast_head_json":{"title":"Reciplasa aprueba un presupuesto de 21,8 millones de euros para 2025 - RECIPLASA","description":"Las cuentas del pr\u00f3ximo a\u00f1o se han aprobado por unanimidad y buscan la eficacia y el equilibrio entre ingresos y gastos.","robots":{"index":"index","follow":"follow","max-snippet":"max-snippet:-1","max-image-preview":"max-image-preview:large","max-video-preview":"max-video-preview:-1"},"canonical":"https:\/\/www.reciplasa.es\/reciplasa-aprueba-un-presupuesto-de-218-millones-de-euros-para-2025\/","og_locale":"en_US","og_type":"article","og_title":"Reciplasa aprueba un presupuesto de 21,8 millones de euros para 2025 - RECIPLASA","og_description":"Las cuentas del pr\u00f3ximo a\u00f1o se han aprobado por unanimidad y buscan la eficacia y el equilibrio entre ingresos y gastos.","og_url":"https:\/\/www.reciplasa.es\/reciplasa-aprueba-un-presupuesto-de-218-millones-de-euros-para-2025\/","og_site_name":"RECIPLASA","article_published_time":"2024-10-16T07:34:33+00:00","article_modified_time":"2024-10-17T08:13:11+00:00","og_image":[{"width":2560,"height":1437,"url":"https:\/\/www.reciplasa.es\/wp-content\/uploads\/2024\/10\/1610-presupuestos-2025-scaled.jpg","type":"image\/jpeg"}],"author":"Sandra","twitter_card":"summary_large_image","twitter_misc":{"Written by":"Sandra","Est. reading time":"3 minutes"},"schema":{"@context":"https:\/\/schema.org","@graph":[{"@type":"Article","@id":"https:\/\/www.reciplasa.es\/reciplasa-aprueba-un-presupuesto-de-218-millones-de-euros-para-2025\/#article","isPartOf":{"@id":"https:\/\/www.reciplasa.es\/reciplasa-aprueba-un-presupuesto-de-218-millones-de-euros-para-2025\/"},"author":{"name":"Sandra","@id":"https:\/\/www.reciplasa.es\/#\/schema\/person\/15191934c9f5618dadb907c80c029c0b"},"headline":"Reciplasa aprueba un presupuesto de 21,8 millones de euros para 2025","datePublished":"2024-10-16T07:34:33+00:00","dateModified":"2024-10-17T08:13:11+00:00","mainEntityOfPage":{"@id":"https:\/\/www.reciplasa.es\/reciplasa-aprueba-un-presupuesto-de-218-millones-de-euros-para-2025\/"},"wordCount":514,"image":{"@id":"https:\/\/www.reciplasa.es\/reciplasa-aprueba-un-presupuesto-de-218-millones-de-euros-para-2025\/#primaryimage"},"thumbnailUrl":"https:\/\/www.reciplasa.es\/wp-content\/uploads\/2024\/10\/1610-presupuestos-2025-scaled.jpg","articleSection":["Noticias corporativas"],"inLanguage":"va-VA"},{"@type":"WebPage","@id":"https:\/\/www.reciplasa.es\/reciplasa-aprueba-un-presupuesto-de-218-millones-de-euros-para-2025\/","url":"https:\/\/www.reciplasa.es\/reciplasa-aprueba-un-presupuesto-de-218-millones-de-euros-para-2025\/","name":"Reciplasa aprueba un presupuesto de 21,8 millones de euros para 2025 - RECIPLASA","isPartOf":{"@id":"https:\/\/www.reciplasa.es\/#website"},"primaryImageOfPage":{"@id":"https:\/\/www.reciplasa.es\/reciplasa-aprueba-un-presupuesto-de-218-millones-de-euros-para-2025\/#primaryimage"},"image":{"@id":"https:\/\/www.reciplasa.es\/reciplasa-aprueba-un-presupuesto-de-218-millones-de-euros-para-2025\/#primaryimage"},"thumbnailUrl":"https:\/\/www.reciplasa.es\/wp-content\/uploads\/2024\/10\/1610-presupuestos-2025-scaled.jpg","datePublished":"2024-10-16T07:34:33+00:00","dateModified":"2024-10-17T08:13:11+00:00","author":{"@id":"https:\/\/www.reciplasa.es\/#\/schema\/person\/15191934c9f5618dadb907c80c029c0b"},"description":"Las cuentas del pr\u00f3ximo a\u00f1o se han aprobado por unanimidad y buscan la eficacia y el equilibrio entre ingresos y gastos.","breadcrumb":{"@id":"https:\/\/www.reciplasa.es\/reciplasa-aprueba-un-presupuesto-de-218-millones-de-euros-para-2025\/#breadcrumb"},"inLanguage":"va-VA","potentialAction":[{"@type":"ReadAction","target":["https:\/\/www.reciplasa.es\/reciplasa-aprueba-un-presupuesto-de-218-millones-de-euros-para-2025\/"]}]},{"@type":"ImageObject","inLanguage":"va-VA","@id":"https:\/\/www.reciplasa.es\/reciplasa-aprueba-un-presupuesto-de-218-millones-de-euros-para-2025\/#primaryimage","url":"https:\/\/www.reciplasa.es\/wp-content\/uploads\/2024\/10\/1610-presupuestos-2025-scaled.jpg","contentUrl":"https:\/\/www.reciplasa.es\/wp-content\/uploads\/2024\/10\/1610-presupuestos-2025-scaled.jpg","width":2560,"height":1437,"caption":"Consejo de Administraci\u00f3n"},{"@type":"BreadcrumbList","@id":"https:\/\/www.reciplasa.es\/reciplasa-aprueba-un-presupuesto-de-218-millones-de-euros-para-2025\/#breadcrumb","itemListElement":[{"@type":"ListItem","position":1,"name":"Portada","item":"https:\/\/www.reciplasa.es\/va\/"},{"@type":"ListItem","position":2,"name":"Reciplasa aprueba un presupuesto de 21,8 millones de euros para 2025"}]},{"@type":"WebSite","@id":"https:\/\/www.reciplasa.es\/#website","url":"https:\/\/www.reciplasa.es\/","name":"RECIPLASA","description":"Reciclats de Residus La Plana SA","potentialAction":[{"@type":"SearchAction","target":{"@type":"EntryPoint","urlTemplate":"https:\/\/www.reciplasa.es\/?s={search_term_string}"},"query-input":{"@type":"PropertyValueSpecification","valueRequired":true,"valueName":"search_term_string"}}],"inLanguage":"va-VA"},{"@type":"Person","@id":"https:\/\/www.reciplasa.es\/#\/schema\/person\/15191934c9f5618dadb907c80c029c0b","name":"Sandra","image":{"@type":"ImageObject","inLanguage":"va-VA","@id":"https:\/\/secure.gravatar.com\/avatar\/605ca84bedd79915b697a46887df8ccd0249fb6f2a1bbcd0bfc66c91d997ae51?s=96&d=mm&r=g","url":"https:\/\/secure.gravatar.com\/avatar\/605ca84bedd79915b697a46887df8ccd0249fb6f2a1bbcd0bfc66c91d997ae51?s=96&d=mm&r=g","contentUrl":"https:\/\/secure.gravatar.com\/avatar\/605ca84bedd79915b697a46887df8ccd0249fb6f2a1bbcd0bfc66c91d997ae51?s=96&d=mm&r=g","caption":"Sandra"},"url":"https:\/\/www.reciplasa.es\/va\/author\/sandra\/"}]}},"_links":{"self":[{"href":"https:\/\/www.reciplasa.es\/va\/wp-json\/wp\/v2\/posts\/16386","targetHints":{"allow":["GET"]}}],"collection":[{"href":"https:\/\/www.reciplasa.es\/va\/wp-json\/wp\/v2\/posts"}],"about":[{"href":"https:\/\/www.reciplasa.es\/va\/wp-json\/wp\/v2\/types\/post"}],"author":[{"embeddable":true,"href":"https:\/\/www.reciplasa.es\/va\/wp-json\/wp\/v2\/users\/13"}],"replies":[{"embeddable":true,"href":"https:\/\/www.reciplasa.es\/va\/wp-json\/wp\/v2\/comments?post=16386"}],"version-history":[{"count":3,"href":"https:\/\/www.reciplasa.es\/va\/wp-json\/wp\/v2\/posts\/16386\/revisions"}],"predecessor-version":[{"id":16393,"href":"https:\/\/www.reciplasa.es\/va\/wp-json\/wp\/v2\/posts\/16386\/revisions\/16393"}],"wp:featuredmedia":[{"embeddable":true,"href":"https:\/\/www.reciplasa.es\/va\/wp-json\/wp\/v2\/media\/16387"}],"wp:attachment":[{"href":"https:\/\/www.reciplasa.es\/va\/wp-json\/wp\/v2\/media?parent=16386"}],"wp:term":[{"taxonomy":"category","embeddable":true,"href":"https:\/\/www.reciplasa.es\/va\/wp-json\/wp\/v2\/categories?post=16386"},{"taxonomy":"post_tag","embeddable":true,"href":"https:\/\/www.reciplasa.es\/va\/wp-json\/wp\/v2\/tags?post=16386"}],"curies":[{"name":"wp","href":"https:\/\/api.w.org\/{rel}","templated":true}]}}