{"id":16389,"date":"2024-10-16T07:39:35","date_gmt":"2024-10-16T07:39:35","guid":{"rendered":"https:\/\/www.reciplasa.es\/?p=16389\/"},"modified":"2024-10-17T08:13:39","modified_gmt":"2024-10-17T08:13:39","slug":"reciplasa-aprova-un-pressupost-de-218-milions-deuros-per-a-2025","status":"publish","type":"post","link":"https:\/\/www.reciplasa.es\/va\/reciplasa-aprova-un-pressupost-de-218-milions-deuros-per-a-2025\/","title":{"rendered":"Reciplasa aprova un pressupost de 21,8 milions d&#8217;euros per a 2025"},"content":{"rendered":"\n<p><em>Els comptes del pr\u00f2xim any s&#8217;han aprovat per unanimitat i busquen l&#8217;efic\u00e0cia i l&#8217;equilibri entre ingressos i gastos<\/em><\/p>\n\n\n\n<p><strong>Castell\u00f3 (16-10-2024). \u2013 <\/strong>El consell d&#8217;administraci\u00f3 de l&#8217;entitat p\u00fablica Reciplasa ha aprovat per unanimitat el pressupost de 2025 per un total de 21.840.797 euros que es destinaran a la gesti\u00f3 i tractament dels municipis que formen part de l&#8217;entitat. Un pressupost ajustat a la realitat de la prov\u00edncia i que busquen l&#8217;efic\u00e0cia per al pr\u00f2xim exercici.<\/p>\n\n\n\n<p>Aix\u00ed ho ha explicat el president de l&#8217;entitat, Sergio Toledo, qui assenyala que \u201ces tracta d&#8217;un pressupost que tracta de centrar-se en els nous reptes de futur i que es basa en les pr\u00f2pies xifres de les quals disposem d&#8217;evoluci\u00f3 de 2024\u201d.<\/p>\n\n\n\n<p>Aix\u00ed les coses, enguany es contempla una important novetat, i \u00e9s que el Consell d&#8217;Administraci\u00f3 de&nbsp;Reciplasa&nbsp;ha decidit congelar el c\u00e0non previst d&#8217;un 5,3% als Ajuntaments (\u00cdndex de Preus al Consum del mes d&#8217;agost m\u00e9s un 3% d&#8217;inversions que es va acordar l&#8217;any 2012) i reduir-ho fins a aplicar \u00fanicament l&#8217;IPC interanual al mes d&#8217;agost.&nbsp;Reciplasa&nbsp;mant\u00e9 amb els seus comptes un equilibri entre ingressos i despeses, ateses les necessitats reals dels municipis.<\/p>\n\n\n\n<p><br>Amb aix\u00f2, tal com ha explicat Toledo, \u201cseguim al costat dels Ajuntaments per a no penalitzar-los, per a ajudar-los a afrontar la complicada situaci\u00f3 a la qual s&#8217;enfronten amb el&nbsp;\u2018<em>tasazo\u2019<\/em>&nbsp;en 2025\u201d.<\/p>\n\n\n\n<p><br>Cal recordar que l&#8217;empresa p\u00fablica ha iniciat una modernitzaci\u00f3 de la planta d&#8217;Onda, una de les pioneres a la Comunitat Valenciana, per a adaptar-la als est\u00e0ndards m\u00e9s exigents de la Uni\u00f3 Europea i que durant els pr\u00f2xims anys es portaran importants millores en les instal\u00b7lacions per a optimitzar recursos i reduir els residus que finalitzen en l&#8217;abocador al m\u00e0xim.<\/p>\n\n\n\n<p><strong>CODI \u00c8TIC<\/strong><\/p>\n\n\n\n<p>Un altre dels punts que s&#8217;han aprovat en el consell de govern de Reciplasa ha sigut l&#8217;aprovaci\u00f3 d&#8217;un codi \u00e8tic. \u201cCom a entitat p\u00fablica, Reciplasa sempre ha tingut com un dels seus pilars el principi de transpar\u00e8ncia amb el seu comprom\u00eds amb l&#8217;\u00e8tica empresarial i intentar sempre ajustar-se de manera estricta al marc normatiu m\u00e9s transparent\u201d.<\/p>\n\n\n\n<p>Este acord reflectix la m\u00e0xima transpar\u00e8ncia en qualsevol tipus de contractaci\u00f3 p\u00fablica, aix\u00ed com a facilitar al ciutad\u00e0 i als municipis integrants tot tipus d&#8217;informaci\u00f3 que requerisca de manera senzilla. A m\u00e9s, el document arreplega el ferm comprom\u00eds amb la salut i el medi ambient.<\/p>\n\n\n\n<p>Sergio Toledo explica que \u201ctenim com a missi\u00f3 posar al servici de la societat la investigaci\u00f3 i el desenrotllament tecnol\u00f2gic en l&#8217;\u00e0mbit mediambiental, respectant en tot moment la normativa aplicable, aix\u00ed com els principis integradors de l&#8217;\u00e8tica social\u201d. Aix\u00ed mateix, el codi \u00e8tic arreplega un estricte compliment d&#8217;accions per a evitar qualsevol tipus de corrupci\u00f3 i un comprom\u00eds de publicitar el propi acord.<\/p>\n","protected":false},"excerpt":{"rendered":"<p>Els comptes del pr\u00f2xim any s&#8217;han aprovat per unanimitat i busquen l&#8217;efic\u00e0cia i l&#8217;equilibri entre ingressos i gastos Castell\u00f3 (16-10-2024). \u2013 El consell d&#8217;administraci\u00f3 de l&#8217;entitat p\u00fablica Reciplasa ha aprovat per unanimitat el pressupost de 2025 per un total de 21.840.797 euros que es destinaran a la gesti\u00f3 i tractament dels municipis que formen partDale que hay m\u00e1s &#8230;<\/p>\n","protected":false},"author":13,"featured_media":16387,"comment_status":"closed","ping_status":"closed","sticky":false,"template":"","format":"standard","meta":{"footnotes":""},"categories":[3],"tags":[],"class_list":["post-16389","post","type-post","status-publish","format-standard","has-post-thumbnail","hentry","category-noticias-corporativas"],"yoast_head":"<!-- This site is optimized with the Yoast SEO plugin v27.4 - https:\/\/yoast.com\/product\/yoast-seo-wordpress\/ -->\n<title>Reciplasa aprova un pressupost de 21,8 milions d&#039;euros per a 2025 - RECIPLASA<\/title>\n<meta name=\"description\" content=\"Els comptes del pr\u00f2xim any s&#039;han aprovat per unanimitat i busquen l&#039;efic\u00e0cia i l&#039;equilibri entre ingressos i gastos.\" \/>\n<meta name=\"robots\" content=\"index, follow, max-snippet:-1, max-image-preview:large, max-video-preview:-1\" \/>\n<link rel=\"canonical\" href=\"https:\/\/www.reciplasa.es\/va\/reciplasa-aprova-un-pressupost-de-218-milions-deuros-per-a-2025\/\" \/>\n<meta property=\"og:locale\" content=\"en_US\" \/>\n<meta property=\"og:type\" content=\"article\" \/>\n<meta property=\"og:title\" content=\"Reciplasa aprova un pressupost de 21,8 milions d&#039;euros per a 2025 - RECIPLASA\" \/>\n<meta property=\"og:description\" content=\"Els comptes del pr\u00f2xim any s&#039;han aprovat per unanimitat i busquen l&#039;efic\u00e0cia i l&#039;equilibri entre ingressos i gastos.\" \/>\n<meta property=\"og:url\" content=\"https:\/\/www.reciplasa.es\/va\/reciplasa-aprova-un-pressupost-de-218-milions-deuros-per-a-2025\/\" \/>\n<meta property=\"og:site_name\" content=\"RECIPLASA\" \/>\n<meta property=\"article:published_time\" content=\"2024-10-16T07:39:35+00:00\" \/>\n<meta property=\"article:modified_time\" content=\"2024-10-17T08:13:39+00:00\" \/>\n<meta property=\"og:image\" content=\"https:\/\/www.reciplasa.es\/wp-content\/uploads\/2024\/10\/1610-presupuestos-2025-scaled.jpg\" \/>\n\t<meta property=\"og:image:width\" content=\"2560\" \/>\n\t<meta property=\"og:image:height\" content=\"1437\" \/>\n\t<meta property=\"og:image:type\" content=\"image\/jpeg\" \/>\n<meta name=\"author\" content=\"Sandra\" \/>\n<meta name=\"twitter:card\" content=\"summary_large_image\" \/>\n<meta name=\"twitter:label1\" content=\"Written by\" \/>\n\t<meta name=\"twitter:data1\" content=\"Sandra\" \/>\n\t<meta name=\"twitter:label2\" content=\"Est. reading time\" \/>\n\t<meta name=\"twitter:data2\" content=\"2 minutes\" \/>\n<script type=\"application\/ld+json\" class=\"yoast-schema-graph\">{\"@context\":\"https:\\\/\\\/schema.org\",\"@graph\":[{\"@type\":\"Article\",\"@id\":\"https:\\\/\\\/www.reciplasa.es\\\/va\\\/reciplasa-aprova-un-pressupost-de-218-milions-deuros-per-a-2025\\\/#article\",\"isPartOf\":{\"@id\":\"https:\\\/\\\/www.reciplasa.es\\\/va\\\/reciplasa-aprova-un-pressupost-de-218-milions-deuros-per-a-2025\\\/\"},\"author\":{\"name\":\"Sandra\",\"@id\":\"https:\\\/\\\/www.reciplasa.es\\\/#\\\/schema\\\/person\\\/15191934c9f5618dadb907c80c029c0b\"},\"headline\":\"Reciplasa aprova un pressupost de 21,8 milions d&#8217;euros per a 2025\",\"datePublished\":\"2024-10-16T07:39:35+00:00\",\"dateModified\":\"2024-10-17T08:13:39+00:00\",\"mainEntityOfPage\":{\"@id\":\"https:\\\/\\\/www.reciplasa.es\\\/va\\\/reciplasa-aprova-un-pressupost-de-218-milions-deuros-per-a-2025\\\/\"},\"wordCount\":512,\"image\":{\"@id\":\"https:\\\/\\\/www.reciplasa.es\\\/va\\\/reciplasa-aprova-un-pressupost-de-218-milions-deuros-per-a-2025\\\/#primaryimage\"},\"thumbnailUrl\":\"https:\\\/\\\/www.reciplasa.es\\\/wp-content\\\/uploads\\\/2024\\\/10\\\/1610-presupuestos-2025-scaled.jpg\",\"articleSection\":[\"Noticias corporativas\"],\"inLanguage\":\"va-VA\"},{\"@type\":\"WebPage\",\"@id\":\"https:\\\/\\\/www.reciplasa.es\\\/va\\\/reciplasa-aprova-un-pressupost-de-218-milions-deuros-per-a-2025\\\/\",\"url\":\"https:\\\/\\\/www.reciplasa.es\\\/va\\\/reciplasa-aprova-un-pressupost-de-218-milions-deuros-per-a-2025\\\/\",\"name\":\"Reciplasa aprova un pressupost de 21,8 milions d'euros per a 2025 - RECIPLASA\",\"isPartOf\":{\"@id\":\"https:\\\/\\\/www.reciplasa.es\\\/#website\"},\"primaryImageOfPage\":{\"@id\":\"https:\\\/\\\/www.reciplasa.es\\\/va\\\/reciplasa-aprova-un-pressupost-de-218-milions-deuros-per-a-2025\\\/#primaryimage\"},\"image\":{\"@id\":\"https:\\\/\\\/www.reciplasa.es\\\/va\\\/reciplasa-aprova-un-pressupost-de-218-milions-deuros-per-a-2025\\\/#primaryimage\"},\"thumbnailUrl\":\"https:\\\/\\\/www.reciplasa.es\\\/wp-content\\\/uploads\\\/2024\\\/10\\\/1610-presupuestos-2025-scaled.jpg\",\"datePublished\":\"2024-10-16T07:39:35+00:00\",\"dateModified\":\"2024-10-17T08:13:39+00:00\",\"author\":{\"@id\":\"https:\\\/\\\/www.reciplasa.es\\\/#\\\/schema\\\/person\\\/15191934c9f5618dadb907c80c029c0b\"},\"description\":\"Els comptes del pr\u00f2xim any s'han aprovat per unanimitat i busquen l'efic\u00e0cia i l'equilibri entre ingressos i gastos.\",\"breadcrumb\":{\"@id\":\"https:\\\/\\\/www.reciplasa.es\\\/va\\\/reciplasa-aprova-un-pressupost-de-218-milions-deuros-per-a-2025\\\/#breadcrumb\"},\"inLanguage\":\"va-VA\",\"potentialAction\":[{\"@type\":\"ReadAction\",\"target\":[\"https:\\\/\\\/www.reciplasa.es\\\/va\\\/reciplasa-aprova-un-pressupost-de-218-milions-deuros-per-a-2025\\\/\"]}]},{\"@type\":\"ImageObject\",\"inLanguage\":\"va-VA\",\"@id\":\"https:\\\/\\\/www.reciplasa.es\\\/va\\\/reciplasa-aprova-un-pressupost-de-218-milions-deuros-per-a-2025\\\/#primaryimage\",\"url\":\"https:\\\/\\\/www.reciplasa.es\\\/wp-content\\\/uploads\\\/2024\\\/10\\\/1610-presupuestos-2025-scaled.jpg\",\"contentUrl\":\"https:\\\/\\\/www.reciplasa.es\\\/wp-content\\\/uploads\\\/2024\\\/10\\\/1610-presupuestos-2025-scaled.jpg\",\"width\":2560,\"height\":1437,\"caption\":\"Consejo de Administraci\u00f3n\"},{\"@type\":\"BreadcrumbList\",\"@id\":\"https:\\\/\\\/www.reciplasa.es\\\/va\\\/reciplasa-aprova-un-pressupost-de-218-milions-deuros-per-a-2025\\\/#breadcrumb\",\"itemListElement\":[{\"@type\":\"ListItem\",\"position\":1,\"name\":\"Portada\",\"item\":\"https:\\\/\\\/www.reciplasa.es\\\/va\\\/\"},{\"@type\":\"ListItem\",\"position\":2,\"name\":\"Reciplasa aprova un pressupost de 21,8 milions d&#8217;euros per a 2025\"}]},{\"@type\":\"WebSite\",\"@id\":\"https:\\\/\\\/www.reciplasa.es\\\/#website\",\"url\":\"https:\\\/\\\/www.reciplasa.es\\\/\",\"name\":\"RECIPLASA\",\"description\":\"Reciclats de Residus La Plana SA\",\"potentialAction\":[{\"@type\":\"SearchAction\",\"target\":{\"@type\":\"EntryPoint\",\"urlTemplate\":\"https:\\\/\\\/www.reciplasa.es\\\/?s={search_term_string}\"},\"query-input\":{\"@type\":\"PropertyValueSpecification\",\"valueRequired\":true,\"valueName\":\"search_term_string\"}}],\"inLanguage\":\"va-VA\"},{\"@type\":\"Person\",\"@id\":\"https:\\\/\\\/www.reciplasa.es\\\/#\\\/schema\\\/person\\\/15191934c9f5618dadb907c80c029c0b\",\"name\":\"Sandra\",\"image\":{\"@type\":\"ImageObject\",\"inLanguage\":\"va-VA\",\"@id\":\"https:\\\/\\\/secure.gravatar.com\\\/avatar\\\/605ca84bedd79915b697a46887df8ccd0249fb6f2a1bbcd0bfc66c91d997ae51?s=96&d=mm&r=g\",\"url\":\"https:\\\/\\\/secure.gravatar.com\\\/avatar\\\/605ca84bedd79915b697a46887df8ccd0249fb6f2a1bbcd0bfc66c91d997ae51?s=96&d=mm&r=g\",\"contentUrl\":\"https:\\\/\\\/secure.gravatar.com\\\/avatar\\\/605ca84bedd79915b697a46887df8ccd0249fb6f2a1bbcd0bfc66c91d997ae51?s=96&d=mm&r=g\",\"caption\":\"Sandra\"},\"url\":\"https:\\\/\\\/www.reciplasa.es\\\/va\\\/author\\\/sandra\\\/\"}]}<\/script>\n<!-- \/ Yoast SEO plugin. -->","yoast_head_json":{"title":"Reciplasa aprova un pressupost de 21,8 milions d'euros per a 2025 - RECIPLASA","description":"Els comptes del pr\u00f2xim any s'han aprovat per unanimitat i busquen l'efic\u00e0cia i l'equilibri entre ingressos i gastos.","robots":{"index":"index","follow":"follow","max-snippet":"max-snippet:-1","max-image-preview":"max-image-preview:large","max-video-preview":"max-video-preview:-1"},"canonical":"https:\/\/www.reciplasa.es\/va\/reciplasa-aprova-un-pressupost-de-218-milions-deuros-per-a-2025\/","og_locale":"en_US","og_type":"article","og_title":"Reciplasa aprova un pressupost de 21,8 milions d'euros per a 2025 - RECIPLASA","og_description":"Els comptes del pr\u00f2xim any s'han aprovat per unanimitat i busquen l'efic\u00e0cia i l'equilibri entre ingressos i gastos.","og_url":"https:\/\/www.reciplasa.es\/va\/reciplasa-aprova-un-pressupost-de-218-milions-deuros-per-a-2025\/","og_site_name":"RECIPLASA","article_published_time":"2024-10-16T07:39:35+00:00","article_modified_time":"2024-10-17T08:13:39+00:00","og_image":[{"width":2560,"height":1437,"url":"https:\/\/www.reciplasa.es\/wp-content\/uploads\/2024\/10\/1610-presupuestos-2025-scaled.jpg","type":"image\/jpeg"}],"author":"Sandra","twitter_card":"summary_large_image","twitter_misc":{"Written by":"Sandra","Est. reading time":"2 minutes"},"schema":{"@context":"https:\/\/schema.org","@graph":[{"@type":"Article","@id":"https:\/\/www.reciplasa.es\/va\/reciplasa-aprova-un-pressupost-de-218-milions-deuros-per-a-2025\/#article","isPartOf":{"@id":"https:\/\/www.reciplasa.es\/va\/reciplasa-aprova-un-pressupost-de-218-milions-deuros-per-a-2025\/"},"author":{"name":"Sandra","@id":"https:\/\/www.reciplasa.es\/#\/schema\/person\/15191934c9f5618dadb907c80c029c0b"},"headline":"Reciplasa aprova un pressupost de 21,8 milions d&#8217;euros per a 2025","datePublished":"2024-10-16T07:39:35+00:00","dateModified":"2024-10-17T08:13:39+00:00","mainEntityOfPage":{"@id":"https:\/\/www.reciplasa.es\/va\/reciplasa-aprova-un-pressupost-de-218-milions-deuros-per-a-2025\/"},"wordCount":512,"image":{"@id":"https:\/\/www.reciplasa.es\/va\/reciplasa-aprova-un-pressupost-de-218-milions-deuros-per-a-2025\/#primaryimage"},"thumbnailUrl":"https:\/\/www.reciplasa.es\/wp-content\/uploads\/2024\/10\/1610-presupuestos-2025-scaled.jpg","articleSection":["Noticias corporativas"],"inLanguage":"va-VA"},{"@type":"WebPage","@id":"https:\/\/www.reciplasa.es\/va\/reciplasa-aprova-un-pressupost-de-218-milions-deuros-per-a-2025\/","url":"https:\/\/www.reciplasa.es\/va\/reciplasa-aprova-un-pressupost-de-218-milions-deuros-per-a-2025\/","name":"Reciplasa aprova un pressupost de 21,8 milions d'euros per a 2025 - RECIPLASA","isPartOf":{"@id":"https:\/\/www.reciplasa.es\/#website"},"primaryImageOfPage":{"@id":"https:\/\/www.reciplasa.es\/va\/reciplasa-aprova-un-pressupost-de-218-milions-deuros-per-a-2025\/#primaryimage"},"image":{"@id":"https:\/\/www.reciplasa.es\/va\/reciplasa-aprova-un-pressupost-de-218-milions-deuros-per-a-2025\/#primaryimage"},"thumbnailUrl":"https:\/\/www.reciplasa.es\/wp-content\/uploads\/2024\/10\/1610-presupuestos-2025-scaled.jpg","datePublished":"2024-10-16T07:39:35+00:00","dateModified":"2024-10-17T08:13:39+00:00","author":{"@id":"https:\/\/www.reciplasa.es\/#\/schema\/person\/15191934c9f5618dadb907c80c029c0b"},"description":"Els comptes del pr\u00f2xim any s'han aprovat per unanimitat i busquen l'efic\u00e0cia i l'equilibri entre ingressos i gastos.","breadcrumb":{"@id":"https:\/\/www.reciplasa.es\/va\/reciplasa-aprova-un-pressupost-de-218-milions-deuros-per-a-2025\/#breadcrumb"},"inLanguage":"va-VA","potentialAction":[{"@type":"ReadAction","target":["https:\/\/www.reciplasa.es\/va\/reciplasa-aprova-un-pressupost-de-218-milions-deuros-per-a-2025\/"]}]},{"@type":"ImageObject","inLanguage":"va-VA","@id":"https:\/\/www.reciplasa.es\/va\/reciplasa-aprova-un-pressupost-de-218-milions-deuros-per-a-2025\/#primaryimage","url":"https:\/\/www.reciplasa.es\/wp-content\/uploads\/2024\/10\/1610-presupuestos-2025-scaled.jpg","contentUrl":"https:\/\/www.reciplasa.es\/wp-content\/uploads\/2024\/10\/1610-presupuestos-2025-scaled.jpg","width":2560,"height":1437,"caption":"Consejo de Administraci\u00f3n"},{"@type":"BreadcrumbList","@id":"https:\/\/www.reciplasa.es\/va\/reciplasa-aprova-un-pressupost-de-218-milions-deuros-per-a-2025\/#breadcrumb","itemListElement":[{"@type":"ListItem","position":1,"name":"Portada","item":"https:\/\/www.reciplasa.es\/va\/"},{"@type":"ListItem","position":2,"name":"Reciplasa aprova un pressupost de 21,8 milions d&#8217;euros per a 2025"}]},{"@type":"WebSite","@id":"https:\/\/www.reciplasa.es\/#website","url":"https:\/\/www.reciplasa.es\/","name":"RECIPLASA","description":"Reciclats de Residus La Plana SA","potentialAction":[{"@type":"SearchAction","target":{"@type":"EntryPoint","urlTemplate":"https:\/\/www.reciplasa.es\/?s={search_term_string}"},"query-input":{"@type":"PropertyValueSpecification","valueRequired":true,"valueName":"search_term_string"}}],"inLanguage":"va-VA"},{"@type":"Person","@id":"https:\/\/www.reciplasa.es\/#\/schema\/person\/15191934c9f5618dadb907c80c029c0b","name":"Sandra","image":{"@type":"ImageObject","inLanguage":"va-VA","@id":"https:\/\/secure.gravatar.com\/avatar\/605ca84bedd79915b697a46887df8ccd0249fb6f2a1bbcd0bfc66c91d997ae51?s=96&d=mm&r=g","url":"https:\/\/secure.gravatar.com\/avatar\/605ca84bedd79915b697a46887df8ccd0249fb6f2a1bbcd0bfc66c91d997ae51?s=96&d=mm&r=g","contentUrl":"https:\/\/secure.gravatar.com\/avatar\/605ca84bedd79915b697a46887df8ccd0249fb6f2a1bbcd0bfc66c91d997ae51?s=96&d=mm&r=g","caption":"Sandra"},"url":"https:\/\/www.reciplasa.es\/va\/author\/sandra\/"}]}},"_links":{"self":[{"href":"https:\/\/www.reciplasa.es\/va\/wp-json\/wp\/v2\/posts\/16389","targetHints":{"allow":["GET"]}}],"collection":[{"href":"https:\/\/www.reciplasa.es\/va\/wp-json\/wp\/v2\/posts"}],"about":[{"href":"https:\/\/www.reciplasa.es\/va\/wp-json\/wp\/v2\/types\/post"}],"author":[{"embeddable":true,"href":"https:\/\/www.reciplasa.es\/va\/wp-json\/wp\/v2\/users\/13"}],"replies":[{"embeddable":true,"href":"https:\/\/www.reciplasa.es\/va\/wp-json\/wp\/v2\/comments?post=16389"}],"version-history":[{"count":3,"href":"https:\/\/www.reciplasa.es\/va\/wp-json\/wp\/v2\/posts\/16389\/revisions"}],"predecessor-version":[{"id":16394,"href":"https:\/\/www.reciplasa.es\/va\/wp-json\/wp\/v2\/posts\/16389\/revisions\/16394"}],"wp:featuredmedia":[{"embeddable":true,"href":"https:\/\/www.reciplasa.es\/va\/wp-json\/wp\/v2\/media\/16387"}],"wp:attachment":[{"href":"https:\/\/www.reciplasa.es\/va\/wp-json\/wp\/v2\/media?parent=16389"}],"wp:term":[{"taxonomy":"category","embeddable":true,"href":"https:\/\/www.reciplasa.es\/va\/wp-json\/wp\/v2\/categories?post=16389"},{"taxonomy":"post_tag","embeddable":true,"href":"https:\/\/www.reciplasa.es\/va\/wp-json\/wp\/v2\/tags?post=16389"}],"curies":[{"name":"wp","href":"https:\/\/api.w.org\/{rel}","templated":true}]}}