{"id":16421,"date":"2024-10-21T10:03:00","date_gmt":"2024-10-21T10:03:00","guid":{"rendered":"https:\/\/www.reciplasa.es\/?p=16421\/"},"modified":"2024-10-28T10:14:06","modified_gmt":"2024-10-28T10:14:06","slug":"reciplasa-arranca-manana-la-celebracion-de-su-30-aniversario-con-un-importante-congreso-nacional-sobre-medio-ambiente","status":"publish","type":"post","link":"https:\/\/www.reciplasa.es\/va\/reciplasa-arranca-manana-la-celebracion-de-su-30-aniversario-con-un-importante-congreso-nacional-sobre-medio-ambiente\/","title":{"rendered":"Reciplasa arranca ma\u00f1ana la celebraci\u00f3n de su 30 aniversario con un importante congreso nacional sobre medio ambiente"},"content":{"rendered":"\n<p><em>Las XXI Jornadas ANEPMA atraer\u00e1n a 500 profesionales del sector y generar\u00e1n un impacto econ\u00f3mico de 400.000 euros<\/em><\/p>\n\n\n\n<p><strong>Castell\u00f3n (21-10-2024). \u2013 <\/strong>La entidad p\u00fablica Reciplasa, que este a\u00f1o conmemora su 30 aniversario, tiene todo listo ya para acoger ma\u00f1ana martes 22 de octubre las XXXI Jornadas T\u00e9cnicas de la Asociaci\u00f3n de Empresas P\u00fablicas de Medio Ambiente (ANEPMA) que se celebrar\u00e1 en el Palau de la Festa de Castell\u00f3n hasta el jueves 24 de octubre y la primera vez que el que est\u00e1 considerado el foro t\u00e9cnico m\u00e1s importante de Espa\u00f1a en el sector se celebre en la Comunitat Valenciana.<\/p>\n\n\n\n<p>\u201cTraemos las Jornadas ANEPMA por primera vez a la Comunitat Valenciana.Y eso quiere decir que traemos el foro t\u00e9cnico medioambiental m\u00e1s importante de nuestro pa\u00eds: 500 personas especializadas que van a aprender y exponer en sus ponencias los avances t\u00e9cnicos m\u00e1s importantes del sector, con temas tan interesantes como la introducci\u00f3n de la inteligencia artificial para una mayor eficiencia, o la transici\u00f3n energ\u00e9tica\u201d, ha indicado el presidente de la empresa p\u00fablica, Sergio Toledo.<\/p>\n\n\n\n<p>El evento supondr\u00e1 una importante repercusi\u00f3n econ\u00f3mica para la ciudad de Castell\u00f3n, ya que adem\u00e1s de la programaci\u00f3n t\u00e9cnica, la organizaci\u00f3n ha previsto una variada oferta complementaria de actividades que llevar\u00e1n a los asistentes a conocer mejor la ciudad a trav\u00e9s de su gastronom\u00eda, actividades deportivas y tur\u00edsticas y se prev\u00e9 un impacto de 400.000 euros de beneficios para la provincia.<\/p>\n\n\n\n<p>Hay que tener en cuenta que adem\u00e1s de los congresistas, las jornadas cuentan con una importante parte expositiva en la que las empresas especializadas muestran sus innovaciones tecnol\u00f3gicas. Tal y como ha se\u00f1alado el presidente de ANEPMA, Jes\u00fas Diz, \u201cANEPMA est\u00e1 integrada por 51 empresas asociadas que prestan cobertura a m\u00e1s de 1.200 municipios de 13 Comunidades Aut\u00f3nomas, atendiendo a una poblaci\u00f3n de m\u00e1s de 11 millones de ciudadanos. Estamos muy satisfechos con los preparativos en Castell\u00f3n, y las jornadas t\u00e9cnicas van a ser muy interesantes, pues profesionales muy cualificados vendr\u00e1n a tratar temas de gran inter\u00e9s para el sector\u201d.<\/p>\n\n\n\n<p>Las jornadas arrancan ma\u00f1ana a las 9.30 con la inauguraci\u00f3n oficial presidida por Jes\u00fas Diz, presidente de ANEPMA, el presidente de Reciplasa, Sergio Toledo, la presidenta de la Diputaci\u00f3n, Marta Barrachina y el director general de Calidad y Educaci\u00f3n Ambiental. Generalitat Valenciana, Jorge Blanco.<\/p>\n\n\n\n<p>A partir de ese momento, durante la ma\u00f1ana se celebrar\u00e1n diferentes conferencias y actividades sobre la formaci\u00f3n que realiza ANEPMA como, por ejemplo, la charla titulada <em>Posicionamiento de las Comunidades Aut\u00f3nomas ante el proceso negociador. Posibles Sanciones por Incumplimiento<\/em><strong>, <\/strong><em>Cumplimiento de Objetivos, Alternativas de Gesti\u00f3n e Infraestructuras necesarias <\/em>o la <em>Estrategia espa\u00f1ola de Econom\u00eda Circular.<\/em><\/p>\n\n\n\n<p>Tal y como explica Toledo, \u201cse trata de un importante congreso t\u00e9cnico al que asisten las voces m\u00e1s importantes del sector y que va a suponer ubicar a Reciplasa en el epicentro de las pol\u00edticas a favor del ciudadano y de la gesti\u00f3n p\u00fablica m\u00e1s puntera\u201d. Tanto es as\u00ed que el mi\u00e9rcoles habr\u00e1 conferencias sobre la recogida de residuos en municipios tur\u00edsticos, la Inteligencia Artificial dentro de la gesti\u00f3n de residuos, el congreso mirar\u00e1 hasta Portugal, con una conferencia de la asociaci\u00f3n de limpieza de este pa\u00eds, as\u00ed como abordar\u00e1 cuestiones centradas en el combustible como sustitutivo de los combustibles f\u00f3siles.<\/p>\n\n\n\n<p>Estas jornadas acoger\u00e1n la celebraci\u00f3n de la Asamblea General Ordinaria y Extraordinaria de ANEPMA el mi\u00e9rcoles 23 como parte de su intensa programaci\u00f3n. Ya en la \u00faltima jornada, durante el jueves, tendr\u00e1 lugar la presentaci\u00f3n de Reciplasa a cargo de su presidente y se analizar\u00e1 la gesti\u00f3n de los proyectos ciudadanos, as\u00ed como mesas sobre la gesti\u00f3n del pl\u00e1stico y del aprovechamiento energ\u00e9tico.<\/p>\n\n\n\n<p>Se puede consultar toda la programaci\u00f3n en <a href=\"https:\/\/jornadasanepma.com\/programa\/\">https:\/\/jornadasanepma.com\/programa\/<\/a><\/p>\n","protected":false},"excerpt":{"rendered":"<p>Las XXI Jornadas ANEPMA atraer\u00e1n a 500 profesionales del sector y generar\u00e1n un impacto econ\u00f3mico de 400.000 euros Castell\u00f3n (21-10-2024). \u2013 La entidad p\u00fablica Reciplasa, que este a\u00f1o conmemora su 30 aniversario, tiene todo listo ya para acoger ma\u00f1ana martes 22 de octubre las XXXI Jornadas T\u00e9cnicas de la Asociaci\u00f3n de Empresas P\u00fablicas de MedioDale que hay m\u00e1s &#8230;<\/p>\n","protected":false},"author":13,"featured_media":16422,"comment_status":"closed","ping_status":"closed","sticky":false,"template":"","format":"standard","meta":{"footnotes":""},"categories":[3],"tags":[],"class_list":["post-16421","post","type-post","status-publish","format-standard","has-post-thumbnail","hentry","category-noticias-corporativas"],"yoast_head":"<!-- This site is optimized with the Yoast SEO plugin v27.4 - https:\/\/yoast.com\/product\/yoast-seo-wordpress\/ -->\n<title>Reciplasa arranca ma\u00f1ana la celebraci\u00f3n de su 30 aniversario con un importante congreso nacional sobre medio ambiente - RECIPLASA<\/title>\n<meta name=\"description\" content=\"Las XXI Jornadas ANEPMA atraer\u00e1n a 500 profesionales del sector y generar\u00e1n un impacto econ\u00f3mico de 400.000 euros\" \/>\n<meta name=\"robots\" content=\"index, follow, max-snippet:-1, max-image-preview:large, max-video-preview:-1\" \/>\n<link rel=\"canonical\" href=\"https:\/\/www.reciplasa.es\/reciplasa-arranca-manana-la-celebracion-de-su-30-aniversario-con-un-importante-congreso-nacional-sobre-medio-ambiente\/\" \/>\n<meta property=\"og:locale\" content=\"en_US\" \/>\n<meta property=\"og:type\" content=\"article\" \/>\n<meta property=\"og:title\" content=\"Reciplasa arranca ma\u00f1ana la celebraci\u00f3n de su 30 aniversario con un importante congreso nacional sobre medio ambiente - RECIPLASA\" \/>\n<meta property=\"og:description\" content=\"Las XXI Jornadas ANEPMA atraer\u00e1n a 500 profesionales del sector y generar\u00e1n un impacto econ\u00f3mico de 400.000 euros\" \/>\n<meta property=\"og:url\" content=\"https:\/\/www.reciplasa.es\/reciplasa-arranca-manana-la-celebracion-de-su-30-aniversario-con-un-importante-congreso-nacional-sobre-medio-ambiente\/\" \/>\n<meta property=\"og:site_name\" content=\"RECIPLASA\" \/>\n<meta property=\"article:published_time\" content=\"2024-10-21T10:03:00+00:00\" \/>\n<meta property=\"article:modified_time\" content=\"2024-10-28T10:14:06+00:00\" \/>\n<meta property=\"og:image\" content=\"https:\/\/www.reciplasa.es\/wp-content\/uploads\/2024\/10\/Presentacion-ornadas-Anepma-Reciplasa.jpeg\" \/>\n\t<meta property=\"og:image:width\" content=\"1600\" \/>\n\t<meta property=\"og:image:height\" content=\"918\" \/>\n\t<meta property=\"og:image:type\" content=\"image\/jpeg\" \/>\n<meta name=\"author\" content=\"Sandra\" \/>\n<meta name=\"twitter:card\" content=\"summary_large_image\" \/>\n<meta name=\"twitter:label1\" content=\"Written by\" \/>\n\t<meta name=\"twitter:data1\" content=\"Sandra\" \/>\n\t<meta name=\"twitter:label2\" content=\"Est. reading time\" \/>\n\t<meta name=\"twitter:data2\" content=\"3 minutes\" \/>\n<script type=\"application\/ld+json\" class=\"yoast-schema-graph\">{\"@context\":\"https:\\\/\\\/schema.org\",\"@graph\":[{\"@type\":\"Article\",\"@id\":\"https:\\\/\\\/www.reciplasa.es\\\/reciplasa-arranca-manana-la-celebracion-de-su-30-aniversario-con-un-importante-congreso-nacional-sobre-medio-ambiente\\\/#article\",\"isPartOf\":{\"@id\":\"https:\\\/\\\/www.reciplasa.es\\\/reciplasa-arranca-manana-la-celebracion-de-su-30-aniversario-con-un-importante-congreso-nacional-sobre-medio-ambiente\\\/\"},\"author\":{\"name\":\"Sandra\",\"@id\":\"https:\\\/\\\/www.reciplasa.es\\\/#\\\/schema\\\/person\\\/15191934c9f5618dadb907c80c029c0b\"},\"headline\":\"Reciplasa arranca ma\u00f1ana la celebraci\u00f3n de su 30 aniversario con un importante congreso nacional sobre medio ambiente\",\"datePublished\":\"2024-10-21T10:03:00+00:00\",\"dateModified\":\"2024-10-28T10:14:06+00:00\",\"mainEntityOfPage\":{\"@id\":\"https:\\\/\\\/www.reciplasa.es\\\/reciplasa-arranca-manana-la-celebracion-de-su-30-aniversario-con-un-importante-congreso-nacional-sobre-medio-ambiente\\\/\"},\"wordCount\":693,\"image\":{\"@id\":\"https:\\\/\\\/www.reciplasa.es\\\/reciplasa-arranca-manana-la-celebracion-de-su-30-aniversario-con-un-importante-congreso-nacional-sobre-medio-ambiente\\\/#primaryimage\"},\"thumbnailUrl\":\"https:\\\/\\\/www.reciplasa.es\\\/wp-content\\\/uploads\\\/2024\\\/10\\\/Presentacion-ornadas-Anepma-Reciplasa.jpeg\",\"articleSection\":[\"Noticias corporativas\"],\"inLanguage\":\"va-VA\"},{\"@type\":\"WebPage\",\"@id\":\"https:\\\/\\\/www.reciplasa.es\\\/reciplasa-arranca-manana-la-celebracion-de-su-30-aniversario-con-un-importante-congreso-nacional-sobre-medio-ambiente\\\/\",\"url\":\"https:\\\/\\\/www.reciplasa.es\\\/reciplasa-arranca-manana-la-celebracion-de-su-30-aniversario-con-un-importante-congreso-nacional-sobre-medio-ambiente\\\/\",\"name\":\"Reciplasa arranca ma\u00f1ana la celebraci\u00f3n de su 30 aniversario con un importante congreso nacional sobre medio ambiente - RECIPLASA\",\"isPartOf\":{\"@id\":\"https:\\\/\\\/www.reciplasa.es\\\/#website\"},\"primaryImageOfPage\":{\"@id\":\"https:\\\/\\\/www.reciplasa.es\\\/reciplasa-arranca-manana-la-celebracion-de-su-30-aniversario-con-un-importante-congreso-nacional-sobre-medio-ambiente\\\/#primaryimage\"},\"image\":{\"@id\":\"https:\\\/\\\/www.reciplasa.es\\\/reciplasa-arranca-manana-la-celebracion-de-su-30-aniversario-con-un-importante-congreso-nacional-sobre-medio-ambiente\\\/#primaryimage\"},\"thumbnailUrl\":\"https:\\\/\\\/www.reciplasa.es\\\/wp-content\\\/uploads\\\/2024\\\/10\\\/Presentacion-ornadas-Anepma-Reciplasa.jpeg\",\"datePublished\":\"2024-10-21T10:03:00+00:00\",\"dateModified\":\"2024-10-28T10:14:06+00:00\",\"author\":{\"@id\":\"https:\\\/\\\/www.reciplasa.es\\\/#\\\/schema\\\/person\\\/15191934c9f5618dadb907c80c029c0b\"},\"description\":\"Las XXI Jornadas ANEPMA atraer\u00e1n a 500 profesionales del sector y generar\u00e1n un impacto econ\u00f3mico de 400.000 euros\",\"breadcrumb\":{\"@id\":\"https:\\\/\\\/www.reciplasa.es\\\/reciplasa-arranca-manana-la-celebracion-de-su-30-aniversario-con-un-importante-congreso-nacional-sobre-medio-ambiente\\\/#breadcrumb\"},\"inLanguage\":\"va-VA\",\"potentialAction\":[{\"@type\":\"ReadAction\",\"target\":[\"https:\\\/\\\/www.reciplasa.es\\\/reciplasa-arranca-manana-la-celebracion-de-su-30-aniversario-con-un-importante-congreso-nacional-sobre-medio-ambiente\\\/\"]}]},{\"@type\":\"ImageObject\",\"inLanguage\":\"va-VA\",\"@id\":\"https:\\\/\\\/www.reciplasa.es\\\/reciplasa-arranca-manana-la-celebracion-de-su-30-aniversario-con-un-importante-congreso-nacional-sobre-medio-ambiente\\\/#primaryimage\",\"url\":\"https:\\\/\\\/www.reciplasa.es\\\/wp-content\\\/uploads\\\/2024\\\/10\\\/Presentacion-ornadas-Anepma-Reciplasa.jpeg\",\"contentUrl\":\"https:\\\/\\\/www.reciplasa.es\\\/wp-content\\\/uploads\\\/2024\\\/10\\\/Presentacion-ornadas-Anepma-Reciplasa.jpeg\",\"width\":1600,\"height\":918},{\"@type\":\"BreadcrumbList\",\"@id\":\"https:\\\/\\\/www.reciplasa.es\\\/reciplasa-arranca-manana-la-celebracion-de-su-30-aniversario-con-un-importante-congreso-nacional-sobre-medio-ambiente\\\/#breadcrumb\",\"itemListElement\":[{\"@type\":\"ListItem\",\"position\":1,\"name\":\"Portada\",\"item\":\"https:\\\/\\\/www.reciplasa.es\\\/va\\\/\"},{\"@type\":\"ListItem\",\"position\":2,\"name\":\"Reciplasa arranca ma\u00f1ana la celebraci\u00f3n de su 30 aniversario con un importante congreso nacional sobre medio ambiente\"}]},{\"@type\":\"WebSite\",\"@id\":\"https:\\\/\\\/www.reciplasa.es\\\/#website\",\"url\":\"https:\\\/\\\/www.reciplasa.es\\\/\",\"name\":\"RECIPLASA\",\"description\":\"Reciclats de Residus La Plana SA\",\"potentialAction\":[{\"@type\":\"SearchAction\",\"target\":{\"@type\":\"EntryPoint\",\"urlTemplate\":\"https:\\\/\\\/www.reciplasa.es\\\/?s={search_term_string}\"},\"query-input\":{\"@type\":\"PropertyValueSpecification\",\"valueRequired\":true,\"valueName\":\"search_term_string\"}}],\"inLanguage\":\"va-VA\"},{\"@type\":\"Person\",\"@id\":\"https:\\\/\\\/www.reciplasa.es\\\/#\\\/schema\\\/person\\\/15191934c9f5618dadb907c80c029c0b\",\"name\":\"Sandra\",\"image\":{\"@type\":\"ImageObject\",\"inLanguage\":\"va-VA\",\"@id\":\"https:\\\/\\\/secure.gravatar.com\\\/avatar\\\/605ca84bedd79915b697a46887df8ccd0249fb6f2a1bbcd0bfc66c91d997ae51?s=96&d=mm&r=g\",\"url\":\"https:\\\/\\\/secure.gravatar.com\\\/avatar\\\/605ca84bedd79915b697a46887df8ccd0249fb6f2a1bbcd0bfc66c91d997ae51?s=96&d=mm&r=g\",\"contentUrl\":\"https:\\\/\\\/secure.gravatar.com\\\/avatar\\\/605ca84bedd79915b697a46887df8ccd0249fb6f2a1bbcd0bfc66c91d997ae51?s=96&d=mm&r=g\",\"caption\":\"Sandra\"},\"url\":\"https:\\\/\\\/www.reciplasa.es\\\/va\\\/author\\\/sandra\\\/\"}]}<\/script>\n<!-- \/ Yoast SEO plugin. -->","yoast_head_json":{"title":"Reciplasa arranca ma\u00f1ana la celebraci\u00f3n de su 30 aniversario con un importante congreso nacional sobre medio ambiente - RECIPLASA","description":"Las XXI Jornadas ANEPMA atraer\u00e1n a 500 profesionales del sector y generar\u00e1n un impacto econ\u00f3mico de 400.000 euros","robots":{"index":"index","follow":"follow","max-snippet":"max-snippet:-1","max-image-preview":"max-image-preview:large","max-video-preview":"max-video-preview:-1"},"canonical":"https:\/\/www.reciplasa.es\/reciplasa-arranca-manana-la-celebracion-de-su-30-aniversario-con-un-importante-congreso-nacional-sobre-medio-ambiente\/","og_locale":"en_US","og_type":"article","og_title":"Reciplasa arranca ma\u00f1ana la celebraci\u00f3n de su 30 aniversario con un importante congreso nacional sobre medio ambiente - RECIPLASA","og_description":"Las XXI Jornadas ANEPMA atraer\u00e1n a 500 profesionales del sector y generar\u00e1n un impacto econ\u00f3mico de 400.000 euros","og_url":"https:\/\/www.reciplasa.es\/reciplasa-arranca-manana-la-celebracion-de-su-30-aniversario-con-un-importante-congreso-nacional-sobre-medio-ambiente\/","og_site_name":"RECIPLASA","article_published_time":"2024-10-21T10:03:00+00:00","article_modified_time":"2024-10-28T10:14:06+00:00","og_image":[{"width":1600,"height":918,"url":"https:\/\/www.reciplasa.es\/wp-content\/uploads\/2024\/10\/Presentacion-ornadas-Anepma-Reciplasa.jpeg","type":"image\/jpeg"}],"author":"Sandra","twitter_card":"summary_large_image","twitter_misc":{"Written by":"Sandra","Est. reading time":"3 minutes"},"schema":{"@context":"https:\/\/schema.org","@graph":[{"@type":"Article","@id":"https:\/\/www.reciplasa.es\/reciplasa-arranca-manana-la-celebracion-de-su-30-aniversario-con-un-importante-congreso-nacional-sobre-medio-ambiente\/#article","isPartOf":{"@id":"https:\/\/www.reciplasa.es\/reciplasa-arranca-manana-la-celebracion-de-su-30-aniversario-con-un-importante-congreso-nacional-sobre-medio-ambiente\/"},"author":{"name":"Sandra","@id":"https:\/\/www.reciplasa.es\/#\/schema\/person\/15191934c9f5618dadb907c80c029c0b"},"headline":"Reciplasa arranca ma\u00f1ana la celebraci\u00f3n de su 30 aniversario con un importante congreso nacional sobre medio ambiente","datePublished":"2024-10-21T10:03:00+00:00","dateModified":"2024-10-28T10:14:06+00:00","mainEntityOfPage":{"@id":"https:\/\/www.reciplasa.es\/reciplasa-arranca-manana-la-celebracion-de-su-30-aniversario-con-un-importante-congreso-nacional-sobre-medio-ambiente\/"},"wordCount":693,"image":{"@id":"https:\/\/www.reciplasa.es\/reciplasa-arranca-manana-la-celebracion-de-su-30-aniversario-con-un-importante-congreso-nacional-sobre-medio-ambiente\/#primaryimage"},"thumbnailUrl":"https:\/\/www.reciplasa.es\/wp-content\/uploads\/2024\/10\/Presentacion-ornadas-Anepma-Reciplasa.jpeg","articleSection":["Noticias corporativas"],"inLanguage":"va-VA"},{"@type":"WebPage","@id":"https:\/\/www.reciplasa.es\/reciplasa-arranca-manana-la-celebracion-de-su-30-aniversario-con-un-importante-congreso-nacional-sobre-medio-ambiente\/","url":"https:\/\/www.reciplasa.es\/reciplasa-arranca-manana-la-celebracion-de-su-30-aniversario-con-un-importante-congreso-nacional-sobre-medio-ambiente\/","name":"Reciplasa arranca ma\u00f1ana la celebraci\u00f3n de su 30 aniversario con un importante congreso nacional sobre medio ambiente - RECIPLASA","isPartOf":{"@id":"https:\/\/www.reciplasa.es\/#website"},"primaryImageOfPage":{"@id":"https:\/\/www.reciplasa.es\/reciplasa-arranca-manana-la-celebracion-de-su-30-aniversario-con-un-importante-congreso-nacional-sobre-medio-ambiente\/#primaryimage"},"image":{"@id":"https:\/\/www.reciplasa.es\/reciplasa-arranca-manana-la-celebracion-de-su-30-aniversario-con-un-importante-congreso-nacional-sobre-medio-ambiente\/#primaryimage"},"thumbnailUrl":"https:\/\/www.reciplasa.es\/wp-content\/uploads\/2024\/10\/Presentacion-ornadas-Anepma-Reciplasa.jpeg","datePublished":"2024-10-21T10:03:00+00:00","dateModified":"2024-10-28T10:14:06+00:00","author":{"@id":"https:\/\/www.reciplasa.es\/#\/schema\/person\/15191934c9f5618dadb907c80c029c0b"},"description":"Las XXI Jornadas ANEPMA atraer\u00e1n a 500 profesionales del sector y generar\u00e1n un impacto econ\u00f3mico de 400.000 euros","breadcrumb":{"@id":"https:\/\/www.reciplasa.es\/reciplasa-arranca-manana-la-celebracion-de-su-30-aniversario-con-un-importante-congreso-nacional-sobre-medio-ambiente\/#breadcrumb"},"inLanguage":"va-VA","potentialAction":[{"@type":"ReadAction","target":["https:\/\/www.reciplasa.es\/reciplasa-arranca-manana-la-celebracion-de-su-30-aniversario-con-un-importante-congreso-nacional-sobre-medio-ambiente\/"]}]},{"@type":"ImageObject","inLanguage":"va-VA","@id":"https:\/\/www.reciplasa.es\/reciplasa-arranca-manana-la-celebracion-de-su-30-aniversario-con-un-importante-congreso-nacional-sobre-medio-ambiente\/#primaryimage","url":"https:\/\/www.reciplasa.es\/wp-content\/uploads\/2024\/10\/Presentacion-ornadas-Anepma-Reciplasa.jpeg","contentUrl":"https:\/\/www.reciplasa.es\/wp-content\/uploads\/2024\/10\/Presentacion-ornadas-Anepma-Reciplasa.jpeg","width":1600,"height":918},{"@type":"BreadcrumbList","@id":"https:\/\/www.reciplasa.es\/reciplasa-arranca-manana-la-celebracion-de-su-30-aniversario-con-un-importante-congreso-nacional-sobre-medio-ambiente\/#breadcrumb","itemListElement":[{"@type":"ListItem","position":1,"name":"Portada","item":"https:\/\/www.reciplasa.es\/va\/"},{"@type":"ListItem","position":2,"name":"Reciplasa arranca ma\u00f1ana la celebraci\u00f3n de su 30 aniversario con un importante congreso nacional sobre medio ambiente"}]},{"@type":"WebSite","@id":"https:\/\/www.reciplasa.es\/#website","url":"https:\/\/www.reciplasa.es\/","name":"RECIPLASA","description":"Reciclats de Residus La Plana SA","potentialAction":[{"@type":"SearchAction","target":{"@type":"EntryPoint","urlTemplate":"https:\/\/www.reciplasa.es\/?s={search_term_string}"},"query-input":{"@type":"PropertyValueSpecification","valueRequired":true,"valueName":"search_term_string"}}],"inLanguage":"va-VA"},{"@type":"Person","@id":"https:\/\/www.reciplasa.es\/#\/schema\/person\/15191934c9f5618dadb907c80c029c0b","name":"Sandra","image":{"@type":"ImageObject","inLanguage":"va-VA","@id":"https:\/\/secure.gravatar.com\/avatar\/605ca84bedd79915b697a46887df8ccd0249fb6f2a1bbcd0bfc66c91d997ae51?s=96&d=mm&r=g","url":"https:\/\/secure.gravatar.com\/avatar\/605ca84bedd79915b697a46887df8ccd0249fb6f2a1bbcd0bfc66c91d997ae51?s=96&d=mm&r=g","contentUrl":"https:\/\/secure.gravatar.com\/avatar\/605ca84bedd79915b697a46887df8ccd0249fb6f2a1bbcd0bfc66c91d997ae51?s=96&d=mm&r=g","caption":"Sandra"},"url":"https:\/\/www.reciplasa.es\/va\/author\/sandra\/"}]}},"_links":{"self":[{"href":"https:\/\/www.reciplasa.es\/va\/wp-json\/wp\/v2\/posts\/16421","targetHints":{"allow":["GET"]}}],"collection":[{"href":"https:\/\/www.reciplasa.es\/va\/wp-json\/wp\/v2\/posts"}],"about":[{"href":"https:\/\/www.reciplasa.es\/va\/wp-json\/wp\/v2\/types\/post"}],"author":[{"embeddable":true,"href":"https:\/\/www.reciplasa.es\/va\/wp-json\/wp\/v2\/users\/13"}],"replies":[{"embeddable":true,"href":"https:\/\/www.reciplasa.es\/va\/wp-json\/wp\/v2\/comments?post=16421"}],"version-history":[{"count":1,"href":"https:\/\/www.reciplasa.es\/va\/wp-json\/wp\/v2\/posts\/16421\/revisions"}],"predecessor-version":[{"id":16423,"href":"https:\/\/www.reciplasa.es\/va\/wp-json\/wp\/v2\/posts\/16421\/revisions\/16423"}],"wp:featuredmedia":[{"embeddable":true,"href":"https:\/\/www.reciplasa.es\/va\/wp-json\/wp\/v2\/media\/16422"}],"wp:attachment":[{"href":"https:\/\/www.reciplasa.es\/va\/wp-json\/wp\/v2\/media?parent=16421"}],"wp:term":[{"taxonomy":"category","embeddable":true,"href":"https:\/\/www.reciplasa.es\/va\/wp-json\/wp\/v2\/categories?post=16421"},{"taxonomy":"post_tag","embeddable":true,"href":"https:\/\/www.reciplasa.es\/va\/wp-json\/wp\/v2\/tags?post=16421"}],"curies":[{"name":"wp","href":"https:\/\/api.w.org\/{rel}","templated":true}]}}