{"id":16424,"date":"2024-10-28T10:21:03","date_gmt":"2024-10-28T10:21:03","guid":{"rendered":"https:\/\/www.reciplasa.es\/?p=16424\/"},"modified":"2024-10-28T10:56:12","modified_gmt":"2024-10-28T10:56:12","slug":"reciplasa-arranca-dema-la-celebracio-del-seu-30-aniversari-amb-un-important-congres-nacional-sobre-medi-ambient","status":"publish","type":"post","link":"https:\/\/www.reciplasa.es\/va\/reciplasa-arranca-dema-la-celebracio-del-seu-30-aniversari-amb-un-important-congres-nacional-sobre-medi-ambient\/","title":{"rendered":"Reciplasa arranca dem\u00e0 la celebraci\u00f3 del seu 30 aniversari amb un important congr\u00e9s nacional sobre medi ambient"},"content":{"rendered":"\n<p><em>Les XXI Jornades&nbsp;ANEPMA&nbsp;atrauran a 500 professionals del sector i generaran un impacte econ\u00f2mic de 400.000 euros<\/em><\/p>\n\n\n\n<p><em>Sergio Toledo: \u201cAmb aquest congr\u00e9s, situem a&nbsp;Reciplasa&nbsp;en l&#8217;epicentre de la gesti\u00f3 eficient dels recursos p\u00fablics\u201d<\/em><\/p>\n\n\n\n<p><strong>Castell\u00f3 (21-10-2024). <\/strong>L&#8217;entitat p\u00fablica&nbsp;Reciplasa, que enguany commemora el seu 30 aniversari, t\u00e9 tot llest ja per a acollir dem\u00e0 dimarts 22 d&#8217;octubre les XXXI Jornades T\u00e8cniques de l&#8217;Associaci\u00f3 d&#8217;Empreses P\u00fabliques de Medi Ambient (ANEPMA)&nbsp;que se celebrar\u00e0 al Palau de la&nbsp;Festa&nbsp;de Castell\u00f3 fins al dijous 24 d&#8217;octubre i la primera vegada que el que \u00e9s considerat el f\u00f2rum t\u00e8cnic m\u00e9s important d&#8217;Espanya en el sector se celebre en la Comunitat Valenciana.<\/p>\n\n\n\n<p><br>\u201cPortem les Jornades&nbsp;ANEPMA&nbsp;per primera vegada a la Comunitat Valenciana.I aix\u00f2 vol dir que portem el f\u00f2rum t\u00e8cnic mediambiental m\u00e9s important del nostre pa\u00eds: 500 persones especialitzades que aprendran i exposar en les seues pon\u00e8ncies els avan\u00e7os t\u00e8cnics m\u00e9s importants del sector, amb temes tan interessants com la introducci\u00f3 de la intel\u00b7lig\u00e8ncia artificial per a una major efici\u00e8ncia, o la transici\u00f3 energ\u00e8tica\u201d, ha indicat el president de l&#8217;empresa p\u00fablica, Sergio Toledo.<\/p>\n\n\n\n<p><br>L&#8217;esdeveniment suposar\u00e0 una important repercussi\u00f3 econ\u00f2mica per a la ciutat de Castell\u00f3, ja que a m\u00e9s de la programaci\u00f3 t\u00e8cnica, l&#8217;organitzaci\u00f3 ha previst una variada oferta complement\u00e0ria d&#8217;activitats que portaran als assistents a con\u00e9ixer millor la ciutat a trav\u00e9s de la seua gastronomia, activitats esportives i tur\u00edstiques i es preveu un impacte de 400.000 euros de beneficis per a la prov\u00edncia.<\/p>\n\n\n\n<p><br>Cal tindre en compte que a m\u00e9s dels congressistes, les jornades compten amb una important part expositiva en la qual les empreses especialitzades mostren les seues innovacions tecnol\u00f2giques. Tal com ha assenyalat el president de&nbsp;ANEPMA, Jes\u00fas&nbsp;Diz, \u201cANEPMA&nbsp;est\u00e0 integrada per 51 empreses associades que presten cobertura a m\u00e9s de 1.200 municipis de 13 Comunitats Aut\u00f2nomes, atesa una poblaci\u00f3 de m\u00e9s d&#8217;11 milions de ciutadans. Estem molt satisfets amb els preparatius a Castell\u00f3, i les jornades t\u00e8cniques seran molt interessants, perqu\u00e8 professionals molt qualificats vindran a tractar temes de gran inter\u00e9s per al sector\u201d.<br><br>Les jornades arranquen dem\u00e0 a les 9.30 amb la inauguraci\u00f3 oficial presidida per Jes\u00fas&nbsp;Diz, president de&nbsp;ANEPMA, el president de&nbsp;Reciplasa, Sergio Toledo, la presidenta de la Diputaci\u00f3, Marta Barrachina i el director general de Qualitat i Educaci\u00f3 Ambiental. Generalitat Valenciana, Jorge Blanco.<\/p>\n\n\n\n<p><br>A partir d&#8217;eixe moment, durant el mat\u00ed se celebraran diferents confer\u00e8ncies i activitats sobre la formaci\u00f3 que realitza&nbsp;ANEPMA&nbsp;com, per exemple, la xarrada titulada Posicionament de les Comunitats Aut\u00f2nomes davant el proc\u00e9s negociador. Possibles Sancions per Incompliment, Compliment d&#8217;Objectius, Alternatives de Gesti\u00f3 i Infraestructures necess\u00e0ries o l&#8217;Estrat\u00e8gia espanyola d&#8217;Economia Circular.<\/p>\n\n\n\n<p><br>Tal com explica Toledo, \u201ces tracta d&#8217;un important congr\u00e9s t\u00e8cnic al qual assisteixen les veus m\u00e9s importants del sector i que suposar\u00e0 situar a&nbsp;Reciplasa&nbsp;en l&#8217;epicentre de les pol\u00edtiques a favor del ciutad\u00e0 i de la gesti\u00f3 p\u00fablica m\u00e9s capdavantera\u201d. Tant \u00e9s aix\u00ed que el dimecres hi haur\u00e0 confer\u00e8ncies sobre la recollida de residus en municipis tur\u00edstics, la Intel\u00b7lig\u00e8ncia Artificial dins de la gesti\u00f3 de residus, el congr\u00e9s mirar\u00e0 fins a Portugal, amb una confer\u00e8ncia de l&#8217;associaci\u00f3 de neteja d&#8217;aquest pa\u00eds, aix\u00ed com abordar\u00e0 q\u00fcestions centrades en el combustible com a substitutiu dels combustibles f\u00f2ssils.<\/p>\n\n\n\n<p><br>Aquestes jornades acolliran la celebraci\u00f3 de l&#8217;Assemblea General Ordin\u00e0ria i Extraordin\u00e0ria de&nbsp;ANEPMA&nbsp;el dimecres 23 com a part de la seua intensa programaci\u00f3. Ja en l&#8217;\u00faltima jornada, durant el dijous, tindr\u00e0 lloc la presentaci\u00f3 de&nbsp;Reciplasa&nbsp;a c\u00e0rrec del seu president i s&#8217;analitzar\u00e0 la gesti\u00f3 dels projectes ciutadans, aix\u00ed com taules sobre la gesti\u00f3 del pl\u00e0stic i de l&#8217;aprofitament energ\u00e8tic.<\/p>\n\n\n\n<p><br><br>Es pot consultar tota la programaci\u00f3 en https:\/\/jornadasanepma.com\/programa\/<\/p>\n","protected":false},"excerpt":{"rendered":"<p>Les XXI Jornades&nbsp;ANEPMA&nbsp;atrauran a 500 professionals del sector i generaran un impacte econ\u00f2mic de 400.000 euros Sergio Toledo: \u201cAmb aquest congr\u00e9s, situem a&nbsp;Reciplasa&nbsp;en l&#8217;epicentre de la gesti\u00f3 eficient dels recursos p\u00fablics\u201d Castell\u00f3 (21-10-2024). L&#8217;entitat p\u00fablica&nbsp;Reciplasa, que enguany commemora el seu 30 aniversari, t\u00e9 tot llest ja per a acollir dem\u00e0 dimarts 22 d&#8217;octubre les XXXIDale que hay m\u00e1s &#8230;<\/p>\n","protected":false},"author":13,"featured_media":16422,"comment_status":"closed","ping_status":"closed","sticky":false,"template":"","format":"standard","meta":{"footnotes":""},"categories":[3],"tags":[],"class_list":["post-16424","post","type-post","status-publish","format-standard","has-post-thumbnail","hentry","category-noticias-corporativas"],"yoast_head":"<!-- This site is optimized with the Yoast SEO plugin v27.4 - https:\/\/yoast.com\/product\/yoast-seo-wordpress\/ -->\n<title>Reciplasa arranca dem\u00e0 la celebraci\u00f3 del seu 30 aniversari amb un important congr\u00e9s nacional sobre medi ambient - RECIPLASA<\/title>\n<meta name=\"description\" content=\"Les XXI Jornades ANEPMA atrauran a 500 professionals del sector i generaran un impacte econ\u00f2mic de 400.000 euros\" \/>\n<meta name=\"robots\" content=\"index, follow, max-snippet:-1, max-image-preview:large, max-video-preview:-1\" \/>\n<link rel=\"canonical\" href=\"https:\/\/www.reciplasa.es\/va\/reciplasa-arranca-dema-la-celebracio-del-seu-30-aniversari-amb-un-important-congres-nacional-sobre-medi-ambient\/\" \/>\n<meta property=\"og:locale\" content=\"en_US\" \/>\n<meta property=\"og:type\" content=\"article\" \/>\n<meta property=\"og:title\" content=\"Reciplasa arranca dem\u00e0 la celebraci\u00f3 del seu 30 aniversari amb un important congr\u00e9s nacional sobre medi ambient - RECIPLASA\" \/>\n<meta property=\"og:description\" content=\"Les XXI Jornades ANEPMA atrauran a 500 professionals del sector i generaran un impacte econ\u00f2mic de 400.000 euros\" \/>\n<meta property=\"og:url\" content=\"https:\/\/www.reciplasa.es\/va\/reciplasa-arranca-dema-la-celebracio-del-seu-30-aniversari-amb-un-important-congres-nacional-sobre-medi-ambient\/\" \/>\n<meta property=\"og:site_name\" content=\"RECIPLASA\" \/>\n<meta property=\"article:published_time\" content=\"2024-10-28T10:21:03+00:00\" \/>\n<meta property=\"article:modified_time\" content=\"2024-10-28T10:56:12+00:00\" \/>\n<meta property=\"og:image\" content=\"https:\/\/www.reciplasa.es\/wp-content\/uploads\/2024\/10\/Presentacion-ornadas-Anepma-Reciplasa.jpeg\" \/>\n\t<meta property=\"og:image:width\" content=\"1600\" \/>\n\t<meta property=\"og:image:height\" content=\"918\" \/>\n\t<meta property=\"og:image:type\" content=\"image\/jpeg\" \/>\n<meta name=\"author\" content=\"Sandra\" \/>\n<meta name=\"twitter:card\" content=\"summary_large_image\" \/>\n<meta name=\"twitter:label1\" content=\"Written by\" \/>\n\t<meta name=\"twitter:data1\" content=\"Sandra\" \/>\n\t<meta name=\"twitter:label2\" content=\"Est. reading time\" \/>\n\t<meta name=\"twitter:data2\" content=\"3 minutes\" \/>\n<script type=\"application\/ld+json\" class=\"yoast-schema-graph\">{\"@context\":\"https:\\\/\\\/schema.org\",\"@graph\":[{\"@type\":\"Article\",\"@id\":\"https:\\\/\\\/www.reciplasa.es\\\/va\\\/reciplasa-arranca-dema-la-celebracio-del-seu-30-aniversari-amb-un-important-congres-nacional-sobre-medi-ambient\\\/#article\",\"isPartOf\":{\"@id\":\"https:\\\/\\\/www.reciplasa.es\\\/va\\\/reciplasa-arranca-dema-la-celebracio-del-seu-30-aniversari-amb-un-important-congres-nacional-sobre-medi-ambient\\\/\"},\"author\":{\"name\":\"Sandra\",\"@id\":\"https:\\\/\\\/www.reciplasa.es\\\/#\\\/schema\\\/person\\\/15191934c9f5618dadb907c80c029c0b\"},\"headline\":\"Reciplasa arranca dem\u00e0 la celebraci\u00f3 del seu 30 aniversari amb un important congr\u00e9s nacional sobre medi ambient\",\"datePublished\":\"2024-10-28T10:21:03+00:00\",\"dateModified\":\"2024-10-28T10:56:12+00:00\",\"mainEntityOfPage\":{\"@id\":\"https:\\\/\\\/www.reciplasa.es\\\/va\\\/reciplasa-arranca-dema-la-celebracio-del-seu-30-aniversari-amb-un-important-congres-nacional-sobre-medi-ambient\\\/\"},\"wordCount\":718,\"image\":{\"@id\":\"https:\\\/\\\/www.reciplasa.es\\\/va\\\/reciplasa-arranca-dema-la-celebracio-del-seu-30-aniversari-amb-un-important-congres-nacional-sobre-medi-ambient\\\/#primaryimage\"},\"thumbnailUrl\":\"https:\\\/\\\/www.reciplasa.es\\\/wp-content\\\/uploads\\\/2024\\\/10\\\/Presentacion-ornadas-Anepma-Reciplasa.jpeg\",\"articleSection\":[\"Noticias corporativas\"],\"inLanguage\":\"va-VA\"},{\"@type\":\"WebPage\",\"@id\":\"https:\\\/\\\/www.reciplasa.es\\\/va\\\/reciplasa-arranca-dema-la-celebracio-del-seu-30-aniversari-amb-un-important-congres-nacional-sobre-medi-ambient\\\/\",\"url\":\"https:\\\/\\\/www.reciplasa.es\\\/va\\\/reciplasa-arranca-dema-la-celebracio-del-seu-30-aniversari-amb-un-important-congres-nacional-sobre-medi-ambient\\\/\",\"name\":\"Reciplasa arranca dem\u00e0 la celebraci\u00f3 del seu 30 aniversari amb un important congr\u00e9s nacional sobre medi ambient - RECIPLASA\",\"isPartOf\":{\"@id\":\"https:\\\/\\\/www.reciplasa.es\\\/#website\"},\"primaryImageOfPage\":{\"@id\":\"https:\\\/\\\/www.reciplasa.es\\\/va\\\/reciplasa-arranca-dema-la-celebracio-del-seu-30-aniversari-amb-un-important-congres-nacional-sobre-medi-ambient\\\/#primaryimage\"},\"image\":{\"@id\":\"https:\\\/\\\/www.reciplasa.es\\\/va\\\/reciplasa-arranca-dema-la-celebracio-del-seu-30-aniversari-amb-un-important-congres-nacional-sobre-medi-ambient\\\/#primaryimage\"},\"thumbnailUrl\":\"https:\\\/\\\/www.reciplasa.es\\\/wp-content\\\/uploads\\\/2024\\\/10\\\/Presentacion-ornadas-Anepma-Reciplasa.jpeg\",\"datePublished\":\"2024-10-28T10:21:03+00:00\",\"dateModified\":\"2024-10-28T10:56:12+00:00\",\"author\":{\"@id\":\"https:\\\/\\\/www.reciplasa.es\\\/#\\\/schema\\\/person\\\/15191934c9f5618dadb907c80c029c0b\"},\"description\":\"Les XXI Jornades ANEPMA atrauran a 500 professionals del sector i generaran un impacte econ\u00f2mic de 400.000 euros\",\"breadcrumb\":{\"@id\":\"https:\\\/\\\/www.reciplasa.es\\\/va\\\/reciplasa-arranca-dema-la-celebracio-del-seu-30-aniversari-amb-un-important-congres-nacional-sobre-medi-ambient\\\/#breadcrumb\"},\"inLanguage\":\"va-VA\",\"potentialAction\":[{\"@type\":\"ReadAction\",\"target\":[\"https:\\\/\\\/www.reciplasa.es\\\/va\\\/reciplasa-arranca-dema-la-celebracio-del-seu-30-aniversari-amb-un-important-congres-nacional-sobre-medi-ambient\\\/\"]}]},{\"@type\":\"ImageObject\",\"inLanguage\":\"va-VA\",\"@id\":\"https:\\\/\\\/www.reciplasa.es\\\/va\\\/reciplasa-arranca-dema-la-celebracio-del-seu-30-aniversari-amb-un-important-congres-nacional-sobre-medi-ambient\\\/#primaryimage\",\"url\":\"https:\\\/\\\/www.reciplasa.es\\\/wp-content\\\/uploads\\\/2024\\\/10\\\/Presentacion-ornadas-Anepma-Reciplasa.jpeg\",\"contentUrl\":\"https:\\\/\\\/www.reciplasa.es\\\/wp-content\\\/uploads\\\/2024\\\/10\\\/Presentacion-ornadas-Anepma-Reciplasa.jpeg\",\"width\":1600,\"height\":918},{\"@type\":\"BreadcrumbList\",\"@id\":\"https:\\\/\\\/www.reciplasa.es\\\/va\\\/reciplasa-arranca-dema-la-celebracio-del-seu-30-aniversari-amb-un-important-congres-nacional-sobre-medi-ambient\\\/#breadcrumb\",\"itemListElement\":[{\"@type\":\"ListItem\",\"position\":1,\"name\":\"Portada\",\"item\":\"https:\\\/\\\/www.reciplasa.es\\\/va\\\/\"},{\"@type\":\"ListItem\",\"position\":2,\"name\":\"Reciplasa arranca dem\u00e0 la celebraci\u00f3 del seu 30 aniversari amb un important congr\u00e9s nacional sobre medi ambient\"}]},{\"@type\":\"WebSite\",\"@id\":\"https:\\\/\\\/www.reciplasa.es\\\/#website\",\"url\":\"https:\\\/\\\/www.reciplasa.es\\\/\",\"name\":\"RECIPLASA\",\"description\":\"Reciclats de Residus La Plana SA\",\"potentialAction\":[{\"@type\":\"SearchAction\",\"target\":{\"@type\":\"EntryPoint\",\"urlTemplate\":\"https:\\\/\\\/www.reciplasa.es\\\/?s={search_term_string}\"},\"query-input\":{\"@type\":\"PropertyValueSpecification\",\"valueRequired\":true,\"valueName\":\"search_term_string\"}}],\"inLanguage\":\"va-VA\"},{\"@type\":\"Person\",\"@id\":\"https:\\\/\\\/www.reciplasa.es\\\/#\\\/schema\\\/person\\\/15191934c9f5618dadb907c80c029c0b\",\"name\":\"Sandra\",\"image\":{\"@type\":\"ImageObject\",\"inLanguage\":\"va-VA\",\"@id\":\"https:\\\/\\\/secure.gravatar.com\\\/avatar\\\/605ca84bedd79915b697a46887df8ccd0249fb6f2a1bbcd0bfc66c91d997ae51?s=96&d=mm&r=g\",\"url\":\"https:\\\/\\\/secure.gravatar.com\\\/avatar\\\/605ca84bedd79915b697a46887df8ccd0249fb6f2a1bbcd0bfc66c91d997ae51?s=96&d=mm&r=g\",\"contentUrl\":\"https:\\\/\\\/secure.gravatar.com\\\/avatar\\\/605ca84bedd79915b697a46887df8ccd0249fb6f2a1bbcd0bfc66c91d997ae51?s=96&d=mm&r=g\",\"caption\":\"Sandra\"},\"url\":\"https:\\\/\\\/www.reciplasa.es\\\/va\\\/author\\\/sandra\\\/\"}]}<\/script>\n<!-- \/ Yoast SEO plugin. -->","yoast_head_json":{"title":"Reciplasa arranca dem\u00e0 la celebraci\u00f3 del seu 30 aniversari amb un important congr\u00e9s nacional sobre medi ambient - RECIPLASA","description":"Les XXI Jornades ANEPMA atrauran a 500 professionals del sector i generaran un impacte econ\u00f2mic de 400.000 euros","robots":{"index":"index","follow":"follow","max-snippet":"max-snippet:-1","max-image-preview":"max-image-preview:large","max-video-preview":"max-video-preview:-1"},"canonical":"https:\/\/www.reciplasa.es\/va\/reciplasa-arranca-dema-la-celebracio-del-seu-30-aniversari-amb-un-important-congres-nacional-sobre-medi-ambient\/","og_locale":"en_US","og_type":"article","og_title":"Reciplasa arranca dem\u00e0 la celebraci\u00f3 del seu 30 aniversari amb un important congr\u00e9s nacional sobre medi ambient - RECIPLASA","og_description":"Les XXI Jornades ANEPMA atrauran a 500 professionals del sector i generaran un impacte econ\u00f2mic de 400.000 euros","og_url":"https:\/\/www.reciplasa.es\/va\/reciplasa-arranca-dema-la-celebracio-del-seu-30-aniversari-amb-un-important-congres-nacional-sobre-medi-ambient\/","og_site_name":"RECIPLASA","article_published_time":"2024-10-28T10:21:03+00:00","article_modified_time":"2024-10-28T10:56:12+00:00","og_image":[{"width":1600,"height":918,"url":"https:\/\/www.reciplasa.es\/wp-content\/uploads\/2024\/10\/Presentacion-ornadas-Anepma-Reciplasa.jpeg","type":"image\/jpeg"}],"author":"Sandra","twitter_card":"summary_large_image","twitter_misc":{"Written by":"Sandra","Est. reading time":"3 minutes"},"schema":{"@context":"https:\/\/schema.org","@graph":[{"@type":"Article","@id":"https:\/\/www.reciplasa.es\/va\/reciplasa-arranca-dema-la-celebracio-del-seu-30-aniversari-amb-un-important-congres-nacional-sobre-medi-ambient\/#article","isPartOf":{"@id":"https:\/\/www.reciplasa.es\/va\/reciplasa-arranca-dema-la-celebracio-del-seu-30-aniversari-amb-un-important-congres-nacional-sobre-medi-ambient\/"},"author":{"name":"Sandra","@id":"https:\/\/www.reciplasa.es\/#\/schema\/person\/15191934c9f5618dadb907c80c029c0b"},"headline":"Reciplasa arranca dem\u00e0 la celebraci\u00f3 del seu 30 aniversari amb un important congr\u00e9s nacional sobre medi ambient","datePublished":"2024-10-28T10:21:03+00:00","dateModified":"2024-10-28T10:56:12+00:00","mainEntityOfPage":{"@id":"https:\/\/www.reciplasa.es\/va\/reciplasa-arranca-dema-la-celebracio-del-seu-30-aniversari-amb-un-important-congres-nacional-sobre-medi-ambient\/"},"wordCount":718,"image":{"@id":"https:\/\/www.reciplasa.es\/va\/reciplasa-arranca-dema-la-celebracio-del-seu-30-aniversari-amb-un-important-congres-nacional-sobre-medi-ambient\/#primaryimage"},"thumbnailUrl":"https:\/\/www.reciplasa.es\/wp-content\/uploads\/2024\/10\/Presentacion-ornadas-Anepma-Reciplasa.jpeg","articleSection":["Noticias corporativas"],"inLanguage":"va-VA"},{"@type":"WebPage","@id":"https:\/\/www.reciplasa.es\/va\/reciplasa-arranca-dema-la-celebracio-del-seu-30-aniversari-amb-un-important-congres-nacional-sobre-medi-ambient\/","url":"https:\/\/www.reciplasa.es\/va\/reciplasa-arranca-dema-la-celebracio-del-seu-30-aniversari-amb-un-important-congres-nacional-sobre-medi-ambient\/","name":"Reciplasa arranca dem\u00e0 la celebraci\u00f3 del seu 30 aniversari amb un important congr\u00e9s nacional sobre medi ambient - RECIPLASA","isPartOf":{"@id":"https:\/\/www.reciplasa.es\/#website"},"primaryImageOfPage":{"@id":"https:\/\/www.reciplasa.es\/va\/reciplasa-arranca-dema-la-celebracio-del-seu-30-aniversari-amb-un-important-congres-nacional-sobre-medi-ambient\/#primaryimage"},"image":{"@id":"https:\/\/www.reciplasa.es\/va\/reciplasa-arranca-dema-la-celebracio-del-seu-30-aniversari-amb-un-important-congres-nacional-sobre-medi-ambient\/#primaryimage"},"thumbnailUrl":"https:\/\/www.reciplasa.es\/wp-content\/uploads\/2024\/10\/Presentacion-ornadas-Anepma-Reciplasa.jpeg","datePublished":"2024-10-28T10:21:03+00:00","dateModified":"2024-10-28T10:56:12+00:00","author":{"@id":"https:\/\/www.reciplasa.es\/#\/schema\/person\/15191934c9f5618dadb907c80c029c0b"},"description":"Les XXI Jornades ANEPMA atrauran a 500 professionals del sector i generaran un impacte econ\u00f2mic de 400.000 euros","breadcrumb":{"@id":"https:\/\/www.reciplasa.es\/va\/reciplasa-arranca-dema-la-celebracio-del-seu-30-aniversari-amb-un-important-congres-nacional-sobre-medi-ambient\/#breadcrumb"},"inLanguage":"va-VA","potentialAction":[{"@type":"ReadAction","target":["https:\/\/www.reciplasa.es\/va\/reciplasa-arranca-dema-la-celebracio-del-seu-30-aniversari-amb-un-important-congres-nacional-sobre-medi-ambient\/"]}]},{"@type":"ImageObject","inLanguage":"va-VA","@id":"https:\/\/www.reciplasa.es\/va\/reciplasa-arranca-dema-la-celebracio-del-seu-30-aniversari-amb-un-important-congres-nacional-sobre-medi-ambient\/#primaryimage","url":"https:\/\/www.reciplasa.es\/wp-content\/uploads\/2024\/10\/Presentacion-ornadas-Anepma-Reciplasa.jpeg","contentUrl":"https:\/\/www.reciplasa.es\/wp-content\/uploads\/2024\/10\/Presentacion-ornadas-Anepma-Reciplasa.jpeg","width":1600,"height":918},{"@type":"BreadcrumbList","@id":"https:\/\/www.reciplasa.es\/va\/reciplasa-arranca-dema-la-celebracio-del-seu-30-aniversari-amb-un-important-congres-nacional-sobre-medi-ambient\/#breadcrumb","itemListElement":[{"@type":"ListItem","position":1,"name":"Portada","item":"https:\/\/www.reciplasa.es\/va\/"},{"@type":"ListItem","position":2,"name":"Reciplasa arranca dem\u00e0 la celebraci\u00f3 del seu 30 aniversari amb un important congr\u00e9s nacional sobre medi ambient"}]},{"@type":"WebSite","@id":"https:\/\/www.reciplasa.es\/#website","url":"https:\/\/www.reciplasa.es\/","name":"RECIPLASA","description":"Reciclats de Residus La Plana SA","potentialAction":[{"@type":"SearchAction","target":{"@type":"EntryPoint","urlTemplate":"https:\/\/www.reciplasa.es\/?s={search_term_string}"},"query-input":{"@type":"PropertyValueSpecification","valueRequired":true,"valueName":"search_term_string"}}],"inLanguage":"va-VA"},{"@type":"Person","@id":"https:\/\/www.reciplasa.es\/#\/schema\/person\/15191934c9f5618dadb907c80c029c0b","name":"Sandra","image":{"@type":"ImageObject","inLanguage":"va-VA","@id":"https:\/\/secure.gravatar.com\/avatar\/605ca84bedd79915b697a46887df8ccd0249fb6f2a1bbcd0bfc66c91d997ae51?s=96&d=mm&r=g","url":"https:\/\/secure.gravatar.com\/avatar\/605ca84bedd79915b697a46887df8ccd0249fb6f2a1bbcd0bfc66c91d997ae51?s=96&d=mm&r=g","contentUrl":"https:\/\/secure.gravatar.com\/avatar\/605ca84bedd79915b697a46887df8ccd0249fb6f2a1bbcd0bfc66c91d997ae51?s=96&d=mm&r=g","caption":"Sandra"},"url":"https:\/\/www.reciplasa.es\/va\/author\/sandra\/"}]}},"_links":{"self":[{"href":"https:\/\/www.reciplasa.es\/va\/wp-json\/wp\/v2\/posts\/16424","targetHints":{"allow":["GET"]}}],"collection":[{"href":"https:\/\/www.reciplasa.es\/va\/wp-json\/wp\/v2\/posts"}],"about":[{"href":"https:\/\/www.reciplasa.es\/va\/wp-json\/wp\/v2\/types\/post"}],"author":[{"embeddable":true,"href":"https:\/\/www.reciplasa.es\/va\/wp-json\/wp\/v2\/users\/13"}],"replies":[{"embeddable":true,"href":"https:\/\/www.reciplasa.es\/va\/wp-json\/wp\/v2\/comments?post=16424"}],"version-history":[{"count":1,"href":"https:\/\/www.reciplasa.es\/va\/wp-json\/wp\/v2\/posts\/16424\/revisions"}],"predecessor-version":[{"id":16425,"href":"https:\/\/www.reciplasa.es\/va\/wp-json\/wp\/v2\/posts\/16424\/revisions\/16425"}],"wp:featuredmedia":[{"embeddable":true,"href":"https:\/\/www.reciplasa.es\/va\/wp-json\/wp\/v2\/media\/16422"}],"wp:attachment":[{"href":"https:\/\/www.reciplasa.es\/va\/wp-json\/wp\/v2\/media?parent=16424"}],"wp:term":[{"taxonomy":"category","embeddable":true,"href":"https:\/\/www.reciplasa.es\/va\/wp-json\/wp\/v2\/categories?post=16424"},{"taxonomy":"post_tag","embeddable":true,"href":"https:\/\/www.reciplasa.es\/va\/wp-json\/wp\/v2\/tags?post=16424"}],"curies":[{"name":"wp","href":"https:\/\/api.w.org\/{rel}","templated":true}]}}